{"id":205587,"date":"2021-04-01T14:20:35","date_gmt":"2021-04-01T14:20:35","guid":{"rendered":"https:\/\/www.meydan.tv\/article\/eurovision-yarismasina-tamasacilarin-qatilmasina-icaze-vere-biler\/"},"modified":"2021-04-01T14:20:35","modified_gmt":"2021-04-01T14:20:35","slug":"eurovision-yarismasina-tamasacilarin-qatilmasina-icaze-vere-biler","status":"publish","type":"post","link":"https:\/\/www.meydan.tv\/az\/article\/eurovision-yarismasina-tamasacilarin-qatilmasina-icaze-vere-biler\/","title":{"rendered":"\u201cEurovision\u201d yar\u0131\u015fmas\u0131na tama\u015fa\u00e7\u0131lar\u0131n qat\u0131lmas\u0131na icaz\u0259 ver\u0259 bil\u0259r"},"content":{"rendered":"<p>\n  <i><br \/>\n    Zala daxil olmaq \u00fc\u00e7\u00fcn tama\u015fa\u00e7\u0131lardan COV\u0130D-19 testinin neqativ cavab\u0131 t\u0259l\u0259b olunacaq<br \/>\n  <\/i>\n<\/p>\n<p>\n  Niderland r\u0259smil\u0259ri COVID-19 pandemiyas\u0131 fonunda k\u00fctl\u0259vi t\u0259dbirl\u0259rin t\u0259hl\u00fck\u0259sizliyini yoxlamaq m\u0259qs\u0259dil\u0259, mayda ke\u00e7iril\u0259c\u0259k \u201cEurovision\u201d yar\u0131\u015fmas\u0131na tama\u015fa\u00e7\u0131lar\u0131n qat\u0131lmas\u0131na icaz\u0259 ver\u0259 bil\u0259r.\n<\/p>\n<p>\n  Niderland Yay\u0131m Korporasiyas\u0131 (NOS) is\u0259 pandemiya \u015f\u0259raitind\u0259 k\u00fctl\u0259vi t\u0259dbirl\u0259rin t\u0259hl\u00fck\u0259siz \u015f\u0259raitd\u0259 ke\u00e7irilm\u0259si prosesini \u00f6yr\u0259nm\u0259k m\u0259qs\u0259dil\u0259 h\u00f6kum\u0259tin bu<br \/>\n  <a href=\"https:\/\/ria.ru\/20210401\/evrovidenie-1603765890.html\"><br \/>\n    q\u0259rar<br \/>\n  <\/a><br \/>\n  \u0131 verdiyini a\u00e7\u0131qlay\u0131b.\n<\/p>\n<p>\n  Alt\u0131 m\u0259\u015fq, iki yar\u0131mfinal v\u0259 finaldan ibar\u0259t doqquz \u015founun h\u0259r birind\u0259 eyni vaxtda 3,5 min n\u0259f\u0259r i\u015ftirak ed\u0259c\u0259k. Zala daxil olmaq \u00fc\u00e7\u00fcn tama\u015fa\u00e7\u0131lardan COV\u0130D-19 testinin neqativ cavab\u0131 t\u0259l\u0259b olunacaq.\n<\/p>\n<p>\n  \u201cH\u00f6kum\u0259tin bu q\u0259rar\u0131n\u0131 alq\u0131\u015flay\u0131r\u0131q, yar\u0131\u015fmada tama\u015fa\u00e7\u0131lar\u0131n i\u015ftirak\u0131 do\u011fru add\u0131md\u0131r\u201d, &#8211; \u201cEurovision\u201dun icra\u00e7\u0131 direktoru Martin Osterdal deyib.\n<\/p>\n<p>\n  \u00d6lk\u0259d\u0259 virusun art\u0131m tempi y\u00fcks\u0259ldiyi t\u0259qdird\u0259 yar\u0131\u015fman\u0131n yaln\u0131z televiziya il\u0259 n\u00fcmayi\u015fi d\u0259 istisna edilmir.\n<\/p>\n<p>\n  Yeni n\u00f6v koronavirus pandemiyas\u0131 il\u0259 \u0259laq\u0259dar 2020-ci ild\u0259 l\u0259\u011fv edil\u0259n \u201cEurovision\u201d mahn\u0131 yar\u0131\u015fmas\u0131 bu il may\u0131n 18-d\u0259n 22-d\u0259k Rotterdam \u015f\u0259h\u0259rind\u0259ki \u201cAhoy\u201d arenas\u0131nda ke\u00e7iril\u0259c\u0259k.\n<\/p>\n<p>\n  M\u00fcsabiq\u0259d\u0259 Az\u0259rbaycan Samir\u0259 \u018ff\u0259ndinin \u201cMata Hari\u201d mahn\u0131s\u0131 il\u0259 t\u0259msil olunacaq. \u0130fa\u00e7\u0131 s\u0259hn\u0259y\u0259 birinci yar\u0131mfinalda 14 n\u00f6mr\u0259 alt\u0131nda \u00e7\u0131xacaq.\n<\/p>\n<p>\n  65-ci d\u0259f\u0259dir realla\u015fan yar\u0131\u015fman\u0131n birinci yar\u0131mfinal\u0131nda 16, ikincisind\u0259 is\u0259 17 \u00f6lk\u0259 yer alacaq. H\u0259r iki yar\u0131mfinaldan 10 n\u0259f\u0259r finala v\u0259siq\u0259 qazanacaq.\n<\/p>\n<p>\n  Birinci yar\u0131mfinalda Litva, Sloveniya, Rusiya, \u0130sve\u00e7, Avstraliya, \u015eimali Makedoniya, \u0130rlandiya, Kipr, Norve\u00e7, Xorvatiya, Bel\u00e7ika, \u0130srail, Rum\u0131niya, Az\u0259rbaycan, Ukrayna, Malta, ikinci yar\u0131mfinalda is\u0259 San \u2013Marino, Estoniya, \u00c7exiya, Yunan\u0131stan, Avstrya, Pol\u015fa, Moldova, \u0130slandiya, Serbiya, G\u00fcrc\u00fcstan, Albaniya, Portuqaliya, Bolqar\u0131stan, Finlandiya, Latviya, \u0130sve\u00e7r\u0259, Danimarka \u00e7\u0131x\u0131\u015f ed\u0259c\u0259k.<\/p>\n","protected":false},"excerpt":{"rendered":"<p>\u201cH\u00f6kum\u0259tin bu q\u0259rar\u0131n\u0131 alq\u0131\u015flay\u0131r\u0131q, yar\u0131\u015fmada tama\u015fa\u00e7\u0131lar\u0131n i\u015ftirak\u0131 do\u011fru add\u0131md\u0131r\u201d, &#8211; \u201cEurovision\u201dun icra\u00e7\u0131 direktoru Martin Osterdal deyib.<\/p>\n","protected":false},"author":11,"featured_media":138336,"comment_status":"closed","ping_status":"open","sticky":false,"template":"","format":"standard","meta":{"_acf_changed":false,"_sitemap_exclude":false,"_sitemap_priority":"","_sitemap_frequency":"","footnotes":""},"categories":[52],"tags":[],"class_list":["post-205587","post","type-post","status-publish","format-standard","has-post-thumbnail","hentry","category-medeniyyet","infinite-scroll-item","generate-columns","tablet-grid-50","mobile-grid-100","grid-parent","grid-33","no-featured-image-padding"],"acf":[],"yoast_head":"<!-- This site is optimized with the Yoast SEO plugin v27.4 - https:\/\/yoast.com\/product\/yoast-seo-wordpress\/ -->\n<title>\u201cEurovision\u201d yar\u0131\u015fmas\u0131na tama\u015fa\u00e7\u0131lar\u0131n qat\u0131lmas\u0131na icaz\u0259 ver\u0259 bil\u0259r - MEYDAN.TV<\/title>\n<meta name=\"robots\" content=\"index, follow, max-snippet:-1, max-image-preview:large, max-video-preview:-1\" \/>\n<link rel=\"canonical\" href=\"https:\/\/www.meydan.tv\/az\/article\/eurovision-yarismasina-tamasacilarin-qatilmasina-icaze-vere-biler\/\" \/>\n<meta property=\"og:locale\" content=\"az_AZ\" \/>\n<meta property=\"og:type\" content=\"article\" \/>\n<meta property=\"og:title\" content=\"\u201cEurovision\u201d yar\u0131\u015fmas\u0131na tama\u015fa\u00e7\u0131lar\u0131n qat\u0131lmas\u0131na icaz\u0259 ver\u0259 bil\u0259r - MEYDAN.TV\" \/>\n<meta property=\"og:description\" content=\"\u201cH\u00f6kum\u0259tin bu q\u0259rar\u0131n\u0131 alq\u0131\u015flay\u0131r\u0131q, yar\u0131\u015fmada tama\u015fa\u00e7\u0131lar\u0131n i\u015ftirak\u0131 do\u011fru add\u0131md\u0131r\u201d, - \u201cEurovision\u201dun icra\u00e7\u0131 direktoru Martin Osterdal deyib.\" \/>\n<meta property=\"og:url\" content=\"https:\/\/www.meydan.tv\/az\/article\/eurovision-yarismasina-tamasacilarin-qatilmasina-icaze-vere-biler\/\" \/>\n<meta property=\"og:site_name\" content=\"MEYDAN.TV\" \/>\n<meta property=\"article:published_time\" content=\"2021-04-01T14:20:35+00:00\" \/>\n<meta property=\"og:image\" content=\"https:\/\/www.meydan.tv\/wp-content\/uploads\/eurovision2020.jpg\" \/>\n\t<meta property=\"og:image:width\" content=\"764\" \/>\n\t<meta property=\"og:image:height\" content=\"480\" \/>\n\t<meta property=\"og:image:type\" content=\"image\/jpeg\" \/>\n<meta name=\"author\" content=\"user-manager\" \/>\n<meta name=\"twitter:card\" content=\"summary_large_image\" \/>\n<script type=\"application\/ld+json\" class=\"yoast-schema-graph\">{\"@context\":\"https:\\\/\\\/schema.org\",\"@graph\":[{\"@type\":\"Article\",\"@id\":\"https:\\\/\\\/www.meydan.tv\\\/az\\\/article\\\/eurovision-yarismasina-tamasacilarin-qatilmasina-icaze-vere-biler\\\/#article\",\"isPartOf\":{\"@id\":\"https:\\\/\\\/www.meydan.tv\\\/az\\\/article\\\/eurovision-yarismasina-tamasacilarin-qatilmasina-icaze-vere-biler\\\/\"},\"author\":{\"name\":\"user-manager\",\"@id\":\"https:\\\/\\\/www.meydan.tv\\\/az\\\/#\\\/schema\\\/person\\\/10d11eccf6da3662cf5fdab9806ea91a\"},\"headline\":\"\u201cEurovision\u201d yar\u0131\u015fmas\u0131na tama\u015fa\u00e7\u0131lar\u0131n qat\u0131lmas\u0131na icaz\u0259 ver\u0259 bil\u0259r\",\"datePublished\":\"2021-04-01T14:20:35+00:00\",\"mainEntityOfPage\":{\"@id\":\"https:\\\/\\\/www.meydan.tv\\\/az\\\/article\\\/eurovision-yarismasina-tamasacilarin-qatilmasina-icaze-vere-biler\\\/\"},\"wordCount\":359,\"publisher\":{\"@id\":\"https:\\\/\\\/www.meydan.tv\\\/az\\\/#organization\"},\"image\":{\"@id\":\"https:\\\/\\\/www.meydan.tv\\\/az\\\/article\\\/eurovision-yarismasina-tamasacilarin-qatilmasina-icaze-vere-biler\\\/#primaryimage\"},\"thumbnailUrl\":\"https:\\\/\\\/www.meydan.tv\\\/wp-content\\\/uploads\\\/eurovision2020.jpg\",\"articleSection\":[\"M\u0259d\u0259niyy\u0259t\"],\"inLanguage\":\"az\"},{\"@type\":\"WebPage\",\"@id\":\"https:\\\/\\\/www.meydan.tv\\\/az\\\/article\\\/eurovision-yarismasina-tamasacilarin-qatilmasina-icaze-vere-biler\\\/\",\"url\":\"https:\\\/\\\/www.meydan.tv\\\/az\\\/article\\\/eurovision-yarismasina-tamasacilarin-qatilmasina-icaze-vere-biler\\\/\",\"name\":\"\u201cEurovision\u201d yar\u0131\u015fmas\u0131na tama\u015fa\u00e7\u0131lar\u0131n qat\u0131lmas\u0131na icaz\u0259 ver\u0259 bil\u0259r - MEYDAN.TV\",\"isPartOf\":{\"@id\":\"https:\\\/\\\/www.meydan.tv\\\/az\\\/#website\"},\"primaryImageOfPage\":{\"@id\":\"https:\\\/\\\/www.meydan.tv\\\/az\\\/article\\\/eurovision-yarismasina-tamasacilarin-qatilmasina-icaze-vere-biler\\\/#primaryimage\"},\"image\":{\"@id\":\"https:\\\/\\\/www.meydan.tv\\\/az\\\/article\\\/eurovision-yarismasina-tamasacilarin-qatilmasina-icaze-vere-biler\\\/#primaryimage\"},\"thumbnailUrl\":\"https:\\\/\\\/www.meydan.tv\\\/wp-content\\\/uploads\\\/eurovision2020.jpg\",\"datePublished\":\"2021-04-01T14:20:35+00:00\",\"breadcrumb\":{\"@id\":\"https:\\\/\\\/www.meydan.tv\\\/az\\\/article\\\/eurovision-yarismasina-tamasacilarin-qatilmasina-icaze-vere-biler\\\/#breadcrumb\"},\"inLanguage\":\"az\",\"potentialAction\":[{\"@type\":\"ReadAction\",\"target\":[\"https:\\\/\\\/www.meydan.tv\\\/az\\\/article\\\/eurovision-yarismasina-tamasacilarin-qatilmasina-icaze-vere-biler\\\/\"]}]},{\"@type\":\"ImageObject\",\"inLanguage\":\"az\",\"@id\":\"https:\\\/\\\/www.meydan.tv\\\/az\\\/article\\\/eurovision-yarismasina-tamasacilarin-qatilmasina-icaze-vere-biler\\\/#primaryimage\",\"url\":\"https:\\\/\\\/www.meydan.tv\\\/wp-content\\\/uploads\\\/eurovision2020.jpg\",\"contentUrl\":\"https:\\\/\\\/www.meydan.tv\\\/wp-content\\\/uploads\\\/eurovision2020.jpg\",\"width\":764,\"height\":480,\"caption\":\"Source: Meydan TV\"},{\"@type\":\"BreadcrumbList\",\"@id\":\"https:\\\/\\\/www.meydan.tv\\\/az\\\/article\\\/eurovision-yarismasina-tamasacilarin-qatilmasina-icaze-vere-biler\\\/#breadcrumb\",\"itemListElement\":[{\"@type\":\"ListItem\",\"position\":1,\"name\":\"Ana s\u0259hif\u0259\",\"item\":\"https:\\\/\\\/www.meydan.tv\\\/az\\\/\"},{\"@type\":\"ListItem\",\"position\":2,\"name\":\"M\u0259d\u0259niyy\u0259t\",\"item\":\"https:\\\/\\\/www.meydan.tv\\\/az\\\/section\\\/medeniyyet\\\/\"},{\"@type\":\"ListItem\",\"position\":3,\"name\":\"\u201cEurovision\u201d yar\u0131\u015fmas\u0131na tama\u015fa\u00e7\u0131lar\u0131n qat\u0131lmas\u0131na icaz\u0259 ver\u0259 bil\u0259r\"}]},{\"@type\":\"WebSite\",\"@id\":\"https:\\\/\\\/www.meydan.tv\\\/az\\\/#website\",\"url\":\"https:\\\/\\\/www.meydan.tv\\\/az\\\/\",\"name\":\"MEYDAN.TV\",\"description\":\"Meydan TV Az\u0259rbaycan\u0131n media m\u0259kan\u0131ndak\u0131 alternativ s\u0259sidir\",\"publisher\":{\"@id\":\"https:\\\/\\\/www.meydan.tv\\\/az\\\/#organization\"},\"potentialAction\":[{\"@type\":\"SearchAction\",\"target\":{\"@type\":\"EntryPoint\",\"urlTemplate\":\"https:\\\/\\\/www.meydan.tv\\\/az\\\/?s={search_term_string}\"},\"query-input\":{\"@type\":\"PropertyValueSpecification\",\"valueRequired\":true,\"valueName\":\"search_term_string\"}}],\"inLanguage\":\"az\"},{\"@type\":\"Organization\",\"@id\":\"https:\\\/\\\/www.meydan.tv\\\/az\\\/#organization\",\"name\":\"Meydan TV\",\"url\":\"https:\\\/\\\/www.meydan.tv\\\/az\\\/\",\"logo\":{\"@type\":\"ImageObject\",\"inLanguage\":\"az\",\"@id\":\"https:\\\/\\\/www.meydan.tv\\\/az\\\/#\\\/schema\\\/logo\\\/image\\\/\",\"url\":\"https:\\\/\\\/www.meydan.tv\\\/wp-content\\\/uploads\\\/2021\\\/07\\\/meydan-logo.svg\",\"contentUrl\":\"https:\\\/\\\/www.meydan.tv\\\/wp-content\\\/uploads\\\/2021\\\/07\\\/meydan-logo.svg\",\"width\":195,\"height\":46,\"caption\":\"Meydan TV\"},\"image\":{\"@id\":\"https:\\\/\\\/www.meydan.tv\\\/az\\\/#\\\/schema\\\/logo\\\/image\\\/\"}},{\"@type\":\"Person\",\"@id\":\"https:\\\/\\\/www.meydan.tv\\\/az\\\/#\\\/schema\\\/person\\\/10d11eccf6da3662cf5fdab9806ea91a\",\"name\":\"user-manager\"}]}<\/script>\n<!-- \/ Yoast SEO plugin. -->","yoast_head_json":{"title":"\u201cEurovision\u201d yar\u0131\u015fmas\u0131na tama\u015fa\u00e7\u0131lar\u0131n qat\u0131lmas\u0131na icaz\u0259 ver\u0259 bil\u0259r - MEYDAN.TV","robots":{"index":"index","follow":"follow","max-snippet":"max-snippet:-1","max-image-preview":"max-image-preview:large","max-video-preview":"max-video-preview:-1"},"canonical":"https:\/\/www.meydan.tv\/az\/article\/eurovision-yarismasina-tamasacilarin-qatilmasina-icaze-vere-biler\/","og_locale":"az_AZ","og_type":"article","og_title":"\u201cEurovision\u201d yar\u0131\u015fmas\u0131na tama\u015fa\u00e7\u0131lar\u0131n qat\u0131lmas\u0131na icaz\u0259 ver\u0259 bil\u0259r - MEYDAN.TV","og_description":"\u201cH\u00f6kum\u0259tin bu q\u0259rar\u0131n\u0131 alq\u0131\u015flay\u0131r\u0131q, yar\u0131\u015fmada tama\u015fa\u00e7\u0131lar\u0131n i\u015ftirak\u0131 do\u011fru add\u0131md\u0131r\u201d, - \u201cEurovision\u201dun icra\u00e7\u0131 direktoru Martin Osterdal deyib.","og_url":"https:\/\/www.meydan.tv\/az\/article\/eurovision-yarismasina-tamasacilarin-qatilmasina-icaze-vere-biler\/","og_site_name":"MEYDAN.TV","article_published_time":"2021-04-01T14:20:35+00:00","og_image":[{"width":764,"height":480,"url":"https:\/\/www.meydan.tv\/wp-content\/uploads\/eurovision2020.jpg","type":"image\/jpeg"}],"author":"user-manager","twitter_card":"summary_large_image","schema":{"@context":"https:\/\/schema.org","@graph":[{"@type":"Article","@id":"https:\/\/www.meydan.tv\/az\/article\/eurovision-yarismasina-tamasacilarin-qatilmasina-icaze-vere-biler\/#article","isPartOf":{"@id":"https:\/\/www.meydan.tv\/az\/article\/eurovision-yarismasina-tamasacilarin-qatilmasina-icaze-vere-biler\/"},"author":{"name":"user-manager","@id":"https:\/\/www.meydan.tv\/az\/#\/schema\/person\/10d11eccf6da3662cf5fdab9806ea91a"},"headline":"\u201cEurovision\u201d yar\u0131\u015fmas\u0131na tama\u015fa\u00e7\u0131lar\u0131n qat\u0131lmas\u0131na icaz\u0259 ver\u0259 bil\u0259r","datePublished":"2021-04-01T14:20:35+00:00","mainEntityOfPage":{"@id":"https:\/\/www.meydan.tv\/az\/article\/eurovision-yarismasina-tamasacilarin-qatilmasina-icaze-vere-biler\/"},"wordCount":359,"publisher":{"@id":"https:\/\/www.meydan.tv\/az\/#organization"},"image":{"@id":"https:\/\/www.meydan.tv\/az\/article\/eurovision-yarismasina-tamasacilarin-qatilmasina-icaze-vere-biler\/#primaryimage"},"thumbnailUrl":"https:\/\/www.meydan.tv\/wp-content\/uploads\/eurovision2020.jpg","articleSection":["M\u0259d\u0259niyy\u0259t"],"inLanguage":"az"},{"@type":"WebPage","@id":"https:\/\/www.meydan.tv\/az\/article\/eurovision-yarismasina-tamasacilarin-qatilmasina-icaze-vere-biler\/","url":"https:\/\/www.meydan.tv\/az\/article\/eurovision-yarismasina-tamasacilarin-qatilmasina-icaze-vere-biler\/","name":"\u201cEurovision\u201d yar\u0131\u015fmas\u0131na tama\u015fa\u00e7\u0131lar\u0131n qat\u0131lmas\u0131na icaz\u0259 ver\u0259 bil\u0259r - MEYDAN.TV","isPartOf":{"@id":"https:\/\/www.meydan.tv\/az\/#website"},"primaryImageOfPage":{"@id":"https:\/\/www.meydan.tv\/az\/article\/eurovision-yarismasina-tamasacilarin-qatilmasina-icaze-vere-biler\/#primaryimage"},"image":{"@id":"https:\/\/www.meydan.tv\/az\/article\/eurovision-yarismasina-tamasacilarin-qatilmasina-icaze-vere-biler\/#primaryimage"},"thumbnailUrl":"https:\/\/www.meydan.tv\/wp-content\/uploads\/eurovision2020.jpg","datePublished":"2021-04-01T14:20:35+00:00","breadcrumb":{"@id":"https:\/\/www.meydan.tv\/az\/article\/eurovision-yarismasina-tamasacilarin-qatilmasina-icaze-vere-biler\/#breadcrumb"},"inLanguage":"az","potentialAction":[{"@type":"ReadAction","target":["https:\/\/www.meydan.tv\/az\/article\/eurovision-yarismasina-tamasacilarin-qatilmasina-icaze-vere-biler\/"]}]},{"@type":"ImageObject","inLanguage":"az","@id":"https:\/\/www.meydan.tv\/az\/article\/eurovision-yarismasina-tamasacilarin-qatilmasina-icaze-vere-biler\/#primaryimage","url":"https:\/\/www.meydan.tv\/wp-content\/uploads\/eurovision2020.jpg","contentUrl":"https:\/\/www.meydan.tv\/wp-content\/uploads\/eurovision2020.jpg","width":764,"height":480,"caption":"Source: Meydan TV"},{"@type":"BreadcrumbList","@id":"https:\/\/www.meydan.tv\/az\/article\/eurovision-yarismasina-tamasacilarin-qatilmasina-icaze-vere-biler\/#breadcrumb","itemListElement":[{"@type":"ListItem","position":1,"name":"Ana s\u0259hif\u0259","item":"https:\/\/www.meydan.tv\/az\/"},{"@type":"ListItem","position":2,"name":"M\u0259d\u0259niyy\u0259t","item":"https:\/\/www.meydan.tv\/az\/section\/medeniyyet\/"},{"@type":"ListItem","position":3,"name":"\u201cEurovision\u201d yar\u0131\u015fmas\u0131na tama\u015fa\u00e7\u0131lar\u0131n qat\u0131lmas\u0131na icaz\u0259 ver\u0259 bil\u0259r"}]},{"@type":"WebSite","@id":"https:\/\/www.meydan.tv\/az\/#website","url":"https:\/\/www.meydan.tv\/az\/","name":"MEYDAN.TV","description":"Meydan TV Az\u0259rbaycan\u0131n media m\u0259kan\u0131ndak\u0131 alternativ s\u0259sidir","publisher":{"@id":"https:\/\/www.meydan.tv\/az\/#organization"},"potentialAction":[{"@type":"SearchAction","target":{"@type":"EntryPoint","urlTemplate":"https:\/\/www.meydan.tv\/az\/?s={search_term_string}"},"query-input":{"@type":"PropertyValueSpecification","valueRequired":true,"valueName":"search_term_string"}}],"inLanguage":"az"},{"@type":"Organization","@id":"https:\/\/www.meydan.tv\/az\/#organization","name":"Meydan TV","url":"https:\/\/www.meydan.tv\/az\/","logo":{"@type":"ImageObject","inLanguage":"az","@id":"https:\/\/www.meydan.tv\/az\/#\/schema\/logo\/image\/","url":"https:\/\/www.meydan.tv\/wp-content\/uploads\/2021\/07\/meydan-logo.svg","contentUrl":"https:\/\/www.meydan.tv\/wp-content\/uploads\/2021\/07\/meydan-logo.svg","width":195,"height":46,"caption":"Meydan TV"},"image":{"@id":"https:\/\/www.meydan.tv\/az\/#\/schema\/logo\/image\/"}},{"@type":"Person","@id":"https:\/\/www.meydan.tv\/az\/#\/schema\/person\/10d11eccf6da3662cf5fdab9806ea91a","name":"user-manager"}]}},"_links":{"self":[{"href":"https:\/\/www.meydan.tv\/az\/wp-json\/wp\/v2\/posts\/205587","targetHints":{"allow":["GET"]}}],"collection":[{"href":"https:\/\/www.meydan.tv\/az\/wp-json\/wp\/v2\/posts"}],"about":[{"href":"https:\/\/www.meydan.tv\/az\/wp-json\/wp\/v2\/types\/post"}],"author":[{"embeddable":true,"href":"https:\/\/www.meydan.tv\/az\/wp-json\/wp\/v2\/users\/11"}],"replies":[{"embeddable":true,"href":"https:\/\/www.meydan.tv\/az\/wp-json\/wp\/v2\/comments?post=205587"}],"version-history":[{"count":0,"href":"https:\/\/www.meydan.tv\/az\/wp-json\/wp\/v2\/posts\/205587\/revisions"}],"wp:featuredmedia":[{"embeddable":true,"href":"https:\/\/www.meydan.tv\/az\/wp-json\/wp\/v2\/media\/138336"}],"wp:attachment":[{"href":"https:\/\/www.meydan.tv\/az\/wp-json\/wp\/v2\/media?parent=205587"}],"wp:term":[{"taxonomy":"category","embeddable":true,"href":"https:\/\/www.meydan.tv\/az\/wp-json\/wp\/v2\/categories?post=205587"},{"taxonomy":"post_tag","embeddable":true,"href":"https:\/\/www.meydan.tv\/az\/wp-json\/wp\/v2\/tags?post=205587"}],"curies":[{"name":"wp","href":"https:\/\/api.w.org\/{rel}","templated":true}]}}