{"id":205584,"date":"2021-04-01T13:31:35","date_gmt":"2021-04-01T13:31:35","guid":{"rendered":"https:\/\/www.meydan.tv\/article\/evini-mermi-dagitmis-agdam-sakini-prezidentden-komek-isteyir\/"},"modified":"2021-04-01T13:31:35","modified_gmt":"2021-04-01T13:31:35","slug":"evini-mermi-dagitmis-agdam-sakini-prezidentden-komek-isteyir","status":"publish","type":"post","link":"https:\/\/www.meydan.tv\/az\/article\/evini-mermi-dagitmis-agdam-sakini-prezidentden-komek-isteyir\/","title":{"rendered":"Evini m\u0259rmi da\u011f\u0131tm\u0131\u015f A\u011fdam sakini prezidentd\u0259n k\u00f6m\u0259k ist\u0259yir"},"content":{"rendered":"<figure class=\"wp-block-embed is-type-video is-provider-youtube wp-block-embed-youtube wp-embed-aspect-16-9 wp-has-aspect-ratio\">\n<div class=\"wp-block-embed__wrapper\">\n    <iframe\ttitle=\"Evini m\u0259rmi da\u011f\u0131tm\u0131\u015f A\u011fdam sakini prezidentd\u0259n k\u00f6m\u0259k ist\u0259yir\" width=\"1200\" height=\"675\" data-src=\"https:\/\/www.youtube.com\/embed\/wFIzgikSbNg\"\tframeborder=\"0\"\tallow=\"accelerometer; autoplay; clipboard-write; encrypted-media; gyroscope; picture-in-picture\" allowfullscreen src=\"data:image\/svg+xml;base64,PHN2ZyB3aWR0aD0iMSIgaGVpZ2h0PSIxIiB4bWxucz0iaHR0cDovL3d3dy53My5vcmcvMjAwMC9zdmciPjwvc3ZnPg==\" class=\"lazyload\" data-load-mode=\"1\"><\/iframe>\n  <\/div><figcaption>\n    Evini m\u0259rmi da\u011f\u0131tm\u0131\u015f A\u011fdam sakini prezidentd\u0259n k\u00f6m\u0259k ist\u0259yir<br \/>\n  <\/figcaption><\/figure>\n<p>\n  \u0130kinci Qaraba\u011f m\u00fcharib\u0259si zaman\u0131 h\u0259y\u0259tin\u0259 iri\u00e7apl\u0131 m\u0259rmi d\u00fc\u015f\u0259n A\u011fdam sakini P\u0259rviz \u018fliyev \u00f6z evin\u0259 geri d\u00f6n\u0259 bilm\u0259y\u0259nl\u0259rd\u0259ndir. Hadis\u0259 n\u0259tic\u0259sind\u0259 evi yarars\u0131z hala d\u00fc\u015f\u00fcb, divarlar \u00e7atlay\u0131b, \u0259\u015fyalar m\u0259hv olub.\n<\/p>\n<p>\n  P\u0259rviz \u018fliyev B\u0259n\u00f6v\u015f\u0259l\u0259r q\u0259s\u0259b\u0259sind\u0259 ya\u015fay\u0131r. Deyir ki, m\u00fcharib\u0259 bit\u0259nd\u0259n sonra evl\u0259rin\u0259 komissiya g\u0259lib v\u0259 \u015f\u0259kill\u0259r \u00e7\u0259kib \u00e7\u0131x\u0131b gedibl\u0259r. H\u0259min vaxt \u00f6z\u00fc evd\u0259 olmay\u0131b. Komissiya \u00fczvl\u0259ri ya\u015fl\u0131 atas\u0131na hans\u0131sa ka\u011f\u0131za imzalatd\u0131r\u0131b. Ona ka\u011f\u0131z\u0131 evl\u0259rinin \u015f\u0259klini \u00e7\u0259kdiyi \u00fc\u00e7\u00fcn imzalad\u0131\u011f\u0131n\u0131 deyibl\u0259r.\n<\/p>\n<p>\n  Daha sonra P\u0259rviz \u018fliyev\u0259 deyibl\u0259r ki, sizin ad\u0131n\u0131za bank kart\u0131 g\u0259lib: \u201cKart\u0131n i\u00e7ind\u0259 1000 manat pul var idi. M\u0259n d\u0259 gedib A\u011fdam Rayon \u0130cra Hakimiyy\u0259tind\u0259n bu pulun niy\u0259 verildiyini soru\u015fmaq ist\u0259dim. Ancaq icra hakimiyy\u0259tind\u0259 m\u0259ni q\u0259bul etmirl\u0259r\u201d.\n<\/p>\n<p>\n  Yerli strukturlara etdiyi \u015fikay\u0259tl\u0259rin bo\u015fa \u00e7\u0131xd\u0131\u011f\u0131n\u0131 g\u00f6r\u0259n z\u0259r\u0259r\u00e7\u0259k\u0259n Prezident\u0259 m\u00fcraci\u0259t etm\u0259k q\u0259rar\u0131na g\u0259lib:\n<\/p>\n<p>\n  \u201cC\u0259nab prezidentd\u0259n art\u0131q d\u0259r\u0259c\u0259d\u0259 xahi\u015f edir\u0259m ki, yenid\u0259n n\u00fcmay\u0259nd\u0259 g\u00f6nd\u0259rilsin, yenid\u0259n bax\u0131ls\u0131n v\u0259 m\u0259nim da\u011f\u0131lm\u0131\u015f evimi b\u0259rpa etsinl\u0259r\u201d.\n<\/p>\n<p>\n  Prezident \u0130lham \u018fliyev m\u00fcharib\u0259 vaxt\u0131 m\u00fclki \u0259haliy\u0259 d\u0259ymi\u015f ziyan\u0131n \u00f6d\u0259nilm\u0259si il\u0259 ba\u011fl\u0131 \u0259lav\u0259 t\u0259dbirl\u0259r haqq\u0131nda s\u0259r\u0259ncam imzalay\u0131b.\n<\/p>\n<p>\n  S\u0259r\u0259ncama \u0259sas\u0259n, da\u011f\u0131d\u0131lm\u0131\u015f v\u0259 ya q\u0259zal\u0131 v\u0259ziyy\u0259t\u0259 d\u00fc\u015fm\u00fc\u015f ya\u015fay\u0131\u015f evl\u0259ri \u00fczr\u0259 m\u0259i\u015f\u0259t \u0259\u015fyalar\u0131na d\u0259ymi\u015f ziyanla ba\u011fl\u0131 h\u0259r bir ail\u0259y\u0259 6000 manat (3532 dollar), \u015f\u0259xsi \u0259\u015fyalara d\u0259ymi\u015f ziyanla ba\u011fl\u0131 h\u0259r bir ail\u0259 \u00fczv\u00fcn\u0259 1500 manat (883 dollar) \u00f6d\u0259nm\u0259lidir. Dig\u0259r ziyan d\u0259ymi\u015f ya\u015fay\u0131\u015f evl\u0259ri \u00fczr\u0259 h\u0259r bir ail\u0259y\u0259 1000 manat (589 dollar) m\u0259bl\u0259\u011find\u0259 maddi yard\u0131m \u00f6d\u0259nil\u0259c\u0259k. Ancaq g\u00f6r\u00fcn\u0259n odur ki, bu yard\u0131mlar \u00fcnvan\u0131na \u00e7atmay\u0131b.\n<\/p>\n<p>\n  Bundan \u0259lav\u0259, Az\u0259rbaycan 2021-ci ilin d\u00f6vl\u0259t b\u00fcdc\u0259sind\u0259n i\u015f\u011faldan azad olunan \u0259razil\u0259rin b\u0259rpas\u0131na 2.2 milyard manat (1,3 milyar ddollar) ay\u0131r\u0131b.<\/p>\n","protected":false},"excerpt":{"rendered":"<p>\u0130kinci Qaraba\u011f m\u00fcharib\u0259si zaman\u0131 h\u0259y\u0259tin\u0259 iri\u00e7apl\u0131 m\u0259rmi d\u00fc\u015f\u0259n A\u011fdam sakini P\u0259rviz \u018fliyev \u00f6z evin\u0259 geri d\u00f6n\u0259 bilm\u0259y\u0259nl\u0259rd\u0259ndir.<\/p>\n","protected":false},"author":11,"featured_media":158709,"comment_status":"closed","ping_status":"open","sticky":false,"template":"","format":"standard","meta":{"_acf_changed":false,"_sitemap_exclude":false,"_sitemap_priority":"","_sitemap_frequency":"","footnotes":""},"categories":[63],"tags":[],"class_list":["post-205584","post","type-post","status-publish","format-standard","has-post-thumbnail","hentry","category-video-2","infinite-scroll-item","generate-columns","tablet-grid-50","mobile-grid-100","grid-parent","grid-33","no-featured-image-padding"],"acf":[],"yoast_head":"<!-- This site is optimized with the Yoast SEO plugin v27.5 - https:\/\/yoast.com\/product\/yoast-seo-wordpress\/ -->\n<title>Evini m\u0259rmi da\u011f\u0131tm\u0131\u015f A\u011fdam sakini prezidentd\u0259n k\u00f6m\u0259k ist\u0259yir - MEYDAN.TV<\/title>\n<meta name=\"robots\" content=\"index, follow, max-snippet:-1, max-image-preview:large, max-video-preview:-1\" \/>\n<link rel=\"canonical\" href=\"https:\/\/www.meydan.tv\/az\/article\/evini-mermi-dagitmis-agdam-sakini-prezidentden-komek-isteyir\/\" \/>\n<meta property=\"og:locale\" content=\"az_AZ\" \/>\n<meta property=\"og:type\" content=\"article\" \/>\n<meta property=\"og:title\" content=\"Evini m\u0259rmi da\u011f\u0131tm\u0131\u015f A\u011fdam sakini prezidentd\u0259n k\u00f6m\u0259k ist\u0259yir - MEYDAN.TV\" \/>\n<meta property=\"og:description\" content=\"\u0130kinci Qaraba\u011f m\u00fcharib\u0259si zaman\u0131 h\u0259y\u0259tin\u0259 iri\u00e7apl\u0131 m\u0259rmi d\u00fc\u015f\u0259n A\u011fdam sakini P\u0259rviz \u018fliyev \u00f6z evin\u0259 geri d\u00f6n\u0259 bilm\u0259y\u0259nl\u0259rd\u0259ndir.\" \/>\n<meta property=\"og:url\" content=\"https:\/\/www.meydan.tv\/az\/article\/evini-mermi-dagitmis-agdam-sakini-prezidentden-komek-isteyir\/\" \/>\n<meta property=\"og:site_name\" content=\"MEYDAN.TV\" \/>\n<meta property=\"article:published_time\" content=\"2021-04-01T13:31:35+00:00\" \/>\n<meta property=\"og:image\" content=\"https:\/\/www.meydan.tv\/wp-content\/uploads\/maxresdefault_7t7nds4.jpeg\" \/>\n\t<meta property=\"og:image:width\" content=\"1280\" \/>\n\t<meta property=\"og:image:height\" content=\"720\" \/>\n\t<meta property=\"og:image:type\" content=\"image\/jpeg\" \/>\n<meta name=\"author\" content=\"user-manager\" \/>\n<meta name=\"twitter:card\" content=\"summary_large_image\" \/>\n<script type=\"application\/ld+json\" class=\"yoast-schema-graph\">{\"@context\":\"https:\\\/\\\/schema.org\",\"@graph\":[{\"@type\":\"Article\",\"@id\":\"https:\\\/\\\/www.meydan.tv\\\/az\\\/article\\\/evini-mermi-dagitmis-agdam-sakini-prezidentden-komek-isteyir\\\/#article\",\"isPartOf\":{\"@id\":\"https:\\\/\\\/www.meydan.tv\\\/az\\\/article\\\/evini-mermi-dagitmis-agdam-sakini-prezidentden-komek-isteyir\\\/\"},\"author\":{\"name\":\"user-manager\",\"@id\":\"https:\\\/\\\/www.meydan.tv\\\/az\\\/#\\\/schema\\\/person\\\/10d11eccf6da3662cf5fdab9806ea91a\"},\"headline\":\"Evini m\u0259rmi da\u011f\u0131tm\u0131\u015f A\u011fdam sakini prezidentd\u0259n k\u00f6m\u0259k ist\u0259yir\",\"datePublished\":\"2021-04-01T13:31:35+00:00\",\"mainEntityOfPage\":{\"@id\":\"https:\\\/\\\/www.meydan.tv\\\/az\\\/article\\\/evini-mermi-dagitmis-agdam-sakini-prezidentden-komek-isteyir\\\/\"},\"wordCount\":423,\"publisher\":{\"@id\":\"https:\\\/\\\/www.meydan.tv\\\/az\\\/#organization\"},\"image\":{\"@id\":\"https:\\\/\\\/www.meydan.tv\\\/az\\\/article\\\/evini-mermi-dagitmis-agdam-sakini-prezidentden-komek-isteyir\\\/#primaryimage\"},\"thumbnailUrl\":\"https:\\\/\\\/www.meydan.tv\\\/wp-content\\\/uploads\\\/maxresdefault_7t7nds4.jpeg\",\"articleSection\":[\"Video\"],\"inLanguage\":\"az\"},{\"@type\":\"WebPage\",\"@id\":\"https:\\\/\\\/www.meydan.tv\\\/az\\\/article\\\/evini-mermi-dagitmis-agdam-sakini-prezidentden-komek-isteyir\\\/\",\"url\":\"https:\\\/\\\/www.meydan.tv\\\/az\\\/article\\\/evini-mermi-dagitmis-agdam-sakini-prezidentden-komek-isteyir\\\/\",\"name\":\"Evini m\u0259rmi da\u011f\u0131tm\u0131\u015f A\u011fdam sakini prezidentd\u0259n k\u00f6m\u0259k ist\u0259yir - MEYDAN.TV\",\"isPartOf\":{\"@id\":\"https:\\\/\\\/www.meydan.tv\\\/az\\\/#website\"},\"primaryImageOfPage\":{\"@id\":\"https:\\\/\\\/www.meydan.tv\\\/az\\\/article\\\/evini-mermi-dagitmis-agdam-sakini-prezidentden-komek-isteyir\\\/#primaryimage\"},\"image\":{\"@id\":\"https:\\\/\\\/www.meydan.tv\\\/az\\\/article\\\/evini-mermi-dagitmis-agdam-sakini-prezidentden-komek-isteyir\\\/#primaryimage\"},\"thumbnailUrl\":\"https:\\\/\\\/www.meydan.tv\\\/wp-content\\\/uploads\\\/maxresdefault_7t7nds4.jpeg\",\"datePublished\":\"2021-04-01T13:31:35+00:00\",\"breadcrumb\":{\"@id\":\"https:\\\/\\\/www.meydan.tv\\\/az\\\/article\\\/evini-mermi-dagitmis-agdam-sakini-prezidentden-komek-isteyir\\\/#breadcrumb\"},\"inLanguage\":\"az\",\"potentialAction\":[{\"@type\":\"ReadAction\",\"target\":[\"https:\\\/\\\/www.meydan.tv\\\/az\\\/article\\\/evini-mermi-dagitmis-agdam-sakini-prezidentden-komek-isteyir\\\/\"]}]},{\"@type\":\"ImageObject\",\"inLanguage\":\"az\",\"@id\":\"https:\\\/\\\/www.meydan.tv\\\/az\\\/article\\\/evini-mermi-dagitmis-agdam-sakini-prezidentden-komek-isteyir\\\/#primaryimage\",\"url\":\"https:\\\/\\\/www.meydan.tv\\\/wp-content\\\/uploads\\\/maxresdefault_7t7nds4.jpeg\",\"contentUrl\":\"https:\\\/\\\/www.meydan.tv\\\/wp-content\\\/uploads\\\/maxresdefault_7t7nds4.jpeg\",\"width\":1280,\"height\":720,\"caption\":\"Source: Meydan.TV\"},{\"@type\":\"BreadcrumbList\",\"@id\":\"https:\\\/\\\/www.meydan.tv\\\/az\\\/article\\\/evini-mermi-dagitmis-agdam-sakini-prezidentden-komek-isteyir\\\/#breadcrumb\",\"itemListElement\":[{\"@type\":\"ListItem\",\"position\":1,\"name\":\"Ana s\u0259hif\u0259\",\"item\":\"https:\\\/\\\/www.meydan.tv\\\/az\\\/\"},{\"@type\":\"ListItem\",\"position\":2,\"name\":\"Video\",\"item\":\"https:\\\/\\\/www.meydan.tv\\\/az\\\/section\\\/video-2\\\/\"},{\"@type\":\"ListItem\",\"position\":3,\"name\":\"Evini m\u0259rmi da\u011f\u0131tm\u0131\u015f A\u011fdam sakini prezidentd\u0259n k\u00f6m\u0259k ist\u0259yir\"}]},{\"@type\":\"WebSite\",\"@id\":\"https:\\\/\\\/www.meydan.tv\\\/az\\\/#website\",\"url\":\"https:\\\/\\\/www.meydan.tv\\\/az\\\/\",\"name\":\"MEYDAN.TV\",\"description\":\"Meydan TV Az\u0259rbaycan\u0131n media m\u0259kan\u0131ndak\u0131 alternativ s\u0259sidir\",\"publisher\":{\"@id\":\"https:\\\/\\\/www.meydan.tv\\\/az\\\/#organization\"},\"potentialAction\":[{\"@type\":\"SearchAction\",\"target\":{\"@type\":\"EntryPoint\",\"urlTemplate\":\"https:\\\/\\\/www.meydan.tv\\\/az\\\/?s={search_term_string}\"},\"query-input\":{\"@type\":\"PropertyValueSpecification\",\"valueRequired\":true,\"valueName\":\"search_term_string\"}}],\"inLanguage\":\"az\"},{\"@type\":\"Organization\",\"@id\":\"https:\\\/\\\/www.meydan.tv\\\/az\\\/#organization\",\"name\":\"Meydan TV\",\"url\":\"https:\\\/\\\/www.meydan.tv\\\/az\\\/\",\"logo\":{\"@type\":\"ImageObject\",\"inLanguage\":\"az\",\"@id\":\"https:\\\/\\\/www.meydan.tv\\\/az\\\/#\\\/schema\\\/logo\\\/image\\\/\",\"url\":\"https:\\\/\\\/www.meydan.tv\\\/wp-content\\\/uploads\\\/2021\\\/07\\\/meydan-logo.svg\",\"contentUrl\":\"https:\\\/\\\/www.meydan.tv\\\/wp-content\\\/uploads\\\/2021\\\/07\\\/meydan-logo.svg\",\"width\":195,\"height\":46,\"caption\":\"Meydan TV\"},\"image\":{\"@id\":\"https:\\\/\\\/www.meydan.tv\\\/az\\\/#\\\/schema\\\/logo\\\/image\\\/\"}},{\"@type\":\"Person\",\"@id\":\"https:\\\/\\\/www.meydan.tv\\\/az\\\/#\\\/schema\\\/person\\\/10d11eccf6da3662cf5fdab9806ea91a\",\"name\":\"user-manager\"}]}<\/script>\n<!-- \/ Yoast SEO plugin. -->","yoast_head_json":{"title":"Evini m\u0259rmi da\u011f\u0131tm\u0131\u015f A\u011fdam sakini prezidentd\u0259n k\u00f6m\u0259k ist\u0259yir - MEYDAN.TV","robots":{"index":"index","follow":"follow","max-snippet":"max-snippet:-1","max-image-preview":"max-image-preview:large","max-video-preview":"max-video-preview:-1"},"canonical":"https:\/\/www.meydan.tv\/az\/article\/evini-mermi-dagitmis-agdam-sakini-prezidentden-komek-isteyir\/","og_locale":"az_AZ","og_type":"article","og_title":"Evini m\u0259rmi da\u011f\u0131tm\u0131\u015f A\u011fdam sakini prezidentd\u0259n k\u00f6m\u0259k ist\u0259yir - MEYDAN.TV","og_description":"\u0130kinci Qaraba\u011f m\u00fcharib\u0259si zaman\u0131 h\u0259y\u0259tin\u0259 iri\u00e7apl\u0131 m\u0259rmi d\u00fc\u015f\u0259n A\u011fdam sakini P\u0259rviz \u018fliyev \u00f6z evin\u0259 geri d\u00f6n\u0259 bilm\u0259y\u0259nl\u0259rd\u0259ndir.","og_url":"https:\/\/www.meydan.tv\/az\/article\/evini-mermi-dagitmis-agdam-sakini-prezidentden-komek-isteyir\/","og_site_name":"MEYDAN.TV","article_published_time":"2021-04-01T13:31:35+00:00","og_image":[{"width":1280,"height":720,"url":"https:\/\/www.meydan.tv\/wp-content\/uploads\/maxresdefault_7t7nds4.jpeg","type":"image\/jpeg"}],"author":"user-manager","twitter_card":"summary_large_image","schema":{"@context":"https:\/\/schema.org","@graph":[{"@type":"Article","@id":"https:\/\/www.meydan.tv\/az\/article\/evini-mermi-dagitmis-agdam-sakini-prezidentden-komek-isteyir\/#article","isPartOf":{"@id":"https:\/\/www.meydan.tv\/az\/article\/evini-mermi-dagitmis-agdam-sakini-prezidentden-komek-isteyir\/"},"author":{"name":"user-manager","@id":"https:\/\/www.meydan.tv\/az\/#\/schema\/person\/10d11eccf6da3662cf5fdab9806ea91a"},"headline":"Evini m\u0259rmi da\u011f\u0131tm\u0131\u015f A\u011fdam sakini prezidentd\u0259n k\u00f6m\u0259k ist\u0259yir","datePublished":"2021-04-01T13:31:35+00:00","mainEntityOfPage":{"@id":"https:\/\/www.meydan.tv\/az\/article\/evini-mermi-dagitmis-agdam-sakini-prezidentden-komek-isteyir\/"},"wordCount":423,"publisher":{"@id":"https:\/\/www.meydan.tv\/az\/#organization"},"image":{"@id":"https:\/\/www.meydan.tv\/az\/article\/evini-mermi-dagitmis-agdam-sakini-prezidentden-komek-isteyir\/#primaryimage"},"thumbnailUrl":"https:\/\/www.meydan.tv\/wp-content\/uploads\/maxresdefault_7t7nds4.jpeg","articleSection":["Video"],"inLanguage":"az"},{"@type":"WebPage","@id":"https:\/\/www.meydan.tv\/az\/article\/evini-mermi-dagitmis-agdam-sakini-prezidentden-komek-isteyir\/","url":"https:\/\/www.meydan.tv\/az\/article\/evini-mermi-dagitmis-agdam-sakini-prezidentden-komek-isteyir\/","name":"Evini m\u0259rmi da\u011f\u0131tm\u0131\u015f A\u011fdam sakini prezidentd\u0259n k\u00f6m\u0259k ist\u0259yir - MEYDAN.TV","isPartOf":{"@id":"https:\/\/www.meydan.tv\/az\/#website"},"primaryImageOfPage":{"@id":"https:\/\/www.meydan.tv\/az\/article\/evini-mermi-dagitmis-agdam-sakini-prezidentden-komek-isteyir\/#primaryimage"},"image":{"@id":"https:\/\/www.meydan.tv\/az\/article\/evini-mermi-dagitmis-agdam-sakini-prezidentden-komek-isteyir\/#primaryimage"},"thumbnailUrl":"https:\/\/www.meydan.tv\/wp-content\/uploads\/maxresdefault_7t7nds4.jpeg","datePublished":"2021-04-01T13:31:35+00:00","breadcrumb":{"@id":"https:\/\/www.meydan.tv\/az\/article\/evini-mermi-dagitmis-agdam-sakini-prezidentden-komek-isteyir\/#breadcrumb"},"inLanguage":"az","potentialAction":[{"@type":"ReadAction","target":["https:\/\/www.meydan.tv\/az\/article\/evini-mermi-dagitmis-agdam-sakini-prezidentden-komek-isteyir\/"]}]},{"@type":"ImageObject","inLanguage":"az","@id":"https:\/\/www.meydan.tv\/az\/article\/evini-mermi-dagitmis-agdam-sakini-prezidentden-komek-isteyir\/#primaryimage","url":"https:\/\/www.meydan.tv\/wp-content\/uploads\/maxresdefault_7t7nds4.jpeg","contentUrl":"https:\/\/www.meydan.tv\/wp-content\/uploads\/maxresdefault_7t7nds4.jpeg","width":1280,"height":720,"caption":"Source: Meydan.TV"},{"@type":"BreadcrumbList","@id":"https:\/\/www.meydan.tv\/az\/article\/evini-mermi-dagitmis-agdam-sakini-prezidentden-komek-isteyir\/#breadcrumb","itemListElement":[{"@type":"ListItem","position":1,"name":"Ana s\u0259hif\u0259","item":"https:\/\/www.meydan.tv\/az\/"},{"@type":"ListItem","position":2,"name":"Video","item":"https:\/\/www.meydan.tv\/az\/section\/video-2\/"},{"@type":"ListItem","position":3,"name":"Evini m\u0259rmi da\u011f\u0131tm\u0131\u015f A\u011fdam sakini prezidentd\u0259n k\u00f6m\u0259k ist\u0259yir"}]},{"@type":"WebSite","@id":"https:\/\/www.meydan.tv\/az\/#website","url":"https:\/\/www.meydan.tv\/az\/","name":"MEYDAN.TV","description":"Meydan TV Az\u0259rbaycan\u0131n media m\u0259kan\u0131ndak\u0131 alternativ s\u0259sidir","publisher":{"@id":"https:\/\/www.meydan.tv\/az\/#organization"},"potentialAction":[{"@type":"SearchAction","target":{"@type":"EntryPoint","urlTemplate":"https:\/\/www.meydan.tv\/az\/?s={search_term_string}"},"query-input":{"@type":"PropertyValueSpecification","valueRequired":true,"valueName":"search_term_string"}}],"inLanguage":"az"},{"@type":"Organization","@id":"https:\/\/www.meydan.tv\/az\/#organization","name":"Meydan TV","url":"https:\/\/www.meydan.tv\/az\/","logo":{"@type":"ImageObject","inLanguage":"az","@id":"https:\/\/www.meydan.tv\/az\/#\/schema\/logo\/image\/","url":"https:\/\/www.meydan.tv\/wp-content\/uploads\/2021\/07\/meydan-logo.svg","contentUrl":"https:\/\/www.meydan.tv\/wp-content\/uploads\/2021\/07\/meydan-logo.svg","width":195,"height":46,"caption":"Meydan TV"},"image":{"@id":"https:\/\/www.meydan.tv\/az\/#\/schema\/logo\/image\/"}},{"@type":"Person","@id":"https:\/\/www.meydan.tv\/az\/#\/schema\/person\/10d11eccf6da3662cf5fdab9806ea91a","name":"user-manager"}]}},"_links":{"self":[{"href":"https:\/\/www.meydan.tv\/az\/wp-json\/wp\/v2\/posts\/205584","targetHints":{"allow":["GET"]}}],"collection":[{"href":"https:\/\/www.meydan.tv\/az\/wp-json\/wp\/v2\/posts"}],"about":[{"href":"https:\/\/www.meydan.tv\/az\/wp-json\/wp\/v2\/types\/post"}],"author":[{"embeddable":true,"href":"https:\/\/www.meydan.tv\/az\/wp-json\/wp\/v2\/users\/11"}],"replies":[{"embeddable":true,"href":"https:\/\/www.meydan.tv\/az\/wp-json\/wp\/v2\/comments?post=205584"}],"version-history":[{"count":0,"href":"https:\/\/www.meydan.tv\/az\/wp-json\/wp\/v2\/posts\/205584\/revisions"}],"wp:featuredmedia":[{"embeddable":true,"href":"https:\/\/www.meydan.tv\/az\/wp-json\/wp\/v2\/media\/158709"}],"wp:attachment":[{"href":"https:\/\/www.meydan.tv\/az\/wp-json\/wp\/v2\/media?parent=205584"}],"wp:term":[{"taxonomy":"category","embeddable":true,"href":"https:\/\/www.meydan.tv\/az\/wp-json\/wp\/v2\/categories?post=205584"},{"taxonomy":"post_tag","embeddable":true,"href":"https:\/\/www.meydan.tv\/az\/wp-json\/wp\/v2\/tags?post=205584"}],"curies":[{"name":"wp","href":"https:\/\/api.w.org\/{rel}","templated":true}]}}