{"id":205569,"date":"2021-03-31T11:58:55","date_gmt":"2021-03-31T11:58:55","guid":{"rendered":"https:\/\/www.meydan.tv\/article\/xalq-artisti-koronavirusa-yoluxub\/"},"modified":"2021-03-31T11:58:55","modified_gmt":"2021-03-31T11:58:55","slug":"xalq-artisti-koronavirusa-yoluxub","status":"publish","type":"post","link":"https:\/\/www.meydan.tv\/az\/article\/xalq-artisti-koronavirusa-yoluxub\/","title":{"rendered":"Xalq artisti koronavirusa yoluxub"},"content":{"rendered":"<p>\n  <i><br \/>\n    B\u0259sti C\u0259f\u0259rova \u201cYeni Klinika\u201dya yerl\u0259\u015fdirilib<br \/>\n  <\/i>\n<\/p>\n<p>\n  Akademik Milli Dram Teatr\u0131n\u0131n aktrisas\u0131, xalq artisti B\u0259sti C\u0259f\u0259rova koronavirusa yoluxub.\n<\/p>\n<p>\n  Teatr\u0131n m\u0259tbuat xidm\u0259tinin r\u0259hb\u0259ri Cavid Zeynall\u0131n\u0131n Meydan TV-y\u0259 verdiyi m\u0259lumata g\u00f6r\u0259, aktrisa bu g\u00fcn \u201cYeni Klinika\u201dya yerl\u0259\u015fdirilib.\n<\/p>\n<p>\n  \u201cM\u00fcalic\u0259sin\u0259 ba\u015flan\u0131l\u0131b. H\u0259kiml\u0259r \u00e7al\u0131\u015f\u0131r ki, h\u0259rar\u0259tini a\u015fa\u011f\u0131 sals\u0131nlar. Bu g\u00fcn komp\u00fcter tomoqrafiya (KT) m\u00fcayin\u0259si olunacaq. Bo\u011fulma, \u00f6sk\u00fcr\u0259k v\u0259 yaxud quru \u00f6sk\u00fcr\u0259k kimi hallar yoxdur. \u0130nan\u0131r\u0131q ki, aktrisam\u0131z\u0131n s\u0259hh\u0259ti qar\u015f\u0131dak\u0131 g\u00fcnl\u0259rd\u0259 yax\u015f\u0131 olacaq\u201d, &#8211; o bildirib.\n<\/p>\n<p>\n  B\u0259sti C\u0259f\u0259rova 1980-ci ild\u0259n Akademik Milli Dram Teatr\u0131nda aktrisa kimi f\u0259aliyy\u0259t\u0259 ba\u015flay\u0131b. Teatrla yana\u015f\u0131, bir s\u0131ra televiziya tama\u015falar\u0131nda v\u0259 filml\u0259rd\u0259 rol al\u0131b.\n<\/p>\n<p>\n  1989-cu ild\u0259 \u0259m\u0259kdar, 1998-ci ild\u0259 xalq artisti f\u0259xri adlar\u0131na layiq g\u00f6r\u00fcl\u00fcb.\n<\/p>\n<p>\n  Prezident t\u0259qa\u00fcd\u00e7\u00fcs\u00fcd\u00fcr.<\/p>\n","protected":false},"excerpt":{"rendered":"<p>&#8220;\u0130nan\u0131r\u0131q ki, aktrisam\u0131z\u0131n s\u0259hh\u0259ti qar\u015f\u0131dak\u0131 g\u00fcnl\u0259rd\u0259 yax\u015f\u0131 olacaq\u201d, &#8211; o bildirib.<\/p>\n","protected":false},"author":11,"featured_media":158646,"comment_status":"closed","ping_status":"open","sticky":false,"template":"","format":"standard","meta":{"_acf_changed":false,"_sitemap_exclude":false,"_sitemap_priority":"","_sitemap_frequency":"","footnotes":""},"categories":[52],"tags":[],"class_list":["post-205569","post","type-post","status-publish","format-standard","has-post-thumbnail","hentry","category-medeniyyet","infinite-scroll-item","generate-columns","tablet-grid-50","mobile-grid-100","grid-parent","grid-33","no-featured-image-padding"],"acf":[],"yoast_head":"<!-- This site is optimized with the Yoast SEO plugin v27.4 - https:\/\/yoast.com\/product\/yoast-seo-wordpress\/ -->\n<title>Xalq artisti koronavirusa yoluxub - MEYDAN.TV<\/title>\n<meta name=\"robots\" content=\"index, follow, max-snippet:-1, max-image-preview:large, max-video-preview:-1\" \/>\n<link rel=\"canonical\" href=\"https:\/\/www.meydan.tv\/az\/article\/xalq-artisti-koronavirusa-yoluxub\/\" \/>\n<meta property=\"og:locale\" content=\"az_AZ\" \/>\n<meta property=\"og:type\" content=\"article\" \/>\n<meta property=\"og:title\" content=\"Xalq artisti koronavirusa yoluxub - MEYDAN.TV\" \/>\n<meta property=\"og:description\" content=\"&quot;\u0130nan\u0131r\u0131q ki, aktrisam\u0131z\u0131n s\u0259hh\u0259ti qar\u015f\u0131dak\u0131 g\u00fcnl\u0259rd\u0259 yax\u015f\u0131 olacaq\u201d, - o bildirib.\" \/>\n<meta property=\"og:url\" content=\"https:\/\/www.meydan.tv\/az\/article\/xalq-artisti-koronavirusa-yoluxub\/\" \/>\n<meta property=\"og:site_name\" content=\"MEYDAN.TV\" \/>\n<meta property=\"article:published_time\" content=\"2021-03-31T11:58:55+00:00\" \/>\n<meta property=\"og:image\" content=\"https:\/\/www.meydan.tv\/wp-content\/uploads\/untitled_design_9_gnfo2gk.png\" \/>\n\t<meta property=\"og:image:width\" content=\"1920\" \/>\n\t<meta property=\"og:image:height\" content=\"1080\" \/>\n\t<meta property=\"og:image:type\" content=\"image\/png\" \/>\n<meta name=\"author\" content=\"user-manager\" \/>\n<meta name=\"twitter:card\" content=\"summary_large_image\" \/>\n<script type=\"application\/ld+json\" class=\"yoast-schema-graph\">{\"@context\":\"https:\\\/\\\/schema.org\",\"@graph\":[{\"@type\":\"Article\",\"@id\":\"https:\\\/\\\/www.meydan.tv\\\/az\\\/article\\\/xalq-artisti-koronavirusa-yoluxub\\\/#article\",\"isPartOf\":{\"@id\":\"https:\\\/\\\/www.meydan.tv\\\/az\\\/article\\\/xalq-artisti-koronavirusa-yoluxub\\\/\"},\"author\":{\"name\":\"user-manager\",\"@id\":\"https:\\\/\\\/www.meydan.tv\\\/az\\\/#\\\/schema\\\/person\\\/10d11eccf6da3662cf5fdab9806ea91a\"},\"headline\":\"Xalq artisti koronavirusa yoluxub\",\"datePublished\":\"2021-03-31T11:58:55+00:00\",\"mainEntityOfPage\":{\"@id\":\"https:\\\/\\\/www.meydan.tv\\\/az\\\/article\\\/xalq-artisti-koronavirusa-yoluxub\\\/\"},\"wordCount\":184,\"publisher\":{\"@id\":\"https:\\\/\\\/www.meydan.tv\\\/az\\\/#organization\"},\"image\":{\"@id\":\"https:\\\/\\\/www.meydan.tv\\\/az\\\/article\\\/xalq-artisti-koronavirusa-yoluxub\\\/#primaryimage\"},\"thumbnailUrl\":\"https:\\\/\\\/www.meydan.tv\\\/wp-content\\\/uploads\\\/untitled_design_9_gnfo2gk.png\",\"articleSection\":[\"M\u0259d\u0259niyy\u0259t\"],\"inLanguage\":\"az\"},{\"@type\":\"WebPage\",\"@id\":\"https:\\\/\\\/www.meydan.tv\\\/az\\\/article\\\/xalq-artisti-koronavirusa-yoluxub\\\/\",\"url\":\"https:\\\/\\\/www.meydan.tv\\\/az\\\/article\\\/xalq-artisti-koronavirusa-yoluxub\\\/\",\"name\":\"Xalq artisti koronavirusa yoluxub - MEYDAN.TV\",\"isPartOf\":{\"@id\":\"https:\\\/\\\/www.meydan.tv\\\/az\\\/#website\"},\"primaryImageOfPage\":{\"@id\":\"https:\\\/\\\/www.meydan.tv\\\/az\\\/article\\\/xalq-artisti-koronavirusa-yoluxub\\\/#primaryimage\"},\"image\":{\"@id\":\"https:\\\/\\\/www.meydan.tv\\\/az\\\/article\\\/xalq-artisti-koronavirusa-yoluxub\\\/#primaryimage\"},\"thumbnailUrl\":\"https:\\\/\\\/www.meydan.tv\\\/wp-content\\\/uploads\\\/untitled_design_9_gnfo2gk.png\",\"datePublished\":\"2021-03-31T11:58:55+00:00\",\"breadcrumb\":{\"@id\":\"https:\\\/\\\/www.meydan.tv\\\/az\\\/article\\\/xalq-artisti-koronavirusa-yoluxub\\\/#breadcrumb\"},\"inLanguage\":\"az\",\"potentialAction\":[{\"@type\":\"ReadAction\",\"target\":[\"https:\\\/\\\/www.meydan.tv\\\/az\\\/article\\\/xalq-artisti-koronavirusa-yoluxub\\\/\"]}]},{\"@type\":\"ImageObject\",\"inLanguage\":\"az\",\"@id\":\"https:\\\/\\\/www.meydan.tv\\\/az\\\/article\\\/xalq-artisti-koronavirusa-yoluxub\\\/#primaryimage\",\"url\":\"https:\\\/\\\/www.meydan.tv\\\/wp-content\\\/uploads\\\/untitled_design_9_gnfo2gk.png\",\"contentUrl\":\"https:\\\/\\\/www.meydan.tv\\\/wp-content\\\/uploads\\\/untitled_design_9_gnfo2gk.png\",\"width\":1920,\"height\":1080,\"caption\":\"Source: Specify Source\"},{\"@type\":\"BreadcrumbList\",\"@id\":\"https:\\\/\\\/www.meydan.tv\\\/az\\\/article\\\/xalq-artisti-koronavirusa-yoluxub\\\/#breadcrumb\",\"itemListElement\":[{\"@type\":\"ListItem\",\"position\":1,\"name\":\"Ana s\u0259hif\u0259\",\"item\":\"https:\\\/\\\/www.meydan.tv\\\/az\\\/\"},{\"@type\":\"ListItem\",\"position\":2,\"name\":\"M\u0259d\u0259niyy\u0259t\",\"item\":\"https:\\\/\\\/www.meydan.tv\\\/az\\\/section\\\/medeniyyet\\\/\"},{\"@type\":\"ListItem\",\"position\":3,\"name\":\"Xalq artisti koronavirusa yoluxub\"}]},{\"@type\":\"WebSite\",\"@id\":\"https:\\\/\\\/www.meydan.tv\\\/az\\\/#website\",\"url\":\"https:\\\/\\\/www.meydan.tv\\\/az\\\/\",\"name\":\"MEYDAN.TV\",\"description\":\"Meydan TV Az\u0259rbaycan\u0131n media m\u0259kan\u0131ndak\u0131 alternativ s\u0259sidir\",\"publisher\":{\"@id\":\"https:\\\/\\\/www.meydan.tv\\\/az\\\/#organization\"},\"potentialAction\":[{\"@type\":\"SearchAction\",\"target\":{\"@type\":\"EntryPoint\",\"urlTemplate\":\"https:\\\/\\\/www.meydan.tv\\\/az\\\/?s={search_term_string}\"},\"query-input\":{\"@type\":\"PropertyValueSpecification\",\"valueRequired\":true,\"valueName\":\"search_term_string\"}}],\"inLanguage\":\"az\"},{\"@type\":\"Organization\",\"@id\":\"https:\\\/\\\/www.meydan.tv\\\/az\\\/#organization\",\"name\":\"Meydan TV\",\"url\":\"https:\\\/\\\/www.meydan.tv\\\/az\\\/\",\"logo\":{\"@type\":\"ImageObject\",\"inLanguage\":\"az\",\"@id\":\"https:\\\/\\\/www.meydan.tv\\\/az\\\/#\\\/schema\\\/logo\\\/image\\\/\",\"url\":\"https:\\\/\\\/www.meydan.tv\\\/wp-content\\\/uploads\\\/2021\\\/07\\\/meydan-logo.svg\",\"contentUrl\":\"https:\\\/\\\/www.meydan.tv\\\/wp-content\\\/uploads\\\/2021\\\/07\\\/meydan-logo.svg\",\"width\":195,\"height\":46,\"caption\":\"Meydan TV\"},\"image\":{\"@id\":\"https:\\\/\\\/www.meydan.tv\\\/az\\\/#\\\/schema\\\/logo\\\/image\\\/\"}},{\"@type\":\"Person\",\"@id\":\"https:\\\/\\\/www.meydan.tv\\\/az\\\/#\\\/schema\\\/person\\\/10d11eccf6da3662cf5fdab9806ea91a\",\"name\":\"user-manager\"}]}<\/script>\n<!-- \/ Yoast SEO plugin. -->","yoast_head_json":{"title":"Xalq artisti koronavirusa yoluxub - MEYDAN.TV","robots":{"index":"index","follow":"follow","max-snippet":"max-snippet:-1","max-image-preview":"max-image-preview:large","max-video-preview":"max-video-preview:-1"},"canonical":"https:\/\/www.meydan.tv\/az\/article\/xalq-artisti-koronavirusa-yoluxub\/","og_locale":"az_AZ","og_type":"article","og_title":"Xalq artisti koronavirusa yoluxub - MEYDAN.TV","og_description":"\"\u0130nan\u0131r\u0131q ki, aktrisam\u0131z\u0131n s\u0259hh\u0259ti qar\u015f\u0131dak\u0131 g\u00fcnl\u0259rd\u0259 yax\u015f\u0131 olacaq\u201d, - o bildirib.","og_url":"https:\/\/www.meydan.tv\/az\/article\/xalq-artisti-koronavirusa-yoluxub\/","og_site_name":"MEYDAN.TV","article_published_time":"2021-03-31T11:58:55+00:00","og_image":[{"width":1920,"height":1080,"url":"https:\/\/www.meydan.tv\/wp-content\/uploads\/untitled_design_9_gnfo2gk.png","type":"image\/png"}],"author":"user-manager","twitter_card":"summary_large_image","schema":{"@context":"https:\/\/schema.org","@graph":[{"@type":"Article","@id":"https:\/\/www.meydan.tv\/az\/article\/xalq-artisti-koronavirusa-yoluxub\/#article","isPartOf":{"@id":"https:\/\/www.meydan.tv\/az\/article\/xalq-artisti-koronavirusa-yoluxub\/"},"author":{"name":"user-manager","@id":"https:\/\/www.meydan.tv\/az\/#\/schema\/person\/10d11eccf6da3662cf5fdab9806ea91a"},"headline":"Xalq artisti koronavirusa yoluxub","datePublished":"2021-03-31T11:58:55+00:00","mainEntityOfPage":{"@id":"https:\/\/www.meydan.tv\/az\/article\/xalq-artisti-koronavirusa-yoluxub\/"},"wordCount":184,"publisher":{"@id":"https:\/\/www.meydan.tv\/az\/#organization"},"image":{"@id":"https:\/\/www.meydan.tv\/az\/article\/xalq-artisti-koronavirusa-yoluxub\/#primaryimage"},"thumbnailUrl":"https:\/\/www.meydan.tv\/wp-content\/uploads\/untitled_design_9_gnfo2gk.png","articleSection":["M\u0259d\u0259niyy\u0259t"],"inLanguage":"az"},{"@type":"WebPage","@id":"https:\/\/www.meydan.tv\/az\/article\/xalq-artisti-koronavirusa-yoluxub\/","url":"https:\/\/www.meydan.tv\/az\/article\/xalq-artisti-koronavirusa-yoluxub\/","name":"Xalq artisti koronavirusa yoluxub - MEYDAN.TV","isPartOf":{"@id":"https:\/\/www.meydan.tv\/az\/#website"},"primaryImageOfPage":{"@id":"https:\/\/www.meydan.tv\/az\/article\/xalq-artisti-koronavirusa-yoluxub\/#primaryimage"},"image":{"@id":"https:\/\/www.meydan.tv\/az\/article\/xalq-artisti-koronavirusa-yoluxub\/#primaryimage"},"thumbnailUrl":"https:\/\/www.meydan.tv\/wp-content\/uploads\/untitled_design_9_gnfo2gk.png","datePublished":"2021-03-31T11:58:55+00:00","breadcrumb":{"@id":"https:\/\/www.meydan.tv\/az\/article\/xalq-artisti-koronavirusa-yoluxub\/#breadcrumb"},"inLanguage":"az","potentialAction":[{"@type":"ReadAction","target":["https:\/\/www.meydan.tv\/az\/article\/xalq-artisti-koronavirusa-yoluxub\/"]}]},{"@type":"ImageObject","inLanguage":"az","@id":"https:\/\/www.meydan.tv\/az\/article\/xalq-artisti-koronavirusa-yoluxub\/#primaryimage","url":"https:\/\/www.meydan.tv\/wp-content\/uploads\/untitled_design_9_gnfo2gk.png","contentUrl":"https:\/\/www.meydan.tv\/wp-content\/uploads\/untitled_design_9_gnfo2gk.png","width":1920,"height":1080,"caption":"Source: Specify Source"},{"@type":"BreadcrumbList","@id":"https:\/\/www.meydan.tv\/az\/article\/xalq-artisti-koronavirusa-yoluxub\/#breadcrumb","itemListElement":[{"@type":"ListItem","position":1,"name":"Ana s\u0259hif\u0259","item":"https:\/\/www.meydan.tv\/az\/"},{"@type":"ListItem","position":2,"name":"M\u0259d\u0259niyy\u0259t","item":"https:\/\/www.meydan.tv\/az\/section\/medeniyyet\/"},{"@type":"ListItem","position":3,"name":"Xalq artisti koronavirusa yoluxub"}]},{"@type":"WebSite","@id":"https:\/\/www.meydan.tv\/az\/#website","url":"https:\/\/www.meydan.tv\/az\/","name":"MEYDAN.TV","description":"Meydan TV Az\u0259rbaycan\u0131n media m\u0259kan\u0131ndak\u0131 alternativ s\u0259sidir","publisher":{"@id":"https:\/\/www.meydan.tv\/az\/#organization"},"potentialAction":[{"@type":"SearchAction","target":{"@type":"EntryPoint","urlTemplate":"https:\/\/www.meydan.tv\/az\/?s={search_term_string}"},"query-input":{"@type":"PropertyValueSpecification","valueRequired":true,"valueName":"search_term_string"}}],"inLanguage":"az"},{"@type":"Organization","@id":"https:\/\/www.meydan.tv\/az\/#organization","name":"Meydan TV","url":"https:\/\/www.meydan.tv\/az\/","logo":{"@type":"ImageObject","inLanguage":"az","@id":"https:\/\/www.meydan.tv\/az\/#\/schema\/logo\/image\/","url":"https:\/\/www.meydan.tv\/wp-content\/uploads\/2021\/07\/meydan-logo.svg","contentUrl":"https:\/\/www.meydan.tv\/wp-content\/uploads\/2021\/07\/meydan-logo.svg","width":195,"height":46,"caption":"Meydan TV"},"image":{"@id":"https:\/\/www.meydan.tv\/az\/#\/schema\/logo\/image\/"}},{"@type":"Person","@id":"https:\/\/www.meydan.tv\/az\/#\/schema\/person\/10d11eccf6da3662cf5fdab9806ea91a","name":"user-manager"}]}},"_links":{"self":[{"href":"https:\/\/www.meydan.tv\/az\/wp-json\/wp\/v2\/posts\/205569","targetHints":{"allow":["GET"]}}],"collection":[{"href":"https:\/\/www.meydan.tv\/az\/wp-json\/wp\/v2\/posts"}],"about":[{"href":"https:\/\/www.meydan.tv\/az\/wp-json\/wp\/v2\/types\/post"}],"author":[{"embeddable":true,"href":"https:\/\/www.meydan.tv\/az\/wp-json\/wp\/v2\/users\/11"}],"replies":[{"embeddable":true,"href":"https:\/\/www.meydan.tv\/az\/wp-json\/wp\/v2\/comments?post=205569"}],"version-history":[{"count":0,"href":"https:\/\/www.meydan.tv\/az\/wp-json\/wp\/v2\/posts\/205569\/revisions"}],"wp:featuredmedia":[{"embeddable":true,"href":"https:\/\/www.meydan.tv\/az\/wp-json\/wp\/v2\/media\/158646"}],"wp:attachment":[{"href":"https:\/\/www.meydan.tv\/az\/wp-json\/wp\/v2\/media?parent=205569"}],"wp:term":[{"taxonomy":"category","embeddable":true,"href":"https:\/\/www.meydan.tv\/az\/wp-json\/wp\/v2\/categories?post=205569"},{"taxonomy":"post_tag","embeddable":true,"href":"https:\/\/www.meydan.tv\/az\/wp-json\/wp\/v2\/tags?post=205569"}],"curies":[{"name":"wp","href":"https:\/\/api.w.org\/{rel}","templated":true}]}}