{"id":205549,"date":"2021-03-30T14:16:02","date_gmt":"2021-03-30T14:16:02","guid":{"rendered":"https:\/\/www.meydan.tv\/article\/esa-yeni-layihe-teqdim-etdi\/"},"modified":"2021-03-30T14:16:02","modified_gmt":"2021-03-30T14:16:02","slug":"esa-yeni-layihe-teqdim-etdi","status":"publish","type":"post","link":"https:\/\/www.meydan.tv\/az\/article\/esa-yeni-layihe-teqdim-etdi\/","title":{"rendered":"\u018fSA yeni layih\u0259 t\u0259qdim etdi"},"content":{"rendered":"<p>\n  <i><br \/>\n    \u201cPandemiya aktyoru\u201d adl\u0131 video-\u00e7arxlar haz\u0131rlan\u0131b<br \/>\n  <\/i>\n<\/p>\n<p>\n  Az\u0259rbaycan\u0131n ilk inkl\u00fcziv teatr\u0131 \u018fSA yeni layih\u0259 t\u0259qdim edib.\n<\/p>\n<p>\n  Kollektiv \u201cPandemiya aktyoru\u201d adl\u0131 video-\u00e7arxlar haz\u0131rlay\u0131b.\n<\/p>\n<p>\n  Teatr\u0131n aktyorlar\u0131 Rafael \u015eahb\u0259yli v\u0259 \u0130mran Lalayevin i\u015ftirak\u0131 il\u0259 \u00e7\u0259kil\u0259n video-\u00e7arxlar, teatrlar\u0131n pandemiyaya g\u00f6r\u0259 bir ild\u0259n \u00e7oxdur f\u0259aliyy\u0259tini dayand\u0131rmas\u0131, h\u0259m\u00e7inin aktyorlar\u0131n s\u0259hn\u0259d\u0259n, yarad\u0131c\u0131 prosesd\u0259n uzaq qalmas\u0131 problemin\u0259 toxunub.\n<\/p>\n<p>\n  Layih\u0259nin m\u00fc\u0259llifi, \u018fSA Teatr\u0131n\u0131n ba\u015f meneceri Nicat Qulamd\u0131r.\n<\/p>\n<p>\n  \u201cTeatrlar\u0131n bir ild\u0259n \u00e7oxdur f\u0259aliyy\u0259t g\u00f6st\u0259rm\u0259m\u0259si \u0259n \u00e7ox aktyor hey\u0259tin\u0259 m\u0259nfi t\u0259sir edib. \u00c7\u00fcnki uzun m\u00fcdd\u0259t aktyorlar\u0131n s\u0259hn\u0259d\u0259n k\u0259narda qalmas\u0131, tama\u015fa\u00e7\u0131 qar\u015f\u0131s\u0131na \u00e7\u0131xmamas\u0131, yarad\u0131c\u0131 v\u0259 kollektiv prosesd\u0259 i\u015ftirak etm\u0259m\u0259si onlar\u0131 motivasiyadan salmaqla yana\u015f\u0131, h\u0259m d\u0259 passivl\u0259\u015fdirir\u201d, &#8211; dey\u0259 Nicat Qulam bildirib.\n<\/p>\n<p>\n  Pandemiya il\u0259 \u0259laq\u0259dar bir ild\u0259n \u00e7oxdur Az\u0259rbaycanda teatrlar\u0131n f\u0259aliyy\u0259ti dayan\u0131b. \u00d6lk\u0259 teatrlar\u0131 virtual tama\u015falar n\u00fcmayi\u015f etdirir.\n<\/p>\n<p>\n  M\u0259d\u0259niyy\u0259t naziri Anar K\u0259rimov bir m\u00fcdd\u0259t \u00f6nc\u0259 jurnalistl\u0259r\u0259 a\u00e7\u0131qlamas\u0131nda yoluxma dinamikas\u0131 a\u015fa\u011f\u0131 d\u00fc\u015fd\u00fcy\u00fc t\u0259qdird\u0259 teatrlar\u0131n f\u0259aliyy\u0259tinin b\u0259rpa oluna bil\u0259c\u0259yini deyib.<\/p>\n","protected":false},"excerpt":{"rendered":"<p>Layih\u0259nin m\u00fc\u0259llifi, \u018fSA Teatr\u0131n\u0131n ba\u015f meneceri Nicat Qulamd\u0131r<\/p>\n","protected":false},"author":11,"featured_media":158568,"comment_status":"closed","ping_status":"open","sticky":false,"template":"","format":"standard","meta":{"_acf_changed":false,"_sitemap_exclude":false,"_sitemap_priority":"","_sitemap_frequency":"","footnotes":""},"categories":[52],"tags":[],"class_list":["post-205549","post","type-post","status-publish","format-standard","has-post-thumbnail","hentry","category-medeniyyet","infinite-scroll-item","generate-columns","tablet-grid-50","mobile-grid-100","grid-parent","grid-33","no-featured-image-padding"],"acf":[],"yoast_head":"<!-- This site is optimized with the Yoast SEO plugin v27.4 - https:\/\/yoast.com\/product\/yoast-seo-wordpress\/ -->\n<title>\u018fSA yeni layih\u0259 t\u0259qdim etdi - MEYDAN.TV<\/title>\n<meta name=\"robots\" content=\"index, follow, max-snippet:-1, max-image-preview:large, max-video-preview:-1\" \/>\n<link rel=\"canonical\" href=\"https:\/\/www.meydan.tv\/az\/article\/esa-yeni-layihe-teqdim-etdi\/\" \/>\n<meta property=\"og:locale\" content=\"az_AZ\" \/>\n<meta property=\"og:type\" content=\"article\" \/>\n<meta property=\"og:title\" content=\"\u018fSA yeni layih\u0259 t\u0259qdim etdi - MEYDAN.TV\" \/>\n<meta property=\"og:description\" content=\"Layih\u0259nin m\u00fc\u0259llifi, \u018fSA Teatr\u0131n\u0131n ba\u015f meneceri Nicat Qulamd\u0131r\" \/>\n<meta property=\"og:url\" content=\"https:\/\/www.meydan.tv\/az\/article\/esa-yeni-layihe-teqdim-etdi\/\" \/>\n<meta property=\"og:site_name\" content=\"MEYDAN.TV\" \/>\n<meta property=\"article:published_time\" content=\"2021-03-30T14:16:02+00:00\" \/>\n<meta property=\"og:image\" content=\"https:\/\/www.meydan.tv\/wp-content\/uploads\/esa.jpg\" \/>\n\t<meta property=\"og:image:width\" content=\"2048\" \/>\n\t<meta property=\"og:image:height\" content=\"1350\" \/>\n\t<meta property=\"og:image:type\" content=\"image\/jpeg\" \/>\n<meta name=\"author\" content=\"user-manager\" \/>\n<meta name=\"twitter:card\" content=\"summary_large_image\" \/>\n<script type=\"application\/ld+json\" class=\"yoast-schema-graph\">{\"@context\":\"https:\\\/\\\/schema.org\",\"@graph\":[{\"@type\":\"Article\",\"@id\":\"https:\\\/\\\/www.meydan.tv\\\/az\\\/article\\\/esa-yeni-layihe-teqdim-etdi\\\/#article\",\"isPartOf\":{\"@id\":\"https:\\\/\\\/www.meydan.tv\\\/az\\\/article\\\/esa-yeni-layihe-teqdim-etdi\\\/\"},\"author\":{\"name\":\"user-manager\",\"@id\":\"https:\\\/\\\/www.meydan.tv\\\/az\\\/#\\\/schema\\\/person\\\/10d11eccf6da3662cf5fdab9806ea91a\"},\"headline\":\"\u018fSA yeni layih\u0259 t\u0259qdim etdi\",\"datePublished\":\"2021-03-30T14:16:02+00:00\",\"mainEntityOfPage\":{\"@id\":\"https:\\\/\\\/www.meydan.tv\\\/az\\\/article\\\/esa-yeni-layihe-teqdim-etdi\\\/\"},\"wordCount\":228,\"publisher\":{\"@id\":\"https:\\\/\\\/www.meydan.tv\\\/az\\\/#organization\"},\"image\":{\"@id\":\"https:\\\/\\\/www.meydan.tv\\\/az\\\/article\\\/esa-yeni-layihe-teqdim-etdi\\\/#primaryimage\"},\"thumbnailUrl\":\"https:\\\/\\\/www.meydan.tv\\\/wp-content\\\/uploads\\\/esa.jpg\",\"articleSection\":[\"M\u0259d\u0259niyy\u0259t\"],\"inLanguage\":\"az\"},{\"@type\":\"WebPage\",\"@id\":\"https:\\\/\\\/www.meydan.tv\\\/az\\\/article\\\/esa-yeni-layihe-teqdim-etdi\\\/\",\"url\":\"https:\\\/\\\/www.meydan.tv\\\/az\\\/article\\\/esa-yeni-layihe-teqdim-etdi\\\/\",\"name\":\"\u018fSA yeni layih\u0259 t\u0259qdim etdi - MEYDAN.TV\",\"isPartOf\":{\"@id\":\"https:\\\/\\\/www.meydan.tv\\\/az\\\/#website\"},\"primaryImageOfPage\":{\"@id\":\"https:\\\/\\\/www.meydan.tv\\\/az\\\/article\\\/esa-yeni-layihe-teqdim-etdi\\\/#primaryimage\"},\"image\":{\"@id\":\"https:\\\/\\\/www.meydan.tv\\\/az\\\/article\\\/esa-yeni-layihe-teqdim-etdi\\\/#primaryimage\"},\"thumbnailUrl\":\"https:\\\/\\\/www.meydan.tv\\\/wp-content\\\/uploads\\\/esa.jpg\",\"datePublished\":\"2021-03-30T14:16:02+00:00\",\"breadcrumb\":{\"@id\":\"https:\\\/\\\/www.meydan.tv\\\/az\\\/article\\\/esa-yeni-layihe-teqdim-etdi\\\/#breadcrumb\"},\"inLanguage\":\"az\",\"potentialAction\":[{\"@type\":\"ReadAction\",\"target\":[\"https:\\\/\\\/www.meydan.tv\\\/az\\\/article\\\/esa-yeni-layihe-teqdim-etdi\\\/\"]}]},{\"@type\":\"ImageObject\",\"inLanguage\":\"az\",\"@id\":\"https:\\\/\\\/www.meydan.tv\\\/az\\\/article\\\/esa-yeni-layihe-teqdim-etdi\\\/#primaryimage\",\"url\":\"https:\\\/\\\/www.meydan.tv\\\/wp-content\\\/uploads\\\/esa.jpg\",\"contentUrl\":\"https:\\\/\\\/www.meydan.tv\\\/wp-content\\\/uploads\\\/esa.jpg\",\"width\":2048,\"height\":1350,\"caption\":\"Source: Specify Source\"},{\"@type\":\"BreadcrumbList\",\"@id\":\"https:\\\/\\\/www.meydan.tv\\\/az\\\/article\\\/esa-yeni-layihe-teqdim-etdi\\\/#breadcrumb\",\"itemListElement\":[{\"@type\":\"ListItem\",\"position\":1,\"name\":\"Ana s\u0259hif\u0259\",\"item\":\"https:\\\/\\\/www.meydan.tv\\\/az\\\/\"},{\"@type\":\"ListItem\",\"position\":2,\"name\":\"M\u0259d\u0259niyy\u0259t\",\"item\":\"https:\\\/\\\/www.meydan.tv\\\/az\\\/section\\\/medeniyyet\\\/\"},{\"@type\":\"ListItem\",\"position\":3,\"name\":\"\u018fSA yeni layih\u0259 t\u0259qdim etdi\"}]},{\"@type\":\"WebSite\",\"@id\":\"https:\\\/\\\/www.meydan.tv\\\/az\\\/#website\",\"url\":\"https:\\\/\\\/www.meydan.tv\\\/az\\\/\",\"name\":\"MEYDAN.TV\",\"description\":\"Meydan TV Az\u0259rbaycan\u0131n media m\u0259kan\u0131ndak\u0131 alternativ s\u0259sidir\",\"publisher\":{\"@id\":\"https:\\\/\\\/www.meydan.tv\\\/az\\\/#organization\"},\"potentialAction\":[{\"@type\":\"SearchAction\",\"target\":{\"@type\":\"EntryPoint\",\"urlTemplate\":\"https:\\\/\\\/www.meydan.tv\\\/az\\\/?s={search_term_string}\"},\"query-input\":{\"@type\":\"PropertyValueSpecification\",\"valueRequired\":true,\"valueName\":\"search_term_string\"}}],\"inLanguage\":\"az\"},{\"@type\":\"Organization\",\"@id\":\"https:\\\/\\\/www.meydan.tv\\\/az\\\/#organization\",\"name\":\"Meydan TV\",\"url\":\"https:\\\/\\\/www.meydan.tv\\\/az\\\/\",\"logo\":{\"@type\":\"ImageObject\",\"inLanguage\":\"az\",\"@id\":\"https:\\\/\\\/www.meydan.tv\\\/az\\\/#\\\/schema\\\/logo\\\/image\\\/\",\"url\":\"https:\\\/\\\/www.meydan.tv\\\/wp-content\\\/uploads\\\/2021\\\/07\\\/meydan-logo.svg\",\"contentUrl\":\"https:\\\/\\\/www.meydan.tv\\\/wp-content\\\/uploads\\\/2021\\\/07\\\/meydan-logo.svg\",\"width\":195,\"height\":46,\"caption\":\"Meydan TV\"},\"image\":{\"@id\":\"https:\\\/\\\/www.meydan.tv\\\/az\\\/#\\\/schema\\\/logo\\\/image\\\/\"}},{\"@type\":\"Person\",\"@id\":\"https:\\\/\\\/www.meydan.tv\\\/az\\\/#\\\/schema\\\/person\\\/10d11eccf6da3662cf5fdab9806ea91a\",\"name\":\"user-manager\"}]}<\/script>\n<!-- \/ Yoast SEO plugin. -->","yoast_head_json":{"title":"\u018fSA yeni layih\u0259 t\u0259qdim etdi - MEYDAN.TV","robots":{"index":"index","follow":"follow","max-snippet":"max-snippet:-1","max-image-preview":"max-image-preview:large","max-video-preview":"max-video-preview:-1"},"canonical":"https:\/\/www.meydan.tv\/az\/article\/esa-yeni-layihe-teqdim-etdi\/","og_locale":"az_AZ","og_type":"article","og_title":"\u018fSA yeni layih\u0259 t\u0259qdim etdi - MEYDAN.TV","og_description":"Layih\u0259nin m\u00fc\u0259llifi, \u018fSA Teatr\u0131n\u0131n ba\u015f meneceri Nicat Qulamd\u0131r","og_url":"https:\/\/www.meydan.tv\/az\/article\/esa-yeni-layihe-teqdim-etdi\/","og_site_name":"MEYDAN.TV","article_published_time":"2021-03-30T14:16:02+00:00","og_image":[{"width":2048,"height":1350,"url":"https:\/\/www.meydan.tv\/wp-content\/uploads\/esa.jpg","type":"image\/jpeg"}],"author":"user-manager","twitter_card":"summary_large_image","schema":{"@context":"https:\/\/schema.org","@graph":[{"@type":"Article","@id":"https:\/\/www.meydan.tv\/az\/article\/esa-yeni-layihe-teqdim-etdi\/#article","isPartOf":{"@id":"https:\/\/www.meydan.tv\/az\/article\/esa-yeni-layihe-teqdim-etdi\/"},"author":{"name":"user-manager","@id":"https:\/\/www.meydan.tv\/az\/#\/schema\/person\/10d11eccf6da3662cf5fdab9806ea91a"},"headline":"\u018fSA yeni layih\u0259 t\u0259qdim etdi","datePublished":"2021-03-30T14:16:02+00:00","mainEntityOfPage":{"@id":"https:\/\/www.meydan.tv\/az\/article\/esa-yeni-layihe-teqdim-etdi\/"},"wordCount":228,"publisher":{"@id":"https:\/\/www.meydan.tv\/az\/#organization"},"image":{"@id":"https:\/\/www.meydan.tv\/az\/article\/esa-yeni-layihe-teqdim-etdi\/#primaryimage"},"thumbnailUrl":"https:\/\/www.meydan.tv\/wp-content\/uploads\/esa.jpg","articleSection":["M\u0259d\u0259niyy\u0259t"],"inLanguage":"az"},{"@type":"WebPage","@id":"https:\/\/www.meydan.tv\/az\/article\/esa-yeni-layihe-teqdim-etdi\/","url":"https:\/\/www.meydan.tv\/az\/article\/esa-yeni-layihe-teqdim-etdi\/","name":"\u018fSA yeni layih\u0259 t\u0259qdim etdi - MEYDAN.TV","isPartOf":{"@id":"https:\/\/www.meydan.tv\/az\/#website"},"primaryImageOfPage":{"@id":"https:\/\/www.meydan.tv\/az\/article\/esa-yeni-layihe-teqdim-etdi\/#primaryimage"},"image":{"@id":"https:\/\/www.meydan.tv\/az\/article\/esa-yeni-layihe-teqdim-etdi\/#primaryimage"},"thumbnailUrl":"https:\/\/www.meydan.tv\/wp-content\/uploads\/esa.jpg","datePublished":"2021-03-30T14:16:02+00:00","breadcrumb":{"@id":"https:\/\/www.meydan.tv\/az\/article\/esa-yeni-layihe-teqdim-etdi\/#breadcrumb"},"inLanguage":"az","potentialAction":[{"@type":"ReadAction","target":["https:\/\/www.meydan.tv\/az\/article\/esa-yeni-layihe-teqdim-etdi\/"]}]},{"@type":"ImageObject","inLanguage":"az","@id":"https:\/\/www.meydan.tv\/az\/article\/esa-yeni-layihe-teqdim-etdi\/#primaryimage","url":"https:\/\/www.meydan.tv\/wp-content\/uploads\/esa.jpg","contentUrl":"https:\/\/www.meydan.tv\/wp-content\/uploads\/esa.jpg","width":2048,"height":1350,"caption":"Source: Specify Source"},{"@type":"BreadcrumbList","@id":"https:\/\/www.meydan.tv\/az\/article\/esa-yeni-layihe-teqdim-etdi\/#breadcrumb","itemListElement":[{"@type":"ListItem","position":1,"name":"Ana s\u0259hif\u0259","item":"https:\/\/www.meydan.tv\/az\/"},{"@type":"ListItem","position":2,"name":"M\u0259d\u0259niyy\u0259t","item":"https:\/\/www.meydan.tv\/az\/section\/medeniyyet\/"},{"@type":"ListItem","position":3,"name":"\u018fSA yeni layih\u0259 t\u0259qdim etdi"}]},{"@type":"WebSite","@id":"https:\/\/www.meydan.tv\/az\/#website","url":"https:\/\/www.meydan.tv\/az\/","name":"MEYDAN.TV","description":"Meydan TV Az\u0259rbaycan\u0131n media m\u0259kan\u0131ndak\u0131 alternativ s\u0259sidir","publisher":{"@id":"https:\/\/www.meydan.tv\/az\/#organization"},"potentialAction":[{"@type":"SearchAction","target":{"@type":"EntryPoint","urlTemplate":"https:\/\/www.meydan.tv\/az\/?s={search_term_string}"},"query-input":{"@type":"PropertyValueSpecification","valueRequired":true,"valueName":"search_term_string"}}],"inLanguage":"az"},{"@type":"Organization","@id":"https:\/\/www.meydan.tv\/az\/#organization","name":"Meydan TV","url":"https:\/\/www.meydan.tv\/az\/","logo":{"@type":"ImageObject","inLanguage":"az","@id":"https:\/\/www.meydan.tv\/az\/#\/schema\/logo\/image\/","url":"https:\/\/www.meydan.tv\/wp-content\/uploads\/2021\/07\/meydan-logo.svg","contentUrl":"https:\/\/www.meydan.tv\/wp-content\/uploads\/2021\/07\/meydan-logo.svg","width":195,"height":46,"caption":"Meydan TV"},"image":{"@id":"https:\/\/www.meydan.tv\/az\/#\/schema\/logo\/image\/"}},{"@type":"Person","@id":"https:\/\/www.meydan.tv\/az\/#\/schema\/person\/10d11eccf6da3662cf5fdab9806ea91a","name":"user-manager"}]}},"_links":{"self":[{"href":"https:\/\/www.meydan.tv\/az\/wp-json\/wp\/v2\/posts\/205549","targetHints":{"allow":["GET"]}}],"collection":[{"href":"https:\/\/www.meydan.tv\/az\/wp-json\/wp\/v2\/posts"}],"about":[{"href":"https:\/\/www.meydan.tv\/az\/wp-json\/wp\/v2\/types\/post"}],"author":[{"embeddable":true,"href":"https:\/\/www.meydan.tv\/az\/wp-json\/wp\/v2\/users\/11"}],"replies":[{"embeddable":true,"href":"https:\/\/www.meydan.tv\/az\/wp-json\/wp\/v2\/comments?post=205549"}],"version-history":[{"count":0,"href":"https:\/\/www.meydan.tv\/az\/wp-json\/wp\/v2\/posts\/205549\/revisions"}],"wp:featuredmedia":[{"embeddable":true,"href":"https:\/\/www.meydan.tv\/az\/wp-json\/wp\/v2\/media\/158568"}],"wp:attachment":[{"href":"https:\/\/www.meydan.tv\/az\/wp-json\/wp\/v2\/media?parent=205549"}],"wp:term":[{"taxonomy":"category","embeddable":true,"href":"https:\/\/www.meydan.tv\/az\/wp-json\/wp\/v2\/categories?post=205549"},{"taxonomy":"post_tag","embeddable":true,"href":"https:\/\/www.meydan.tv\/az\/wp-json\/wp\/v2\/tags?post=205549"}],"curies":[{"name":"wp","href":"https:\/\/api.w.org\/{rel}","templated":true}]}}