{"id":205536,"date":"2021-03-29T22:50:13","date_gmt":"2021-03-29T22:50:13","guid":{"rendered":"https:\/\/www.meydan.tv\/article\/vetendas-zorakiliq-edildiyini-deyir-polis-tekzib-edir\/"},"modified":"2021-03-29T22:50:13","modified_gmt":"2021-03-29T22:50:13","slug":"vetendas-zorakiliq-edildiyini-deyir-polis-tekzib-edir","status":"publish","type":"post","link":"https:\/\/www.meydan.tv\/az\/article\/vetendas-zorakiliq-edildiyini-deyir-polis-tekzib-edir\/","title":{"rendered":"V\u0259t\u0259nda\u015f zorak\u0131l\u0131q edildiyini deyir, polis t\u0259kzib edir"},"content":{"rendered":"<p>\n  <i><br \/>\n    D\u0130N yay\u0131lan videog\u00f6r\u00fcnt\u00fcl\u0259r\u0259 m\u00fcnasib\u0259t bildirdi<br \/>\n  <\/i>\n<\/p>\n<p>\n  Sosial \u015f\u0259b\u0259k\u0259l\u0259rd\u0259 v\u0259t\u0259nda\u015f\u0131n \u00f6vlad\u0131 qar\u015f\u0131s\u0131nda polis t\u0259zyiqin\u0259 m\u0259ruz qald\u0131\u011f\u0131n\u0131 g\u00f6r\u00fcnt\u00fcl\u0259y\u0259n video yay\u0131l\u0131b. Hadis\u0259nin D\u0259rn\u0259g\u00fcl \u0259razisind\u0259 ba\u015f verdiyi bildirilir. \u015eahidl\u0259rin s\u00f6zl\u0259rin\u0259 g\u00f6r\u0259, polis azya\u015fl\u0131 \u00f6vlad\u0131n\u0131n yan\u0131nda v\u0259t\u0259nda\u015fa zorak\u0131l\u0131q g\u00f6st\u0259r\u0259r\u0259k, onu polis ma\u015f\u0131n\u0131na mindirir. Bu zaman atas\u0131na k\u00f6m\u0259k etm\u0259k ist\u0259y\u0259n azya\u015fl\u0131 da kobud r\u0259ftarla \u00fczl\u0259\u015fir.\n<\/p>\n<p>\n  Daxili \u0130\u015fl\u0259r Nazirliyinin m\u0259tbuat xidm\u0259tind\u0259n m\u0259s\u0259l\u0259y\u0259 m\u00fcnasib\u0259t bildirilib. Qurumdan deyilir ki, v\u0259t\u0259nda\u015fa qar\u015f\u0131 h\u0259r hans\u0131 fiziki t\u0259zyiq g\u00f6st\u0259rilm\u0259yib, iddiallar \u0259sass\u0131zd\u0131r:\n<\/p>\n<p>\n  \u201cQanunsuz \u0259lvan metal da\u015f\u0131d\u0131\u011f\u0131 \u00fc\u00e7\u00fcn N\u0259rimanov rayonu \u0259razisind\u0259 Bak\u0131 \u015e\u0259h\u0259r Ba\u015f Polis \u0130dar\u0259si D\u00f6vl\u0259t Yol Polisi \u0130dar\u0259sinin yol patrul xidm\u0259tinin \u0259m\u0259kda\u015flar\u0131 t\u0259r\u0259find\u0259n V\u00fcqar Mahmudovun idar\u0259 etdiyi \u201cVAZ 21-011\u201d markal\u0131 avtomobil\u0259 \u201csaxla\u201d i\u015far\u0259si verilib. S\u00fcr\u00fcc\u00fc yol polisin\u0259 tabesizlik g\u00f6st\u0259r\u0259r\u0259k polisin qanuni t\u0259l\u0259bl\u0259rind\u0259n m\u00fcxt\u0259lif vasit\u0259l\u0259rl\u0259 yay\u0131nma\u011fa \u00e7al\u0131\u015faraq, yan\u0131nda olan azya\u015fl\u0131 \u00f6vlad\u0131n\u0131 b\u0259rkd\u0259n-b\u0259rkd\u0259n q\u0131\u015fq\u0131rma\u011f\u0131, yax\u0131nl\u0131qda olan v\u0259t\u0259nda\u015flar\u0131n diqq\u0259tini c\u0259lb etm\u0259yi tap\u015f\u0131r\u0131b.\n<\/p>\n<p>\n  Tabesizlik g\u00f6st\u0259r\u0259n s\u00fcr\u00fcc\u00fc \u0259raziy\u0259 \u00e7a\u011f\u0131r\u0131lan \u018flahidd\u0259 \u00c7evik Polis Alay\u0131n\u0131n naryad qrupu t\u0259r\u0259find\u0259n N\u0259rimanov Rayon Polis \u0130dar\u0259sinin 17-ci Polis \u015e\u00f6b\u0259sin\u0259 t\u0259hvil verilib.\n<\/p>\n<p>\n  Qeyd olunan h\u0259r\u0259k\u0259tl\u0259rd\u0259 polis i\u015f\u00e7isinin v\u0259 ya h\u0259rbi qulluq\u00e7unun qanuni t\u0259l\u0259bin\u0259 q\u0259sd\u0259n tabe olmama madd\u0259l\u0259rinin t\u0259rkib \u0259lam\u0259tl\u0259ri oldu\u011funa g\u00f6r\u0259 fakta g\u00f6r\u0259 \u0130nzibati X\u0259talar M\u0259c\u0259ll\u0259sinin 535-ci madd\u0259l\u0259ri il\u0259 onun bar\u0259sind\u0259 toplanm\u0131\u015f materiallar bax\u0131lmas\u0131 \u00fc\u00e7\u00fcn N\u0259rimanov Rayon M\u0259hk\u0259m\u0259sin\u0259 g\u00f6nd\u0259rilib\u201d.<\/p>\n","protected":false},"excerpt":{"rendered":"<p>D\u0130N yay\u0131lan videog\u00f6r\u00fcnt\u00fcl\u0259r\u0259 m\u00fcnasib\u0259t bildirdi<\/p>\n","protected":false},"author":11,"featured_media":129586,"comment_status":"closed","ping_status":"open","sticky":false,"template":"","format":"standard","meta":{"_acf_changed":false,"_sitemap_exclude":false,"_sitemap_priority":"","_sitemap_frequency":"","footnotes":""},"categories":[63],"tags":[],"class_list":["post-205536","post","type-post","status-publish","format-standard","has-post-thumbnail","hentry","category-video-2","infinite-scroll-item","generate-columns","tablet-grid-50","mobile-grid-100","grid-parent","grid-33","no-featured-image-padding"],"acf":[],"yoast_head":"<!-- This site is optimized with the Yoast SEO plugin v27.5 - https:\/\/yoast.com\/product\/yoast-seo-wordpress\/ -->\n<title>V\u0259t\u0259nda\u015f zorak\u0131l\u0131q edildiyini deyir, polis t\u0259kzib edir - MEYDAN.TV<\/title>\n<meta name=\"robots\" content=\"index, follow, max-snippet:-1, max-image-preview:large, max-video-preview:-1\" \/>\n<link rel=\"canonical\" href=\"https:\/\/www.meydan.tv\/az\/article\/vetendas-zorakiliq-edildiyini-deyir-polis-tekzib-edir\/\" \/>\n<meta property=\"og:locale\" content=\"az_AZ\" \/>\n<meta property=\"og:type\" content=\"article\" \/>\n<meta property=\"og:title\" content=\"V\u0259t\u0259nda\u015f zorak\u0131l\u0131q edildiyini deyir, polis t\u0259kzib edir - MEYDAN.TV\" \/>\n<meta property=\"og:description\" content=\"D\u0130N yay\u0131lan videog\u00f6r\u00fcnt\u00fcl\u0259r\u0259 m\u00fcnasib\u0259t bildirdi\" \/>\n<meta property=\"og:url\" content=\"https:\/\/www.meydan.tv\/az\/article\/vetendas-zorakiliq-edildiyini-deyir-polis-tekzib-edir\/\" \/>\n<meta property=\"og:site_name\" content=\"MEYDAN.TV\" \/>\n<meta property=\"article:published_time\" content=\"2021-03-29T22:50:13+00:00\" \/>\n<meta property=\"og:image\" content=\"https:\/\/www.meydan.tv\/wp-content\/uploads\/4283db6a-dd9e-48ea-97bd-021ea8f95bfe.png\" \/>\n\t<meta property=\"og:image:width\" content=\"1200\" \/>\n\t<meta property=\"og:image:height\" content=\"800\" \/>\n\t<meta property=\"og:image:type\" content=\"image\/png\" \/>\n<meta name=\"author\" content=\"user-manager\" \/>\n<meta name=\"twitter:card\" content=\"summary_large_image\" \/>\n<script type=\"application\/ld+json\" class=\"yoast-schema-graph\">{\"@context\":\"https:\\\/\\\/schema.org\",\"@graph\":[{\"@type\":\"Article\",\"@id\":\"https:\\\/\\\/www.meydan.tv\\\/az\\\/article\\\/vetendas-zorakiliq-edildiyini-deyir-polis-tekzib-edir\\\/#article\",\"isPartOf\":{\"@id\":\"https:\\\/\\\/www.meydan.tv\\\/az\\\/article\\\/vetendas-zorakiliq-edildiyini-deyir-polis-tekzib-edir\\\/\"},\"author\":{\"name\":\"user-manager\",\"@id\":\"https:\\\/\\\/www.meydan.tv\\\/az\\\/#\\\/schema\\\/person\\\/10d11eccf6da3662cf5fdab9806ea91a\"},\"headline\":\"V\u0259t\u0259nda\u015f zorak\u0131l\u0131q edildiyini deyir, polis t\u0259kzib edir\",\"datePublished\":\"2021-03-29T22:50:13+00:00\",\"mainEntityOfPage\":{\"@id\":\"https:\\\/\\\/www.meydan.tv\\\/az\\\/article\\\/vetendas-zorakiliq-edildiyini-deyir-polis-tekzib-edir\\\/\"},\"wordCount\":375,\"publisher\":{\"@id\":\"https:\\\/\\\/www.meydan.tv\\\/az\\\/#organization\"},\"image\":{\"@id\":\"https:\\\/\\\/www.meydan.tv\\\/az\\\/article\\\/vetendas-zorakiliq-edildiyini-deyir-polis-tekzib-edir\\\/#primaryimage\"},\"thumbnailUrl\":\"https:\\\/\\\/www.meydan.tv\\\/wp-content\\\/uploads\\\/4283db6a-dd9e-48ea-97bd-021ea8f95bfe.png\",\"articleSection\":[\"Video\"],\"inLanguage\":\"az\"},{\"@type\":\"WebPage\",\"@id\":\"https:\\\/\\\/www.meydan.tv\\\/az\\\/article\\\/vetendas-zorakiliq-edildiyini-deyir-polis-tekzib-edir\\\/\",\"url\":\"https:\\\/\\\/www.meydan.tv\\\/az\\\/article\\\/vetendas-zorakiliq-edildiyini-deyir-polis-tekzib-edir\\\/\",\"name\":\"V\u0259t\u0259nda\u015f zorak\u0131l\u0131q edildiyini deyir, polis t\u0259kzib edir - MEYDAN.TV\",\"isPartOf\":{\"@id\":\"https:\\\/\\\/www.meydan.tv\\\/az\\\/#website\"},\"primaryImageOfPage\":{\"@id\":\"https:\\\/\\\/www.meydan.tv\\\/az\\\/article\\\/vetendas-zorakiliq-edildiyini-deyir-polis-tekzib-edir\\\/#primaryimage\"},\"image\":{\"@id\":\"https:\\\/\\\/www.meydan.tv\\\/az\\\/article\\\/vetendas-zorakiliq-edildiyini-deyir-polis-tekzib-edir\\\/#primaryimage\"},\"thumbnailUrl\":\"https:\\\/\\\/www.meydan.tv\\\/wp-content\\\/uploads\\\/4283db6a-dd9e-48ea-97bd-021ea8f95bfe.png\",\"datePublished\":\"2021-03-29T22:50:13+00:00\",\"breadcrumb\":{\"@id\":\"https:\\\/\\\/www.meydan.tv\\\/az\\\/article\\\/vetendas-zorakiliq-edildiyini-deyir-polis-tekzib-edir\\\/#breadcrumb\"},\"inLanguage\":\"az\",\"potentialAction\":[{\"@type\":\"ReadAction\",\"target\":[\"https:\\\/\\\/www.meydan.tv\\\/az\\\/article\\\/vetendas-zorakiliq-edildiyini-deyir-polis-tekzib-edir\\\/\"]}]},{\"@type\":\"ImageObject\",\"inLanguage\":\"az\",\"@id\":\"https:\\\/\\\/www.meydan.tv\\\/az\\\/article\\\/vetendas-zorakiliq-edildiyini-deyir-polis-tekzib-edir\\\/#primaryimage\",\"url\":\"https:\\\/\\\/www.meydan.tv\\\/wp-content\\\/uploads\\\/4283db6a-dd9e-48ea-97bd-021ea8f95bfe.png\",\"contentUrl\":\"https:\\\/\\\/www.meydan.tv\\\/wp-content\\\/uploads\\\/4283db6a-dd9e-48ea-97bd-021ea8f95bfe.png\",\"width\":1200,\"height\":800,\"caption\":\"Polis. Foto: D\u0130N\"},{\"@type\":\"BreadcrumbList\",\"@id\":\"https:\\\/\\\/www.meydan.tv\\\/az\\\/article\\\/vetendas-zorakiliq-edildiyini-deyir-polis-tekzib-edir\\\/#breadcrumb\",\"itemListElement\":[{\"@type\":\"ListItem\",\"position\":1,\"name\":\"Ana s\u0259hif\u0259\",\"item\":\"https:\\\/\\\/www.meydan.tv\\\/az\\\/\"},{\"@type\":\"ListItem\",\"position\":2,\"name\":\"Video\",\"item\":\"https:\\\/\\\/www.meydan.tv\\\/az\\\/section\\\/video-2\\\/\"},{\"@type\":\"ListItem\",\"position\":3,\"name\":\"V\u0259t\u0259nda\u015f zorak\u0131l\u0131q edildiyini deyir, polis t\u0259kzib edir\"}]},{\"@type\":\"WebSite\",\"@id\":\"https:\\\/\\\/www.meydan.tv\\\/az\\\/#website\",\"url\":\"https:\\\/\\\/www.meydan.tv\\\/az\\\/\",\"name\":\"MEYDAN.TV\",\"description\":\"Meydan TV Az\u0259rbaycan\u0131n media m\u0259kan\u0131ndak\u0131 alternativ s\u0259sidir\",\"publisher\":{\"@id\":\"https:\\\/\\\/www.meydan.tv\\\/az\\\/#organization\"},\"potentialAction\":[{\"@type\":\"SearchAction\",\"target\":{\"@type\":\"EntryPoint\",\"urlTemplate\":\"https:\\\/\\\/www.meydan.tv\\\/az\\\/?s={search_term_string}\"},\"query-input\":{\"@type\":\"PropertyValueSpecification\",\"valueRequired\":true,\"valueName\":\"search_term_string\"}}],\"inLanguage\":\"az\"},{\"@type\":\"Organization\",\"@id\":\"https:\\\/\\\/www.meydan.tv\\\/az\\\/#organization\",\"name\":\"Meydan TV\",\"url\":\"https:\\\/\\\/www.meydan.tv\\\/az\\\/\",\"logo\":{\"@type\":\"ImageObject\",\"inLanguage\":\"az\",\"@id\":\"https:\\\/\\\/www.meydan.tv\\\/az\\\/#\\\/schema\\\/logo\\\/image\\\/\",\"url\":\"https:\\\/\\\/www.meydan.tv\\\/wp-content\\\/uploads\\\/2021\\\/07\\\/meydan-logo.svg\",\"contentUrl\":\"https:\\\/\\\/www.meydan.tv\\\/wp-content\\\/uploads\\\/2021\\\/07\\\/meydan-logo.svg\",\"width\":195,\"height\":46,\"caption\":\"Meydan TV\"},\"image\":{\"@id\":\"https:\\\/\\\/www.meydan.tv\\\/az\\\/#\\\/schema\\\/logo\\\/image\\\/\"}},{\"@type\":\"Person\",\"@id\":\"https:\\\/\\\/www.meydan.tv\\\/az\\\/#\\\/schema\\\/person\\\/10d11eccf6da3662cf5fdab9806ea91a\",\"name\":\"user-manager\"}]}<\/script>\n<!-- \/ Yoast SEO plugin. -->","yoast_head_json":{"title":"V\u0259t\u0259nda\u015f zorak\u0131l\u0131q edildiyini deyir, polis t\u0259kzib edir - MEYDAN.TV","robots":{"index":"index","follow":"follow","max-snippet":"max-snippet:-1","max-image-preview":"max-image-preview:large","max-video-preview":"max-video-preview:-1"},"canonical":"https:\/\/www.meydan.tv\/az\/article\/vetendas-zorakiliq-edildiyini-deyir-polis-tekzib-edir\/","og_locale":"az_AZ","og_type":"article","og_title":"V\u0259t\u0259nda\u015f zorak\u0131l\u0131q edildiyini deyir, polis t\u0259kzib edir - MEYDAN.TV","og_description":"D\u0130N yay\u0131lan videog\u00f6r\u00fcnt\u00fcl\u0259r\u0259 m\u00fcnasib\u0259t bildirdi","og_url":"https:\/\/www.meydan.tv\/az\/article\/vetendas-zorakiliq-edildiyini-deyir-polis-tekzib-edir\/","og_site_name":"MEYDAN.TV","article_published_time":"2021-03-29T22:50:13+00:00","og_image":[{"width":1200,"height":800,"url":"https:\/\/www.meydan.tv\/wp-content\/uploads\/4283db6a-dd9e-48ea-97bd-021ea8f95bfe.png","type":"image\/png"}],"author":"user-manager","twitter_card":"summary_large_image","schema":{"@context":"https:\/\/schema.org","@graph":[{"@type":"Article","@id":"https:\/\/www.meydan.tv\/az\/article\/vetendas-zorakiliq-edildiyini-deyir-polis-tekzib-edir\/#article","isPartOf":{"@id":"https:\/\/www.meydan.tv\/az\/article\/vetendas-zorakiliq-edildiyini-deyir-polis-tekzib-edir\/"},"author":{"name":"user-manager","@id":"https:\/\/www.meydan.tv\/az\/#\/schema\/person\/10d11eccf6da3662cf5fdab9806ea91a"},"headline":"V\u0259t\u0259nda\u015f zorak\u0131l\u0131q edildiyini deyir, polis t\u0259kzib edir","datePublished":"2021-03-29T22:50:13+00:00","mainEntityOfPage":{"@id":"https:\/\/www.meydan.tv\/az\/article\/vetendas-zorakiliq-edildiyini-deyir-polis-tekzib-edir\/"},"wordCount":375,"publisher":{"@id":"https:\/\/www.meydan.tv\/az\/#organization"},"image":{"@id":"https:\/\/www.meydan.tv\/az\/article\/vetendas-zorakiliq-edildiyini-deyir-polis-tekzib-edir\/#primaryimage"},"thumbnailUrl":"https:\/\/www.meydan.tv\/wp-content\/uploads\/4283db6a-dd9e-48ea-97bd-021ea8f95bfe.png","articleSection":["Video"],"inLanguage":"az"},{"@type":"WebPage","@id":"https:\/\/www.meydan.tv\/az\/article\/vetendas-zorakiliq-edildiyini-deyir-polis-tekzib-edir\/","url":"https:\/\/www.meydan.tv\/az\/article\/vetendas-zorakiliq-edildiyini-deyir-polis-tekzib-edir\/","name":"V\u0259t\u0259nda\u015f zorak\u0131l\u0131q edildiyini deyir, polis t\u0259kzib edir - MEYDAN.TV","isPartOf":{"@id":"https:\/\/www.meydan.tv\/az\/#website"},"primaryImageOfPage":{"@id":"https:\/\/www.meydan.tv\/az\/article\/vetendas-zorakiliq-edildiyini-deyir-polis-tekzib-edir\/#primaryimage"},"image":{"@id":"https:\/\/www.meydan.tv\/az\/article\/vetendas-zorakiliq-edildiyini-deyir-polis-tekzib-edir\/#primaryimage"},"thumbnailUrl":"https:\/\/www.meydan.tv\/wp-content\/uploads\/4283db6a-dd9e-48ea-97bd-021ea8f95bfe.png","datePublished":"2021-03-29T22:50:13+00:00","breadcrumb":{"@id":"https:\/\/www.meydan.tv\/az\/article\/vetendas-zorakiliq-edildiyini-deyir-polis-tekzib-edir\/#breadcrumb"},"inLanguage":"az","potentialAction":[{"@type":"ReadAction","target":["https:\/\/www.meydan.tv\/az\/article\/vetendas-zorakiliq-edildiyini-deyir-polis-tekzib-edir\/"]}]},{"@type":"ImageObject","inLanguage":"az","@id":"https:\/\/www.meydan.tv\/az\/article\/vetendas-zorakiliq-edildiyini-deyir-polis-tekzib-edir\/#primaryimage","url":"https:\/\/www.meydan.tv\/wp-content\/uploads\/4283db6a-dd9e-48ea-97bd-021ea8f95bfe.png","contentUrl":"https:\/\/www.meydan.tv\/wp-content\/uploads\/4283db6a-dd9e-48ea-97bd-021ea8f95bfe.png","width":1200,"height":800,"caption":"Polis. Foto: D\u0130N"},{"@type":"BreadcrumbList","@id":"https:\/\/www.meydan.tv\/az\/article\/vetendas-zorakiliq-edildiyini-deyir-polis-tekzib-edir\/#breadcrumb","itemListElement":[{"@type":"ListItem","position":1,"name":"Ana s\u0259hif\u0259","item":"https:\/\/www.meydan.tv\/az\/"},{"@type":"ListItem","position":2,"name":"Video","item":"https:\/\/www.meydan.tv\/az\/section\/video-2\/"},{"@type":"ListItem","position":3,"name":"V\u0259t\u0259nda\u015f zorak\u0131l\u0131q edildiyini deyir, polis t\u0259kzib edir"}]},{"@type":"WebSite","@id":"https:\/\/www.meydan.tv\/az\/#website","url":"https:\/\/www.meydan.tv\/az\/","name":"MEYDAN.TV","description":"Meydan TV Az\u0259rbaycan\u0131n media m\u0259kan\u0131ndak\u0131 alternativ s\u0259sidir","publisher":{"@id":"https:\/\/www.meydan.tv\/az\/#organization"},"potentialAction":[{"@type":"SearchAction","target":{"@type":"EntryPoint","urlTemplate":"https:\/\/www.meydan.tv\/az\/?s={search_term_string}"},"query-input":{"@type":"PropertyValueSpecification","valueRequired":true,"valueName":"search_term_string"}}],"inLanguage":"az"},{"@type":"Organization","@id":"https:\/\/www.meydan.tv\/az\/#organization","name":"Meydan TV","url":"https:\/\/www.meydan.tv\/az\/","logo":{"@type":"ImageObject","inLanguage":"az","@id":"https:\/\/www.meydan.tv\/az\/#\/schema\/logo\/image\/","url":"https:\/\/www.meydan.tv\/wp-content\/uploads\/2021\/07\/meydan-logo.svg","contentUrl":"https:\/\/www.meydan.tv\/wp-content\/uploads\/2021\/07\/meydan-logo.svg","width":195,"height":46,"caption":"Meydan TV"},"image":{"@id":"https:\/\/www.meydan.tv\/az\/#\/schema\/logo\/image\/"}},{"@type":"Person","@id":"https:\/\/www.meydan.tv\/az\/#\/schema\/person\/10d11eccf6da3662cf5fdab9806ea91a","name":"user-manager"}]}},"_links":{"self":[{"href":"https:\/\/www.meydan.tv\/az\/wp-json\/wp\/v2\/posts\/205536","targetHints":{"allow":["GET"]}}],"collection":[{"href":"https:\/\/www.meydan.tv\/az\/wp-json\/wp\/v2\/posts"}],"about":[{"href":"https:\/\/www.meydan.tv\/az\/wp-json\/wp\/v2\/types\/post"}],"author":[{"embeddable":true,"href":"https:\/\/www.meydan.tv\/az\/wp-json\/wp\/v2\/users\/11"}],"replies":[{"embeddable":true,"href":"https:\/\/www.meydan.tv\/az\/wp-json\/wp\/v2\/comments?post=205536"}],"version-history":[{"count":0,"href":"https:\/\/www.meydan.tv\/az\/wp-json\/wp\/v2\/posts\/205536\/revisions"}],"wp:featuredmedia":[{"embeddable":true,"href":"https:\/\/www.meydan.tv\/az\/wp-json\/wp\/v2\/media\/129586"}],"wp:attachment":[{"href":"https:\/\/www.meydan.tv\/az\/wp-json\/wp\/v2\/media?parent=205536"}],"wp:term":[{"taxonomy":"category","embeddable":true,"href":"https:\/\/www.meydan.tv\/az\/wp-json\/wp\/v2\/categories?post=205536"},{"taxonomy":"post_tag","embeddable":true,"href":"https:\/\/www.meydan.tv\/az\/wp-json\/wp\/v2\/tags?post=205536"}],"curies":[{"name":"wp","href":"https:\/\/api.w.org\/{rel}","templated":true}]}}