{"id":205506,"date":"2021-03-26T12:51:03","date_gmt":"2021-03-26T12:51:03","guid":{"rendered":"https:\/\/www.meydan.tv\/article\/qarabag-haqqinda-yeni-film-cekilecek\/"},"modified":"2021-03-26T12:51:03","modified_gmt":"2021-03-26T12:51:03","slug":"qarabag-haqqinda-yeni-film-cekilecek","status":"publish","type":"post","link":"https:\/\/www.meydan.tv\/az\/article\/qarabag-haqqinda-yeni-film-cekilecek\/","title":{"rendered":"Qaraba\u011f haqq\u0131nda yeni film \u00e7\u0259kil\u0259c\u0259k"},"content":{"rendered":"<p>\n  <i><br \/>\n    Filmin ad\u0131 \u201cSar\u0131 b\u00fc\u0131b\u00fcl\u201d mahn\u0131s\u0131ndan g\u00f6t\u00fcr\u00fcl\u00fcb: \u201cYox i\u00e7ind\u0259 xar\u0131 b\u00fclb\u00fcl\u201d<br \/>\n  <\/i>\n<\/p>\n<p>\n  Qaraba\u011f m\u00f6vzusunda yeni film \u00e7\u0259kil\u0259c\u0259k.\n<\/p>\n<p>\n  Rejissor Zaur Tahirsoy Meydan TV-y\u0259 bildirib ki, film erm\u0259nil\u0259rin Az\u0259rbaycana k\u00f6\u00e7\u00fcr\u00fclm\u0259si, h\u0259m\u00e7inin Qaraba\u011f xan\u0131 \u0130brahimin q\u0131z\u0131 A\u011fab\u0259yim a\u011fa haqq\u0131nda olacaq.\n<\/p>\n<p>\n  On iki hiss\u0259li b\u0259dii film yaz\u0131\u00e7\u0131-dramaturq \u0130lyas \u018ff\u0259ndiyevin \u201cH\u00f6kmdar v\u0259 q\u0131z\u0131\u201d pyesinin motivl\u0259ri \u0259sas\u0131nda ekranla\u015fd\u0131r\u0131lacaq.\n<\/p>\n<p>\n  Filmin ad\u0131 Az\u0259rbaycan\u0131n xalq mahn\u0131s\u0131 \u201cSar\u0131 b\u00fclb\u00fcl\u201dd\u0259n g\u00f6t\u00fcr\u00fcl\u00fcb.\n<\/p>\n<p>\n  \u201cYox i\u00e7ind\u0259 xar\u0131 b\u00fclb\u00fcl\u201d adl\u0131 tarixi filmd\u0259 ba\u015f rollar\u0131 kino v\u0259 teatr aktyorlar\u0131 &#8211; xalq artisti P\u0259rviz M\u0259mm\u0259drzayev v\u0259 \u0259m\u0259kdar artist V\u0259fa Zeynalova oynayacaq:\n<\/p>\n<p>\n  \u201cSsenari \u00fcz\u0259rind\u0259 i\u015fl\u0259r tam yekunla\u015fandan sonra \u00e7\u0259kil\u0259c\u0259k dig\u0259r aktyorlarla da dan\u0131\u015f\u0131qlar apar\u0131lacaq. Filmin \u00e7\u0259kili\u015f m\u0259kan\u0131 il\u0259 ba\u011fl\u0131 dan\u0131\u015fmaq h\u0259l\u0259 tezdir. \u00c7ox ist\u0259rdik ki, Qaraba\u011fda, \u015eu\u015fada kino pavilyonu qurulsun. Haz\u0131rk\u0131 v\u0259ziyy\u0259t\u0259 g\u00f6r\u0259 ola bilsin ki, Bak\u0131da \u015f\u0259h\u0259rcik qurulsun v\u0259 film burada \u00e7\u0259kilsin\u201d.\n<\/p>\n<p>\n  \u201cYox i\u00e7ind\u0259 xar\u0131 b\u00fclb\u00fcl\u201d Az\u0259rbaycan Film Akademiyas\u0131 t\u0259r\u0259find\u0259n \u0259rs\u0259y\u0259 g\u0259l\u0259c\u0259k.<\/p>\n","protected":false},"excerpt":{"rendered":"<p>\u201cYox i\u00e7ind\u0259 xar\u0131 b\u00fclb\u00fcl\u201d Az\u0259rbaycan Film Akademiyas\u0131 t\u0259r\u0259find\u0259n \u0259rs\u0259y\u0259 g\u0259l\u0259c\u0259k.<\/p>\n","protected":false},"author":11,"featured_media":158334,"comment_status":"closed","ping_status":"open","sticky":false,"template":"","format":"standard","meta":{"_acf_changed":false,"_sitemap_exclude":false,"_sitemap_priority":"","_sitemap_frequency":"","footnotes":""},"categories":[52],"tags":[],"class_list":["post-205506","post","type-post","status-publish","format-standard","has-post-thumbnail","hentry","category-medeniyyet","infinite-scroll-item","generate-columns","tablet-grid-50","mobile-grid-100","grid-parent","grid-33","no-featured-image-padding"],"acf":[],"yoast_head":"<!-- This site is optimized with the Yoast SEO plugin v27.4 - https:\/\/yoast.com\/product\/yoast-seo-wordpress\/ -->\n<title>Qaraba\u011f haqq\u0131nda yeni film \u00e7\u0259kil\u0259c\u0259k - MEYDAN.TV<\/title>\n<meta name=\"robots\" content=\"index, follow, max-snippet:-1, max-image-preview:large, max-video-preview:-1\" \/>\n<link rel=\"canonical\" href=\"https:\/\/www.meydan.tv\/az\/article\/qarabag-haqqinda-yeni-film-cekilecek\/\" \/>\n<meta property=\"og:locale\" content=\"az_AZ\" \/>\n<meta property=\"og:type\" content=\"article\" \/>\n<meta property=\"og:title\" content=\"Qaraba\u011f haqq\u0131nda yeni film \u00e7\u0259kil\u0259c\u0259k - MEYDAN.TV\" \/>\n<meta property=\"og:description\" content=\"\u201cYox i\u00e7ind\u0259 xar\u0131 b\u00fclb\u00fcl\u201d Az\u0259rbaycan Film Akademiyas\u0131 t\u0259r\u0259find\u0259n \u0259rs\u0259y\u0259 g\u0259l\u0259c\u0259k.\" \/>\n<meta property=\"og:url\" content=\"https:\/\/www.meydan.tv\/az\/article\/qarabag-haqqinda-yeni-film-cekilecek\/\" \/>\n<meta property=\"og:site_name\" content=\"MEYDAN.TV\" \/>\n<meta property=\"article:published_time\" content=\"2021-03-26T12:51:03+00:00\" \/>\n<meta property=\"og:image\" content=\"https:\/\/www.meydan.tv\/wp-content\/uploads\/untitled_design_yjyhz6z.png\" \/>\n\t<meta property=\"og:image:width\" content=\"1920\" \/>\n\t<meta property=\"og:image:height\" content=\"1080\" \/>\n\t<meta property=\"og:image:type\" content=\"image\/png\" \/>\n<meta name=\"author\" content=\"user-manager\" \/>\n<meta name=\"twitter:card\" content=\"summary_large_image\" \/>\n<script type=\"application\/ld+json\" class=\"yoast-schema-graph\">{\"@context\":\"https:\\\/\\\/schema.org\",\"@graph\":[{\"@type\":\"Article\",\"@id\":\"https:\\\/\\\/www.meydan.tv\\\/az\\\/article\\\/qarabag-haqqinda-yeni-film-cekilecek\\\/#article\",\"isPartOf\":{\"@id\":\"https:\\\/\\\/www.meydan.tv\\\/az\\\/article\\\/qarabag-haqqinda-yeni-film-cekilecek\\\/\"},\"author\":{\"name\":\"user-manager\",\"@id\":\"https:\\\/\\\/www.meydan.tv\\\/az\\\/#\\\/schema\\\/person\\\/10d11eccf6da3662cf5fdab9806ea91a\"},\"headline\":\"Qaraba\u011f haqq\u0131nda yeni film \u00e7\u0259kil\u0259c\u0259k\",\"datePublished\":\"2021-03-26T12:51:03+00:00\",\"mainEntityOfPage\":{\"@id\":\"https:\\\/\\\/www.meydan.tv\\\/az\\\/article\\\/qarabag-haqqinda-yeni-film-cekilecek\\\/\"},\"wordCount\":231,\"publisher\":{\"@id\":\"https:\\\/\\\/www.meydan.tv\\\/az\\\/#organization\"},\"image\":{\"@id\":\"https:\\\/\\\/www.meydan.tv\\\/az\\\/article\\\/qarabag-haqqinda-yeni-film-cekilecek\\\/#primaryimage\"},\"thumbnailUrl\":\"https:\\\/\\\/www.meydan.tv\\\/wp-content\\\/uploads\\\/untitled_design_yjyhz6z.png\",\"articleSection\":[\"M\u0259d\u0259niyy\u0259t\"],\"inLanguage\":\"az\"},{\"@type\":\"WebPage\",\"@id\":\"https:\\\/\\\/www.meydan.tv\\\/az\\\/article\\\/qarabag-haqqinda-yeni-film-cekilecek\\\/\",\"url\":\"https:\\\/\\\/www.meydan.tv\\\/az\\\/article\\\/qarabag-haqqinda-yeni-film-cekilecek\\\/\",\"name\":\"Qaraba\u011f haqq\u0131nda yeni film \u00e7\u0259kil\u0259c\u0259k - MEYDAN.TV\",\"isPartOf\":{\"@id\":\"https:\\\/\\\/www.meydan.tv\\\/az\\\/#website\"},\"primaryImageOfPage\":{\"@id\":\"https:\\\/\\\/www.meydan.tv\\\/az\\\/article\\\/qarabag-haqqinda-yeni-film-cekilecek\\\/#primaryimage\"},\"image\":{\"@id\":\"https:\\\/\\\/www.meydan.tv\\\/az\\\/article\\\/qarabag-haqqinda-yeni-film-cekilecek\\\/#primaryimage\"},\"thumbnailUrl\":\"https:\\\/\\\/www.meydan.tv\\\/wp-content\\\/uploads\\\/untitled_design_yjyhz6z.png\",\"datePublished\":\"2021-03-26T12:51:03+00:00\",\"breadcrumb\":{\"@id\":\"https:\\\/\\\/www.meydan.tv\\\/az\\\/article\\\/qarabag-haqqinda-yeni-film-cekilecek\\\/#breadcrumb\"},\"inLanguage\":\"az\",\"potentialAction\":[{\"@type\":\"ReadAction\",\"target\":[\"https:\\\/\\\/www.meydan.tv\\\/az\\\/article\\\/qarabag-haqqinda-yeni-film-cekilecek\\\/\"]}]},{\"@type\":\"ImageObject\",\"inLanguage\":\"az\",\"@id\":\"https:\\\/\\\/www.meydan.tv\\\/az\\\/article\\\/qarabag-haqqinda-yeni-film-cekilecek\\\/#primaryimage\",\"url\":\"https:\\\/\\\/www.meydan.tv\\\/wp-content\\\/uploads\\\/untitled_design_yjyhz6z.png\",\"contentUrl\":\"https:\\\/\\\/www.meydan.tv\\\/wp-content\\\/uploads\\\/untitled_design_yjyhz6z.png\",\"width\":1920,\"height\":1080,\"caption\":\"Source: Specify Source\"},{\"@type\":\"BreadcrumbList\",\"@id\":\"https:\\\/\\\/www.meydan.tv\\\/az\\\/article\\\/qarabag-haqqinda-yeni-film-cekilecek\\\/#breadcrumb\",\"itemListElement\":[{\"@type\":\"ListItem\",\"position\":1,\"name\":\"Ana s\u0259hif\u0259\",\"item\":\"https:\\\/\\\/www.meydan.tv\\\/az\\\/\"},{\"@type\":\"ListItem\",\"position\":2,\"name\":\"M\u0259d\u0259niyy\u0259t\",\"item\":\"https:\\\/\\\/www.meydan.tv\\\/az\\\/section\\\/medeniyyet\\\/\"},{\"@type\":\"ListItem\",\"position\":3,\"name\":\"Qaraba\u011f haqq\u0131nda yeni film \u00e7\u0259kil\u0259c\u0259k\"}]},{\"@type\":\"WebSite\",\"@id\":\"https:\\\/\\\/www.meydan.tv\\\/az\\\/#website\",\"url\":\"https:\\\/\\\/www.meydan.tv\\\/az\\\/\",\"name\":\"MEYDAN.TV\",\"description\":\"Meydan TV Az\u0259rbaycan\u0131n media m\u0259kan\u0131ndak\u0131 alternativ s\u0259sidir\",\"publisher\":{\"@id\":\"https:\\\/\\\/www.meydan.tv\\\/az\\\/#organization\"},\"potentialAction\":[{\"@type\":\"SearchAction\",\"target\":{\"@type\":\"EntryPoint\",\"urlTemplate\":\"https:\\\/\\\/www.meydan.tv\\\/az\\\/?s={search_term_string}\"},\"query-input\":{\"@type\":\"PropertyValueSpecification\",\"valueRequired\":true,\"valueName\":\"search_term_string\"}}],\"inLanguage\":\"az\"},{\"@type\":\"Organization\",\"@id\":\"https:\\\/\\\/www.meydan.tv\\\/az\\\/#organization\",\"name\":\"Meydan TV\",\"url\":\"https:\\\/\\\/www.meydan.tv\\\/az\\\/\",\"logo\":{\"@type\":\"ImageObject\",\"inLanguage\":\"az\",\"@id\":\"https:\\\/\\\/www.meydan.tv\\\/az\\\/#\\\/schema\\\/logo\\\/image\\\/\",\"url\":\"https:\\\/\\\/www.meydan.tv\\\/wp-content\\\/uploads\\\/2021\\\/07\\\/meydan-logo.svg\",\"contentUrl\":\"https:\\\/\\\/www.meydan.tv\\\/wp-content\\\/uploads\\\/2021\\\/07\\\/meydan-logo.svg\",\"width\":195,\"height\":46,\"caption\":\"Meydan TV\"},\"image\":{\"@id\":\"https:\\\/\\\/www.meydan.tv\\\/az\\\/#\\\/schema\\\/logo\\\/image\\\/\"}},{\"@type\":\"Person\",\"@id\":\"https:\\\/\\\/www.meydan.tv\\\/az\\\/#\\\/schema\\\/person\\\/10d11eccf6da3662cf5fdab9806ea91a\",\"name\":\"user-manager\"}]}<\/script>\n<!-- \/ Yoast SEO plugin. -->","yoast_head_json":{"title":"Qaraba\u011f haqq\u0131nda yeni film \u00e7\u0259kil\u0259c\u0259k - MEYDAN.TV","robots":{"index":"index","follow":"follow","max-snippet":"max-snippet:-1","max-image-preview":"max-image-preview:large","max-video-preview":"max-video-preview:-1"},"canonical":"https:\/\/www.meydan.tv\/az\/article\/qarabag-haqqinda-yeni-film-cekilecek\/","og_locale":"az_AZ","og_type":"article","og_title":"Qaraba\u011f haqq\u0131nda yeni film \u00e7\u0259kil\u0259c\u0259k - MEYDAN.TV","og_description":"\u201cYox i\u00e7ind\u0259 xar\u0131 b\u00fclb\u00fcl\u201d Az\u0259rbaycan Film Akademiyas\u0131 t\u0259r\u0259find\u0259n \u0259rs\u0259y\u0259 g\u0259l\u0259c\u0259k.","og_url":"https:\/\/www.meydan.tv\/az\/article\/qarabag-haqqinda-yeni-film-cekilecek\/","og_site_name":"MEYDAN.TV","article_published_time":"2021-03-26T12:51:03+00:00","og_image":[{"width":1920,"height":1080,"url":"https:\/\/www.meydan.tv\/wp-content\/uploads\/untitled_design_yjyhz6z.png","type":"image\/png"}],"author":"user-manager","twitter_card":"summary_large_image","schema":{"@context":"https:\/\/schema.org","@graph":[{"@type":"Article","@id":"https:\/\/www.meydan.tv\/az\/article\/qarabag-haqqinda-yeni-film-cekilecek\/#article","isPartOf":{"@id":"https:\/\/www.meydan.tv\/az\/article\/qarabag-haqqinda-yeni-film-cekilecek\/"},"author":{"name":"user-manager","@id":"https:\/\/www.meydan.tv\/az\/#\/schema\/person\/10d11eccf6da3662cf5fdab9806ea91a"},"headline":"Qaraba\u011f haqq\u0131nda yeni film \u00e7\u0259kil\u0259c\u0259k","datePublished":"2021-03-26T12:51:03+00:00","mainEntityOfPage":{"@id":"https:\/\/www.meydan.tv\/az\/article\/qarabag-haqqinda-yeni-film-cekilecek\/"},"wordCount":231,"publisher":{"@id":"https:\/\/www.meydan.tv\/az\/#organization"},"image":{"@id":"https:\/\/www.meydan.tv\/az\/article\/qarabag-haqqinda-yeni-film-cekilecek\/#primaryimage"},"thumbnailUrl":"https:\/\/www.meydan.tv\/wp-content\/uploads\/untitled_design_yjyhz6z.png","articleSection":["M\u0259d\u0259niyy\u0259t"],"inLanguage":"az"},{"@type":"WebPage","@id":"https:\/\/www.meydan.tv\/az\/article\/qarabag-haqqinda-yeni-film-cekilecek\/","url":"https:\/\/www.meydan.tv\/az\/article\/qarabag-haqqinda-yeni-film-cekilecek\/","name":"Qaraba\u011f haqq\u0131nda yeni film \u00e7\u0259kil\u0259c\u0259k - MEYDAN.TV","isPartOf":{"@id":"https:\/\/www.meydan.tv\/az\/#website"},"primaryImageOfPage":{"@id":"https:\/\/www.meydan.tv\/az\/article\/qarabag-haqqinda-yeni-film-cekilecek\/#primaryimage"},"image":{"@id":"https:\/\/www.meydan.tv\/az\/article\/qarabag-haqqinda-yeni-film-cekilecek\/#primaryimage"},"thumbnailUrl":"https:\/\/www.meydan.tv\/wp-content\/uploads\/untitled_design_yjyhz6z.png","datePublished":"2021-03-26T12:51:03+00:00","breadcrumb":{"@id":"https:\/\/www.meydan.tv\/az\/article\/qarabag-haqqinda-yeni-film-cekilecek\/#breadcrumb"},"inLanguage":"az","potentialAction":[{"@type":"ReadAction","target":["https:\/\/www.meydan.tv\/az\/article\/qarabag-haqqinda-yeni-film-cekilecek\/"]}]},{"@type":"ImageObject","inLanguage":"az","@id":"https:\/\/www.meydan.tv\/az\/article\/qarabag-haqqinda-yeni-film-cekilecek\/#primaryimage","url":"https:\/\/www.meydan.tv\/wp-content\/uploads\/untitled_design_yjyhz6z.png","contentUrl":"https:\/\/www.meydan.tv\/wp-content\/uploads\/untitled_design_yjyhz6z.png","width":1920,"height":1080,"caption":"Source: Specify Source"},{"@type":"BreadcrumbList","@id":"https:\/\/www.meydan.tv\/az\/article\/qarabag-haqqinda-yeni-film-cekilecek\/#breadcrumb","itemListElement":[{"@type":"ListItem","position":1,"name":"Ana s\u0259hif\u0259","item":"https:\/\/www.meydan.tv\/az\/"},{"@type":"ListItem","position":2,"name":"M\u0259d\u0259niyy\u0259t","item":"https:\/\/www.meydan.tv\/az\/section\/medeniyyet\/"},{"@type":"ListItem","position":3,"name":"Qaraba\u011f haqq\u0131nda yeni film \u00e7\u0259kil\u0259c\u0259k"}]},{"@type":"WebSite","@id":"https:\/\/www.meydan.tv\/az\/#website","url":"https:\/\/www.meydan.tv\/az\/","name":"MEYDAN.TV","description":"Meydan TV Az\u0259rbaycan\u0131n media m\u0259kan\u0131ndak\u0131 alternativ s\u0259sidir","publisher":{"@id":"https:\/\/www.meydan.tv\/az\/#organization"},"potentialAction":[{"@type":"SearchAction","target":{"@type":"EntryPoint","urlTemplate":"https:\/\/www.meydan.tv\/az\/?s={search_term_string}"},"query-input":{"@type":"PropertyValueSpecification","valueRequired":true,"valueName":"search_term_string"}}],"inLanguage":"az"},{"@type":"Organization","@id":"https:\/\/www.meydan.tv\/az\/#organization","name":"Meydan TV","url":"https:\/\/www.meydan.tv\/az\/","logo":{"@type":"ImageObject","inLanguage":"az","@id":"https:\/\/www.meydan.tv\/az\/#\/schema\/logo\/image\/","url":"https:\/\/www.meydan.tv\/wp-content\/uploads\/2021\/07\/meydan-logo.svg","contentUrl":"https:\/\/www.meydan.tv\/wp-content\/uploads\/2021\/07\/meydan-logo.svg","width":195,"height":46,"caption":"Meydan TV"},"image":{"@id":"https:\/\/www.meydan.tv\/az\/#\/schema\/logo\/image\/"}},{"@type":"Person","@id":"https:\/\/www.meydan.tv\/az\/#\/schema\/person\/10d11eccf6da3662cf5fdab9806ea91a","name":"user-manager"}]}},"_links":{"self":[{"href":"https:\/\/www.meydan.tv\/az\/wp-json\/wp\/v2\/posts\/205506","targetHints":{"allow":["GET"]}}],"collection":[{"href":"https:\/\/www.meydan.tv\/az\/wp-json\/wp\/v2\/posts"}],"about":[{"href":"https:\/\/www.meydan.tv\/az\/wp-json\/wp\/v2\/types\/post"}],"author":[{"embeddable":true,"href":"https:\/\/www.meydan.tv\/az\/wp-json\/wp\/v2\/users\/11"}],"replies":[{"embeddable":true,"href":"https:\/\/www.meydan.tv\/az\/wp-json\/wp\/v2\/comments?post=205506"}],"version-history":[{"count":0,"href":"https:\/\/www.meydan.tv\/az\/wp-json\/wp\/v2\/posts\/205506\/revisions"}],"wp:featuredmedia":[{"embeddable":true,"href":"https:\/\/www.meydan.tv\/az\/wp-json\/wp\/v2\/media\/158334"}],"wp:attachment":[{"href":"https:\/\/www.meydan.tv\/az\/wp-json\/wp\/v2\/media?parent=205506"}],"wp:term":[{"taxonomy":"category","embeddable":true,"href":"https:\/\/www.meydan.tv\/az\/wp-json\/wp\/v2\/categories?post=205506"},{"taxonomy":"post_tag","embeddable":true,"href":"https:\/\/www.meydan.tv\/az\/wp-json\/wp\/v2\/tags?post=205506"}],"curies":[{"name":"wp","href":"https:\/\/api.w.org\/{rel}","templated":true}]}}