{"id":205459,"date":"2021-03-22T16:40:48","date_gmt":"2021-03-22T16:40:48","guid":{"rendered":"https:\/\/www.meydan.tv\/article\/qaza-qaza-gelib-pay-torpaqlarimiza-catiblar\/"},"modified":"2021-03-22T16:40:48","modified_gmt":"2021-03-22T16:40:48","slug":"qaza-qaza-gelib-pay-torpaqlarimiza-catiblar","status":"publish","type":"post","link":"https:\/\/www.meydan.tv\/az\/article\/qaza-qaza-gelib-pay-torpaqlarimiza-catiblar\/","title":{"rendered":"\u201cQaza-qaza g\u0259lib pay torpaqlar\u0131m\u0131za \u00e7at\u0131blar\u201d"},"content":{"rendered":"<p>\n  <i><br \/>\n    Yuxar\u0131 T\u0259ngivan k\u0259ndinin sakinl\u0259ri iddia edir ki, \u00e7ay\u0131n dibini qazan i\u015fbazlar indi d\u0259 sahill\u0259ri qaz\u0131rlar<br \/>\n  <\/i>\n<\/p>\n<p>\n  \u201cNe\u00e7\u0259 ildir ki, \u00e7ay\u0131n dibini qaz\u0131rd\u0131lar, indi d\u0259 ke\u00e7ibl\u0259r sahill\u0259r\u0259&#8230; Qaz\u0131nt\u0131 pay torpaqlar\u0131m\u0131za \u00e7at\u0131b. Art\u0131q k\u0259nd sakinl\u0259ri i\u015fbazlarla bacara bilmirl\u0259r. Heyvandarl\u0131q, \u0259kin\u00e7ilik m\u0259hv olur, insanlar\u0131n k\u0259ndd\u0259n k\u00f6\u00e7 etm\u0259sind\u0259n ba\u015fqa \u00e7ar\u0259si qalmay\u0131b. Bir azdan k\u0259ndd\u0259 he\u00e7 k\u0259s qalmayacaq\u201d.\n<\/p>\n<p>\n  L\u0259nk\u0259ran\u0131n Yuxar\u0131 T\u0259ngivan k\u0259nd sakinl\u0259ri Meydan TV-y\u0259 dan\u0131\u015f\u0131rlar ki, k\u0259ndi iki hiss\u0259y\u0259 b\u00f6l\u0259n L\u0259nk\u0259ran\u00e7ay\u0131 qazaraq \u00e7\u0131nq\u0131l \u00e7\u0131xaran hans\u0131sa sahibkar indi d\u0259 \u00e7ay\u0131n sahill\u0259rind\u0259 qaz\u0131nt\u0131 apar\u0131r. M\u0259qs\u0259d yen\u0259 d\u0259 \u00e7\u0131nq\u0131l \u00e7\u0131xarmaqd\u0131r. Qaz\u0131nt\u0131n\u0131n pay torpaqlar\u0131nad\u0259k g\u0259lib \u00e7atmas\u0131 k\u0259ndlil\u0259ri narahat edir.\n<\/p>\n<h3>\n  \u201cQaz\u0131nt\u0131n\u0131n miqyas\u0131 b\u00f6y\u00fcy\u00fcr, adama \u201cdayan\u201d dey\u0259n yoxdur\u201d<br \/>\n<\/h3>\n<p>\n  K\u0259nd sakini \u015eakir \u015eahverdiyev:\n<\/p>\n<p>\n  \u201cTorpaqlar s\u00fcr\u0259tl\u0259 qaz\u0131l\u0131r, qaz\u0131nt\u0131n\u0131n miqyas\u0131 b\u00f6y\u00fcy\u00fcr, ancaq bu adama \u201cdayan\u201d, \u201cdur\u201d dey\u0259n yoxdur. \u018fvv\u0259ll\u0259r davam\u0131z o idi ki, \u00e7ay\u0131 o t\u0259r\u0259f\u0259 ke\u00e7\u0259 bilmirik, \u00e7\u00fcnki \u00fcz\u0259rind\u0259 o taya ke\u00e7m\u0259k \u00fc\u00e7\u00fcn k\u00f6rp\u00fc yoxdur. \u00d6r\u00fc\u015f, \u0259kin\u00a0 sah\u0259l\u0259rimiz\u0259 \u00e7\u0259tinlikl\u0259 ke\u00e7irik. \u0130ndi is\u0259 bu gedi\u015fl\u0259 h\u0259min sah\u0259l\u0259rimizd\u0259n \u0259limizi \u00fczm\u0259li olaca\u011f\u0131q\u201d.\n<\/p>\n<p>\n  Sakinl\u0259r iddia edir ki, torpaqlar \u0259n az\u0131 12 metr d\u0259rinliyind\u0259 qaz\u0131l\u0131r. Bu is\u0259 h\u0259m \u0259razid\u0259, h\u0259m d\u0259 \u00fcmumiyy\u0259tl\u0259, k\u0259ndd\u0259 torpaq s\u00fcr\u00fc\u015fm\u0259sin\u0259 s\u0259b\u0259b ola bil\u0259r. K\u0259nd sakini Famil N\u00fcsr\u0259tov:\n<\/p>\n<p>\n  \u201c\u00c7ay\u0131n dibini d\u0259 ill\u0259rdir ki, qaz\u0131rd\u0131lar. Qaz\u0131nt\u0131n\u0131n d\u0259rinliyi d\u0259 20 metrd\u0259n \u00e7ox idi. O q\u0259d\u0259r qazd\u0131lar ki, \u00e7ay\u0131n dibind\u0259 bo\u015fluqlar \u0259m\u0259l\u0259 g\u0259ldi, indi tez-tez da\u015fq\u0131nlar ba\u015f verir. \u00dcst\u0259lik torpa\u011f\u0131 da qaz\u0131rlar. Bu qaz\u0131nt\u0131lar bizi \u00fcz\u00fc f\u0259lak\u0259t\u0259 apar\u0131r. G\u00f6r\u00fcn bunlar insanlara n\u0259 q\u0259d\u0259r z\u0259r\u0259r vururlar, h\u0259m t\u0259s\u0259rr\u00fcfatla m\u0259\u015f\u011ful ola bilmirik, bu gedi\u015fl\u0259 \u0259kin torpaqlar\u0131m\u0131z erroziyaya m\u0259ruz qalacaq, h\u0259m d\u0259 ya\u015fad\u0131\u011f\u0131m\u0131z \u0259razil\u0259r g\u0259l\u0259c\u0259kd\u0259 s\u00fcr\u00fc\u015fm\u0259 t\u0259hl\u00fck\u0259si il\u0259 \u00fcz-\u00fcz\u0259 qalacaq. Torpaq qaz\u0131ld\u0131qca alt qatlarda bo\u015fluqlar \u0259m\u0259l\u0259 g\u0259lir\u201d.\n<\/p>\n<figure class=\"wp-block-image size-large\">\n  <img decoding=\"async\" src=\"https:\/\/www.meydan.tv\/az\/photo-2021-03-22-11-13-44-jpg\/\" alt=\"PHOTO-2021-03-22-11-13-44.jpg\" class=\"wp-image-158133\"\/><figcaption>\n    K\u0259nd sakini \u015eakir \u015eahverdiyev<br \/>\n  <\/figcaption><\/figure>\n<h3>\n  \u201cSel heyvanlar\u0131 apar\u0131r\u201d<br \/>\n<\/h3>\n<p>\n  K\u0259nd sakini Ruslan M\u0259mm\u0259dov deyir, onlar onsuz da ill\u0259rdir ki, \u00e7ay\u0131 o taya ke\u00e7m\u0259k \u00fc\u00e7\u00fcn \u00fcz\u0259rind\u0259n k\u00f6rp\u00fc sal\u0131nmas\u0131n\u0131 t\u0259l\u0259b edirdil\u0259r. \u0130ndi is\u0259 \u0259ziyy\u0259tl\u0259ri daha da art\u0131b:\n<\/p>\n<p>\n  \u201c\u00c7ay\u0131n \u00fcz\u0259rind\u0259 k\u00f6rp\u00fc yoxdur. T\u0259s\u0259rr\u00fcfat torpaqlar\u0131m\u0131za ke\u00e7m\u0259k \u00fc\u00e7\u00fcn \u00e7ay\u0131n i\u00e7ind\u0259n ke\u00e7ib getm\u0259li oluruq. Dibin\u0131n qaz\u0131lmas\u0131 \u00e7ayda bo\u015fluqlar yarad\u0131b, \u00e7ay\u0131n miqyas\u0131 geni\u015fl\u0259nib, tez-tez da\u015fq\u0131nlar ba\u015f verir. N\u0259tic\u0259d\u0259 heyvanlar\u0131 o taya ke\u00e7irm\u0259k ist\u0259y\u0259rk\u0259n sel apar\u0131r. D\u0259f\u0259l\u0259rl\u0259 insanlar\u0131 da sel apar\u0131b, h\u0259yatlar\u0131n\u0131 son anda xilas ed\u0259 bilmi\u015fik. Dem\u0259yimiz odur ki, bunlar \u00e7ay\u0131n dibini qazmaqla onsuz da biz\u0259 d\u0259rin probleml\u0259r yaratm\u0131\u015fd\u0131lar, indi d\u0259 ke\u00e7ibl\u0259r sahill\u0259r\u0259&#8230;\u201d\n<\/p>\n<h3>\n  \u201cS\u0259simiz\u0259 s\u0259s ver\u0259n yoxdur\u201d<br \/>\n<\/h3>\n<p>\n  K\u0259nd saknl\u0259ri Ekologiya v\u0259 T\u0259bii S\u0259rv\u0259tl\u0259r Nazirliyinin rayon \u015f\u00f6b\u0259sin\u0259 d\u0259f\u0259l\u0259rl\u0259 m\u00fcraci\u0259t etdikl\u0259rini bildirirl\u0259r:\n<\/p>\n<p>\n  \u201cZ\u0259ng vururuq ki, burda torpaqlar qaz\u0131l\u0131r, g\u0259lin, yerind\u0259 bax\u0131\u015f ke\u00e7irin, aktla\u015fd\u0131r\u0131n, t\u0259dbir g\u00f6r\u00fcn, deyirl\u0259r, x\u0259b\u0259rimiz var, onlar\u0131n i\u015fl\u0259ri tam qanunidir, \u0259ll\u0259rind\u0259 s\u0259n\u0259dl\u0259ri var. Anlam\u0131r\u0131q ki, bu boyda torpaqlar\u0131 hans\u0131 s\u0259n\u0259d\u0259 \u0259sas\u0259n qaz\u0131b t\u00f6km\u0259k olar? O s\u0259n\u0259di ver\u0259n hans\u0131 d\u00f6vl\u0259t qurumudur? O s\u0259n\u0259d n\u0259d\u0259n ibar\u0259tdir?\u201d\n<\/p>\n<p>\n  Qeyri-i\u015f g\u00fcnl\u0259ri oldu\u011funa g\u00f6r\u0259 m\u0259s\u0259l\u0259y\u0259 Ekologiya v\u0259 T\u0259bii S\u0259rv\u0259tl\u0259r Nazirliyind\u0259n m\u00fcnasib\u0259t \u00f6yr\u0259nm\u0259k m\u00fcmk\u00fcn olmay\u0131b. L\u0259nk\u0259ran \u015f\u0259h\u0259r \u0130cra Hakimiyy\u0259tind\u0259n is\u0259 bildirilib ki, L\u0259nk\u0259ran\u00e7ay \u00e7ay\u0131ndak\u0131 qaz\u0131nt\u0131larla ba\u011fl\u0131 Yuxar\u0131 T\u0259ngivan k\u0259nd sakinl\u0259rinin m\u00fcraci\u0259tl\u0259ri \u0259sas\u0131nda Ekologiya v\u0259 T\u0259bii S\u0259rv\u0259tl\u0259r Nazirliyinin \u0259m\u0259kda\u015flar\u0131 \u0259vv\u0259ll\u0259r\u00a0 \u0259razid\u0259 ara\u015fd\u0131rma apar\u0131blar. Ancaq m\u0259lum olub ki, v\u0259ziyy\u0259t sakinl\u0259rin dediyi kimi deyil. Sahibkar qaz\u0131nt\u0131 zaman\u0131 b\u00fct\u00fcn normativl\u0259r\u0259 \u0259m\u0259l edib. \u00c7ay sahill\u0259rinin qaz\u0131lmas\u0131 il\u0259 ba\u011fl\u0131 is\u0259 qurumda m\u0259lumat yoxdur. Yaln\u0131z qeyri-i\u015f g\u00fcnl\u0259ri bitdikd\u0259n sonra m\u0259s\u0259l\u0259ni ara\u015fd\u0131rmaq m\u00fcmk\u00fcn olacaq.\n<\/p>\n<p>\n  Yuxar\u0131 T\u0259ngivanda \u0259halinin say\u0131 300 n\u0259f\u0259r civar\u0131ndad\u0131r. \u018fhalinin dolan\u0131\u015f\u0131\u011f\u0131 k\u0259ndi iki hiss\u0259y\u0259 b\u00f6l\u0259n L\u0259nk\u0259ran\u00e7ay\u0131n o tay\u0131ndak\u0131 pay torpaqlar\u0131ndan \u00e7\u0131x\u0131r. \u00c7\u00fcnki k\u0259ndlil\u0259rin \u0259sas m\u0259\u015f\u011fuliyy\u0259ti \u0259kin\u00e7ilik v\u0259 heyvandarl\u0131qdan ibar\u0259tdir.<\/p>\n","protected":false},"excerpt":{"rendered":"<p>Yuxar\u0131 T\u0259ngivan k\u0259ndinin sakinl\u0259ri iddia edir ki, \u00e7ay\u0131n dibini qazan i\u015fbazlar indi d\u0259 sahill\u0259ri qaz\u0131rlar<\/p>\n","protected":false},"author":11,"featured_media":158127,"comment_status":"closed","ping_status":"open","sticky":false,"template":"","format":"standard","meta":{"_acf_changed":false,"_sitemap_exclude":false,"_sitemap_priority":"","_sitemap_frequency":"","footnotes":""},"categories":[60],"tags":[],"class_list":["post-205459","post","type-post","status-publish","format-standard","has-post-thumbnail","hentry","category-bolge","infinite-scroll-item","generate-columns","tablet-grid-50","mobile-grid-100","grid-parent","grid-33","no-featured-image-padding"],"acf":[],"yoast_head":"<!-- This site is optimized with the Yoast SEO plugin v27.5 - https:\/\/yoast.com\/product\/yoast-seo-wordpress\/ -->\n<title>\u201cQaza-qaza g\u0259lib pay torpaqlar\u0131m\u0131za \u00e7at\u0131blar\u201d - MEYDAN.TV<\/title>\n<meta name=\"robots\" content=\"index, follow, max-snippet:-1, max-image-preview:large, max-video-preview:-1\" \/>\n<link rel=\"canonical\" href=\"https:\/\/www.meydan.tv\/az\/article\/qaza-qaza-gelib-pay-torpaqlarimiza-catiblar\/\" \/>\n<meta property=\"og:locale\" content=\"az_AZ\" \/>\n<meta property=\"og:type\" content=\"article\" \/>\n<meta property=\"og:title\" content=\"\u201cQaza-qaza g\u0259lib pay torpaqlar\u0131m\u0131za \u00e7at\u0131blar\u201d - MEYDAN.TV\" \/>\n<meta property=\"og:description\" content=\"Yuxar\u0131 T\u0259ngivan k\u0259ndinin sakinl\u0259ri iddia edir ki, \u00e7ay\u0131n dibini qazan i\u015fbazlar indi d\u0259 sahill\u0259ri qaz\u0131rlar\" \/>\n<meta property=\"og:url\" content=\"https:\/\/www.meydan.tv\/az\/article\/qaza-qaza-gelib-pay-torpaqlarimiza-catiblar\/\" \/>\n<meta property=\"og:site_name\" content=\"MEYDAN.TV\" \/>\n<meta property=\"article:published_time\" content=\"2021-03-22T16:40:48+00:00\" \/>\n<meta property=\"og:image\" content=\"https:\/\/www.meydan.tv\/wp-content\/uploads\/photo-2021-03-22-11-14-53.jpg\" \/>\n\t<meta property=\"og:image:width\" content=\"1280\" \/>\n\t<meta property=\"og:image:height\" content=\"960\" \/>\n\t<meta property=\"og:image:type\" content=\"image\/jpeg\" \/>\n<meta name=\"author\" content=\"user-manager\" \/>\n<meta name=\"twitter:card\" content=\"summary_large_image\" \/>\n<script type=\"application\/ld+json\" class=\"yoast-schema-graph\">{\"@context\":\"https:\\\/\\\/schema.org\",\"@graph\":[{\"@type\":\"Article\",\"@id\":\"https:\\\/\\\/www.meydan.tv\\\/az\\\/article\\\/qaza-qaza-gelib-pay-torpaqlarimiza-catiblar\\\/#article\",\"isPartOf\":{\"@id\":\"https:\\\/\\\/www.meydan.tv\\\/az\\\/article\\\/qaza-qaza-gelib-pay-torpaqlarimiza-catiblar\\\/\"},\"author\":{\"name\":\"user-manager\",\"@id\":\"https:\\\/\\\/www.meydan.tv\\\/az\\\/#\\\/schema\\\/person\\\/10d11eccf6da3662cf5fdab9806ea91a\"},\"headline\":\"\u201cQaza-qaza g\u0259lib pay torpaqlar\u0131m\u0131za \u00e7at\u0131blar\u201d\",\"datePublished\":\"2021-03-22T16:40:48+00:00\",\"mainEntityOfPage\":{\"@id\":\"https:\\\/\\\/www.meydan.tv\\\/az\\\/article\\\/qaza-qaza-gelib-pay-torpaqlarimiza-catiblar\\\/\"},\"wordCount\":910,\"publisher\":{\"@id\":\"https:\\\/\\\/www.meydan.tv\\\/az\\\/#organization\"},\"image\":{\"@id\":\"https:\\\/\\\/www.meydan.tv\\\/az\\\/article\\\/qaza-qaza-gelib-pay-torpaqlarimiza-catiblar\\\/#primaryimage\"},\"thumbnailUrl\":\"https:\\\/\\\/www.meydan.tv\\\/wp-content\\\/uploads\\\/photo-2021-03-22-11-14-53.jpg\",\"articleSection\":[\"B\u00f6lg\u0259\"],\"inLanguage\":\"az\"},{\"@type\":\"WebPage\",\"@id\":\"https:\\\/\\\/www.meydan.tv\\\/az\\\/article\\\/qaza-qaza-gelib-pay-torpaqlarimiza-catiblar\\\/\",\"url\":\"https:\\\/\\\/www.meydan.tv\\\/az\\\/article\\\/qaza-qaza-gelib-pay-torpaqlarimiza-catiblar\\\/\",\"name\":\"\u201cQaza-qaza g\u0259lib pay torpaqlar\u0131m\u0131za \u00e7at\u0131blar\u201d - MEYDAN.TV\",\"isPartOf\":{\"@id\":\"https:\\\/\\\/www.meydan.tv\\\/az\\\/#website\"},\"primaryImageOfPage\":{\"@id\":\"https:\\\/\\\/www.meydan.tv\\\/az\\\/article\\\/qaza-qaza-gelib-pay-torpaqlarimiza-catiblar\\\/#primaryimage\"},\"image\":{\"@id\":\"https:\\\/\\\/www.meydan.tv\\\/az\\\/article\\\/qaza-qaza-gelib-pay-torpaqlarimiza-catiblar\\\/#primaryimage\"},\"thumbnailUrl\":\"https:\\\/\\\/www.meydan.tv\\\/wp-content\\\/uploads\\\/photo-2021-03-22-11-14-53.jpg\",\"datePublished\":\"2021-03-22T16:40:48+00:00\",\"breadcrumb\":{\"@id\":\"https:\\\/\\\/www.meydan.tv\\\/az\\\/article\\\/qaza-qaza-gelib-pay-torpaqlarimiza-catiblar\\\/#breadcrumb\"},\"inLanguage\":\"az\",\"potentialAction\":[{\"@type\":\"ReadAction\",\"target\":[\"https:\\\/\\\/www.meydan.tv\\\/az\\\/article\\\/qaza-qaza-gelib-pay-torpaqlarimiza-catiblar\\\/\"]}]},{\"@type\":\"ImageObject\",\"inLanguage\":\"az\",\"@id\":\"https:\\\/\\\/www.meydan.tv\\\/az\\\/article\\\/qaza-qaza-gelib-pay-torpaqlarimiza-catiblar\\\/#primaryimage\",\"url\":\"https:\\\/\\\/www.meydan.tv\\\/wp-content\\\/uploads\\\/photo-2021-03-22-11-14-53.jpg\",\"contentUrl\":\"https:\\\/\\\/www.meydan.tv\\\/wp-content\\\/uploads\\\/photo-2021-03-22-11-14-53.jpg\",\"width\":1280,\"height\":960,\"caption\":\"Source: Meydan.TV\"},{\"@type\":\"BreadcrumbList\",\"@id\":\"https:\\\/\\\/www.meydan.tv\\\/az\\\/article\\\/qaza-qaza-gelib-pay-torpaqlarimiza-catiblar\\\/#breadcrumb\",\"itemListElement\":[{\"@type\":\"ListItem\",\"position\":1,\"name\":\"Ana s\u0259hif\u0259\",\"item\":\"https:\\\/\\\/www.meydan.tv\\\/az\\\/\"},{\"@type\":\"ListItem\",\"position\":2,\"name\":\"B\u00f6lg\u0259\",\"item\":\"https:\\\/\\\/www.meydan.tv\\\/az\\\/section\\\/bolge\\\/\"},{\"@type\":\"ListItem\",\"position\":3,\"name\":\"\u201cQaza-qaza g\u0259lib pay torpaqlar\u0131m\u0131za \u00e7at\u0131blar\u201d\"}]},{\"@type\":\"WebSite\",\"@id\":\"https:\\\/\\\/www.meydan.tv\\\/az\\\/#website\",\"url\":\"https:\\\/\\\/www.meydan.tv\\\/az\\\/\",\"name\":\"MEYDAN.TV\",\"description\":\"Meydan TV Az\u0259rbaycan\u0131n media m\u0259kan\u0131ndak\u0131 alternativ s\u0259sidir\",\"publisher\":{\"@id\":\"https:\\\/\\\/www.meydan.tv\\\/az\\\/#organization\"},\"potentialAction\":[{\"@type\":\"SearchAction\",\"target\":{\"@type\":\"EntryPoint\",\"urlTemplate\":\"https:\\\/\\\/www.meydan.tv\\\/az\\\/?s={search_term_string}\"},\"query-input\":{\"@type\":\"PropertyValueSpecification\",\"valueRequired\":true,\"valueName\":\"search_term_string\"}}],\"inLanguage\":\"az\"},{\"@type\":\"Organization\",\"@id\":\"https:\\\/\\\/www.meydan.tv\\\/az\\\/#organization\",\"name\":\"Meydan TV\",\"url\":\"https:\\\/\\\/www.meydan.tv\\\/az\\\/\",\"logo\":{\"@type\":\"ImageObject\",\"inLanguage\":\"az\",\"@id\":\"https:\\\/\\\/www.meydan.tv\\\/az\\\/#\\\/schema\\\/logo\\\/image\\\/\",\"url\":\"https:\\\/\\\/www.meydan.tv\\\/wp-content\\\/uploads\\\/2021\\\/07\\\/meydan-logo.svg\",\"contentUrl\":\"https:\\\/\\\/www.meydan.tv\\\/wp-content\\\/uploads\\\/2021\\\/07\\\/meydan-logo.svg\",\"width\":195,\"height\":46,\"caption\":\"Meydan TV\"},\"image\":{\"@id\":\"https:\\\/\\\/www.meydan.tv\\\/az\\\/#\\\/schema\\\/logo\\\/image\\\/\"}},{\"@type\":\"Person\",\"@id\":\"https:\\\/\\\/www.meydan.tv\\\/az\\\/#\\\/schema\\\/person\\\/10d11eccf6da3662cf5fdab9806ea91a\",\"name\":\"user-manager\"}]}<\/script>\n<!-- \/ Yoast SEO plugin. -->","yoast_head_json":{"title":"\u201cQaza-qaza g\u0259lib pay torpaqlar\u0131m\u0131za \u00e7at\u0131blar\u201d - MEYDAN.TV","robots":{"index":"index","follow":"follow","max-snippet":"max-snippet:-1","max-image-preview":"max-image-preview:large","max-video-preview":"max-video-preview:-1"},"canonical":"https:\/\/www.meydan.tv\/az\/article\/qaza-qaza-gelib-pay-torpaqlarimiza-catiblar\/","og_locale":"az_AZ","og_type":"article","og_title":"\u201cQaza-qaza g\u0259lib pay torpaqlar\u0131m\u0131za \u00e7at\u0131blar\u201d - MEYDAN.TV","og_description":"Yuxar\u0131 T\u0259ngivan k\u0259ndinin sakinl\u0259ri iddia edir ki, \u00e7ay\u0131n dibini qazan i\u015fbazlar indi d\u0259 sahill\u0259ri qaz\u0131rlar","og_url":"https:\/\/www.meydan.tv\/az\/article\/qaza-qaza-gelib-pay-torpaqlarimiza-catiblar\/","og_site_name":"MEYDAN.TV","article_published_time":"2021-03-22T16:40:48+00:00","og_image":[{"width":1280,"height":960,"url":"https:\/\/www.meydan.tv\/wp-content\/uploads\/photo-2021-03-22-11-14-53.jpg","type":"image\/jpeg"}],"author":"user-manager","twitter_card":"summary_large_image","schema":{"@context":"https:\/\/schema.org","@graph":[{"@type":"Article","@id":"https:\/\/www.meydan.tv\/az\/article\/qaza-qaza-gelib-pay-torpaqlarimiza-catiblar\/#article","isPartOf":{"@id":"https:\/\/www.meydan.tv\/az\/article\/qaza-qaza-gelib-pay-torpaqlarimiza-catiblar\/"},"author":{"name":"user-manager","@id":"https:\/\/www.meydan.tv\/az\/#\/schema\/person\/10d11eccf6da3662cf5fdab9806ea91a"},"headline":"\u201cQaza-qaza g\u0259lib pay torpaqlar\u0131m\u0131za \u00e7at\u0131blar\u201d","datePublished":"2021-03-22T16:40:48+00:00","mainEntityOfPage":{"@id":"https:\/\/www.meydan.tv\/az\/article\/qaza-qaza-gelib-pay-torpaqlarimiza-catiblar\/"},"wordCount":910,"publisher":{"@id":"https:\/\/www.meydan.tv\/az\/#organization"},"image":{"@id":"https:\/\/www.meydan.tv\/az\/article\/qaza-qaza-gelib-pay-torpaqlarimiza-catiblar\/#primaryimage"},"thumbnailUrl":"https:\/\/www.meydan.tv\/wp-content\/uploads\/photo-2021-03-22-11-14-53.jpg","articleSection":["B\u00f6lg\u0259"],"inLanguage":"az"},{"@type":"WebPage","@id":"https:\/\/www.meydan.tv\/az\/article\/qaza-qaza-gelib-pay-torpaqlarimiza-catiblar\/","url":"https:\/\/www.meydan.tv\/az\/article\/qaza-qaza-gelib-pay-torpaqlarimiza-catiblar\/","name":"\u201cQaza-qaza g\u0259lib pay torpaqlar\u0131m\u0131za \u00e7at\u0131blar\u201d - MEYDAN.TV","isPartOf":{"@id":"https:\/\/www.meydan.tv\/az\/#website"},"primaryImageOfPage":{"@id":"https:\/\/www.meydan.tv\/az\/article\/qaza-qaza-gelib-pay-torpaqlarimiza-catiblar\/#primaryimage"},"image":{"@id":"https:\/\/www.meydan.tv\/az\/article\/qaza-qaza-gelib-pay-torpaqlarimiza-catiblar\/#primaryimage"},"thumbnailUrl":"https:\/\/www.meydan.tv\/wp-content\/uploads\/photo-2021-03-22-11-14-53.jpg","datePublished":"2021-03-22T16:40:48+00:00","breadcrumb":{"@id":"https:\/\/www.meydan.tv\/az\/article\/qaza-qaza-gelib-pay-torpaqlarimiza-catiblar\/#breadcrumb"},"inLanguage":"az","potentialAction":[{"@type":"ReadAction","target":["https:\/\/www.meydan.tv\/az\/article\/qaza-qaza-gelib-pay-torpaqlarimiza-catiblar\/"]}]},{"@type":"ImageObject","inLanguage":"az","@id":"https:\/\/www.meydan.tv\/az\/article\/qaza-qaza-gelib-pay-torpaqlarimiza-catiblar\/#primaryimage","url":"https:\/\/www.meydan.tv\/wp-content\/uploads\/photo-2021-03-22-11-14-53.jpg","contentUrl":"https:\/\/www.meydan.tv\/wp-content\/uploads\/photo-2021-03-22-11-14-53.jpg","width":1280,"height":960,"caption":"Source: Meydan.TV"},{"@type":"BreadcrumbList","@id":"https:\/\/www.meydan.tv\/az\/article\/qaza-qaza-gelib-pay-torpaqlarimiza-catiblar\/#breadcrumb","itemListElement":[{"@type":"ListItem","position":1,"name":"Ana s\u0259hif\u0259","item":"https:\/\/www.meydan.tv\/az\/"},{"@type":"ListItem","position":2,"name":"B\u00f6lg\u0259","item":"https:\/\/www.meydan.tv\/az\/section\/bolge\/"},{"@type":"ListItem","position":3,"name":"\u201cQaza-qaza g\u0259lib pay torpaqlar\u0131m\u0131za \u00e7at\u0131blar\u201d"}]},{"@type":"WebSite","@id":"https:\/\/www.meydan.tv\/az\/#website","url":"https:\/\/www.meydan.tv\/az\/","name":"MEYDAN.TV","description":"Meydan TV Az\u0259rbaycan\u0131n media m\u0259kan\u0131ndak\u0131 alternativ s\u0259sidir","publisher":{"@id":"https:\/\/www.meydan.tv\/az\/#organization"},"potentialAction":[{"@type":"SearchAction","target":{"@type":"EntryPoint","urlTemplate":"https:\/\/www.meydan.tv\/az\/?s={search_term_string}"},"query-input":{"@type":"PropertyValueSpecification","valueRequired":true,"valueName":"search_term_string"}}],"inLanguage":"az"},{"@type":"Organization","@id":"https:\/\/www.meydan.tv\/az\/#organization","name":"Meydan TV","url":"https:\/\/www.meydan.tv\/az\/","logo":{"@type":"ImageObject","inLanguage":"az","@id":"https:\/\/www.meydan.tv\/az\/#\/schema\/logo\/image\/","url":"https:\/\/www.meydan.tv\/wp-content\/uploads\/2021\/07\/meydan-logo.svg","contentUrl":"https:\/\/www.meydan.tv\/wp-content\/uploads\/2021\/07\/meydan-logo.svg","width":195,"height":46,"caption":"Meydan TV"},"image":{"@id":"https:\/\/www.meydan.tv\/az\/#\/schema\/logo\/image\/"}},{"@type":"Person","@id":"https:\/\/www.meydan.tv\/az\/#\/schema\/person\/10d11eccf6da3662cf5fdab9806ea91a","name":"user-manager"}]}},"_links":{"self":[{"href":"https:\/\/www.meydan.tv\/az\/wp-json\/wp\/v2\/posts\/205459","targetHints":{"allow":["GET"]}}],"collection":[{"href":"https:\/\/www.meydan.tv\/az\/wp-json\/wp\/v2\/posts"}],"about":[{"href":"https:\/\/www.meydan.tv\/az\/wp-json\/wp\/v2\/types\/post"}],"author":[{"embeddable":true,"href":"https:\/\/www.meydan.tv\/az\/wp-json\/wp\/v2\/users\/11"}],"replies":[{"embeddable":true,"href":"https:\/\/www.meydan.tv\/az\/wp-json\/wp\/v2\/comments?post=205459"}],"version-history":[{"count":0,"href":"https:\/\/www.meydan.tv\/az\/wp-json\/wp\/v2\/posts\/205459\/revisions"}],"wp:featuredmedia":[{"embeddable":true,"href":"https:\/\/www.meydan.tv\/az\/wp-json\/wp\/v2\/media\/158127"}],"wp:attachment":[{"href":"https:\/\/www.meydan.tv\/az\/wp-json\/wp\/v2\/media?parent=205459"}],"wp:term":[{"taxonomy":"category","embeddable":true,"href":"https:\/\/www.meydan.tv\/az\/wp-json\/wp\/v2\/categories?post=205459"},{"taxonomy":"post_tag","embeddable":true,"href":"https:\/\/www.meydan.tv\/az\/wp-json\/wp\/v2\/tags?post=205459"}],"curies":[{"name":"wp","href":"https:\/\/api.w.org\/{rel}","templated":true}]}}