{"id":205458,"date":"2021-03-22T13:31:42","date_gmt":"2021-03-22T13:31:42","guid":{"rendered":"https:\/\/www.meydan.tv\/article\/azerbaycanla-bagli-korrupsiyada-adi-hallanan-deputat-vefat-edib\/"},"modified":"2021-03-22T13:31:42","modified_gmt":"2021-03-22T13:31:42","slug":"azerbaycanla-bagli-korrupsiyada-adi-hallanan-deputat-vefat-edib","status":"publish","type":"post","link":"https:\/\/www.meydan.tv\/az\/article\/azerbaycanla-bagli-korrupsiyada-adi-hallanan-deputat-vefat-edib\/","title":{"rendered":"Az\u0259rbaycanla ba\u011fl\u0131 korrupsiyada ad\u0131 hallanan deputat v\u0259fat edib"},"content":{"rendered":"<p>\n  <i><br \/>\n    Karin Strenzin s\u0259hh\u0259ti t\u0259yyar\u0259d\u0259 pisl\u0259\u015fib, hu\u015funu itirib<br \/>\n  <\/i>\n<\/p>\n<p>\n  Az\u0259rbaycanla ba\u011fl\u0131 korrupsiyada ad\u0131 hallanan alman deputat Karin Strenzin Kubadan Almaniyaya u\u00e7an t\u0259yyar\u0259d\u0259 hal\u0131 q\u0259fil pisl\u0259\u015fib. Bu s\u0259b\u0259bd\u0259n t\u0259yyar\u0259 \u0130rlandiyan\u0131n Co-Clare \u0259yal\u0259tind\u0259ki \u015eannon hava liman\u0131nda t\u0259cili eni\u015f edib.\n<\/p>\n<p>\n  Alman m\u0259tbuat\u0131n\u0131n yazd\u0131\u011f\u0131na g\u00f6r\u0259, 53 ya\u015fl\u0131 Karin Strenz Limerick Universitetinin Klinikas\u0131na yerl\u0259\u015fdiril\u0259nd\u0259n sonra v\u0259fat edib.\n<\/p>\n<p>\n  Angela Merkelin Xristian Demokratik Birliyi Partiyas\u0131ndan olan deputat Bundestaqda Meklenburq-Vorpommern \u0259yal\u0259tini t\u0259msil edirdi. Onun Kubaya \u015f\u0259xsi, yoxsa i\u015fg\u00fczar s\u0259f\u0259r etdiyi h\u0259l\u0259 ki m\u0259lum deyil.\n<\/p>\n<p>\n  Deputat\u0131n \u00f6l\u00fcm s\u0259b\u0259bi r\u0259sm\u0259n a\u00e7\u0131qlanmay\u0131b, lakin x\u0259st\u0259xanadan \u00f6l\u00fcm\u00fcn s\u0259b\u0259bl\u0259rini ara\u015fd\u0131rmaq \u00fc\u00e7\u00fcn analizl\u0259rin g\u00f6t\u00fcr\u00fcld\u00fcy\u00fc bildirilib.\n<\/p>\n<p>\n  X\u0259b\u0259rd\u0259 bildirilir ki, Frankfurta \u00fc\u00e7\u00fcn t\u0259yyar\u0259d\u0259 h\u0259yat yolda\u015f\u0131 da onun yan\u0131nda olub. Hal\u0131 pisl\u0259\u015f\u0259n Karin Strenz t\u0259yyar\u0259d\u0259 t\u0259cili tibbi yard\u0131ma ehtiyac oldu\u011fu deyib. Bundan sonra, saat 07:30-da t\u0259yyar\u0259nin \u015eannon hava liman\u0131nda planla\u015fd\u0131r\u0131lmam\u0131\u015f eni\u015fin\u0259 icaz\u0259 verilib.\n<\/p>\n<p>\n  <b><br \/>\n    Az\u0259rbaycanla ba\u011fl\u0131 korrupsiya i\u015fi&#8230;<br \/>\n  <\/b>\n<\/p>\n<p>\n  Karin Strenzin ad\u0131 Avropa \u015euras\u0131nda Az\u0259rbaycanla ba\u011fl\u0131 korrupsiya v\u0259 lobbi\u00e7ilikd\u0259 halland\u0131r\u0131l\u0131rd\u0131. Bel\u0259 ki, o, Avropa \u015euras\u0131nda az\u0259rbaycanl\u0131 siyasi m\u0259hbuslar\u0131n azad edilm\u0259si il\u0259 ba\u011fl\u0131 q\u0259tnam\u0259nin \u0259leyhin\u0259 s\u0259s verib.\n<\/p>\n<p>\n  Q\u0259rb m\u0259tbuat\u0131 yaz\u0131r ki, o, avtoritar, neftl\u0259 z\u0259ngin ke\u00e7mi\u015f Sovet respublikas\u0131 olan Az\u0259rbaycana lobbi\u00e7ilik edib v\u0259 bunun m\u00fcqabilind\u0259 r\u00fc\u015fv\u0259t al\u0131b.\n<\/p>\n<p>\n  Avropa \u015euras\u0131n\u0131n 2018-ci il hesabat\u0131nda onunla ba\u011fl\u0131 korrupsiyaya dair s\u00fcbutlar tap\u0131l\u0131b v\u0259 Strenzin A\u015ePA-da f\u0259aliyy\u0259ti \u00f6m\u00fcrl\u00fck qada\u011fan edilib.\n<\/p>\n<p>\n  Yanvar ay\u0131nda prokurorluq Karin Strenzl\u0259 ba\u011fl\u0131 istintaqa ba\u015flad\u0131b.\n<\/p>\n<p>\n  \u0130stintaqa ifad\u0259 ver\u0259n Strenz 2019-cu ild\u0259 ona m\u0259xsus Line M-Trade \u015firk\u0259tinin 2014 v\u0259 2015-ci ill\u0259rd\u0259 15.000 avroluq ian\u0259 q\u0259bul etdiyini etiraf ets\u0259 d\u0259, pulun m\u0259nb\u0259yini a\u00e7\u0131qlamay\u0131b.\n<\/p>\n<p>\n  Bundestaq is\u0259 b\u0259yan edilm\u0259mi\u015f ian\u0259l\u0259ri q\u0259bul etdiyi \u00fc\u00e7\u00fcn onu 20.000 avro c\u0259rim\u0259l\u0259yib.\n<\/p>\n<p>\n  Onu r\u00fc\u015fv\u0259t m\u00fcqabilind\u0259 Az\u0259rbaycana lobbi\u00e7ilik etm\u0259sin\u0259 g\u00f6r\u0259 be\u015f il\u0259 q\u0259d\u0259r h\u0259bs g\u00f6zl\u0259yirdi.<\/p>\n","protected":false},"excerpt":{"rendered":"<p>Karin Strenzin s\u0259hh\u0259ti t\u0259yyar\u0259d\u0259 pisl\u0259\u015fib, hu\u015funu itirib<\/p>\n","protected":false},"author":11,"featured_media":158145,"comment_status":"closed","ping_status":"open","sticky":false,"template":"","format":"standard","meta":{"_acf_changed":false,"_sitemap_exclude":false,"_sitemap_priority":"","_sitemap_frequency":"","footnotes":""},"categories":[59],"tags":[],"class_list":["post-205458","post","type-post","status-publish","format-standard","has-post-thumbnail","hentry","category-siyaset","infinite-scroll-item","generate-columns","tablet-grid-50","mobile-grid-100","grid-parent","grid-33","no-featured-image-padding"],"acf":[],"yoast_head":"<!-- This site is optimized with the Yoast SEO plugin v27.4 - https:\/\/yoast.com\/product\/yoast-seo-wordpress\/ -->\n<title>Az\u0259rbaycanla ba\u011fl\u0131 korrupsiyada ad\u0131 hallanan deputat v\u0259fat edib - MEYDAN.TV<\/title>\n<meta name=\"robots\" content=\"index, follow, max-snippet:-1, max-image-preview:large, max-video-preview:-1\" \/>\n<link rel=\"canonical\" href=\"https:\/\/www.meydan.tv\/az\/article\/azerbaycanla-bagli-korrupsiyada-adi-hallanan-deputat-vefat-edib\/\" \/>\n<meta property=\"og:locale\" content=\"az_AZ\" \/>\n<meta property=\"og:type\" content=\"article\" \/>\n<meta property=\"og:title\" content=\"Az\u0259rbaycanla ba\u011fl\u0131 korrupsiyada ad\u0131 hallanan deputat v\u0259fat edib - MEYDAN.TV\" \/>\n<meta property=\"og:description\" content=\"Karin Strenzin s\u0259hh\u0259ti t\u0259yyar\u0259d\u0259 pisl\u0259\u015fib, hu\u015funu itirib\" \/>\n<meta property=\"og:url\" content=\"https:\/\/www.meydan.tv\/az\/article\/azerbaycanla-bagli-korrupsiyada-adi-hallanan-deputat-vefat-edib\/\" \/>\n<meta property=\"og:site_name\" content=\"MEYDAN.TV\" \/>\n<meta property=\"article:published_time\" content=\"2021-03-22T13:31:42+00:00\" \/>\n<meta property=\"og:image\" content=\"https:\/\/www.meydan.tv\/wp-content\/uploads\/ewblhbxwyaerpo7.jpeg\" \/>\n\t<meta property=\"og:image:width\" content=\"1200\" \/>\n\t<meta property=\"og:image:height\" content=\"814\" \/>\n\t<meta property=\"og:image:type\" content=\"image\/jpeg\" \/>\n<meta name=\"author\" content=\"user-manager\" \/>\n<meta name=\"twitter:card\" content=\"summary_large_image\" \/>\n<script type=\"application\/ld+json\" class=\"yoast-schema-graph\">{\"@context\":\"https:\\\/\\\/schema.org\",\"@graph\":[{\"@type\":\"Article\",\"@id\":\"https:\\\/\\\/www.meydan.tv\\\/az\\\/article\\\/azerbaycanla-bagli-korrupsiyada-adi-hallanan-deputat-vefat-edib\\\/#article\",\"isPartOf\":{\"@id\":\"https:\\\/\\\/www.meydan.tv\\\/az\\\/article\\\/azerbaycanla-bagli-korrupsiyada-adi-hallanan-deputat-vefat-edib\\\/\"},\"author\":{\"name\":\"user-manager\",\"@id\":\"https:\\\/\\\/www.meydan.tv\\\/az\\\/#\\\/schema\\\/person\\\/10d11eccf6da3662cf5fdab9806ea91a\"},\"headline\":\"Az\u0259rbaycanla ba\u011fl\u0131 korrupsiyada ad\u0131 hallanan deputat v\u0259fat edib\",\"datePublished\":\"2021-03-22T13:31:42+00:00\",\"mainEntityOfPage\":{\"@id\":\"https:\\\/\\\/www.meydan.tv\\\/az\\\/article\\\/azerbaycanla-bagli-korrupsiyada-adi-hallanan-deputat-vefat-edib\\\/\"},\"wordCount\":416,\"publisher\":{\"@id\":\"https:\\\/\\\/www.meydan.tv\\\/az\\\/#organization\"},\"image\":{\"@id\":\"https:\\\/\\\/www.meydan.tv\\\/az\\\/article\\\/azerbaycanla-bagli-korrupsiyada-adi-hallanan-deputat-vefat-edib\\\/#primaryimage\"},\"thumbnailUrl\":\"https:\\\/\\\/www.meydan.tv\\\/wp-content\\\/uploads\\\/ewblhbxwyaerpo7.jpeg\",\"articleSection\":[\"Siyas\u0259t\"],\"inLanguage\":\"az\"},{\"@type\":\"WebPage\",\"@id\":\"https:\\\/\\\/www.meydan.tv\\\/az\\\/article\\\/azerbaycanla-bagli-korrupsiyada-adi-hallanan-deputat-vefat-edib\\\/\",\"url\":\"https:\\\/\\\/www.meydan.tv\\\/az\\\/article\\\/azerbaycanla-bagli-korrupsiyada-adi-hallanan-deputat-vefat-edib\\\/\",\"name\":\"Az\u0259rbaycanla ba\u011fl\u0131 korrupsiyada ad\u0131 hallanan deputat v\u0259fat edib - MEYDAN.TV\",\"isPartOf\":{\"@id\":\"https:\\\/\\\/www.meydan.tv\\\/az\\\/#website\"},\"primaryImageOfPage\":{\"@id\":\"https:\\\/\\\/www.meydan.tv\\\/az\\\/article\\\/azerbaycanla-bagli-korrupsiyada-adi-hallanan-deputat-vefat-edib\\\/#primaryimage\"},\"image\":{\"@id\":\"https:\\\/\\\/www.meydan.tv\\\/az\\\/article\\\/azerbaycanla-bagli-korrupsiyada-adi-hallanan-deputat-vefat-edib\\\/#primaryimage\"},\"thumbnailUrl\":\"https:\\\/\\\/www.meydan.tv\\\/wp-content\\\/uploads\\\/ewblhbxwyaerpo7.jpeg\",\"datePublished\":\"2021-03-22T13:31:42+00:00\",\"breadcrumb\":{\"@id\":\"https:\\\/\\\/www.meydan.tv\\\/az\\\/article\\\/azerbaycanla-bagli-korrupsiyada-adi-hallanan-deputat-vefat-edib\\\/#breadcrumb\"},\"inLanguage\":\"az\",\"potentialAction\":[{\"@type\":\"ReadAction\",\"target\":[\"https:\\\/\\\/www.meydan.tv\\\/az\\\/article\\\/azerbaycanla-bagli-korrupsiyada-adi-hallanan-deputat-vefat-edib\\\/\"]}]},{\"@type\":\"ImageObject\",\"inLanguage\":\"az\",\"@id\":\"https:\\\/\\\/www.meydan.tv\\\/az\\\/article\\\/azerbaycanla-bagli-korrupsiyada-adi-hallanan-deputat-vefat-edib\\\/#primaryimage\",\"url\":\"https:\\\/\\\/www.meydan.tv\\\/wp-content\\\/uploads\\\/ewblhbxwyaerpo7.jpeg\",\"contentUrl\":\"https:\\\/\\\/www.meydan.tv\\\/wp-content\\\/uploads\\\/ewblhbxwyaerpo7.jpeg\",\"width\":1200,\"height\":814,\"caption\":\"Source: Prezident.az\"},{\"@type\":\"BreadcrumbList\",\"@id\":\"https:\\\/\\\/www.meydan.tv\\\/az\\\/article\\\/azerbaycanla-bagli-korrupsiyada-adi-hallanan-deputat-vefat-edib\\\/#breadcrumb\",\"itemListElement\":[{\"@type\":\"ListItem\",\"position\":1,\"name\":\"Ana s\u0259hif\u0259\",\"item\":\"https:\\\/\\\/www.meydan.tv\\\/az\\\/\"},{\"@type\":\"ListItem\",\"position\":2,\"name\":\"Siyas\u0259t\",\"item\":\"https:\\\/\\\/www.meydan.tv\\\/az\\\/section\\\/siyaset\\\/\"},{\"@type\":\"ListItem\",\"position\":3,\"name\":\"Az\u0259rbaycanla ba\u011fl\u0131 korrupsiyada ad\u0131 hallanan deputat v\u0259fat edib\"}]},{\"@type\":\"WebSite\",\"@id\":\"https:\\\/\\\/www.meydan.tv\\\/az\\\/#website\",\"url\":\"https:\\\/\\\/www.meydan.tv\\\/az\\\/\",\"name\":\"MEYDAN.TV\",\"description\":\"Meydan TV Az\u0259rbaycan\u0131n media m\u0259kan\u0131ndak\u0131 alternativ s\u0259sidir\",\"publisher\":{\"@id\":\"https:\\\/\\\/www.meydan.tv\\\/az\\\/#organization\"},\"potentialAction\":[{\"@type\":\"SearchAction\",\"target\":{\"@type\":\"EntryPoint\",\"urlTemplate\":\"https:\\\/\\\/www.meydan.tv\\\/az\\\/?s={search_term_string}\"},\"query-input\":{\"@type\":\"PropertyValueSpecification\",\"valueRequired\":true,\"valueName\":\"search_term_string\"}}],\"inLanguage\":\"az\"},{\"@type\":\"Organization\",\"@id\":\"https:\\\/\\\/www.meydan.tv\\\/az\\\/#organization\",\"name\":\"Meydan TV\",\"url\":\"https:\\\/\\\/www.meydan.tv\\\/az\\\/\",\"logo\":{\"@type\":\"ImageObject\",\"inLanguage\":\"az\",\"@id\":\"https:\\\/\\\/www.meydan.tv\\\/az\\\/#\\\/schema\\\/logo\\\/image\\\/\",\"url\":\"https:\\\/\\\/www.meydan.tv\\\/wp-content\\\/uploads\\\/2021\\\/07\\\/meydan-logo.svg\",\"contentUrl\":\"https:\\\/\\\/www.meydan.tv\\\/wp-content\\\/uploads\\\/2021\\\/07\\\/meydan-logo.svg\",\"width\":195,\"height\":46,\"caption\":\"Meydan TV\"},\"image\":{\"@id\":\"https:\\\/\\\/www.meydan.tv\\\/az\\\/#\\\/schema\\\/logo\\\/image\\\/\"}},{\"@type\":\"Person\",\"@id\":\"https:\\\/\\\/www.meydan.tv\\\/az\\\/#\\\/schema\\\/person\\\/10d11eccf6da3662cf5fdab9806ea91a\",\"name\":\"user-manager\"}]}<\/script>\n<!-- \/ Yoast SEO plugin. -->","yoast_head_json":{"title":"Az\u0259rbaycanla ba\u011fl\u0131 korrupsiyada ad\u0131 hallanan deputat v\u0259fat edib - MEYDAN.TV","robots":{"index":"index","follow":"follow","max-snippet":"max-snippet:-1","max-image-preview":"max-image-preview:large","max-video-preview":"max-video-preview:-1"},"canonical":"https:\/\/www.meydan.tv\/az\/article\/azerbaycanla-bagli-korrupsiyada-adi-hallanan-deputat-vefat-edib\/","og_locale":"az_AZ","og_type":"article","og_title":"Az\u0259rbaycanla ba\u011fl\u0131 korrupsiyada ad\u0131 hallanan deputat v\u0259fat edib - MEYDAN.TV","og_description":"Karin Strenzin s\u0259hh\u0259ti t\u0259yyar\u0259d\u0259 pisl\u0259\u015fib, hu\u015funu itirib","og_url":"https:\/\/www.meydan.tv\/az\/article\/azerbaycanla-bagli-korrupsiyada-adi-hallanan-deputat-vefat-edib\/","og_site_name":"MEYDAN.TV","article_published_time":"2021-03-22T13:31:42+00:00","og_image":[{"width":1200,"height":814,"url":"https:\/\/www.meydan.tv\/wp-content\/uploads\/ewblhbxwyaerpo7.jpeg","type":"image\/jpeg"}],"author":"user-manager","twitter_card":"summary_large_image","schema":{"@context":"https:\/\/schema.org","@graph":[{"@type":"Article","@id":"https:\/\/www.meydan.tv\/az\/article\/azerbaycanla-bagli-korrupsiyada-adi-hallanan-deputat-vefat-edib\/#article","isPartOf":{"@id":"https:\/\/www.meydan.tv\/az\/article\/azerbaycanla-bagli-korrupsiyada-adi-hallanan-deputat-vefat-edib\/"},"author":{"name":"user-manager","@id":"https:\/\/www.meydan.tv\/az\/#\/schema\/person\/10d11eccf6da3662cf5fdab9806ea91a"},"headline":"Az\u0259rbaycanla ba\u011fl\u0131 korrupsiyada ad\u0131 hallanan deputat v\u0259fat edib","datePublished":"2021-03-22T13:31:42+00:00","mainEntityOfPage":{"@id":"https:\/\/www.meydan.tv\/az\/article\/azerbaycanla-bagli-korrupsiyada-adi-hallanan-deputat-vefat-edib\/"},"wordCount":416,"publisher":{"@id":"https:\/\/www.meydan.tv\/az\/#organization"},"image":{"@id":"https:\/\/www.meydan.tv\/az\/article\/azerbaycanla-bagli-korrupsiyada-adi-hallanan-deputat-vefat-edib\/#primaryimage"},"thumbnailUrl":"https:\/\/www.meydan.tv\/wp-content\/uploads\/ewblhbxwyaerpo7.jpeg","articleSection":["Siyas\u0259t"],"inLanguage":"az"},{"@type":"WebPage","@id":"https:\/\/www.meydan.tv\/az\/article\/azerbaycanla-bagli-korrupsiyada-adi-hallanan-deputat-vefat-edib\/","url":"https:\/\/www.meydan.tv\/az\/article\/azerbaycanla-bagli-korrupsiyada-adi-hallanan-deputat-vefat-edib\/","name":"Az\u0259rbaycanla ba\u011fl\u0131 korrupsiyada ad\u0131 hallanan deputat v\u0259fat edib - MEYDAN.TV","isPartOf":{"@id":"https:\/\/www.meydan.tv\/az\/#website"},"primaryImageOfPage":{"@id":"https:\/\/www.meydan.tv\/az\/article\/azerbaycanla-bagli-korrupsiyada-adi-hallanan-deputat-vefat-edib\/#primaryimage"},"image":{"@id":"https:\/\/www.meydan.tv\/az\/article\/azerbaycanla-bagli-korrupsiyada-adi-hallanan-deputat-vefat-edib\/#primaryimage"},"thumbnailUrl":"https:\/\/www.meydan.tv\/wp-content\/uploads\/ewblhbxwyaerpo7.jpeg","datePublished":"2021-03-22T13:31:42+00:00","breadcrumb":{"@id":"https:\/\/www.meydan.tv\/az\/article\/azerbaycanla-bagli-korrupsiyada-adi-hallanan-deputat-vefat-edib\/#breadcrumb"},"inLanguage":"az","potentialAction":[{"@type":"ReadAction","target":["https:\/\/www.meydan.tv\/az\/article\/azerbaycanla-bagli-korrupsiyada-adi-hallanan-deputat-vefat-edib\/"]}]},{"@type":"ImageObject","inLanguage":"az","@id":"https:\/\/www.meydan.tv\/az\/article\/azerbaycanla-bagli-korrupsiyada-adi-hallanan-deputat-vefat-edib\/#primaryimage","url":"https:\/\/www.meydan.tv\/wp-content\/uploads\/ewblhbxwyaerpo7.jpeg","contentUrl":"https:\/\/www.meydan.tv\/wp-content\/uploads\/ewblhbxwyaerpo7.jpeg","width":1200,"height":814,"caption":"Source: Prezident.az"},{"@type":"BreadcrumbList","@id":"https:\/\/www.meydan.tv\/az\/article\/azerbaycanla-bagli-korrupsiyada-adi-hallanan-deputat-vefat-edib\/#breadcrumb","itemListElement":[{"@type":"ListItem","position":1,"name":"Ana s\u0259hif\u0259","item":"https:\/\/www.meydan.tv\/az\/"},{"@type":"ListItem","position":2,"name":"Siyas\u0259t","item":"https:\/\/www.meydan.tv\/az\/section\/siyaset\/"},{"@type":"ListItem","position":3,"name":"Az\u0259rbaycanla ba\u011fl\u0131 korrupsiyada ad\u0131 hallanan deputat v\u0259fat edib"}]},{"@type":"WebSite","@id":"https:\/\/www.meydan.tv\/az\/#website","url":"https:\/\/www.meydan.tv\/az\/","name":"MEYDAN.TV","description":"Meydan TV Az\u0259rbaycan\u0131n media m\u0259kan\u0131ndak\u0131 alternativ s\u0259sidir","publisher":{"@id":"https:\/\/www.meydan.tv\/az\/#organization"},"potentialAction":[{"@type":"SearchAction","target":{"@type":"EntryPoint","urlTemplate":"https:\/\/www.meydan.tv\/az\/?s={search_term_string}"},"query-input":{"@type":"PropertyValueSpecification","valueRequired":true,"valueName":"search_term_string"}}],"inLanguage":"az"},{"@type":"Organization","@id":"https:\/\/www.meydan.tv\/az\/#organization","name":"Meydan TV","url":"https:\/\/www.meydan.tv\/az\/","logo":{"@type":"ImageObject","inLanguage":"az","@id":"https:\/\/www.meydan.tv\/az\/#\/schema\/logo\/image\/","url":"https:\/\/www.meydan.tv\/wp-content\/uploads\/2021\/07\/meydan-logo.svg","contentUrl":"https:\/\/www.meydan.tv\/wp-content\/uploads\/2021\/07\/meydan-logo.svg","width":195,"height":46,"caption":"Meydan TV"},"image":{"@id":"https:\/\/www.meydan.tv\/az\/#\/schema\/logo\/image\/"}},{"@type":"Person","@id":"https:\/\/www.meydan.tv\/az\/#\/schema\/person\/10d11eccf6da3662cf5fdab9806ea91a","name":"user-manager"}]}},"_links":{"self":[{"href":"https:\/\/www.meydan.tv\/az\/wp-json\/wp\/v2\/posts\/205458","targetHints":{"allow":["GET"]}}],"collection":[{"href":"https:\/\/www.meydan.tv\/az\/wp-json\/wp\/v2\/posts"}],"about":[{"href":"https:\/\/www.meydan.tv\/az\/wp-json\/wp\/v2\/types\/post"}],"author":[{"embeddable":true,"href":"https:\/\/www.meydan.tv\/az\/wp-json\/wp\/v2\/users\/11"}],"replies":[{"embeddable":true,"href":"https:\/\/www.meydan.tv\/az\/wp-json\/wp\/v2\/comments?post=205458"}],"version-history":[{"count":0,"href":"https:\/\/www.meydan.tv\/az\/wp-json\/wp\/v2\/posts\/205458\/revisions"}],"wp:featuredmedia":[{"embeddable":true,"href":"https:\/\/www.meydan.tv\/az\/wp-json\/wp\/v2\/media\/158145"}],"wp:attachment":[{"href":"https:\/\/www.meydan.tv\/az\/wp-json\/wp\/v2\/media?parent=205458"}],"wp:term":[{"taxonomy":"category","embeddable":true,"href":"https:\/\/www.meydan.tv\/az\/wp-json\/wp\/v2\/categories?post=205458"},{"taxonomy":"post_tag","embeddable":true,"href":"https:\/\/www.meydan.tv\/az\/wp-json\/wp\/v2\/tags?post=205458"}],"curies":[{"name":"wp","href":"https:\/\/api.w.org\/{rel}","templated":true}]}}