{"id":205448,"date":"2021-03-19T19:30:11","date_gmt":"2021-03-19T19:30:11","guid":{"rendered":"https:\/\/www.meydan.tv\/article\/sabahdan-azerbaycan-xankendini-elektrik-enerjisi-ile-temin-edecek\/"},"modified":"2021-03-19T19:30:11","modified_gmt":"2021-03-19T19:30:11","slug":"sabahdan-azerbaycan-xankendini-elektrik-enerjisi-ile-temin-edecek","status":"publish","type":"post","link":"https:\/\/www.meydan.tv\/az\/article\/sabahdan-azerbaycan-xankendini-elektrik-enerjisi-ile-temin-edecek\/","title":{"rendered":"&#8220;Sabahdan Az\u0259rbaycan Xank\u0259ndini elektrik enerjisi il\u0259 t\u0259min ed\u0259c\u0259k&#8221;"},"content":{"rendered":"<figure class=\"wp-block-embed is-type-video is-provider-youtube wp-block-embed-youtube wp-embed-aspect-16-9 wp-has-aspect-ratio\">\n<div class=\"wp-block-embed__wrapper\">\n    <iframe\ttitle=\"\"Sabahdan Az\u0259rbaycan Xank\u0259ndini elektrik enerjisi il\u0259 t\u0259min ed\u0259c\u0259k\"\" width=\"1200\" height=\"675\" data-src=\"https:\/\/www.youtube.com\/embed\/jl3qeR2Ek3I\"\tframeborder=\"0\"\tallow=\"accelerometer; autoplay; clipboard-write; encrypted-media; gyroscope; picture-in-picture\" allowfullscreen src=\"data:image\/svg+xml;base64,PHN2ZyB3aWR0aD0iMSIgaGVpZ2h0PSIxIiB4bWxucz0iaHR0cDovL3d3dy53My5vcmcvMjAwMC9zdmciPjwvc3ZnPg==\" class=\"lazyload\" data-load-mode=\"1\"><\/iframe>\n  <\/div><figcaption>\n    &#8220;Sabahdan Az\u0259rbaycan Xank\u0259ndini elektrik enerjisi il\u0259 t\u0259min ed\u0259c\u0259k&#8221;<br \/>\n  <\/figcaption><\/figure>\n<p>\n  Sabahdan Az\u0259rbaycan Xank\u0259ndini elektrik enerjisi il\u0259 t\u0259min ed\u0259c\u0259k.  Demokratiya v\u0259 Rifah H\u0259r\u0259kat\u0131n\u0131n s\u0259dri, iqtisad\u00e7\u0131 Qubad \u0130bado\u011flu bel\u0259 deyir. Onun s\u00f6zl\u0259rin\u0259 g\u00f6r\u0259,  Mart\u0131n 20-d\u0259 \u015eu\u015fada r\u0259q\u0259msal yar\u0131mstansiya i\u015f\u0259 d\u00fc\u015f\u0259c\u0259k v\u0259 La\u00e7\u0131n Su Elektrik Stansiyas\u0131nda hasil olunan elektrik enerjisi \u0259vv\u0259l \u015eu\u015faya, ordan da Xank\u0259ndin\u0259 \u00f6t\u00fcr\u00fcl\u0259c\u0259k.\n<\/p>\n<p>\n  Bir m\u00fcdd\u0259t \u00f6nc\u0259 \u201c\u041a\u0430\u0432\u043a\u0430\u0437\u0441\u043a\u0438\u0439 \u0423\u0437\u0435\u043b\u201d yaz\u0131rd\u0131 ki, La\u00e7\u0131n Elektrik Stansiyas\u0131 yenid\u0259n f\u0259aliyy\u0259t\u0259 ba\u015flay\u0131b.Rusiya M\u00fcdafi\u0259 Nazirliyinin a\u00e7\u0131qlamas\u0131na g\u00f6r\u0259, bu, La\u00e7\u0131n b\u00f6lg\u0259sini v\u0259 ora \u0259n yax\u0131n ya\u015fay\u0131\u015f m\u0259nt\u0259q\u0259l\u0259rini, el\u0259c\u0259 d\u0259 Stepanakerti  elektrik enerjisi il\u0259 t\u0259min ed\u0259c\u0259k. Sayt yaz\u0131r ki, Da\u011fl\u0131q Qaraba\u011f \u0259razil\u0259rinin bir hiss\u0259si Az\u0259rbaycana verildikd\u0259n sonra tan\u0131nmayan respublika su stansiyalar\u0131n\u0131n b\u00f6y\u00fck bir hiss\u0259sini itirdi. Odur ki, haz\u0131rda elektrik enerjisi \u00e7at\u0131\u015fmazl\u0131\u011f\u0131 il\u0259 qar\u015f\u0131la\u015f\u0131b.\n<\/p>\n<p>\n  \u0130qtisad\u00e7\u0131 hesab edir ki, burada a\u00e7\u0131q qalan m\u0259qamlar var.  Onlardan biri  erm\u0259nil\u0259rin elektrik enerjisinin pulunu nec\u0259 \u00f6d\u0259y\u0259c\u0259kl\u0259ri il\u0259 ba\u011fl\u0131d\u0131r.  Orada ya\u015fayan erm\u0259nil\u0259r Az\u0259rbaycan manat\u0131n\u0131 tan\u0131m\u0131rlar. Bundan ba\u015fqa \u201cAz\u0259ri\u015f\u0131q\u201d\u0131n i\u015f\u00e7il\u0259rinin Xank\u0259ndin\u0259 giri\u015f icaz\u0259si yoxdur, b\u0259s nec\u0259 olacaq?&#8230;\n<\/p>\n<p>\n  Qeyd ed\u0259k ki, art\u0131q 2 g\u00fcnd\u00fcr Erm\u0259nistana ged\u0259n rus qaz\u0131 Az\u0259rbaycan \u0259razisind\u0259n ke\u00e7\u0259r\u0259k, ora G\u00fcrc\u00fcstan vasit\u0259sil\u0259 \u00e7atd\u0131r\u0131l\u0131r. \u0130qtisad\u00e7\u0131 onu da bildirib ki, erm\u0259nil\u0259r buna g\u00f6r\u0259 etiraz edirl\u0259r. Sitat: \u201cOnlar hesab edirl\u0259r ki, qaz\u0131n Az\u0259rbaycandan ke\u00e7m\u0259si Erm\u0259nistan \u00fc\u00e7\u00fcn risklidir. D\u00fc\u015f\u00fcn\u00fcrl\u0259r ki, az\u0259rbaycanl\u0131lar ist\u0259dikl\u0259ri vaxt qaz\u0131n \u00f6t\u00fcr\u00fclm\u0259sini dayand\u0131ra bil\u0259rl\u0259r. \u00c7\u00fcnki nec\u0259 dey\u0259rl\u0259r, \u201ckrant\u201d bizim \u0259limizd\u0259dir. \u018fslind\u0259 Xank\u0259ndinin d\u0259 i\u015f\u0131\u011f\u0131n\u0131 ist\u0259diyimiz vaxt k\u0259s\u0259 bil\u0259rik, \u00e7\u00fcnki m\u0259h\u0259cc\u0259r bizim \u0259limizd\u0259dir. Amma bunu etm\u0259y\u0259 c\u0259sar\u0259t laz\u0131md\u0131r. Ax\u0131 Xank\u0259ndind\u0259 ruslar v\u0259 \u201cs\u00fclhm\u0259raml\u0131lar\u0131\u201d da m\u0259skunla\u015f\u0131b\u201d, &#8211; Sitat\u0131n sonu.<\/p>\n","protected":false},"excerpt":{"rendered":"<p>Sabahdan Az\u0259rbaycan Xank\u0259ndini elektrik enerjisi il\u0259 t\u0259min ed\u0259c\u0259k.<\/p>\n","protected":false},"author":11,"featured_media":158070,"comment_status":"closed","ping_status":"open","sticky":false,"template":"","format":"standard","meta":{"_acf_changed":false,"_sitemap_exclude":false,"_sitemap_priority":"","_sitemap_frequency":"","footnotes":""},"categories":[63],"tags":[],"class_list":["post-205448","post","type-post","status-publish","format-standard","has-post-thumbnail","hentry","category-video-2","infinite-scroll-item","generate-columns","tablet-grid-50","mobile-grid-100","grid-parent","grid-33","no-featured-image-padding"],"acf":[],"yoast_head":"<!-- This site is optimized with the Yoast SEO plugin v27.5 - https:\/\/yoast.com\/product\/yoast-seo-wordpress\/ -->\n<title>&quot;Sabahdan Az\u0259rbaycan Xank\u0259ndini elektrik enerjisi il\u0259 t\u0259min ed\u0259c\u0259k&quot; - MEYDAN.TV<\/title>\n<meta name=\"robots\" content=\"index, follow, max-snippet:-1, max-image-preview:large, max-video-preview:-1\" \/>\n<link rel=\"canonical\" href=\"https:\/\/www.meydan.tv\/az\/article\/sabahdan-azerbaycan-xankendini-elektrik-enerjisi-ile-temin-edecek\/\" \/>\n<meta property=\"og:locale\" content=\"az_AZ\" \/>\n<meta property=\"og:type\" content=\"article\" \/>\n<meta property=\"og:title\" content=\"&quot;Sabahdan Az\u0259rbaycan Xank\u0259ndini elektrik enerjisi il\u0259 t\u0259min ed\u0259c\u0259k&quot; - MEYDAN.TV\" \/>\n<meta property=\"og:description\" content=\"Sabahdan Az\u0259rbaycan Xank\u0259ndini elektrik enerjisi il\u0259 t\u0259min ed\u0259c\u0259k.\" \/>\n<meta property=\"og:url\" content=\"https:\/\/www.meydan.tv\/az\/article\/sabahdan-azerbaycan-xankendini-elektrik-enerjisi-ile-temin-edecek\/\" \/>\n<meta property=\"og:site_name\" content=\"MEYDAN.TV\" \/>\n<meta property=\"article:published_time\" content=\"2021-03-19T19:30:11+00:00\" \/>\n<meta property=\"og:image\" content=\"https:\/\/www.meydan.tv\/wp-content\/uploads\/esger-sayt-cover_ogviev3.png\" \/>\n\t<meta property=\"og:image:width\" content=\"1280\" \/>\n\t<meta property=\"og:image:height\" content=\"720\" \/>\n\t<meta property=\"og:image:type\" content=\"image\/png\" \/>\n<meta name=\"author\" content=\"user-manager\" \/>\n<meta name=\"twitter:card\" content=\"summary_large_image\" \/>\n<script type=\"application\/ld+json\" class=\"yoast-schema-graph\">{\"@context\":\"https:\\\/\\\/schema.org\",\"@graph\":[{\"@type\":\"Article\",\"@id\":\"https:\\\/\\\/www.meydan.tv\\\/az\\\/article\\\/sabahdan-azerbaycan-xankendini-elektrik-enerjisi-ile-temin-edecek\\\/#article\",\"isPartOf\":{\"@id\":\"https:\\\/\\\/www.meydan.tv\\\/az\\\/article\\\/sabahdan-azerbaycan-xankendini-elektrik-enerjisi-ile-temin-edecek\\\/\"},\"author\":{\"name\":\"user-manager\",\"@id\":\"https:\\\/\\\/www.meydan.tv\\\/az\\\/#\\\/schema\\\/person\\\/10d11eccf6da3662cf5fdab9806ea91a\"},\"headline\":\"&#8220;Sabahdan Az\u0259rbaycan Xank\u0259ndini elektrik enerjisi il\u0259 t\u0259min ed\u0259c\u0259k&#8221;\",\"datePublished\":\"2021-03-19T19:30:11+00:00\",\"mainEntityOfPage\":{\"@id\":\"https:\\\/\\\/www.meydan.tv\\\/az\\\/article\\\/sabahdan-azerbaycan-xankendini-elektrik-enerjisi-ile-temin-edecek\\\/\"},\"wordCount\":472,\"publisher\":{\"@id\":\"https:\\\/\\\/www.meydan.tv\\\/az\\\/#organization\"},\"image\":{\"@id\":\"https:\\\/\\\/www.meydan.tv\\\/az\\\/article\\\/sabahdan-azerbaycan-xankendini-elektrik-enerjisi-ile-temin-edecek\\\/#primaryimage\"},\"thumbnailUrl\":\"https:\\\/\\\/www.meydan.tv\\\/wp-content\\\/uploads\\\/esger-sayt-cover_ogviev3.png\",\"articleSection\":[\"Video\"],\"inLanguage\":\"az\"},{\"@type\":\"WebPage\",\"@id\":\"https:\\\/\\\/www.meydan.tv\\\/az\\\/article\\\/sabahdan-azerbaycan-xankendini-elektrik-enerjisi-ile-temin-edecek\\\/\",\"url\":\"https:\\\/\\\/www.meydan.tv\\\/az\\\/article\\\/sabahdan-azerbaycan-xankendini-elektrik-enerjisi-ile-temin-edecek\\\/\",\"name\":\"\\\"Sabahdan Az\u0259rbaycan Xank\u0259ndini elektrik enerjisi il\u0259 t\u0259min ed\u0259c\u0259k\\\" - MEYDAN.TV\",\"isPartOf\":{\"@id\":\"https:\\\/\\\/www.meydan.tv\\\/az\\\/#website\"},\"primaryImageOfPage\":{\"@id\":\"https:\\\/\\\/www.meydan.tv\\\/az\\\/article\\\/sabahdan-azerbaycan-xankendini-elektrik-enerjisi-ile-temin-edecek\\\/#primaryimage\"},\"image\":{\"@id\":\"https:\\\/\\\/www.meydan.tv\\\/az\\\/article\\\/sabahdan-azerbaycan-xankendini-elektrik-enerjisi-ile-temin-edecek\\\/#primaryimage\"},\"thumbnailUrl\":\"https:\\\/\\\/www.meydan.tv\\\/wp-content\\\/uploads\\\/esger-sayt-cover_ogviev3.png\",\"datePublished\":\"2021-03-19T19:30:11+00:00\",\"breadcrumb\":{\"@id\":\"https:\\\/\\\/www.meydan.tv\\\/az\\\/article\\\/sabahdan-azerbaycan-xankendini-elektrik-enerjisi-ile-temin-edecek\\\/#breadcrumb\"},\"inLanguage\":\"az\",\"potentialAction\":[{\"@type\":\"ReadAction\",\"target\":[\"https:\\\/\\\/www.meydan.tv\\\/az\\\/article\\\/sabahdan-azerbaycan-xankendini-elektrik-enerjisi-ile-temin-edecek\\\/\"]}]},{\"@type\":\"ImageObject\",\"inLanguage\":\"az\",\"@id\":\"https:\\\/\\\/www.meydan.tv\\\/az\\\/article\\\/sabahdan-azerbaycan-xankendini-elektrik-enerjisi-ile-temin-edecek\\\/#primaryimage\",\"url\":\"https:\\\/\\\/www.meydan.tv\\\/wp-content\\\/uploads\\\/esger-sayt-cover_ogviev3.png\",\"contentUrl\":\"https:\\\/\\\/www.meydan.tv\\\/wp-content\\\/uploads\\\/esger-sayt-cover_ogviev3.png\",\"width\":1280,\"height\":720,\"caption\":\"Source: Meydan TV\"},{\"@type\":\"BreadcrumbList\",\"@id\":\"https:\\\/\\\/www.meydan.tv\\\/az\\\/article\\\/sabahdan-azerbaycan-xankendini-elektrik-enerjisi-ile-temin-edecek\\\/#breadcrumb\",\"itemListElement\":[{\"@type\":\"ListItem\",\"position\":1,\"name\":\"Ana s\u0259hif\u0259\",\"item\":\"https:\\\/\\\/www.meydan.tv\\\/az\\\/\"},{\"@type\":\"ListItem\",\"position\":2,\"name\":\"Video\",\"item\":\"https:\\\/\\\/www.meydan.tv\\\/az\\\/section\\\/video-2\\\/\"},{\"@type\":\"ListItem\",\"position\":3,\"name\":\"&#8220;Sabahdan Az\u0259rbaycan Xank\u0259ndini elektrik enerjisi il\u0259 t\u0259min ed\u0259c\u0259k&#8221;\"}]},{\"@type\":\"WebSite\",\"@id\":\"https:\\\/\\\/www.meydan.tv\\\/az\\\/#website\",\"url\":\"https:\\\/\\\/www.meydan.tv\\\/az\\\/\",\"name\":\"MEYDAN.TV\",\"description\":\"Meydan TV Az\u0259rbaycan\u0131n media m\u0259kan\u0131ndak\u0131 alternativ s\u0259sidir\",\"publisher\":{\"@id\":\"https:\\\/\\\/www.meydan.tv\\\/az\\\/#organization\"},\"potentialAction\":[{\"@type\":\"SearchAction\",\"target\":{\"@type\":\"EntryPoint\",\"urlTemplate\":\"https:\\\/\\\/www.meydan.tv\\\/az\\\/?s={search_term_string}\"},\"query-input\":{\"@type\":\"PropertyValueSpecification\",\"valueRequired\":true,\"valueName\":\"search_term_string\"}}],\"inLanguage\":\"az\"},{\"@type\":\"Organization\",\"@id\":\"https:\\\/\\\/www.meydan.tv\\\/az\\\/#organization\",\"name\":\"Meydan TV\",\"url\":\"https:\\\/\\\/www.meydan.tv\\\/az\\\/\",\"logo\":{\"@type\":\"ImageObject\",\"inLanguage\":\"az\",\"@id\":\"https:\\\/\\\/www.meydan.tv\\\/az\\\/#\\\/schema\\\/logo\\\/image\\\/\",\"url\":\"https:\\\/\\\/www.meydan.tv\\\/wp-content\\\/uploads\\\/2021\\\/07\\\/meydan-logo.svg\",\"contentUrl\":\"https:\\\/\\\/www.meydan.tv\\\/wp-content\\\/uploads\\\/2021\\\/07\\\/meydan-logo.svg\",\"width\":195,\"height\":46,\"caption\":\"Meydan TV\"},\"image\":{\"@id\":\"https:\\\/\\\/www.meydan.tv\\\/az\\\/#\\\/schema\\\/logo\\\/image\\\/\"}},{\"@type\":\"Person\",\"@id\":\"https:\\\/\\\/www.meydan.tv\\\/az\\\/#\\\/schema\\\/person\\\/10d11eccf6da3662cf5fdab9806ea91a\",\"name\":\"user-manager\"}]}<\/script>\n<!-- \/ Yoast SEO plugin. -->","yoast_head_json":{"title":"\"Sabahdan Az\u0259rbaycan Xank\u0259ndini elektrik enerjisi il\u0259 t\u0259min ed\u0259c\u0259k\" - MEYDAN.TV","robots":{"index":"index","follow":"follow","max-snippet":"max-snippet:-1","max-image-preview":"max-image-preview:large","max-video-preview":"max-video-preview:-1"},"canonical":"https:\/\/www.meydan.tv\/az\/article\/sabahdan-azerbaycan-xankendini-elektrik-enerjisi-ile-temin-edecek\/","og_locale":"az_AZ","og_type":"article","og_title":"\"Sabahdan Az\u0259rbaycan Xank\u0259ndini elektrik enerjisi il\u0259 t\u0259min ed\u0259c\u0259k\" - MEYDAN.TV","og_description":"Sabahdan Az\u0259rbaycan Xank\u0259ndini elektrik enerjisi il\u0259 t\u0259min ed\u0259c\u0259k.","og_url":"https:\/\/www.meydan.tv\/az\/article\/sabahdan-azerbaycan-xankendini-elektrik-enerjisi-ile-temin-edecek\/","og_site_name":"MEYDAN.TV","article_published_time":"2021-03-19T19:30:11+00:00","og_image":[{"width":1280,"height":720,"url":"https:\/\/www.meydan.tv\/wp-content\/uploads\/esger-sayt-cover_ogviev3.png","type":"image\/png"}],"author":"user-manager","twitter_card":"summary_large_image","schema":{"@context":"https:\/\/schema.org","@graph":[{"@type":"Article","@id":"https:\/\/www.meydan.tv\/az\/article\/sabahdan-azerbaycan-xankendini-elektrik-enerjisi-ile-temin-edecek\/#article","isPartOf":{"@id":"https:\/\/www.meydan.tv\/az\/article\/sabahdan-azerbaycan-xankendini-elektrik-enerjisi-ile-temin-edecek\/"},"author":{"name":"user-manager","@id":"https:\/\/www.meydan.tv\/az\/#\/schema\/person\/10d11eccf6da3662cf5fdab9806ea91a"},"headline":"&#8220;Sabahdan Az\u0259rbaycan Xank\u0259ndini elektrik enerjisi il\u0259 t\u0259min ed\u0259c\u0259k&#8221;","datePublished":"2021-03-19T19:30:11+00:00","mainEntityOfPage":{"@id":"https:\/\/www.meydan.tv\/az\/article\/sabahdan-azerbaycan-xankendini-elektrik-enerjisi-ile-temin-edecek\/"},"wordCount":472,"publisher":{"@id":"https:\/\/www.meydan.tv\/az\/#organization"},"image":{"@id":"https:\/\/www.meydan.tv\/az\/article\/sabahdan-azerbaycan-xankendini-elektrik-enerjisi-ile-temin-edecek\/#primaryimage"},"thumbnailUrl":"https:\/\/www.meydan.tv\/wp-content\/uploads\/esger-sayt-cover_ogviev3.png","articleSection":["Video"],"inLanguage":"az"},{"@type":"WebPage","@id":"https:\/\/www.meydan.tv\/az\/article\/sabahdan-azerbaycan-xankendini-elektrik-enerjisi-ile-temin-edecek\/","url":"https:\/\/www.meydan.tv\/az\/article\/sabahdan-azerbaycan-xankendini-elektrik-enerjisi-ile-temin-edecek\/","name":"\"Sabahdan Az\u0259rbaycan Xank\u0259ndini elektrik enerjisi il\u0259 t\u0259min ed\u0259c\u0259k\" - MEYDAN.TV","isPartOf":{"@id":"https:\/\/www.meydan.tv\/az\/#website"},"primaryImageOfPage":{"@id":"https:\/\/www.meydan.tv\/az\/article\/sabahdan-azerbaycan-xankendini-elektrik-enerjisi-ile-temin-edecek\/#primaryimage"},"image":{"@id":"https:\/\/www.meydan.tv\/az\/article\/sabahdan-azerbaycan-xankendini-elektrik-enerjisi-ile-temin-edecek\/#primaryimage"},"thumbnailUrl":"https:\/\/www.meydan.tv\/wp-content\/uploads\/esger-sayt-cover_ogviev3.png","datePublished":"2021-03-19T19:30:11+00:00","breadcrumb":{"@id":"https:\/\/www.meydan.tv\/az\/article\/sabahdan-azerbaycan-xankendini-elektrik-enerjisi-ile-temin-edecek\/#breadcrumb"},"inLanguage":"az","potentialAction":[{"@type":"ReadAction","target":["https:\/\/www.meydan.tv\/az\/article\/sabahdan-azerbaycan-xankendini-elektrik-enerjisi-ile-temin-edecek\/"]}]},{"@type":"ImageObject","inLanguage":"az","@id":"https:\/\/www.meydan.tv\/az\/article\/sabahdan-azerbaycan-xankendini-elektrik-enerjisi-ile-temin-edecek\/#primaryimage","url":"https:\/\/www.meydan.tv\/wp-content\/uploads\/esger-sayt-cover_ogviev3.png","contentUrl":"https:\/\/www.meydan.tv\/wp-content\/uploads\/esger-sayt-cover_ogviev3.png","width":1280,"height":720,"caption":"Source: Meydan TV"},{"@type":"BreadcrumbList","@id":"https:\/\/www.meydan.tv\/az\/article\/sabahdan-azerbaycan-xankendini-elektrik-enerjisi-ile-temin-edecek\/#breadcrumb","itemListElement":[{"@type":"ListItem","position":1,"name":"Ana s\u0259hif\u0259","item":"https:\/\/www.meydan.tv\/az\/"},{"@type":"ListItem","position":2,"name":"Video","item":"https:\/\/www.meydan.tv\/az\/section\/video-2\/"},{"@type":"ListItem","position":3,"name":"&#8220;Sabahdan Az\u0259rbaycan Xank\u0259ndini elektrik enerjisi il\u0259 t\u0259min ed\u0259c\u0259k&#8221;"}]},{"@type":"WebSite","@id":"https:\/\/www.meydan.tv\/az\/#website","url":"https:\/\/www.meydan.tv\/az\/","name":"MEYDAN.TV","description":"Meydan TV Az\u0259rbaycan\u0131n media m\u0259kan\u0131ndak\u0131 alternativ s\u0259sidir","publisher":{"@id":"https:\/\/www.meydan.tv\/az\/#organization"},"potentialAction":[{"@type":"SearchAction","target":{"@type":"EntryPoint","urlTemplate":"https:\/\/www.meydan.tv\/az\/?s={search_term_string}"},"query-input":{"@type":"PropertyValueSpecification","valueRequired":true,"valueName":"search_term_string"}}],"inLanguage":"az"},{"@type":"Organization","@id":"https:\/\/www.meydan.tv\/az\/#organization","name":"Meydan TV","url":"https:\/\/www.meydan.tv\/az\/","logo":{"@type":"ImageObject","inLanguage":"az","@id":"https:\/\/www.meydan.tv\/az\/#\/schema\/logo\/image\/","url":"https:\/\/www.meydan.tv\/wp-content\/uploads\/2021\/07\/meydan-logo.svg","contentUrl":"https:\/\/www.meydan.tv\/wp-content\/uploads\/2021\/07\/meydan-logo.svg","width":195,"height":46,"caption":"Meydan TV"},"image":{"@id":"https:\/\/www.meydan.tv\/az\/#\/schema\/logo\/image\/"}},{"@type":"Person","@id":"https:\/\/www.meydan.tv\/az\/#\/schema\/person\/10d11eccf6da3662cf5fdab9806ea91a","name":"user-manager"}]}},"_links":{"self":[{"href":"https:\/\/www.meydan.tv\/az\/wp-json\/wp\/v2\/posts\/205448","targetHints":{"allow":["GET"]}}],"collection":[{"href":"https:\/\/www.meydan.tv\/az\/wp-json\/wp\/v2\/posts"}],"about":[{"href":"https:\/\/www.meydan.tv\/az\/wp-json\/wp\/v2\/types\/post"}],"author":[{"embeddable":true,"href":"https:\/\/www.meydan.tv\/az\/wp-json\/wp\/v2\/users\/11"}],"replies":[{"embeddable":true,"href":"https:\/\/www.meydan.tv\/az\/wp-json\/wp\/v2\/comments?post=205448"}],"version-history":[{"count":0,"href":"https:\/\/www.meydan.tv\/az\/wp-json\/wp\/v2\/posts\/205448\/revisions"}],"wp:featuredmedia":[{"embeddable":true,"href":"https:\/\/www.meydan.tv\/az\/wp-json\/wp\/v2\/media\/158070"}],"wp:attachment":[{"href":"https:\/\/www.meydan.tv\/az\/wp-json\/wp\/v2\/media?parent=205448"}],"wp:term":[{"taxonomy":"category","embeddable":true,"href":"https:\/\/www.meydan.tv\/az\/wp-json\/wp\/v2\/categories?post=205448"},{"taxonomy":"post_tag","embeddable":true,"href":"https:\/\/www.meydan.tv\/az\/wp-json\/wp\/v2\/tags?post=205448"}],"curies":[{"name":"wp","href":"https:\/\/api.w.org\/{rel}","templated":true}]}}