{"id":205437,"date":"2021-03-19T10:08:54","date_gmt":"2021-03-19T10:08:54","guid":{"rendered":"https:\/\/www.meydan.tv\/article\/uada-beynlxalq-film-festival-keiril-bilr\/"},"modified":"2021-03-19T10:08:54","modified_gmt":"2021-03-19T10:08:54","slug":"uada-beynlxalq-film-festival-keiril-bilr","status":"publish","type":"post","link":"https:\/\/www.meydan.tv\/az\/article\/uada-beynlxalq-film-festival-keiril-bilr\/","title":{"rendered":"\u015eu\u015fada beyn\u0259lxalq film festival\u0131 ke\u00e7iril\u0259 bil\u0259r"},"content":{"rendered":"<p>\n  <i><br \/>\n    Az\u0259rbaycan v\u0259 T\u00fcrkiy\u0259 m\u0259d\u0259niyy\u0259t nazirl\u0259ri birg\u0259 f\u0259aliyy\u0259t bar\u0259d\u0259 raz\u0131l\u0131\u011fa g\u0259libl\u0259r<br \/>\n  <\/i>\n<\/p>\n<p>\n  Az\u0259rbaycan\u0131n m\u0259d\u0259niyy\u0259t naziri Anar K\u0259rimov T\u00fcrkiy\u0259nin m\u0259d\u0259niyy\u0259t v\u0259 turizm naziri Mehmet Nuri Ersoyla Ankarada g\u00f6r\u00fc\u015f\u00fc zaman\u0131 film s\u0259nayesi sah\u0259sind\u0259 birg\u0259 f\u0259aliyy\u0259t bar\u0259d\u0259 raz\u0131l\u0131\u011fa g\u0259lib.\n<\/p>\n<p>\n  Raz\u0131l\u0131\u011fa \u0259sas\u0259n, kino sah\u0259sind\u0259 qar\u015f\u0131l\u0131ql\u0131 \u0259m\u0259kda\u015fl\u0131q \u00e7\u0259r\u00e7iv\u0259sind\u0259 m\u00fc\u015ft\u0259r\u0259k film v\u0259 seriallar\u0131n istehsal\u0131, h\u0259m\u00e7inin beyn\u0259lxalq platformada yay\u0131mlanmas\u0131 n\u0259z\u0259rd\u0259 tutulub.\n<\/p>\n<p>\n  Bundan ba\u015fqa, Qaraba\u011f m\u00f6vzusunda filml\u0259rin \u00e7\u0259kilm\u0259si d\u0259 planda var. Beyn\u0259lxalq festivallar\u0131n t\u0259\u015fkili il\u0259 yana\u015f\u0131, \u015eu\u015fada beyn\u0259lxalq film festival\u0131n ke\u00e7irilm\u0259si d\u0259 m\u00fczakir\u0259 olunub.\n<\/p>\n<p>\n  H\u0259m\u00e7inin Az\u0259rbaycan v\u0259 T\u00fcrkiy\u0259 aras\u0131nda M\u0259d\u0259niyy\u0259t \u00fczr\u0259 \u0259m\u0259kda\u015fl\u0131q Protokolunun imzalanmas\u0131 \u00fc\u00e7\u00fcn z\u0259ruri i\u015fl\u0259rin g\u00f6r\u00fclm\u0259si v\u0259 Birg\u0259 Komissiyan\u0131n (\u0130\u015f\u00e7i qrupunun) n\u00f6vb\u0259ti iclas\u0131n\u0131n 2022-ci ild\u0259 Az\u0259rbaycanda ke\u00e7irilm\u0259si bar\u0259sind\u0259 raz\u0131l\u0131q \u0259ld\u0259 olunub.<\/p>\n","protected":false},"excerpt":{"rendered":"<p>Az\u0259rbaycan v\u0259 T\u00fcrkiy\u0259 m\u0259d\u0259niyy\u0259t nazirl\u0259ri birg\u0259 f\u0259aliyy\u0259t bar\u0259d\u0259 raz\u0131l\u0131\u011fa g\u0259libl\u0259r<\/p>\n","protected":false},"author":11,"featured_media":151090,"comment_status":"closed","ping_status":"open","sticky":false,"template":"","format":"standard","meta":{"_acf_changed":false,"_sitemap_exclude":false,"_sitemap_priority":"","_sitemap_frequency":"","footnotes":""},"categories":[52],"tags":[],"class_list":["post-205437","post","type-post","status-publish","format-standard","has-post-thumbnail","hentry","category-medeniyyet","infinite-scroll-item","generate-columns","tablet-grid-50","mobile-grid-100","grid-parent","grid-33","no-featured-image-padding"],"acf":[],"yoast_head":"<!-- This site is optimized with the Yoast SEO plugin v27.4 - https:\/\/yoast.com\/product\/yoast-seo-wordpress\/ -->\n<title>\u015eu\u015fada beyn\u0259lxalq film festival\u0131 ke\u00e7iril\u0259 bil\u0259r - MEYDAN.TV<\/title>\n<meta name=\"robots\" content=\"index, follow, max-snippet:-1, max-image-preview:large, max-video-preview:-1\" \/>\n<link rel=\"canonical\" href=\"https:\/\/www.meydan.tv\/az\/article\/uada-beynlxalq-film-festival-keiril-bilr\/\" \/>\n<meta property=\"og:locale\" content=\"az_AZ\" \/>\n<meta property=\"og:type\" content=\"article\" \/>\n<meta property=\"og:title\" content=\"\u015eu\u015fada beyn\u0259lxalq film festival\u0131 ke\u00e7iril\u0259 bil\u0259r - MEYDAN.TV\" \/>\n<meta property=\"og:description\" content=\"Az\u0259rbaycan v\u0259 T\u00fcrkiy\u0259 m\u0259d\u0259niyy\u0259t nazirl\u0259ri birg\u0259 f\u0259aliyy\u0259t bar\u0259d\u0259 raz\u0131l\u0131\u011fa g\u0259libl\u0259r\" \/>\n<meta property=\"og:url\" content=\"https:\/\/www.meydan.tv\/az\/article\/uada-beynlxalq-film-festival-keiril-bilr\/\" \/>\n<meta property=\"og:site_name\" content=\"MEYDAN.TV\" \/>\n<meta property=\"article:published_time\" content=\"2021-03-19T10:08:54+00:00\" \/>\n<meta property=\"og:image\" content=\"https:\/\/www.meydan.tv\/wp-content\/uploads\/image_from_ios_8_kahrqnu-scaled.jpg\" \/>\n\t<meta property=\"og:image:width\" content=\"2560\" \/>\n\t<meta property=\"og:image:height\" content=\"1707\" \/>\n\t<meta property=\"og:image:type\" content=\"image\/jpeg\" \/>\n<meta name=\"author\" content=\"user-manager\" \/>\n<meta name=\"twitter:card\" content=\"summary_large_image\" \/>\n<script type=\"application\/ld+json\" class=\"yoast-schema-graph\">{\"@context\":\"https:\\\/\\\/schema.org\",\"@graph\":[{\"@type\":\"Article\",\"@id\":\"https:\\\/\\\/www.meydan.tv\\\/az\\\/article\\\/uada-beynlxalq-film-festival-keiril-bilr\\\/#article\",\"isPartOf\":{\"@id\":\"https:\\\/\\\/www.meydan.tv\\\/az\\\/article\\\/uada-beynlxalq-film-festival-keiril-bilr\\\/\"},\"author\":{\"name\":\"user-manager\",\"@id\":\"https:\\\/\\\/www.meydan.tv\\\/az\\\/#\\\/schema\\\/person\\\/10d11eccf6da3662cf5fdab9806ea91a\"},\"headline\":\"\u015eu\u015fada beyn\u0259lxalq film festival\u0131 ke\u00e7iril\u0259 bil\u0259r\",\"datePublished\":\"2021-03-19T10:08:54+00:00\",\"mainEntityOfPage\":{\"@id\":\"https:\\\/\\\/www.meydan.tv\\\/az\\\/article\\\/uada-beynlxalq-film-festival-keiril-bilr\\\/\"},\"wordCount\":208,\"publisher\":{\"@id\":\"https:\\\/\\\/www.meydan.tv\\\/az\\\/#organization\"},\"image\":{\"@id\":\"https:\\\/\\\/www.meydan.tv\\\/az\\\/article\\\/uada-beynlxalq-film-festival-keiril-bilr\\\/#primaryimage\"},\"thumbnailUrl\":\"https:\\\/\\\/www.meydan.tv\\\/wp-content\\\/uploads\\\/image_from_ios_8_kahrqnu-scaled.jpg\",\"articleSection\":[\"M\u0259d\u0259niyy\u0259t\"],\"inLanguage\":\"az\"},{\"@type\":\"WebPage\",\"@id\":\"https:\\\/\\\/www.meydan.tv\\\/az\\\/article\\\/uada-beynlxalq-film-festival-keiril-bilr\\\/\",\"url\":\"https:\\\/\\\/www.meydan.tv\\\/az\\\/article\\\/uada-beynlxalq-film-festival-keiril-bilr\\\/\",\"name\":\"\u015eu\u015fada beyn\u0259lxalq film festival\u0131 ke\u00e7iril\u0259 bil\u0259r - MEYDAN.TV\",\"isPartOf\":{\"@id\":\"https:\\\/\\\/www.meydan.tv\\\/az\\\/#website\"},\"primaryImageOfPage\":{\"@id\":\"https:\\\/\\\/www.meydan.tv\\\/az\\\/article\\\/uada-beynlxalq-film-festival-keiril-bilr\\\/#primaryimage\"},\"image\":{\"@id\":\"https:\\\/\\\/www.meydan.tv\\\/az\\\/article\\\/uada-beynlxalq-film-festival-keiril-bilr\\\/#primaryimage\"},\"thumbnailUrl\":\"https:\\\/\\\/www.meydan.tv\\\/wp-content\\\/uploads\\\/image_from_ios_8_kahrqnu-scaled.jpg\",\"datePublished\":\"2021-03-19T10:08:54+00:00\",\"breadcrumb\":{\"@id\":\"https:\\\/\\\/www.meydan.tv\\\/az\\\/article\\\/uada-beynlxalq-film-festival-keiril-bilr\\\/#breadcrumb\"},\"inLanguage\":\"az\",\"potentialAction\":[{\"@type\":\"ReadAction\",\"target\":[\"https:\\\/\\\/www.meydan.tv\\\/az\\\/article\\\/uada-beynlxalq-film-festival-keiril-bilr\\\/\"]}]},{\"@type\":\"ImageObject\",\"inLanguage\":\"az\",\"@id\":\"https:\\\/\\\/www.meydan.tv\\\/az\\\/article\\\/uada-beynlxalq-film-festival-keiril-bilr\\\/#primaryimage\",\"url\":\"https:\\\/\\\/www.meydan.tv\\\/wp-content\\\/uploads\\\/image_from_ios_8_kahrqnu-scaled.jpg\",\"contentUrl\":\"https:\\\/\\\/www.meydan.tv\\\/wp-content\\\/uploads\\\/image_from_ios_8_kahrqnu-scaled.jpg\",\"width\":2560,\"height\":1707,\"caption\":\"Foto: Meydan TV\"},{\"@type\":\"BreadcrumbList\",\"@id\":\"https:\\\/\\\/www.meydan.tv\\\/az\\\/article\\\/uada-beynlxalq-film-festival-keiril-bilr\\\/#breadcrumb\",\"itemListElement\":[{\"@type\":\"ListItem\",\"position\":1,\"name\":\"Ana s\u0259hif\u0259\",\"item\":\"https:\\\/\\\/www.meydan.tv\\\/az\\\/\"},{\"@type\":\"ListItem\",\"position\":2,\"name\":\"M\u0259d\u0259niyy\u0259t\",\"item\":\"https:\\\/\\\/www.meydan.tv\\\/az\\\/section\\\/medeniyyet\\\/\"},{\"@type\":\"ListItem\",\"position\":3,\"name\":\"\u015eu\u015fada beyn\u0259lxalq film festival\u0131 ke\u00e7iril\u0259 bil\u0259r\"}]},{\"@type\":\"WebSite\",\"@id\":\"https:\\\/\\\/www.meydan.tv\\\/az\\\/#website\",\"url\":\"https:\\\/\\\/www.meydan.tv\\\/az\\\/\",\"name\":\"MEYDAN.TV\",\"description\":\"Meydan TV Az\u0259rbaycan\u0131n media m\u0259kan\u0131ndak\u0131 alternativ s\u0259sidir\",\"publisher\":{\"@id\":\"https:\\\/\\\/www.meydan.tv\\\/az\\\/#organization\"},\"potentialAction\":[{\"@type\":\"SearchAction\",\"target\":{\"@type\":\"EntryPoint\",\"urlTemplate\":\"https:\\\/\\\/www.meydan.tv\\\/az\\\/?s={search_term_string}\"},\"query-input\":{\"@type\":\"PropertyValueSpecification\",\"valueRequired\":true,\"valueName\":\"search_term_string\"}}],\"inLanguage\":\"az\"},{\"@type\":\"Organization\",\"@id\":\"https:\\\/\\\/www.meydan.tv\\\/az\\\/#organization\",\"name\":\"Meydan TV\",\"url\":\"https:\\\/\\\/www.meydan.tv\\\/az\\\/\",\"logo\":{\"@type\":\"ImageObject\",\"inLanguage\":\"az\",\"@id\":\"https:\\\/\\\/www.meydan.tv\\\/az\\\/#\\\/schema\\\/logo\\\/image\\\/\",\"url\":\"https:\\\/\\\/www.meydan.tv\\\/wp-content\\\/uploads\\\/2021\\\/07\\\/meydan-logo.svg\",\"contentUrl\":\"https:\\\/\\\/www.meydan.tv\\\/wp-content\\\/uploads\\\/2021\\\/07\\\/meydan-logo.svg\",\"width\":195,\"height\":46,\"caption\":\"Meydan TV\"},\"image\":{\"@id\":\"https:\\\/\\\/www.meydan.tv\\\/az\\\/#\\\/schema\\\/logo\\\/image\\\/\"}},{\"@type\":\"Person\",\"@id\":\"https:\\\/\\\/www.meydan.tv\\\/az\\\/#\\\/schema\\\/person\\\/10d11eccf6da3662cf5fdab9806ea91a\",\"name\":\"user-manager\"}]}<\/script>\n<!-- \/ Yoast SEO plugin. -->","yoast_head_json":{"title":"\u015eu\u015fada beyn\u0259lxalq film festival\u0131 ke\u00e7iril\u0259 bil\u0259r - MEYDAN.TV","robots":{"index":"index","follow":"follow","max-snippet":"max-snippet:-1","max-image-preview":"max-image-preview:large","max-video-preview":"max-video-preview:-1"},"canonical":"https:\/\/www.meydan.tv\/az\/article\/uada-beynlxalq-film-festival-keiril-bilr\/","og_locale":"az_AZ","og_type":"article","og_title":"\u015eu\u015fada beyn\u0259lxalq film festival\u0131 ke\u00e7iril\u0259 bil\u0259r - MEYDAN.TV","og_description":"Az\u0259rbaycan v\u0259 T\u00fcrkiy\u0259 m\u0259d\u0259niyy\u0259t nazirl\u0259ri birg\u0259 f\u0259aliyy\u0259t bar\u0259d\u0259 raz\u0131l\u0131\u011fa g\u0259libl\u0259r","og_url":"https:\/\/www.meydan.tv\/az\/article\/uada-beynlxalq-film-festival-keiril-bilr\/","og_site_name":"MEYDAN.TV","article_published_time":"2021-03-19T10:08:54+00:00","og_image":[{"width":2560,"height":1707,"url":"https:\/\/www.meydan.tv\/wp-content\/uploads\/image_from_ios_8_kahrqnu-scaled.jpg","type":"image\/jpeg"}],"author":"user-manager","twitter_card":"summary_large_image","schema":{"@context":"https:\/\/schema.org","@graph":[{"@type":"Article","@id":"https:\/\/www.meydan.tv\/az\/article\/uada-beynlxalq-film-festival-keiril-bilr\/#article","isPartOf":{"@id":"https:\/\/www.meydan.tv\/az\/article\/uada-beynlxalq-film-festival-keiril-bilr\/"},"author":{"name":"user-manager","@id":"https:\/\/www.meydan.tv\/az\/#\/schema\/person\/10d11eccf6da3662cf5fdab9806ea91a"},"headline":"\u015eu\u015fada beyn\u0259lxalq film festival\u0131 ke\u00e7iril\u0259 bil\u0259r","datePublished":"2021-03-19T10:08:54+00:00","mainEntityOfPage":{"@id":"https:\/\/www.meydan.tv\/az\/article\/uada-beynlxalq-film-festival-keiril-bilr\/"},"wordCount":208,"publisher":{"@id":"https:\/\/www.meydan.tv\/az\/#organization"},"image":{"@id":"https:\/\/www.meydan.tv\/az\/article\/uada-beynlxalq-film-festival-keiril-bilr\/#primaryimage"},"thumbnailUrl":"https:\/\/www.meydan.tv\/wp-content\/uploads\/image_from_ios_8_kahrqnu-scaled.jpg","articleSection":["M\u0259d\u0259niyy\u0259t"],"inLanguage":"az"},{"@type":"WebPage","@id":"https:\/\/www.meydan.tv\/az\/article\/uada-beynlxalq-film-festival-keiril-bilr\/","url":"https:\/\/www.meydan.tv\/az\/article\/uada-beynlxalq-film-festival-keiril-bilr\/","name":"\u015eu\u015fada beyn\u0259lxalq film festival\u0131 ke\u00e7iril\u0259 bil\u0259r - MEYDAN.TV","isPartOf":{"@id":"https:\/\/www.meydan.tv\/az\/#website"},"primaryImageOfPage":{"@id":"https:\/\/www.meydan.tv\/az\/article\/uada-beynlxalq-film-festival-keiril-bilr\/#primaryimage"},"image":{"@id":"https:\/\/www.meydan.tv\/az\/article\/uada-beynlxalq-film-festival-keiril-bilr\/#primaryimage"},"thumbnailUrl":"https:\/\/www.meydan.tv\/wp-content\/uploads\/image_from_ios_8_kahrqnu-scaled.jpg","datePublished":"2021-03-19T10:08:54+00:00","breadcrumb":{"@id":"https:\/\/www.meydan.tv\/az\/article\/uada-beynlxalq-film-festival-keiril-bilr\/#breadcrumb"},"inLanguage":"az","potentialAction":[{"@type":"ReadAction","target":["https:\/\/www.meydan.tv\/az\/article\/uada-beynlxalq-film-festival-keiril-bilr\/"]}]},{"@type":"ImageObject","inLanguage":"az","@id":"https:\/\/www.meydan.tv\/az\/article\/uada-beynlxalq-film-festival-keiril-bilr\/#primaryimage","url":"https:\/\/www.meydan.tv\/wp-content\/uploads\/image_from_ios_8_kahrqnu-scaled.jpg","contentUrl":"https:\/\/www.meydan.tv\/wp-content\/uploads\/image_from_ios_8_kahrqnu-scaled.jpg","width":2560,"height":1707,"caption":"Foto: Meydan TV"},{"@type":"BreadcrumbList","@id":"https:\/\/www.meydan.tv\/az\/article\/uada-beynlxalq-film-festival-keiril-bilr\/#breadcrumb","itemListElement":[{"@type":"ListItem","position":1,"name":"Ana s\u0259hif\u0259","item":"https:\/\/www.meydan.tv\/az\/"},{"@type":"ListItem","position":2,"name":"M\u0259d\u0259niyy\u0259t","item":"https:\/\/www.meydan.tv\/az\/section\/medeniyyet\/"},{"@type":"ListItem","position":3,"name":"\u015eu\u015fada beyn\u0259lxalq film festival\u0131 ke\u00e7iril\u0259 bil\u0259r"}]},{"@type":"WebSite","@id":"https:\/\/www.meydan.tv\/az\/#website","url":"https:\/\/www.meydan.tv\/az\/","name":"MEYDAN.TV","description":"Meydan TV Az\u0259rbaycan\u0131n media m\u0259kan\u0131ndak\u0131 alternativ s\u0259sidir","publisher":{"@id":"https:\/\/www.meydan.tv\/az\/#organization"},"potentialAction":[{"@type":"SearchAction","target":{"@type":"EntryPoint","urlTemplate":"https:\/\/www.meydan.tv\/az\/?s={search_term_string}"},"query-input":{"@type":"PropertyValueSpecification","valueRequired":true,"valueName":"search_term_string"}}],"inLanguage":"az"},{"@type":"Organization","@id":"https:\/\/www.meydan.tv\/az\/#organization","name":"Meydan TV","url":"https:\/\/www.meydan.tv\/az\/","logo":{"@type":"ImageObject","inLanguage":"az","@id":"https:\/\/www.meydan.tv\/az\/#\/schema\/logo\/image\/","url":"https:\/\/www.meydan.tv\/wp-content\/uploads\/2021\/07\/meydan-logo.svg","contentUrl":"https:\/\/www.meydan.tv\/wp-content\/uploads\/2021\/07\/meydan-logo.svg","width":195,"height":46,"caption":"Meydan TV"},"image":{"@id":"https:\/\/www.meydan.tv\/az\/#\/schema\/logo\/image\/"}},{"@type":"Person","@id":"https:\/\/www.meydan.tv\/az\/#\/schema\/person\/10d11eccf6da3662cf5fdab9806ea91a","name":"user-manager"}]}},"_links":{"self":[{"href":"https:\/\/www.meydan.tv\/az\/wp-json\/wp\/v2\/posts\/205437","targetHints":{"allow":["GET"]}}],"collection":[{"href":"https:\/\/www.meydan.tv\/az\/wp-json\/wp\/v2\/posts"}],"about":[{"href":"https:\/\/www.meydan.tv\/az\/wp-json\/wp\/v2\/types\/post"}],"author":[{"embeddable":true,"href":"https:\/\/www.meydan.tv\/az\/wp-json\/wp\/v2\/users\/11"}],"replies":[{"embeddable":true,"href":"https:\/\/www.meydan.tv\/az\/wp-json\/wp\/v2\/comments?post=205437"}],"version-history":[{"count":0,"href":"https:\/\/www.meydan.tv\/az\/wp-json\/wp\/v2\/posts\/205437\/revisions"}],"wp:featuredmedia":[{"embeddable":true,"href":"https:\/\/www.meydan.tv\/az\/wp-json\/wp\/v2\/media\/151090"}],"wp:attachment":[{"href":"https:\/\/www.meydan.tv\/az\/wp-json\/wp\/v2\/media?parent=205437"}],"wp:term":[{"taxonomy":"category","embeddable":true,"href":"https:\/\/www.meydan.tv\/az\/wp-json\/wp\/v2\/categories?post=205437"},{"taxonomy":"post_tag","embeddable":true,"href":"https:\/\/www.meydan.tv\/az\/wp-json\/wp\/v2\/tags?post=205437"}],"curies":[{"name":"wp","href":"https:\/\/api.w.org\/{rel}","templated":true}]}}