{"id":205435,"date":"2021-03-19T10:08:25","date_gmt":"2021-03-19T10:08:25","guid":{"rendered":"https:\/\/www.meydan.tv\/article\/azerbaycan-filmleri-netflixde-yayimlanacaq\/"},"modified":"2021-03-19T10:08:25","modified_gmt":"2021-03-19T10:08:25","slug":"azerbaycan-filmleri-netflixde-yayimlanacaq","status":"publish","type":"post","link":"https:\/\/www.meydan.tv\/az\/article\/azerbaycan-filmleri-netflixde-yayimlanacaq\/","title":{"rendered":"Az\u0259rbaycan filml\u0259ri \u201cNetflix\u201dd\u0259 yay\u0131mlanacaq"},"content":{"rendered":"<p>\n  <i><br \/>\n    Az\u0259rbaycan bununla ba\u011fl\u0131 T\u00fcrkiy\u0259 il\u0259 m\u00fczakir\u0259l\u0259r apar\u0131r<br \/>\n  <\/i>\n<\/p>\n<p>\n  Az\u0259rbaycan\u0131n m\u0259d\u0259niyy\u0259t naziri Anar K\u0259rimov Ankarada T\u00fcrkiy\u0259 Prezident Administrasiyas\u0131n\u0131n \u0130ctimaiyy\u0259tl\u0259 \u018flaq\u0259l\u0259r \u0130dar\u0259sinin r\u0259hb\u0259ri F\u0259xr\u0259ddin Altunla g\u00f6r\u00fc\u015f\u00fcb.\n<\/p>\n<p>\n  G\u00f6r\u00fc\u015f zaman\u0131 \u201cQafqaz \u0130slam Ordusu\u201d v\u0259 Qaraba\u011f Z\u0259f\u0259ri v\u0259 Xocal\u0131 faci\u0259si haqq\u0131nda m\u00fc\u015ft\u0259r\u0259k film istehsal\u0131n\u0131n detallar\u0131 m\u00fczakir\u0259 olunub.\n<\/p>\n<p>\n  Anar K\u0259rimov \u0130kinci Qaraba\u011f m\u00fcharib\u0259si d\u00f6y\u00fc\u015f\u00e7\u00fcl\u0259ri haqq\u0131nda filmin \u00e7\u0259kili\u015fl\u0259rin\u0259 T\u00fcrkiy\u0259nin kino \u015firk\u0259tl\u0259rinin i\u015ftirak\u0131n\u0131 m\u00fcsb\u0259t hal kimi qiym\u0259tl\u0259ndirib.\n<\/p>\n<p>\n  Az\u0259rbaycan m\u0259d\u0259niyy\u0259t naziri T\u00fcrkiy\u0259 s\u0259f\u0259ri zaman\u0131 H\u0259m\u00e7inin \u201cNetflix T\u00fcrkiye\u201d platformas\u0131n\u0131n idar\u0259 hey\u0259tinin s\u0259dri Mithat \u00d6zbek il\u0259 g\u00f6r\u00fc\u015f\u00fcb.\n<\/p>\n<p>\n  Az\u0259rbaycan filml\u0259rinin \u201cNetflix\u201dd\u0259 yay\u0131m\u0131 il\u0259 ba\u011fl\u0131 m\u00fczakir\u0259l\u0259r d\u0259 apar\u0131b.\n<\/p>\n<p>\n  H\u0259r iki \u00f6lk\u0259nin birg\u0259 \u00e7\u0259kdikl\u0259ri film v\u0259 seriallar\u0131n g\u0259l\u0259c\u0259kd\u0259 \u201cNetflix\u201dd\u0259 n\u00fcmayi\u015fi n\u0259z\u0259rd\u0259 tutulub\n<\/p>\n<p>\n  Nazir T\u00fcrkiy\u0259d\u0259 f\u0259aliyy\u0259t g\u00f6st\u0259r\u0259n kino istehsal\u0131, distribusiya v\u0259 media \u015firk\u0259tl\u0259rinin r\u0259hb\u0259rl\u0259ri il\u0259 d\u0259 g\u00f6r\u00fc\u015f ke\u00e7irib.\n<\/p>\n<p>\n  G\u00f6r\u00fc\u015fd\u0259 T\u00fcrkiy\u0259nin \u0259sas film istehsal\u0131 qurumlar\u0131n\u0131n m\u0259sul \u015f\u0259xsl\u0259ri d\u0259 i\u015ftirak edib.<\/p>\n","protected":false},"excerpt":{"rendered":"<p>Az\u0259rbaycan bununla ba\u011fl\u0131 T\u00fcrkiy\u0259 il\u0259 m\u00fczakir\u0259l\u0259r apar\u0131r<\/p>\n","protected":false},"author":11,"featured_media":144785,"comment_status":"closed","ping_status":"open","sticky":false,"template":"","format":"standard","meta":{"_acf_changed":false,"_sitemap_exclude":false,"_sitemap_priority":"","_sitemap_frequency":"","footnotes":""},"categories":[52],"tags":[],"class_list":["post-205435","post","type-post","status-publish","format-standard","has-post-thumbnail","hentry","category-medeniyyet","infinite-scroll-item","generate-columns","tablet-grid-50","mobile-grid-100","grid-parent","grid-33","no-featured-image-padding"],"acf":[],"yoast_head":"<!-- This site is optimized with the Yoast SEO plugin v27.4 - https:\/\/yoast.com\/product\/yoast-seo-wordpress\/ -->\n<title>Az\u0259rbaycan filml\u0259ri \u201cNetflix\u201dd\u0259 yay\u0131mlanacaq - MEYDAN.TV<\/title>\n<meta name=\"robots\" content=\"index, follow, max-snippet:-1, max-image-preview:large, max-video-preview:-1\" \/>\n<link rel=\"canonical\" href=\"https:\/\/www.meydan.tv\/az\/article\/azerbaycan-filmleri-netflixde-yayimlanacaq\/\" \/>\n<meta property=\"og:locale\" content=\"az_AZ\" \/>\n<meta property=\"og:type\" content=\"article\" \/>\n<meta property=\"og:title\" content=\"Az\u0259rbaycan filml\u0259ri \u201cNetflix\u201dd\u0259 yay\u0131mlanacaq - MEYDAN.TV\" \/>\n<meta property=\"og:description\" content=\"Az\u0259rbaycan bununla ba\u011fl\u0131 T\u00fcrkiy\u0259 il\u0259 m\u00fczakir\u0259l\u0259r apar\u0131r\" \/>\n<meta property=\"og:url\" content=\"https:\/\/www.meydan.tv\/az\/article\/azerbaycan-filmleri-netflixde-yayimlanacaq\/\" \/>\n<meta property=\"og:site_name\" content=\"MEYDAN.TV\" \/>\n<meta property=\"article:published_time\" content=\"2021-03-19T10:08:25+00:00\" \/>\n<meta property=\"og:image\" content=\"https:\/\/www.meydan.tv\/wp-content\/uploads\/14817138433447938276.jpg\" \/>\n\t<meta property=\"og:image:width\" content=\"852\" \/>\n\t<meta property=\"og:image:height\" content=\"541\" \/>\n\t<meta property=\"og:image:type\" content=\"image\/jpeg\" \/>\n<meta name=\"author\" content=\"user-manager\" \/>\n<meta name=\"twitter:card\" content=\"summary_large_image\" \/>\n<script type=\"application\/ld+json\" class=\"yoast-schema-graph\">{\"@context\":\"https:\\\/\\\/schema.org\",\"@graph\":[{\"@type\":\"Article\",\"@id\":\"https:\\\/\\\/www.meydan.tv\\\/az\\\/article\\\/azerbaycan-filmleri-netflixde-yayimlanacaq\\\/#article\",\"isPartOf\":{\"@id\":\"https:\\\/\\\/www.meydan.tv\\\/az\\\/article\\\/azerbaycan-filmleri-netflixde-yayimlanacaq\\\/\"},\"author\":{\"name\":\"user-manager\",\"@id\":\"https:\\\/\\\/www.meydan.tv\\\/az\\\/#\\\/schema\\\/person\\\/10d11eccf6da3662cf5fdab9806ea91a\"},\"headline\":\"Az\u0259rbaycan filml\u0259ri \u201cNetflix\u201dd\u0259 yay\u0131mlanacaq\",\"datePublished\":\"2021-03-19T10:08:25+00:00\",\"mainEntityOfPage\":{\"@id\":\"https:\\\/\\\/www.meydan.tv\\\/az\\\/article\\\/azerbaycan-filmleri-netflixde-yayimlanacaq\\\/\"},\"wordCount\":247,\"publisher\":{\"@id\":\"https:\\\/\\\/www.meydan.tv\\\/az\\\/#organization\"},\"image\":{\"@id\":\"https:\\\/\\\/www.meydan.tv\\\/az\\\/article\\\/azerbaycan-filmleri-netflixde-yayimlanacaq\\\/#primaryimage\"},\"thumbnailUrl\":\"https:\\\/\\\/www.meydan.tv\\\/wp-content\\\/uploads\\\/14817138433447938276.jpg\",\"articleSection\":[\"M\u0259d\u0259niyy\u0259t\"],\"inLanguage\":\"az\"},{\"@type\":\"WebPage\",\"@id\":\"https:\\\/\\\/www.meydan.tv\\\/az\\\/article\\\/azerbaycan-filmleri-netflixde-yayimlanacaq\\\/\",\"url\":\"https:\\\/\\\/www.meydan.tv\\\/az\\\/article\\\/azerbaycan-filmleri-netflixde-yayimlanacaq\\\/\",\"name\":\"Az\u0259rbaycan filml\u0259ri \u201cNetflix\u201dd\u0259 yay\u0131mlanacaq - MEYDAN.TV\",\"isPartOf\":{\"@id\":\"https:\\\/\\\/www.meydan.tv\\\/az\\\/#website\"},\"primaryImageOfPage\":{\"@id\":\"https:\\\/\\\/www.meydan.tv\\\/az\\\/article\\\/azerbaycan-filmleri-netflixde-yayimlanacaq\\\/#primaryimage\"},\"image\":{\"@id\":\"https:\\\/\\\/www.meydan.tv\\\/az\\\/article\\\/azerbaycan-filmleri-netflixde-yayimlanacaq\\\/#primaryimage\"},\"thumbnailUrl\":\"https:\\\/\\\/www.meydan.tv\\\/wp-content\\\/uploads\\\/14817138433447938276.jpg\",\"datePublished\":\"2021-03-19T10:08:25+00:00\",\"breadcrumb\":{\"@id\":\"https:\\\/\\\/www.meydan.tv\\\/az\\\/article\\\/azerbaycan-filmleri-netflixde-yayimlanacaq\\\/#breadcrumb\"},\"inLanguage\":\"az\",\"potentialAction\":[{\"@type\":\"ReadAction\",\"target\":[\"https:\\\/\\\/www.meydan.tv\\\/az\\\/article\\\/azerbaycan-filmleri-netflixde-yayimlanacaq\\\/\"]}]},{\"@type\":\"ImageObject\",\"inLanguage\":\"az\",\"@id\":\"https:\\\/\\\/www.meydan.tv\\\/az\\\/article\\\/azerbaycan-filmleri-netflixde-yayimlanacaq\\\/#primaryimage\",\"url\":\"https:\\\/\\\/www.meydan.tv\\\/wp-content\\\/uploads\\\/14817138433447938276.jpg\",\"contentUrl\":\"https:\\\/\\\/www.meydan.tv\\\/wp-content\\\/uploads\\\/14817138433447938276.jpg\",\"width\":852,\"height\":541,\"caption\":\"Foto: Azertac\"},{\"@type\":\"BreadcrumbList\",\"@id\":\"https:\\\/\\\/www.meydan.tv\\\/az\\\/article\\\/azerbaycan-filmleri-netflixde-yayimlanacaq\\\/#breadcrumb\",\"itemListElement\":[{\"@type\":\"ListItem\",\"position\":1,\"name\":\"Ana s\u0259hif\u0259\",\"item\":\"https:\\\/\\\/www.meydan.tv\\\/az\\\/\"},{\"@type\":\"ListItem\",\"position\":2,\"name\":\"M\u0259d\u0259niyy\u0259t\",\"item\":\"https:\\\/\\\/www.meydan.tv\\\/az\\\/section\\\/medeniyyet\\\/\"},{\"@type\":\"ListItem\",\"position\":3,\"name\":\"Az\u0259rbaycan filml\u0259ri \u201cNetflix\u201dd\u0259 yay\u0131mlanacaq\"}]},{\"@type\":\"WebSite\",\"@id\":\"https:\\\/\\\/www.meydan.tv\\\/az\\\/#website\",\"url\":\"https:\\\/\\\/www.meydan.tv\\\/az\\\/\",\"name\":\"MEYDAN.TV\",\"description\":\"Meydan TV Az\u0259rbaycan\u0131n media m\u0259kan\u0131ndak\u0131 alternativ s\u0259sidir\",\"publisher\":{\"@id\":\"https:\\\/\\\/www.meydan.tv\\\/az\\\/#organization\"},\"potentialAction\":[{\"@type\":\"SearchAction\",\"target\":{\"@type\":\"EntryPoint\",\"urlTemplate\":\"https:\\\/\\\/www.meydan.tv\\\/az\\\/?s={search_term_string}\"},\"query-input\":{\"@type\":\"PropertyValueSpecification\",\"valueRequired\":true,\"valueName\":\"search_term_string\"}}],\"inLanguage\":\"az\"},{\"@type\":\"Organization\",\"@id\":\"https:\\\/\\\/www.meydan.tv\\\/az\\\/#organization\",\"name\":\"Meydan TV\",\"url\":\"https:\\\/\\\/www.meydan.tv\\\/az\\\/\",\"logo\":{\"@type\":\"ImageObject\",\"inLanguage\":\"az\",\"@id\":\"https:\\\/\\\/www.meydan.tv\\\/az\\\/#\\\/schema\\\/logo\\\/image\\\/\",\"url\":\"https:\\\/\\\/www.meydan.tv\\\/wp-content\\\/uploads\\\/2021\\\/07\\\/meydan-logo.svg\",\"contentUrl\":\"https:\\\/\\\/www.meydan.tv\\\/wp-content\\\/uploads\\\/2021\\\/07\\\/meydan-logo.svg\",\"width\":195,\"height\":46,\"caption\":\"Meydan TV\"},\"image\":{\"@id\":\"https:\\\/\\\/www.meydan.tv\\\/az\\\/#\\\/schema\\\/logo\\\/image\\\/\"}},{\"@type\":\"Person\",\"@id\":\"https:\\\/\\\/www.meydan.tv\\\/az\\\/#\\\/schema\\\/person\\\/10d11eccf6da3662cf5fdab9806ea91a\",\"name\":\"user-manager\"}]}<\/script>\n<!-- \/ Yoast SEO plugin. -->","yoast_head_json":{"title":"Az\u0259rbaycan filml\u0259ri \u201cNetflix\u201dd\u0259 yay\u0131mlanacaq - MEYDAN.TV","robots":{"index":"index","follow":"follow","max-snippet":"max-snippet:-1","max-image-preview":"max-image-preview:large","max-video-preview":"max-video-preview:-1"},"canonical":"https:\/\/www.meydan.tv\/az\/article\/azerbaycan-filmleri-netflixde-yayimlanacaq\/","og_locale":"az_AZ","og_type":"article","og_title":"Az\u0259rbaycan filml\u0259ri \u201cNetflix\u201dd\u0259 yay\u0131mlanacaq - MEYDAN.TV","og_description":"Az\u0259rbaycan bununla ba\u011fl\u0131 T\u00fcrkiy\u0259 il\u0259 m\u00fczakir\u0259l\u0259r apar\u0131r","og_url":"https:\/\/www.meydan.tv\/az\/article\/azerbaycan-filmleri-netflixde-yayimlanacaq\/","og_site_name":"MEYDAN.TV","article_published_time":"2021-03-19T10:08:25+00:00","og_image":[{"width":852,"height":541,"url":"https:\/\/www.meydan.tv\/wp-content\/uploads\/14817138433447938276.jpg","type":"image\/jpeg"}],"author":"user-manager","twitter_card":"summary_large_image","schema":{"@context":"https:\/\/schema.org","@graph":[{"@type":"Article","@id":"https:\/\/www.meydan.tv\/az\/article\/azerbaycan-filmleri-netflixde-yayimlanacaq\/#article","isPartOf":{"@id":"https:\/\/www.meydan.tv\/az\/article\/azerbaycan-filmleri-netflixde-yayimlanacaq\/"},"author":{"name":"user-manager","@id":"https:\/\/www.meydan.tv\/az\/#\/schema\/person\/10d11eccf6da3662cf5fdab9806ea91a"},"headline":"Az\u0259rbaycan filml\u0259ri \u201cNetflix\u201dd\u0259 yay\u0131mlanacaq","datePublished":"2021-03-19T10:08:25+00:00","mainEntityOfPage":{"@id":"https:\/\/www.meydan.tv\/az\/article\/azerbaycan-filmleri-netflixde-yayimlanacaq\/"},"wordCount":247,"publisher":{"@id":"https:\/\/www.meydan.tv\/az\/#organization"},"image":{"@id":"https:\/\/www.meydan.tv\/az\/article\/azerbaycan-filmleri-netflixde-yayimlanacaq\/#primaryimage"},"thumbnailUrl":"https:\/\/www.meydan.tv\/wp-content\/uploads\/14817138433447938276.jpg","articleSection":["M\u0259d\u0259niyy\u0259t"],"inLanguage":"az"},{"@type":"WebPage","@id":"https:\/\/www.meydan.tv\/az\/article\/azerbaycan-filmleri-netflixde-yayimlanacaq\/","url":"https:\/\/www.meydan.tv\/az\/article\/azerbaycan-filmleri-netflixde-yayimlanacaq\/","name":"Az\u0259rbaycan filml\u0259ri \u201cNetflix\u201dd\u0259 yay\u0131mlanacaq - MEYDAN.TV","isPartOf":{"@id":"https:\/\/www.meydan.tv\/az\/#website"},"primaryImageOfPage":{"@id":"https:\/\/www.meydan.tv\/az\/article\/azerbaycan-filmleri-netflixde-yayimlanacaq\/#primaryimage"},"image":{"@id":"https:\/\/www.meydan.tv\/az\/article\/azerbaycan-filmleri-netflixde-yayimlanacaq\/#primaryimage"},"thumbnailUrl":"https:\/\/www.meydan.tv\/wp-content\/uploads\/14817138433447938276.jpg","datePublished":"2021-03-19T10:08:25+00:00","breadcrumb":{"@id":"https:\/\/www.meydan.tv\/az\/article\/azerbaycan-filmleri-netflixde-yayimlanacaq\/#breadcrumb"},"inLanguage":"az","potentialAction":[{"@type":"ReadAction","target":["https:\/\/www.meydan.tv\/az\/article\/azerbaycan-filmleri-netflixde-yayimlanacaq\/"]}]},{"@type":"ImageObject","inLanguage":"az","@id":"https:\/\/www.meydan.tv\/az\/article\/azerbaycan-filmleri-netflixde-yayimlanacaq\/#primaryimage","url":"https:\/\/www.meydan.tv\/wp-content\/uploads\/14817138433447938276.jpg","contentUrl":"https:\/\/www.meydan.tv\/wp-content\/uploads\/14817138433447938276.jpg","width":852,"height":541,"caption":"Foto: Azertac"},{"@type":"BreadcrumbList","@id":"https:\/\/www.meydan.tv\/az\/article\/azerbaycan-filmleri-netflixde-yayimlanacaq\/#breadcrumb","itemListElement":[{"@type":"ListItem","position":1,"name":"Ana s\u0259hif\u0259","item":"https:\/\/www.meydan.tv\/az\/"},{"@type":"ListItem","position":2,"name":"M\u0259d\u0259niyy\u0259t","item":"https:\/\/www.meydan.tv\/az\/section\/medeniyyet\/"},{"@type":"ListItem","position":3,"name":"Az\u0259rbaycan filml\u0259ri \u201cNetflix\u201dd\u0259 yay\u0131mlanacaq"}]},{"@type":"WebSite","@id":"https:\/\/www.meydan.tv\/az\/#website","url":"https:\/\/www.meydan.tv\/az\/","name":"MEYDAN.TV","description":"Meydan TV Az\u0259rbaycan\u0131n media m\u0259kan\u0131ndak\u0131 alternativ s\u0259sidir","publisher":{"@id":"https:\/\/www.meydan.tv\/az\/#organization"},"potentialAction":[{"@type":"SearchAction","target":{"@type":"EntryPoint","urlTemplate":"https:\/\/www.meydan.tv\/az\/?s={search_term_string}"},"query-input":{"@type":"PropertyValueSpecification","valueRequired":true,"valueName":"search_term_string"}}],"inLanguage":"az"},{"@type":"Organization","@id":"https:\/\/www.meydan.tv\/az\/#organization","name":"Meydan TV","url":"https:\/\/www.meydan.tv\/az\/","logo":{"@type":"ImageObject","inLanguage":"az","@id":"https:\/\/www.meydan.tv\/az\/#\/schema\/logo\/image\/","url":"https:\/\/www.meydan.tv\/wp-content\/uploads\/2021\/07\/meydan-logo.svg","contentUrl":"https:\/\/www.meydan.tv\/wp-content\/uploads\/2021\/07\/meydan-logo.svg","width":195,"height":46,"caption":"Meydan TV"},"image":{"@id":"https:\/\/www.meydan.tv\/az\/#\/schema\/logo\/image\/"}},{"@type":"Person","@id":"https:\/\/www.meydan.tv\/az\/#\/schema\/person\/10d11eccf6da3662cf5fdab9806ea91a","name":"user-manager"}]}},"_links":{"self":[{"href":"https:\/\/www.meydan.tv\/az\/wp-json\/wp\/v2\/posts\/205435","targetHints":{"allow":["GET"]}}],"collection":[{"href":"https:\/\/www.meydan.tv\/az\/wp-json\/wp\/v2\/posts"}],"about":[{"href":"https:\/\/www.meydan.tv\/az\/wp-json\/wp\/v2\/types\/post"}],"author":[{"embeddable":true,"href":"https:\/\/www.meydan.tv\/az\/wp-json\/wp\/v2\/users\/11"}],"replies":[{"embeddable":true,"href":"https:\/\/www.meydan.tv\/az\/wp-json\/wp\/v2\/comments?post=205435"}],"version-history":[{"count":0,"href":"https:\/\/www.meydan.tv\/az\/wp-json\/wp\/v2\/posts\/205435\/revisions"}],"wp:featuredmedia":[{"embeddable":true,"href":"https:\/\/www.meydan.tv\/az\/wp-json\/wp\/v2\/media\/144785"}],"wp:attachment":[{"href":"https:\/\/www.meydan.tv\/az\/wp-json\/wp\/v2\/media?parent=205435"}],"wp:term":[{"taxonomy":"category","embeddable":true,"href":"https:\/\/www.meydan.tv\/az\/wp-json\/wp\/v2\/categories?post=205435"},{"taxonomy":"post_tag","embeddable":true,"href":"https:\/\/www.meydan.tv\/az\/wp-json\/wp\/v2\/tags?post=205435"}],"curies":[{"name":"wp","href":"https:\/\/api.w.org\/{rel}","templated":true}]}}