{"id":205434,"date":"2021-03-19T10:07:41","date_gmt":"2021-03-19T10:07:41","guid":{"rendered":"https:\/\/www.meydan.tv\/article\/afaq-besirqizi-neinki-onlayn-tamasa-hetta-onlayn-tehsilin-de-eleyhineyem\/"},"modified":"2021-03-19T10:07:41","modified_gmt":"2021-03-19T10:07:41","slug":"afaq-besirqizi-neinki-onlayn-tamasa-hetta-onlayn-tehsilin-de-eleyhineyem","status":"publish","type":"post","link":"https:\/\/www.meydan.tv\/az\/article\/afaq-besirqizi-neinki-onlayn-tamasa-hetta-onlayn-tehsilin-de-eleyhineyem\/","title":{"rendered":"Afaq B\u0259\u015firq\u0131z\u0131: N\u0259inki onlayn tama\u015fa, h\u0259tta onlayn t\u0259hsilin d\u0259 \u0259leyhin\u0259y\u0259m"},"content":{"rendered":"<p>\n  <i><br \/>\n    &quot;Aktyor s\u0259hn\u0259d\u0259 oynamal\u0131, tama\u015fa\u00e7\u0131n\u0131n h\u0259y\u0259can\u0131n\u0131 hiss etm\u0259li, alq\u0131\u015f\u0131n\u0131 g\u00f6rm\u0259lidir&quot;<br \/>\n  <\/i>\n<\/p>\n<p>\n  10 Mart \u2013 Az\u0259rbaycanda Milli Teatr G\u00fcn\u00fc kimi qeyd olunur.\n<\/p>\n<p>\n  Bir ildir ki, pandemiya il\u0259 \u0259laq\u0259dar \u00f6lk\u0259 teatrlar\u0131 f\u0259aliyy\u0259tini virtual tama\u015falarla davam etdirir.\n<\/p>\n<p>\n  Akademik Musiqili Teatr\u0131n\u0131n aktrisas\u0131 Afaq B\u0259\u015firq\u0131z\u0131 Meydan TV-y\u0259 a\u00e7\u0131qlamas\u0131nda deyir ki, pandemiya b\u00fct\u00fcn sah\u0259l\u0259rd\u0259 oldu\u011fu kimi m\u0259d\u0259niyy\u0259t\u0259, x\u00fcsusil\u0259 teatra ciddi z\u0259rb\u0259 vurub: \u201cPandemiya \u0259l-qolumuzu ba\u011flay\u0131b. Onsuz da teatrlarda dur\u011funluq vard\u0131, pandemiya daha \u00e7ox mane\u0259 yaratd\u0131. M\u0259n n\u0259inki onlayn tama\u015fa, h\u0259tta onlayn t\u0259hsilin d\u0259 \u0259leyhin\u0259y\u0259m. Aktyor s\u0259hn\u0259d\u0259 oynamal\u0131, tama\u015fa\u00e7\u0131n\u0131n h\u0259y\u0259can\u0131n\u0131 hiss etm\u0259li, alq\u0131\u015f\u0131n\u0131 g\u00f6rm\u0259lidir. Aktyor ona baxd\u0131qlar\u0131n\u0131, \u0259l \u00e7ald\u0131qlar\u0131n\u0131, s\u0259hn\u0259d\u0259 oynan\u0131lan hadis\u0259ni ya\u015fayan tama\u015fa\u00e7\u0131n\u0131 hiss etm\u0259ldir. Aktyor bundan ilhamlan\u0131r, daha g\u00f6z\u0259l oynay\u0131r. Bu hissl\u0259ri onlayn tama\u015fa il\u0259 tama\u015fa\u00e7\u0131ya \u00f6t\u00fcrm\u0259k m\u00fcmk\u00fcn deyil\u201d.\n<\/p>\n<p>\n  Aktrisa Rusiyan\u0131 \u00f6rn\u0259k g\u0259tir\u0259r\u0259k bildirib ki, qon\u015fu \u00f6lk\u0259d\u0259 teatrlar\u0131n f\u0259aliyy\u0259ti \u0259vv\u0259lki kimi davam edir.\n<\/p>\n<p>\n  O hesab edir ki, Az\u0259rbaycan da pandemiya d\u00f6n\u0259mind\u0259 teatlar\u0131n i\u015fini t\u0259nziml\u0259y\u0259n qanun yarad\u0131lmal\u0131d\u0131r: \u201cDeyirl\u0259r ki, Rusiya b\u00f6y\u00fck \u00f6lk\u0259dir, bununla raz\u0131yam. Amma Az\u0259rbaycanda bir qanun \u00e7\u0131xar\u0131lmal\u0131d\u0131r. Teatrlar\u0131n f\u0259aliyy\u0259tsizliyi b\u00f6y\u00fck z\u0259rb\u0259dir. Az-\u00e7ox repertar\u0131 olub, fa\u0259liyy\u0259t g\u00f6st\u0259r\u0259n teatrlar da art\u0131q pessimizm\u0259 qap\u0131l\u0131b. Akademik Musiqili Teatr\u0131nda da v\u0259ziyy\u0259t eynidir, qap\u0131lar, p\u0259nc\u0259r\u0259l\u0259r ba\u011fl\u0131d\u0131r\u201d.\n<\/p>\n<p>\n  S\u0259n\u0259t\u00e7i t\u0259klif edir ki, yerli telekanallarda h\u0259ft\u0259d\u0259 iki d\u0259f\u0259 tama\u015falar n\u00fcmayi\u015f edilsin. Bu h\u0259m aktyorlara stimul olar, h\u0259m d\u0259 az\u0259rbaycanl\u0131 tama\u015fa\u00e7\u0131larda teatra maraq yaradar: \u201cTeleviziya h\u0259mi\u015f\u0259 g\u00fccl\u00fc t\u0259bli\u011fat n\u00f6v\u00fc olub. Bu bax\u0131mdan hesab edir\u0259m ki, telekanallarda tama\u015falar qurmaq m\u00fcmk\u00fcnd\u00fcr. B\u0259sit, baya\u011f\u0131, axmaq verili\u015fl\u0259rd\u0259ns\u0259, teatr tama\u015falar\u0131n\u0131 yaymlas\u0131nlar. Buna b\u00fct\u00fcn aktyorlar sevin\u0259c\u0259k, \u00e7\u00fcnki ham\u0131m\u0131z s\u0259hn\u0259t\u0259 t\u0259\u015fn\u0259yik. Aktyorlar\u0131m\u0131zla t\u0259masda oluram, s\u00f6hb\u0259tl\u0259\u015fir\u0259m, ham\u0131s\u0131 deyir ki, biz s\u0259hn\u0259d\u0259 olmaq ist\u0259yirik. Tama\u015fa\u00e7\u0131 afi\u015fan\u0131 oxuyanda, orada aktyorun ad\u0131na g\u00f6r\u0259 g\u0259lir. T\u0259sad\u00fcfi hallarda olar ki, kimins\u0259 bibisi o\u011flu tama\u015fan\u0131 s\u0259hn\u0259l\u0259\u015fdirsin. Onun day\u0131s\u0131n\u0131n n\u0259v\u0259si d\u0259 g\u0259lib, h\u0259min tama\u015faya baxs\u0131n. Dem\u0259yim odur ki, \u0259slind\u0259, tama\u015faya oyun\u00e7uya g\u00f6r\u0259 g\u0259lirl\u0259r. \u0130ndiki m\u0259qamda telekanallar daha \u00f6n plana ke\u00e7m\u0259li, televiziya tama\u015falar\u0131n\u0131n t\u0259\u015fkilini realla\u015fd\u0131rmal\u0131d\u0131r\u201d.\n<\/p>\n<p>\n  Az\u0259rbaycanda milli teatr\u0131n \u0259sas\u0131 1873-c\u00fc il mart\u0131n 10-da Bak\u0131 realn\u0131 m\u0259kt\u0259binin teatr h\u0259v\u0259skarlar\u0131 truppas\u0131 t\u0259r\u0259find\u0259n Mirz\u0259 F\u0259t\u0259li Axundzad\u0259nin \u201cS\u0259rg\u00fcz\u0259\u015fti-v\u0259ziri-xani L\u0259nk\u0259ran\u201d komediyas\u0131 il\u0259 qoyulub. Bu i\u015fd\u0259 H\u0259s\u0259n b\u0259y Z\u0259rdabi v\u0259 N\u0259c\u0259f b\u0259y V\u0259zirov m\u00fch\u00fcm rol oynay\u0131b.\n<\/p>\n<p>\n  1918-ci ild\u0259 Az\u0259rbaycan m\u00fcst\u0259qillik qazanandan sonra teatr\u0131n inki\u015faf\u0131nda m\u00fch\u00fcm i\u015fl\u0259r g\u00f6r\u00fcl\u00fcb. Az\u0259rbaycan Xalq C\u00fcmhuriyy\u0259ti h\u00f6kum\u0259ti p\u0259rak\u0259nd\u0259 f\u0259aliyy\u0259t g\u00f6st\u0259r\u0259n teatr truppalar\u0131n\u0131 birl\u0259\u015fdir\u0259r\u0259k D\u00f6vl\u0259t Teatr\u0131n\u0131 yarad\u0131b.\n<\/p>\n<p>\n  1919-cu il oktyabr\u0131n 24-d\u0259 Az\u0259rbaycan Xalq C\u00fcmhuriyy\u0259tinin b\u00fct\u00fcn d\u00f6vl\u0259t v\u0259 h\u00f6kum\u0259t r\u0259hb\u0259rl\u0259rinin i\u015ftirak\u0131 il\u0259 D\u00f6vl\u0259t Teatr\u0131n\u0131n r\u0259smi a\u00e7\u0131l\u0131\u015f\u0131 olub.\n<\/p>\n<p>\n  Prezident \u0130lham \u018fliyev 2013-c\u00fc ild\u0259 \u201cMilli Teatr G\u00fcn\u00fc\u201dn\u00fcn t\u0259sis edilm\u0259si il\u0259 \u0259laq\u0259dar s\u0259r\u0259ncam imzalay\u0131b. S\u0259r\u0259ncama uy\u011fun olaraq, 10 mart h\u0259r il Az\u0259rbaycanda Milli Teatr G\u00fcn\u00fc kimi qeyd edilir.<\/p>\n","protected":false},"excerpt":{"rendered":"<p>&#8220;Aktyor s\u0259hn\u0259d\u0259 oynamal\u0131, tama\u015fa\u00e7\u0131n\u0131n h\u0259y\u0259can\u0131n\u0131 hiss etm\u0259li, alq\u0131\u015f\u0131n\u0131 g\u00f6rm\u0259lidir&#8221;<\/p>\n","protected":false},"author":11,"featured_media":157577,"comment_status":"closed","ping_status":"open","sticky":false,"template":"","format":"standard","meta":{"_acf_changed":false,"_sitemap_exclude":false,"_sitemap_priority":"","_sitemap_frequency":"","footnotes":""},"categories":[52],"tags":[],"class_list":["post-205434","post","type-post","status-publish","format-standard","has-post-thumbnail","hentry","category-medeniyyet","infinite-scroll-item","generate-columns","tablet-grid-50","mobile-grid-100","grid-parent","grid-33","no-featured-image-padding"],"acf":[],"yoast_head":"<!-- This site is optimized with the Yoast SEO plugin v27.4 - https:\/\/yoast.com\/product\/yoast-seo-wordpress\/ -->\n<title>Afaq B\u0259\u015firq\u0131z\u0131: N\u0259inki onlayn tama\u015fa, h\u0259tta onlayn t\u0259hsilin d\u0259 \u0259leyhin\u0259y\u0259m - MEYDAN.TV<\/title>\n<meta name=\"robots\" content=\"index, follow, max-snippet:-1, max-image-preview:large, max-video-preview:-1\" \/>\n<link rel=\"canonical\" href=\"https:\/\/www.meydan.tv\/az\/article\/afaq-besirqizi-neinki-onlayn-tamasa-hetta-onlayn-tehsilin-de-eleyhineyem\/\" \/>\n<meta property=\"og:locale\" content=\"az_AZ\" \/>\n<meta property=\"og:type\" content=\"article\" \/>\n<meta property=\"og:title\" content=\"Afaq B\u0259\u015firq\u0131z\u0131: N\u0259inki onlayn tama\u015fa, h\u0259tta onlayn t\u0259hsilin d\u0259 \u0259leyhin\u0259y\u0259m - MEYDAN.TV\" \/>\n<meta property=\"og:description\" content=\"&quot;Aktyor s\u0259hn\u0259d\u0259 oynamal\u0131, tama\u015fa\u00e7\u0131n\u0131n h\u0259y\u0259can\u0131n\u0131 hiss etm\u0259li, alq\u0131\u015f\u0131n\u0131 g\u00f6rm\u0259lidir&quot;\" \/>\n<meta property=\"og:url\" content=\"https:\/\/www.meydan.tv\/az\/article\/afaq-besirqizi-neinki-onlayn-tamasa-hetta-onlayn-tehsilin-de-eleyhineyem\/\" \/>\n<meta property=\"og:site_name\" content=\"MEYDAN.TV\" \/>\n<meta property=\"article:published_time\" content=\"2021-03-19T10:07:41+00:00\" \/>\n<meta property=\"og:image\" content=\"https:\/\/www.meydan.tv\/wp-content\/uploads\/9aa6ad75-8fe5-4564-af0a-4e795e2036be.jpeg\" \/>\n\t<meta property=\"og:image:width\" content=\"1427\" \/>\n\t<meta property=\"og:image:height\" content=\"947\" \/>\n\t<meta property=\"og:image:type\" content=\"image\/jpeg\" \/>\n<meta name=\"author\" content=\"user-manager\" \/>\n<meta name=\"twitter:card\" content=\"summary_large_image\" \/>\n<script type=\"application\/ld+json\" class=\"yoast-schema-graph\">{\"@context\":\"https:\\\/\\\/schema.org\",\"@graph\":[{\"@type\":\"Article\",\"@id\":\"https:\\\/\\\/www.meydan.tv\\\/az\\\/article\\\/afaq-besirqizi-neinki-onlayn-tamasa-hetta-onlayn-tehsilin-de-eleyhineyem\\\/#article\",\"isPartOf\":{\"@id\":\"https:\\\/\\\/www.meydan.tv\\\/az\\\/article\\\/afaq-besirqizi-neinki-onlayn-tamasa-hetta-onlayn-tehsilin-de-eleyhineyem\\\/\"},\"author\":{\"name\":\"user-manager\",\"@id\":\"https:\\\/\\\/www.meydan.tv\\\/az\\\/#\\\/schema\\\/person\\\/10d11eccf6da3662cf5fdab9806ea91a\"},\"headline\":\"Afaq B\u0259\u015firq\u0131z\u0131: N\u0259inki onlayn tama\u015fa, h\u0259tta onlayn t\u0259hsilin d\u0259 \u0259leyhin\u0259y\u0259m\",\"datePublished\":\"2021-03-19T10:07:41+00:00\",\"mainEntityOfPage\":{\"@id\":\"https:\\\/\\\/www.meydan.tv\\\/az\\\/article\\\/afaq-besirqizi-neinki-onlayn-tamasa-hetta-onlayn-tehsilin-de-eleyhineyem\\\/\"},\"wordCount\":733,\"publisher\":{\"@id\":\"https:\\\/\\\/www.meydan.tv\\\/az\\\/#organization\"},\"image\":{\"@id\":\"https:\\\/\\\/www.meydan.tv\\\/az\\\/article\\\/afaq-besirqizi-neinki-onlayn-tamasa-hetta-onlayn-tehsilin-de-eleyhineyem\\\/#primaryimage\"},\"thumbnailUrl\":\"https:\\\/\\\/www.meydan.tv\\\/wp-content\\\/uploads\\\/9aa6ad75-8fe5-4564-af0a-4e795e2036be.jpeg\",\"articleSection\":[\"M\u0259d\u0259niyy\u0259t\"],\"inLanguage\":\"az\"},{\"@type\":\"WebPage\",\"@id\":\"https:\\\/\\\/www.meydan.tv\\\/az\\\/article\\\/afaq-besirqizi-neinki-onlayn-tamasa-hetta-onlayn-tehsilin-de-eleyhineyem\\\/\",\"url\":\"https:\\\/\\\/www.meydan.tv\\\/az\\\/article\\\/afaq-besirqizi-neinki-onlayn-tamasa-hetta-onlayn-tehsilin-de-eleyhineyem\\\/\",\"name\":\"Afaq B\u0259\u015firq\u0131z\u0131: N\u0259inki onlayn tama\u015fa, h\u0259tta onlayn t\u0259hsilin d\u0259 \u0259leyhin\u0259y\u0259m - MEYDAN.TV\",\"isPartOf\":{\"@id\":\"https:\\\/\\\/www.meydan.tv\\\/az\\\/#website\"},\"primaryImageOfPage\":{\"@id\":\"https:\\\/\\\/www.meydan.tv\\\/az\\\/article\\\/afaq-besirqizi-neinki-onlayn-tamasa-hetta-onlayn-tehsilin-de-eleyhineyem\\\/#primaryimage\"},\"image\":{\"@id\":\"https:\\\/\\\/www.meydan.tv\\\/az\\\/article\\\/afaq-besirqizi-neinki-onlayn-tamasa-hetta-onlayn-tehsilin-de-eleyhineyem\\\/#primaryimage\"},\"thumbnailUrl\":\"https:\\\/\\\/www.meydan.tv\\\/wp-content\\\/uploads\\\/9aa6ad75-8fe5-4564-af0a-4e795e2036be.jpeg\",\"datePublished\":\"2021-03-19T10:07:41+00:00\",\"breadcrumb\":{\"@id\":\"https:\\\/\\\/www.meydan.tv\\\/az\\\/article\\\/afaq-besirqizi-neinki-onlayn-tamasa-hetta-onlayn-tehsilin-de-eleyhineyem\\\/#breadcrumb\"},\"inLanguage\":\"az\",\"potentialAction\":[{\"@type\":\"ReadAction\",\"target\":[\"https:\\\/\\\/www.meydan.tv\\\/az\\\/article\\\/afaq-besirqizi-neinki-onlayn-tamasa-hetta-onlayn-tehsilin-de-eleyhineyem\\\/\"]}]},{\"@type\":\"ImageObject\",\"inLanguage\":\"az\",\"@id\":\"https:\\\/\\\/www.meydan.tv\\\/az\\\/article\\\/afaq-besirqizi-neinki-onlayn-tamasa-hetta-onlayn-tehsilin-de-eleyhineyem\\\/#primaryimage\",\"url\":\"https:\\\/\\\/www.meydan.tv\\\/wp-content\\\/uploads\\\/9aa6ad75-8fe5-4564-af0a-4e795e2036be.jpeg\",\"contentUrl\":\"https:\\\/\\\/www.meydan.tv\\\/wp-content\\\/uploads\\\/9aa6ad75-8fe5-4564-af0a-4e795e2036be.jpeg\",\"width\":1427,\"height\":947,\"caption\":\"Source: Meydan\"},{\"@type\":\"BreadcrumbList\",\"@id\":\"https:\\\/\\\/www.meydan.tv\\\/az\\\/article\\\/afaq-besirqizi-neinki-onlayn-tamasa-hetta-onlayn-tehsilin-de-eleyhineyem\\\/#breadcrumb\",\"itemListElement\":[{\"@type\":\"ListItem\",\"position\":1,\"name\":\"Ana s\u0259hif\u0259\",\"item\":\"https:\\\/\\\/www.meydan.tv\\\/az\\\/\"},{\"@type\":\"ListItem\",\"position\":2,\"name\":\"M\u0259d\u0259niyy\u0259t\",\"item\":\"https:\\\/\\\/www.meydan.tv\\\/az\\\/section\\\/medeniyyet\\\/\"},{\"@type\":\"ListItem\",\"position\":3,\"name\":\"Afaq B\u0259\u015firq\u0131z\u0131: N\u0259inki onlayn tama\u015fa, h\u0259tta onlayn t\u0259hsilin d\u0259 \u0259leyhin\u0259y\u0259m\"}]},{\"@type\":\"WebSite\",\"@id\":\"https:\\\/\\\/www.meydan.tv\\\/az\\\/#website\",\"url\":\"https:\\\/\\\/www.meydan.tv\\\/az\\\/\",\"name\":\"MEYDAN.TV\",\"description\":\"Meydan TV Az\u0259rbaycan\u0131n media m\u0259kan\u0131ndak\u0131 alternativ s\u0259sidir\",\"publisher\":{\"@id\":\"https:\\\/\\\/www.meydan.tv\\\/az\\\/#organization\"},\"potentialAction\":[{\"@type\":\"SearchAction\",\"target\":{\"@type\":\"EntryPoint\",\"urlTemplate\":\"https:\\\/\\\/www.meydan.tv\\\/az\\\/?s={search_term_string}\"},\"query-input\":{\"@type\":\"PropertyValueSpecification\",\"valueRequired\":true,\"valueName\":\"search_term_string\"}}],\"inLanguage\":\"az\"},{\"@type\":\"Organization\",\"@id\":\"https:\\\/\\\/www.meydan.tv\\\/az\\\/#organization\",\"name\":\"Meydan TV\",\"url\":\"https:\\\/\\\/www.meydan.tv\\\/az\\\/\",\"logo\":{\"@type\":\"ImageObject\",\"inLanguage\":\"az\",\"@id\":\"https:\\\/\\\/www.meydan.tv\\\/az\\\/#\\\/schema\\\/logo\\\/image\\\/\",\"url\":\"https:\\\/\\\/www.meydan.tv\\\/wp-content\\\/uploads\\\/2021\\\/07\\\/meydan-logo.svg\",\"contentUrl\":\"https:\\\/\\\/www.meydan.tv\\\/wp-content\\\/uploads\\\/2021\\\/07\\\/meydan-logo.svg\",\"width\":195,\"height\":46,\"caption\":\"Meydan TV\"},\"image\":{\"@id\":\"https:\\\/\\\/www.meydan.tv\\\/az\\\/#\\\/schema\\\/logo\\\/image\\\/\"}},{\"@type\":\"Person\",\"@id\":\"https:\\\/\\\/www.meydan.tv\\\/az\\\/#\\\/schema\\\/person\\\/10d11eccf6da3662cf5fdab9806ea91a\",\"name\":\"user-manager\"}]}<\/script>\n<!-- \/ Yoast SEO plugin. -->","yoast_head_json":{"title":"Afaq B\u0259\u015firq\u0131z\u0131: N\u0259inki onlayn tama\u015fa, h\u0259tta onlayn t\u0259hsilin d\u0259 \u0259leyhin\u0259y\u0259m - MEYDAN.TV","robots":{"index":"index","follow":"follow","max-snippet":"max-snippet:-1","max-image-preview":"max-image-preview:large","max-video-preview":"max-video-preview:-1"},"canonical":"https:\/\/www.meydan.tv\/az\/article\/afaq-besirqizi-neinki-onlayn-tamasa-hetta-onlayn-tehsilin-de-eleyhineyem\/","og_locale":"az_AZ","og_type":"article","og_title":"Afaq B\u0259\u015firq\u0131z\u0131: N\u0259inki onlayn tama\u015fa, h\u0259tta onlayn t\u0259hsilin d\u0259 \u0259leyhin\u0259y\u0259m - MEYDAN.TV","og_description":"\"Aktyor s\u0259hn\u0259d\u0259 oynamal\u0131, tama\u015fa\u00e7\u0131n\u0131n h\u0259y\u0259can\u0131n\u0131 hiss etm\u0259li, alq\u0131\u015f\u0131n\u0131 g\u00f6rm\u0259lidir\"","og_url":"https:\/\/www.meydan.tv\/az\/article\/afaq-besirqizi-neinki-onlayn-tamasa-hetta-onlayn-tehsilin-de-eleyhineyem\/","og_site_name":"MEYDAN.TV","article_published_time":"2021-03-19T10:07:41+00:00","og_image":[{"width":1427,"height":947,"url":"https:\/\/www.meydan.tv\/wp-content\/uploads\/9aa6ad75-8fe5-4564-af0a-4e795e2036be.jpeg","type":"image\/jpeg"}],"author":"user-manager","twitter_card":"summary_large_image","schema":{"@context":"https:\/\/schema.org","@graph":[{"@type":"Article","@id":"https:\/\/www.meydan.tv\/az\/article\/afaq-besirqizi-neinki-onlayn-tamasa-hetta-onlayn-tehsilin-de-eleyhineyem\/#article","isPartOf":{"@id":"https:\/\/www.meydan.tv\/az\/article\/afaq-besirqizi-neinki-onlayn-tamasa-hetta-onlayn-tehsilin-de-eleyhineyem\/"},"author":{"name":"user-manager","@id":"https:\/\/www.meydan.tv\/az\/#\/schema\/person\/10d11eccf6da3662cf5fdab9806ea91a"},"headline":"Afaq B\u0259\u015firq\u0131z\u0131: N\u0259inki onlayn tama\u015fa, h\u0259tta onlayn t\u0259hsilin d\u0259 \u0259leyhin\u0259y\u0259m","datePublished":"2021-03-19T10:07:41+00:00","mainEntityOfPage":{"@id":"https:\/\/www.meydan.tv\/az\/article\/afaq-besirqizi-neinki-onlayn-tamasa-hetta-onlayn-tehsilin-de-eleyhineyem\/"},"wordCount":733,"publisher":{"@id":"https:\/\/www.meydan.tv\/az\/#organization"},"image":{"@id":"https:\/\/www.meydan.tv\/az\/article\/afaq-besirqizi-neinki-onlayn-tamasa-hetta-onlayn-tehsilin-de-eleyhineyem\/#primaryimage"},"thumbnailUrl":"https:\/\/www.meydan.tv\/wp-content\/uploads\/9aa6ad75-8fe5-4564-af0a-4e795e2036be.jpeg","articleSection":["M\u0259d\u0259niyy\u0259t"],"inLanguage":"az"},{"@type":"WebPage","@id":"https:\/\/www.meydan.tv\/az\/article\/afaq-besirqizi-neinki-onlayn-tamasa-hetta-onlayn-tehsilin-de-eleyhineyem\/","url":"https:\/\/www.meydan.tv\/az\/article\/afaq-besirqizi-neinki-onlayn-tamasa-hetta-onlayn-tehsilin-de-eleyhineyem\/","name":"Afaq B\u0259\u015firq\u0131z\u0131: N\u0259inki onlayn tama\u015fa, h\u0259tta onlayn t\u0259hsilin d\u0259 \u0259leyhin\u0259y\u0259m - MEYDAN.TV","isPartOf":{"@id":"https:\/\/www.meydan.tv\/az\/#website"},"primaryImageOfPage":{"@id":"https:\/\/www.meydan.tv\/az\/article\/afaq-besirqizi-neinki-onlayn-tamasa-hetta-onlayn-tehsilin-de-eleyhineyem\/#primaryimage"},"image":{"@id":"https:\/\/www.meydan.tv\/az\/article\/afaq-besirqizi-neinki-onlayn-tamasa-hetta-onlayn-tehsilin-de-eleyhineyem\/#primaryimage"},"thumbnailUrl":"https:\/\/www.meydan.tv\/wp-content\/uploads\/9aa6ad75-8fe5-4564-af0a-4e795e2036be.jpeg","datePublished":"2021-03-19T10:07:41+00:00","breadcrumb":{"@id":"https:\/\/www.meydan.tv\/az\/article\/afaq-besirqizi-neinki-onlayn-tamasa-hetta-onlayn-tehsilin-de-eleyhineyem\/#breadcrumb"},"inLanguage":"az","potentialAction":[{"@type":"ReadAction","target":["https:\/\/www.meydan.tv\/az\/article\/afaq-besirqizi-neinki-onlayn-tamasa-hetta-onlayn-tehsilin-de-eleyhineyem\/"]}]},{"@type":"ImageObject","inLanguage":"az","@id":"https:\/\/www.meydan.tv\/az\/article\/afaq-besirqizi-neinki-onlayn-tamasa-hetta-onlayn-tehsilin-de-eleyhineyem\/#primaryimage","url":"https:\/\/www.meydan.tv\/wp-content\/uploads\/9aa6ad75-8fe5-4564-af0a-4e795e2036be.jpeg","contentUrl":"https:\/\/www.meydan.tv\/wp-content\/uploads\/9aa6ad75-8fe5-4564-af0a-4e795e2036be.jpeg","width":1427,"height":947,"caption":"Source: Meydan"},{"@type":"BreadcrumbList","@id":"https:\/\/www.meydan.tv\/az\/article\/afaq-besirqizi-neinki-onlayn-tamasa-hetta-onlayn-tehsilin-de-eleyhineyem\/#breadcrumb","itemListElement":[{"@type":"ListItem","position":1,"name":"Ana s\u0259hif\u0259","item":"https:\/\/www.meydan.tv\/az\/"},{"@type":"ListItem","position":2,"name":"M\u0259d\u0259niyy\u0259t","item":"https:\/\/www.meydan.tv\/az\/section\/medeniyyet\/"},{"@type":"ListItem","position":3,"name":"Afaq B\u0259\u015firq\u0131z\u0131: N\u0259inki onlayn tama\u015fa, h\u0259tta onlayn t\u0259hsilin d\u0259 \u0259leyhin\u0259y\u0259m"}]},{"@type":"WebSite","@id":"https:\/\/www.meydan.tv\/az\/#website","url":"https:\/\/www.meydan.tv\/az\/","name":"MEYDAN.TV","description":"Meydan TV Az\u0259rbaycan\u0131n media m\u0259kan\u0131ndak\u0131 alternativ s\u0259sidir","publisher":{"@id":"https:\/\/www.meydan.tv\/az\/#organization"},"potentialAction":[{"@type":"SearchAction","target":{"@type":"EntryPoint","urlTemplate":"https:\/\/www.meydan.tv\/az\/?s={search_term_string}"},"query-input":{"@type":"PropertyValueSpecification","valueRequired":true,"valueName":"search_term_string"}}],"inLanguage":"az"},{"@type":"Organization","@id":"https:\/\/www.meydan.tv\/az\/#organization","name":"Meydan TV","url":"https:\/\/www.meydan.tv\/az\/","logo":{"@type":"ImageObject","inLanguage":"az","@id":"https:\/\/www.meydan.tv\/az\/#\/schema\/logo\/image\/","url":"https:\/\/www.meydan.tv\/wp-content\/uploads\/2021\/07\/meydan-logo.svg","contentUrl":"https:\/\/www.meydan.tv\/wp-content\/uploads\/2021\/07\/meydan-logo.svg","width":195,"height":46,"caption":"Meydan TV"},"image":{"@id":"https:\/\/www.meydan.tv\/az\/#\/schema\/logo\/image\/"}},{"@type":"Person","@id":"https:\/\/www.meydan.tv\/az\/#\/schema\/person\/10d11eccf6da3662cf5fdab9806ea91a","name":"user-manager"}]}},"_links":{"self":[{"href":"https:\/\/www.meydan.tv\/az\/wp-json\/wp\/v2\/posts\/205434","targetHints":{"allow":["GET"]}}],"collection":[{"href":"https:\/\/www.meydan.tv\/az\/wp-json\/wp\/v2\/posts"}],"about":[{"href":"https:\/\/www.meydan.tv\/az\/wp-json\/wp\/v2\/types\/post"}],"author":[{"embeddable":true,"href":"https:\/\/www.meydan.tv\/az\/wp-json\/wp\/v2\/users\/11"}],"replies":[{"embeddable":true,"href":"https:\/\/www.meydan.tv\/az\/wp-json\/wp\/v2\/comments?post=205434"}],"version-history":[{"count":0,"href":"https:\/\/www.meydan.tv\/az\/wp-json\/wp\/v2\/posts\/205434\/revisions"}],"wp:featuredmedia":[{"embeddable":true,"href":"https:\/\/www.meydan.tv\/az\/wp-json\/wp\/v2\/media\/157577"}],"wp:attachment":[{"href":"https:\/\/www.meydan.tv\/az\/wp-json\/wp\/v2\/media?parent=205434"}],"wp:term":[{"taxonomy":"category","embeddable":true,"href":"https:\/\/www.meydan.tv\/az\/wp-json\/wp\/v2\/categories?post=205434"},{"taxonomy":"post_tag","embeddable":true,"href":"https:\/\/www.meydan.tv\/az\/wp-json\/wp\/v2\/tags?post=205434"}],"curies":[{"name":"wp","href":"https:\/\/api.w.org\/{rel}","templated":true}]}}