{"id":205433,"date":"2021-03-19T10:06:20","date_gmt":"2021-03-19T10:06:20","guid":{"rendered":"https:\/\/www.meydan.tv\/article\/xezer-tv-nin-anonsu-ve-ya-telekanallarin-problemli-konsepsiyasi\/"},"modified":"2021-03-19T10:06:20","modified_gmt":"2021-03-19T10:06:20","slug":"xezer-tv-nin-anonsu-ve-ya-telekanallarin-problemli-konsepsiyasi","status":"publish","type":"post","link":"https:\/\/www.meydan.tv\/az\/article\/xezer-tv-nin-anonsu-ve-ya-telekanallarin-problemli-konsepsiyasi\/","title":{"rendered":"\u201cX\u0259z\u0259r\u201d TV-nin anonsu v\u0259 ya telekanallar\u0131n problemli konsepsiyas\u0131"},"content":{"rendered":"<p>\n  <i><br \/>\n    \u201c\u00d6z\u0259l telekanallar n\u0259 ist\u0259dikl\u0259rini bilmir\u201d<br \/>\n  <\/i>\n<\/p>\n<p>\n  \u201cX\u0259z\u0259r\u201d televiziyas\u0131nda n\u00fcmayi\u015f olunan \u201cS\u0259ni axtar\u0131ram\u201d verili\u015finin 1 mart<br \/>\n  <a href=\"https:\/\/youtu.be\/t1Wth43TApw\"><br \/>\n    burax\u0131l\u0131\u015f\u0131nda<br \/>\n  <\/a><br \/>\n  qonaqlardan biri d\u0259 m\u00fc\u011f\u0259nni V\u00fcsal \u018fliyev olub. \u0130fa\u00e7\u0131 verili\u015f zaman\u0131 2018-ci ild\u0259 aldad\u0131laraq pulunun m\u0259nims\u0259nilm\u0259sind\u0259n dan\u0131\u015f\u0131b. \u0130fa\u00e7\u0131n\u0131n aldad\u0131lmas\u0131 m\u0259s\u0259l\u0259sinin m\u00fczakir\u0259sind\u0259n \u00f6nc\u0259 is\u0259 anons n\u00fcmayi\u015f edilib.\n<\/p>\n<p>\n  Anonsda \u00fcz\u00fc bulan\u0131q (blur) g\u00f6st\u0259ril\u0259n q\u0131z valideynl\u0259rind\u0259n uzaq d\u00fc\u015fd\u00fcy\u00fcn\u00fc deyir. M\u0259tni s\u0259sl\u0259ndir\u0259n is\u0259 qeyd edir ki, az\u0259rbaycanl\u0131 m\u00fc\u011f\u0259nni aldad\u0131laraq, \u0259vv\u0259lc\u0259 Fransaya, daha sonra T\u00fcrkiy\u0259y\u0259 apar\u0131l\u0131b.\n<\/p>\n<p>\n  Verili\u015f mart\u0131n 2-d\u0259 \u201cX\u0259z\u0259r\u201d televiziyas\u0131n\u0131n \u201cYouTube\u201d kanal\u0131na yerl\u0259\u015fdirilib. Bundan sonra m\u0259lum olub ki, proqram\u0131n anonsu \u00fc\u00e7\u00fcn istifad\u0259 edil\u0259n kadrlar Amerikada t\u0259hsil alan 19 ya\u015fl\u0131 Tamara Sered\u0259 aiddir. G\u00f6r\u00fcnt\u00fcl\u0259r is\u0259 onun AB\u015e-a k\u00f6\u00e7m\u0259si il\u0259 ba\u011fl\u0131 \u201cYouTube\u201d kanal\u0131na<br \/>\n  <a href=\"https:\/\/youtu.be\/t1Wth43TApw\"><br \/>\n    y\u00fckl\u0259diyi<br \/>\n  <\/a><br \/>\n  videosundan g\u00f6t\u00fcr\u00fcl\u00fcb. Verili\u015fin anonsunu izl\u0259y\u0259n Tamara Sered m\u0259s\u0259l\u0259y\u0259 ayd\u0131nl\u0131q g\u0259tirm\u0259k m\u0259qs\u0259dil\u0259 n\u00f6vb\u0259ti videonu<br \/>\n  <a href=\"https:\/\/youtu.be\/e7qI-Vq0rdk\"><br \/>\n    \u00e7\u0259kib.<br \/>\n  <\/a><br \/>\n  Bildirib ki, icaz\u0259siz g\u00f6t\u00fcr\u00fcl\u0259n<br \/>\n  <a href=\"https:\/\/youtu.be\/M7zONsVH4gU\"><br \/>\n    videosu<br \/>\n  <\/a><br \/>\n  kontekst\u0259 uy\u011fun istifad\u0259 edilm\u0259yib.\n<\/p>\n<p>\n  Verili\u015fin apar\u0131c\u0131s\u0131 Xo\u015fq\u0259d\u0259m Bax\u015f\u0259liyeva Meydan TV-nin suallar\u0131n\u0131 cavabland\u0131rmay\u0131b.\n<\/p>\n<figure class=\"wp-block-image size-large\">\n  <img decoding=\"async\" src=\"https:\/\/www.meydan.tv\/az\/screenshot-2021-03-12-at-12-28-45-png\/\" alt=\"Screenshot 2021-03-12 at 12.28.45.png\" class=\"wp-image-157670\"\/><figcaption>\n    Tamara Sered<br \/>\n  <\/figcaption><\/figure>\n<p>\n  Tamara Sered is\u0259 Meydan TV-y\u0259 montaj\u00e7\u0131n\u0131n ona yazaraq, anonsla ba\u011fl\u0131 yay\u0131mlad\u0131\u011f\u0131 cavab videosunun silinm\u0259sini xahi\u015f etdiyini deyib:\n<\/p>\n<p>\n  \u201cM\u0259n\u0259 videonu silm\u0259y\u0259 v\u0259 m\u0259hk\u0259m\u0259y\u0259 verm\u0259m\u0259y\u0259 xahi\u015f etdi. Videonu silm\u0259y\u0259c\u0259yimi dedim. M\u0259hk\u0259m\u0259y\u0259 m\u00fcraci\u0259t bar\u0259d\u0259 fikrimi bildirm\u0259dim\u201d.\n<\/p>\n<p>\n  M\u00fc\u011f\u0259nni V\u00fcsal \u018fliyev verili\u015fd\u0259ki anonsdan x\u0259b\u0259rsiz oldu\u011funu deyir:\n<\/p>\n<p>\n  \u201cVerili\u015fin prod\u00fcseri dostumdur. Ba\u015f\u0131ma g\u0259l\u0259n hadis\u0259ni ona dan\u0131\u015fd\u0131m. O da dedi ki, Xo\u015fq\u0259d\u0259m xan\u0131ma dey\u0259r\u0259m, g\u00f6r\u0259k, bu m\u00f6vzunu i\u015f\u0131qland\u0131rmaq m\u00fcmk\u00fcnd\u00fcrm\u00fc. \u00dcz\u0259rind\u0259n \u00fc\u00e7-d\u00f6rd g\u00fcn ke\u00e7\u0259nd\u0259n sonra m\u0259n\u0259 z\u0259ng vurdu ki, bu g\u00fcn 5-in yar\u0131s\u0131nda \u201cS\u0259ni axtar\u0131ram\u201d verili\u015fin\u0259 g\u0259l. Birba\u015fa ora getdim, anonsdan x\u0259b\u0259rim yox idi, verili\u015f zaman\u0131 g\u00f6rd\u00fcm. Anonsda g\u00f6st\u0259ril\u0259n q\u0131z\u0131n m\u0259nim m\u0259s\u0259l\u0259m\u0259 d\u0259xli yoxdur. M\u0259ni aldadanlar ana il\u0259 o\u011flu idi. Televiziyalar bel\u0259 \u00e7a\u015fd\u0131r\u0131c\u0131 anonslar verirl\u0259r ki, camaat\u0131n mara\u011f\u0131na s\u0259b\u0259b olsun.\n<\/p>\n<p>\n  Bir ay bundan \u00f6nc\u0259 m\u0259ni \u201c7 Canl\u0131\u201d verili\u015fin\u0259 (ATV telekanal\u0131nda yay\u0131mlan\u0131r-red) d\u0259v\u0259t etdil\u0259r. M\u0259n d\u0259 c\u0259bh\u0259 b\u00f6lg\u0259sind\u0259 bir \u0259sg\u0259rimizl\u0259 tan\u0131\u015f olmu\u015fdum. Onunla \u00fcnsiyy\u0259timiz c\u0259mi bir saat davam etmi\u015fdi. Sonra o, \u015f\u0259hid oldu. \u015e\u0259hidimizl\u0259 ba\u011fl\u0131 \u201c\u0130nstagram\u201dda payla\u015f\u0131m etmi\u015fdim. \u201c7 Canl\u0131\u201d verili\u015fi t\u0259r\u0259find\u0259n s\u0259hif\u0259md\u0259n bu m\u0259lumat g\u00f6t\u00fcr\u00fcl\u00fcb, anons y\u0131\u011f\u0131lm\u0131\u015fd\u0131. Verili\u015f\u0259 getdim, amma he\u00e7 h\u0259min s\u00f6hb\u0259t\u0259 toxunmad\u0131lar. Halbuki, \u015f\u0259hidin ail\u0259si bax\u0131rd\u0131 ki, o\u011fullar\u0131 haqq\u0131nda dan\u0131\u015f\u0131lacaq. B\u0259z\u0259n el\u0259 anons y\u0131\u011f\u0131rlar ki, verili\u015fd\u0259 olanda bax\u0131rsan s\u00f6hb\u0259t ba\u015fqa istiqam\u0259td\u0259 gedir, bu da d\u00fczg\u00fcn al\u0131nm\u0131r\u201d.\n<\/p>\n<p>\n  \u018fqli M\u00fclkiyy\u0259t Agentliyinin m\u0259tbuat xidm\u0259tinin r\u0259hb\u0259ri Elnur M\u0259mm\u0259dli Meydan TV-y\u0259 bildirib ki, material\u0131ndan icaz\u0259siz istifad\u0259 olunan h\u0259r hans\u0131 bir \u015f\u0259xs agentliy\u0259 m\u00fcraci\u0259t ed\u0259 bil\u0259r:\n<\/p>\n<p>\n  \u201c\u015e\u0259xs\u0259 aid olan material\u0131n istifad\u0259si zaman\u0131 birm\u0259nal\u0131 qaydada icaz\u0259 al\u0131nmal\u0131d\u0131r. \u00dcmumiyy\u0259tl\u0259, h\u00fcquqlar\u0131 pozulan \u015f\u0259xsl\u0259r \u015fikay\u0259tl\u0259 m\u00fcraci\u0259t etdiyi t\u0259qdird\u0259, ekspertiza apar\u0131l\u0131r, s\u00fcbuta yetiril\u0259rs\u0259, qanuna m\u00fcvafiq t\u0259dbirl\u0259r g\u00f6r\u00fcl\u00fcr\u201d.\n<\/p>\n<p>\n  Milli Televiziya v\u0259 Radio \u015euras\u0131n\u0131n (MTR\u015e) s\u0259drinin k\u00f6m\u0259k\u00e7isi Fazil Novruzov Meydan TV-y\u0259 deyib ki, telekanallara sanksiyalar yaln\u0131z yay\u0131m qanunvericiliyinin pozuldu\u011fu hallarda t\u0259tbiq edilir.\n<\/p>\n<p>\n  Ekspertl\u0259r is\u0259 hesab edir ki, bu kimi hallar\u0131n qar\u015f\u0131s\u0131n\u0131 almaq \u00fc\u00e7\u00fcn telekanallar\u0131n konsepsiyas\u0131 d\u0259yi\u015fm\u0259lidir.\n<\/p>\n<figure class=\"wp-block-image size-large\">\n  <img decoding=\"async\" src=\"https:\/\/www.meydan.tv\/az\/qulu-meherremli-3\/\" alt=\"Qulu M\u0259h\u0259rr\u0259mli\" class=\"wp-image-54147\"\/><figcaption>\n    Qulu M\u0259h\u0259rr\u0259mli<br \/>\n  <\/figcaption><\/figure>\n<p>\n  Media eksperti, telet\u0259nqid\u00e7i Qulu M\u0259h\u0259rr\u0259mli deyir ki, \u00f6z\u0259l telekanallarda ciddi probleml\u0259r m\u00f6vcuddur:\n<\/p>\n<p>\n  \u201c\u0130st\u0259nil\u0259n verili\u015fd\u0259 bel\u0259 hallara rast g\u0259lirik- qeyri-d\u0259qiqlik olur, ya da adam\u0131n \u00f6z\u00fcn\u00fc deyil, ba\u015fqas\u0131n\u0131 g\u00f6st\u0259rirl\u0259r. Yaxud da g\u00f6st\u0259ril\u0259n, ittiham edil\u0259n, m\u0259lum olur ki, h\u0259min adam deyil, yanl\u0131\u015fl\u0131q, qeyri-d\u0259qiqlik var. Bu, birba\u015fa jurnalist-apar\u0131c\u0131 etikas\u0131, b\u00fct\u00fcn hallarda is\u0259 pe\u015f\u0259karl\u0131q m\u0259s\u0259l\u0259si il\u0259 ba\u011fl\u0131d\u0131r.\n<\/p>\n<p>\n  \u00d6z\u0259l telekanallar n\u0259 ist\u0259dikl\u0259rini bilmir. Hans\u0131 formatda verili\u015fl\u0259r ist\u0259yirl\u0259r? Bu tip verili\u015fl\u0259ri haz\u0131rlamaqda m\u0259qs\u0259d n\u0259dir? Do\u011frudanm\u0131, auditoriyan\u0131 m\u0259lumatland\u0131rmaq ist\u0259yirl\u0259r? Yoxsa, m\u0259qs\u0259d sad\u0259c\u0259, ayr\u0131-ayr\u0131 \u015f\u0259xsl\u0259rin taleyind\u0259n dram d\u00fcz\u0259ldib, tama\u015fa\u00e7\u0131 toplamaq, reklam qazanmaqd\u0131r? Hesab edir\u0259m ki, bax\u0131\u015f d\u0259yi\u015fm\u0259lidir\u201d.\n<\/p>\n<figure class=\"wp-block-image size-large\">\n  <img decoding=\"async\" src=\"https:\/\/www.meydan.tv\/az\/sevda-sultanova\/\" alt=\"Sevda Sultanova\" class=\"wp-image-48376\"\/><figcaption>\n    Sevda Sultanova<br \/>\n  <\/figcaption><\/figure>\n<p>\n  Meydan TV-y\u0259 m\u0259s\u0259l\u0259ni \u015f\u0259rh ed\u0259n televiziya proqramlar\u0131 \u00fczr\u0259 ekspert Sevda Sultanova da yerli telekanallar\u0131n konsepsiyas\u0131n\u0131n d\u0259yi\u015fm\u0259sinin t\u0259r\u0259fdar\u0131d\u0131r:\n<\/p>\n<p>\n  \u201c\u018fvv\u0259ll\u0259r \u018fli H\u0259s\u0259nov (Prezidentin ictimai-siyasi m\u0259s\u0259l\u0259l\u0259r \u00fczr\u0259 ke\u00e7mi\u015f k\u00f6m\u0259k\u00e7isi-red) amilini \u00f6n\u0259 \u00e7\u0259kirdil\u0259r. Ham\u0131m\u0131z bilirik ki, televiziyaya onun d\u0259mir, s\u0259rt n\u0259zar\u0259ti vard\u0131. Amma art\u0131q \u018fli H\u0259s\u0259nov yoxdur. D\u00fczd\u00fcr, ayr\u0131-ayr\u0131 telekanallarda m\u00fc\u0259yy\u0259n d\u0259yi\u015fiklikl\u0259r n\u0259z\u0259r\u0259 \u00e7arp\u0131r. N\u00fcmun\u0259 kimi dey\u0259 bil\u0259r\u0259m ki, X\u0259z\u0259r TV-d\u0259 m\u00fc\u011f\u0259nnil\u0259rl\u0259 ba\u011fl\u0131 baya\u011f\u0131, \u0259yl\u0259nc\u0259li \u015foular y\u0131\u011f\u0131\u015fd\u0131r\u0131l\u0131b. Efir\u0259 alternativ fikir s\u00f6yl\u0259y\u0259n adamlar\u0131 d\u0259v\u0259t edirl\u0259r. Edil\u0259n bu d\u0259yi\u015fiklikl\u0259r kosmetik xarakterlidir v\u0259 televiziya prinsipl\u0259rin\u0259 normal cavab verm\u0259si bax\u0131m\u0131ndan yet\u0259rli deyil.\n<\/p>\n<p>\n  D\u00fcnyan\u0131n bir s\u0131ra telekanallar\u0131nda \u201cS\u0259ni axtar\u0131ram\u201d verili\u015finin format\u0131na uy\u011fun proqramlar n\u00fcmayi\u015f olunur. Amma pe\u015f\u0259kar s\u0259viyy\u0259d\u0259 t\u0259qdim edilir. D\u00fczd\u00fcr, h\u0259tta inki\u015faf etmi\u015f q\u0259rb \u00f6lk\u0259l\u0259rind\u0259 bel\u0259, jurnalistikan\u0131n prinsipl\u0259rin\u0259 &#8211; ist\u0259r yaz\u0131l\u0131, ist\u0259r elektron, ist\u0259rs\u0259 d\u0259 TV-l\u0259rd\u0259 &#8211; tam \u0259m\u0259l olunmur. Lakin b\u00fct\u00fcn hallarda onlar pe\u015f\u0259karl\u0131\u011f\u0131 qoruyub saxlaya bilirl\u0259r. Bizd\u0259 is\u0259 v\u0259ziyy\u0259t daha faci\u0259li v\u0259 b\u0259rbadd\u0131r. Bu bax\u0131mdan telekanallarda konseptual d\u0259yi\u015fiklik vacibdir\u201d.<\/p>\n","protected":false},"excerpt":{"rendered":"<p>\u201c\u00d6z\u0259l telekanallar n\u0259 ist\u0259dikl\u0259rini bilmir\u201d<\/p>\n","protected":false},"author":11,"featured_media":157655,"comment_status":"closed","ping_status":"open","sticky":false,"template":"","format":"standard","meta":{"_acf_changed":false,"_sitemap_exclude":false,"_sitemap_priority":"","_sitemap_frequency":"","footnotes":""},"categories":[52],"tags":[],"class_list":["post-205433","post","type-post","status-publish","format-standard","has-post-thumbnail","hentry","category-medeniyyet","infinite-scroll-item","generate-columns","tablet-grid-50","mobile-grid-100","grid-parent","grid-33","no-featured-image-padding"],"acf":[],"yoast_head":"<!-- This site is optimized with the Yoast SEO plugin v27.4 - https:\/\/yoast.com\/product\/yoast-seo-wordpress\/ -->\n<title>\u201cX\u0259z\u0259r\u201d TV-nin anonsu v\u0259 ya telekanallar\u0131n problemli konsepsiyas\u0131 - MEYDAN.TV<\/title>\n<meta name=\"robots\" content=\"index, follow, max-snippet:-1, max-image-preview:large, max-video-preview:-1\" \/>\n<link rel=\"canonical\" href=\"https:\/\/www.meydan.tv\/az\/article\/xezer-tv-nin-anonsu-ve-ya-telekanallarin-problemli-konsepsiyasi\/\" \/>\n<meta property=\"og:locale\" content=\"az_AZ\" \/>\n<meta property=\"og:type\" content=\"article\" \/>\n<meta property=\"og:title\" content=\"\u201cX\u0259z\u0259r\u201d TV-nin anonsu v\u0259 ya telekanallar\u0131n problemli konsepsiyas\u0131 - MEYDAN.TV\" \/>\n<meta property=\"og:description\" content=\"\u201c\u00d6z\u0259l telekanallar n\u0259 ist\u0259dikl\u0259rini bilmir\u201d\" \/>\n<meta property=\"og:url\" content=\"https:\/\/www.meydan.tv\/az\/article\/xezer-tv-nin-anonsu-ve-ya-telekanallarin-problemli-konsepsiyasi\/\" \/>\n<meta property=\"og:site_name\" content=\"MEYDAN.TV\" \/>\n<meta property=\"article:published_time\" content=\"2021-03-19T10:06:20+00:00\" \/>\n<meta property=\"og:image\" content=\"https:\/\/www.meydan.tv\/wp-content\/uploads\/1478526621_ss.jpeg\" \/>\n\t<meta property=\"og:image:width\" content=\"1616\" \/>\n\t<meta property=\"og:image:height\" content=\"994\" \/>\n\t<meta property=\"og:image:type\" content=\"image\/jpeg\" \/>\n<meta name=\"author\" content=\"user-manager\" \/>\n<meta name=\"twitter:card\" content=\"summary_large_image\" \/>\n<script type=\"application\/ld+json\" class=\"yoast-schema-graph\">{\"@context\":\"https:\\\/\\\/schema.org\",\"@graph\":[{\"@type\":\"Article\",\"@id\":\"https:\\\/\\\/www.meydan.tv\\\/az\\\/article\\\/xezer-tv-nin-anonsu-ve-ya-telekanallarin-problemli-konsepsiyasi\\\/#article\",\"isPartOf\":{\"@id\":\"https:\\\/\\\/www.meydan.tv\\\/az\\\/article\\\/xezer-tv-nin-anonsu-ve-ya-telekanallarin-problemli-konsepsiyasi\\\/\"},\"author\":{\"name\":\"user-manager\",\"@id\":\"https:\\\/\\\/www.meydan.tv\\\/az\\\/#\\\/schema\\\/person\\\/10d11eccf6da3662cf5fdab9806ea91a\"},\"headline\":\"\u201cX\u0259z\u0259r\u201d TV-nin anonsu v\u0259 ya telekanallar\u0131n problemli konsepsiyas\u0131\",\"datePublished\":\"2021-03-19T10:06:20+00:00\",\"mainEntityOfPage\":{\"@id\":\"https:\\\/\\\/www.meydan.tv\\\/az\\\/article\\\/xezer-tv-nin-anonsu-ve-ya-telekanallarin-problemli-konsepsiyasi\\\/\"},\"wordCount\":1159,\"publisher\":{\"@id\":\"https:\\\/\\\/www.meydan.tv\\\/az\\\/#organization\"},\"image\":{\"@id\":\"https:\\\/\\\/www.meydan.tv\\\/az\\\/article\\\/xezer-tv-nin-anonsu-ve-ya-telekanallarin-problemli-konsepsiyasi\\\/#primaryimage\"},\"thumbnailUrl\":\"https:\\\/\\\/www.meydan.tv\\\/wp-content\\\/uploads\\\/1478526621_ss.jpeg\",\"articleSection\":[\"M\u0259d\u0259niyy\u0259t\"],\"inLanguage\":\"az\"},{\"@type\":\"WebPage\",\"@id\":\"https:\\\/\\\/www.meydan.tv\\\/az\\\/article\\\/xezer-tv-nin-anonsu-ve-ya-telekanallarin-problemli-konsepsiyasi\\\/\",\"url\":\"https:\\\/\\\/www.meydan.tv\\\/az\\\/article\\\/xezer-tv-nin-anonsu-ve-ya-telekanallarin-problemli-konsepsiyasi\\\/\",\"name\":\"\u201cX\u0259z\u0259r\u201d TV-nin anonsu v\u0259 ya telekanallar\u0131n problemli konsepsiyas\u0131 - MEYDAN.TV\",\"isPartOf\":{\"@id\":\"https:\\\/\\\/www.meydan.tv\\\/az\\\/#website\"},\"primaryImageOfPage\":{\"@id\":\"https:\\\/\\\/www.meydan.tv\\\/az\\\/article\\\/xezer-tv-nin-anonsu-ve-ya-telekanallarin-problemli-konsepsiyasi\\\/#primaryimage\"},\"image\":{\"@id\":\"https:\\\/\\\/www.meydan.tv\\\/az\\\/article\\\/xezer-tv-nin-anonsu-ve-ya-telekanallarin-problemli-konsepsiyasi\\\/#primaryimage\"},\"thumbnailUrl\":\"https:\\\/\\\/www.meydan.tv\\\/wp-content\\\/uploads\\\/1478526621_ss.jpeg\",\"datePublished\":\"2021-03-19T10:06:20+00:00\",\"breadcrumb\":{\"@id\":\"https:\\\/\\\/www.meydan.tv\\\/az\\\/article\\\/xezer-tv-nin-anonsu-ve-ya-telekanallarin-problemli-konsepsiyasi\\\/#breadcrumb\"},\"inLanguage\":\"az\",\"potentialAction\":[{\"@type\":\"ReadAction\",\"target\":[\"https:\\\/\\\/www.meydan.tv\\\/az\\\/article\\\/xezer-tv-nin-anonsu-ve-ya-telekanallarin-problemli-konsepsiyasi\\\/\"]}]},{\"@type\":\"ImageObject\",\"inLanguage\":\"az\",\"@id\":\"https:\\\/\\\/www.meydan.tv\\\/az\\\/article\\\/xezer-tv-nin-anonsu-ve-ya-telekanallarin-problemli-konsepsiyasi\\\/#primaryimage\",\"url\":\"https:\\\/\\\/www.meydan.tv\\\/wp-content\\\/uploads\\\/1478526621_ss.jpeg\",\"contentUrl\":\"https:\\\/\\\/www.meydan.tv\\\/wp-content\\\/uploads\\\/1478526621_ss.jpeg\",\"width\":1616,\"height\":994,\"caption\":\"Source: Meydan Tv\"},{\"@type\":\"BreadcrumbList\",\"@id\":\"https:\\\/\\\/www.meydan.tv\\\/az\\\/article\\\/xezer-tv-nin-anonsu-ve-ya-telekanallarin-problemli-konsepsiyasi\\\/#breadcrumb\",\"itemListElement\":[{\"@type\":\"ListItem\",\"position\":1,\"name\":\"Ana s\u0259hif\u0259\",\"item\":\"https:\\\/\\\/www.meydan.tv\\\/az\\\/\"},{\"@type\":\"ListItem\",\"position\":2,\"name\":\"M\u0259d\u0259niyy\u0259t\",\"item\":\"https:\\\/\\\/www.meydan.tv\\\/az\\\/section\\\/medeniyyet\\\/\"},{\"@type\":\"ListItem\",\"position\":3,\"name\":\"\u201cX\u0259z\u0259r\u201d TV-nin anonsu v\u0259 ya telekanallar\u0131n problemli konsepsiyas\u0131\"}]},{\"@type\":\"WebSite\",\"@id\":\"https:\\\/\\\/www.meydan.tv\\\/az\\\/#website\",\"url\":\"https:\\\/\\\/www.meydan.tv\\\/az\\\/\",\"name\":\"MEYDAN.TV\",\"description\":\"Meydan TV Az\u0259rbaycan\u0131n media m\u0259kan\u0131ndak\u0131 alternativ s\u0259sidir\",\"publisher\":{\"@id\":\"https:\\\/\\\/www.meydan.tv\\\/az\\\/#organization\"},\"potentialAction\":[{\"@type\":\"SearchAction\",\"target\":{\"@type\":\"EntryPoint\",\"urlTemplate\":\"https:\\\/\\\/www.meydan.tv\\\/az\\\/?s={search_term_string}\"},\"query-input\":{\"@type\":\"PropertyValueSpecification\",\"valueRequired\":true,\"valueName\":\"search_term_string\"}}],\"inLanguage\":\"az\"},{\"@type\":\"Organization\",\"@id\":\"https:\\\/\\\/www.meydan.tv\\\/az\\\/#organization\",\"name\":\"Meydan TV\",\"url\":\"https:\\\/\\\/www.meydan.tv\\\/az\\\/\",\"logo\":{\"@type\":\"ImageObject\",\"inLanguage\":\"az\",\"@id\":\"https:\\\/\\\/www.meydan.tv\\\/az\\\/#\\\/schema\\\/logo\\\/image\\\/\",\"url\":\"https:\\\/\\\/www.meydan.tv\\\/wp-content\\\/uploads\\\/2021\\\/07\\\/meydan-logo.svg\",\"contentUrl\":\"https:\\\/\\\/www.meydan.tv\\\/wp-content\\\/uploads\\\/2021\\\/07\\\/meydan-logo.svg\",\"width\":195,\"height\":46,\"caption\":\"Meydan TV\"},\"image\":{\"@id\":\"https:\\\/\\\/www.meydan.tv\\\/az\\\/#\\\/schema\\\/logo\\\/image\\\/\"}},{\"@type\":\"Person\",\"@id\":\"https:\\\/\\\/www.meydan.tv\\\/az\\\/#\\\/schema\\\/person\\\/10d11eccf6da3662cf5fdab9806ea91a\",\"name\":\"user-manager\"}]}<\/script>\n<!-- \/ Yoast SEO plugin. -->","yoast_head_json":{"title":"\u201cX\u0259z\u0259r\u201d TV-nin anonsu v\u0259 ya telekanallar\u0131n problemli konsepsiyas\u0131 - MEYDAN.TV","robots":{"index":"index","follow":"follow","max-snippet":"max-snippet:-1","max-image-preview":"max-image-preview:large","max-video-preview":"max-video-preview:-1"},"canonical":"https:\/\/www.meydan.tv\/az\/article\/xezer-tv-nin-anonsu-ve-ya-telekanallarin-problemli-konsepsiyasi\/","og_locale":"az_AZ","og_type":"article","og_title":"\u201cX\u0259z\u0259r\u201d TV-nin anonsu v\u0259 ya telekanallar\u0131n problemli konsepsiyas\u0131 - MEYDAN.TV","og_description":"\u201c\u00d6z\u0259l telekanallar n\u0259 ist\u0259dikl\u0259rini bilmir\u201d","og_url":"https:\/\/www.meydan.tv\/az\/article\/xezer-tv-nin-anonsu-ve-ya-telekanallarin-problemli-konsepsiyasi\/","og_site_name":"MEYDAN.TV","article_published_time":"2021-03-19T10:06:20+00:00","og_image":[{"width":1616,"height":994,"url":"https:\/\/www.meydan.tv\/wp-content\/uploads\/1478526621_ss.jpeg","type":"image\/jpeg"}],"author":"user-manager","twitter_card":"summary_large_image","schema":{"@context":"https:\/\/schema.org","@graph":[{"@type":"Article","@id":"https:\/\/www.meydan.tv\/az\/article\/xezer-tv-nin-anonsu-ve-ya-telekanallarin-problemli-konsepsiyasi\/#article","isPartOf":{"@id":"https:\/\/www.meydan.tv\/az\/article\/xezer-tv-nin-anonsu-ve-ya-telekanallarin-problemli-konsepsiyasi\/"},"author":{"name":"user-manager","@id":"https:\/\/www.meydan.tv\/az\/#\/schema\/person\/10d11eccf6da3662cf5fdab9806ea91a"},"headline":"\u201cX\u0259z\u0259r\u201d TV-nin anonsu v\u0259 ya telekanallar\u0131n problemli konsepsiyas\u0131","datePublished":"2021-03-19T10:06:20+00:00","mainEntityOfPage":{"@id":"https:\/\/www.meydan.tv\/az\/article\/xezer-tv-nin-anonsu-ve-ya-telekanallarin-problemli-konsepsiyasi\/"},"wordCount":1159,"publisher":{"@id":"https:\/\/www.meydan.tv\/az\/#organization"},"image":{"@id":"https:\/\/www.meydan.tv\/az\/article\/xezer-tv-nin-anonsu-ve-ya-telekanallarin-problemli-konsepsiyasi\/#primaryimage"},"thumbnailUrl":"https:\/\/www.meydan.tv\/wp-content\/uploads\/1478526621_ss.jpeg","articleSection":["M\u0259d\u0259niyy\u0259t"],"inLanguage":"az"},{"@type":"WebPage","@id":"https:\/\/www.meydan.tv\/az\/article\/xezer-tv-nin-anonsu-ve-ya-telekanallarin-problemli-konsepsiyasi\/","url":"https:\/\/www.meydan.tv\/az\/article\/xezer-tv-nin-anonsu-ve-ya-telekanallarin-problemli-konsepsiyasi\/","name":"\u201cX\u0259z\u0259r\u201d TV-nin anonsu v\u0259 ya telekanallar\u0131n problemli konsepsiyas\u0131 - MEYDAN.TV","isPartOf":{"@id":"https:\/\/www.meydan.tv\/az\/#website"},"primaryImageOfPage":{"@id":"https:\/\/www.meydan.tv\/az\/article\/xezer-tv-nin-anonsu-ve-ya-telekanallarin-problemli-konsepsiyasi\/#primaryimage"},"image":{"@id":"https:\/\/www.meydan.tv\/az\/article\/xezer-tv-nin-anonsu-ve-ya-telekanallarin-problemli-konsepsiyasi\/#primaryimage"},"thumbnailUrl":"https:\/\/www.meydan.tv\/wp-content\/uploads\/1478526621_ss.jpeg","datePublished":"2021-03-19T10:06:20+00:00","breadcrumb":{"@id":"https:\/\/www.meydan.tv\/az\/article\/xezer-tv-nin-anonsu-ve-ya-telekanallarin-problemli-konsepsiyasi\/#breadcrumb"},"inLanguage":"az","potentialAction":[{"@type":"ReadAction","target":["https:\/\/www.meydan.tv\/az\/article\/xezer-tv-nin-anonsu-ve-ya-telekanallarin-problemli-konsepsiyasi\/"]}]},{"@type":"ImageObject","inLanguage":"az","@id":"https:\/\/www.meydan.tv\/az\/article\/xezer-tv-nin-anonsu-ve-ya-telekanallarin-problemli-konsepsiyasi\/#primaryimage","url":"https:\/\/www.meydan.tv\/wp-content\/uploads\/1478526621_ss.jpeg","contentUrl":"https:\/\/www.meydan.tv\/wp-content\/uploads\/1478526621_ss.jpeg","width":1616,"height":994,"caption":"Source: Meydan Tv"},{"@type":"BreadcrumbList","@id":"https:\/\/www.meydan.tv\/az\/article\/xezer-tv-nin-anonsu-ve-ya-telekanallarin-problemli-konsepsiyasi\/#breadcrumb","itemListElement":[{"@type":"ListItem","position":1,"name":"Ana s\u0259hif\u0259","item":"https:\/\/www.meydan.tv\/az\/"},{"@type":"ListItem","position":2,"name":"M\u0259d\u0259niyy\u0259t","item":"https:\/\/www.meydan.tv\/az\/section\/medeniyyet\/"},{"@type":"ListItem","position":3,"name":"\u201cX\u0259z\u0259r\u201d TV-nin anonsu v\u0259 ya telekanallar\u0131n problemli konsepsiyas\u0131"}]},{"@type":"WebSite","@id":"https:\/\/www.meydan.tv\/az\/#website","url":"https:\/\/www.meydan.tv\/az\/","name":"MEYDAN.TV","description":"Meydan TV Az\u0259rbaycan\u0131n media m\u0259kan\u0131ndak\u0131 alternativ s\u0259sidir","publisher":{"@id":"https:\/\/www.meydan.tv\/az\/#organization"},"potentialAction":[{"@type":"SearchAction","target":{"@type":"EntryPoint","urlTemplate":"https:\/\/www.meydan.tv\/az\/?s={search_term_string}"},"query-input":{"@type":"PropertyValueSpecification","valueRequired":true,"valueName":"search_term_string"}}],"inLanguage":"az"},{"@type":"Organization","@id":"https:\/\/www.meydan.tv\/az\/#organization","name":"Meydan TV","url":"https:\/\/www.meydan.tv\/az\/","logo":{"@type":"ImageObject","inLanguage":"az","@id":"https:\/\/www.meydan.tv\/az\/#\/schema\/logo\/image\/","url":"https:\/\/www.meydan.tv\/wp-content\/uploads\/2021\/07\/meydan-logo.svg","contentUrl":"https:\/\/www.meydan.tv\/wp-content\/uploads\/2021\/07\/meydan-logo.svg","width":195,"height":46,"caption":"Meydan TV"},"image":{"@id":"https:\/\/www.meydan.tv\/az\/#\/schema\/logo\/image\/"}},{"@type":"Person","@id":"https:\/\/www.meydan.tv\/az\/#\/schema\/person\/10d11eccf6da3662cf5fdab9806ea91a","name":"user-manager"}]}},"_links":{"self":[{"href":"https:\/\/www.meydan.tv\/az\/wp-json\/wp\/v2\/posts\/205433","targetHints":{"allow":["GET"]}}],"collection":[{"href":"https:\/\/www.meydan.tv\/az\/wp-json\/wp\/v2\/posts"}],"about":[{"href":"https:\/\/www.meydan.tv\/az\/wp-json\/wp\/v2\/types\/post"}],"author":[{"embeddable":true,"href":"https:\/\/www.meydan.tv\/az\/wp-json\/wp\/v2\/users\/11"}],"replies":[{"embeddable":true,"href":"https:\/\/www.meydan.tv\/az\/wp-json\/wp\/v2\/comments?post=205433"}],"version-history":[{"count":0,"href":"https:\/\/www.meydan.tv\/az\/wp-json\/wp\/v2\/posts\/205433\/revisions"}],"wp:featuredmedia":[{"embeddable":true,"href":"https:\/\/www.meydan.tv\/az\/wp-json\/wp\/v2\/media\/157655"}],"wp:attachment":[{"href":"https:\/\/www.meydan.tv\/az\/wp-json\/wp\/v2\/media?parent=205433"}],"wp:term":[{"taxonomy":"category","embeddable":true,"href":"https:\/\/www.meydan.tv\/az\/wp-json\/wp\/v2\/categories?post=205433"},{"taxonomy":"post_tag","embeddable":true,"href":"https:\/\/www.meydan.tv\/az\/wp-json\/wp\/v2\/tags?post=205433"}],"curies":[{"name":"wp","href":"https:\/\/api.w.org\/{rel}","templated":true}]}}