{"id":205430,"date":"2021-03-19T10:04:14","date_gmt":"2021-03-19T10:04:14","guid":{"rendered":"https:\/\/www.meydan.tv\/article\/medeniyyet-nazirliyi-ado-teatrini-bina-ile-temin-etmek-imkanimiz-xaricindedir\/"},"modified":"2021-03-19T10:04:14","modified_gmt":"2021-03-19T10:04:14","slug":"medeniyyet-nazirliyi-ado-teatrini-bina-ile-temin-etmek-imkanimiz-xaricindedir","status":"publish","type":"post","link":"https:\/\/www.meydan.tv\/az\/article\/medeniyyet-nazirliyi-ado-teatrini-bina-ile-temin-etmek-imkanimiz-xaricindedir\/","title":{"rendered":"M\u0259d\u0259niyy\u0259t Nazirliyi: ADO teatr\u0131n\u0131 bina il\u0259 t\u0259min etm\u0259k imkan\u0131m\u0131z xaricind\u0259dir"},"content":{"rendered":"<p>\n  <i><br \/>\n    \u201cHaz\u0131rda 5 d\u00f6vl\u0259t teatr\u0131n\u0131n stasionar binas\u0131 yoxdur\u201d<br \/>\n  <\/i>\n<\/p>\n<p>\n  ADO Teatr\u0131n\u0131n kollektivi (Az\u0259rbaycan Da\u011f\u0131n\u0131q Oda) mart\u0131n 17-d\u0259 icar\u0259y\u0259 g\u00f6t\u00fcrd\u00fcy\u00fc m\u0259kandan \u00e7\u0131xmaq m\u0259cburiyy\u0259tind\u0259 qal\u0131b.\n<\/p>\n<p>\n  Teatrdan Meydan TV-y\u0259 veril\u0259n m\u0259lumata g\u00f6r\u0259, ofisin ayl\u0131q haqq\u0131n\u0131 \u00f6d\u0259y\u0259 bilm\u0259y\u0259n kollektiv m\u0259kan\u0131 bo\u015faltmaq m\u0259cburiyy\u0259tind\u0259 qal\u0131b.\n<\/p>\n<p>\n  Teatr\u0131n qurucusu, ba\u015f rejissor v\u0259 aktyoru Elmin B\u0259d\u0259lov televiziya vasit\u0259sil\u0259 Prezident Adminstrasiyas\u0131n\u0131n Humanitar siyas\u0259t, diaspor, multikulturalizm v\u0259 dini m\u0259s\u0259l\u0259l\u0259r \u015f\u00f6b\u0259sin\u0259, Milli M\u0259cilisin M\u0259d\u0259niyy\u0259t Komit\u0259si v\u0259 M\u0259d\u0259niyy\u0259t Nazirliyin\u0259 m\u00fcraci\u0259t ets\u0259 d\u0259, cavabs\u0131z qal\u0131b.\n<\/p>\n<p>\n  Yarand\u0131\u011f\u0131 g\u00fcnd\u0259n tama\u015falar\u0131n\u0131 oynamaq \u00fc\u00e7\u00fcn yer u\u011frunda m\u00fcbariz\u0259 aparan ADO icar\u0259y\u0259 g\u00f6t\u00fcrd\u00fcy\u00fc sonuncu m\u0259kan\u0131 da t\u0259rk etm\u0259k m\u0259cburiyy\u0259tind\u0259 qalmaqla yana\u015f\u0131, doqquz illik f\u0259aliyy\u0259ti d\u00f6vr\u00fcnd\u0259 toplanan rekvizitl\u0259ri yerl\u0259\u015fdirm\u0259y\u0259 yer tapm\u0131r.\n<\/p>\n<p>\n  ADO teatr\u0131 2013-c\u00fc il iyulun 15-d\u0259 aktyor v\u0259 rejissor Elmin B\u0259d\u0259lov t\u0259r\u0259find\u0259n yarad\u0131l\u0131b. Teatr Az\u0259rbaycan\u0131n ilk m\u00fcst\u0259qil v\u0259 modern teatr\u0131 kimi tan\u0131n\u0131r. Bir ild\u0259n \u00e7oxdur ki, Az\u0259rbaycanda pandemiya il\u0259 \u0259laq\u0259dar teatrlar\u0131n f\u0259aliyy\u0259tin\u0259 icaz\u0259 verilmir.\n<\/p>\n<p>\n  M\u0259s\u0259l\u0259 il\u0259 \u0259laq\u0259dar M\u0259d\u0259niyy\u0259t Nazirliyi Meydan TV-nin sor\u011fusunu cavabland\u0131r\u0131b.\n<\/p>\n<p>\n  Qeyd olunur ki, ADO M\u0259d\u0259niyy\u0259t Nazirliyin\u0259 tabe m\u00fc\u0259ssis\u0259 olmad\u0131\u011f\u0131 \u00fc\u00e7\u00fcn nazirliyin teatr\u0131 bina il\u0259 t\u0259min etm\u0259si qanunvericilikd\u0259 n\u0259z\u0259rd\u0259 tutulmay\u0131b:\n<\/p>\n<p>\n  \u201cS\u00f6zs\u00fcz ki, M\u0259d\u0259niyy\u0259t Nazirliyi m\u00fcmk\u00fcn q\u0259d\u0259r \u00f6z\u0259l teatrlara d\u0259st\u0259k g\u00f6st\u0259rm\u0259y\u0259 \u00e7al\u0131\u015f\u0131r. Pandemiyadan \u0259vv\u0259l binas\u0131 olmayan \u00f6z\u0259l teatrlar\u0131n h\u0259r birin\u0259 ayda bir d\u0259f\u0259 d\u00f6vl\u0259t teatr\u0131n\u0131n s\u0259hn\u0259sind\u0259 \u00f6d\u0259ni\u015fsiz tama\u015fa n\u00fcmayi\u015f etdirm\u0259k imkan\u0131 yarad\u0131l\u0131b. Az\u0259rbaycan Respublikas\u0131 Nazirl\u0259r Kabineti yan\u0131nda Operativ Q\u0259rargah\u0131n q\u0259rar\u0131na \u0259sas\u0259n, pandemiya il\u0259 \u0259laq\u0259dar d\u00f6vl\u0259t teatrlar\u0131 il\u0259 yana\u015f\u0131, \u00f6z\u0259l teatrlar\u0131n da f\u0259aliyy\u0259ti m\u00fcv\u0259qq\u0259ti dayand\u0131r\u0131l\u0131b.\n<\/p>\n<p>\n  Nazirlik d\u00f6vr\u00fcn \u00e7a\u011f\u0131r\u0131\u015flar\u0131na cavab ver\u0259n y\u00fcks\u0259k b\u0259dii-t\u0259\u015fkilati s\u0259viyy\u0259li \u00f6z\u0259l teatrlar\u0131n f\u0259aliyy\u0259tind\u0259 maraql\u0131d\u0131r v\u0259 bir s\u0131ra m\u0259s\u0259l\u0259l\u0259rd\u0259 m\u00fcst\u0259qil teatrlara d\u0259st\u0259k g\u00f6st\u0259rm\u0259y\u0259 \u00e7al\u0131\u015f\u0131r, lakin bu, h\u0259r d\u0259f\u0259 m\u00fcmk\u00fcn olmur. \u00c7\u00fcnki ilk n\u00f6vb\u0259d\u0259 nazirliyin tabeliyind\u0259 olan d\u00f6vl\u0259t teatrlar\u0131n\u0131n maddi-texniki, inzibati probleml\u0259rinin h\u0259llin\u0259 \u00e7al\u0131\u015f\u0131r\u0131q. Haz\u0131rda 5 d\u00f6vl\u0259t teatr\u0131n\u0131n stasionar binas\u0131 yoxdur. Bel\u0259 ki, regionlarda f\u0259aliyy\u0259t g\u00f6st\u0259r\u0259n 4 teatr rayon m\u0259d\u0259niyy\u0259t evinin, Bak\u0131da yerl\u0259\u015f\u0259n Yu\u011f D\u00f6vl\u0259t Teatr\u0131 is\u0259 Az\u0259rbaycan D\u00f6vl\u0259t Kukla Teatr\u0131n\u0131n binas\u0131nda m\u00fcv\u0259qq\u0259ti yerl\u0259\u015fdirilib. Bu bax\u0131mdan haz\u0131rda ADO teatr\u0131n\u0131n bina il\u0259 t\u0259min olunma m\u0259s\u0259l\u0259si nazirliyin imkanlar\u0131 xaricind\u0259dir\u201d.\n<\/p>\n<p>\n  Milli M\u0259clisin M\u0259d\u0259niyy\u0259t Komit\u0259sinin m\u0259s\u0259l\u0259y\u0259 m\u00fcnasib\u0259tini \u00f6yr\u0259nm\u0259k m\u00fcmk\u00fcn olmay\u0131b.\n<\/p>\n<p>\n  Komit\u0259 s\u0259dri Q\u0259nir\u0259 Pa\u015fayeva, s\u0259dr m\u00fcavini Fazil Mustafa z\u0259ngl\u0259r\u0259 cavab verm\u0259yib.<\/p>\n","protected":false},"excerpt":{"rendered":"<p>\u201cHaz\u0131rda 5 d\u00f6vl\u0259t teatr\u0131n\u0131n stasionar binas\u0131 yoxdur\u201d<\/p>\n","protected":false},"author":11,"featured_media":157593,"comment_status":"closed","ping_status":"open","sticky":false,"template":"","format":"standard","meta":{"_acf_changed":false,"_sitemap_exclude":false,"_sitemap_priority":"","_sitemap_frequency":"","footnotes":""},"categories":[52],"tags":[],"class_list":["post-205430","post","type-post","status-publish","format-standard","has-post-thumbnail","hentry","category-medeniyyet","infinite-scroll-item","generate-columns","tablet-grid-50","mobile-grid-100","grid-parent","grid-33","no-featured-image-padding"],"acf":[],"yoast_head":"<!-- This site is optimized with the Yoast SEO plugin v27.4 - https:\/\/yoast.com\/product\/yoast-seo-wordpress\/ -->\n<title>M\u0259d\u0259niyy\u0259t Nazirliyi: ADO teatr\u0131n\u0131 bina il\u0259 t\u0259min etm\u0259k imkan\u0131m\u0131z xaricind\u0259dir - MEYDAN.TV<\/title>\n<meta name=\"robots\" content=\"index, follow, max-snippet:-1, max-image-preview:large, max-video-preview:-1\" \/>\n<link rel=\"canonical\" href=\"https:\/\/www.meydan.tv\/az\/article\/medeniyyet-nazirliyi-ado-teatrini-bina-ile-temin-etmek-imkanimiz-xaricindedir\/\" \/>\n<meta property=\"og:locale\" content=\"az_AZ\" \/>\n<meta property=\"og:type\" content=\"article\" \/>\n<meta property=\"og:title\" content=\"M\u0259d\u0259niyy\u0259t Nazirliyi: ADO teatr\u0131n\u0131 bina il\u0259 t\u0259min etm\u0259k imkan\u0131m\u0131z xaricind\u0259dir - MEYDAN.TV\" \/>\n<meta property=\"og:description\" content=\"\u201cHaz\u0131rda 5 d\u00f6vl\u0259t teatr\u0131n\u0131n stasionar binas\u0131 yoxdur\u201d\" \/>\n<meta property=\"og:url\" content=\"https:\/\/www.meydan.tv\/az\/article\/medeniyyet-nazirliyi-ado-teatrini-bina-ile-temin-etmek-imkanimiz-xaricindedir\/\" \/>\n<meta property=\"og:site_name\" content=\"MEYDAN.TV\" \/>\n<meta property=\"article:published_time\" content=\"2021-03-19T10:04:14+00:00\" \/>\n<meta property=\"og:image\" content=\"https:\/\/www.meydan.tv\/wp-content\/uploads\/img_20210310_144457_098.jpg\" \/>\n\t<meta property=\"og:image:width\" content=\"1280\" \/>\n\t<meta property=\"og:image:height\" content=\"960\" \/>\n\t<meta property=\"og:image:type\" content=\"image\/jpeg\" \/>\n<meta name=\"author\" content=\"user-manager\" \/>\n<meta name=\"twitter:card\" content=\"summary_large_image\" \/>\n<script type=\"application\/ld+json\" class=\"yoast-schema-graph\">{\"@context\":\"https:\\\/\\\/schema.org\",\"@graph\":[{\"@type\":\"Article\",\"@id\":\"https:\\\/\\\/www.meydan.tv\\\/az\\\/article\\\/medeniyyet-nazirliyi-ado-teatrini-bina-ile-temin-etmek-imkanimiz-xaricindedir\\\/#article\",\"isPartOf\":{\"@id\":\"https:\\\/\\\/www.meydan.tv\\\/az\\\/article\\\/medeniyyet-nazirliyi-ado-teatrini-bina-ile-temin-etmek-imkanimiz-xaricindedir\\\/\"},\"author\":{\"name\":\"user-manager\",\"@id\":\"https:\\\/\\\/www.meydan.tv\\\/az\\\/#\\\/schema\\\/person\\\/10d11eccf6da3662cf5fdab9806ea91a\"},\"headline\":\"M\u0259d\u0259niyy\u0259t Nazirliyi: ADO teatr\u0131n\u0131 bina il\u0259 t\u0259min etm\u0259k imkan\u0131m\u0131z xaricind\u0259dir\",\"datePublished\":\"2021-03-19T10:04:14+00:00\",\"mainEntityOfPage\":{\"@id\":\"https:\\\/\\\/www.meydan.tv\\\/az\\\/article\\\/medeniyyet-nazirliyi-ado-teatrini-bina-ile-temin-etmek-imkanimiz-xaricindedir\\\/\"},\"wordCount\":607,\"publisher\":{\"@id\":\"https:\\\/\\\/www.meydan.tv\\\/az\\\/#organization\"},\"image\":{\"@id\":\"https:\\\/\\\/www.meydan.tv\\\/az\\\/article\\\/medeniyyet-nazirliyi-ado-teatrini-bina-ile-temin-etmek-imkanimiz-xaricindedir\\\/#primaryimage\"},\"thumbnailUrl\":\"https:\\\/\\\/www.meydan.tv\\\/wp-content\\\/uploads\\\/img_20210310_144457_098.jpg\",\"articleSection\":[\"M\u0259d\u0259niyy\u0259t\"],\"inLanguage\":\"az\"},{\"@type\":\"WebPage\",\"@id\":\"https:\\\/\\\/www.meydan.tv\\\/az\\\/article\\\/medeniyyet-nazirliyi-ado-teatrini-bina-ile-temin-etmek-imkanimiz-xaricindedir\\\/\",\"url\":\"https:\\\/\\\/www.meydan.tv\\\/az\\\/article\\\/medeniyyet-nazirliyi-ado-teatrini-bina-ile-temin-etmek-imkanimiz-xaricindedir\\\/\",\"name\":\"M\u0259d\u0259niyy\u0259t Nazirliyi: ADO teatr\u0131n\u0131 bina il\u0259 t\u0259min etm\u0259k imkan\u0131m\u0131z xaricind\u0259dir - MEYDAN.TV\",\"isPartOf\":{\"@id\":\"https:\\\/\\\/www.meydan.tv\\\/az\\\/#website\"},\"primaryImageOfPage\":{\"@id\":\"https:\\\/\\\/www.meydan.tv\\\/az\\\/article\\\/medeniyyet-nazirliyi-ado-teatrini-bina-ile-temin-etmek-imkanimiz-xaricindedir\\\/#primaryimage\"},\"image\":{\"@id\":\"https:\\\/\\\/www.meydan.tv\\\/az\\\/article\\\/medeniyyet-nazirliyi-ado-teatrini-bina-ile-temin-etmek-imkanimiz-xaricindedir\\\/#primaryimage\"},\"thumbnailUrl\":\"https:\\\/\\\/www.meydan.tv\\\/wp-content\\\/uploads\\\/img_20210310_144457_098.jpg\",\"datePublished\":\"2021-03-19T10:04:14+00:00\",\"breadcrumb\":{\"@id\":\"https:\\\/\\\/www.meydan.tv\\\/az\\\/article\\\/medeniyyet-nazirliyi-ado-teatrini-bina-ile-temin-etmek-imkanimiz-xaricindedir\\\/#breadcrumb\"},\"inLanguage\":\"az\",\"potentialAction\":[{\"@type\":\"ReadAction\",\"target\":[\"https:\\\/\\\/www.meydan.tv\\\/az\\\/article\\\/medeniyyet-nazirliyi-ado-teatrini-bina-ile-temin-etmek-imkanimiz-xaricindedir\\\/\"]}]},{\"@type\":\"ImageObject\",\"inLanguage\":\"az\",\"@id\":\"https:\\\/\\\/www.meydan.tv\\\/az\\\/article\\\/medeniyyet-nazirliyi-ado-teatrini-bina-ile-temin-etmek-imkanimiz-xaricindedir\\\/#primaryimage\",\"url\":\"https:\\\/\\\/www.meydan.tv\\\/wp-content\\\/uploads\\\/img_20210310_144457_098.jpg\",\"contentUrl\":\"https:\\\/\\\/www.meydan.tv\\\/wp-content\\\/uploads\\\/img_20210310_144457_098.jpg\",\"width\":1280,\"height\":960,\"caption\":\"Source: ADO\"},{\"@type\":\"BreadcrumbList\",\"@id\":\"https:\\\/\\\/www.meydan.tv\\\/az\\\/article\\\/medeniyyet-nazirliyi-ado-teatrini-bina-ile-temin-etmek-imkanimiz-xaricindedir\\\/#breadcrumb\",\"itemListElement\":[{\"@type\":\"ListItem\",\"position\":1,\"name\":\"Ana s\u0259hif\u0259\",\"item\":\"https:\\\/\\\/www.meydan.tv\\\/az\\\/\"},{\"@type\":\"ListItem\",\"position\":2,\"name\":\"M\u0259d\u0259niyy\u0259t\",\"item\":\"https:\\\/\\\/www.meydan.tv\\\/az\\\/section\\\/medeniyyet\\\/\"},{\"@type\":\"ListItem\",\"position\":3,\"name\":\"M\u0259d\u0259niyy\u0259t Nazirliyi: ADO teatr\u0131n\u0131 bina il\u0259 t\u0259min etm\u0259k imkan\u0131m\u0131z xaricind\u0259dir\"}]},{\"@type\":\"WebSite\",\"@id\":\"https:\\\/\\\/www.meydan.tv\\\/az\\\/#website\",\"url\":\"https:\\\/\\\/www.meydan.tv\\\/az\\\/\",\"name\":\"MEYDAN.TV\",\"description\":\"Meydan TV Az\u0259rbaycan\u0131n media m\u0259kan\u0131ndak\u0131 alternativ s\u0259sidir\",\"publisher\":{\"@id\":\"https:\\\/\\\/www.meydan.tv\\\/az\\\/#organization\"},\"potentialAction\":[{\"@type\":\"SearchAction\",\"target\":{\"@type\":\"EntryPoint\",\"urlTemplate\":\"https:\\\/\\\/www.meydan.tv\\\/az\\\/?s={search_term_string}\"},\"query-input\":{\"@type\":\"PropertyValueSpecification\",\"valueRequired\":true,\"valueName\":\"search_term_string\"}}],\"inLanguage\":\"az\"},{\"@type\":\"Organization\",\"@id\":\"https:\\\/\\\/www.meydan.tv\\\/az\\\/#organization\",\"name\":\"Meydan TV\",\"url\":\"https:\\\/\\\/www.meydan.tv\\\/az\\\/\",\"logo\":{\"@type\":\"ImageObject\",\"inLanguage\":\"az\",\"@id\":\"https:\\\/\\\/www.meydan.tv\\\/az\\\/#\\\/schema\\\/logo\\\/image\\\/\",\"url\":\"https:\\\/\\\/www.meydan.tv\\\/wp-content\\\/uploads\\\/2021\\\/07\\\/meydan-logo.svg\",\"contentUrl\":\"https:\\\/\\\/www.meydan.tv\\\/wp-content\\\/uploads\\\/2021\\\/07\\\/meydan-logo.svg\",\"width\":195,\"height\":46,\"caption\":\"Meydan TV\"},\"image\":{\"@id\":\"https:\\\/\\\/www.meydan.tv\\\/az\\\/#\\\/schema\\\/logo\\\/image\\\/\"}},{\"@type\":\"Person\",\"@id\":\"https:\\\/\\\/www.meydan.tv\\\/az\\\/#\\\/schema\\\/person\\\/10d11eccf6da3662cf5fdab9806ea91a\",\"name\":\"user-manager\"}]}<\/script>\n<!-- \/ Yoast SEO plugin. -->","yoast_head_json":{"title":"M\u0259d\u0259niyy\u0259t Nazirliyi: ADO teatr\u0131n\u0131 bina il\u0259 t\u0259min etm\u0259k imkan\u0131m\u0131z xaricind\u0259dir - MEYDAN.TV","robots":{"index":"index","follow":"follow","max-snippet":"max-snippet:-1","max-image-preview":"max-image-preview:large","max-video-preview":"max-video-preview:-1"},"canonical":"https:\/\/www.meydan.tv\/az\/article\/medeniyyet-nazirliyi-ado-teatrini-bina-ile-temin-etmek-imkanimiz-xaricindedir\/","og_locale":"az_AZ","og_type":"article","og_title":"M\u0259d\u0259niyy\u0259t Nazirliyi: ADO teatr\u0131n\u0131 bina il\u0259 t\u0259min etm\u0259k imkan\u0131m\u0131z xaricind\u0259dir - MEYDAN.TV","og_description":"\u201cHaz\u0131rda 5 d\u00f6vl\u0259t teatr\u0131n\u0131n stasionar binas\u0131 yoxdur\u201d","og_url":"https:\/\/www.meydan.tv\/az\/article\/medeniyyet-nazirliyi-ado-teatrini-bina-ile-temin-etmek-imkanimiz-xaricindedir\/","og_site_name":"MEYDAN.TV","article_published_time":"2021-03-19T10:04:14+00:00","og_image":[{"width":1280,"height":960,"url":"https:\/\/www.meydan.tv\/wp-content\/uploads\/img_20210310_144457_098.jpg","type":"image\/jpeg"}],"author":"user-manager","twitter_card":"summary_large_image","schema":{"@context":"https:\/\/schema.org","@graph":[{"@type":"Article","@id":"https:\/\/www.meydan.tv\/az\/article\/medeniyyet-nazirliyi-ado-teatrini-bina-ile-temin-etmek-imkanimiz-xaricindedir\/#article","isPartOf":{"@id":"https:\/\/www.meydan.tv\/az\/article\/medeniyyet-nazirliyi-ado-teatrini-bina-ile-temin-etmek-imkanimiz-xaricindedir\/"},"author":{"name":"user-manager","@id":"https:\/\/www.meydan.tv\/az\/#\/schema\/person\/10d11eccf6da3662cf5fdab9806ea91a"},"headline":"M\u0259d\u0259niyy\u0259t Nazirliyi: ADO teatr\u0131n\u0131 bina il\u0259 t\u0259min etm\u0259k imkan\u0131m\u0131z xaricind\u0259dir","datePublished":"2021-03-19T10:04:14+00:00","mainEntityOfPage":{"@id":"https:\/\/www.meydan.tv\/az\/article\/medeniyyet-nazirliyi-ado-teatrini-bina-ile-temin-etmek-imkanimiz-xaricindedir\/"},"wordCount":607,"publisher":{"@id":"https:\/\/www.meydan.tv\/az\/#organization"},"image":{"@id":"https:\/\/www.meydan.tv\/az\/article\/medeniyyet-nazirliyi-ado-teatrini-bina-ile-temin-etmek-imkanimiz-xaricindedir\/#primaryimage"},"thumbnailUrl":"https:\/\/www.meydan.tv\/wp-content\/uploads\/img_20210310_144457_098.jpg","articleSection":["M\u0259d\u0259niyy\u0259t"],"inLanguage":"az"},{"@type":"WebPage","@id":"https:\/\/www.meydan.tv\/az\/article\/medeniyyet-nazirliyi-ado-teatrini-bina-ile-temin-etmek-imkanimiz-xaricindedir\/","url":"https:\/\/www.meydan.tv\/az\/article\/medeniyyet-nazirliyi-ado-teatrini-bina-ile-temin-etmek-imkanimiz-xaricindedir\/","name":"M\u0259d\u0259niyy\u0259t Nazirliyi: ADO teatr\u0131n\u0131 bina il\u0259 t\u0259min etm\u0259k imkan\u0131m\u0131z xaricind\u0259dir - MEYDAN.TV","isPartOf":{"@id":"https:\/\/www.meydan.tv\/az\/#website"},"primaryImageOfPage":{"@id":"https:\/\/www.meydan.tv\/az\/article\/medeniyyet-nazirliyi-ado-teatrini-bina-ile-temin-etmek-imkanimiz-xaricindedir\/#primaryimage"},"image":{"@id":"https:\/\/www.meydan.tv\/az\/article\/medeniyyet-nazirliyi-ado-teatrini-bina-ile-temin-etmek-imkanimiz-xaricindedir\/#primaryimage"},"thumbnailUrl":"https:\/\/www.meydan.tv\/wp-content\/uploads\/img_20210310_144457_098.jpg","datePublished":"2021-03-19T10:04:14+00:00","breadcrumb":{"@id":"https:\/\/www.meydan.tv\/az\/article\/medeniyyet-nazirliyi-ado-teatrini-bina-ile-temin-etmek-imkanimiz-xaricindedir\/#breadcrumb"},"inLanguage":"az","potentialAction":[{"@type":"ReadAction","target":["https:\/\/www.meydan.tv\/az\/article\/medeniyyet-nazirliyi-ado-teatrini-bina-ile-temin-etmek-imkanimiz-xaricindedir\/"]}]},{"@type":"ImageObject","inLanguage":"az","@id":"https:\/\/www.meydan.tv\/az\/article\/medeniyyet-nazirliyi-ado-teatrini-bina-ile-temin-etmek-imkanimiz-xaricindedir\/#primaryimage","url":"https:\/\/www.meydan.tv\/wp-content\/uploads\/img_20210310_144457_098.jpg","contentUrl":"https:\/\/www.meydan.tv\/wp-content\/uploads\/img_20210310_144457_098.jpg","width":1280,"height":960,"caption":"Source: ADO"},{"@type":"BreadcrumbList","@id":"https:\/\/www.meydan.tv\/az\/article\/medeniyyet-nazirliyi-ado-teatrini-bina-ile-temin-etmek-imkanimiz-xaricindedir\/#breadcrumb","itemListElement":[{"@type":"ListItem","position":1,"name":"Ana s\u0259hif\u0259","item":"https:\/\/www.meydan.tv\/az\/"},{"@type":"ListItem","position":2,"name":"M\u0259d\u0259niyy\u0259t","item":"https:\/\/www.meydan.tv\/az\/section\/medeniyyet\/"},{"@type":"ListItem","position":3,"name":"M\u0259d\u0259niyy\u0259t Nazirliyi: ADO teatr\u0131n\u0131 bina il\u0259 t\u0259min etm\u0259k imkan\u0131m\u0131z xaricind\u0259dir"}]},{"@type":"WebSite","@id":"https:\/\/www.meydan.tv\/az\/#website","url":"https:\/\/www.meydan.tv\/az\/","name":"MEYDAN.TV","description":"Meydan TV Az\u0259rbaycan\u0131n media m\u0259kan\u0131ndak\u0131 alternativ s\u0259sidir","publisher":{"@id":"https:\/\/www.meydan.tv\/az\/#organization"},"potentialAction":[{"@type":"SearchAction","target":{"@type":"EntryPoint","urlTemplate":"https:\/\/www.meydan.tv\/az\/?s={search_term_string}"},"query-input":{"@type":"PropertyValueSpecification","valueRequired":true,"valueName":"search_term_string"}}],"inLanguage":"az"},{"@type":"Organization","@id":"https:\/\/www.meydan.tv\/az\/#organization","name":"Meydan TV","url":"https:\/\/www.meydan.tv\/az\/","logo":{"@type":"ImageObject","inLanguage":"az","@id":"https:\/\/www.meydan.tv\/az\/#\/schema\/logo\/image\/","url":"https:\/\/www.meydan.tv\/wp-content\/uploads\/2021\/07\/meydan-logo.svg","contentUrl":"https:\/\/www.meydan.tv\/wp-content\/uploads\/2021\/07\/meydan-logo.svg","width":195,"height":46,"caption":"Meydan TV"},"image":{"@id":"https:\/\/www.meydan.tv\/az\/#\/schema\/logo\/image\/"}},{"@type":"Person","@id":"https:\/\/www.meydan.tv\/az\/#\/schema\/person\/10d11eccf6da3662cf5fdab9806ea91a","name":"user-manager"}]}},"_links":{"self":[{"href":"https:\/\/www.meydan.tv\/az\/wp-json\/wp\/v2\/posts\/205430","targetHints":{"allow":["GET"]}}],"collection":[{"href":"https:\/\/www.meydan.tv\/az\/wp-json\/wp\/v2\/posts"}],"about":[{"href":"https:\/\/www.meydan.tv\/az\/wp-json\/wp\/v2\/types\/post"}],"author":[{"embeddable":true,"href":"https:\/\/www.meydan.tv\/az\/wp-json\/wp\/v2\/users\/11"}],"replies":[{"embeddable":true,"href":"https:\/\/www.meydan.tv\/az\/wp-json\/wp\/v2\/comments?post=205430"}],"version-history":[{"count":0,"href":"https:\/\/www.meydan.tv\/az\/wp-json\/wp\/v2\/posts\/205430\/revisions"}],"wp:featuredmedia":[{"embeddable":true,"href":"https:\/\/www.meydan.tv\/az\/wp-json\/wp\/v2\/media\/157593"}],"wp:attachment":[{"href":"https:\/\/www.meydan.tv\/az\/wp-json\/wp\/v2\/media?parent=205430"}],"wp:term":[{"taxonomy":"category","embeddable":true,"href":"https:\/\/www.meydan.tv\/az\/wp-json\/wp\/v2\/categories?post=205430"},{"taxonomy":"post_tag","embeddable":true,"href":"https:\/\/www.meydan.tv\/az\/wp-json\/wp\/v2\/tags?post=205430"}],"curies":[{"name":"wp","href":"https:\/\/api.w.org\/{rel}","templated":true}]}}