{"id":205420,"date":"2021-03-18T13:34:06","date_gmt":"2021-03-18T13:34:06","guid":{"rendered":"https:\/\/www.meydan.tv\/article\/polis-meni-serledi-mehkeme-ise-mehkum-etdi\/"},"modified":"2021-03-18T13:34:06","modified_gmt":"2021-03-18T13:34:06","slug":"polis-meni-serledi-mehkeme-ise-mehkum-etdi","status":"publish","type":"post","link":"https:\/\/www.meydan.tv\/az\/article\/polis-meni-serledi-mehkeme-ise-mehkum-etdi\/","title":{"rendered":"\u201cPolis m\u0259ni \u015f\u0259rl\u0259di, m\u0259hk\u0259m\u0259 is\u0259 m\u0259hkum etdi\u201d"},"content":{"rendered":"<p>\n  <i><br \/>\n    Lerik sakini k\u00f6m\u0259k edib, \u015f\u0259rl\u0259ndiyini deyir<br \/>\n  <\/i>\n<\/p>\n<p>\n  \u201cPolis bankomat \u00fcz\u0259rind\u0259ki kameran\u0131n yadda\u015f\u0131ndan g\u00f6r\u00fcnt\u00fcn\u00fc sildi, sonra da m\u0259n\u0259 cinay\u0259t i\u015fi qald\u0131rd\u0131. M\u0259hk\u0259m\u0259d\u0259 g\u00f6r\u00fcnt\u00fcl\u0259rl\u0259 ba\u011fl\u0131 ekspertiza ke\u00e7irilm\u0259sin\u0259 dair v\u0259sat\u0259tl\u0259r t\u0259qdim ets\u0259k d\u0259, hakim v\u0259sat\u0259tl\u0259rimizi protokola daxil etm\u0259di. N\u0259tic\u0259d\u0259, he\u00e7 bir g\u00fcnah\u0131m olmad\u0131\u011f\u0131 halda m\u0259n\u0259 2 il m\u00fcdd\u0259tin\u0259 azadl\u0131\u011f\u0131n m\u0259hdudla\u015fd\u0131r\u0131lmas\u0131 h\u00f6km\u00fc \u00e7\u0131xar\u0131ld\u0131\u201c.\n<\/p>\n<p>\n  Bunu Meydan TV-y\u0259 Lerik rayonu, Piran k\u0259nd sakini Ziyatay Bayramov deyir.\n<\/p>\n<p>\n  <b><br \/>\n    \u201cPul bankomatdan \u00e7\u0131xmad\u0131\u201d<br \/>\n  <\/b>\n<\/p>\n<p>\n  \u201cM\u0259s\u0259l\u0259 ondan ibar\u0259tdir ki, \u00f6t\u0259n il mart\u0131n 13-d\u0259 valideynl\u0259rimin pensiyas\u0131n\u0131 g\u00f6t\u00fcrm\u0259k \u00fc\u00e7\u00fcn k\u0259ndimizd\u0259ki bankomata yax\u0131nla\u015fd\u0131m. Orada xeyli ya\u015fl\u0131 insan vard\u0131, ham\u0131s\u0131 pensiyas\u0131n\u0131 \u00e7\u0131xarmaq \u00fc\u00e7\u00fcn n\u00f6vb\u0259y\u0259 dayanm\u0131\u015fd\u0131. K\u0259ndimizd\u0259ki ya\u015fl\u0131 insanlar bankomatdan istifad\u0259 qaydalar\u0131n\u0131 bilm\u0259dikl\u0259ri \u00fc\u00e7\u00fcn onlara h\u0259mi\u015f\u0259 g\u0259ncl\u0259r k\u00f6m\u0259k edir. M\u0259n \u00f6z\u00fcm d\u0259 tez-tez bankomat qar\u015f\u0131s\u0131ndan ke\u00e7\u0259nd\u0259 orada ya\u015fl\u0131 insanlar\u0131 g\u00f6r\u0259nd\u0259 k\u00f6m\u0259k edir\u0259m. Bu d\u0259f\u0259 d\u0259 h\u0259mi\u015f\u0259ki kimi onlar\u0131n kartlar\u0131n\u0131 bir-bir alaraq aparatdan pulu \u00e7\u0131xar\u0131b \u00f6zl\u0259rin\u0259 verdim. H\u0259min vaxt orada olan k\u0259nd sakini Namik M\u0259mm\u0259dov m\u0259n\u0259 iki kart uzatd\u0131. Birind\u0259n pulu rahat \u015f\u0259kild\u0259 \u00e7\u0259kib kartla birlikd\u0259 \u00f6z\u00fcn\u0259 qaytard\u0131m, dig\u0259r kart\u0131 daxil edib \u0259m\u0259liyyat\u0131 aparsam da, pul \u00e7\u0131xmad\u0131 v\u0259 m\u0259n kart\u0131 onun \u00f6z\u00fcn\u0259 qaytararaq n\u00f6vb\u0259d\u0259ki dig\u0259r insanlar \u00fc\u00e7\u00fcn pullar\u0131n\u0131 \u00e7\u0131xar\u0131b \u00f6zl\u0259rin\u0259 verm\u0259kd\u0259 davam etdim. Ev\u0259 qay\u0131dandan az sonra Namik M\u0259mm\u0259dov biz\u0259 g\u0259ldi, bildirdi ki, pulun \u00fcst\u00fcnd\u0259n 234 manat \u00e7atm\u0131r. Ona bildirdim ki, m\u0259n pulu \u00e7\u0131xarma\u011fa c\u0259hd ets\u0259m d\u0259, pul \u00e7\u0131xmad\u0131. Ya \u201cKapitalbank\u201da yax\u0131nla\u015fs\u0131n, ya da m\u0259nd\u0259n \u015f\u00fcbh\u0259si varsa, polis\u0259 m\u00fcraci\u0259t etsin, qoy polis g\u00f6r\u00fcnt\u00fcl\u0259r\u0259 baxs\u0131n\u201d.\n<\/p>\n<p>\n  <b><br \/>\n    \u201cBir aydan sonra qap\u0131ya polis g\u0259ldi\u201d<br \/>\n  <\/b>\n<\/p>\n<p>\n  Ziyatay Bayramovun s\u00f6zl\u0259rin\u0259 g\u00f6r\u0259, hadis\u0259 mart\u0131n 13-d\u0259 olsa da, bir ay yar\u0131m sonra \u2013 aprelin 30-da ya\u015fad\u0131\u011f\u0131 \u00fcnvana Lerik rayon Polis \u015e\u00f6b\u0259sinin \u0259m\u0259kda\u015flar\u0131 g\u0259l\u0259nd\u0259 Namik M\u0259mm\u0259dovun polis\u0259 m\u00fcraci\u0259t etm\u0259sind\u0259n x\u0259b\u0259r tutub:\n<\/p>\n<p>\n  \u201c\u015e\u0259k\u0259r x\u0259st\u0259si olan ah\u0131l ya\u015fl\u0131 atam\u0131 da, m\u0259ni d\u0259 polis \u015f\u00f6b\u0259sin\u0259 apard\u0131lar. M\u0259niml\u0259 b\u0259rab\u0259r onu da saatlarla \u015f\u00f6b\u0259d\u0259 saxlad\u0131lar. M\u0259n\u0259 bildirdil\u0259r ki, bar\u0259nd\u0259 \u015fikay\u0259t var, bankomatdan pul o\u011furlam\u0131san. Bankomat\u0131n kameras\u0131ndak\u0131 g\u00f6r\u00fcnt\u00fcl\u0259r\u0259, \u0259lav\u0259 olaraq, bankomatla \u00fczb\u0259\u00fcz marketin \u00fcz\u0259rind\u0259ki iki kameran\u0131n g\u00f6r\u00fcnt\u00fcl\u0259rin\u0259 d\u0259 bax\u0131lmas\u0131n\u0131 ist\u0259dim. T\u0259hqiqat\u00e7\u0131 yaln\u0131z bankomat\u0131n \u00fcz\u0259rind\u0259ki kameran\u0131n g\u00f6r\u00fcnt\u00fcl\u0259rini \u0259sas g\u00f6t\u00fcrd\u00fc. O g\u00f6r\u00fcnt\u00fcd\u0259 is\u0259 m\u0259nim Namik M\u0259mm\u0259dovun iki kart\u0131ndan birincisind\u0259n pulu \u00e7\u0131xar\u0131b \u00f6z\u00fcn\u0259 verdiyim vard\u0131, ikinci kart\u0131 bankomata daxil etdiyim hiss\u0259ni \u00f6zl\u0259ri silmi\u015fdi. Bir daha t\u0259l\u0259b etdim ki, marketin qar\u015f\u0131s\u0131ndak\u0131 g\u00f6r\u00fcnt\u00fcl\u0259r\u0259 d\u0259 bax\u0131ls\u0131n, ancaq t\u0259hqiqat\u00e7\u0131 t\u0259l\u0259bimi yerin\u0259 yetirm\u0259di, materiallar\u0131 istintaqa g\u00f6nd\u0259rdi\u201d.\n<\/p>\n<p>\n  <b><br \/>\n    \u201cHakim v\u0259sat\u0259tl\u0259rimi q\u0259bul etm\u0259di\u201d<br \/>\n  <\/b>\n<\/p>\n<p>\n  Ziyatay Bayramov deyir, istintaq vaxt\u0131 da marketin qar\u015f\u0131s\u0131ndak\u0131 kameralar\u0131n yadda\u015f\u0131na bax\u0131lmas\u0131n\u0131 ist\u0259yib, ancaq t\u0259min olunmay\u0131b. Ona qar\u015f\u0131 Cinay\u0259t M\u0259c\u0259ll\u0259sinin 177.2.3-1 (Elektron m\u0259lumat da\u015f\u0131y\u0131c\u0131lar\u0131ndan, yaxud informasiya texnologiyalar\u0131ndan istifad\u0259 edilm\u0259kl\u0259 o\u011furluq) madd\u0259si il\u0259 cinay\u0259t i\u015fi ba\u015flan\u0131b. Daha sonra m\u0259hk\u0259m\u0259 qar\u015f\u0131s\u0131na \u00e7\u0131xar\u0131l\u0131b:\n<\/p>\n<p>\n  \u201cH\u0259l\u0259 i\u015f polisd\u0259 olanda m\u0259n Ba\u015f Prokurorlu\u011fa, Daxili \u0130\u015fl\u0259r Nazirliyin\u0259 m\u00fcraci\u0259t etmi\u015fdim ki, i\u015f\u0259 \u0259lav\u0259 olunan videog\u00f6r\u00fcnt\u00fcn\u00fcn ekspertizas\u0131 ke\u00e7irilsin. \u00c7\u00fcnki dediyim kimi, g\u00f6r\u00fcnt\u00fcn\u00fcn m\u0259nim b\u0259ra\u0259tim\u0259 yegan\u0259 s\u0259b\u0259b ola bil\u0259c\u0259k hiss\u0259si \u2013 Namik M\u0259mm\u0259dovun kart\u0131ndan pul \u00e7\u0131xarma\u011fa \u00e7al\u0131\u015fark\u0259n ba\u015f ver\u0259nl\u0259r silinmi\u015fdi v\u0259 ekspertiza yolu il\u0259 bunu m\u00fc\u0259yy\u0259n etm\u0259k iki vur iki idi. Bununla ba\u011fl\u0131 m\u0259hk\u0259m\u0259nin ilk g\u00fcn\u00fcnd\u0259n hakim Atab\u0259y Ki\u00e7ib\u0259yova da v\u0259sat\u0259tl\u0259r t\u0259qdim etdim. H\u0259m g\u00f6r\u00fcnt\u00fcn\u00fcn ekspertizas\u0131n\u0131, h\u0259m d\u0259 \u00fczb\u0259\u00fcz marketin qar\u015f\u0131s\u0131ndak\u0131 kameralar\u0131n yadda\u015f\u0131na bax\u0131lmas\u0131n\u0131 t\u0259l\u0259b etdim. V\u0259sat\u0259tl\u0259rim t\u0259min olunmad\u0131. V\u0259sat\u0259tl\u0259ri m\u0259hk\u0259m\u0259nin d\u0259ft\u0259rxanas\u0131nda da m\u0259nd\u0259n q\u0259bul etm\u0259dil\u0259r. M\u0259hk\u0259m\u0259 iclas\u0131ndan \u00e7\u0131xandan sonra h\u0259min v\u0259sat\u0259tl\u0259rimi m\u0259hk\u0259m\u0259y\u0259 po\u00e7t vasit\u0259siyl\u0259 g\u00f6nd\u0259rdim, yen\u0259 xeyri olmad\u0131\u201c.\n<\/p>\n<p>\n  <b><br \/>\n    \u201c\u0130fad\u0259l\u0259r saxtala\u015fd\u0131r\u0131l\u0131b\u201d<br \/>\n  <\/b>\n<\/p>\n<p>\n  Ziyatay Bayramovun dem\u0259sin\u0259 g\u00f6r\u0259, h\u0259m onun, h\u0259m d\u0259 z\u0259r\u0259r\u00e7\u0259kmi\u015f kimi dindirilmi\u015f Namik M\u0259mm\u0259dovun ifad\u0259l\u0259ri saxtala\u015fd\u0131r\u0131l\u0131b:\n<\/p>\n<p>\n  \u201cNamik M\u0259mm\u0259dov m\u0259hk\u0259m\u0259d\u0259 dedi ki, bir k\u0259ndin adamlar\u0131y\u0131q v\u0259 m\u0259nim bu adamdan \u015fikay\u0259tim yoxdur. \u018fvv\u0259l \u015f\u00fcbh\u0259l\u0259ns\u0259m d\u0259, sonra anlad\u0131m ki, g\u00fcnahs\u0131zd\u0131r. Polis\u0259 is\u0259 ona g\u00f6r\u0259 m\u00fcraci\u0259t etdim ki, kamera a\u00e7\u0131ls\u0131n v\u0259 pulun aparatdan kim t\u0259r\u0259find\u0259n \u00e7\u0259kildiyi bilinsin. Bils\u0259ydim polis bu o\u011flan\u0131n yaxas\u0131ndan yap\u0131\u015facaq, i\u015f bu yer\u0259 \u00e7atacaq, q\u0259tiyy\u0259n polis\u0259 m\u00fcraci\u0259t etm\u0259zdim. Ancaq h\u00f6km s\u0259n\u0259di biz\u0259 veril\u0259nd\u0259 baxd\u0131q ki, tamamil\u0259 ba\u015fqa \u015feyl\u0259r yaz\u0131l\u0131b. Guya m\u0259n t\u0259qsirimi etiraf etmi\u015f\u0259m, m\u0259hk\u0259m\u0259 ifad\u0259md\u0259 g\u00f6st\u0259rmi\u015f\u0259m ki, \u0259vv\u0259l el\u0259 bilmi\u015f\u0259m ki, pulu \u00e7\u0131xar\u0131b ba\u015fqas\u0131na vermi\u015f\u0259m, ancaq sonra cibimd\u0259n tap\u0131l\u0131b. Guya pul m\u0259nim evimd\u0259ki penc\u0259yimin cibind\u0259n tap\u0131l\u0131b. Halbuki, polis biz\u0259 dediyim kimi, ayyar\u0131mdan sonra g\u0259lib v\u0259 m\u0259ni \u015f\u00f6b\u0259y\u0259 apar\u0131b. Namik M\u0259mm\u0259dovun da ifad\u0259si saxtala\u015fd\u0131r\u0131l\u0131b. Guya o, ifad\u0259sind\u0259 pulun m\u0259nim t\u0259r\u0259fimd\u0259n o\u011furland\u0131\u011f\u0131n\u0131 bildirib\u201d.\n<\/p>\n<p>\n  Lerik Rayon Polis \u015e\u00f6b\u0259sind\u0259n Meydan TV-y\u0259 bildirilib ki, bu i\u015f \u00fczr\u0259 m\u0259hk\u0259m\u0259 ke\u00e7irilib v\u0259 m\u0259hk\u0259m\u0259 Ziyatay Bayramovun \u0259m\u0259lin\u0259 h\u00fcquqi qiym\u0259t verib. Ona g\u00f6r\u0259 d\u0259 h\u0259r hans\u0131 a\u00e7\u0131qlama ver\u0259 bilm\u0259zl\u0259r.\n<\/p>\n<p>\n  Ziyatay Bayramov Lerik Rayon M\u0259hk\u0259m\u0259sinin h\u00f6km\u00fcnd\u0259n \u015eirvan Apelyasiya M\u0259hk\u0259m\u0259sin\u0259 apelyasiya \u015fikay\u0259ti verib. Yax\u0131n g\u00fcnl\u0259rd\u0259 \u015fikay\u0259t\u0259 bax\u0131lacaq.<\/p>\n","protected":false},"excerpt":{"rendered":"<p>Lerik sakini k\u00f6m\u0259k edib, \u015f\u0259rl\u0259ndiyini deyir<\/p>\n","protected":false},"author":11,"featured_media":157889,"comment_status":"closed","ping_status":"open","sticky":false,"template":"","format":"standard","meta":{"_acf_changed":false,"_sitemap_exclude":false,"_sitemap_priority":"","_sitemap_frequency":"","footnotes":""},"categories":[60],"tags":[],"class_list":["post-205420","post","type-post","status-publish","format-standard","has-post-thumbnail","hentry","category-bolge","infinite-scroll-item","generate-columns","tablet-grid-50","mobile-grid-100","grid-parent","grid-33","no-featured-image-padding"],"acf":[],"yoast_head":"<!-- This site is optimized with the Yoast SEO plugin v27.5 - https:\/\/yoast.com\/product\/yoast-seo-wordpress\/ -->\n<title>\u201cPolis m\u0259ni \u015f\u0259rl\u0259di, m\u0259hk\u0259m\u0259 is\u0259 m\u0259hkum etdi\u201d - MEYDAN.TV<\/title>\n<meta name=\"robots\" content=\"index, follow, max-snippet:-1, max-image-preview:large, max-video-preview:-1\" \/>\n<link rel=\"canonical\" href=\"https:\/\/www.meydan.tv\/az\/article\/polis-meni-serledi-mehkeme-ise-mehkum-etdi\/\" \/>\n<meta property=\"og:locale\" content=\"az_AZ\" \/>\n<meta property=\"og:type\" content=\"article\" \/>\n<meta property=\"og:title\" content=\"\u201cPolis m\u0259ni \u015f\u0259rl\u0259di, m\u0259hk\u0259m\u0259 is\u0259 m\u0259hkum etdi\u201d - MEYDAN.TV\" \/>\n<meta property=\"og:description\" content=\"Lerik sakini k\u00f6m\u0259k edib, \u015f\u0259rl\u0259ndiyini deyir\" \/>\n<meta property=\"og:url\" content=\"https:\/\/www.meydan.tv\/az\/article\/polis-meni-serledi-mehkeme-ise-mehkum-etdi\/\" \/>\n<meta property=\"og:site_name\" content=\"MEYDAN.TV\" \/>\n<meta property=\"article:published_time\" content=\"2021-03-18T13:34:06+00:00\" \/>\n<meta property=\"og:image\" content=\"https:\/\/www.meydan.tv\/wp-content\/uploads\/photo-2021-03-18-16-27-56.jpg\" \/>\n\t<meta property=\"og:image:width\" content=\"1280\" \/>\n\t<meta property=\"og:image:height\" content=\"960\" \/>\n\t<meta property=\"og:image:type\" content=\"image\/jpeg\" \/>\n<meta name=\"author\" content=\"user-manager\" \/>\n<meta name=\"twitter:card\" content=\"summary_large_image\" \/>\n<script type=\"application\/ld+json\" class=\"yoast-schema-graph\">{\"@context\":\"https:\\\/\\\/schema.org\",\"@graph\":[{\"@type\":\"Article\",\"@id\":\"https:\\\/\\\/www.meydan.tv\\\/az\\\/article\\\/polis-meni-serledi-mehkeme-ise-mehkum-etdi\\\/#article\",\"isPartOf\":{\"@id\":\"https:\\\/\\\/www.meydan.tv\\\/az\\\/article\\\/polis-meni-serledi-mehkeme-ise-mehkum-etdi\\\/\"},\"author\":{\"name\":\"user-manager\",\"@id\":\"https:\\\/\\\/www.meydan.tv\\\/az\\\/#\\\/schema\\\/person\\\/10d11eccf6da3662cf5fdab9806ea91a\"},\"headline\":\"\u201cPolis m\u0259ni \u015f\u0259rl\u0259di, m\u0259hk\u0259m\u0259 is\u0259 m\u0259hkum etdi\u201d\",\"datePublished\":\"2021-03-18T13:34:06+00:00\",\"mainEntityOfPage\":{\"@id\":\"https:\\\/\\\/www.meydan.tv\\\/az\\\/article\\\/polis-meni-serledi-mehkeme-ise-mehkum-etdi\\\/\"},\"wordCount\":1185,\"publisher\":{\"@id\":\"https:\\\/\\\/www.meydan.tv\\\/az\\\/#organization\"},\"image\":{\"@id\":\"https:\\\/\\\/www.meydan.tv\\\/az\\\/article\\\/polis-meni-serledi-mehkeme-ise-mehkum-etdi\\\/#primaryimage\"},\"thumbnailUrl\":\"https:\\\/\\\/www.meydan.tv\\\/wp-content\\\/uploads\\\/photo-2021-03-18-16-27-56.jpg\",\"articleSection\":[\"B\u00f6lg\u0259\"],\"inLanguage\":\"az\"},{\"@type\":\"WebPage\",\"@id\":\"https:\\\/\\\/www.meydan.tv\\\/az\\\/article\\\/polis-meni-serledi-mehkeme-ise-mehkum-etdi\\\/\",\"url\":\"https:\\\/\\\/www.meydan.tv\\\/az\\\/article\\\/polis-meni-serledi-mehkeme-ise-mehkum-etdi\\\/\",\"name\":\"\u201cPolis m\u0259ni \u015f\u0259rl\u0259di, m\u0259hk\u0259m\u0259 is\u0259 m\u0259hkum etdi\u201d - MEYDAN.TV\",\"isPartOf\":{\"@id\":\"https:\\\/\\\/www.meydan.tv\\\/az\\\/#website\"},\"primaryImageOfPage\":{\"@id\":\"https:\\\/\\\/www.meydan.tv\\\/az\\\/article\\\/polis-meni-serledi-mehkeme-ise-mehkum-etdi\\\/#primaryimage\"},\"image\":{\"@id\":\"https:\\\/\\\/www.meydan.tv\\\/az\\\/article\\\/polis-meni-serledi-mehkeme-ise-mehkum-etdi\\\/#primaryimage\"},\"thumbnailUrl\":\"https:\\\/\\\/www.meydan.tv\\\/wp-content\\\/uploads\\\/photo-2021-03-18-16-27-56.jpg\",\"datePublished\":\"2021-03-18T13:34:06+00:00\",\"breadcrumb\":{\"@id\":\"https:\\\/\\\/www.meydan.tv\\\/az\\\/article\\\/polis-meni-serledi-mehkeme-ise-mehkum-etdi\\\/#breadcrumb\"},\"inLanguage\":\"az\",\"potentialAction\":[{\"@type\":\"ReadAction\",\"target\":[\"https:\\\/\\\/www.meydan.tv\\\/az\\\/article\\\/polis-meni-serledi-mehkeme-ise-mehkum-etdi\\\/\"]}]},{\"@type\":\"ImageObject\",\"inLanguage\":\"az\",\"@id\":\"https:\\\/\\\/www.meydan.tv\\\/az\\\/article\\\/polis-meni-serledi-mehkeme-ise-mehkum-etdi\\\/#primaryimage\",\"url\":\"https:\\\/\\\/www.meydan.tv\\\/wp-content\\\/uploads\\\/photo-2021-03-18-16-27-56.jpg\",\"contentUrl\":\"https:\\\/\\\/www.meydan.tv\\\/wp-content\\\/uploads\\\/photo-2021-03-18-16-27-56.jpg\",\"width\":1280,\"height\":960,\"caption\":\"Source: Meydan Tv\"},{\"@type\":\"BreadcrumbList\",\"@id\":\"https:\\\/\\\/www.meydan.tv\\\/az\\\/article\\\/polis-meni-serledi-mehkeme-ise-mehkum-etdi\\\/#breadcrumb\",\"itemListElement\":[{\"@type\":\"ListItem\",\"position\":1,\"name\":\"Ana s\u0259hif\u0259\",\"item\":\"https:\\\/\\\/www.meydan.tv\\\/az\\\/\"},{\"@type\":\"ListItem\",\"position\":2,\"name\":\"B\u00f6lg\u0259\",\"item\":\"https:\\\/\\\/www.meydan.tv\\\/az\\\/section\\\/bolge\\\/\"},{\"@type\":\"ListItem\",\"position\":3,\"name\":\"\u201cPolis m\u0259ni \u015f\u0259rl\u0259di, m\u0259hk\u0259m\u0259 is\u0259 m\u0259hkum etdi\u201d\"}]},{\"@type\":\"WebSite\",\"@id\":\"https:\\\/\\\/www.meydan.tv\\\/az\\\/#website\",\"url\":\"https:\\\/\\\/www.meydan.tv\\\/az\\\/\",\"name\":\"MEYDAN.TV\",\"description\":\"Meydan TV Az\u0259rbaycan\u0131n media m\u0259kan\u0131ndak\u0131 alternativ s\u0259sidir\",\"publisher\":{\"@id\":\"https:\\\/\\\/www.meydan.tv\\\/az\\\/#organization\"},\"potentialAction\":[{\"@type\":\"SearchAction\",\"target\":{\"@type\":\"EntryPoint\",\"urlTemplate\":\"https:\\\/\\\/www.meydan.tv\\\/az\\\/?s={search_term_string}\"},\"query-input\":{\"@type\":\"PropertyValueSpecification\",\"valueRequired\":true,\"valueName\":\"search_term_string\"}}],\"inLanguage\":\"az\"},{\"@type\":\"Organization\",\"@id\":\"https:\\\/\\\/www.meydan.tv\\\/az\\\/#organization\",\"name\":\"Meydan TV\",\"url\":\"https:\\\/\\\/www.meydan.tv\\\/az\\\/\",\"logo\":{\"@type\":\"ImageObject\",\"inLanguage\":\"az\",\"@id\":\"https:\\\/\\\/www.meydan.tv\\\/az\\\/#\\\/schema\\\/logo\\\/image\\\/\",\"url\":\"https:\\\/\\\/www.meydan.tv\\\/wp-content\\\/uploads\\\/2021\\\/07\\\/meydan-logo.svg\",\"contentUrl\":\"https:\\\/\\\/www.meydan.tv\\\/wp-content\\\/uploads\\\/2021\\\/07\\\/meydan-logo.svg\",\"width\":195,\"height\":46,\"caption\":\"Meydan TV\"},\"image\":{\"@id\":\"https:\\\/\\\/www.meydan.tv\\\/az\\\/#\\\/schema\\\/logo\\\/image\\\/\"}},{\"@type\":\"Person\",\"@id\":\"https:\\\/\\\/www.meydan.tv\\\/az\\\/#\\\/schema\\\/person\\\/10d11eccf6da3662cf5fdab9806ea91a\",\"name\":\"user-manager\"}]}<\/script>\n<!-- \/ Yoast SEO plugin. -->","yoast_head_json":{"title":"\u201cPolis m\u0259ni \u015f\u0259rl\u0259di, m\u0259hk\u0259m\u0259 is\u0259 m\u0259hkum etdi\u201d - MEYDAN.TV","robots":{"index":"index","follow":"follow","max-snippet":"max-snippet:-1","max-image-preview":"max-image-preview:large","max-video-preview":"max-video-preview:-1"},"canonical":"https:\/\/www.meydan.tv\/az\/article\/polis-meni-serledi-mehkeme-ise-mehkum-etdi\/","og_locale":"az_AZ","og_type":"article","og_title":"\u201cPolis m\u0259ni \u015f\u0259rl\u0259di, m\u0259hk\u0259m\u0259 is\u0259 m\u0259hkum etdi\u201d - MEYDAN.TV","og_description":"Lerik sakini k\u00f6m\u0259k edib, \u015f\u0259rl\u0259ndiyini deyir","og_url":"https:\/\/www.meydan.tv\/az\/article\/polis-meni-serledi-mehkeme-ise-mehkum-etdi\/","og_site_name":"MEYDAN.TV","article_published_time":"2021-03-18T13:34:06+00:00","og_image":[{"width":1280,"height":960,"url":"https:\/\/www.meydan.tv\/wp-content\/uploads\/photo-2021-03-18-16-27-56.jpg","type":"image\/jpeg"}],"author":"user-manager","twitter_card":"summary_large_image","schema":{"@context":"https:\/\/schema.org","@graph":[{"@type":"Article","@id":"https:\/\/www.meydan.tv\/az\/article\/polis-meni-serledi-mehkeme-ise-mehkum-etdi\/#article","isPartOf":{"@id":"https:\/\/www.meydan.tv\/az\/article\/polis-meni-serledi-mehkeme-ise-mehkum-etdi\/"},"author":{"name":"user-manager","@id":"https:\/\/www.meydan.tv\/az\/#\/schema\/person\/10d11eccf6da3662cf5fdab9806ea91a"},"headline":"\u201cPolis m\u0259ni \u015f\u0259rl\u0259di, m\u0259hk\u0259m\u0259 is\u0259 m\u0259hkum etdi\u201d","datePublished":"2021-03-18T13:34:06+00:00","mainEntityOfPage":{"@id":"https:\/\/www.meydan.tv\/az\/article\/polis-meni-serledi-mehkeme-ise-mehkum-etdi\/"},"wordCount":1185,"publisher":{"@id":"https:\/\/www.meydan.tv\/az\/#organization"},"image":{"@id":"https:\/\/www.meydan.tv\/az\/article\/polis-meni-serledi-mehkeme-ise-mehkum-etdi\/#primaryimage"},"thumbnailUrl":"https:\/\/www.meydan.tv\/wp-content\/uploads\/photo-2021-03-18-16-27-56.jpg","articleSection":["B\u00f6lg\u0259"],"inLanguage":"az"},{"@type":"WebPage","@id":"https:\/\/www.meydan.tv\/az\/article\/polis-meni-serledi-mehkeme-ise-mehkum-etdi\/","url":"https:\/\/www.meydan.tv\/az\/article\/polis-meni-serledi-mehkeme-ise-mehkum-etdi\/","name":"\u201cPolis m\u0259ni \u015f\u0259rl\u0259di, m\u0259hk\u0259m\u0259 is\u0259 m\u0259hkum etdi\u201d - MEYDAN.TV","isPartOf":{"@id":"https:\/\/www.meydan.tv\/az\/#website"},"primaryImageOfPage":{"@id":"https:\/\/www.meydan.tv\/az\/article\/polis-meni-serledi-mehkeme-ise-mehkum-etdi\/#primaryimage"},"image":{"@id":"https:\/\/www.meydan.tv\/az\/article\/polis-meni-serledi-mehkeme-ise-mehkum-etdi\/#primaryimage"},"thumbnailUrl":"https:\/\/www.meydan.tv\/wp-content\/uploads\/photo-2021-03-18-16-27-56.jpg","datePublished":"2021-03-18T13:34:06+00:00","breadcrumb":{"@id":"https:\/\/www.meydan.tv\/az\/article\/polis-meni-serledi-mehkeme-ise-mehkum-etdi\/#breadcrumb"},"inLanguage":"az","potentialAction":[{"@type":"ReadAction","target":["https:\/\/www.meydan.tv\/az\/article\/polis-meni-serledi-mehkeme-ise-mehkum-etdi\/"]}]},{"@type":"ImageObject","inLanguage":"az","@id":"https:\/\/www.meydan.tv\/az\/article\/polis-meni-serledi-mehkeme-ise-mehkum-etdi\/#primaryimage","url":"https:\/\/www.meydan.tv\/wp-content\/uploads\/photo-2021-03-18-16-27-56.jpg","contentUrl":"https:\/\/www.meydan.tv\/wp-content\/uploads\/photo-2021-03-18-16-27-56.jpg","width":1280,"height":960,"caption":"Source: Meydan Tv"},{"@type":"BreadcrumbList","@id":"https:\/\/www.meydan.tv\/az\/article\/polis-meni-serledi-mehkeme-ise-mehkum-etdi\/#breadcrumb","itemListElement":[{"@type":"ListItem","position":1,"name":"Ana s\u0259hif\u0259","item":"https:\/\/www.meydan.tv\/az\/"},{"@type":"ListItem","position":2,"name":"B\u00f6lg\u0259","item":"https:\/\/www.meydan.tv\/az\/section\/bolge\/"},{"@type":"ListItem","position":3,"name":"\u201cPolis m\u0259ni \u015f\u0259rl\u0259di, m\u0259hk\u0259m\u0259 is\u0259 m\u0259hkum etdi\u201d"}]},{"@type":"WebSite","@id":"https:\/\/www.meydan.tv\/az\/#website","url":"https:\/\/www.meydan.tv\/az\/","name":"MEYDAN.TV","description":"Meydan TV Az\u0259rbaycan\u0131n media m\u0259kan\u0131ndak\u0131 alternativ s\u0259sidir","publisher":{"@id":"https:\/\/www.meydan.tv\/az\/#organization"},"potentialAction":[{"@type":"SearchAction","target":{"@type":"EntryPoint","urlTemplate":"https:\/\/www.meydan.tv\/az\/?s={search_term_string}"},"query-input":{"@type":"PropertyValueSpecification","valueRequired":true,"valueName":"search_term_string"}}],"inLanguage":"az"},{"@type":"Organization","@id":"https:\/\/www.meydan.tv\/az\/#organization","name":"Meydan TV","url":"https:\/\/www.meydan.tv\/az\/","logo":{"@type":"ImageObject","inLanguage":"az","@id":"https:\/\/www.meydan.tv\/az\/#\/schema\/logo\/image\/","url":"https:\/\/www.meydan.tv\/wp-content\/uploads\/2021\/07\/meydan-logo.svg","contentUrl":"https:\/\/www.meydan.tv\/wp-content\/uploads\/2021\/07\/meydan-logo.svg","width":195,"height":46,"caption":"Meydan TV"},"image":{"@id":"https:\/\/www.meydan.tv\/az\/#\/schema\/logo\/image\/"}},{"@type":"Person","@id":"https:\/\/www.meydan.tv\/az\/#\/schema\/person\/10d11eccf6da3662cf5fdab9806ea91a","name":"user-manager"}]}},"_links":{"self":[{"href":"https:\/\/www.meydan.tv\/az\/wp-json\/wp\/v2\/posts\/205420","targetHints":{"allow":["GET"]}}],"collection":[{"href":"https:\/\/www.meydan.tv\/az\/wp-json\/wp\/v2\/posts"}],"about":[{"href":"https:\/\/www.meydan.tv\/az\/wp-json\/wp\/v2\/types\/post"}],"author":[{"embeddable":true,"href":"https:\/\/www.meydan.tv\/az\/wp-json\/wp\/v2\/users\/11"}],"replies":[{"embeddable":true,"href":"https:\/\/www.meydan.tv\/az\/wp-json\/wp\/v2\/comments?post=205420"}],"version-history":[{"count":0,"href":"https:\/\/www.meydan.tv\/az\/wp-json\/wp\/v2\/posts\/205420\/revisions"}],"wp:featuredmedia":[{"embeddable":true,"href":"https:\/\/www.meydan.tv\/az\/wp-json\/wp\/v2\/media\/157889"}],"wp:attachment":[{"href":"https:\/\/www.meydan.tv\/az\/wp-json\/wp\/v2\/media?parent=205420"}],"wp:term":[{"taxonomy":"category","embeddable":true,"href":"https:\/\/www.meydan.tv\/az\/wp-json\/wp\/v2\/categories?post=205420"},{"taxonomy":"post_tag","embeddable":true,"href":"https:\/\/www.meydan.tv\/az\/wp-json\/wp\/v2\/tags?post=205420"}],"curies":[{"name":"wp","href":"https:\/\/api.w.org\/{rel}","templated":true}]}}