{"id":205400,"date":"2021-03-17T11:22:57","date_gmt":"2021-03-17T11:22:57","guid":{"rendered":"https:\/\/www.meydan.tv\/article\/digah-kendindeki-yeni-mehellenin-sakinlerinden-qaz-yol-telebi\/"},"modified":"2021-03-17T11:22:57","modified_gmt":"2021-03-17T11:22:57","slug":"digah-kendindeki-yeni-mehellenin-sakinlerinden-qaz-yol-telebi","status":"publish","type":"post","link":"https:\/\/www.meydan.tv\/az\/article\/digah-kendindeki-yeni-mehellenin-sakinlerinden-qaz-yol-telebi\/","title":{"rendered":"Digah k\u0259ndind\u0259ki yeni m\u0259h\u0259ll\u0259nin sakinl\u0259rind\u0259n qaz, yol t\u0259l\u0259bi"},"content":{"rendered":"<p>\n  \u0130cra hakimiyy\u0259ti is\u0259 deyir, yeni m\u0259h\u0259ll\u0259l\u0259rin qazla\u015fd\u0131r\u0131lmas\u0131na h\u0259l\u0259 var\n<\/p>\n<p>\n  \u201cAna x\u0259tt L\u0259nk\u0259ran-Bak\u0131 yolunun k\u0259nar\u0131ndan ke\u00e7ir. Orayla m\u0259h\u0259ll\u0259miz aras\u0131nda az\u0131 400 metr m\u0259saf\u0259 var. H\u0259m bizim, h\u0259m d\u0259 qon\u015fu m\u0259h\u0259ll\u0259l\u0259rin sakinl\u0259ri evl\u0259rin\u0259 qaz\u0131 \u00f6z hesablar\u0131na \u00e7\u0259kib. Ancaq buna imkan\u0131 olmayanlar da var. Dig\u0259r t\u0259r\u0259fd\u0259ns\u0259, \u00f6z hesab\u0131m\u0131za \u00e7\u0259kdirdiyimiz qaz x\u0259tl\u0259rin\u0259 d\u0259 d\u00f6vl\u0259t g\u0259lib \u015f\u0259rik \u00e7\u0131x\u0131r. Yerli qaz idar\u0259si x\u0259ttimizd\u0259n g\u00f6t\u00fcr\u00fcb veteranlara tikdiyi evl\u0259r\u0259 qaz \u00e7\u0259kib. Y\u0259ni bizim m\u0259h\u0259ll\u0259d\u0259 h\u0259r \u015fey t\u0259rsin\u0259dir, d\u00f6vl\u0259t v\u0259t\u0259nda\u015f\u0131 t\u0259min etm\u0259kd\u0259n, g\u0259lib v\u0259t\u0259nda\u015f\u0131n \u0259ziyy\u0259tl\u0259 qurub-yaratd\u0131\u011f\u0131na \u015f\u0259rik \u00e7\u0131x\u0131r\u201d.\n<\/p>\n<p>\n  L\u0259nk\u0259ran\u0131n Digah k\u0259ndind\u0259ki 18-ci m\u0259h\u0259ll\u0259nin sakinil\u0259ri yerli qaz idar\u0259sind\u0259n \u015fikay\u0259t\u00e7idir. Onlar\u0131n gileyi ill\u0259rdir ki, m\u0259h\u0259ll\u0259y\u0259 qaz x\u0259tti \u00e7\u0259kilm\u0259m\u0259sind\u0259n v\u0259 yolsuzluqdand\u0131r.\n<\/p>\n<p>\n  <b><br \/>\n    \u201c\u0130mkan\u0131 olan \u00f6z\u00fc x\u0259tt \u00e7\u0259kdirib\u201d<br \/>\n  <\/b>\n<\/p>\n<p>\n  18-ci m\u0259h\u0259ll\u0259 17 il \u0259vv\u0259l sal\u0131n\u0131b. M\u0259h\u0259ll\u0259d\u0259 40-dan \u00e7ox ev var. Sakinl\u0259r deyir, qaz x\u0259tti v\u0259 yollar\u0131n t\u0259miri \u00fc\u00e7\u00fcn ill\u0259rdir ki, d\u00f6ym\u0259dikl\u0259ri qap\u0131 qalmay\u0131b:\n<\/p>\n<p>\n  \u201cBurada ilk ev tik\u0259nl\u0259rd\u0259n biri m\u0259n olmu\u015fam. \u0130ll\u0259rdir ki, qaz x\u0259tti aidiyy\u0259ti qurumlar\u0131n qap\u0131lar\u0131nda qalm\u0131\u015f\u0131q. \u0130mkan\u0131 olan \u00f6z hesab\u0131na ordan-burdan qaz x\u0259tti \u00e7\u0259kib g\u0259tirib evin\u0259&#8230; Ona da d\u00f6vl\u0259t \u0259lini qoyur. Bir ay \u0259vv\u0259l yerli qaz idar\u0259sinin i\u015f\u00e7il\u0259ri g\u0259lib nazik qaz x\u0259ttini d\u0259lib ba\u015fqa x\u0259tt qo\u015fdular. M\u0259lum oldu ki, m\u0259h\u0259ll\u0259d\u0259 Birinci Qaraba\u011f M\u00fcharib\u0259sinin iki i\u015ftirak\u00e7\u0131s\u0131na iki ev tikilib, d\u00f6vl\u0259t h\u0259min evl\u0259rin qaz problemini bizim hesab\u0131m\u0131za h\u0259ll etm\u0259yi q\u0259rara al\u0131b\u201d.\n<\/p>\n<p>\n  <b><br \/>\n    \u201cQaz\u0131n t\u0259zyiqi a\u015fa\u011f\u0131 d\u00fc\u015f\u00fcb\u201d<br \/>\n  <\/b>\n<\/p>\n<p>\n  \u015eikay\u0259t\u00e7i deyir, qaz x\u0259ttin\u0259 \u0259lav\u0259 qo\u015fmalar oldu\u011fundan qaz\u0131n t\u0259zyiqi tamamil\u0259 a\u015fa\u011f\u0131 d\u00fc\u015f\u00fcb:\n<\/p>\n<p>\n  \u201cBorcla-x\u0259rcl\u0259 uzaqdan evim\u0259 x\u0259tt \u00e7\u0259kib g\u0259tirmi\u015f\u0259m,ancaq bir ayd\u0131r ki, istifad\u0259 ed\u0259 bilmir\u0259m, t\u0259zyiq yoxdur. Min \u0259ziyy\u0259tl\u0259 qaz x\u0259tti \u00e7\u0259kmi\u015f\u0259m, bir d\u0259 gedib odun al\u0131b, istifad\u0259 etm\u0259liy\u0259m. Bel\u0259 g\u00fclm\u0259li bir v\u0259ziyy\u0259t yaran\u0131b. Harda yaz\u0131l\u0131b ki, v\u0259t\u0259nda\u015f\u0131n \u00f6z hesab\u0131na \u00e7\u0259kdirdiyi qaz x\u0259ttind\u0259n d\u00f6vl\u0259t g\u0259lib icaz\u0259siz, raz\u0131l\u0131qs\u0131z ba\u015fqa evl\u0259r\u0259 x\u0259tt \u00e7\u0259ksin?\u201d\n<\/p>\n<p>\n  Sakinl\u0259r m\u0259h\u0259ll\u0259y\u0259 yol \u00e7\u0259kilm\u0259sini d\u0259 arzulay\u0131rlar. Deyirl\u0259r, yayda toz-tozanaql\u0131, q\u0131\u015fda dizd\u0259n pal\u00e7\u0131q olan yollar\u0131n t\u0259miri \u00fc\u00e7\u00fcn b\u0259l\u0259diyy\u0259y\u0259 v\u0259 icra hakimiyy\u0259tin\u0259 m\u00fcraci\u0259t ets\u0259l\u0259r d\u0259, m\u00fcsb\u0259t cavab almay\u0131blar:\n<\/p>\n<p>\n  \u201cBurda ev tik\u0259nd\u0259 v\u0259d etmi\u015fdil\u0259r ki, yax\u0131n vaxtlarda hamar yolu olacaq, ancaq ill\u0259rdir ki, ya\u011f\u0131\u015f yaanda pal\u00e7\u0131qda dizin-dizin s\u00fcr\u00fcn\u00fcr\u00fck\u201d.\n<\/p>\n<p>\n  L\u0259nk\u0259ran \u015e\u0259h\u0259r \u0130cra Hakimiyy\u0259tind\u0259n Meydan TV-y\u0259 bildirilib ki, Digah k\u0259ndind\u0259ki yeni m\u0259h\u0259ll\u0259l\u0259rin qazla\u015fd\u0131r\u0131lmas\u0131 \u00fc\u00e7\u00fcn layih\u0259 haz\u0131rlansa da, h\u0259l\u0259 t\u0259sdiql\u0259nm\u0259yib.\n<\/p>\n<p>\n  \u201cM\u0259h\u0259ll\u0259l\u0259raras\u0131 yollar\u0131n t\u0259mir \u00fc\u00e7\u00fcns\u0259 sakinl\u0259r yerli k\u0259nd b\u0259l\u0259diyy\u0259sin\u0259 m\u00fcraci\u0259t etm\u0259lidil\u0259r\u201d, &#8211; qurumdan deyilib.\n<\/p>\n<figure class=\"wp-block-image size-large\">\n  <img decoding=\"async\" src=\"https:\/\/www.meydan.tv\/az\/photo-2021-03-17-00-53-30-jpg\/\" alt=\"PHOTO-2021-03-17-00-53-30.jpg\" class=\"wp-image-157838\"\/><figcaption>\n    K\u00fc\u00e7\u0259nin v\u0259ziyy\u0259ti<br \/>\n  <\/figcaption><\/figure>\n<figure class=\"wp-block-image size-large\">\n  <img decoding=\"async\" src=\"https:\/\/www.meydan.tv\/az\/untitled-design-2021-03-17t112221-750-png\/\" alt=\"Untitled design &#8211; 2021-03-17T112221.750.png\" class=\"wp-image-157841\"\/><figcaption>\n    K\u00fc\u00e7\u0259nin v\u0259ziyy\u0259ti<br \/>\n  <\/figcaption><\/figure>\n","protected":false},"excerpt":{"rendered":"<p>\u0130cra hakimiyy\u0259ti is\u0259 deyir, yeni m\u0259h\u0259ll\u0259l\u0259rin qazla\u015fd\u0131r\u0131lmas\u0131na h\u0259l\u0259 var<\/p>\n","protected":false},"author":11,"featured_media":157832,"comment_status":"closed","ping_status":"open","sticky":false,"template":"","format":"standard","meta":{"_acf_changed":false,"_sitemap_exclude":false,"_sitemap_priority":"","_sitemap_frequency":"","footnotes":""},"categories":[60],"tags":[],"class_list":["post-205400","post","type-post","status-publish","format-standard","has-post-thumbnail","hentry","category-bolge","infinite-scroll-item","generate-columns","tablet-grid-50","mobile-grid-100","grid-parent","grid-33","no-featured-image-padding"],"acf":[],"yoast_head":"<!-- This site is optimized with the Yoast SEO plugin v27.5 - https:\/\/yoast.com\/product\/yoast-seo-wordpress\/ -->\n<title>Digah k\u0259ndind\u0259ki yeni m\u0259h\u0259ll\u0259nin sakinl\u0259rind\u0259n qaz, yol t\u0259l\u0259bi - MEYDAN.TV<\/title>\n<meta name=\"robots\" content=\"index, follow, max-snippet:-1, max-image-preview:large, max-video-preview:-1\" \/>\n<link rel=\"canonical\" href=\"https:\/\/www.meydan.tv\/az\/article\/digah-kendindeki-yeni-mehellenin-sakinlerinden-qaz-yol-telebi\/\" \/>\n<meta property=\"og:locale\" content=\"az_AZ\" \/>\n<meta property=\"og:type\" content=\"article\" \/>\n<meta property=\"og:title\" content=\"Digah k\u0259ndind\u0259ki yeni m\u0259h\u0259ll\u0259nin sakinl\u0259rind\u0259n qaz, yol t\u0259l\u0259bi - MEYDAN.TV\" \/>\n<meta property=\"og:description\" content=\"\u0130cra hakimiyy\u0259ti is\u0259 deyir, yeni m\u0259h\u0259ll\u0259l\u0259rin qazla\u015fd\u0131r\u0131lmas\u0131na h\u0259l\u0259 var\" \/>\n<meta property=\"og:url\" content=\"https:\/\/www.meydan.tv\/az\/article\/digah-kendindeki-yeni-mehellenin-sakinlerinden-qaz-yol-telebi\/\" \/>\n<meta property=\"og:site_name\" content=\"MEYDAN.TV\" \/>\n<meta property=\"article:published_time\" content=\"2021-03-17T11:22:57+00:00\" \/>\n<meta property=\"og:image\" content=\"https:\/\/www.meydan.tv\/wp-content\/uploads\/untitled_design_-_2021-03-17t110708.047.png\" \/>\n\t<meta property=\"og:image:width\" content=\"1280\" \/>\n\t<meta property=\"og:image:height\" content=\"720\" \/>\n\t<meta property=\"og:image:type\" content=\"image\/png\" \/>\n<meta name=\"author\" content=\"user-manager\" \/>\n<meta name=\"twitter:card\" content=\"summary_large_image\" \/>\n<script type=\"application\/ld+json\" class=\"yoast-schema-graph\">{\"@context\":\"https:\\\/\\\/schema.org\",\"@graph\":[{\"@type\":\"Article\",\"@id\":\"https:\\\/\\\/www.meydan.tv\\\/az\\\/article\\\/digah-kendindeki-yeni-mehellenin-sakinlerinden-qaz-yol-telebi\\\/#article\",\"isPartOf\":{\"@id\":\"https:\\\/\\\/www.meydan.tv\\\/az\\\/article\\\/digah-kendindeki-yeni-mehellenin-sakinlerinden-qaz-yol-telebi\\\/\"},\"author\":{\"name\":\"user-manager\",\"@id\":\"https:\\\/\\\/www.meydan.tv\\\/az\\\/#\\\/schema\\\/person\\\/10d11eccf6da3662cf5fdab9806ea91a\"},\"headline\":\"Digah k\u0259ndind\u0259ki yeni m\u0259h\u0259ll\u0259nin sakinl\u0259rind\u0259n qaz, yol t\u0259l\u0259bi\",\"datePublished\":\"2021-03-17T11:22:57+00:00\",\"mainEntityOfPage\":{\"@id\":\"https:\\\/\\\/www.meydan.tv\\\/az\\\/article\\\/digah-kendindeki-yeni-mehellenin-sakinlerinden-qaz-yol-telebi\\\/\"},\"wordCount\":638,\"publisher\":{\"@id\":\"https:\\\/\\\/www.meydan.tv\\\/az\\\/#organization\"},\"image\":{\"@id\":\"https:\\\/\\\/www.meydan.tv\\\/az\\\/article\\\/digah-kendindeki-yeni-mehellenin-sakinlerinden-qaz-yol-telebi\\\/#primaryimage\"},\"thumbnailUrl\":\"https:\\\/\\\/www.meydan.tv\\\/wp-content\\\/uploads\\\/untitled_design_-_2021-03-17t110708.047.png\",\"articleSection\":[\"B\u00f6lg\u0259\"],\"inLanguage\":\"az\"},{\"@type\":\"WebPage\",\"@id\":\"https:\\\/\\\/www.meydan.tv\\\/az\\\/article\\\/digah-kendindeki-yeni-mehellenin-sakinlerinden-qaz-yol-telebi\\\/\",\"url\":\"https:\\\/\\\/www.meydan.tv\\\/az\\\/article\\\/digah-kendindeki-yeni-mehellenin-sakinlerinden-qaz-yol-telebi\\\/\",\"name\":\"Digah k\u0259ndind\u0259ki yeni m\u0259h\u0259ll\u0259nin sakinl\u0259rind\u0259n qaz, yol t\u0259l\u0259bi - MEYDAN.TV\",\"isPartOf\":{\"@id\":\"https:\\\/\\\/www.meydan.tv\\\/az\\\/#website\"},\"primaryImageOfPage\":{\"@id\":\"https:\\\/\\\/www.meydan.tv\\\/az\\\/article\\\/digah-kendindeki-yeni-mehellenin-sakinlerinden-qaz-yol-telebi\\\/#primaryimage\"},\"image\":{\"@id\":\"https:\\\/\\\/www.meydan.tv\\\/az\\\/article\\\/digah-kendindeki-yeni-mehellenin-sakinlerinden-qaz-yol-telebi\\\/#primaryimage\"},\"thumbnailUrl\":\"https:\\\/\\\/www.meydan.tv\\\/wp-content\\\/uploads\\\/untitled_design_-_2021-03-17t110708.047.png\",\"datePublished\":\"2021-03-17T11:22:57+00:00\",\"breadcrumb\":{\"@id\":\"https:\\\/\\\/www.meydan.tv\\\/az\\\/article\\\/digah-kendindeki-yeni-mehellenin-sakinlerinden-qaz-yol-telebi\\\/#breadcrumb\"},\"inLanguage\":\"az\",\"potentialAction\":[{\"@type\":\"ReadAction\",\"target\":[\"https:\\\/\\\/www.meydan.tv\\\/az\\\/article\\\/digah-kendindeki-yeni-mehellenin-sakinlerinden-qaz-yol-telebi\\\/\"]}]},{\"@type\":\"ImageObject\",\"inLanguage\":\"az\",\"@id\":\"https:\\\/\\\/www.meydan.tv\\\/az\\\/article\\\/digah-kendindeki-yeni-mehellenin-sakinlerinden-qaz-yol-telebi\\\/#primaryimage\",\"url\":\"https:\\\/\\\/www.meydan.tv\\\/wp-content\\\/uploads\\\/untitled_design_-_2021-03-17t110708.047.png\",\"contentUrl\":\"https:\\\/\\\/www.meydan.tv\\\/wp-content\\\/uploads\\\/untitled_design_-_2021-03-17t110708.047.png\",\"width\":1280,\"height\":720,\"caption\":\"Source: Meydan Tv\"},{\"@type\":\"BreadcrumbList\",\"@id\":\"https:\\\/\\\/www.meydan.tv\\\/az\\\/article\\\/digah-kendindeki-yeni-mehellenin-sakinlerinden-qaz-yol-telebi\\\/#breadcrumb\",\"itemListElement\":[{\"@type\":\"ListItem\",\"position\":1,\"name\":\"Ana s\u0259hif\u0259\",\"item\":\"https:\\\/\\\/www.meydan.tv\\\/az\\\/\"},{\"@type\":\"ListItem\",\"position\":2,\"name\":\"B\u00f6lg\u0259\",\"item\":\"https:\\\/\\\/www.meydan.tv\\\/az\\\/section\\\/bolge\\\/\"},{\"@type\":\"ListItem\",\"position\":3,\"name\":\"Digah k\u0259ndind\u0259ki yeni m\u0259h\u0259ll\u0259nin sakinl\u0259rind\u0259n qaz, yol t\u0259l\u0259bi\"}]},{\"@type\":\"WebSite\",\"@id\":\"https:\\\/\\\/www.meydan.tv\\\/az\\\/#website\",\"url\":\"https:\\\/\\\/www.meydan.tv\\\/az\\\/\",\"name\":\"MEYDAN.TV\",\"description\":\"Meydan TV Az\u0259rbaycan\u0131n media m\u0259kan\u0131ndak\u0131 alternativ s\u0259sidir\",\"publisher\":{\"@id\":\"https:\\\/\\\/www.meydan.tv\\\/az\\\/#organization\"},\"potentialAction\":[{\"@type\":\"SearchAction\",\"target\":{\"@type\":\"EntryPoint\",\"urlTemplate\":\"https:\\\/\\\/www.meydan.tv\\\/az\\\/?s={search_term_string}\"},\"query-input\":{\"@type\":\"PropertyValueSpecification\",\"valueRequired\":true,\"valueName\":\"search_term_string\"}}],\"inLanguage\":\"az\"},{\"@type\":\"Organization\",\"@id\":\"https:\\\/\\\/www.meydan.tv\\\/az\\\/#organization\",\"name\":\"Meydan TV\",\"url\":\"https:\\\/\\\/www.meydan.tv\\\/az\\\/\",\"logo\":{\"@type\":\"ImageObject\",\"inLanguage\":\"az\",\"@id\":\"https:\\\/\\\/www.meydan.tv\\\/az\\\/#\\\/schema\\\/logo\\\/image\\\/\",\"url\":\"https:\\\/\\\/www.meydan.tv\\\/wp-content\\\/uploads\\\/2021\\\/07\\\/meydan-logo.svg\",\"contentUrl\":\"https:\\\/\\\/www.meydan.tv\\\/wp-content\\\/uploads\\\/2021\\\/07\\\/meydan-logo.svg\",\"width\":195,\"height\":46,\"caption\":\"Meydan TV\"},\"image\":{\"@id\":\"https:\\\/\\\/www.meydan.tv\\\/az\\\/#\\\/schema\\\/logo\\\/image\\\/\"}},{\"@type\":\"Person\",\"@id\":\"https:\\\/\\\/www.meydan.tv\\\/az\\\/#\\\/schema\\\/person\\\/10d11eccf6da3662cf5fdab9806ea91a\",\"name\":\"user-manager\"}]}<\/script>\n<!-- \/ Yoast SEO plugin. -->","yoast_head_json":{"title":"Digah k\u0259ndind\u0259ki yeni m\u0259h\u0259ll\u0259nin sakinl\u0259rind\u0259n qaz, yol t\u0259l\u0259bi - MEYDAN.TV","robots":{"index":"index","follow":"follow","max-snippet":"max-snippet:-1","max-image-preview":"max-image-preview:large","max-video-preview":"max-video-preview:-1"},"canonical":"https:\/\/www.meydan.tv\/az\/article\/digah-kendindeki-yeni-mehellenin-sakinlerinden-qaz-yol-telebi\/","og_locale":"az_AZ","og_type":"article","og_title":"Digah k\u0259ndind\u0259ki yeni m\u0259h\u0259ll\u0259nin sakinl\u0259rind\u0259n qaz, yol t\u0259l\u0259bi - MEYDAN.TV","og_description":"\u0130cra hakimiyy\u0259ti is\u0259 deyir, yeni m\u0259h\u0259ll\u0259l\u0259rin qazla\u015fd\u0131r\u0131lmas\u0131na h\u0259l\u0259 var","og_url":"https:\/\/www.meydan.tv\/az\/article\/digah-kendindeki-yeni-mehellenin-sakinlerinden-qaz-yol-telebi\/","og_site_name":"MEYDAN.TV","article_published_time":"2021-03-17T11:22:57+00:00","og_image":[{"width":1280,"height":720,"url":"https:\/\/www.meydan.tv\/wp-content\/uploads\/untitled_design_-_2021-03-17t110708.047.png","type":"image\/png"}],"author":"user-manager","twitter_card":"summary_large_image","schema":{"@context":"https:\/\/schema.org","@graph":[{"@type":"Article","@id":"https:\/\/www.meydan.tv\/az\/article\/digah-kendindeki-yeni-mehellenin-sakinlerinden-qaz-yol-telebi\/#article","isPartOf":{"@id":"https:\/\/www.meydan.tv\/az\/article\/digah-kendindeki-yeni-mehellenin-sakinlerinden-qaz-yol-telebi\/"},"author":{"name":"user-manager","@id":"https:\/\/www.meydan.tv\/az\/#\/schema\/person\/10d11eccf6da3662cf5fdab9806ea91a"},"headline":"Digah k\u0259ndind\u0259ki yeni m\u0259h\u0259ll\u0259nin sakinl\u0259rind\u0259n qaz, yol t\u0259l\u0259bi","datePublished":"2021-03-17T11:22:57+00:00","mainEntityOfPage":{"@id":"https:\/\/www.meydan.tv\/az\/article\/digah-kendindeki-yeni-mehellenin-sakinlerinden-qaz-yol-telebi\/"},"wordCount":638,"publisher":{"@id":"https:\/\/www.meydan.tv\/az\/#organization"},"image":{"@id":"https:\/\/www.meydan.tv\/az\/article\/digah-kendindeki-yeni-mehellenin-sakinlerinden-qaz-yol-telebi\/#primaryimage"},"thumbnailUrl":"https:\/\/www.meydan.tv\/wp-content\/uploads\/untitled_design_-_2021-03-17t110708.047.png","articleSection":["B\u00f6lg\u0259"],"inLanguage":"az"},{"@type":"WebPage","@id":"https:\/\/www.meydan.tv\/az\/article\/digah-kendindeki-yeni-mehellenin-sakinlerinden-qaz-yol-telebi\/","url":"https:\/\/www.meydan.tv\/az\/article\/digah-kendindeki-yeni-mehellenin-sakinlerinden-qaz-yol-telebi\/","name":"Digah k\u0259ndind\u0259ki yeni m\u0259h\u0259ll\u0259nin sakinl\u0259rind\u0259n qaz, yol t\u0259l\u0259bi - MEYDAN.TV","isPartOf":{"@id":"https:\/\/www.meydan.tv\/az\/#website"},"primaryImageOfPage":{"@id":"https:\/\/www.meydan.tv\/az\/article\/digah-kendindeki-yeni-mehellenin-sakinlerinden-qaz-yol-telebi\/#primaryimage"},"image":{"@id":"https:\/\/www.meydan.tv\/az\/article\/digah-kendindeki-yeni-mehellenin-sakinlerinden-qaz-yol-telebi\/#primaryimage"},"thumbnailUrl":"https:\/\/www.meydan.tv\/wp-content\/uploads\/untitled_design_-_2021-03-17t110708.047.png","datePublished":"2021-03-17T11:22:57+00:00","breadcrumb":{"@id":"https:\/\/www.meydan.tv\/az\/article\/digah-kendindeki-yeni-mehellenin-sakinlerinden-qaz-yol-telebi\/#breadcrumb"},"inLanguage":"az","potentialAction":[{"@type":"ReadAction","target":["https:\/\/www.meydan.tv\/az\/article\/digah-kendindeki-yeni-mehellenin-sakinlerinden-qaz-yol-telebi\/"]}]},{"@type":"ImageObject","inLanguage":"az","@id":"https:\/\/www.meydan.tv\/az\/article\/digah-kendindeki-yeni-mehellenin-sakinlerinden-qaz-yol-telebi\/#primaryimage","url":"https:\/\/www.meydan.tv\/wp-content\/uploads\/untitled_design_-_2021-03-17t110708.047.png","contentUrl":"https:\/\/www.meydan.tv\/wp-content\/uploads\/untitled_design_-_2021-03-17t110708.047.png","width":1280,"height":720,"caption":"Source: Meydan Tv"},{"@type":"BreadcrumbList","@id":"https:\/\/www.meydan.tv\/az\/article\/digah-kendindeki-yeni-mehellenin-sakinlerinden-qaz-yol-telebi\/#breadcrumb","itemListElement":[{"@type":"ListItem","position":1,"name":"Ana s\u0259hif\u0259","item":"https:\/\/www.meydan.tv\/az\/"},{"@type":"ListItem","position":2,"name":"B\u00f6lg\u0259","item":"https:\/\/www.meydan.tv\/az\/section\/bolge\/"},{"@type":"ListItem","position":3,"name":"Digah k\u0259ndind\u0259ki yeni m\u0259h\u0259ll\u0259nin sakinl\u0259rind\u0259n qaz, yol t\u0259l\u0259bi"}]},{"@type":"WebSite","@id":"https:\/\/www.meydan.tv\/az\/#website","url":"https:\/\/www.meydan.tv\/az\/","name":"MEYDAN.TV","description":"Meydan TV Az\u0259rbaycan\u0131n media m\u0259kan\u0131ndak\u0131 alternativ s\u0259sidir","publisher":{"@id":"https:\/\/www.meydan.tv\/az\/#organization"},"potentialAction":[{"@type":"SearchAction","target":{"@type":"EntryPoint","urlTemplate":"https:\/\/www.meydan.tv\/az\/?s={search_term_string}"},"query-input":{"@type":"PropertyValueSpecification","valueRequired":true,"valueName":"search_term_string"}}],"inLanguage":"az"},{"@type":"Organization","@id":"https:\/\/www.meydan.tv\/az\/#organization","name":"Meydan TV","url":"https:\/\/www.meydan.tv\/az\/","logo":{"@type":"ImageObject","inLanguage":"az","@id":"https:\/\/www.meydan.tv\/az\/#\/schema\/logo\/image\/","url":"https:\/\/www.meydan.tv\/wp-content\/uploads\/2021\/07\/meydan-logo.svg","contentUrl":"https:\/\/www.meydan.tv\/wp-content\/uploads\/2021\/07\/meydan-logo.svg","width":195,"height":46,"caption":"Meydan TV"},"image":{"@id":"https:\/\/www.meydan.tv\/az\/#\/schema\/logo\/image\/"}},{"@type":"Person","@id":"https:\/\/www.meydan.tv\/az\/#\/schema\/person\/10d11eccf6da3662cf5fdab9806ea91a","name":"user-manager"}]}},"_links":{"self":[{"href":"https:\/\/www.meydan.tv\/az\/wp-json\/wp\/v2\/posts\/205400","targetHints":{"allow":["GET"]}}],"collection":[{"href":"https:\/\/www.meydan.tv\/az\/wp-json\/wp\/v2\/posts"}],"about":[{"href":"https:\/\/www.meydan.tv\/az\/wp-json\/wp\/v2\/types\/post"}],"author":[{"embeddable":true,"href":"https:\/\/www.meydan.tv\/az\/wp-json\/wp\/v2\/users\/11"}],"replies":[{"embeddable":true,"href":"https:\/\/www.meydan.tv\/az\/wp-json\/wp\/v2\/comments?post=205400"}],"version-history":[{"count":0,"href":"https:\/\/www.meydan.tv\/az\/wp-json\/wp\/v2\/posts\/205400\/revisions"}],"wp:featuredmedia":[{"embeddable":true,"href":"https:\/\/www.meydan.tv\/az\/wp-json\/wp\/v2\/media\/157832"}],"wp:attachment":[{"href":"https:\/\/www.meydan.tv\/az\/wp-json\/wp\/v2\/media?parent=205400"}],"wp:term":[{"taxonomy":"category","embeddable":true,"href":"https:\/\/www.meydan.tv\/az\/wp-json\/wp\/v2\/categories?post=205400"},{"taxonomy":"post_tag","embeddable":true,"href":"https:\/\/www.meydan.tv\/az\/wp-json\/wp\/v2\/tags?post=205400"}],"curies":[{"name":"wp","href":"https:\/\/api.w.org\/{rel}","templated":true}]}}