{"id":205395,"date":"2021-03-16T20:19:15","date_gmt":"2021-03-16T20:19:15","guid":{"rendered":"https:\/\/www.meydan.tv\/article\/agdam-damsiz-binalar-seheri\/"},"modified":"2021-03-16T20:19:15","modified_gmt":"2021-03-16T20:19:15","slug":"agdam-damsiz-binalar-seheri","status":"publish","type":"post","link":"https:\/\/www.meydan.tv\/az\/article\/agdam-damsiz-binalar-seheri\/","title":{"rendered":"A\u011fdam &#8211; &#8220;dams\u0131z binalar \u015f\u0259h\u0259ri&#8230;&#8221;"},"content":{"rendered":"<figure class=\"wp-block-embed is-type-video is-provider-youtube wp-block-embed-youtube wp-embed-aspect-16-9 wp-has-aspect-ratio\">\n<div class=\"wp-block-embed__wrapper\">\n    <iframe\ttitle=\"A\u011fdam - \"dams\u0131z binalar \u015f\u0259h\u0259ri...\"\" width=\"1200\" height=\"675\" data-src=\"https:\/\/www.youtube.com\/embed\/ggUFNBtniB4\"\tframeborder=\"0\"\tallow=\"accelerometer; autoplay; clipboard-write; encrypted-media; gyroscope; picture-in-picture\" allowfullscreen src=\"data:image\/svg+xml;base64,PHN2ZyB3aWR0aD0iMSIgaGVpZ2h0PSIxIiB4bWxucz0iaHR0cDovL3d3dy53My5vcmcvMjAwMC9zdmciPjwvc3ZnPg==\" class=\"lazyload\" data-load-mode=\"1\"><\/iframe>\n  <\/div><figcaption>\n    A\u011fdam &#8211; &#8220;dams\u0131z binalar \u015f\u0259h\u0259ri&#8230;&#8221;<br \/>\n  <\/figcaption><\/figure>\n<p>\n  Mart\u0131n 13-d\u0259 media qurumlar\u0131n\u0131n, QHT r\u0259hb\u0259rl\u0259rinin, m\u00fcst\u0259qil jurnalistl\u0259rin i\u015f\u011faldan azad olunmu\u015f A\u011fdam \u015f\u0259h\u0259rin\u0259 s\u0259f\u0259ri t\u0259\u015fkil olunub. 6 avtobusluq hey\u0259t \u00f6nc\u0259 Ba\u015f Q\u0259rv\u0259nd k\u0259ndind\u0259 d\u0259miryolu \u0259traf\u0131nda minat\u0259mizl\u0259m\u0259 prosesini izl\u0259yib, mina partlay\u0131\u015f\u0131n\u0131 m\u00fc\u015fahid\u0259 edib.\n<\/p>\n<p>\n  1993-c\u00fc il iyulun 23-d\u0259 Erm\u0259nistan Silahl\u0131 Q\u00fcvv\u0259l\u0259ri t\u0259r\u0259find\u0259n i\u015f\u011fal olunmu\u015f A\u011fdam rayonu 2020-ci ilin sonunda geri qaytar\u0131l\u0131b.\n<\/p>\n<p>\n  Yolboyu m\u00fcharib\u0259nin izl\u0259ri ayd\u0131n g\u00f6r\u00fcn\u00fcr: istehkamlar, zirehli texnikan\u0131n h\u0259r\u0259k\u0259ti \u00fc\u00e7\u00fcn sal\u0131nan torpaqalt\u0131 yollar.\n<\/p>\n<p>\n  Vaxtil\u0259 Xank\u0259ndin\u0259 q\u0259d\u0259r uzanan d\u0259mir yolunun indi yaln\u0131z qal\u0131qlar\u0131 var.\n<\/p>\n<p>\n  A\u011fdam da Qaraba\u011f\u0131n dig\u0259r rayonlar\u0131 kimi viran edilib, k\u0259ndl\u0259r da\u011f\u0131d\u0131l\u0131b. Rayonun m\u0259rk\u0259zind\u0259 yerl\u0259\u015f\u0259n binalar\u0131n he\u00e7 biri salamat deyil. Bir s\u00f6zl\u0259, A\u011fdamda dam\u0131 qalm\u0131\u015f bir bina bel\u0259 yoxdur. Yaln\u0131z \u00fcz g\u00f6r\u00fcn\u00fc\u015f\u00fcnd\u0259n binan\u0131n \u015fahmat m\u0259kt\u0259bi, ba\u015fqa bir binan\u0131n \u00fcz\u0259rind\u0259ki \u015f\u0259kild\u0259n onun \u00c7\u00f6r\u0259k Muzeyi oldu\u011fu g\u00f6r\u00fcn\u00fcr. A\u011fdam Dram Teatr\u0131n\u0131n yaln\u0131z s\u00fctunlar\u0131 qal\u0131b.\n<\/p>\n<p>\n  Yegan\u0259 salamat qalan m\u0259scidin is\u0259 \u00fcst\u00fcnd\u0259ki k\u00fcmb\u0259zl\u0259rd\u0259n biri da\u011f\u0131d\u0131l\u0131b.\n<\/p>\n<p>\n  A\u011fdam\u0131n m\u0259\u015fhur m\u0259kanlar\u0131ndan biri \u0130mar\u0259tdir. Vaxtil\u0259 fotbol oyunlar\u0131, \u015f\u0259nlikl\u0259r t\u0259\u015fkil olunan stadion, tribuna da\u011f\u0131d\u0131l\u0131b. P\u0259nah\u0259li xan\u0131n, o\u011flu \u0130brahimx\u0259lil xan\u0131n t\u00fcrb\u0259si, Xur\u015fid Banu Nat\u0259van\u0131n b\u00fcst\u00fc m\u0259hv edilib. Xan\u0131n mavzoleyi t\u00f6vl\u0259y\u0259 \u00e7evrilib.\n<\/p>\n<p>\n  Birinci Qaraba\u011f m\u00fcharib\u0259si zaman\u0131 \u015e\u0259hidl\u0259r Xiyaban\u0131na \u00e7evrilmi\u015f Abid\u0259 adlanan \u0259razid\u0259 b\u00fct\u00fcn q\u0259birl\u0259r da\u011f\u0131d\u0131l\u0131b. \u0130\u015f\u011faldan azad olunduqdan sonra yaln\u0131z bir ne\u00e7\u0259 m\u0259zar\u0131n sahibi m\u00fc\u0259yy\u0259nl\u0259\u015fib, q\u0259bri yenil\u0259nib. Xiyabanda s\u0131nd\u0131r\u0131lm\u0131\u015f ba\u015fda\u015f\u0131lara da rast g\u0259linir.\n<\/p>\n<p>\n  Az\u0259rbaycan h\u00f6kum\u0259ti i\u015f\u011faldan azad olunmu\u015f rayonlar\u0131n b\u0259rpa edil\u0259c\u0259yini deyir. Tamamil\u0259 da\u011f\u0131d\u0131lm\u0131\u015f A\u011fdam\u0131n \u0259vv\u0259lki g\u00f6rk\u0259mi \u00f6z\u00fcn\u0259 qaytar\u0131lacaq, yoxsa yeni \u015f\u0259h\u0259r sal\u0131nacaq. Meydan TV-nin bu sual\u0131n\u0131 Az\u0259rbaycan prezidentinin k\u00f6m\u0259k\u00e7isi Hikm\u0259t Hac\u0131yev cavabland\u0131r\u0131b.<\/p>\n","protected":false},"excerpt":{"rendered":"<p>Mart\u0131n 13-d\u0259 media qurumlar\u0131n\u0131n, QHT r\u0259hb\u0259rl\u0259rinin, m\u00fcst\u0259qil jurnalistl\u0259rin i\u015f\u011faldan azad olunmu\u015f A\u011fdam \u015f\u0259h\u0259rin\u0259 s\u0259f\u0259ri t\u0259\u015fkil olunub.<\/p>\n","protected":false},"author":11,"featured_media":157817,"comment_status":"closed","ping_status":"open","sticky":false,"template":"","format":"standard","meta":{"_acf_changed":false,"_sitemap_exclude":false,"_sitemap_priority":"","_sitemap_frequency":"","footnotes":""},"categories":[63],"tags":[],"class_list":["post-205395","post","type-post","status-publish","format-standard","has-post-thumbnail","hentry","category-video-2","infinite-scroll-item","generate-columns","tablet-grid-50","mobile-grid-100","grid-parent","grid-33","no-featured-image-padding"],"acf":[],"yoast_head":"<!-- This site is optimized with the Yoast SEO plugin v27.5 - https:\/\/yoast.com\/product\/yoast-seo-wordpress\/ -->\n<title>A\u011fdam - &quot;dams\u0131z binalar \u015f\u0259h\u0259ri...&quot; - MEYDAN.TV<\/title>\n<meta name=\"robots\" content=\"index, follow, max-snippet:-1, max-image-preview:large, max-video-preview:-1\" \/>\n<link rel=\"canonical\" href=\"https:\/\/www.meydan.tv\/az\/article\/agdam-damsiz-binalar-seheri\/\" \/>\n<meta property=\"og:locale\" content=\"az_AZ\" \/>\n<meta property=\"og:type\" content=\"article\" \/>\n<meta property=\"og:title\" content=\"A\u011fdam - &quot;dams\u0131z binalar \u015f\u0259h\u0259ri...&quot; - MEYDAN.TV\" \/>\n<meta property=\"og:description\" content=\"Mart\u0131n 13-d\u0259 media qurumlar\u0131n\u0131n, QHT r\u0259hb\u0259rl\u0259rinin, m\u00fcst\u0259qil jurnalistl\u0259rin i\u015f\u011faldan azad olunmu\u015f A\u011fdam \u015f\u0259h\u0259rin\u0259 s\u0259f\u0259ri t\u0259\u015fkil olunub.\" \/>\n<meta property=\"og:url\" content=\"https:\/\/www.meydan.tv\/az\/article\/agdam-damsiz-binalar-seheri\/\" \/>\n<meta property=\"og:site_name\" content=\"MEYDAN.TV\" \/>\n<meta property=\"article:published_time\" content=\"2021-03-16T20:19:15+00:00\" \/>\n<meta property=\"og:image\" content=\"https:\/\/www.meydan.tv\/wp-content\/uploads\/maxresdefault.jpeg\" \/>\n\t<meta property=\"og:image:width\" content=\"1280\" \/>\n\t<meta property=\"og:image:height\" content=\"720\" \/>\n\t<meta property=\"og:image:type\" content=\"image\/jpeg\" \/>\n<meta name=\"author\" content=\"user-manager\" \/>\n<meta name=\"twitter:card\" content=\"summary_large_image\" \/>\n<script type=\"application\/ld+json\" class=\"yoast-schema-graph\">{\"@context\":\"https:\\\/\\\/schema.org\",\"@graph\":[{\"@type\":\"Article\",\"@id\":\"https:\\\/\\\/www.meydan.tv\\\/az\\\/article\\\/agdam-damsiz-binalar-seheri\\\/#article\",\"isPartOf\":{\"@id\":\"https:\\\/\\\/www.meydan.tv\\\/az\\\/article\\\/agdam-damsiz-binalar-seheri\\\/\"},\"author\":{\"name\":\"user-manager\",\"@id\":\"https:\\\/\\\/www.meydan.tv\\\/az\\\/#\\\/schema\\\/person\\\/10d11eccf6da3662cf5fdab9806ea91a\"},\"headline\":\"A\u011fdam &#8211; &#8220;dams\u0131z binalar \u015f\u0259h\u0259ri&#8230;&#8221;\",\"datePublished\":\"2021-03-16T20:19:15+00:00\",\"mainEntityOfPage\":{\"@id\":\"https:\\\/\\\/www.meydan.tv\\\/az\\\/article\\\/agdam-damsiz-binalar-seheri\\\/\"},\"wordCount\":419,\"publisher\":{\"@id\":\"https:\\\/\\\/www.meydan.tv\\\/az\\\/#organization\"},\"image\":{\"@id\":\"https:\\\/\\\/www.meydan.tv\\\/az\\\/article\\\/agdam-damsiz-binalar-seheri\\\/#primaryimage\"},\"thumbnailUrl\":\"https:\\\/\\\/www.meydan.tv\\\/wp-content\\\/uploads\\\/maxresdefault.jpeg\",\"articleSection\":[\"Video\"],\"inLanguage\":\"az\"},{\"@type\":\"WebPage\",\"@id\":\"https:\\\/\\\/www.meydan.tv\\\/az\\\/article\\\/agdam-damsiz-binalar-seheri\\\/\",\"url\":\"https:\\\/\\\/www.meydan.tv\\\/az\\\/article\\\/agdam-damsiz-binalar-seheri\\\/\",\"name\":\"A\u011fdam - \\\"dams\u0131z binalar \u015f\u0259h\u0259ri...\\\" - MEYDAN.TV\",\"isPartOf\":{\"@id\":\"https:\\\/\\\/www.meydan.tv\\\/az\\\/#website\"},\"primaryImageOfPage\":{\"@id\":\"https:\\\/\\\/www.meydan.tv\\\/az\\\/article\\\/agdam-damsiz-binalar-seheri\\\/#primaryimage\"},\"image\":{\"@id\":\"https:\\\/\\\/www.meydan.tv\\\/az\\\/article\\\/agdam-damsiz-binalar-seheri\\\/#primaryimage\"},\"thumbnailUrl\":\"https:\\\/\\\/www.meydan.tv\\\/wp-content\\\/uploads\\\/maxresdefault.jpeg\",\"datePublished\":\"2021-03-16T20:19:15+00:00\",\"breadcrumb\":{\"@id\":\"https:\\\/\\\/www.meydan.tv\\\/az\\\/article\\\/agdam-damsiz-binalar-seheri\\\/#breadcrumb\"},\"inLanguage\":\"az\",\"potentialAction\":[{\"@type\":\"ReadAction\",\"target\":[\"https:\\\/\\\/www.meydan.tv\\\/az\\\/article\\\/agdam-damsiz-binalar-seheri\\\/\"]}]},{\"@type\":\"ImageObject\",\"inLanguage\":\"az\",\"@id\":\"https:\\\/\\\/www.meydan.tv\\\/az\\\/article\\\/agdam-damsiz-binalar-seheri\\\/#primaryimage\",\"url\":\"https:\\\/\\\/www.meydan.tv\\\/wp-content\\\/uploads\\\/maxresdefault.jpeg\",\"contentUrl\":\"https:\\\/\\\/www.meydan.tv\\\/wp-content\\\/uploads\\\/maxresdefault.jpeg\",\"width\":1280,\"height\":720,\"caption\":\"Source: Meydan.TV\"},{\"@type\":\"BreadcrumbList\",\"@id\":\"https:\\\/\\\/www.meydan.tv\\\/az\\\/article\\\/agdam-damsiz-binalar-seheri\\\/#breadcrumb\",\"itemListElement\":[{\"@type\":\"ListItem\",\"position\":1,\"name\":\"Ana s\u0259hif\u0259\",\"item\":\"https:\\\/\\\/www.meydan.tv\\\/az\\\/\"},{\"@type\":\"ListItem\",\"position\":2,\"name\":\"Video\",\"item\":\"https:\\\/\\\/www.meydan.tv\\\/az\\\/section\\\/video-2\\\/\"},{\"@type\":\"ListItem\",\"position\":3,\"name\":\"A\u011fdam &#8211; &#8220;dams\u0131z binalar \u015f\u0259h\u0259ri&#8230;&#8221;\"}]},{\"@type\":\"WebSite\",\"@id\":\"https:\\\/\\\/www.meydan.tv\\\/az\\\/#website\",\"url\":\"https:\\\/\\\/www.meydan.tv\\\/az\\\/\",\"name\":\"MEYDAN.TV\",\"description\":\"Meydan TV Az\u0259rbaycan\u0131n media m\u0259kan\u0131ndak\u0131 alternativ s\u0259sidir\",\"publisher\":{\"@id\":\"https:\\\/\\\/www.meydan.tv\\\/az\\\/#organization\"},\"potentialAction\":[{\"@type\":\"SearchAction\",\"target\":{\"@type\":\"EntryPoint\",\"urlTemplate\":\"https:\\\/\\\/www.meydan.tv\\\/az\\\/?s={search_term_string}\"},\"query-input\":{\"@type\":\"PropertyValueSpecification\",\"valueRequired\":true,\"valueName\":\"search_term_string\"}}],\"inLanguage\":\"az\"},{\"@type\":\"Organization\",\"@id\":\"https:\\\/\\\/www.meydan.tv\\\/az\\\/#organization\",\"name\":\"Meydan TV\",\"url\":\"https:\\\/\\\/www.meydan.tv\\\/az\\\/\",\"logo\":{\"@type\":\"ImageObject\",\"inLanguage\":\"az\",\"@id\":\"https:\\\/\\\/www.meydan.tv\\\/az\\\/#\\\/schema\\\/logo\\\/image\\\/\",\"url\":\"https:\\\/\\\/www.meydan.tv\\\/wp-content\\\/uploads\\\/2021\\\/07\\\/meydan-logo.svg\",\"contentUrl\":\"https:\\\/\\\/www.meydan.tv\\\/wp-content\\\/uploads\\\/2021\\\/07\\\/meydan-logo.svg\",\"width\":195,\"height\":46,\"caption\":\"Meydan TV\"},\"image\":{\"@id\":\"https:\\\/\\\/www.meydan.tv\\\/az\\\/#\\\/schema\\\/logo\\\/image\\\/\"}},{\"@type\":\"Person\",\"@id\":\"https:\\\/\\\/www.meydan.tv\\\/az\\\/#\\\/schema\\\/person\\\/10d11eccf6da3662cf5fdab9806ea91a\",\"name\":\"user-manager\"}]}<\/script>\n<!-- \/ Yoast SEO plugin. -->","yoast_head_json":{"title":"A\u011fdam - \"dams\u0131z binalar \u015f\u0259h\u0259ri...\" - MEYDAN.TV","robots":{"index":"index","follow":"follow","max-snippet":"max-snippet:-1","max-image-preview":"max-image-preview:large","max-video-preview":"max-video-preview:-1"},"canonical":"https:\/\/www.meydan.tv\/az\/article\/agdam-damsiz-binalar-seheri\/","og_locale":"az_AZ","og_type":"article","og_title":"A\u011fdam - \"dams\u0131z binalar \u015f\u0259h\u0259ri...\" - MEYDAN.TV","og_description":"Mart\u0131n 13-d\u0259 media qurumlar\u0131n\u0131n, QHT r\u0259hb\u0259rl\u0259rinin, m\u00fcst\u0259qil jurnalistl\u0259rin i\u015f\u011faldan azad olunmu\u015f A\u011fdam \u015f\u0259h\u0259rin\u0259 s\u0259f\u0259ri t\u0259\u015fkil olunub.","og_url":"https:\/\/www.meydan.tv\/az\/article\/agdam-damsiz-binalar-seheri\/","og_site_name":"MEYDAN.TV","article_published_time":"2021-03-16T20:19:15+00:00","og_image":[{"width":1280,"height":720,"url":"https:\/\/www.meydan.tv\/wp-content\/uploads\/maxresdefault.jpeg","type":"image\/jpeg"}],"author":"user-manager","twitter_card":"summary_large_image","schema":{"@context":"https:\/\/schema.org","@graph":[{"@type":"Article","@id":"https:\/\/www.meydan.tv\/az\/article\/agdam-damsiz-binalar-seheri\/#article","isPartOf":{"@id":"https:\/\/www.meydan.tv\/az\/article\/agdam-damsiz-binalar-seheri\/"},"author":{"name":"user-manager","@id":"https:\/\/www.meydan.tv\/az\/#\/schema\/person\/10d11eccf6da3662cf5fdab9806ea91a"},"headline":"A\u011fdam &#8211; &#8220;dams\u0131z binalar \u015f\u0259h\u0259ri&#8230;&#8221;","datePublished":"2021-03-16T20:19:15+00:00","mainEntityOfPage":{"@id":"https:\/\/www.meydan.tv\/az\/article\/agdam-damsiz-binalar-seheri\/"},"wordCount":419,"publisher":{"@id":"https:\/\/www.meydan.tv\/az\/#organization"},"image":{"@id":"https:\/\/www.meydan.tv\/az\/article\/agdam-damsiz-binalar-seheri\/#primaryimage"},"thumbnailUrl":"https:\/\/www.meydan.tv\/wp-content\/uploads\/maxresdefault.jpeg","articleSection":["Video"],"inLanguage":"az"},{"@type":"WebPage","@id":"https:\/\/www.meydan.tv\/az\/article\/agdam-damsiz-binalar-seheri\/","url":"https:\/\/www.meydan.tv\/az\/article\/agdam-damsiz-binalar-seheri\/","name":"A\u011fdam - \"dams\u0131z binalar \u015f\u0259h\u0259ri...\" - MEYDAN.TV","isPartOf":{"@id":"https:\/\/www.meydan.tv\/az\/#website"},"primaryImageOfPage":{"@id":"https:\/\/www.meydan.tv\/az\/article\/agdam-damsiz-binalar-seheri\/#primaryimage"},"image":{"@id":"https:\/\/www.meydan.tv\/az\/article\/agdam-damsiz-binalar-seheri\/#primaryimage"},"thumbnailUrl":"https:\/\/www.meydan.tv\/wp-content\/uploads\/maxresdefault.jpeg","datePublished":"2021-03-16T20:19:15+00:00","breadcrumb":{"@id":"https:\/\/www.meydan.tv\/az\/article\/agdam-damsiz-binalar-seheri\/#breadcrumb"},"inLanguage":"az","potentialAction":[{"@type":"ReadAction","target":["https:\/\/www.meydan.tv\/az\/article\/agdam-damsiz-binalar-seheri\/"]}]},{"@type":"ImageObject","inLanguage":"az","@id":"https:\/\/www.meydan.tv\/az\/article\/agdam-damsiz-binalar-seheri\/#primaryimage","url":"https:\/\/www.meydan.tv\/wp-content\/uploads\/maxresdefault.jpeg","contentUrl":"https:\/\/www.meydan.tv\/wp-content\/uploads\/maxresdefault.jpeg","width":1280,"height":720,"caption":"Source: Meydan.TV"},{"@type":"BreadcrumbList","@id":"https:\/\/www.meydan.tv\/az\/article\/agdam-damsiz-binalar-seheri\/#breadcrumb","itemListElement":[{"@type":"ListItem","position":1,"name":"Ana s\u0259hif\u0259","item":"https:\/\/www.meydan.tv\/az\/"},{"@type":"ListItem","position":2,"name":"Video","item":"https:\/\/www.meydan.tv\/az\/section\/video-2\/"},{"@type":"ListItem","position":3,"name":"A\u011fdam &#8211; &#8220;dams\u0131z binalar \u015f\u0259h\u0259ri&#8230;&#8221;"}]},{"@type":"WebSite","@id":"https:\/\/www.meydan.tv\/az\/#website","url":"https:\/\/www.meydan.tv\/az\/","name":"MEYDAN.TV","description":"Meydan TV Az\u0259rbaycan\u0131n media m\u0259kan\u0131ndak\u0131 alternativ s\u0259sidir","publisher":{"@id":"https:\/\/www.meydan.tv\/az\/#organization"},"potentialAction":[{"@type":"SearchAction","target":{"@type":"EntryPoint","urlTemplate":"https:\/\/www.meydan.tv\/az\/?s={search_term_string}"},"query-input":{"@type":"PropertyValueSpecification","valueRequired":true,"valueName":"search_term_string"}}],"inLanguage":"az"},{"@type":"Organization","@id":"https:\/\/www.meydan.tv\/az\/#organization","name":"Meydan TV","url":"https:\/\/www.meydan.tv\/az\/","logo":{"@type":"ImageObject","inLanguage":"az","@id":"https:\/\/www.meydan.tv\/az\/#\/schema\/logo\/image\/","url":"https:\/\/www.meydan.tv\/wp-content\/uploads\/2021\/07\/meydan-logo.svg","contentUrl":"https:\/\/www.meydan.tv\/wp-content\/uploads\/2021\/07\/meydan-logo.svg","width":195,"height":46,"caption":"Meydan TV"},"image":{"@id":"https:\/\/www.meydan.tv\/az\/#\/schema\/logo\/image\/"}},{"@type":"Person","@id":"https:\/\/www.meydan.tv\/az\/#\/schema\/person\/10d11eccf6da3662cf5fdab9806ea91a","name":"user-manager"}]}},"_links":{"self":[{"href":"https:\/\/www.meydan.tv\/az\/wp-json\/wp\/v2\/posts\/205395","targetHints":{"allow":["GET"]}}],"collection":[{"href":"https:\/\/www.meydan.tv\/az\/wp-json\/wp\/v2\/posts"}],"about":[{"href":"https:\/\/www.meydan.tv\/az\/wp-json\/wp\/v2\/types\/post"}],"author":[{"embeddable":true,"href":"https:\/\/www.meydan.tv\/az\/wp-json\/wp\/v2\/users\/11"}],"replies":[{"embeddable":true,"href":"https:\/\/www.meydan.tv\/az\/wp-json\/wp\/v2\/comments?post=205395"}],"version-history":[{"count":0,"href":"https:\/\/www.meydan.tv\/az\/wp-json\/wp\/v2\/posts\/205395\/revisions"}],"wp:featuredmedia":[{"embeddable":true,"href":"https:\/\/www.meydan.tv\/az\/wp-json\/wp\/v2\/media\/157817"}],"wp:attachment":[{"href":"https:\/\/www.meydan.tv\/az\/wp-json\/wp\/v2\/media?parent=205395"}],"wp:term":[{"taxonomy":"category","embeddable":true,"href":"https:\/\/www.meydan.tv\/az\/wp-json\/wp\/v2\/categories?post=205395"},{"taxonomy":"post_tag","embeddable":true,"href":"https:\/\/www.meydan.tv\/az\/wp-json\/wp\/v2\/tags?post=205395"}],"curies":[{"name":"wp","href":"https:\/\/api.w.org\/{rel}","templated":true}]}}