{"id":205394,"date":"2021-03-16T20:08:23","date_gmt":"2021-03-16T20:08:23","guid":{"rendered":"https:\/\/www.meydan.tv\/article\/muharibe-istirakcisi-yaxsi-men-xeste-getmisem-niye-onda-meni-aparirdiz\/"},"modified":"2021-03-16T20:08:23","modified_gmt":"2021-03-16T20:08:23","slug":"muharibe-istirakcisi-yaxsi-men-xeste-getmisem-niye-onda-meni-aparirdiz","status":"publish","type":"post","link":"https:\/\/www.meydan.tv\/az\/article\/muharibe-istirakcisi-yaxsi-men-xeste-getmisem-niye-onda-meni-aparirdiz\/","title":{"rendered":"M\u00fcharib\u0259 i\u015ftirak\u00e7\u0131s\u0131: &#8220;Yax\u015f\u0131, m\u0259n x\u0259st\u0259 getmi\u015f\u0259m, niy\u0259 onda m\u0259ni apar\u0131rd\u0131z?&#8221;"},"content":{"rendered":"<figure class=\"wp-block-embed is-type-video is-provider-youtube wp-block-embed-youtube wp-embed-aspect-16-9 wp-has-aspect-ratio\">\n<div class=\"wp-block-embed__wrapper\">\n    <iframe\ttitle=\"M\u00fcharib\u0259 i\u015ftirak\u00e7\u0131s\u0131: \"Yax\u015f\u0131, m\u0259n x\u0259st\u0259 getmi\u015f\u0259m, niy\u0259 onda m\u0259ni apar\u0131rd\u0131z?\"\" width=\"1200\" height=\"675\" data-src=\"https:\/\/www.youtube.com\/embed\/Ey01H2xMYRg\"\tframeborder=\"0\"\tallow=\"accelerometer; autoplay; clipboard-write; encrypted-media; gyroscope; picture-in-picture\" allowfullscreen src=\"data:image\/svg+xml;base64,PHN2ZyB3aWR0aD0iMSIgaGVpZ2h0PSIxIiB4bWxucz0iaHR0cDovL3d3dy53My5vcmcvMjAwMC9zdmciPjwvc3ZnPg==\" class=\"lazyload\" data-load-mode=\"1\"><\/iframe>\n  <\/div><figcaption>\n    M\u00fcharib\u0259 i\u015ftirak\u00e7\u0131s\u0131: &#8220;Yax\u015f\u0131, m\u0259n x\u0259st\u0259 getmi\u015f\u0259m, niy\u0259 onda m\u0259ni apar\u0131rd\u0131z?&#8221;<br \/>\n  <\/figcaption><\/figure>\n<p>\n  Natiq Orucov II Qaraba\u011f m\u00fcharib\u0259sinin k\u00f6n\u00fcll\u00fc i\u015ftirak\u00e7\u0131s\u0131 olub. 2005-ci ild\u0259n ke\u00e7diyi ilk h\u0259rbi xidm\u0259t zaman\u0131 a\u011fciy\u0259rin v\u0259r\u0259mi x\u0259st\u0259liyin\u0259 yoluxdu\u011funu v\u0259 sonra tamamil\u0259 sa\u011fald\u0131\u011f\u0131n\u0131 deyir. Sentyabrda ba\u015flayan d\u00f6y\u00fc\u015fl\u0259r\u0259 qat\u0131lan Natiq d\u00f6y\u00fc\u015fl\u0259rd\u0259n sonra t\u0259rxis olunanda onda x\u0259st\u0259liyin yenid\u0259n ba\u015f qald\u0131rd\u0131\u011f\u0131n\u0131 \u00f6yr\u0259nib. H\u0259rbi hospitala m\u00fcraci\u0259t edib, amma onu m\u00fclki x\u0259st\u0259xanalara y\u00f6nl\u0259ndiribl\u0259r. 1 sayl\u0131 V\u0259r\u0259m \u018fleyhin\u0259 Dispanserd\u0259 is\u0259 onu tam m\u00fcalic\u0259 etm\u0259d\u0259n ev\u0259 burax\u0131blar. M\u00fcharib\u0259 i\u015ftirak\u00e7\u0131s\u0131 haz\u0131rda YA\u015eAT fondunun da xidm\u0259tind\u0259n istifad\u0259 ed\u0259 bilmir. \u00c7\u00fcnki fond onun M\u00fcdafi\u0259 Nazirliyinin yaral\u0131lar siyah\u0131s\u0131nda olmad\u0131\u011f\u0131n\u0131 bildirir. Natiq Orucovsa iddia edir ki, h\u0259rbi xidm\u0259t zaman\u0131 x\u0259st\u0259liyi yenid\u0259n ba\u015f qald\u0131rsa da, haz\u0131rda onu h\u0259min siyah\u0131ya \u0259lav\u0259 etmirl\u0259r.<\/p>\n","protected":false},"excerpt":{"rendered":"<p>Natiq Orucov II Qaraba\u011f m\u00fcharib\u0259sinin k\u00f6n\u00fcll\u00fc i\u015ftirak\u00e7\u0131s\u0131 olub. 2005-ci ild\u0259n ke\u00e7diyi ilk h\u0259rbi xidm\u0259t zaman\u0131 a\u011fciy\u0259rin v\u0259r\u0259mi x\u0259st\u0259liyin\u0259 yoluxdu\u011funu v\u0259 sonra tamamil\u0259 sa\u011fald\u0131\u011f\u0131n\u0131 deyir.<\/p>\n","protected":false},"author":11,"featured_media":157826,"comment_status":"closed","ping_status":"open","sticky":false,"template":"","format":"standard","meta":{"_acf_changed":false,"_sitemap_exclude":false,"_sitemap_priority":"","_sitemap_frequency":"","footnotes":""},"categories":[63],"tags":[],"class_list":["post-205394","post","type-post","status-publish","format-standard","has-post-thumbnail","hentry","category-video-2","infinite-scroll-item","generate-columns","tablet-grid-50","mobile-grid-100","grid-parent","grid-33","no-featured-image-padding"],"acf":[],"yoast_head":"<!-- This site is optimized with the Yoast SEO plugin v27.5 - https:\/\/yoast.com\/product\/yoast-seo-wordpress\/ -->\n<title>M\u00fcharib\u0259 i\u015ftirak\u00e7\u0131s\u0131: &quot;Yax\u015f\u0131, m\u0259n x\u0259st\u0259 getmi\u015f\u0259m, niy\u0259 onda m\u0259ni apar\u0131rd\u0131z?&quot; - MEYDAN.TV<\/title>\n<meta name=\"robots\" content=\"index, follow, max-snippet:-1, max-image-preview:large, max-video-preview:-1\" \/>\n<link rel=\"canonical\" href=\"https:\/\/www.meydan.tv\/az\/article\/muharibe-istirakcisi-yaxsi-men-xeste-getmisem-niye-onda-meni-aparirdiz\/\" \/>\n<meta property=\"og:locale\" content=\"az_AZ\" \/>\n<meta property=\"og:type\" content=\"article\" \/>\n<meta property=\"og:title\" content=\"M\u00fcharib\u0259 i\u015ftirak\u00e7\u0131s\u0131: &quot;Yax\u015f\u0131, m\u0259n x\u0259st\u0259 getmi\u015f\u0259m, niy\u0259 onda m\u0259ni apar\u0131rd\u0131z?&quot; - MEYDAN.TV\" \/>\n<meta property=\"og:description\" content=\"Natiq Orucov II Qaraba\u011f m\u00fcharib\u0259sinin k\u00f6n\u00fcll\u00fc i\u015ftirak\u00e7\u0131s\u0131 olub. 2005-ci ild\u0259n ke\u00e7diyi ilk h\u0259rbi xidm\u0259t zaman\u0131 a\u011fciy\u0259rin v\u0259r\u0259mi x\u0259st\u0259liyin\u0259 yoluxdu\u011funu v\u0259 sonra tamamil\u0259 sa\u011fald\u0131\u011f\u0131n\u0131 deyir.\" \/>\n<meta property=\"og:url\" content=\"https:\/\/www.meydan.tv\/az\/article\/muharibe-istirakcisi-yaxsi-men-xeste-getmisem-niye-onda-meni-aparirdiz\/\" \/>\n<meta property=\"og:site_name\" content=\"MEYDAN.TV\" \/>\n<meta property=\"article:published_time\" content=\"2021-03-16T20:08:23+00:00\" \/>\n<meta property=\"og:image\" content=\"https:\/\/www.meydan.tv\/wp-content\/uploads\/screenshot_at_mar_16_15-32-50-1200x675.png\" \/>\n\t<meta property=\"og:image:width\" content=\"1200\" \/>\n\t<meta property=\"og:image:height\" content=\"675\" \/>\n\t<meta property=\"og:image:type\" content=\"image\/png\" \/>\n<meta name=\"author\" content=\"user-manager\" \/>\n<meta name=\"twitter:card\" content=\"summary_large_image\" \/>\n<script type=\"application\/ld+json\" class=\"yoast-schema-graph\">{\"@context\":\"https:\\\/\\\/schema.org\",\"@graph\":[{\"@type\":\"Article\",\"@id\":\"https:\\\/\\\/www.meydan.tv\\\/az\\\/article\\\/muharibe-istirakcisi-yaxsi-men-xeste-getmisem-niye-onda-meni-aparirdiz\\\/#article\",\"isPartOf\":{\"@id\":\"https:\\\/\\\/www.meydan.tv\\\/az\\\/article\\\/muharibe-istirakcisi-yaxsi-men-xeste-getmisem-niye-onda-meni-aparirdiz\\\/\"},\"author\":{\"name\":\"user-manager\",\"@id\":\"https:\\\/\\\/www.meydan.tv\\\/az\\\/#\\\/schema\\\/person\\\/10d11eccf6da3662cf5fdab9806ea91a\"},\"headline\":\"M\u00fcharib\u0259 i\u015ftirak\u00e7\u0131s\u0131: &#8220;Yax\u015f\u0131, m\u0259n x\u0259st\u0259 getmi\u015f\u0259m, niy\u0259 onda m\u0259ni apar\u0131rd\u0131z?&#8221;\",\"datePublished\":\"2021-03-16T20:08:23+00:00\",\"mainEntityOfPage\":{\"@id\":\"https:\\\/\\\/www.meydan.tv\\\/az\\\/article\\\/muharibe-istirakcisi-yaxsi-men-xeste-getmisem-niye-onda-meni-aparirdiz\\\/\"},\"wordCount\":207,\"publisher\":{\"@id\":\"https:\\\/\\\/www.meydan.tv\\\/az\\\/#organization\"},\"image\":{\"@id\":\"https:\\\/\\\/www.meydan.tv\\\/az\\\/article\\\/muharibe-istirakcisi-yaxsi-men-xeste-getmisem-niye-onda-meni-aparirdiz\\\/#primaryimage\"},\"thumbnailUrl\":\"https:\\\/\\\/www.meydan.tv\\\/wp-content\\\/uploads\\\/screenshot_at_mar_16_15-32-50.png\",\"articleSection\":[\"Video\"],\"inLanguage\":\"az\"},{\"@type\":\"WebPage\",\"@id\":\"https:\\\/\\\/www.meydan.tv\\\/az\\\/article\\\/muharibe-istirakcisi-yaxsi-men-xeste-getmisem-niye-onda-meni-aparirdiz\\\/\",\"url\":\"https:\\\/\\\/www.meydan.tv\\\/az\\\/article\\\/muharibe-istirakcisi-yaxsi-men-xeste-getmisem-niye-onda-meni-aparirdiz\\\/\",\"name\":\"M\u00fcharib\u0259 i\u015ftirak\u00e7\u0131s\u0131: \\\"Yax\u015f\u0131, m\u0259n x\u0259st\u0259 getmi\u015f\u0259m, niy\u0259 onda m\u0259ni apar\u0131rd\u0131z?\\\" - MEYDAN.TV\",\"isPartOf\":{\"@id\":\"https:\\\/\\\/www.meydan.tv\\\/az\\\/#website\"},\"primaryImageOfPage\":{\"@id\":\"https:\\\/\\\/www.meydan.tv\\\/az\\\/article\\\/muharibe-istirakcisi-yaxsi-men-xeste-getmisem-niye-onda-meni-aparirdiz\\\/#primaryimage\"},\"image\":{\"@id\":\"https:\\\/\\\/www.meydan.tv\\\/az\\\/article\\\/muharibe-istirakcisi-yaxsi-men-xeste-getmisem-niye-onda-meni-aparirdiz\\\/#primaryimage\"},\"thumbnailUrl\":\"https:\\\/\\\/www.meydan.tv\\\/wp-content\\\/uploads\\\/screenshot_at_mar_16_15-32-50.png\",\"datePublished\":\"2021-03-16T20:08:23+00:00\",\"breadcrumb\":{\"@id\":\"https:\\\/\\\/www.meydan.tv\\\/az\\\/article\\\/muharibe-istirakcisi-yaxsi-men-xeste-getmisem-niye-onda-meni-aparirdiz\\\/#breadcrumb\"},\"inLanguage\":\"az\",\"potentialAction\":[{\"@type\":\"ReadAction\",\"target\":[\"https:\\\/\\\/www.meydan.tv\\\/az\\\/article\\\/muharibe-istirakcisi-yaxsi-men-xeste-getmisem-niye-onda-meni-aparirdiz\\\/\"]}]},{\"@type\":\"ImageObject\",\"inLanguage\":\"az\",\"@id\":\"https:\\\/\\\/www.meydan.tv\\\/az\\\/article\\\/muharibe-istirakcisi-yaxsi-men-xeste-getmisem-niye-onda-meni-aparirdiz\\\/#primaryimage\",\"url\":\"https:\\\/\\\/www.meydan.tv\\\/wp-content\\\/uploads\\\/screenshot_at_mar_16_15-32-50.png\",\"contentUrl\":\"https:\\\/\\\/www.meydan.tv\\\/wp-content\\\/uploads\\\/screenshot_at_mar_16_15-32-50.png\",\"width\":1394,\"height\":784,\"caption\":\"Source: Meydan.TV\"},{\"@type\":\"BreadcrumbList\",\"@id\":\"https:\\\/\\\/www.meydan.tv\\\/az\\\/article\\\/muharibe-istirakcisi-yaxsi-men-xeste-getmisem-niye-onda-meni-aparirdiz\\\/#breadcrumb\",\"itemListElement\":[{\"@type\":\"ListItem\",\"position\":1,\"name\":\"Ana s\u0259hif\u0259\",\"item\":\"https:\\\/\\\/www.meydan.tv\\\/az\\\/\"},{\"@type\":\"ListItem\",\"position\":2,\"name\":\"Video\",\"item\":\"https:\\\/\\\/www.meydan.tv\\\/az\\\/section\\\/video-2\\\/\"},{\"@type\":\"ListItem\",\"position\":3,\"name\":\"M\u00fcharib\u0259 i\u015ftirak\u00e7\u0131s\u0131: &#8220;Yax\u015f\u0131, m\u0259n x\u0259st\u0259 getmi\u015f\u0259m, niy\u0259 onda m\u0259ni apar\u0131rd\u0131z?&#8221;\"}]},{\"@type\":\"WebSite\",\"@id\":\"https:\\\/\\\/www.meydan.tv\\\/az\\\/#website\",\"url\":\"https:\\\/\\\/www.meydan.tv\\\/az\\\/\",\"name\":\"MEYDAN.TV\",\"description\":\"Meydan TV Az\u0259rbaycan\u0131n media m\u0259kan\u0131ndak\u0131 alternativ s\u0259sidir\",\"publisher\":{\"@id\":\"https:\\\/\\\/www.meydan.tv\\\/az\\\/#organization\"},\"potentialAction\":[{\"@type\":\"SearchAction\",\"target\":{\"@type\":\"EntryPoint\",\"urlTemplate\":\"https:\\\/\\\/www.meydan.tv\\\/az\\\/?s={search_term_string}\"},\"query-input\":{\"@type\":\"PropertyValueSpecification\",\"valueRequired\":true,\"valueName\":\"search_term_string\"}}],\"inLanguage\":\"az\"},{\"@type\":\"Organization\",\"@id\":\"https:\\\/\\\/www.meydan.tv\\\/az\\\/#organization\",\"name\":\"Meydan TV\",\"url\":\"https:\\\/\\\/www.meydan.tv\\\/az\\\/\",\"logo\":{\"@type\":\"ImageObject\",\"inLanguage\":\"az\",\"@id\":\"https:\\\/\\\/www.meydan.tv\\\/az\\\/#\\\/schema\\\/logo\\\/image\\\/\",\"url\":\"https:\\\/\\\/www.meydan.tv\\\/wp-content\\\/uploads\\\/2021\\\/07\\\/meydan-logo.svg\",\"contentUrl\":\"https:\\\/\\\/www.meydan.tv\\\/wp-content\\\/uploads\\\/2021\\\/07\\\/meydan-logo.svg\",\"width\":195,\"height\":46,\"caption\":\"Meydan TV\"},\"image\":{\"@id\":\"https:\\\/\\\/www.meydan.tv\\\/az\\\/#\\\/schema\\\/logo\\\/image\\\/\"}},{\"@type\":\"Person\",\"@id\":\"https:\\\/\\\/www.meydan.tv\\\/az\\\/#\\\/schema\\\/person\\\/10d11eccf6da3662cf5fdab9806ea91a\",\"name\":\"user-manager\"}]}<\/script>\n<!-- \/ Yoast SEO plugin. -->","yoast_head_json":{"title":"M\u00fcharib\u0259 i\u015ftirak\u00e7\u0131s\u0131: \"Yax\u015f\u0131, m\u0259n x\u0259st\u0259 getmi\u015f\u0259m, niy\u0259 onda m\u0259ni apar\u0131rd\u0131z?\" - MEYDAN.TV","robots":{"index":"index","follow":"follow","max-snippet":"max-snippet:-1","max-image-preview":"max-image-preview:large","max-video-preview":"max-video-preview:-1"},"canonical":"https:\/\/www.meydan.tv\/az\/article\/muharibe-istirakcisi-yaxsi-men-xeste-getmisem-niye-onda-meni-aparirdiz\/","og_locale":"az_AZ","og_type":"article","og_title":"M\u00fcharib\u0259 i\u015ftirak\u00e7\u0131s\u0131: \"Yax\u015f\u0131, m\u0259n x\u0259st\u0259 getmi\u015f\u0259m, niy\u0259 onda m\u0259ni apar\u0131rd\u0131z?\" - MEYDAN.TV","og_description":"Natiq Orucov II Qaraba\u011f m\u00fcharib\u0259sinin k\u00f6n\u00fcll\u00fc i\u015ftirak\u00e7\u0131s\u0131 olub. 2005-ci ild\u0259n ke\u00e7diyi ilk h\u0259rbi xidm\u0259t zaman\u0131 a\u011fciy\u0259rin v\u0259r\u0259mi x\u0259st\u0259liyin\u0259 yoluxdu\u011funu v\u0259 sonra tamamil\u0259 sa\u011fald\u0131\u011f\u0131n\u0131 deyir.","og_url":"https:\/\/www.meydan.tv\/az\/article\/muharibe-istirakcisi-yaxsi-men-xeste-getmisem-niye-onda-meni-aparirdiz\/","og_site_name":"MEYDAN.TV","article_published_time":"2021-03-16T20:08:23+00:00","og_image":[{"width":1200,"height":675,"url":"https:\/\/www.meydan.tv\/wp-content\/uploads\/screenshot_at_mar_16_15-32-50-1200x675.png","type":"image\/png"}],"author":"user-manager","twitter_card":"summary_large_image","schema":{"@context":"https:\/\/schema.org","@graph":[{"@type":"Article","@id":"https:\/\/www.meydan.tv\/az\/article\/muharibe-istirakcisi-yaxsi-men-xeste-getmisem-niye-onda-meni-aparirdiz\/#article","isPartOf":{"@id":"https:\/\/www.meydan.tv\/az\/article\/muharibe-istirakcisi-yaxsi-men-xeste-getmisem-niye-onda-meni-aparirdiz\/"},"author":{"name":"user-manager","@id":"https:\/\/www.meydan.tv\/az\/#\/schema\/person\/10d11eccf6da3662cf5fdab9806ea91a"},"headline":"M\u00fcharib\u0259 i\u015ftirak\u00e7\u0131s\u0131: &#8220;Yax\u015f\u0131, m\u0259n x\u0259st\u0259 getmi\u015f\u0259m, niy\u0259 onda m\u0259ni apar\u0131rd\u0131z?&#8221;","datePublished":"2021-03-16T20:08:23+00:00","mainEntityOfPage":{"@id":"https:\/\/www.meydan.tv\/az\/article\/muharibe-istirakcisi-yaxsi-men-xeste-getmisem-niye-onda-meni-aparirdiz\/"},"wordCount":207,"publisher":{"@id":"https:\/\/www.meydan.tv\/az\/#organization"},"image":{"@id":"https:\/\/www.meydan.tv\/az\/article\/muharibe-istirakcisi-yaxsi-men-xeste-getmisem-niye-onda-meni-aparirdiz\/#primaryimage"},"thumbnailUrl":"https:\/\/www.meydan.tv\/wp-content\/uploads\/screenshot_at_mar_16_15-32-50.png","articleSection":["Video"],"inLanguage":"az"},{"@type":"WebPage","@id":"https:\/\/www.meydan.tv\/az\/article\/muharibe-istirakcisi-yaxsi-men-xeste-getmisem-niye-onda-meni-aparirdiz\/","url":"https:\/\/www.meydan.tv\/az\/article\/muharibe-istirakcisi-yaxsi-men-xeste-getmisem-niye-onda-meni-aparirdiz\/","name":"M\u00fcharib\u0259 i\u015ftirak\u00e7\u0131s\u0131: \"Yax\u015f\u0131, m\u0259n x\u0259st\u0259 getmi\u015f\u0259m, niy\u0259 onda m\u0259ni apar\u0131rd\u0131z?\" - MEYDAN.TV","isPartOf":{"@id":"https:\/\/www.meydan.tv\/az\/#website"},"primaryImageOfPage":{"@id":"https:\/\/www.meydan.tv\/az\/article\/muharibe-istirakcisi-yaxsi-men-xeste-getmisem-niye-onda-meni-aparirdiz\/#primaryimage"},"image":{"@id":"https:\/\/www.meydan.tv\/az\/article\/muharibe-istirakcisi-yaxsi-men-xeste-getmisem-niye-onda-meni-aparirdiz\/#primaryimage"},"thumbnailUrl":"https:\/\/www.meydan.tv\/wp-content\/uploads\/screenshot_at_mar_16_15-32-50.png","datePublished":"2021-03-16T20:08:23+00:00","breadcrumb":{"@id":"https:\/\/www.meydan.tv\/az\/article\/muharibe-istirakcisi-yaxsi-men-xeste-getmisem-niye-onda-meni-aparirdiz\/#breadcrumb"},"inLanguage":"az","potentialAction":[{"@type":"ReadAction","target":["https:\/\/www.meydan.tv\/az\/article\/muharibe-istirakcisi-yaxsi-men-xeste-getmisem-niye-onda-meni-aparirdiz\/"]}]},{"@type":"ImageObject","inLanguage":"az","@id":"https:\/\/www.meydan.tv\/az\/article\/muharibe-istirakcisi-yaxsi-men-xeste-getmisem-niye-onda-meni-aparirdiz\/#primaryimage","url":"https:\/\/www.meydan.tv\/wp-content\/uploads\/screenshot_at_mar_16_15-32-50.png","contentUrl":"https:\/\/www.meydan.tv\/wp-content\/uploads\/screenshot_at_mar_16_15-32-50.png","width":1394,"height":784,"caption":"Source: Meydan.TV"},{"@type":"BreadcrumbList","@id":"https:\/\/www.meydan.tv\/az\/article\/muharibe-istirakcisi-yaxsi-men-xeste-getmisem-niye-onda-meni-aparirdiz\/#breadcrumb","itemListElement":[{"@type":"ListItem","position":1,"name":"Ana s\u0259hif\u0259","item":"https:\/\/www.meydan.tv\/az\/"},{"@type":"ListItem","position":2,"name":"Video","item":"https:\/\/www.meydan.tv\/az\/section\/video-2\/"},{"@type":"ListItem","position":3,"name":"M\u00fcharib\u0259 i\u015ftirak\u00e7\u0131s\u0131: &#8220;Yax\u015f\u0131, m\u0259n x\u0259st\u0259 getmi\u015f\u0259m, niy\u0259 onda m\u0259ni apar\u0131rd\u0131z?&#8221;"}]},{"@type":"WebSite","@id":"https:\/\/www.meydan.tv\/az\/#website","url":"https:\/\/www.meydan.tv\/az\/","name":"MEYDAN.TV","description":"Meydan TV Az\u0259rbaycan\u0131n media m\u0259kan\u0131ndak\u0131 alternativ s\u0259sidir","publisher":{"@id":"https:\/\/www.meydan.tv\/az\/#organization"},"potentialAction":[{"@type":"SearchAction","target":{"@type":"EntryPoint","urlTemplate":"https:\/\/www.meydan.tv\/az\/?s={search_term_string}"},"query-input":{"@type":"PropertyValueSpecification","valueRequired":true,"valueName":"search_term_string"}}],"inLanguage":"az"},{"@type":"Organization","@id":"https:\/\/www.meydan.tv\/az\/#organization","name":"Meydan TV","url":"https:\/\/www.meydan.tv\/az\/","logo":{"@type":"ImageObject","inLanguage":"az","@id":"https:\/\/www.meydan.tv\/az\/#\/schema\/logo\/image\/","url":"https:\/\/www.meydan.tv\/wp-content\/uploads\/2021\/07\/meydan-logo.svg","contentUrl":"https:\/\/www.meydan.tv\/wp-content\/uploads\/2021\/07\/meydan-logo.svg","width":195,"height":46,"caption":"Meydan TV"},"image":{"@id":"https:\/\/www.meydan.tv\/az\/#\/schema\/logo\/image\/"}},{"@type":"Person","@id":"https:\/\/www.meydan.tv\/az\/#\/schema\/person\/10d11eccf6da3662cf5fdab9806ea91a","name":"user-manager"}]}},"_links":{"self":[{"href":"https:\/\/www.meydan.tv\/az\/wp-json\/wp\/v2\/posts\/205394","targetHints":{"allow":["GET"]}}],"collection":[{"href":"https:\/\/www.meydan.tv\/az\/wp-json\/wp\/v2\/posts"}],"about":[{"href":"https:\/\/www.meydan.tv\/az\/wp-json\/wp\/v2\/types\/post"}],"author":[{"embeddable":true,"href":"https:\/\/www.meydan.tv\/az\/wp-json\/wp\/v2\/users\/11"}],"replies":[{"embeddable":true,"href":"https:\/\/www.meydan.tv\/az\/wp-json\/wp\/v2\/comments?post=205394"}],"version-history":[{"count":0,"href":"https:\/\/www.meydan.tv\/az\/wp-json\/wp\/v2\/posts\/205394\/revisions"}],"wp:featuredmedia":[{"embeddable":true,"href":"https:\/\/www.meydan.tv\/az\/wp-json\/wp\/v2\/media\/157826"}],"wp:attachment":[{"href":"https:\/\/www.meydan.tv\/az\/wp-json\/wp\/v2\/media?parent=205394"}],"wp:term":[{"taxonomy":"category","embeddable":true,"href":"https:\/\/www.meydan.tv\/az\/wp-json\/wp\/v2\/categories?post=205394"},{"taxonomy":"post_tag","embeddable":true,"href":"https:\/\/www.meydan.tv\/az\/wp-json\/wp\/v2\/tags?post=205394"}],"curies":[{"name":"wp","href":"https:\/\/api.w.org\/{rel}","templated":true}]}}