{"id":205381,"date":"2021-03-16T12:47:51","date_gmt":"2021-03-16T12:47:51","guid":{"rendered":"https:\/\/www.meydan.tv\/article\/oskarin-builki-nazmizedlerini-aciqlanib\/"},"modified":"2021-03-16T12:47:51","modified_gmt":"2021-03-16T12:47:51","slug":"oskarin-builki-nazmizedlerini-aciqlanib","status":"publish","type":"post","link":"https:\/\/www.meydan.tv\/az\/article\/oskarin-builki-nazmizedlerini-aciqlanib\/","title":{"rendered":"\u201cOskar\u201d\u0131n builki namiz\u0259dl\u0259ri a\u00e7\u0131qlan\u0131b"},"content":{"rendered":"<p>\n  <i><br \/>\n    M\u0259rasim aprelin 25-d\u0259 Los-Ancelesd\u0259 ba\u015f tutacaq<br \/>\n  <\/i>\n<\/p>\n<p>\n  Amerikan\u0131n H\u0259r\u0259k\u0259tli \u015e\u0259kil S\u0259n\u0259tl\u0259ri v\u0259 Elml\u0259ri Akademiyas\u0131 \u201cOskar\u201d m\u00fckafat\u0131n\u0131n builki namiz\u0259dl\u0259rini a\u00e7\u0131qlay\u0131b.\n<\/p>\n<p>\n  Namiz\u0259dl\u0259rin ad\u0131n\u0131 canl\u0131 yay\u0131mda Bollivud aktrisas\u0131 Priyanka \u00c7opra v\u0259 h\u0259yat yolda\u015f\u0131, pop-ifa\u00e7\u0131s\u0131 Nik Conas s\u0259sl\u0259ndirib.\n<\/p>\n<p>\n  Son on ild\u0259 m\u00fcxt\u0259lif qalmaqallarla m\u00fc\u015fayi\u0259t olunmas\u0131na baxmayaraq, \u201cOskar\u201d d\u00fcnya kinematoqrafiyas\u0131n\u0131n prestijli m\u00fckafat\u0131 olaraq qal\u0131r.\n<\/p>\n<p>\n  Uzun m\u00fcdd\u0259t Akademiya irqi v\u0259 cinsi ayr\u0131-se\u00e7kilikd\u0259 ittiham edilib.\n<\/p>\n<p>\n  Bu qalmqallardan \u0259n s\u0259s-k\u00fcyl\u00fcs\u00fc Akademiya \u00fczvl\u0259rinin b\u00f6y\u00fck \u0259ks\u0259riyy\u0259tinin 50 ya\u015fdan yuxar\u0131 a\u011fd\u0259rili oldu\u011funa diqq\u0259t \u00e7\u0259k\u0259n #OscarsSoWhite kampaniyas\u0131 olub.\n<\/p>\n<p>\n  Bundan sonra Akademiya m\u00fcnsifl\u0259r hey\u0259tinin t\u0259rkibini 35 faiz art\u0131raraq, qad\u0131nlar\u0131n, irqi azl\u0131qlar\u0131n v\u0259 xarici rejissorlar\u0131n i\u015ftirak\u0131n\u0131 t\u0259min edib.\n<\/p>\n<p>\n  Ard\u0131nca 2020-ci ild\u0259n is\u0259 irqi azl\u0131qlar\u0131n \u201cOskar\u201d nominasiyal\u0131 filml\u0259rin \u00e7\u0259kili\u015f qruplar\u0131nda v\u0259 istehsal \u015firk\u0259tl\u0259rind\u0259 t\u0259msil olunmas\u0131 \u00fc\u00e7\u00fcn standartlar t\u0259tbiq olunub.\n<\/p>\n<p>\n  <b><br \/>\n    S\u0259kkiz ekran \u0259s\u0259ri ilin \u201c\u018fn yax\u015f\u0131 filmi\u201d u\u011frunda yar\u0131\u015facaq<br \/>\n  <\/b>\n<\/p>\n<p>\n  Film Akademiyas\u0131 2021-ci il \u00fc\u00e7\u00fcn \u201c\u018fn yax\u015f\u0131 film\u201d kateqoriyas\u0131na on namiz\u0259d ir\u0259li s\u00fcrm\u00fc\u015fd\u00fc. Lakin yeni n\u00f6v koronavirus pandemiyas\u0131 film yarad\u0131c\u0131lar\u0131n\u0131n i\u015fin\u0259 \u0259ng\u0259l t\u00f6r\u0259tdiyi \u00fc\u00e7\u00fcn yaln\u0131z s\u0259kkiz film \u201cOskar\u201d\u0131n bu nominasiyas\u0131na layiq g\u00f6r\u00fcl\u00fcb.\n<\/p>\n<p>\n  \u018fn yax\u015f\u0131 film kateqoriyas\u0131nda namiz\u0259dl\u0259r:\n<\/p>\n<p>\n  \u201cNomadland\u201d, 2020, Xloya \u00c7jao;\n<\/p>\n<p>\n  \u201cThe Father\u201d, 2020, Florian Zeller;\n<\/p>\n<p>\n  \u201cMank\u201d, 2020, Devid Fin\u00e7er;\n<\/p>\n<p>\n  \u201cJudas and the Black Messiah\u201d, 2021, \u015eaki Kinq;\n<\/p>\n<p>\n  \u201cMinari\u201d, 2020, Li Ayzek \u00c7un;\n<\/p>\n<p>\n  \u201cPromising Young Woman\u201d, 2020, Emirald Fennel;\n<\/p>\n<p>\n  \u201cSound of Metal\u201d, 2019, Darius Marder;\n<\/p>\n<p>\n  \u201cThe Trial of the Chicago 7\u201d, 2020, Aaron Sorkin.\n<\/p>\n<p>\n  \u201c<br \/>\n  <b><br \/>\n    Oskar\u201d tarixind\u0259 ikinci d\u0259f\u0259 \u201c\u018fn yax\u015f\u0131 rejissor\u201d qad\u0131n ola bil\u0259r<br \/>\n  <\/b>\n<\/p>\n<p>\n  \u0130kinci \u0259n vacib nominasiya say\u0131lan \u201c\u018fn yax\u015f\u0131 rejissor\u201d m\u00fckafat\u0131 m\u00fcbahis\u0259li n\u00fcfuza sahibdir. \u201cOskar\u201d\u0131n doxsan illik tarixind\u0259 yaln\u0131z bir d\u0259f\u0259 qad\u0131n rejissor Ketrin Biqelou (\u201cThe Hurt Locker\u201d, 2010) bu nominasiyada m\u00fckafata layiq g\u00f6r\u00fcl\u00fcb.\n<\/p>\n<p>\n  Builki namiz\u0259dl\u0259r aras\u0131nda Hloya \u00c7jao (\u201cK\u00f6\u00e7\u0259ri torpaqlar\u0131), Emirald Fennel (\u201c\u00dcmid ver\u0259n g\u0259nc qad\u0131n\u201d) var. \u201c\u018fn yax\u015f\u0131 rejossor\u201d u\u011frunda Tomas Vintenberq (\u201cDaha bir q\u0259d\u0259h\u201d), Devid Fin\u00e7er (\u201cMank\u201d) v\u0259 Li Ayzek \u00c7un (\u201cMinari\u201d) m\u00fcbariz\u0259 aparacaq.\n<\/p>\n<p>\n  \u201c\u018fn yax\u015f\u0131 xarici film\u201d ad\u0131 u\u011frunda be\u015f ekran i\u015fi m\u00fcbariz\u0259 aparacaq:\n<\/p>\n<p>\n  \u201cDruk\u201d;\n<\/p>\n<p>\n  \u201cColectiv\u201d, 2019;\n<\/p>\n<p>\n  \u201cThe Man Who Sold His Skin\u201d, 2019;\n<\/p>\n<p>\n  \u201cQuo vadis, Aida?\u201d, 2020;\n<\/p>\n<p>\n  \u201cShao nian de ni\u201d, 2019.\n<\/p>\n<p>\n  \u201c<br \/>\n  <b><br \/>\n    \u018fn yax\u015f\u0131 aktyor\u201dlara namiz\u0259d aras\u0131nda x\u0259r\u00e7\u0259ngd\u0259n \u00f6l\u0259n aktyor da var<br \/>\n  <\/b>\n<\/p>\n<p>\n  Bu nominasiya \u00fczr\u0259 favoritl\u0259rd\u0259n biri d\u0259 \u00f6t\u0259n il x\u0259r\u00e7\u0259ng x\u0259st\u0259liyind\u0259n v\u0259fat etmi\u015f aktyor \u00c7edvik Bouzmand\u0131r. Aktyor \u201cMa Rainey&#x27;s Black Bottom\u201d avtobioqrafik filmin\u0259 g\u00f6r\u0259 \u00f6l\u00fcm\u00fcnd\u0259n sonra \u201cQ\u0131z\u0131l Qlobus\u201d m\u00fckafat\u0131na layiq g\u00f6r\u00fcl\u00fcb.\n<\/p>\n<p>\n  \u201c\u018fn yax\u015f\u0131 aktyor\u201d ad\u0131 u\u011frunda h\u0259m\u00e7inin Entoni Hopkins (\u201cThe Father\u201d), Riz Ahmad (\u201cSound of Metal\u201d), Hari Oldman (\u201cMank\u201d), Stiven Yan (\u201cMinari\u201d) yar\u0131\u015facaq. Nominasiya say\u0131na g\u00f6r\u0259 liderlik Devid Fin\u00e7erin \u201cMank\u201d filmidir. Avtobioqrafik film on kateqoriya \u00fczr\u0259 namiz\u0259dliy\u0259 ir\u0259li s\u00fcr\u00fcl\u00fcb.\n<\/p>\n<p>\n  \u201c\u018fn yax\u015f\u0131 aktrisa\u201d u\u011frunda is\u0259&#8230;\n<\/p>\n<p>\n  Keri Malliqan (\u201cPromising Young Woman\u201d);\n<\/p>\n<p>\n  Vanessa Kirbi (\u201cPieces of a Woman\u201d, 2020);\n<\/p>\n<p>\n  Frensis Makdormand (\u201cNomadland\u201d);\n<\/p>\n<p>\n  Andra Dey (\u201cThe United States vs. Billie Holiday\u201d, 2021);\n<\/p>\n<p>\n  Viola Devis (\u201cMa Rainey&#x27;s Black Bottom\u201d) yar\u0131\u015facaq.\n<\/p>\n<p>\n  \u201cOskar\u201d pandemiyaya g\u00f6r\u0259 iki ay t\u0259xir\u0259 sal\u0131n\u0131b\n<\/p>\n<p>\n  93-c\u00fc \u201cOskar\u201d m\u0259rasimi aprelin 25-d\u0259 Los-Ancelesd\u0259 t\u0259\u015fkil edil\u0259c\u0259k.\n<\/p>\n<p>\n  M\u0259rasimin daha \u0259vv\u0259l fevralda ke\u00e7irilm\u0259si planla\u015fd\u0131r\u0131lsa da, pandemiyaya g\u00f6r\u0259 ert\u0259l\u0259nib. Akademiya m\u0259rasimi \u0259n\u0259n\u0259vi formatda, y\u0259ni Hollivuddak\u0131 \u201cDolbi Teatr\u0131\u201dnda (\u201cDolby Theatre\u201d) apar\u0131c\u0131lar\u0131n, namiz\u0259dl\u0259rin, h\u0259m\u00e7inin gec\u0259nin qonaqlar\u0131n\u0131n tam i\u015ftirak\u0131 il\u0259 ke\u00e7irm\u0259yi planla\u015fd\u0131r\u0131r.<\/p>\n","protected":false},"excerpt":{"rendered":"<p>M\u0259rasim aprelin 25-d\u0259 Los-Ancelesd\u0259 ba\u015f tutacaq<\/p>\n","protected":false},"author":11,"featured_media":157781,"comment_status":"closed","ping_status":"open","sticky":false,"template":"","format":"standard","meta":{"_acf_changed":false,"_sitemap_exclude":false,"_sitemap_priority":"","_sitemap_frequency":"","footnotes":""},"categories":[52],"tags":[],"class_list":["post-205381","post","type-post","status-publish","format-standard","has-post-thumbnail","hentry","category-medeniyyet","infinite-scroll-item","generate-columns","tablet-grid-50","mobile-grid-100","grid-parent","grid-33","no-featured-image-padding"],"acf":[],"yoast_head":"<!-- This site is optimized with the Yoast SEO plugin v27.4 - https:\/\/yoast.com\/product\/yoast-seo-wordpress\/ -->\n<title>\u201cOskar\u201d\u0131n builki namiz\u0259dl\u0259ri a\u00e7\u0131qlan\u0131b - MEYDAN.TV<\/title>\n<meta name=\"robots\" content=\"index, follow, max-snippet:-1, max-image-preview:large, max-video-preview:-1\" \/>\n<link rel=\"canonical\" href=\"https:\/\/www.meydan.tv\/az\/article\/oskarin-builki-nazmizedlerini-aciqlanib\/\" \/>\n<meta property=\"og:locale\" content=\"az_AZ\" \/>\n<meta property=\"og:type\" content=\"article\" \/>\n<meta property=\"og:title\" content=\"\u201cOskar\u201d\u0131n builki namiz\u0259dl\u0259ri a\u00e7\u0131qlan\u0131b - MEYDAN.TV\" \/>\n<meta property=\"og:description\" content=\"M\u0259rasim aprelin 25-d\u0259 Los-Ancelesd\u0259 ba\u015f tutacaq\" \/>\n<meta property=\"og:url\" content=\"https:\/\/www.meydan.tv\/az\/article\/oskarin-builki-nazmizedlerini-aciqlanib\/\" \/>\n<meta property=\"og:site_name\" content=\"MEYDAN.TV\" \/>\n<meta property=\"article:published_time\" content=\"2021-03-16T12:47:51+00:00\" \/>\n<meta property=\"og:image\" content=\"https:\/\/www.meydan.tv\/wp-content\/uploads\/bffea81f-c4d2-46f5-ba00-8e77a6b84f35.jpeg\" \/>\n\t<meta property=\"og:image:width\" content=\"1920\" \/>\n\t<meta property=\"og:image:height\" content=\"1080\" \/>\n\t<meta property=\"og:image:type\" content=\"image\/jpeg\" \/>\n<meta name=\"author\" content=\"user-manager\" \/>\n<meta name=\"twitter:card\" content=\"summary_large_image\" \/>\n<script type=\"application\/ld+json\" class=\"yoast-schema-graph\">{\"@context\":\"https:\\\/\\\/schema.org\",\"@graph\":[{\"@type\":\"Article\",\"@id\":\"https:\\\/\\\/www.meydan.tv\\\/az\\\/article\\\/oskarin-builki-nazmizedlerini-aciqlanib\\\/#article\",\"isPartOf\":{\"@id\":\"https:\\\/\\\/www.meydan.tv\\\/az\\\/article\\\/oskarin-builki-nazmizedlerini-aciqlanib\\\/\"},\"author\":{\"name\":\"user-manager\",\"@id\":\"https:\\\/\\\/www.meydan.tv\\\/az\\\/#\\\/schema\\\/person\\\/10d11eccf6da3662cf5fdab9806ea91a\"},\"headline\":\"\u201cOskar\u201d\u0131n builki namiz\u0259dl\u0259ri a\u00e7\u0131qlan\u0131b\",\"datePublished\":\"2021-03-16T12:47:51+00:00\",\"mainEntityOfPage\":{\"@id\":\"https:\\\/\\\/www.meydan.tv\\\/az\\\/article\\\/oskarin-builki-nazmizedlerini-aciqlanib\\\/\"},\"wordCount\":681,\"publisher\":{\"@id\":\"https:\\\/\\\/www.meydan.tv\\\/az\\\/#organization\"},\"image\":{\"@id\":\"https:\\\/\\\/www.meydan.tv\\\/az\\\/article\\\/oskarin-builki-nazmizedlerini-aciqlanib\\\/#primaryimage\"},\"thumbnailUrl\":\"https:\\\/\\\/www.meydan.tv\\\/wp-content\\\/uploads\\\/bffea81f-c4d2-46f5-ba00-8e77a6b84f35-e1678703888203.jpeg\",\"articleSection\":[\"M\u0259d\u0259niyy\u0259t\"],\"inLanguage\":\"az\"},{\"@type\":\"WebPage\",\"@id\":\"https:\\\/\\\/www.meydan.tv\\\/az\\\/article\\\/oskarin-builki-nazmizedlerini-aciqlanib\\\/\",\"url\":\"https:\\\/\\\/www.meydan.tv\\\/az\\\/article\\\/oskarin-builki-nazmizedlerini-aciqlanib\\\/\",\"name\":\"\u201cOskar\u201d\u0131n builki namiz\u0259dl\u0259ri a\u00e7\u0131qlan\u0131b - MEYDAN.TV\",\"isPartOf\":{\"@id\":\"https:\\\/\\\/www.meydan.tv\\\/az\\\/#website\"},\"primaryImageOfPage\":{\"@id\":\"https:\\\/\\\/www.meydan.tv\\\/az\\\/article\\\/oskarin-builki-nazmizedlerini-aciqlanib\\\/#primaryimage\"},\"image\":{\"@id\":\"https:\\\/\\\/www.meydan.tv\\\/az\\\/article\\\/oskarin-builki-nazmizedlerini-aciqlanib\\\/#primaryimage\"},\"thumbnailUrl\":\"https:\\\/\\\/www.meydan.tv\\\/wp-content\\\/uploads\\\/bffea81f-c4d2-46f5-ba00-8e77a6b84f35-e1678703888203.jpeg\",\"datePublished\":\"2021-03-16T12:47:51+00:00\",\"breadcrumb\":{\"@id\":\"https:\\\/\\\/www.meydan.tv\\\/az\\\/article\\\/oskarin-builki-nazmizedlerini-aciqlanib\\\/#breadcrumb\"},\"inLanguage\":\"az\",\"potentialAction\":[{\"@type\":\"ReadAction\",\"target\":[\"https:\\\/\\\/www.meydan.tv\\\/az\\\/article\\\/oskarin-builki-nazmizedlerini-aciqlanib\\\/\"]}]},{\"@type\":\"ImageObject\",\"inLanguage\":\"az\",\"@id\":\"https:\\\/\\\/www.meydan.tv\\\/az\\\/article\\\/oskarin-builki-nazmizedlerini-aciqlanib\\\/#primaryimage\",\"url\":\"https:\\\/\\\/www.meydan.tv\\\/wp-content\\\/uploads\\\/bffea81f-c4d2-46f5-ba00-8e77a6b84f35-e1678703888203.jpeg\",\"contentUrl\":\"https:\\\/\\\/www.meydan.tv\\\/wp-content\\\/uploads\\\/bffea81f-c4d2-46f5-ba00-8e77a6b84f35-e1678703888203.jpeg\",\"width\":1920,\"height\":955,\"caption\":\"Foto: Oscar\"},{\"@type\":\"BreadcrumbList\",\"@id\":\"https:\\\/\\\/www.meydan.tv\\\/az\\\/article\\\/oskarin-builki-nazmizedlerini-aciqlanib\\\/#breadcrumb\",\"itemListElement\":[{\"@type\":\"ListItem\",\"position\":1,\"name\":\"Ana s\u0259hif\u0259\",\"item\":\"https:\\\/\\\/www.meydan.tv\\\/az\\\/\"},{\"@type\":\"ListItem\",\"position\":2,\"name\":\"M\u0259d\u0259niyy\u0259t\",\"item\":\"https:\\\/\\\/www.meydan.tv\\\/az\\\/section\\\/medeniyyet\\\/\"},{\"@type\":\"ListItem\",\"position\":3,\"name\":\"\u201cOskar\u201d\u0131n builki namiz\u0259dl\u0259ri a\u00e7\u0131qlan\u0131b\"}]},{\"@type\":\"WebSite\",\"@id\":\"https:\\\/\\\/www.meydan.tv\\\/az\\\/#website\",\"url\":\"https:\\\/\\\/www.meydan.tv\\\/az\\\/\",\"name\":\"MEYDAN.TV\",\"description\":\"Meydan TV Az\u0259rbaycan\u0131n media m\u0259kan\u0131ndak\u0131 alternativ s\u0259sidir\",\"publisher\":{\"@id\":\"https:\\\/\\\/www.meydan.tv\\\/az\\\/#organization\"},\"potentialAction\":[{\"@type\":\"SearchAction\",\"target\":{\"@type\":\"EntryPoint\",\"urlTemplate\":\"https:\\\/\\\/www.meydan.tv\\\/az\\\/?s={search_term_string}\"},\"query-input\":{\"@type\":\"PropertyValueSpecification\",\"valueRequired\":true,\"valueName\":\"search_term_string\"}}],\"inLanguage\":\"az\"},{\"@type\":\"Organization\",\"@id\":\"https:\\\/\\\/www.meydan.tv\\\/az\\\/#organization\",\"name\":\"Meydan TV\",\"url\":\"https:\\\/\\\/www.meydan.tv\\\/az\\\/\",\"logo\":{\"@type\":\"ImageObject\",\"inLanguage\":\"az\",\"@id\":\"https:\\\/\\\/www.meydan.tv\\\/az\\\/#\\\/schema\\\/logo\\\/image\\\/\",\"url\":\"https:\\\/\\\/www.meydan.tv\\\/wp-content\\\/uploads\\\/2021\\\/07\\\/meydan-logo.svg\",\"contentUrl\":\"https:\\\/\\\/www.meydan.tv\\\/wp-content\\\/uploads\\\/2021\\\/07\\\/meydan-logo.svg\",\"width\":195,\"height\":46,\"caption\":\"Meydan TV\"},\"image\":{\"@id\":\"https:\\\/\\\/www.meydan.tv\\\/az\\\/#\\\/schema\\\/logo\\\/image\\\/\"}},{\"@type\":\"Person\",\"@id\":\"https:\\\/\\\/www.meydan.tv\\\/az\\\/#\\\/schema\\\/person\\\/10d11eccf6da3662cf5fdab9806ea91a\",\"name\":\"user-manager\"}]}<\/script>\n<!-- \/ Yoast SEO plugin. -->","yoast_head_json":{"title":"\u201cOskar\u201d\u0131n builki namiz\u0259dl\u0259ri a\u00e7\u0131qlan\u0131b - MEYDAN.TV","robots":{"index":"index","follow":"follow","max-snippet":"max-snippet:-1","max-image-preview":"max-image-preview:large","max-video-preview":"max-video-preview:-1"},"canonical":"https:\/\/www.meydan.tv\/az\/article\/oskarin-builki-nazmizedlerini-aciqlanib\/","og_locale":"az_AZ","og_type":"article","og_title":"\u201cOskar\u201d\u0131n builki namiz\u0259dl\u0259ri a\u00e7\u0131qlan\u0131b - MEYDAN.TV","og_description":"M\u0259rasim aprelin 25-d\u0259 Los-Ancelesd\u0259 ba\u015f tutacaq","og_url":"https:\/\/www.meydan.tv\/az\/article\/oskarin-builki-nazmizedlerini-aciqlanib\/","og_site_name":"MEYDAN.TV","article_published_time":"2021-03-16T12:47:51+00:00","og_image":[{"width":1920,"height":1080,"url":"https:\/\/www.meydan.tv\/wp-content\/uploads\/bffea81f-c4d2-46f5-ba00-8e77a6b84f35.jpeg","type":"image\/jpeg"}],"author":"user-manager","twitter_card":"summary_large_image","schema":{"@context":"https:\/\/schema.org","@graph":[{"@type":"Article","@id":"https:\/\/www.meydan.tv\/az\/article\/oskarin-builki-nazmizedlerini-aciqlanib\/#article","isPartOf":{"@id":"https:\/\/www.meydan.tv\/az\/article\/oskarin-builki-nazmizedlerini-aciqlanib\/"},"author":{"name":"user-manager","@id":"https:\/\/www.meydan.tv\/az\/#\/schema\/person\/10d11eccf6da3662cf5fdab9806ea91a"},"headline":"\u201cOskar\u201d\u0131n builki namiz\u0259dl\u0259ri a\u00e7\u0131qlan\u0131b","datePublished":"2021-03-16T12:47:51+00:00","mainEntityOfPage":{"@id":"https:\/\/www.meydan.tv\/az\/article\/oskarin-builki-nazmizedlerini-aciqlanib\/"},"wordCount":681,"publisher":{"@id":"https:\/\/www.meydan.tv\/az\/#organization"},"image":{"@id":"https:\/\/www.meydan.tv\/az\/article\/oskarin-builki-nazmizedlerini-aciqlanib\/#primaryimage"},"thumbnailUrl":"https:\/\/www.meydan.tv\/wp-content\/uploads\/bffea81f-c4d2-46f5-ba00-8e77a6b84f35-e1678703888203.jpeg","articleSection":["M\u0259d\u0259niyy\u0259t"],"inLanguage":"az"},{"@type":"WebPage","@id":"https:\/\/www.meydan.tv\/az\/article\/oskarin-builki-nazmizedlerini-aciqlanib\/","url":"https:\/\/www.meydan.tv\/az\/article\/oskarin-builki-nazmizedlerini-aciqlanib\/","name":"\u201cOskar\u201d\u0131n builki namiz\u0259dl\u0259ri a\u00e7\u0131qlan\u0131b - MEYDAN.TV","isPartOf":{"@id":"https:\/\/www.meydan.tv\/az\/#website"},"primaryImageOfPage":{"@id":"https:\/\/www.meydan.tv\/az\/article\/oskarin-builki-nazmizedlerini-aciqlanib\/#primaryimage"},"image":{"@id":"https:\/\/www.meydan.tv\/az\/article\/oskarin-builki-nazmizedlerini-aciqlanib\/#primaryimage"},"thumbnailUrl":"https:\/\/www.meydan.tv\/wp-content\/uploads\/bffea81f-c4d2-46f5-ba00-8e77a6b84f35-e1678703888203.jpeg","datePublished":"2021-03-16T12:47:51+00:00","breadcrumb":{"@id":"https:\/\/www.meydan.tv\/az\/article\/oskarin-builki-nazmizedlerini-aciqlanib\/#breadcrumb"},"inLanguage":"az","potentialAction":[{"@type":"ReadAction","target":["https:\/\/www.meydan.tv\/az\/article\/oskarin-builki-nazmizedlerini-aciqlanib\/"]}]},{"@type":"ImageObject","inLanguage":"az","@id":"https:\/\/www.meydan.tv\/az\/article\/oskarin-builki-nazmizedlerini-aciqlanib\/#primaryimage","url":"https:\/\/www.meydan.tv\/wp-content\/uploads\/bffea81f-c4d2-46f5-ba00-8e77a6b84f35-e1678703888203.jpeg","contentUrl":"https:\/\/www.meydan.tv\/wp-content\/uploads\/bffea81f-c4d2-46f5-ba00-8e77a6b84f35-e1678703888203.jpeg","width":1920,"height":955,"caption":"Foto: Oscar"},{"@type":"BreadcrumbList","@id":"https:\/\/www.meydan.tv\/az\/article\/oskarin-builki-nazmizedlerini-aciqlanib\/#breadcrumb","itemListElement":[{"@type":"ListItem","position":1,"name":"Ana s\u0259hif\u0259","item":"https:\/\/www.meydan.tv\/az\/"},{"@type":"ListItem","position":2,"name":"M\u0259d\u0259niyy\u0259t","item":"https:\/\/www.meydan.tv\/az\/section\/medeniyyet\/"},{"@type":"ListItem","position":3,"name":"\u201cOskar\u201d\u0131n builki namiz\u0259dl\u0259ri a\u00e7\u0131qlan\u0131b"}]},{"@type":"WebSite","@id":"https:\/\/www.meydan.tv\/az\/#website","url":"https:\/\/www.meydan.tv\/az\/","name":"MEYDAN.TV","description":"Meydan TV Az\u0259rbaycan\u0131n media m\u0259kan\u0131ndak\u0131 alternativ s\u0259sidir","publisher":{"@id":"https:\/\/www.meydan.tv\/az\/#organization"},"potentialAction":[{"@type":"SearchAction","target":{"@type":"EntryPoint","urlTemplate":"https:\/\/www.meydan.tv\/az\/?s={search_term_string}"},"query-input":{"@type":"PropertyValueSpecification","valueRequired":true,"valueName":"search_term_string"}}],"inLanguage":"az"},{"@type":"Organization","@id":"https:\/\/www.meydan.tv\/az\/#organization","name":"Meydan TV","url":"https:\/\/www.meydan.tv\/az\/","logo":{"@type":"ImageObject","inLanguage":"az","@id":"https:\/\/www.meydan.tv\/az\/#\/schema\/logo\/image\/","url":"https:\/\/www.meydan.tv\/wp-content\/uploads\/2021\/07\/meydan-logo.svg","contentUrl":"https:\/\/www.meydan.tv\/wp-content\/uploads\/2021\/07\/meydan-logo.svg","width":195,"height":46,"caption":"Meydan TV"},"image":{"@id":"https:\/\/www.meydan.tv\/az\/#\/schema\/logo\/image\/"}},{"@type":"Person","@id":"https:\/\/www.meydan.tv\/az\/#\/schema\/person\/10d11eccf6da3662cf5fdab9806ea91a","name":"user-manager"}]}},"_links":{"self":[{"href":"https:\/\/www.meydan.tv\/az\/wp-json\/wp\/v2\/posts\/205381","targetHints":{"allow":["GET"]}}],"collection":[{"href":"https:\/\/www.meydan.tv\/az\/wp-json\/wp\/v2\/posts"}],"about":[{"href":"https:\/\/www.meydan.tv\/az\/wp-json\/wp\/v2\/types\/post"}],"author":[{"embeddable":true,"href":"https:\/\/www.meydan.tv\/az\/wp-json\/wp\/v2\/users\/11"}],"replies":[{"embeddable":true,"href":"https:\/\/www.meydan.tv\/az\/wp-json\/wp\/v2\/comments?post=205381"}],"version-history":[{"count":0,"href":"https:\/\/www.meydan.tv\/az\/wp-json\/wp\/v2\/posts\/205381\/revisions"}],"wp:featuredmedia":[{"embeddable":true,"href":"https:\/\/www.meydan.tv\/az\/wp-json\/wp\/v2\/media\/157781"}],"wp:attachment":[{"href":"https:\/\/www.meydan.tv\/az\/wp-json\/wp\/v2\/media?parent=205381"}],"wp:term":[{"taxonomy":"category","embeddable":true,"href":"https:\/\/www.meydan.tv\/az\/wp-json\/wp\/v2\/categories?post=205381"},{"taxonomy":"post_tag","embeddable":true,"href":"https:\/\/www.meydan.tv\/az\/wp-json\/wp\/v2\/tags?post=205381"}],"curies":[{"name":"wp","href":"https:\/\/api.w.org\/{rel}","templated":true}]}}