{"id":205314,"date":"2021-03-11T09:23:03","date_gmt":"2021-03-11T09:23:03","guid":{"rendered":"https:\/\/www.meydan.tv\/article\/tehsil-naziri-mekteblerde-zorakiliga-qarsi-yeni-mexanizm-hazirlanib\/"},"modified":"2021-03-11T09:23:03","modified_gmt":"2021-03-11T09:23:03","slug":"tehsil-naziri-mekteblerde-zorakiliga-qarsi-yeni-mexanizm-hazirlanib","status":"publish","type":"post","link":"https:\/\/www.meydan.tv\/az\/article\/tehsil-naziri-mekteblerde-zorakiliga-qarsi-yeni-mexanizm-hazirlanib\/","title":{"rendered":"T\u0259hsil naziri: M\u0259kt\u0259bl\u0259rd\u0259 zorak\u0131l\u0131\u011fa qar\u015f\u0131 yeni mexanizm haz\u0131rlan\u0131b"},"content":{"rendered":"<p>\n  <i><br \/>\n    \u201cBulinql\u0259 m\u00fcbariz\u0259y\u0259 dair 2 min direktora, 4 min m\u00fc\u0259llim\u0259 t\u0259lim ke\u00e7irilib\u201d<br \/>\n  <\/i>\n<\/p>\n<p>\n  \u201c\u015eagirdl\u0259rin akademik nailiyy\u0259tl\u0259ri il\u0259 yana\u015f\u0131, onlar\u0131n psixoloji sa\u011flaml\u0131\u011f\u0131, t\u0259hl\u00fck\u0259sizliyi v\u0259 rifah\u0131 da vacib m\u0259s\u0259l\u0259dir. Ail\u0259daxili m\u00fcnasib\u0259tl\u0259r, m\u00fc\u0259lliml\u0259rin, m\u0259kt\u0259b psixoloqlar\u0131n\u0131n v\u0259 r\u0259hb\u0259rl\u0259rinin \u015fagirdl\u0259rl\u0259 qurdu\u011fu \u00fcnsiyy\u0259tin d\u00fczg\u00fcn qurulmas\u0131 m\u00fch\u00fcm m\u0259s\u0259l\u0259dir\u201d.\n<\/p>\n<p>\n  Bunu t\u0259hsil naziri Emin \u018fmrullayev \u201cFacebook\u201d sosial \u015f\u0259b\u0259k\u0259sind\u0259 yaz\u0131b.\n<\/p>\n<p>\n  Nazir qeyd edib ki, q\u0131snama (bullinq) v\u0259 \u015fagirdl\u0259r\u0259 qar\u015f\u0131 zorak\u0131l\u0131q hallar\u0131n\u0131n m\u00fc\u0259yy\u0259n edilm\u0259si, qeydiyyat\u0131n apar\u0131lmas\u0131, bu kimi hallar\u0131n ara\u015fd\u0131r\u0131lmas\u0131 v\u0259 z\u0259ruri t\u0259dbirl\u0259rin g\u00f6r\u00fclm\u0259sin\u0259 dair profilaktika mexanizml\u0259ri haz\u0131rlan\u0131b: \u201cM\u0259kt\u0259bdaxili q\u0131snama hallar\u0131 il\u0259 m\u00fcbariz\u0259, \u0259n\u0259n\u0259vi v\u0259 sosial mediada yeniyetm\u0259l\u0259rl\u0259 ba\u011fl\u0131 h\u0259ssas m\u0259qamlar\u0131n d\u00fczg\u00fcn \u0259ks etdirilm\u0259si v\u0259 dig\u0259r faktorlar\u0131n h\u0259yat\u0131m\u0131za yax\u0131ndan t\u0259sir etdiyinin \u015fahidi oluruq. Yeni mexanizm yax\u0131n g\u0259l\u0259c\u0259kd\u0259 m\u0259kt\u0259bl\u0259rd\u0259 t\u0259tbiq edil\u0259c\u0259k\u201d.\n<\/p>\n<p>\n  Nazir bildirib ki, bullinql\u0259 m\u00fcbariz\u0259y\u0259 dair d\u00f6rd min m\u00fc\u0259llim\u0259 v\u0259 iki min m\u0259kt\u0259b direktoruna t\u0259liml\u0259r ke\u00e7irilib.\n<\/p>\n<p>\n  O \u0259lav\u0259 edib ki, \u00f6t\u0259n il \u201cT\u0259hsil m\u00fc\u0259ssis\u0259l\u0259rind\u0259 psixoloji xidm\u0259tin t\u0259\u015fkili\u201d qaydalar\u0131n\u0131n t\u0259sdiq edilm\u0259si, 226 m\u0259kt\u0259bd\u0259 400.000-\u0259 q\u0259d\u0259r \u015fagirdi \u0259hat\u0259 ed\u0259n \u201cM\u0259kt\u0259blinin Dostu\u201d layih\u0259si ke\u00e7irilib. H\u0259m\u00e7inin m\u00fc\u0259lliml\u0259r \u00fc\u00e7\u00fcn m\u0259kt\u0259b psixologiyas\u0131 sah\u0259sind\u0259 ixtisasart\u0131rma, u\u015faq psixologiyas\u0131 \u00fczr\u0259 800 n\u0259f\u0259r psixoloq \u00fc\u00e7\u00fcn t\u0259liml\u0259r t\u0259\u015fkil olunub:\n<\/p>\n<p>\n  \u201cHaz\u0131rda UN\u0130CEF-in d\u0259st\u0259yi il\u0259 davam ed\u0259n 300 n\u0259f\u0259r psixoloq \u00fc\u00e7\u00fcn c\u0259bh\u0259yan\u0131 b\u00f6lg\u0259l\u0259rd\u0259 t\u0259liml\u0259rin t\u0259\u015fkili T\u0259hsil Nazirliyi t\u0259r\u0259find\u0259n h\u0259yata ke\u00e7iril\u0259n t\u0259dbirl\u0259r\u0259 n\u00fcmun\u0259dir. M\u0259s\u0259l\u0259nin bir \u015f\u0259xsd\u0259n v\u0259 ya qurumdan deyil, daha \u00e7ox m\u00fcxt\u0259lif t\u0259r\u0259fl\u0259r aras\u0131nda qurulan \u0259m\u0259kda\u015fl\u0131qdan as\u0131l\u0131 oldu\u011funa inan\u0131r, m\u0259kt\u0259b, valideyn v\u0259 geni\u015f ictimaiyy\u0259tin bu m\u0259s\u0259l\u0259l\u0259rin h\u0259llind\u0259 x\u00fcsusi rolu oldu\u011funu qeyd etm\u0259k ist\u0259yir\u0259m. H\u0259r bir \u015fagirdimizin psixoloji rifah\u0131, sa\u011flaml\u0131\u011f\u0131 v\u0259 t\u0259hl\u00fck\u0259sizliyi T\u0259hsil Nazirliyi \u00fc\u00e7\u00fcn prioritetdir\u201d.<\/p>\n","protected":false},"excerpt":{"rendered":"<p>\u201cBulinql\u0259 m\u00fcbariz\u0259y\u0259 dair 2 min direktora, 4 min m\u00fc\u0259llim\u0259 t\u0259lim ke\u00e7irilib\u201d<\/p>\n","protected":false},"author":11,"featured_media":157604,"comment_status":"closed","ping_status":"open","sticky":false,"template":"","format":"standard","meta":{"_acf_changed":false,"_sitemap_exclude":false,"_sitemap_priority":"","_sitemap_frequency":"","footnotes":""},"categories":[56],"tags":[],"class_list":["post-205314","post","type-post","status-publish","format-standard","has-post-thumbnail","hentry","category-xeberler","infinite-scroll-item","generate-columns","tablet-grid-50","mobile-grid-100","grid-parent","grid-33","no-featured-image-padding"],"acf":[],"yoast_head":"<!-- This site is optimized with the Yoast SEO plugin v27.5 - https:\/\/yoast.com\/product\/yoast-seo-wordpress\/ -->\n<title>T\u0259hsil naziri: M\u0259kt\u0259bl\u0259rd\u0259 zorak\u0131l\u0131\u011fa qar\u015f\u0131 yeni mexanizm haz\u0131rlan\u0131b - MEYDAN.TV<\/title>\n<meta name=\"robots\" content=\"index, follow, max-snippet:-1, max-image-preview:large, max-video-preview:-1\" \/>\n<link rel=\"canonical\" href=\"https:\/\/www.meydan.tv\/az\/article\/tehsil-naziri-mekteblerde-zorakiliga-qarsi-yeni-mexanizm-hazirlanib\/\" \/>\n<meta property=\"og:locale\" content=\"az_AZ\" \/>\n<meta property=\"og:type\" content=\"article\" \/>\n<meta property=\"og:title\" content=\"T\u0259hsil naziri: M\u0259kt\u0259bl\u0259rd\u0259 zorak\u0131l\u0131\u011fa qar\u015f\u0131 yeni mexanizm haz\u0131rlan\u0131b - MEYDAN.TV\" \/>\n<meta property=\"og:description\" content=\"\u201cBulinql\u0259 m\u00fcbariz\u0259y\u0259 dair 2 min direktora, 4 min m\u00fc\u0259llim\u0259 t\u0259lim ke\u00e7irilib\u201d\" \/>\n<meta property=\"og:url\" content=\"https:\/\/www.meydan.tv\/az\/article\/tehsil-naziri-mekteblerde-zorakiliga-qarsi-yeni-mexanizm-hazirlanib\/\" \/>\n<meta property=\"og:site_name\" content=\"MEYDAN.TV\" \/>\n<meta property=\"article:published_time\" content=\"2021-03-11T09:23:03+00:00\" \/>\n<meta property=\"og:image\" content=\"https:\/\/www.meydan.tv\/wp-content\/uploads\/screenshot_22.png\" \/>\n\t<meta property=\"og:image:width\" content=\"1358\" \/>\n\t<meta property=\"og:image:height\" content=\"772\" \/>\n\t<meta property=\"og:image:type\" content=\"image\/png\" \/>\n<meta name=\"author\" content=\"user-manager\" \/>\n<meta name=\"twitter:card\" content=\"summary_large_image\" \/>\n<script type=\"application\/ld+json\" class=\"yoast-schema-graph\">{\"@context\":\"https:\\\/\\\/schema.org\",\"@graph\":[{\"@type\":\"Article\",\"@id\":\"https:\\\/\\\/www.meydan.tv\\\/az\\\/article\\\/tehsil-naziri-mekteblerde-zorakiliga-qarsi-yeni-mexanizm-hazirlanib\\\/#article\",\"isPartOf\":{\"@id\":\"https:\\\/\\\/www.meydan.tv\\\/az\\\/article\\\/tehsil-naziri-mekteblerde-zorakiliga-qarsi-yeni-mexanizm-hazirlanib\\\/\"},\"author\":{\"name\":\"user-manager\",\"@id\":\"https:\\\/\\\/www.meydan.tv\\\/az\\\/#\\\/schema\\\/person\\\/10d11eccf6da3662cf5fdab9806ea91a\"},\"headline\":\"T\u0259hsil naziri: M\u0259kt\u0259bl\u0259rd\u0259 zorak\u0131l\u0131\u011fa qar\u015f\u0131 yeni mexanizm haz\u0131rlan\u0131b\",\"datePublished\":\"2021-03-11T09:23:03+00:00\",\"mainEntityOfPage\":{\"@id\":\"https:\\\/\\\/www.meydan.tv\\\/az\\\/article\\\/tehsil-naziri-mekteblerde-zorakiliga-qarsi-yeni-mexanizm-hazirlanib\\\/\"},\"wordCount\":443,\"publisher\":{\"@id\":\"https:\\\/\\\/www.meydan.tv\\\/az\\\/#organization\"},\"image\":{\"@id\":\"https:\\\/\\\/www.meydan.tv\\\/az\\\/article\\\/tehsil-naziri-mekteblerde-zorakiliga-qarsi-yeni-mexanizm-hazirlanib\\\/#primaryimage\"},\"thumbnailUrl\":\"https:\\\/\\\/www.meydan.tv\\\/wp-content\\\/uploads\\\/screenshot_22.png\",\"articleSection\":[\"X\u0259b\u0259rl\u0259r\"],\"inLanguage\":\"az\"},{\"@type\":\"WebPage\",\"@id\":\"https:\\\/\\\/www.meydan.tv\\\/az\\\/article\\\/tehsil-naziri-mekteblerde-zorakiliga-qarsi-yeni-mexanizm-hazirlanib\\\/\",\"url\":\"https:\\\/\\\/www.meydan.tv\\\/az\\\/article\\\/tehsil-naziri-mekteblerde-zorakiliga-qarsi-yeni-mexanizm-hazirlanib\\\/\",\"name\":\"T\u0259hsil naziri: M\u0259kt\u0259bl\u0259rd\u0259 zorak\u0131l\u0131\u011fa qar\u015f\u0131 yeni mexanizm haz\u0131rlan\u0131b - MEYDAN.TV\",\"isPartOf\":{\"@id\":\"https:\\\/\\\/www.meydan.tv\\\/az\\\/#website\"},\"primaryImageOfPage\":{\"@id\":\"https:\\\/\\\/www.meydan.tv\\\/az\\\/article\\\/tehsil-naziri-mekteblerde-zorakiliga-qarsi-yeni-mexanizm-hazirlanib\\\/#primaryimage\"},\"image\":{\"@id\":\"https:\\\/\\\/www.meydan.tv\\\/az\\\/article\\\/tehsil-naziri-mekteblerde-zorakiliga-qarsi-yeni-mexanizm-hazirlanib\\\/#primaryimage\"},\"thumbnailUrl\":\"https:\\\/\\\/www.meydan.tv\\\/wp-content\\\/uploads\\\/screenshot_22.png\",\"datePublished\":\"2021-03-11T09:23:03+00:00\",\"breadcrumb\":{\"@id\":\"https:\\\/\\\/www.meydan.tv\\\/az\\\/article\\\/tehsil-naziri-mekteblerde-zorakiliga-qarsi-yeni-mexanizm-hazirlanib\\\/#breadcrumb\"},\"inLanguage\":\"az\",\"potentialAction\":[{\"@type\":\"ReadAction\",\"target\":[\"https:\\\/\\\/www.meydan.tv\\\/az\\\/article\\\/tehsil-naziri-mekteblerde-zorakiliga-qarsi-yeni-mexanizm-hazirlanib\\\/\"]}]},{\"@type\":\"ImageObject\",\"inLanguage\":\"az\",\"@id\":\"https:\\\/\\\/www.meydan.tv\\\/az\\\/article\\\/tehsil-naziri-mekteblerde-zorakiliga-qarsi-yeni-mexanizm-hazirlanib\\\/#primaryimage\",\"url\":\"https:\\\/\\\/www.meydan.tv\\\/wp-content\\\/uploads\\\/screenshot_22.png\",\"contentUrl\":\"https:\\\/\\\/www.meydan.tv\\\/wp-content\\\/uploads\\\/screenshot_22.png\",\"width\":1358,\"height\":772,\"caption\":\"Emin \u018fmrullayev, Foto: Azadl\u0131q Radiosu\"},{\"@type\":\"BreadcrumbList\",\"@id\":\"https:\\\/\\\/www.meydan.tv\\\/az\\\/article\\\/tehsil-naziri-mekteblerde-zorakiliga-qarsi-yeni-mexanizm-hazirlanib\\\/#breadcrumb\",\"itemListElement\":[{\"@type\":\"ListItem\",\"position\":1,\"name\":\"Ana s\u0259hif\u0259\",\"item\":\"https:\\\/\\\/www.meydan.tv\\\/az\\\/\"},{\"@type\":\"ListItem\",\"position\":2,\"name\":\"X\u0259b\u0259rl\u0259r\",\"item\":\"https:\\\/\\\/www.meydan.tv\\\/az\\\/section\\\/xeberler\\\/\"},{\"@type\":\"ListItem\",\"position\":3,\"name\":\"T\u0259hsil naziri: M\u0259kt\u0259bl\u0259rd\u0259 zorak\u0131l\u0131\u011fa qar\u015f\u0131 yeni mexanizm haz\u0131rlan\u0131b\"}]},{\"@type\":\"WebSite\",\"@id\":\"https:\\\/\\\/www.meydan.tv\\\/az\\\/#website\",\"url\":\"https:\\\/\\\/www.meydan.tv\\\/az\\\/\",\"name\":\"MEYDAN.TV\",\"description\":\"Meydan TV Az\u0259rbaycan\u0131n media m\u0259kan\u0131ndak\u0131 alternativ s\u0259sidir\",\"publisher\":{\"@id\":\"https:\\\/\\\/www.meydan.tv\\\/az\\\/#organization\"},\"potentialAction\":[{\"@type\":\"SearchAction\",\"target\":{\"@type\":\"EntryPoint\",\"urlTemplate\":\"https:\\\/\\\/www.meydan.tv\\\/az\\\/?s={search_term_string}\"},\"query-input\":{\"@type\":\"PropertyValueSpecification\",\"valueRequired\":true,\"valueName\":\"search_term_string\"}}],\"inLanguage\":\"az\"},{\"@type\":\"Organization\",\"@id\":\"https:\\\/\\\/www.meydan.tv\\\/az\\\/#organization\",\"name\":\"Meydan TV\",\"url\":\"https:\\\/\\\/www.meydan.tv\\\/az\\\/\",\"logo\":{\"@type\":\"ImageObject\",\"inLanguage\":\"az\",\"@id\":\"https:\\\/\\\/www.meydan.tv\\\/az\\\/#\\\/schema\\\/logo\\\/image\\\/\",\"url\":\"https:\\\/\\\/www.meydan.tv\\\/wp-content\\\/uploads\\\/2021\\\/07\\\/meydan-logo.svg\",\"contentUrl\":\"https:\\\/\\\/www.meydan.tv\\\/wp-content\\\/uploads\\\/2021\\\/07\\\/meydan-logo.svg\",\"width\":195,\"height\":46,\"caption\":\"Meydan TV\"},\"image\":{\"@id\":\"https:\\\/\\\/www.meydan.tv\\\/az\\\/#\\\/schema\\\/logo\\\/image\\\/\"}},{\"@type\":\"Person\",\"@id\":\"https:\\\/\\\/www.meydan.tv\\\/az\\\/#\\\/schema\\\/person\\\/10d11eccf6da3662cf5fdab9806ea91a\",\"name\":\"user-manager\"}]}<\/script>\n<!-- \/ Yoast SEO plugin. -->","yoast_head_json":{"title":"T\u0259hsil naziri: M\u0259kt\u0259bl\u0259rd\u0259 zorak\u0131l\u0131\u011fa qar\u015f\u0131 yeni mexanizm haz\u0131rlan\u0131b - MEYDAN.TV","robots":{"index":"index","follow":"follow","max-snippet":"max-snippet:-1","max-image-preview":"max-image-preview:large","max-video-preview":"max-video-preview:-1"},"canonical":"https:\/\/www.meydan.tv\/az\/article\/tehsil-naziri-mekteblerde-zorakiliga-qarsi-yeni-mexanizm-hazirlanib\/","og_locale":"az_AZ","og_type":"article","og_title":"T\u0259hsil naziri: M\u0259kt\u0259bl\u0259rd\u0259 zorak\u0131l\u0131\u011fa qar\u015f\u0131 yeni mexanizm haz\u0131rlan\u0131b - MEYDAN.TV","og_description":"\u201cBulinql\u0259 m\u00fcbariz\u0259y\u0259 dair 2 min direktora, 4 min m\u00fc\u0259llim\u0259 t\u0259lim ke\u00e7irilib\u201d","og_url":"https:\/\/www.meydan.tv\/az\/article\/tehsil-naziri-mekteblerde-zorakiliga-qarsi-yeni-mexanizm-hazirlanib\/","og_site_name":"MEYDAN.TV","article_published_time":"2021-03-11T09:23:03+00:00","og_image":[{"width":1358,"height":772,"url":"https:\/\/www.meydan.tv\/wp-content\/uploads\/screenshot_22.png","type":"image\/png"}],"author":"user-manager","twitter_card":"summary_large_image","schema":{"@context":"https:\/\/schema.org","@graph":[{"@type":"Article","@id":"https:\/\/www.meydan.tv\/az\/article\/tehsil-naziri-mekteblerde-zorakiliga-qarsi-yeni-mexanizm-hazirlanib\/#article","isPartOf":{"@id":"https:\/\/www.meydan.tv\/az\/article\/tehsil-naziri-mekteblerde-zorakiliga-qarsi-yeni-mexanizm-hazirlanib\/"},"author":{"name":"user-manager","@id":"https:\/\/www.meydan.tv\/az\/#\/schema\/person\/10d11eccf6da3662cf5fdab9806ea91a"},"headline":"T\u0259hsil naziri: M\u0259kt\u0259bl\u0259rd\u0259 zorak\u0131l\u0131\u011fa qar\u015f\u0131 yeni mexanizm haz\u0131rlan\u0131b","datePublished":"2021-03-11T09:23:03+00:00","mainEntityOfPage":{"@id":"https:\/\/www.meydan.tv\/az\/article\/tehsil-naziri-mekteblerde-zorakiliga-qarsi-yeni-mexanizm-hazirlanib\/"},"wordCount":443,"publisher":{"@id":"https:\/\/www.meydan.tv\/az\/#organization"},"image":{"@id":"https:\/\/www.meydan.tv\/az\/article\/tehsil-naziri-mekteblerde-zorakiliga-qarsi-yeni-mexanizm-hazirlanib\/#primaryimage"},"thumbnailUrl":"https:\/\/www.meydan.tv\/wp-content\/uploads\/screenshot_22.png","articleSection":["X\u0259b\u0259rl\u0259r"],"inLanguage":"az"},{"@type":"WebPage","@id":"https:\/\/www.meydan.tv\/az\/article\/tehsil-naziri-mekteblerde-zorakiliga-qarsi-yeni-mexanizm-hazirlanib\/","url":"https:\/\/www.meydan.tv\/az\/article\/tehsil-naziri-mekteblerde-zorakiliga-qarsi-yeni-mexanizm-hazirlanib\/","name":"T\u0259hsil naziri: M\u0259kt\u0259bl\u0259rd\u0259 zorak\u0131l\u0131\u011fa qar\u015f\u0131 yeni mexanizm haz\u0131rlan\u0131b - MEYDAN.TV","isPartOf":{"@id":"https:\/\/www.meydan.tv\/az\/#website"},"primaryImageOfPage":{"@id":"https:\/\/www.meydan.tv\/az\/article\/tehsil-naziri-mekteblerde-zorakiliga-qarsi-yeni-mexanizm-hazirlanib\/#primaryimage"},"image":{"@id":"https:\/\/www.meydan.tv\/az\/article\/tehsil-naziri-mekteblerde-zorakiliga-qarsi-yeni-mexanizm-hazirlanib\/#primaryimage"},"thumbnailUrl":"https:\/\/www.meydan.tv\/wp-content\/uploads\/screenshot_22.png","datePublished":"2021-03-11T09:23:03+00:00","breadcrumb":{"@id":"https:\/\/www.meydan.tv\/az\/article\/tehsil-naziri-mekteblerde-zorakiliga-qarsi-yeni-mexanizm-hazirlanib\/#breadcrumb"},"inLanguage":"az","potentialAction":[{"@type":"ReadAction","target":["https:\/\/www.meydan.tv\/az\/article\/tehsil-naziri-mekteblerde-zorakiliga-qarsi-yeni-mexanizm-hazirlanib\/"]}]},{"@type":"ImageObject","inLanguage":"az","@id":"https:\/\/www.meydan.tv\/az\/article\/tehsil-naziri-mekteblerde-zorakiliga-qarsi-yeni-mexanizm-hazirlanib\/#primaryimage","url":"https:\/\/www.meydan.tv\/wp-content\/uploads\/screenshot_22.png","contentUrl":"https:\/\/www.meydan.tv\/wp-content\/uploads\/screenshot_22.png","width":1358,"height":772,"caption":"Emin \u018fmrullayev, Foto: Azadl\u0131q Radiosu"},{"@type":"BreadcrumbList","@id":"https:\/\/www.meydan.tv\/az\/article\/tehsil-naziri-mekteblerde-zorakiliga-qarsi-yeni-mexanizm-hazirlanib\/#breadcrumb","itemListElement":[{"@type":"ListItem","position":1,"name":"Ana s\u0259hif\u0259","item":"https:\/\/www.meydan.tv\/az\/"},{"@type":"ListItem","position":2,"name":"X\u0259b\u0259rl\u0259r","item":"https:\/\/www.meydan.tv\/az\/section\/xeberler\/"},{"@type":"ListItem","position":3,"name":"T\u0259hsil naziri: M\u0259kt\u0259bl\u0259rd\u0259 zorak\u0131l\u0131\u011fa qar\u015f\u0131 yeni mexanizm haz\u0131rlan\u0131b"}]},{"@type":"WebSite","@id":"https:\/\/www.meydan.tv\/az\/#website","url":"https:\/\/www.meydan.tv\/az\/","name":"MEYDAN.TV","description":"Meydan TV Az\u0259rbaycan\u0131n media m\u0259kan\u0131ndak\u0131 alternativ s\u0259sidir","publisher":{"@id":"https:\/\/www.meydan.tv\/az\/#organization"},"potentialAction":[{"@type":"SearchAction","target":{"@type":"EntryPoint","urlTemplate":"https:\/\/www.meydan.tv\/az\/?s={search_term_string}"},"query-input":{"@type":"PropertyValueSpecification","valueRequired":true,"valueName":"search_term_string"}}],"inLanguage":"az"},{"@type":"Organization","@id":"https:\/\/www.meydan.tv\/az\/#organization","name":"Meydan TV","url":"https:\/\/www.meydan.tv\/az\/","logo":{"@type":"ImageObject","inLanguage":"az","@id":"https:\/\/www.meydan.tv\/az\/#\/schema\/logo\/image\/","url":"https:\/\/www.meydan.tv\/wp-content\/uploads\/2021\/07\/meydan-logo.svg","contentUrl":"https:\/\/www.meydan.tv\/wp-content\/uploads\/2021\/07\/meydan-logo.svg","width":195,"height":46,"caption":"Meydan TV"},"image":{"@id":"https:\/\/www.meydan.tv\/az\/#\/schema\/logo\/image\/"}},{"@type":"Person","@id":"https:\/\/www.meydan.tv\/az\/#\/schema\/person\/10d11eccf6da3662cf5fdab9806ea91a","name":"user-manager"}]}},"_links":{"self":[{"href":"https:\/\/www.meydan.tv\/az\/wp-json\/wp\/v2\/posts\/205314","targetHints":{"allow":["GET"]}}],"collection":[{"href":"https:\/\/www.meydan.tv\/az\/wp-json\/wp\/v2\/posts"}],"about":[{"href":"https:\/\/www.meydan.tv\/az\/wp-json\/wp\/v2\/types\/post"}],"author":[{"embeddable":true,"href":"https:\/\/www.meydan.tv\/az\/wp-json\/wp\/v2\/users\/11"}],"replies":[{"embeddable":true,"href":"https:\/\/www.meydan.tv\/az\/wp-json\/wp\/v2\/comments?post=205314"}],"version-history":[{"count":0,"href":"https:\/\/www.meydan.tv\/az\/wp-json\/wp\/v2\/posts\/205314\/revisions"}],"wp:featuredmedia":[{"embeddable":true,"href":"https:\/\/www.meydan.tv\/az\/wp-json\/wp\/v2\/media\/157604"}],"wp:attachment":[{"href":"https:\/\/www.meydan.tv\/az\/wp-json\/wp\/v2\/media?parent=205314"}],"wp:term":[{"taxonomy":"category","embeddable":true,"href":"https:\/\/www.meydan.tv\/az\/wp-json\/wp\/v2\/categories?post=205314"},{"taxonomy":"post_tag","embeddable":true,"href":"https:\/\/www.meydan.tv\/az\/wp-json\/wp\/v2\/tags?post=205314"}],"curies":[{"name":"wp","href":"https:\/\/api.w.org\/{rel}","templated":true}]}}