{"id":205242,"date":"2021-03-04T20:25:02","date_gmt":"2021-03-04T20:25:02","guid":{"rendered":"https:\/\/www.meydan.tv\/article\/oglu-sehid-olan-xalq-artisti-nazir-balalari-londonda-avropada-amma-torpagi-xilas-elemek\/"},"modified":"2021-03-04T20:25:02","modified_gmt":"2021-03-04T20:25:02","slug":"oglu-sehid-olan-xalq-artisti-nazir-balalari-londonda-avropada-amma-torpagi-xilas-elemek","status":"publish","type":"post","link":"https:\/\/www.meydan.tv\/az\/article\/oglu-sehid-olan-xalq-artisti-nazir-balalari-londonda-avropada-amma-torpagi-xilas-elemek\/","title":{"rendered":"O\u011flu \u015f\u0259hid olan xalq artisti: \u201cNazir balalar\u0131 Londonda, Avropada, amma torpa\u011f\u0131 xilas el\u0259m\u0259k&#8230;\u201d"},"content":{"rendered":"<figure class=\"wp-block-embed is-type-video is-provider-youtube wp-block-embed-youtube wp-embed-aspect-16-9 wp-has-aspect-ratio\">\n<div class=\"wp-block-embed__wrapper\">\n    <iframe\ttitle=\"O\u011flu \u015f\u0259hid olan xalq artisti\" width=\"1200\" height=\"675\" data-src=\"https:\/\/www.youtube.com\/embed\/y1m6YVXeHPw\"\tframeborder=\"0\"\tallow=\"accelerometer; autoplay; clipboard-write; encrypted-media; gyroscope; picture-in-picture\" allowfullscreen src=\"data:image\/svg+xml;base64,PHN2ZyB3aWR0aD0iMSIgaGVpZ2h0PSIxIiB4bWxucz0iaHR0cDovL3d3dy53My5vcmcvMjAwMC9zdmciPjwvc3ZnPg==\" class=\"lazyload\" data-load-mode=\"1\"><\/iframe>\n  <\/div><figcaption>\n    O\u011flu \u015f\u0259hid olan xalq artisti<br \/>\n  <\/figcaption><\/figure>\n<p>\n  \u201c25 ilin zabiti neft \u00f6lk\u0259sind\u0259, qaz \u00f6lk\u0259sind\u0259, milyardlar \u00f6lk\u0259sind\u0259 kiray\u0259d\u0259 ya\u015fay\u0131rd\u0131. N\u0259y\u0259 g\u00f6r\u0259 o kiray\u0259d\u0259 ya\u015famal\u0131 idi?! Onun atas\u0131 xalq artisti- m\u0259n 40 ildir g\u00f6r harada, bir ma\u011farada ya\u015fay\u0131ram. Bir gec\u0259d\u0259 10 n\u0259f\u0259r yat\u0131r burada.M\u0259n bunu q\u0259bul el\u0259y\u0259 bilmir\u0259m. B\u0259s o m\u0259mur, nazir, icra ba\u015f\u00e7\u0131lar\u0131n\u0131n balalar\u0131, mill\u0259t v\u0259kill\u0259rinin balalar\u0131&#8230; b\u0259s onlar haradad\u0131rlar? Londonda, Amerikada, Avropada&#8230; Az\u0259rbaycan\u0131n var-d\u00f6vl\u0259ti onlardad\u0131r, amma torpa\u011f\u0131 xilas el\u0259m\u0259k, d\u00fc\u015fm\u0259nd\u0259n t\u0259mizl\u0259m\u0259k R\u00f6v\u015f\u0259n kimi o\u011fullara qalm\u0131\u015fd\u0131?!\u201d \u2013 xalq artisti \u018fli Nur deyir.\n<\/p>\n<p>\n  Xalq artistinin o\u011flu R\u00f6v\u015f\u0259n Nuruzad\u0259 noyabr\u0131n 6-da \u015eu\u015fa u\u011frunda ged\u0259n d\u00f6y\u00fc\u015fl\u0259rd\u0259 \u015f\u0259hid olub\n<\/p>\n<p>\n  45 ya\u015fl\u0131 ehtiyatda olan zabit k\u00f6n\u00fcll\u00fc olaraq V\u0259t\u0259n M\u00fcharib\u0259sin\u0259 qat\u0131l\u0131b.\n<\/p>\n<p>\n  R\u00f6v\u015f\u0259n Nuruzad\u0259 1995-ci ild\u0259n ba\u015flayaraq 7 il A\u011fdamda h\u0259rbi hiss\u0259d\u0259 b\u00f6l\u00fck komandiri olub\n<\/p>\n<p>\n  Atas\u0131 dan\u0131\u015f\u0131r ki, o\u011flu h\u0259l\u0259 9-cu sinifd\u0259 oxuyanda 1-ci Qaraba\u011f m\u00fcharib\u0259sind\u0259 i\u015ftirak etm\u0259y\u0259 getmi\u015fdi.\n<\/p>\n<p>\n  A\u011fdamda texnikumda oxudu\u011funu des\u0259 d\u0259, 1 h\u0259ft\u0259 sonra h\u0259rb\u00e7i mayor onu oxudu\u011fu m\u0259kt\u0259b\u0259 t\u0259hvil verib\n<\/p>\n<p>\n  Valideyn deyir ki, o\u011flu bu tikilid\u0259 u\u015faqlar\u0131 v\u0259 yolda\u015f\u0131 il\u0259 kiray\u0259d\u0259 ya\u015fay\u0131rd\u0131. O, ail\u0259nin m\u0259nzill\u0259 t\u0259min olunmas\u0131n\u0131 ist\u0259yir.<\/p>\n","protected":false},"excerpt":{"rendered":"<p>O\u011flu \u015f\u0259hid olan xalq artisti: \u201cNazir balalar\u0131 Londonda, Avropada, amma torpa\u011f\u0131 xilas el\u0259m\u0259k&#8230;\u201d<\/p>\n","protected":false},"author":11,"featured_media":157361,"comment_status":"closed","ping_status":"open","sticky":false,"template":"","format":"standard","meta":{"_acf_changed":false,"_sitemap_exclude":false,"_sitemap_priority":"","_sitemap_frequency":"","footnotes":""},"categories":[63],"tags":[],"class_list":["post-205242","post","type-post","status-publish","format-standard","has-post-thumbnail","hentry","category-video-2","infinite-scroll-item","generate-columns","tablet-grid-50","mobile-grid-100","grid-parent","grid-33","no-featured-image-padding"],"acf":[],"yoast_head":"<!-- This site is optimized with the Yoast SEO plugin v27.5 - https:\/\/yoast.com\/product\/yoast-seo-wordpress\/ -->\n<title>O\u011flu \u015f\u0259hid olan xalq artisti: \u201cNazir balalar\u0131 Londonda, Avropada, amma torpa\u011f\u0131 xilas el\u0259m\u0259k...\u201d - MEYDAN.TV<\/title>\n<meta name=\"robots\" content=\"index, follow, max-snippet:-1, max-image-preview:large, max-video-preview:-1\" \/>\n<link rel=\"canonical\" href=\"https:\/\/www.meydan.tv\/az\/article\/oglu-sehid-olan-xalq-artisti-nazir-balalari-londonda-avropada-amma-torpagi-xilas-elemek\/\" \/>\n<meta property=\"og:locale\" content=\"az_AZ\" \/>\n<meta property=\"og:type\" content=\"article\" \/>\n<meta property=\"og:title\" content=\"O\u011flu \u015f\u0259hid olan xalq artisti: \u201cNazir balalar\u0131 Londonda, Avropada, amma torpa\u011f\u0131 xilas el\u0259m\u0259k...\u201d - MEYDAN.TV\" \/>\n<meta property=\"og:description\" content=\"O\u011flu \u015f\u0259hid olan xalq artisti: \u201cNazir balalar\u0131 Londonda, Avropada, amma torpa\u011f\u0131 xilas el\u0259m\u0259k...\u201d\" \/>\n<meta property=\"og:url\" content=\"https:\/\/www.meydan.tv\/az\/article\/oglu-sehid-olan-xalq-artisti-nazir-balalari-londonda-avropada-amma-torpagi-xilas-elemek\/\" \/>\n<meta property=\"og:site_name\" content=\"MEYDAN.TV\" \/>\n<meta property=\"article:published_time\" content=\"2021-03-04T20:25:02+00:00\" \/>\n<meta property=\"og:image\" content=\"https:\/\/www.meydan.tv\/wp-content\/uploads\/photo_2021-03-04_20-20-22.jpg\" \/>\n\t<meta property=\"og:image:width\" content=\"943\" \/>\n\t<meta property=\"og:image:height\" content=\"535\" \/>\n\t<meta property=\"og:image:type\" content=\"image\/jpeg\" \/>\n<meta name=\"author\" content=\"user-manager\" \/>\n<meta name=\"twitter:card\" content=\"summary_large_image\" \/>\n<script type=\"application\/ld+json\" class=\"yoast-schema-graph\">{\"@context\":\"https:\\\/\\\/schema.org\",\"@graph\":[{\"@type\":\"Article\",\"@id\":\"https:\\\/\\\/www.meydan.tv\\\/az\\\/article\\\/oglu-sehid-olan-xalq-artisti-nazir-balalari-londonda-avropada-amma-torpagi-xilas-elemek\\\/#article\",\"isPartOf\":{\"@id\":\"https:\\\/\\\/www.meydan.tv\\\/az\\\/article\\\/oglu-sehid-olan-xalq-artisti-nazir-balalari-londonda-avropada-amma-torpagi-xilas-elemek\\\/\"},\"author\":{\"name\":\"user-manager\",\"@id\":\"https:\\\/\\\/www.meydan.tv\\\/az\\\/#\\\/schema\\\/person\\\/10d11eccf6da3662cf5fdab9806ea91a\"},\"headline\":\"O\u011flu \u015f\u0259hid olan xalq artisti: \u201cNazir balalar\u0131 Londonda, Avropada, amma torpa\u011f\u0131 xilas el\u0259m\u0259k&#8230;\u201d\",\"datePublished\":\"2021-03-04T20:25:02+00:00\",\"mainEntityOfPage\":{\"@id\":\"https:\\\/\\\/www.meydan.tv\\\/az\\\/article\\\/oglu-sehid-olan-xalq-artisti-nazir-balalari-londonda-avropada-amma-torpagi-xilas-elemek\\\/\"},\"wordCount\":278,\"publisher\":{\"@id\":\"https:\\\/\\\/www.meydan.tv\\\/az\\\/#organization\"},\"image\":{\"@id\":\"https:\\\/\\\/www.meydan.tv\\\/az\\\/article\\\/oglu-sehid-olan-xalq-artisti-nazir-balalari-londonda-avropada-amma-torpagi-xilas-elemek\\\/#primaryimage\"},\"thumbnailUrl\":\"https:\\\/\\\/www.meydan.tv\\\/wp-content\\\/uploads\\\/photo_2021-03-04_20-20-22.jpg\",\"articleSection\":[\"Video\"],\"inLanguage\":\"az\"},{\"@type\":\"WebPage\",\"@id\":\"https:\\\/\\\/www.meydan.tv\\\/az\\\/article\\\/oglu-sehid-olan-xalq-artisti-nazir-balalari-londonda-avropada-amma-torpagi-xilas-elemek\\\/\",\"url\":\"https:\\\/\\\/www.meydan.tv\\\/az\\\/article\\\/oglu-sehid-olan-xalq-artisti-nazir-balalari-londonda-avropada-amma-torpagi-xilas-elemek\\\/\",\"name\":\"O\u011flu \u015f\u0259hid olan xalq artisti: \u201cNazir balalar\u0131 Londonda, Avropada, amma torpa\u011f\u0131 xilas el\u0259m\u0259k...\u201d - MEYDAN.TV\",\"isPartOf\":{\"@id\":\"https:\\\/\\\/www.meydan.tv\\\/az\\\/#website\"},\"primaryImageOfPage\":{\"@id\":\"https:\\\/\\\/www.meydan.tv\\\/az\\\/article\\\/oglu-sehid-olan-xalq-artisti-nazir-balalari-londonda-avropada-amma-torpagi-xilas-elemek\\\/#primaryimage\"},\"image\":{\"@id\":\"https:\\\/\\\/www.meydan.tv\\\/az\\\/article\\\/oglu-sehid-olan-xalq-artisti-nazir-balalari-londonda-avropada-amma-torpagi-xilas-elemek\\\/#primaryimage\"},\"thumbnailUrl\":\"https:\\\/\\\/www.meydan.tv\\\/wp-content\\\/uploads\\\/photo_2021-03-04_20-20-22.jpg\",\"datePublished\":\"2021-03-04T20:25:02+00:00\",\"breadcrumb\":{\"@id\":\"https:\\\/\\\/www.meydan.tv\\\/az\\\/article\\\/oglu-sehid-olan-xalq-artisti-nazir-balalari-londonda-avropada-amma-torpagi-xilas-elemek\\\/#breadcrumb\"},\"inLanguage\":\"az\",\"potentialAction\":[{\"@type\":\"ReadAction\",\"target\":[\"https:\\\/\\\/www.meydan.tv\\\/az\\\/article\\\/oglu-sehid-olan-xalq-artisti-nazir-balalari-londonda-avropada-amma-torpagi-xilas-elemek\\\/\"]}]},{\"@type\":\"ImageObject\",\"inLanguage\":\"az\",\"@id\":\"https:\\\/\\\/www.meydan.tv\\\/az\\\/article\\\/oglu-sehid-olan-xalq-artisti-nazir-balalari-londonda-avropada-amma-torpagi-xilas-elemek\\\/#primaryimage\",\"url\":\"https:\\\/\\\/www.meydan.tv\\\/wp-content\\\/uploads\\\/photo_2021-03-04_20-20-22.jpg\",\"contentUrl\":\"https:\\\/\\\/www.meydan.tv\\\/wp-content\\\/uploads\\\/photo_2021-03-04_20-20-22.jpg\",\"width\":943,\"height\":535,\"caption\":\"Source: Meydan Tv\"},{\"@type\":\"BreadcrumbList\",\"@id\":\"https:\\\/\\\/www.meydan.tv\\\/az\\\/article\\\/oglu-sehid-olan-xalq-artisti-nazir-balalari-londonda-avropada-amma-torpagi-xilas-elemek\\\/#breadcrumb\",\"itemListElement\":[{\"@type\":\"ListItem\",\"position\":1,\"name\":\"Ana s\u0259hif\u0259\",\"item\":\"https:\\\/\\\/www.meydan.tv\\\/az\\\/\"},{\"@type\":\"ListItem\",\"position\":2,\"name\":\"Video\",\"item\":\"https:\\\/\\\/www.meydan.tv\\\/az\\\/section\\\/video-2\\\/\"},{\"@type\":\"ListItem\",\"position\":3,\"name\":\"O\u011flu \u015f\u0259hid olan xalq artisti: \u201cNazir balalar\u0131 Londonda, Avropada, amma torpa\u011f\u0131 xilas el\u0259m\u0259k&#8230;\u201d\"}]},{\"@type\":\"WebSite\",\"@id\":\"https:\\\/\\\/www.meydan.tv\\\/az\\\/#website\",\"url\":\"https:\\\/\\\/www.meydan.tv\\\/az\\\/\",\"name\":\"MEYDAN.TV\",\"description\":\"Meydan TV Az\u0259rbaycan\u0131n media m\u0259kan\u0131ndak\u0131 alternativ s\u0259sidir\",\"publisher\":{\"@id\":\"https:\\\/\\\/www.meydan.tv\\\/az\\\/#organization\"},\"potentialAction\":[{\"@type\":\"SearchAction\",\"target\":{\"@type\":\"EntryPoint\",\"urlTemplate\":\"https:\\\/\\\/www.meydan.tv\\\/az\\\/?s={search_term_string}\"},\"query-input\":{\"@type\":\"PropertyValueSpecification\",\"valueRequired\":true,\"valueName\":\"search_term_string\"}}],\"inLanguage\":\"az\"},{\"@type\":\"Organization\",\"@id\":\"https:\\\/\\\/www.meydan.tv\\\/az\\\/#organization\",\"name\":\"Meydan TV\",\"url\":\"https:\\\/\\\/www.meydan.tv\\\/az\\\/\",\"logo\":{\"@type\":\"ImageObject\",\"inLanguage\":\"az\",\"@id\":\"https:\\\/\\\/www.meydan.tv\\\/az\\\/#\\\/schema\\\/logo\\\/image\\\/\",\"url\":\"https:\\\/\\\/www.meydan.tv\\\/wp-content\\\/uploads\\\/2021\\\/07\\\/meydan-logo.svg\",\"contentUrl\":\"https:\\\/\\\/www.meydan.tv\\\/wp-content\\\/uploads\\\/2021\\\/07\\\/meydan-logo.svg\",\"width\":195,\"height\":46,\"caption\":\"Meydan TV\"},\"image\":{\"@id\":\"https:\\\/\\\/www.meydan.tv\\\/az\\\/#\\\/schema\\\/logo\\\/image\\\/\"}},{\"@type\":\"Person\",\"@id\":\"https:\\\/\\\/www.meydan.tv\\\/az\\\/#\\\/schema\\\/person\\\/10d11eccf6da3662cf5fdab9806ea91a\",\"name\":\"user-manager\"}]}<\/script>\n<!-- \/ Yoast SEO plugin. -->","yoast_head_json":{"title":"O\u011flu \u015f\u0259hid olan xalq artisti: \u201cNazir balalar\u0131 Londonda, Avropada, amma torpa\u011f\u0131 xilas el\u0259m\u0259k...\u201d - MEYDAN.TV","robots":{"index":"index","follow":"follow","max-snippet":"max-snippet:-1","max-image-preview":"max-image-preview:large","max-video-preview":"max-video-preview:-1"},"canonical":"https:\/\/www.meydan.tv\/az\/article\/oglu-sehid-olan-xalq-artisti-nazir-balalari-londonda-avropada-amma-torpagi-xilas-elemek\/","og_locale":"az_AZ","og_type":"article","og_title":"O\u011flu \u015f\u0259hid olan xalq artisti: \u201cNazir balalar\u0131 Londonda, Avropada, amma torpa\u011f\u0131 xilas el\u0259m\u0259k...\u201d - MEYDAN.TV","og_description":"O\u011flu \u015f\u0259hid olan xalq artisti: \u201cNazir balalar\u0131 Londonda, Avropada, amma torpa\u011f\u0131 xilas el\u0259m\u0259k...\u201d","og_url":"https:\/\/www.meydan.tv\/az\/article\/oglu-sehid-olan-xalq-artisti-nazir-balalari-londonda-avropada-amma-torpagi-xilas-elemek\/","og_site_name":"MEYDAN.TV","article_published_time":"2021-03-04T20:25:02+00:00","og_image":[{"width":943,"height":535,"url":"https:\/\/www.meydan.tv\/wp-content\/uploads\/photo_2021-03-04_20-20-22.jpg","type":"image\/jpeg"}],"author":"user-manager","twitter_card":"summary_large_image","schema":{"@context":"https:\/\/schema.org","@graph":[{"@type":"Article","@id":"https:\/\/www.meydan.tv\/az\/article\/oglu-sehid-olan-xalq-artisti-nazir-balalari-londonda-avropada-amma-torpagi-xilas-elemek\/#article","isPartOf":{"@id":"https:\/\/www.meydan.tv\/az\/article\/oglu-sehid-olan-xalq-artisti-nazir-balalari-londonda-avropada-amma-torpagi-xilas-elemek\/"},"author":{"name":"user-manager","@id":"https:\/\/www.meydan.tv\/az\/#\/schema\/person\/10d11eccf6da3662cf5fdab9806ea91a"},"headline":"O\u011flu \u015f\u0259hid olan xalq artisti: \u201cNazir balalar\u0131 Londonda, Avropada, amma torpa\u011f\u0131 xilas el\u0259m\u0259k&#8230;\u201d","datePublished":"2021-03-04T20:25:02+00:00","mainEntityOfPage":{"@id":"https:\/\/www.meydan.tv\/az\/article\/oglu-sehid-olan-xalq-artisti-nazir-balalari-londonda-avropada-amma-torpagi-xilas-elemek\/"},"wordCount":278,"publisher":{"@id":"https:\/\/www.meydan.tv\/az\/#organization"},"image":{"@id":"https:\/\/www.meydan.tv\/az\/article\/oglu-sehid-olan-xalq-artisti-nazir-balalari-londonda-avropada-amma-torpagi-xilas-elemek\/#primaryimage"},"thumbnailUrl":"https:\/\/www.meydan.tv\/wp-content\/uploads\/photo_2021-03-04_20-20-22.jpg","articleSection":["Video"],"inLanguage":"az"},{"@type":"WebPage","@id":"https:\/\/www.meydan.tv\/az\/article\/oglu-sehid-olan-xalq-artisti-nazir-balalari-londonda-avropada-amma-torpagi-xilas-elemek\/","url":"https:\/\/www.meydan.tv\/az\/article\/oglu-sehid-olan-xalq-artisti-nazir-balalari-londonda-avropada-amma-torpagi-xilas-elemek\/","name":"O\u011flu \u015f\u0259hid olan xalq artisti: \u201cNazir balalar\u0131 Londonda, Avropada, amma torpa\u011f\u0131 xilas el\u0259m\u0259k...\u201d - MEYDAN.TV","isPartOf":{"@id":"https:\/\/www.meydan.tv\/az\/#website"},"primaryImageOfPage":{"@id":"https:\/\/www.meydan.tv\/az\/article\/oglu-sehid-olan-xalq-artisti-nazir-balalari-londonda-avropada-amma-torpagi-xilas-elemek\/#primaryimage"},"image":{"@id":"https:\/\/www.meydan.tv\/az\/article\/oglu-sehid-olan-xalq-artisti-nazir-balalari-londonda-avropada-amma-torpagi-xilas-elemek\/#primaryimage"},"thumbnailUrl":"https:\/\/www.meydan.tv\/wp-content\/uploads\/photo_2021-03-04_20-20-22.jpg","datePublished":"2021-03-04T20:25:02+00:00","breadcrumb":{"@id":"https:\/\/www.meydan.tv\/az\/article\/oglu-sehid-olan-xalq-artisti-nazir-balalari-londonda-avropada-amma-torpagi-xilas-elemek\/#breadcrumb"},"inLanguage":"az","potentialAction":[{"@type":"ReadAction","target":["https:\/\/www.meydan.tv\/az\/article\/oglu-sehid-olan-xalq-artisti-nazir-balalari-londonda-avropada-amma-torpagi-xilas-elemek\/"]}]},{"@type":"ImageObject","inLanguage":"az","@id":"https:\/\/www.meydan.tv\/az\/article\/oglu-sehid-olan-xalq-artisti-nazir-balalari-londonda-avropada-amma-torpagi-xilas-elemek\/#primaryimage","url":"https:\/\/www.meydan.tv\/wp-content\/uploads\/photo_2021-03-04_20-20-22.jpg","contentUrl":"https:\/\/www.meydan.tv\/wp-content\/uploads\/photo_2021-03-04_20-20-22.jpg","width":943,"height":535,"caption":"Source: Meydan Tv"},{"@type":"BreadcrumbList","@id":"https:\/\/www.meydan.tv\/az\/article\/oglu-sehid-olan-xalq-artisti-nazir-balalari-londonda-avropada-amma-torpagi-xilas-elemek\/#breadcrumb","itemListElement":[{"@type":"ListItem","position":1,"name":"Ana s\u0259hif\u0259","item":"https:\/\/www.meydan.tv\/az\/"},{"@type":"ListItem","position":2,"name":"Video","item":"https:\/\/www.meydan.tv\/az\/section\/video-2\/"},{"@type":"ListItem","position":3,"name":"O\u011flu \u015f\u0259hid olan xalq artisti: \u201cNazir balalar\u0131 Londonda, Avropada, amma torpa\u011f\u0131 xilas el\u0259m\u0259k&#8230;\u201d"}]},{"@type":"WebSite","@id":"https:\/\/www.meydan.tv\/az\/#website","url":"https:\/\/www.meydan.tv\/az\/","name":"MEYDAN.TV","description":"Meydan TV Az\u0259rbaycan\u0131n media m\u0259kan\u0131ndak\u0131 alternativ s\u0259sidir","publisher":{"@id":"https:\/\/www.meydan.tv\/az\/#organization"},"potentialAction":[{"@type":"SearchAction","target":{"@type":"EntryPoint","urlTemplate":"https:\/\/www.meydan.tv\/az\/?s={search_term_string}"},"query-input":{"@type":"PropertyValueSpecification","valueRequired":true,"valueName":"search_term_string"}}],"inLanguage":"az"},{"@type":"Organization","@id":"https:\/\/www.meydan.tv\/az\/#organization","name":"Meydan TV","url":"https:\/\/www.meydan.tv\/az\/","logo":{"@type":"ImageObject","inLanguage":"az","@id":"https:\/\/www.meydan.tv\/az\/#\/schema\/logo\/image\/","url":"https:\/\/www.meydan.tv\/wp-content\/uploads\/2021\/07\/meydan-logo.svg","contentUrl":"https:\/\/www.meydan.tv\/wp-content\/uploads\/2021\/07\/meydan-logo.svg","width":195,"height":46,"caption":"Meydan TV"},"image":{"@id":"https:\/\/www.meydan.tv\/az\/#\/schema\/logo\/image\/"}},{"@type":"Person","@id":"https:\/\/www.meydan.tv\/az\/#\/schema\/person\/10d11eccf6da3662cf5fdab9806ea91a","name":"user-manager"}]}},"_links":{"self":[{"href":"https:\/\/www.meydan.tv\/az\/wp-json\/wp\/v2\/posts\/205242","targetHints":{"allow":["GET"]}}],"collection":[{"href":"https:\/\/www.meydan.tv\/az\/wp-json\/wp\/v2\/posts"}],"about":[{"href":"https:\/\/www.meydan.tv\/az\/wp-json\/wp\/v2\/types\/post"}],"author":[{"embeddable":true,"href":"https:\/\/www.meydan.tv\/az\/wp-json\/wp\/v2\/users\/11"}],"replies":[{"embeddable":true,"href":"https:\/\/www.meydan.tv\/az\/wp-json\/wp\/v2\/comments?post=205242"}],"version-history":[{"count":0,"href":"https:\/\/www.meydan.tv\/az\/wp-json\/wp\/v2\/posts\/205242\/revisions"}],"wp:featuredmedia":[{"embeddable":true,"href":"https:\/\/www.meydan.tv\/az\/wp-json\/wp\/v2\/media\/157361"}],"wp:attachment":[{"href":"https:\/\/www.meydan.tv\/az\/wp-json\/wp\/v2\/media?parent=205242"}],"wp:term":[{"taxonomy":"category","embeddable":true,"href":"https:\/\/www.meydan.tv\/az\/wp-json\/wp\/v2\/categories?post=205242"},{"taxonomy":"post_tag","embeddable":true,"href":"https:\/\/www.meydan.tv\/az\/wp-json\/wp\/v2\/tags?post=205242"}],"curies":[{"name":"wp","href":"https:\/\/api.w.org\/{rel}","templated":true}]}}