{"id":205230,"date":"2021-03-04T10:41:14","date_gmt":"2021-03-04T10:41:14","guid":{"rendered":"https:\/\/www.meydan.tv\/article\/elmar-huseynovun-qetlinin-arasdirilmasindaki-seristesizlik\/"},"modified":"2021-03-04T10:41:14","modified_gmt":"2021-03-04T10:41:14","slug":"elmar-huseynovun-qetlinin-arasdirilmasindaki-seristesizlik","status":"publish","type":"post","link":"https:\/\/www.meydan.tv\/az\/article\/elmar-huseynovun-qetlinin-arasdirilmasindaki-seristesizlik\/","title":{"rendered":"Elmar H\u00fcseynovun q\u0259tlinin ara\u015fd\u0131r\u0131lmas\u0131ndak\u0131 s\u0259ri\u015ft\u0259sizlik"},"content":{"rendered":"<p>\n  <b><br \/>\n    <i><br \/>\n      FTB-nin s\u0259n\u0259dl\u0259rind\u0259 m\u00fc\u0259mmalar yer al\u0131b<br \/>\n    <\/i><br \/>\n  <\/b>\n<\/p>\n<p>\n  <b><br \/>\n    On alt\u0131 il \u0259vv\u0259l az\u0259rbaycanl\u0131 ara\u015fd\u0131rma\u00e7\u0131 jurnalist Elmar H\u00fcseynov Bak\u0131dak\u0131 evinin pill\u0259k\u0259n bo\u015flu\u011funda g\u00fcll\u0259l\u0259nib. Yeni \u00fcz\u0259 \u00e7\u0131xar\u0131lan s\u0259n\u0259dl\u0259r r\u0259smi istintaqdak\u0131 \u00e7a\u015fq\u0131nl\u0131q yaradan v\u0259 s\u0259hv add\u0131mlara i\u015far\u0259 edir.<br \/>\n  <\/b>\n<\/p>\n<p>\n  <b><br \/>\n    \u018fsas tap\u0131nt\u0131lar<br \/>\n  <\/b>\n<\/p>\n<ul>\n<li>\n    M\u0259hk\u0259m\u0259 i\u015fin\u0259 c\u0259lb edilmi\u015f Federal T\u0259hqiqatlar      B\u00fcrosunun h\u00fcquq atta\u015fesi hadis\u0259 yerind\u0259ki m\u0259lumatlar\u0131n toplanmas\u0131nda kobud      s\u0259hvl\u0259r\u0259 yol verildiyin\u0259 diqq\u0259t \u00e7\u0259kdi v\u0259 az\u0259rbaycanl\u0131 m\u00fcst\u0259ntiql\u0259rin      q\u0259tlin xarici d\u00f6vl\u0259t t\u0259r\u0259find\u0259n t\u0259\u015fkil edildiyi f\u0259rziyy\u0259sin\u0259 qap\u0131ld\u0131\u011f\u0131n\u0131      bildirdi.\n  <\/li>\n<li>\n    Az\u0259rbaycanl\u0131      r\u0259smil\u0259rin axtard\u0131qlar\u0131n\u0131 iddia etdikl\u0259ri q\u0259tlin \u0259sas \u015f\u00fcbh\u0259lisi uzun      m\u00fcdd\u0259tdir qon\u015fu G\u00fcrc\u00fcstanda ya\u015fay\u0131r v\u0259 orada m\u00fcxt\u0259lif \u0259mlaklar al\u0131b.\n  <\/li>\n<li>\n    M\u0259hk\u0259m\u0259 prosesi t\u0259xir\u0259 sal\u0131nd\u0131\u011f\u0131na g\u00f6r\u0259, Az\u0259rbaycan      hakimiyy\u0259ti H\u00fcseynovlar ail\u0259sini istintaq\u0131n v\u0259ziyy\u0259ti il\u0259 ba\u011fl\u0131 yan\u0131ltm\u0131\u015f      kimi g\u00f6r\u00fcn\u00fcr\n  <\/li>\n<\/ul>\n<p>\n  Ara\u015fd\u0131rma\u00e7\u0131 jurnalist Elmar H\u00fcseynov 2005-ci ilin 2 mart g\u00fcn\u00fc i\u015fd\u0259n ev\u0259 qay\u0131danda Az\u0259rbaycan\u0131n paytaxt\u0131 Bak\u0131n\u0131 qaranl\u0131q b\u00fcr\u00fcm\u00fc\u015fd\u00fc. H\u00fcseynov arada bir g\u00fcn batana q\u0259d\u0259r redakt\u0259 etdiyi \u201cMonitor\u201d jurnal\u0131n\u0131n ofisind\u0259 qal\u0131rd\u0131.\n<\/p>\n<p>\n  H\u0259min ax\u015fam pill\u0259k\u0259nl\u0259rin oldu\u011fu yer x\u00fcsusil\u0259 qaranl\u0131q idi, \u00e7\u00fcnki onun ya\u015fad\u0131\u011f\u0131 blokun qap\u0131s\u0131n\u0131n \u00fcst\u00fcnd\u0259 i\u015f\u0131q yox idi. H\u00fcseynov \u00fc\u00e7\u00fcnc\u00fc m\u0259rt\u0259b\u0259y\u0259 qalxark\u0259n onun \u00fcst\u00fcnd\u0259 yar\u0131avtomatik tapan\u00e7as\u0131 olan bir qatil peyda olub. Ona yeddi d\u0259f\u0259 at\u0259\u015f a\u00e7\u0131l\u0131b. Alt\u0131 g\u00fcll\u0259 h\u0259d\u0259f\u0259 d\u0259yib. \u00d6l\u00fcmc\u00fcl g\u00fcll\u0259 H\u00fcseynovun sin\u0259sinin sol yuxar\u0131 hiss\u0259sini de\u015fib, qan damarlar\u0131n\u0131 do\u011fray\u0131b v\u0259 a\u011fciy\u0259rini d\u0259lib.\n<\/p>\n<p>\n  H\u00fcseynov h\u0259yat yolda\u015f\u0131, atas\u0131 v\u0259 bac\u0131s\u0131n\u0131n onu g\u00f6zl\u0259diyi m\u0259nzilin\u0259 \u00e7\u0131xma\u011f\u0131 bacar\u0131b. Qap\u0131 a\u00e7\u0131lan kimi, o, qap\u0131n\u0131n \u00e7\u00f6l\u00fcnd\u0259 yer\u0259 \u00e7\u00f6k\u00fcb.\n<\/p>\n<p>\n  H\u00fccumla ba\u011fl\u0131 x\u0259b\u0259r yay\u0131lan kimi televiziya m\u00fcxbiri, H\u00fcseynovun dostu \u00c7ingiz Sultansoy narahat olan h\u0259mkar\u0131ndan telefon z\u0259ngi g\u0259ldikd\u0259n sonra hadis\u0259 yerin\u0259 qa\u00e7\u0131b. Polisl\u0259r binan\u0131n qar\u015f\u0131s\u0131nda dayan\u0131bm\u0131\u015f v\u0259 insan izdiham\u0131 yaran\u0131b. Sultansoy q\u0259fild\u0259n H\u00fcseynovun h\u0259yat yolda\u015f\u0131 Ru\u015fan\u0259nin p\u0259nc\u0259r\u0259ni a\u00e7d\u0131\u011f\u0131n\u0131 xat\u0131rlay\u0131r. \u201cOnu \u00f6ld\u00fcrd\u00fcl\u0259r\u201d,- dey\u0259 o q\u0259fild\u0259n q\u0131\u015fq\u0131r\u0131b.\n<\/p>\n<p>\n  Polis jurnalistl\u0259ri, H\u00fcseynovun qon\u015fular\u0131n\u0131n v\u0259 dostlar\u0131n\u0131n girib-\u00e7\u0131xmas\u0131na izin ver\u0259r\u0259k k\u0259nara \u00e7\u0259kilib. Sultansoy, H\u00fcseynovun az \u00f6nc\u0259 qalxd\u0131\u011f\u0131 pill\u0259k\u0259nl\u0259 yuxar\u0131 \u00e7\u0131x\u0131b v\u0259 m\u0259nzilin qap\u0131s\u0131n\u0131n a\u00e7\u0131q oldu\u011funu g\u00f6r\u00fcb. Dostu i\u00e7\u0259riy\u0259 do\u011fru bir ne\u00e7\u0259 add\u0131m boyu yer\u0259 uzanm\u0131\u015f, qarn\u0131 sviterind\u0259n \u00e7\u0131xm\u0131\u015f, \u00fcz\u00fc qan i\u00e7ind\u0259 imi\u015f. Sultansoy diz \u00e7\u00f6k\u00fcb H\u00fcseynovun h\u0259l\u0259 isti olan \u0259lini tutub. Dostunun \u00f6ld\u00fcy\u00fcn\u00fc \u00f6z g\u00f6zl\u0259ri il\u0259 g\u00f6r\u00fcb, onu \u00f6p\u00fcb v\u0259 oran\u0131 t\u0259rk edib.\n<\/p>\n<p>\n  H\u00fcseynovun reportajlar\u0131 siyas\u0259t\u00e7il\u0259rd\u0259n tutmu\u015f n\u0259h\u0259ng biznesl\u0259r\u0259 q\u0259d\u0259r Az\u0259rbaycan elitas\u0131n\u0131 h\u0259d\u0259f alm\u0131\u015fd\u0131. \u00d6l\u00fcm\u00fcnd\u0259n xeyli \u0259vv\u0259l, o, h\u0259d\u0259-qorxulara v\u0259 t\u0259hdidl\u0259r\u0259 m\u0259ruz qalm\u0131\u015fd\u0131. O gec\u0259d\u0259n b\u0259ri, dostlar\u0131 v\u0259 ail\u0259si g\u00fccl\u00fc \u015f\u0259xsl\u0259rin onu t\u0259sirsiz hala g\u0259tirm\u0259y\u0259 c\u0259hd edib- etm\u0259dikl\u0259ri bar\u0259d\u0259 fikirl\u0259r y\u00fcr\u00fcd\u00fcr.\n<\/p>\n<p>\n  H\u00fcseynovun q\u0259tlind\u0259n sonra Bak\u0131ya g\u00f6nd\u0259ril\u0259n ke\u00e7mi\u015f AB\u015e diplomat\u0131 v\u0259 haz\u0131rda S\u0259rh\u0259dsiz Reportyorlar\u0131n ke\u00e7irdiyi beyn\u0259lxalq kampaniyalar\u0131n direktoru olan Rebeka Vinsent (Rebecca Vincent) &quot;Elmar\u0131n sui-q\u0259sdind\u0259n \u00f6nc\u0259 ona qar\u015f\u0131 t\u0259zyiq edilm\u0259si n\u00fcmun\u0259si, jurnalistl\u0259rin q\u0259sd\u0259n h\u0259d\u0259f al\u0131nd\u0131\u011f\u0131 dig\u0259r \u00f6lk\u0259l\u0259rd\u0259 g\u00f6rd\u00fcy\u00fcm\u00fcz bir \u00e7ox hadis\u0259yl\u0259 ox\u015farl\u0131q t\u0259\u015fkil edir&quot;,- dedi.\n<\/p>\n<p>\n  H\u00fcseynov sui-q\u0259sdinin 16-c\u0131 ild\u00f6n\u00fcm\u00fcnd\u0259 OCCRP q\u0259tl il\u0259 ba\u011fl\u0131 ara\u015fd\u0131rmaya yeni i\u015f\u0131q tuta bil\u0259r. M\u0259lumat azadl\u0131\u011f\u0131na s\u00f6yk\u0259n\u0259r\u0259k \u0259ld\u0259 edil\u0259n m\u0259hk\u0259m\u0259 s\u0259n\u0259dl\u0259rin\u0259 v\u0259 dig\u0259r s\u0259n\u0259dl\u0259r\u0259 baxaraq, hesabat\u0131m\u0131zda istintaqa k\u00f6m\u0259k \u00fc\u00e7\u00fcn \u00e7a\u011f\u0131r\u0131lan FTB-nin \u0259vv\u0259ll\u0259r d\u0259rc olunmam\u0131\u015f bir s\u0259n\u0259dinin n\u0259z\u0259rd\u0259n ke\u00e7irilm\u0259sin\u0259 yer verilib.\n<\/p>\n<p>\n  M\u0259lumatda, 2005-ci ild\u0259n b\u0259ri, \u0259sas\u0259n H\u00fcseynovun qatilinin v\u0259 ya qatill\u0259rinin m\u0259hk\u0259m\u0259y\u0259 c\u0259lb edilm\u0259sind\u0259n m\u0259sul olan Az\u0259rbaycan\u0131n hakim orqanlar\u0131 t\u0259r\u0259find\u0259n haz\u0131rlanm\u0131\u015f \u00e7a\u015fd\u0131rma v\u0259 s\u0259hvl\u0259r silsil\u0259si t\u0259qdim edilir. M\u0259hk\u0259m\u0259 i\u015fi h\u0259ll edilm\u0259mi\u015f olaraq qald\u0131\u011f\u0131 \u00fc\u00e7\u00fcn OCCRP, \u0259sas \u015f\u00fcbh\u0259linin h\u0259l\u0259 d\u0259 itkin oldu\u011funu, Az\u0259rbaycan r\u0259smil\u0259rinin is\u0259 H\u00fcseynovun ail\u0259sini istintaq\u0131n gedi\u015fat\u0131 il\u0259 ba\u011fl\u0131 s\u0259hv m\u0259lumatland\u0131rd\u0131\u011f\u0131n\u0131 t\u0259sbit edib. N\u0259tic\u0259d\u0259 onsuz da narahatl\u0131q do\u011furan bu hadis\u0259 Az\u0259rbaycan\u0131n m\u0259tbuat azadl\u0131\u011f\u0131 sah\u0259sinin daha da pisl\u0259\u015fm\u0259si kimi daha ciddi n\u0259tic\u0259l\u0259r\u0259 g\u0259tirib \u00e7\u0131xara bil\u0259r.\n<\/p>\n<p>\n  <b><br \/>\n    <i><br \/>\n      \u201cQara n\u00f6qt\u0259\u201d<br \/>\n    <\/i><br \/>\n  <\/b>\n<\/p>\n<p>\n  2005-ci ilin mart ay\u0131ndan etibar\u0259n Az\u0259rbaycanda m\u0259tbuat azadl\u0131\u011f\u0131, hadis\u0259d\u0259n il yar\u0131m \u00f6nc\u0259 bu C\u0259nubi Qafqaz xalq\u0131n\u0131n cilovunu atas\u0131ndan alan Prezident \u0130lham \u018fliyevin b\u00f6y\u00fck t\u0259zyiqin\u0259 m\u0259ruz qal\u0131b. Ki\u00e7ik \u018fliyev hakimiyy\u0259t\u0259 g\u0259ldikd\u0259n sonra s\u0259kkiz jurnalist h\u0259bs olunub v\u0259 m\u0259tbuat azadl\u0131\u011f\u0131 2005-ci ilin noyabr ay\u0131nda parlament se\u00e7kil\u0259rind\u0259 daha \u00e7ox qar\u015f\u0131durma il\u0259 \u00fczl\u0259\u015fm\u0259y\u0259 haz\u0131rla\u015f\u0131rd\u0131. H\u0259min il Az\u0259rbaycan S\u0259rh\u0259dsiz Reportyorlar\u0131n D\u00fcnya M\u0259tbuat Azadl\u0131\u011f\u0131 \u0130ndeksind\u0259 167 \u00f6lk\u0259 aras\u0131nda 141-ci yeri tutub.\n<\/p>\n<p>\n  H\u00fcseynovun \u201cMonitor\u201d adl\u0131 media orqan\u0131, prezident v\u0259 ail\u0259sini d\u0259 h\u0259d\u0259f alaraq, korrupsiya il\u0259 ba\u011fl\u0131 s\u0259rt x\u0259b\u0259rl\u0259ri yaymaqla tan\u0131n\u0131rd\u0131. H\u00fcseynovu n\u00fcfuzlu \u015f\u0259xsl\u0259rin susdurduqlar\u0131 bar\u0259d\u0259 \u015fayi\u0259l\u0259r yay\u0131ld\u0131qda, \u018fliyev ail\u0259sinin v\u0259 ya m\u00fctt\u0259fiql\u0259rinin i\u015ftirak\u0131 il\u0259 ba\u011fl\u0131 h\u0259r hans\u0131 bir ehtimal\u0131 q\u0259tiyy\u0259tl\u0259 r\u0259dd etdi. Cinay\u0259ti Az\u0259rbaycan tarixind\u0259 &quot;qara l\u0259k\u0259&quot; kimi xarakteriz\u0259 ed\u0259r\u0259k h\u0259rt\u0259r\u0259fli istintaq apar\u0131laca\u011f\u0131na s\u00f6z verdi v\u0259 o vaxt AB\u015e-a m\u00fcraci\u0259t etdi. AB\u015e-\u0131n Az\u0259rbaycandak\u0131 s\u0259firi Reno Harni\u015f AB\u015e Federal T\u0259hqiqat B\u00fcrosunun (<br \/>\n  <b><br \/>\n    Federal<br \/>\n  <\/b><br \/>\n  Bureau of Investigation, FBI)  m\u00fct\u0259x\u0259ssisl\u0259rind\u0259n k\u00f6m\u0259k ist\u0259di.\n<\/p>\n<p>\n  Q\u0259tlin ert\u0259si g\u00fcn\u00fc o, &quot;Bu cinay\u0259t h\u0259rt\u0259r\u0259fli ara\u015fd\u0131r\u0131lmal\u0131 v\u0259 g\u00fcnahkarlar m\u0259suliyy\u0259t\u0259 c\u0259lb edilm\u0259lidir&quot;, dedi.\n<\/p>\n<p>\n  FTB (FBI) r\u0259smil\u0259ri daha sonra hadis\u0259nin ba\u015f verdiyi Bak\u0131da tan\u0131nm\u0131\u015f m\u00fcst\u0259ntiql\u0259r v\u0259 az\u0259rbaycanl\u0131 nazirl\u0259rl\u0259 g\u00f6r\u00fc\u015f\u00fcb, hadis\u0259 yerin\u0259 ba\u015f \u00e7\u0259kib, m\u00f6vcud d\u0259lill\u0259ri v\u0259 autopsiya hesabatlar\u0131n\u0131 ara\u015fd\u0131r\u0131b v\u0259 \u00f6zl\u0259ri s\u00fcbutlar toplay\u0131blar.\n<\/p>\n<p>\n  Lakin ilk andan etibar\u0259n Az\u0259rbaycan hakimiyy\u0259tinin H\u00fcseynovun jurnalist f\u0259aliyy\u0259tin\u0259 g\u00f6r\u0259 \u00f6ld\u00fcr\u00fcl\u00fcb-\u00f6ld\u00fcr\u00fclm\u0259m\u0259sin\u0259 fokuslanmaq ist\u0259m\u0259m\u0259si istintaqa mane olub. Bunun yerin\u0259 istintaqda m\u0259sul olan nazirl\u0259r, Erm\u0259nistan\u0131n Az\u0259rbaycan h\u00f6kum\u0259tin\u0259 z\u0259r\u0259r verm\u0259k \u00fc\u00e7\u00fcn sui-q\u0259sd \u0259mri verdiyin\u0259 dair yalan iddialar ortaya at\u0131blar.\n<\/p>\n<p>\n  16 il sonra, q\u0259tld\u0259 \u015f\u00fcbh\u0259li bilin\u0259nl\u0259rd\u0259n birinin G\u00fcrc\u00fcstanda s\u0259rb\u0259st \u015f\u0259kild\u0259 ya\u015fad\u0131\u011f\u0131, Tbilisid\u0259 m\u00fclkiyy\u0259t h\u00fcququ \u0259ld\u0259 etdiyi v\u0259 \u00f6lk\u0259nin c\u0259nubunda yerl\u0259\u015f\u0259n Marneulid\u0259 bir torpaq sah\u0259sin\u0259 sahib oldu\u011fu g\u00f6r\u00fcn\u00fcr. Baxmayaraq ki, Az\u0259rbaycan Milli T\u0259hl\u00fck\u0259sizlik Nazirliyi Ru\u015fan\u0259 H\u00fcseynovaya istintaq\u0131n israrla davam etdirildiyini bildirib, eyni d\u00f6vrd\u0259 r\u0259smil\u0259r FTB-y\u0259 i\u015fin dayand\u0131r\u0131ld\u0131\u011f\u0131n\u0131 s\u00f6yl\u0259yib.\n<\/p>\n<p>\n  S\u0259rh\u0259dsiz Reportyorlardan Vinsentin fikrin\u0259 g\u00f6r\u0259, r\u0259smil\u0259r he\u00e7 bir n\u0259tic\u0259 \u0259ld\u0259 etm\u0259s\u0259l\u0259r d\u0259, H\u00fcseynovun \u00f6ld\u00fcr\u00fclm\u0259si d\u0259rhal \u00f6z t\u0259sirini g\u00f6st\u0259rib. \u00d6lk\u0259nin \u0259n m\u0259\u015fhur reportyorlar\u0131ndan birinin \u00f6ld\u00fcr\u00fclm\u0259si dig\u0259r ara\u015fd\u0131rma\u00e7\u0131 jurnalistl\u0259rin n\u00f6vb\u0259ti d\u0259f\u0259 eyni \u015feyin ba\u015flar\u0131na g\u0259l\u0259c\u0259yi il\u0259 ba\u011fl\u0131 qorxular\u0131n\u0131 art\u0131r\u0131b.\n<\/p>\n<p>\n  \u201cElmar\u0131n i\u015fi x\u00fcsusil\u0259 Az\u0259rbaycanda deyil, b\u00fct\u00fcn b\u00f6lg\u0259d\u0259 simvolik idi\u201d,- dey\u0259 o qeyd edib: \u201cM\u0259qs\u0259dl\u0259ri, \u015f\u00fcbh\u0259siz ki, m\u00fc\u0259yy\u0259n q\u0131rm\u0131z\u0131 x\u0259tl\u0259ri ke\u00e7m\u0259m\u0259si \u00fc\u00e7\u00fcn a\u00e7\u0131q bir siqnal g\u00f6nd\u0259rm\u0259k idi v\u0259 bu g\u00fcn\u0259 q\u0259d\u0259r hiss olunan qorxunun yarad\u0131lmas\u0131nda m\u00fch\u00fcm rol oynad\u0131\u201d.\n<\/p>\n<figure class=\"wp-block-image size-large\">\n  <img decoding=\"async\" src=\"https:\/\/www.meydan.tv\/az\/elmar-huseynov-3\/\" alt=\"Elmar H\u00fcseynov\" class=\"wp-image-157316\"\/><figcaption>\n    Elmar H\u00fcseynovun m\u0259zar\u0131<br \/>\n  <\/figcaption><\/figure>\n<p>\n  <b><br \/>\n    <i><br \/>\n      FTB-nin s\u0259hvl\u0259ri<br \/>\n    <\/i><br \/>\n  <\/b>\n<\/p>\n<p>\n  \u201cAgentliyin h\u00f6kum\u0259ti &quot;y\u0131xa bil\u0259c\u0259k&quot; q\u0259d\u0259r ciddi oldu\u011funu qeyd etdiyi cinay\u0259t i\u015fi 2005-2008-ci ill\u0259r aras\u0131nda t\u0259rtib edilib. OCCRP-nin fikrinc\u0259, bu, \u0259vv\u0259ld\u0259n bir \u00e7ox  f\u00fcrs\u0259tin qa\u00e7\u0131r\u0131ld\u0131\u011f\u0131n\u0131 vur\u011fulayan h\u00fcquq atta\u015fesi Brian Paarmann\u0131n  ciddi narahatl\u0131qlar\u0131n\u0131 ortaya \u00e7\u0131xar\u0131r.\n<\/p>\n<p>\n  Paarmann cinay\u0259tin ba\u015f verdiyi gec\u0259 polisin insanlar\u0131n pill\u0259k\u0259n bo\u015flu\u011funa g\u00fcll\u0259r qoymas\u0131n\u0131n qar\u015f\u0131s\u0131n\u0131 almayaraq hadis\u0259 yerin\u0259 n\u0259zar\u0259td\u0259 b\u00f6y\u00fck bir s\u0259hv buraxd\u0131\u011f\u0131na v\u0259 bel\u0259likl\u0259, daban v\u0259 ya ayaqqab\u0131 izl\u0259rind\u0259n d\u0259lil toplama ehtimal\u0131n\u0131 ortadan qald\u0131rd\u0131\u011f\u0131na i\u015far\u0259 edib.\n<\/p>\n<p>\n  Paarmann, hadis\u0259 yeri \u015f\u0259kill\u0259rinin d\u0259lill\u0259r ortadan qalxd\u0131qdan \u00e7ox sonra \u00e7\u0259kildiyini v\u0259 bunun &quot;\u00e7ox ki\u00e7ik bir prosedur s\u0259hvi&quot; oldu\u011funu yaz\u0131b. O \u0259lav\u0259 edib ki, istintaq qrupu \u0259sas s\u00fcbutlar\u0131 toplad\u0131\u011f\u0131 zaman \u0259lc\u0259k bel\u0259 taxmay\u0131b.\n<\/p>\n<p>\n  Paarmann h\u0259min gec\u0259 H\u00fcseynovun m\u0259nzilinin d\u0259hlizinin \u00fcst\u00fcnd\u0259ki i\u015f\u0131\u011f\u0131n d\u00fczg\u00fcn bir \u015f\u0259kild\u0259 ba\u011flanmad\u0131\u011f\u0131 \u00fc\u00e7\u00fcn havan\u0131n h\u0259mi\u015f\u0259kind\u0259n daha qaranl\u0131q oldu\u011funu anlayaraq, yerli m\u00fcf\u0259tti\u015fl\u0259rin \u0259razid\u0259ki izl\u0259ri yoxlaya bilm\u0259dikl\u0259rini bildirib.\n<\/p>\n<p>\n  \u201cGizli barmaq izl\u0259rini a\u015fkarlamaq \u00fc\u00e7\u00fcn bu lampaya bax\u0131l\u0131b-bax\u0131lmad\u0131\u011f\u0131n\u0131 soru\u015fdum v\u0259 \u00e7oxlu insan\u0131n ona toxundu\u011fu bar\u0259d\u0259 m\u0259lumatland\u0131r\u0131ld\u0131m, buna g\u00f6r\u0259 bu s\u0259m\u0259r\u0259siz hesab edildi\u201d,- dey\u0259 yaz\u0131b.\n<\/p>\n<p>\n  Paarmann, H\u00fcseynovun autopsiyas\u0131 il\u0259 \u0259laq\u0259dar olaraq, qatili m\u00fc\u0259yy\u0259n ed\u0259 bil\u0259c\u0259k d\u0259ri n\u00fcmun\u0259l\u0259rinin olub-olmad\u0131\u011f\u0131n\u0131 yoxlamaq \u00fc\u00e7\u00fcn jurnalistin d\u0131rnaqlar\u0131n\u0131n alt\u0131ndan n\u00fcmun\u0259 g\u00f6t\u00fcr\u00fcl\u00fcb-g\u00f6t\u00fcr\u00fclm\u0259diyi soru\u015fub. Cavab\u0131nda bunun edildiyi, lakin n\u0259tic\u0259l\u0259rin m\u0259nfi oldu\u011fu deyilib. Ancaq az\u0259rbaycanl\u0131lar\u0131n t\u0259qdim etdiyi ilk hesabatlarda &quot;bu prosedur haqq\u0131nda m\u0259lumata&quot; rast g\u0259linm\u0259yib.\n<\/p>\n<p>\n  B\u00fct\u00fcn bunlara baxmayaraq, b\u0259zi ipuclar\u0131 \u00fcmidverici g\u00f6r\u00fcn\u00fcrd\u00fc.\n<\/p>\n<p>\n  Cinay\u0259tin ert\u0259si g\u00fcn\u00fc H\u00fcseynovun evinin qar\u015f\u0131s\u0131ndak\u0131 \u0259kin sah\u0259sind\u0259 5.45 mm-lik bir Baikal PSM yar\u0131avtomatik tapan\u00e7a tap\u0131l\u0131b. Tapan\u00e7an\u0131n \u00fcst\u00fcnd\u0259 Rusiyada istehsal olundu\u011funu g\u00f6st\u0259r\u0259n seriya n\u00f6mr\u0259l\u0259ri olub. Q\u0131sa m\u00fcdd\u0259td\u0259n sonra yax\u0131nl\u0131qdak\u0131 dig\u0259r \u0259kin sah\u0259sind\u0259 t\u00fcnd r\u0259ngli h\u00f6r\u00fclm\u00fc\u015f papaq a\u015fkar edilib.\n<\/p>\n<p>\n  Paarmann, z\u0259if ni\u015fan\u00e7\u0131 olan cinay\u0259tkar\u0131n \u201ct\u0259l\u0259sik v\u0259 s\u0259liq\u0259siz\u201d q\u0259tl t\u00f6r\u0259tdiyi q\u0259na\u0259tin\u0259 g\u0259ldiyini yaz\u0131b. Silah &quot;tap\u0131lmas\u0131 m\u00fcmk\u00fcn&quot; olan yerd\u0259 tap\u0131l\u0131b v\u0259 izl\u0259ri ayd\u0131n g\u00f6r\u00fcn\u00fcrd\u00fc. Paarmanna g\u00f6r\u0259, Az\u0259rbaycan h\u00f6kum\u0259ti q\u0259tlin &quot;s\u0259ri\u015ft\u0259li bir \u015f\u0259xs&quot; t\u0259r\u0259find\u0259n t\u00f6r\u0259dildiyin\u0259 inan\u0131r, ancaq pe\u015f\u0259kar cinay\u0259tkar silah\u0131n \u00fcst\u00fcnd\u0259ki b\u00fct\u00fcn seriya v\u0259 izl\u0259ri silm\u0259li, silah\u0131 s\u00f6k\u00fcb atmal\u0131yd\u0131.\n<\/p>\n<p>\n  Lakin FTB atta\u015fesi Az\u0259rbaycan nazirl\u0259rinin yana\u015fmas\u0131ndan narahat idi. Onlar cinay\u0259t bar\u0259d\u0259 bir ne\u00e7\u0259 m\u00fcmk\u00fcn versiyan\u0131n oldu\u011funu etiraf ets\u0259l\u0259r d\u0259, Paarmann h\u0259r hans\u0131 bir xarici d\u00f6vl\u0259tin Az\u0259rbaycanda xaos yaratmaq \u00fc\u00e7\u00fcn H\u00fcseynova h\u00fccum \u0259mri verdiyi n\u0259z\u0259riyy\u0259sind\u0259n m\u0259yus g\u00f6r\u00fcn\u00fcrd\u00fc. M\u00fcmk\u00fcn cinay\u0259tkarlar siyah\u0131s\u0131n\u0131n ba\u015f\u0131nda Erm\u0259nistan dururdu, dig\u0259r m\u00fcmk\u00fcn variantlar Rusiya v\u0259 \u0130ran idi.\n<\/p>\n<p>\n  \u201cBir yer\u0259 topla\u015fm\u0131\u015f nazirl\u0259r bu q\u0259tlin H\u00fcseynova qar\u015f\u0131 \u015f\u0259xsi z\u0259mind\u0259 v\u0259 ya onun jurnalist f\u0259aliyy\u0259tin\u0259 g\u00f6r\u0259 qisas ola bil\u0259c\u0259yi ehtimal\u0131n\u0131 q\u0259bul etdil\u0259r, lakin daha \u00e7ox niy\u0259 bunun sabitliyi pozma\u011fa y\u00f6n\u0259lmi\u015f, koordinasiya edilmi\u015f, xaricd\u0259n d\u0259st\u0259kl\u0259n\u0259n bir sui-q\u0259sd olaraq g\u00f6rd\u00fckl\u0259rini sadalad\u0131lar \u201d, &#8211; dey\u0259 Paarmann qeyd edib.\n<\/p>\n<p>\n  Paarmann h\u00f6kum\u0259t r\u0259smil\u0259rinin &quot;bir ne\u00e7\u0259 \u015feyi do\u011fru etdiyini&quot;, ancaq ilkin n\u0259tic\u0259l\u0259rin d\u0259h\u015f\u0259tli oldu\u011funu yazd\u0131.\n<\/p>\n<p>\n  O, az\u0259rbaycanl\u0131 m\u00fcst\u0259ntiql\u0259r\u0259 bir s\u0131ra t\u00f6vsiy\u0259l\u0259r ver\u0259nd\u0259 ona &quot;bunlar\u0131 n\u0259z\u0259r\u0259 alacaqlar\u0131n\u0131&quot; s\u00f6yl\u0259yibl\u0259r. Bunun \u0259v\u0259zind\u0259 FTB yava\u015f-yava\u015f k\u0259nara \u00e7\u0259kilib.\n<\/p>\n<p>\n  <b><br \/>\n    <i><br \/>\n      \u0130ki \u015f\u00fcbh\u0259li<br \/>\n    <\/i><br \/>\n  <\/b>\n<\/p>\n<p>\n  \u0130stintaq ba\u015flad\u0131ld\u0131qdan iki ay sonra r\u0259smil\u0259r \u015f\u00fcbh\u0259li bilin\u0259n iki \u015f\u0259xsin kimliyini m\u00fc\u0259yy\u0259n etdil\u0259r: Tahir Qurbanov v\u0259 Teymuraz \u018fliyev. H\u0259r iki qon\u015fu G\u00fcrc\u00fcstan v\u0259t\u0259nda\u015f\u0131 q\u0259tld\u0259n \u00f6nc\u0259 H\u00fcseynovun evinin yax\u0131nl\u0131\u011f\u0131nda bir m\u0259nzil kiray\u0259 g\u00f6t\u00fcr\u00fcb v\u0259 cinay\u0259td\u0259n sonra Az\u0259rbaycan-G\u00fcrc\u00fcstan s\u0259rh\u0259dini ke\u00e7ib.\n<\/p>\n<p>\n  Az\u0259rbaycanl\u0131 m\u00fcst\u0259ntiql\u0259r onlar\u0131n Bak\u0131dak\u0131 evl\u0259rind\u0259n iki yast\u0131q \u00fcz\u00fc v\u0259 paltar g\u00f6t\u00fcr\u00fcb. FTB bu \u0259\u015fyalar\u0131n DNT-sini hadis\u0259 yerind\u0259 tap\u0131lm\u0131\u015f papaq il\u0259 qar\u015f\u0131la\u015fd\u0131r\u0131b. R\u0259smil\u0259r h\u0259r iki \u015f\u0259xsin q\u0259tld\u0259 i\u015ftirak etdiyini m\u00fc\u0259yy\u0259n edib. Federal T\u0259hqiqatlar B\u00fcrosu bu insanlarla ba\u011fl\u0131 s\u00fcbutlar\u0131 &quot;g\u00fccl\u00fc&quot; olaraq qiym\u0259tl\u0259ndirib, lakin he\u00e7 birinin H\u00fcseynovun jurnalist f\u0259aliyy\u0259ti il\u0259 \u0259laq\u0259l\u0259ri olmas\u0131 ehtimal\u0131 g\u00f6r\u00fcnm\u00fcrd\u00fc v\u0259 cinay\u0259tin motivi sirr olaraq qal\u0131rd\u0131.\n<\/p>\n<p>\n  Axtar\u0131\u015fa ba\u015flan\u0131ld\u0131, ancaq Az\u0259rbaycan hakimiyy\u0259ti iki \u015f\u0259xsin \u015f\u0259kill\u0259rini internetd\u0259 yerl\u0259\u015fdirm\u0259kd\u0259 ist\u0259ksiz g\u00f6r\u00fcn\u00fcrd\u00fc. \u201cTuran\u201d x\u0259b\u0259r agentliyinin 2005-ci ilin iyul ay\u0131nda yay\u0131mlad\u0131\u011f\u0131 x\u0259b\u0259rd\u0259 r\u0259smil\u0259r &quot;bu insanlar\u0131n \u015f\u0259kill\u0259rini internetd\u0259 yerl\u0259\u015fdirm\u0259y\u0259 ehtiyac olmad\u0131\u011f\u0131n\u0131&quot; qeyd edib.\n<\/p>\n<p>\n  N\u0259tic\u0259d\u0259 \u018fliyev G\u00fcrc\u00fcstanda tap\u0131l\u0131b v\u0259 2006-c\u0131 ilin sentyabr\u0131nda G\u00fcrc\u00fcstan h\u00f6k\u00fcm\u0259ti t\u0259r\u0259find\u0259n sor\u011fu-sual edil\u0259rk\u0259n cinay\u0259td\u0259 i\u015ftirak etdiyini inkar edib. 2006-c\u0131 ilin yay\u0131nda H\u00fcseynovu bir \u00e7ox \u0259laq\u0259siz q\u0259tll\u0259r\u0259 g\u00f6r\u0259 m\u00fchakim\u0259 olunan Az\u0259rbaycan Daxili \u0130\u015fl\u0259r Nazirliyinin ke\u00e7mi\u015f \u0259m\u0259kda\u015f\u0131 Hac\u0131 M\u0259mm\u0259dovun adamlar\u0131n\u0131n \u00f6ld\u00fcrd\u00fcy\u00fc iddia edildikd\u0259n sonra sular daha da bulan\u0131b. V\u0259ziyy\u0259ti ayd\u0131nla\u015fd\u0131rmaq \u00fc\u00e7\u00fcn 2007-ci ilin yanvar\u0131nda FTB \u018fliyev\u0259 yalan detektoru testi t\u0259klif edib.\n<\/p>\n<p>\n  Federal T\u0259hqiqatlar B\u00fcrosunun h\u00fcquq atta\u015fesinin m\u00fcavini o zamank\u0131 Az\u0259rbaycan milli t\u0259hl\u00fck\u0259sizlik naziri Eldar Mahmudova \u018fliyev v\u0259 dig\u0259r \u015f\u00fcbh\u0259linin, b\u00f6y\u00fck bir ehtimalla h\u0259l\u0259 d\u0259 G\u00fcrc\u00fcstanda olduqlar\u0131n\u0131 v\u0259 G\u00fcrc\u00fcstan r\u0259smil\u0259rinin \u0259m\u0259kda\u015fl\u0131q etm\u0259 ehtimal\u0131 oldu\u011funu yazd\u0131.\n<\/p>\n<p>\n  Lakin FTB-nin AB\u015e-\u0131n Az\u0259rbaycandak\u0131 s\u0259firi Anne Dersey\u0259 g\u00f6nd\u0259rdiyi \u00f6z\u0259l m\u0259ktubda FTB-nin Az\u0259rbaycan t\u0259r\u0259finin yalan detektorunun haz\u0131rlanmas\u0131n\u0131n \u00f6n\u00fcnd\u0259 bir &quot;mane\u0259&quot; kimi g\u00f6rd\u00fcy\u00fc d\u00fc\u015f\u00fcn\u00fcl\u00fcr. FTB-nin i\u015fl\u0259 ba\u011fl\u0131 s\u0259n\u0259dl\u0259rind\u0259 bunun edilib-edilm\u0259diyin\u0259 dair he\u00e7 bir d\u0259lil yoxdur v\u0259 istintaq dayand\u0131r\u0131l\u0131b.\n<\/p>\n<p>\n  Ata\u015fe, 2008-ci ilin sentyabr\u0131nda Milli T\u0259hl\u00fck\u0259sizlik Nazirliyi il\u0259 g\u00f6r\u00fc\u015fd\u00fckd\u0259n sonra qeyd etdi ki: &quot;[Nazirlik] ara\u015fd\u0131rmalar\u0131n t\u0259xir\u0259 sal\u0131nd\u0131\u011f\u0131n\u0131 v\u0259 art\u0131q Federal T\u0259hqiqatlar B\u00fcrosunun k\u00f6m\u0259yin\u0259 ehtiyac duymad\u0131qlar\u0131n\u0131 bildirib&quot;. Halbuki, sad\u0259c\u0259 bir ne\u00e7\u0259 ay \u00f6nc\u0259, iyul ay\u0131nda nazirlik r\u0259smil\u0259ri Ru\u015fan\u0259y\u0259 qatill\u0259ri m\u0259suliyy\u0259t\u0259 c\u0259lb etm\u0259k \u00fc\u00e7\u00fcn yorulmadan \u00e7al\u0131\u015fd\u0131qlar\u0131n\u0131 s\u00f6yl\u0259mi\u015fdil\u0259r. Y\u00fcks\u0259k v\u0259zif\u0259li bir \u015f\u0259xs onun v\u0259kilin\u0259 bel\u0259 yaz\u0131b: &quot;\u0130\u015fin tam, h\u0259rt\u0259r\u0259fli v\u0259 q\u0259r\u0259zsiz istintaq\u0131 davam etdirilir&quot;.\n<\/p>\n<p>\n  2009-cu ilin mart ay\u0131nda, cinay\u0259tin ara\u015fd\u0131r\u0131lmas\u0131 \u00fc\u00e7\u00fcn israr ed\u0259n Ru\u015fan\u0259y\u0259 y\u00fcks\u0259k v\u0259zif\u0259li bir m\u0259murdan ba\u015fqa bir cavab m\u0259ktubu g\u0259lib. O istintaq\u0131n davam etdiyini t\u0259krarlay\u0131b. Bununla yana\u015f\u0131, m\u0259mur &quot;ilkin istintaq\u0131n&quot; 2009-cu ilin sentyabr\u0131na q\u0259d\u0259r uzad\u0131ld\u0131\u011f\u0131n\u0131 da \u0259lav\u0259 edib. Bu son detal vacibdir, \u00e7\u00fcnki qanuna g\u00f6r\u0259 Ru\u015fan\u0259 cinay\u0259t i\u015fi il\u0259 ba\u011fl\u0131 materiallar\u0131 yaln\u0131z ilkin istintaq ba\u015fa \u00e7atd\u0131qdan sonra g\u00f6rm\u0259k h\u00fcququna malik idi. V\u0259kili daha sonra bildirdi ki, q\u0259tld\u0259n d\u00f6rd il sonra v\u0259 Az\u0259rbaycan hakimiyy\u0259ti \u0259sas \u015f\u00fcbh\u0259lil\u0259ri m\u00fc\u0259yy\u0259nl\u0259\u015fdirdikd\u0259n \u00e7ox sonra ilkin istintaq\u0131n h\u0259l\u0259 davam etdiyini s\u00f6yl\u0259m\u0259k q\u0259rib\u0259dir. O, m\u0259hk\u0259m\u0259y\u0259 etdiyi m\u00fcraci\u0259td\u0259 bunun &quot;m\u00fcmk\u00fcns\u00fcz oldu\u011funu&quot; s\u00f6yl\u0259yib.\n<\/p>\n<p>\n  S\u0259rh\u0259dsiz Reportyorlardan Vinsent Az\u0259rbaycanda r\u0259smil\u0259rin &quot;\u0259dal\u0259tin b\u0259rqarar olmas\u0131na q\u0259sd\u0259n mane olduqlar\u0131n\u0131&quot; s\u00f6yl\u0259yib v\u0259 &quot;yeni s\u0259n\u0259dl\u0259rd\u0259&quot; \u0259n yax\u015f\u0131 halda \u0259dal\u0259ti b\u0259rpa etm\u0259k \u00fc\u00e7\u00fcn siyasi irad\u0259nin olmad\u0131\u011f\u0131n\u0131 v\u0259 ya daha da pis halda, cinay\u0259t istintaq\u0131n\u0131 yay\u0131nd\u0131rmaq, s\u0259hv y\u00f6n\u0259ltm\u0259k v\u0259 ya ona mane olmaq \u00fc\u00e7\u00fcn c\u0259hd g\u00f6st\u0259rildiyini bildirib.\n<\/p>\n<p>\n  <b><br \/>\n    <i><br \/>\n      Tbilisid\u0259 m\u0259nzill\u0259r<br \/>\n    <\/i><br \/>\n  <\/b>\n<\/p>\n<p>\n  Az\u0259rbaycan r\u0259smil\u0259ri 2009-cu ild\u0259 g\u00f6nd\u0259rdikl\u0259ri m\u0259ktubda Ru\u015fan\u0259y\u0259 Qurbanov v\u0259 \u018fliyevin axtar\u0131\u015flar\u0131n\u0131n davam etdirildiyini bildiribl\u0259r, halbuki \u018fliyevin harada oldu\u011funa dair i\u015far\u0259l\u0259r m\u00f6vcud idi.\n<\/p>\n<p>\n  OCCRP-nin apard\u0131\u011f\u0131 sad\u0259 a\u00e7\u0131q arxiv ara\u015fd\u0131rmas\u0131 n\u0259tic\u0259sind\u0259 \u018fliyevin \u015f\u0259xsiyy\u0259t v\u0259siq\u0259sind\u0259n istifad\u0259 ed\u0259n bir n\u0259f\u0259rin Tbilisid\u0259 biri 2008-ci ilin may\u0131nda, dig\u0259ri 2008-ci ilin iyun ay\u0131nda olmaqla iki m\u0259nzil ald\u0131\u011f\u0131 \u00fcz\u0259 \u00e7\u0131x\u0131b. M\u0259nzill\u0259r anas\u0131 da daxil olmaqla bir ne\u00e7\u0259 yax\u0131n qohumun ya\u015fad\u0131\u011f\u0131 binada yerl\u0259\u015fir. OCCRP Az\u0259rbaycan r\u0259hb\u0259rliyind\u0259n bu gedi\u015fat\u0131 davam etdirib-etdirm\u0259dikl\u0259rini soru\u015fub, lakin \u015f\u0259rh t\u0259l\u0259bi cavabs\u0131z qal\u0131b. \u018fliyev \u015f\u0259xs\u0259n OCCRP-nin onun ya\u015fad\u0131\u011f\u0131 binaya apar\u0131lm\u0131\u015f v\u0259 qohumuna verilmi\u015f yaz\u0131l\u0131 suallara cavab verm\u0259yib.\n<\/p>\n<p>\n  Milli T\u0259hl\u00fck\u0259sizlik Nazirliyi 17 mart 2009-cu ild\u0259 Ru\u015fan\u0259y\u0259 yazaraq, \u0130nterpolun \u018fliyevin Tbilisid\u0259 oldu\u011funu bildirdiyini deyib. Qurbanovdan is\u0259 bir x\u0259b\u0259r yox idi.\n<\/p>\n<p>\n  Bu m\u0259qal\u0259y\u0259 m\u00fcnasib\u0259t bildirm\u0259kd\u0259n imtina ed\u0259n Az\u0259rbaycan hakimiyy\u0259tinin bu m\u0259lumat\u0131 Ru\u015fan\u0259y\u0259 verib-verm\u0259m\u0259si i\u015fin material\u0131ndan ayd\u0131n deyil.\n<\/p>\n<p>\n  N\u0259hay\u0259t, o, 2010-cu ild\u0259 i\u015fl\u0259 ba\u011fl\u0131 Avropa \u0130nsan H\u00fcquqlar\u0131 M\u0259hk\u0259m\u0259sind\u0259 (A\u0130HM) iddia qald\u0131r\u0131b. \u0130\u015fl\u0259 ba\u011fl\u0131 s\u0259n\u0259dl\u0259rd\u0259ki iddialara cavab olaraq, Az\u0259rbaycan hakimiyy\u0259ti h\u0259qiq\u0259t\u0259n \u018fliyev v\u0259 Qurbanovun ekstradisiyas\u0131n\u0131 t\u0259l\u0259b etdikl\u0259rini, lakin G\u00fcrc\u00fcstan v\u0259t\u0259nda\u015flar\u0131 olduqlar\u0131 \u00fc\u00e7\u00fcn h\u0259min \u00f6lk\u0259nin bundan imtina etdiyini iddia edib. S\u0259n\u0259dl\u0259r g\u00f6st\u0259rir ki, Az\u0259rbaycan bu m\u00fcraci\u0259ti 2005-ci ild\u0259 G\u00fcrc\u00fcstana edib.\n<\/p>\n<p>\n  Az\u0259rbaycan hakimiyy\u0259tin\u0259 \u0259lav\u0259 m\u00fcraci\u0259tl\u0259r edils\u0259 d\u0259, suallar\u0131 cavabland\u0131rmay\u0131blar. Bununla yana\u015f\u0131, A\u0130HM-nin 2017-ci il q\u0259rar\u0131 g\u00f6st\u0259rir ki, G\u00fcrc\u00fcstan Ba\u015f prokurorunun m\u00fcavini 2005-ci ild\u0259 Az\u0259rbaycana m\u0259hk\u0259m\u0259 sistemi \u00e7\u0259r\u00e7iv\u0259sind\u0259 \u018fliyev\u0259 qar\u015f\u0131 cinay\u0259t i\u015fi a\u00e7ma\u011fa haz\u0131r oldu\u011funu s\u00f6yl\u0259yib.\n<\/p>\n<p>\n  Ba\u015fqa s\u00f6zl\u0259, Az\u0259rbaycan i\u015fi G\u00fcrc\u00fcstana ver\u0259rs\u0259, \u018fliyev m\u0259hk\u0259m\u0259y\u0259 veril\u0259 bil\u0259r. S\u0259n\u0259dl\u0259r G\u00fcrc\u00fcstan\u0131n qanuni \u0259m\u0259liyyat apard\u0131\u011f\u0131n\u0131 g\u00f6st\u0259rir, lakin onlardan he\u00e7 bir \u015fey g\u0259lm\u0259yib.\n<\/p>\n<p>\n  <b><br \/>\n    <i><br \/>\n      Narahat ed\u0259n suallar<br \/>\n    <\/i><br \/>\n  <\/b>\n<\/p>\n<p>\n  Ru\u015fan\u0259nin v\u0259kili Knut Rognlien A\u0130HM-n\u0259 bildirib ki, Az\u0259rbaycan r\u0259hb\u0259rliyi \u015f\u00fcbh\u0259lil\u0259rin tap\u0131la bilm\u0259y\u0259n v\u0259 ya dan\u0131\u015f\u0131la bilm\u0259y\u0259n \u0259cn\u0259bil\u0259r olmas\u0131 haqq\u0131nda israr etm\u0259kl\u0259, \u0259slind\u0259 narahatedici suallardan qa\u00e7\u0131blar. FTB-nin s\u0259n\u0259din\u0259 g\u00f6r\u0259, bu tip suallar nazirl\u0259rin \u0259vv\u0259ld\u0259n yay\u0131nd\u0131qlar\u0131 suallardand\u0131r.\n<\/p>\n<p>\n  &quot;\u018fg\u0259r onlar qiym\u0259tl\u0259ndirils\u0259ydil\u0259r, Teymuraz \u018fliyev v\u0259 Tahir Qurbanov da m\u00fcmk\u00fcn t\u0259maslar\u0131 v\u0259 q\u0259tlin s\u0259b\u0259bl\u0259ri bar\u0259d\u0259 sor\u011fu-sual edil\u0259 bil\u0259rdi&quot;,- dey\u0259 Rognlien qeyd edib.\n<\/p>\n<p>\n  H\u00fcseynovu tan\u0131yanlar deyirl\u0259r ki, bu m\u0259hk\u0259m\u0259 i\u015finin c\u0259zas\u0131z qalmas\u0131 Az\u0259rbaycanda m\u0259tbuat azadl\u0131\u011f\u0131na ciddi ziyan vurma\u011fa davam edir.\n<\/p>\n<p>\n  Q\u0259tl zaman\u0131 Norve\u00e7in Az\u0259rbaycandak\u0131 s\u0259firi Steinar Gil bunu &quot;a\u00e7\u0131q \u015f\u0259kild\u0259 t\u0259nqid etm\u0259k ist\u0259y\u0259n v\u0259 azad m\u0259tbuat\u0131n d\u0259y\u0259rl\u0259rini m\u00fcdafi\u0259 etm\u0259k ist\u0259y\u0259n jurnalistl\u0259rin risk alt\u0131nda olmas\u0131\u201d kimi qiym\u0259tl\u0259ndirib.\n<\/p>\n<p>\n  \u018fliyev h\u0259l\u0259 d\u0259 \u00f6z h\u0259yat\u0131n\u0131 ya\u015fay\u0131r v\u0259 Qurbanovdan \u0259s\u0259r-\u0259lam\u0259t tap\u0131lmay\u0131b. Cinay\u0259tl\u0259 ba\u011fl\u0131 h\u0259bs olunan yegan\u0259 \u015f\u0259xs Turqay Bayramovdur ki, h\u0259r iki \u015f\u0259xs\u0259 telefon ald\u0131\u011f\u0131 \u00fc\u00e7\u00fcn iki il h\u0259bs c\u0259zas\u0131na m\u0259hkum edilib.\n<\/p>\n<p>\n  OCCRP-nin \u0259lav\u0259 m\u0259lumat t\u0259l\u0259bin\u0259 cavab olaraq, G\u00fcrc\u00fcstan prokurorlu\u011fu A\u0130HM-nin q\u0259rar\u0131n\u0131 jurnalistl\u0259r\u0259 t\u0259hvil verib. Az\u0259rbaycan prokurorlu\u011fu eyni c\u00fcr suallara cavab verm\u0259yib.\n<\/p>\n<p>\n  \u0130stintaq dayand\u0131r\u0131lsa da, Az\u0259rbaycanda f\u0259aliyy\u0259td\u0259 olan daha \u00fc\u00e7 jurnalist H\u00fcseynovun m\u0259nzilinin qaranl\u0131q pill\u0259l\u0259rind\u0259 g\u00fcll\u0259l\u0259n\u0259r\u0259k \u00f6ld\u00fcr\u00fcld\u00fcy\u00fc kimi q\u0259tl\u0259 yetirilib. S\u0259rh\u0259dsiz Reportyorlar\u0131n D\u00fcnya M\u0259tbuat Azadl\u0131\u011f\u0131 \u0130ndeksind\u0259 Az\u0259rbaycan 180 \u00f6lk\u0259 aras\u0131nda 168-ci yer\u0259 d\u00fc\u015f\u00fcb.\n<\/p>\n<p>\n  &quot;Bu g\u00fcn Az\u0259rbaycanda m\u0259tbuat azadl\u0131\u011f\u0131 yoxdur&quot;,- Gil qeyd edib: \u201cS\u0131f\u0131rd\u0131r, yoxdur. Bundan sonra insanlar d\u00fc\u015f\u00fcn\u00fcr ki, \u0259g\u0259r bu, Elmara edildis\u0259, h\u0259r k\u0259sin ba\u015f\u0131na g\u0259l\u0259 bil\u0259r\u201d.\n<\/p>\n<p>\n  <b><br \/>\n    <i><br \/>\n      M\u00fc\u0259llif: Eleanor Rose, Londonda insan h\u00fcquqlar\u0131 sah\u0259sind\u0259 m\u00fct\u0259x\u0259ssis olan v\u0259 dig\u0259r m\u0259tbuatlar s\u0131ras\u0131nda \u201cGuardian\u201d, \u201cEvening Standard\u201d v\u0259 \u201cIndependent\u201d \u00fc\u00e7\u00fcn yaz\u0131lar haz\u0131rlayan ara\u015fd\u0131rma\u00e7\u0131 jurnalistdir.<br \/>\n    <\/i><br \/>\n  <\/b>\n<\/p>\n<p>\n  <b><br \/>\n    <i><br \/>\n      Aydan Yusubova (iFact) bu ara\u015fd\u0131rmaya k\u00f6m\u0259k edib.<br \/>\n    <\/i><br \/>\n  <\/b><\/p>\n","protected":false},"excerpt":{"rendered":"<p>FTB-nin s\u0259n\u0259dl\u0259rind\u0259 m\u00fc\u0259mmalar yer al\u0131b<\/p>\n","protected":false},"author":11,"featured_media":157310,"comment_status":"closed","ping_status":"open","sticky":false,"template":"","format":"standard","meta":{"_acf_changed":false,"_sitemap_exclude":false,"_sitemap_priority":"","_sitemap_frequency":"","footnotes":""},"categories":[55],"tags":[],"class_list":["post-205230","post","type-post","status-publish","format-standard","has-post-thumbnail","hentry","category-arasdirma","infinite-scroll-item","generate-columns","tablet-grid-50","mobile-grid-100","grid-parent","grid-33","no-featured-image-padding"],"acf":[],"yoast_head":"<!-- This site is optimized with the Yoast SEO plugin v27.4 - https:\/\/yoast.com\/product\/yoast-seo-wordpress\/ -->\n<title>Elmar H\u00fcseynovun q\u0259tlinin ara\u015fd\u0131r\u0131lmas\u0131ndak\u0131 s\u0259ri\u015ft\u0259sizlik - MEYDAN.TV<\/title>\n<meta name=\"robots\" content=\"index, follow, max-snippet:-1, max-image-preview:large, max-video-preview:-1\" \/>\n<link rel=\"canonical\" href=\"https:\/\/www.meydan.tv\/az\/article\/elmar-huseynovun-qetlinin-arasdirilmasindaki-seristesizlik\/\" \/>\n<meta property=\"og:locale\" content=\"az_AZ\" \/>\n<meta property=\"og:type\" content=\"article\" \/>\n<meta property=\"og:title\" content=\"Elmar H\u00fcseynovun q\u0259tlinin ara\u015fd\u0131r\u0131lmas\u0131ndak\u0131 s\u0259ri\u015ft\u0259sizlik - MEYDAN.TV\" \/>\n<meta property=\"og:description\" content=\"FTB-nin s\u0259n\u0259dl\u0259rind\u0259 m\u00fc\u0259mmalar yer al\u0131b\" \/>\n<meta property=\"og:url\" content=\"https:\/\/www.meydan.tv\/az\/article\/elmar-huseynovun-qetlinin-arasdirilmasindaki-seristesizlik\/\" \/>\n<meta property=\"og:site_name\" content=\"MEYDAN.TV\" \/>\n<meta property=\"article:published_time\" content=\"2021-03-04T10:41:14+00:00\" \/>\n<meta property=\"og:image\" content=\"https:\/\/www.meydan.tv\/wp-content\/uploads\/elmar-huseynov2.jpg\" \/>\n\t<meta property=\"og:image:width\" content=\"800\" \/>\n\t<meta property=\"og:image:height\" content=\"674\" \/>\n\t<meta property=\"og:image:type\" content=\"image\/jpeg\" \/>\n<meta name=\"author\" content=\"user-manager\" \/>\n<meta name=\"twitter:card\" content=\"summary_large_image\" \/>\n<script type=\"application\/ld+json\" class=\"yoast-schema-graph\">{\"@context\":\"https:\\\/\\\/schema.org\",\"@graph\":[{\"@type\":\"Article\",\"@id\":\"https:\\\/\\\/www.meydan.tv\\\/az\\\/article\\\/elmar-huseynovun-qetlinin-arasdirilmasindaki-seristesizlik\\\/#article\",\"isPartOf\":{\"@id\":\"https:\\\/\\\/www.meydan.tv\\\/az\\\/article\\\/elmar-huseynovun-qetlinin-arasdirilmasindaki-seristesizlik\\\/\"},\"author\":{\"name\":\"user-manager\",\"@id\":\"https:\\\/\\\/www.meydan.tv\\\/az\\\/#\\\/schema\\\/person\\\/10d11eccf6da3662cf5fdab9806ea91a\"},\"headline\":\"Elmar H\u00fcseynovun q\u0259tlinin ara\u015fd\u0131r\u0131lmas\u0131ndak\u0131 s\u0259ri\u015ft\u0259sizlik\",\"datePublished\":\"2021-03-04T10:41:14+00:00\",\"mainEntityOfPage\":{\"@id\":\"https:\\\/\\\/www.meydan.tv\\\/az\\\/article\\\/elmar-huseynovun-qetlinin-arasdirilmasindaki-seristesizlik\\\/\"},\"wordCount\":3986,\"publisher\":{\"@id\":\"https:\\\/\\\/www.meydan.tv\\\/az\\\/#organization\"},\"image\":{\"@id\":\"https:\\\/\\\/www.meydan.tv\\\/az\\\/article\\\/elmar-huseynovun-qetlinin-arasdirilmasindaki-seristesizlik\\\/#primaryimage\"},\"thumbnailUrl\":\"https:\\\/\\\/www.meydan.tv\\\/wp-content\\\/uploads\\\/elmar-huseynov2.jpg\",\"articleSection\":[\"Ara\u015fd\u0131rma\"],\"inLanguage\":\"az\"},{\"@type\":\"WebPage\",\"@id\":\"https:\\\/\\\/www.meydan.tv\\\/az\\\/article\\\/elmar-huseynovun-qetlinin-arasdirilmasindaki-seristesizlik\\\/\",\"url\":\"https:\\\/\\\/www.meydan.tv\\\/az\\\/article\\\/elmar-huseynovun-qetlinin-arasdirilmasindaki-seristesizlik\\\/\",\"name\":\"Elmar H\u00fcseynovun q\u0259tlinin ara\u015fd\u0131r\u0131lmas\u0131ndak\u0131 s\u0259ri\u015ft\u0259sizlik - MEYDAN.TV\",\"isPartOf\":{\"@id\":\"https:\\\/\\\/www.meydan.tv\\\/az\\\/#website\"},\"primaryImageOfPage\":{\"@id\":\"https:\\\/\\\/www.meydan.tv\\\/az\\\/article\\\/elmar-huseynovun-qetlinin-arasdirilmasindaki-seristesizlik\\\/#primaryimage\"},\"image\":{\"@id\":\"https:\\\/\\\/www.meydan.tv\\\/az\\\/article\\\/elmar-huseynovun-qetlinin-arasdirilmasindaki-seristesizlik\\\/#primaryimage\"},\"thumbnailUrl\":\"https:\\\/\\\/www.meydan.tv\\\/wp-content\\\/uploads\\\/elmar-huseynov2.jpg\",\"datePublished\":\"2021-03-04T10:41:14+00:00\",\"breadcrumb\":{\"@id\":\"https:\\\/\\\/www.meydan.tv\\\/az\\\/article\\\/elmar-huseynovun-qetlinin-arasdirilmasindaki-seristesizlik\\\/#breadcrumb\"},\"inLanguage\":\"az\",\"potentialAction\":[{\"@type\":\"ReadAction\",\"target\":[\"https:\\\/\\\/www.meydan.tv\\\/az\\\/article\\\/elmar-huseynovun-qetlinin-arasdirilmasindaki-seristesizlik\\\/\"]}]},{\"@type\":\"ImageObject\",\"inLanguage\":\"az\",\"@id\":\"https:\\\/\\\/www.meydan.tv\\\/az\\\/article\\\/elmar-huseynovun-qetlinin-arasdirilmasindaki-seristesizlik\\\/#primaryimage\",\"url\":\"https:\\\/\\\/www.meydan.tv\\\/wp-content\\\/uploads\\\/elmar-huseynov2.jpg\",\"contentUrl\":\"https:\\\/\\\/www.meydan.tv\\\/wp-content\\\/uploads\\\/elmar-huseynov2.jpg\",\"width\":800,\"height\":674,\"caption\":\"Source: Meydan Tv\"},{\"@type\":\"BreadcrumbList\",\"@id\":\"https:\\\/\\\/www.meydan.tv\\\/az\\\/article\\\/elmar-huseynovun-qetlinin-arasdirilmasindaki-seristesizlik\\\/#breadcrumb\",\"itemListElement\":[{\"@type\":\"ListItem\",\"position\":1,\"name\":\"Ana s\u0259hif\u0259\",\"item\":\"https:\\\/\\\/www.meydan.tv\\\/az\\\/\"},{\"@type\":\"ListItem\",\"position\":2,\"name\":\"Ara\u015fd\u0131rma\",\"item\":\"https:\\\/\\\/www.meydan.tv\\\/az\\\/section\\\/arasdirma\\\/\"},{\"@type\":\"ListItem\",\"position\":3,\"name\":\"Elmar H\u00fcseynovun q\u0259tlinin ara\u015fd\u0131r\u0131lmas\u0131ndak\u0131 s\u0259ri\u015ft\u0259sizlik\"}]},{\"@type\":\"WebSite\",\"@id\":\"https:\\\/\\\/www.meydan.tv\\\/az\\\/#website\",\"url\":\"https:\\\/\\\/www.meydan.tv\\\/az\\\/\",\"name\":\"MEYDAN.TV\",\"description\":\"Meydan TV Az\u0259rbaycan\u0131n media m\u0259kan\u0131ndak\u0131 alternativ s\u0259sidir\",\"publisher\":{\"@id\":\"https:\\\/\\\/www.meydan.tv\\\/az\\\/#organization\"},\"potentialAction\":[{\"@type\":\"SearchAction\",\"target\":{\"@type\":\"EntryPoint\",\"urlTemplate\":\"https:\\\/\\\/www.meydan.tv\\\/az\\\/?s={search_term_string}\"},\"query-input\":{\"@type\":\"PropertyValueSpecification\",\"valueRequired\":true,\"valueName\":\"search_term_string\"}}],\"inLanguage\":\"az\"},{\"@type\":\"Organization\",\"@id\":\"https:\\\/\\\/www.meydan.tv\\\/az\\\/#organization\",\"name\":\"Meydan TV\",\"url\":\"https:\\\/\\\/www.meydan.tv\\\/az\\\/\",\"logo\":{\"@type\":\"ImageObject\",\"inLanguage\":\"az\",\"@id\":\"https:\\\/\\\/www.meydan.tv\\\/az\\\/#\\\/schema\\\/logo\\\/image\\\/\",\"url\":\"https:\\\/\\\/www.meydan.tv\\\/wp-content\\\/uploads\\\/2021\\\/07\\\/meydan-logo.svg\",\"contentUrl\":\"https:\\\/\\\/www.meydan.tv\\\/wp-content\\\/uploads\\\/2021\\\/07\\\/meydan-logo.svg\",\"width\":195,\"height\":46,\"caption\":\"Meydan TV\"},\"image\":{\"@id\":\"https:\\\/\\\/www.meydan.tv\\\/az\\\/#\\\/schema\\\/logo\\\/image\\\/\"}},{\"@type\":\"Person\",\"@id\":\"https:\\\/\\\/www.meydan.tv\\\/az\\\/#\\\/schema\\\/person\\\/10d11eccf6da3662cf5fdab9806ea91a\",\"name\":\"user-manager\"}]}<\/script>\n<!-- \/ Yoast SEO plugin. -->","yoast_head_json":{"title":"Elmar H\u00fcseynovun q\u0259tlinin ara\u015fd\u0131r\u0131lmas\u0131ndak\u0131 s\u0259ri\u015ft\u0259sizlik - MEYDAN.TV","robots":{"index":"index","follow":"follow","max-snippet":"max-snippet:-1","max-image-preview":"max-image-preview:large","max-video-preview":"max-video-preview:-1"},"canonical":"https:\/\/www.meydan.tv\/az\/article\/elmar-huseynovun-qetlinin-arasdirilmasindaki-seristesizlik\/","og_locale":"az_AZ","og_type":"article","og_title":"Elmar H\u00fcseynovun q\u0259tlinin ara\u015fd\u0131r\u0131lmas\u0131ndak\u0131 s\u0259ri\u015ft\u0259sizlik - MEYDAN.TV","og_description":"FTB-nin s\u0259n\u0259dl\u0259rind\u0259 m\u00fc\u0259mmalar yer al\u0131b","og_url":"https:\/\/www.meydan.tv\/az\/article\/elmar-huseynovun-qetlinin-arasdirilmasindaki-seristesizlik\/","og_site_name":"MEYDAN.TV","article_published_time":"2021-03-04T10:41:14+00:00","og_image":[{"width":800,"height":674,"url":"https:\/\/www.meydan.tv\/wp-content\/uploads\/elmar-huseynov2.jpg","type":"image\/jpeg"}],"author":"user-manager","twitter_card":"summary_large_image","schema":{"@context":"https:\/\/schema.org","@graph":[{"@type":"Article","@id":"https:\/\/www.meydan.tv\/az\/article\/elmar-huseynovun-qetlinin-arasdirilmasindaki-seristesizlik\/#article","isPartOf":{"@id":"https:\/\/www.meydan.tv\/az\/article\/elmar-huseynovun-qetlinin-arasdirilmasindaki-seristesizlik\/"},"author":{"name":"user-manager","@id":"https:\/\/www.meydan.tv\/az\/#\/schema\/person\/10d11eccf6da3662cf5fdab9806ea91a"},"headline":"Elmar H\u00fcseynovun q\u0259tlinin ara\u015fd\u0131r\u0131lmas\u0131ndak\u0131 s\u0259ri\u015ft\u0259sizlik","datePublished":"2021-03-04T10:41:14+00:00","mainEntityOfPage":{"@id":"https:\/\/www.meydan.tv\/az\/article\/elmar-huseynovun-qetlinin-arasdirilmasindaki-seristesizlik\/"},"wordCount":3986,"publisher":{"@id":"https:\/\/www.meydan.tv\/az\/#organization"},"image":{"@id":"https:\/\/www.meydan.tv\/az\/article\/elmar-huseynovun-qetlinin-arasdirilmasindaki-seristesizlik\/#primaryimage"},"thumbnailUrl":"https:\/\/www.meydan.tv\/wp-content\/uploads\/elmar-huseynov2.jpg","articleSection":["Ara\u015fd\u0131rma"],"inLanguage":"az"},{"@type":"WebPage","@id":"https:\/\/www.meydan.tv\/az\/article\/elmar-huseynovun-qetlinin-arasdirilmasindaki-seristesizlik\/","url":"https:\/\/www.meydan.tv\/az\/article\/elmar-huseynovun-qetlinin-arasdirilmasindaki-seristesizlik\/","name":"Elmar H\u00fcseynovun q\u0259tlinin ara\u015fd\u0131r\u0131lmas\u0131ndak\u0131 s\u0259ri\u015ft\u0259sizlik - MEYDAN.TV","isPartOf":{"@id":"https:\/\/www.meydan.tv\/az\/#website"},"primaryImageOfPage":{"@id":"https:\/\/www.meydan.tv\/az\/article\/elmar-huseynovun-qetlinin-arasdirilmasindaki-seristesizlik\/#primaryimage"},"image":{"@id":"https:\/\/www.meydan.tv\/az\/article\/elmar-huseynovun-qetlinin-arasdirilmasindaki-seristesizlik\/#primaryimage"},"thumbnailUrl":"https:\/\/www.meydan.tv\/wp-content\/uploads\/elmar-huseynov2.jpg","datePublished":"2021-03-04T10:41:14+00:00","breadcrumb":{"@id":"https:\/\/www.meydan.tv\/az\/article\/elmar-huseynovun-qetlinin-arasdirilmasindaki-seristesizlik\/#breadcrumb"},"inLanguage":"az","potentialAction":[{"@type":"ReadAction","target":["https:\/\/www.meydan.tv\/az\/article\/elmar-huseynovun-qetlinin-arasdirilmasindaki-seristesizlik\/"]}]},{"@type":"ImageObject","inLanguage":"az","@id":"https:\/\/www.meydan.tv\/az\/article\/elmar-huseynovun-qetlinin-arasdirilmasindaki-seristesizlik\/#primaryimage","url":"https:\/\/www.meydan.tv\/wp-content\/uploads\/elmar-huseynov2.jpg","contentUrl":"https:\/\/www.meydan.tv\/wp-content\/uploads\/elmar-huseynov2.jpg","width":800,"height":674,"caption":"Source: Meydan Tv"},{"@type":"BreadcrumbList","@id":"https:\/\/www.meydan.tv\/az\/article\/elmar-huseynovun-qetlinin-arasdirilmasindaki-seristesizlik\/#breadcrumb","itemListElement":[{"@type":"ListItem","position":1,"name":"Ana s\u0259hif\u0259","item":"https:\/\/www.meydan.tv\/az\/"},{"@type":"ListItem","position":2,"name":"Ara\u015fd\u0131rma","item":"https:\/\/www.meydan.tv\/az\/section\/arasdirma\/"},{"@type":"ListItem","position":3,"name":"Elmar H\u00fcseynovun q\u0259tlinin ara\u015fd\u0131r\u0131lmas\u0131ndak\u0131 s\u0259ri\u015ft\u0259sizlik"}]},{"@type":"WebSite","@id":"https:\/\/www.meydan.tv\/az\/#website","url":"https:\/\/www.meydan.tv\/az\/","name":"MEYDAN.TV","description":"Meydan TV Az\u0259rbaycan\u0131n media m\u0259kan\u0131ndak\u0131 alternativ s\u0259sidir","publisher":{"@id":"https:\/\/www.meydan.tv\/az\/#organization"},"potentialAction":[{"@type":"SearchAction","target":{"@type":"EntryPoint","urlTemplate":"https:\/\/www.meydan.tv\/az\/?s={search_term_string}"},"query-input":{"@type":"PropertyValueSpecification","valueRequired":true,"valueName":"search_term_string"}}],"inLanguage":"az"},{"@type":"Organization","@id":"https:\/\/www.meydan.tv\/az\/#organization","name":"Meydan TV","url":"https:\/\/www.meydan.tv\/az\/","logo":{"@type":"ImageObject","inLanguage":"az","@id":"https:\/\/www.meydan.tv\/az\/#\/schema\/logo\/image\/","url":"https:\/\/www.meydan.tv\/wp-content\/uploads\/2021\/07\/meydan-logo.svg","contentUrl":"https:\/\/www.meydan.tv\/wp-content\/uploads\/2021\/07\/meydan-logo.svg","width":195,"height":46,"caption":"Meydan TV"},"image":{"@id":"https:\/\/www.meydan.tv\/az\/#\/schema\/logo\/image\/"}},{"@type":"Person","@id":"https:\/\/www.meydan.tv\/az\/#\/schema\/person\/10d11eccf6da3662cf5fdab9806ea91a","name":"user-manager"}]}},"_links":{"self":[{"href":"https:\/\/www.meydan.tv\/az\/wp-json\/wp\/v2\/posts\/205230","targetHints":{"allow":["GET"]}}],"collection":[{"href":"https:\/\/www.meydan.tv\/az\/wp-json\/wp\/v2\/posts"}],"about":[{"href":"https:\/\/www.meydan.tv\/az\/wp-json\/wp\/v2\/types\/post"}],"author":[{"embeddable":true,"href":"https:\/\/www.meydan.tv\/az\/wp-json\/wp\/v2\/users\/11"}],"replies":[{"embeddable":true,"href":"https:\/\/www.meydan.tv\/az\/wp-json\/wp\/v2\/comments?post=205230"}],"version-history":[{"count":0,"href":"https:\/\/www.meydan.tv\/az\/wp-json\/wp\/v2\/posts\/205230\/revisions"}],"wp:featuredmedia":[{"embeddable":true,"href":"https:\/\/www.meydan.tv\/az\/wp-json\/wp\/v2\/media\/157310"}],"wp:attachment":[{"href":"https:\/\/www.meydan.tv\/az\/wp-json\/wp\/v2\/media?parent=205230"}],"wp:term":[{"taxonomy":"category","embeddable":true,"href":"https:\/\/www.meydan.tv\/az\/wp-json\/wp\/v2\/categories?post=205230"},{"taxonomy":"post_tag","embeddable":true,"href":"https:\/\/www.meydan.tv\/az\/wp-json\/wp\/v2\/tags?post=205230"}],"curies":[{"name":"wp","href":"https:\/\/api.w.org\/{rel}","templated":true}]}}