{"id":205211,"date":"2021-03-03T09:03:16","date_gmt":"2021-03-03T09:03:16","guid":{"rendered":"https:\/\/www.meydan.tv\/article\/bloger-ve-aktyor-mehkeme-zalinda-hebs-olundu\/"},"modified":"2021-03-03T09:03:16","modified_gmt":"2021-03-03T09:03:16","slug":"bloger-ve-aktyor-mehkeme-zalinda-hebs-olundu","status":"publish","type":"post","link":"https:\/\/www.meydan.tv\/az\/article\/bloger-ve-aktyor-mehkeme-zalinda-hebs-olundu\/","title":{"rendered":"Bloger v\u0259 aktyor m\u0259hk\u0259m\u0259 zal\u0131nda h\u0259bs olundu"},"content":{"rendered":"<p>\n  <i><br \/>\n    Ming\u0259\u00e7evir \u015e\u0259h\u0259r M\u0259hk\u0259m\u0259sinin h\u00f6km\u00fc d\u0259yi\u015fdiril\u0259r\u0259k a\u011f\u0131rla\u015fd\u0131r\u0131l\u0131b<br \/>\n  <\/i>\n<\/p>\n<p>\n  Bloger El\u00e7in H\u0259s\u0259nzad\u0259 mart\u0131n 2-d\u0259 \u015e\u0259ki Apelyasiya M\u0259hk\u0259m\u0259sind\u0259 h\u0259bs olunub. R\u0259fael \u018fliyevin s\u0259drlik etdiyi hakiml\u0259r kollegiyas\u0131 onun Cinay\u0259t M\u0259c\u0259ll\u0259sinin 147 (b\u00f6htan) v\u0259 148-ci (t\u0259hqir) madd\u0259l\u0259ril\u0259 t\u0259qsirli bilinib, 8 ay azadl\u0131qdan m\u0259hrum edilm\u0259si bar\u0259d\u0259 h\u00f6km \u00e7\u0131xar\u0131l\u0131b. Onunla birlikd\u0259 Ming\u0259\u00e7evir D\u00f6vl\u0259t Dram Teatr\u0131n\u0131n aktyoru \u0130brahim Salamov da eyni qaydada c\u0259zaland\u0131r\u0131l\u0131b.\n<\/p>\n<p>\n  Onlar\u0131n bar\u0259sind\u0259 bu cinay\u0259t i\u015fi Ming\u0259\u00e7evir \u015f\u0259h\u0259r M\u0259nzil \u0130stismar \u0130dar\u0259sinin r\u0259isi \u015e\u0259hriyar Mustafayevin x\u00fcsusi ittiham qaydas\u0131nda qald\u0131rd\u0131\u011f\u0131 iddia \u0259sas\u0131nda ba\u015flan\u0131b. \u015e\u0259hriyar Mustafayev iddia edir ki, El\u00e7in H\u0259s\u0259nzad\u0259 v\u0259 \u0130brahim Salamovun sosial \u015f\u0259b\u0259k\u0259l\u0259rd\u0259 onun haqq\u0131nda yazd\u0131qlar\u0131 b\u00f6htand\u0131r.\n<\/p>\n<p>\n  Ming\u0259\u00e7evir \u015f\u0259h\u0259r M\u0259hk\u0259m\u0259sind\u0259 hakim H\u00fcseyn Mirz\u0259liyev bu iddia \u0259sas\u0131nda aktyor v\u0259 blogerin h\u0259r birinin 1 il islah i\u015fl\u0259rin\u0259 m\u0259hkum edilm\u0259si haqda h\u00f6km \u00e7\u0131xar\u0131lm\u0131\u015fd\u0131. H\u0259m t\u0259qsirl\u0259ndiril\u0259n \u015f\u0259xsl\u0259r, h\u0259m d\u0259 \u015e\u0259hriyar Mustafayev h\u00f6kmd\u0259n apelyasiya \u015fikay\u0259ti vermi\u015fdi. El\u00e7in H\u0259s\u0259nzad\u0259 v\u0259 \u0130brahim Salamov b\u0259ra\u0259t, M\u0259nzil \u0130stismar \u0130dar\u0259sinin r\u0259isi is\u0259 onlar\u0131n c\u0259zas\u0131n\u0131n a\u011f\u0131rla\u015fd\u0131r\u0131lmas\u0131n\u0131 ist\u0259yirdi.\n<\/p>\n<p>\n  \u015e\u0259kil Apelyasiya M\u0259hk\u0259m\u0259si \u015e\u0259hriyar Mustafayevin \u015fikay\u0259tini t\u0259min ed\u0259r\u0259k, h\u00f6km\u00fc d\u0259yi\u015fib v\u0259 c\u0259zan\u0131 a\u011f\u0131rla\u015fd\u0131r\u0131b.\n<\/p>\n<p>\n  El\u00e7in H\u0259s\u0259nzad\u0259 iddia edir ki, Ming\u0259\u00e7evird\u0259 ba\u015f ver\u0259n qanunsuzluqlar\u0131, m\u0259mur \u00f6zba\u015f\u0131nal\u0131\u011f\u0131 v\u0259 korrupsiya hallar\u0131n\u0131 ictimail\u0259\u015fdirdiyin\u0259 g\u00f6r\u0259 icra ba\u015f\u00e7\u0131s\u0131 \u0130lham \u0130smay\u0131lovun sifari\u015fil\u0259 c\u0259zaland\u0131r\u0131l\u0131b. Onun s\u00f6zl\u0259rin\u0259 g\u00f6r\u0259, iddian\u0131 qald\u0131ran h\u00fcquqi bax\u0131mdan \u015e\u0259hriyar Mustafayev olsa da, i\u015fin arxas\u0131nda dayanan icra ba\u015f\u00e7\u0131s\u0131d\u0131r.\n<\/p>\n<p>\n  El\u00e7in H\u0259s\u0259nzad\u0259 mart\u0131n 2-d\u0259 m\u0259hk\u0259m\u0259y\u0259 getm\u0259mi\u015fd\u0259n \u0259vv\u0259l sosial media hesablar\u0131ndan payla\u015f\u0131mlar\u0131nda da icra ba\u015f\u00e7\u0131s\u0131n\u0131n sifari\u015fil\u0259 haqq\u0131nda azadl\u0131qdan m\u0259hrumetm\u0259 h\u00f6km\u00fcn\u00fcn \u00e7\u0131xar\u0131la bil\u0259c\u0259yi ehtimal\u0131n\u0131 yaz\u0131b.\n<\/p>\n<p>\n  El\u00e7in H\u0259s\u0259nzad\u0259 \u00f6t\u0259n il M\u0259h\u0259mm\u0259d \u018fmin R\u0259sulzad\u0259nin \u015f\u0259klini Ming\u0259\u00e7evird\u0259ki abid\u0259l\u0259rd\u0259n birinin \u00fcst\u00fcn\u0259 yap\u0131\u015fd\u0131r\u0131b. Sonradan h\u0259min \u015f\u0259kli c\u0131r\u0131b yer\u0259 at\u0131blar. \u0130ddia olunur ki, bunu \u015e\u0259hriyar Mustafayev el\u0259mi\u015fdi. Aktyorun s\u00f6zl\u0259rin\u0259 g\u00f6r\u0259, \u015e\u0259hriyar Mustafayevin h\u0259min \u0259m\u0259lini ictimail\u0259\u015fdirdiyi \u00fc\u00e7\u00fcn onu da c\u0259zaland\u0131r\u0131rlar.<\/p>\n","protected":false},"excerpt":{"rendered":"<p>Ming\u0259\u00e7evir \u015e\u0259h\u0259r M\u0259hk\u0259m\u0259sinin h\u00f6km\u00fc d\u0259yi\u015fdiril\u0259r\u0259k a\u011f\u0131rla\u015fd\u0131r\u0131l\u0131b<\/p>\n","protected":false},"author":11,"featured_media":142829,"comment_status":"closed","ping_status":"open","sticky":false,"template":"","format":"standard","meta":{"_acf_changed":false,"_sitemap_exclude":false,"_sitemap_priority":"","_sitemap_frequency":"","footnotes":""},"categories":[56],"tags":[],"class_list":["post-205211","post","type-post","status-publish","format-standard","has-post-thumbnail","hentry","category-xeberler","infinite-scroll-item","generate-columns","tablet-grid-50","mobile-grid-100","grid-parent","grid-33","no-featured-image-padding"],"acf":[],"yoast_head":"<!-- This site is optimized with the Yoast SEO plugin v27.5 - https:\/\/yoast.com\/product\/yoast-seo-wordpress\/ -->\n<title>Bloger v\u0259 aktyor m\u0259hk\u0259m\u0259 zal\u0131nda h\u0259bs olundu - MEYDAN.TV<\/title>\n<meta name=\"robots\" content=\"index, follow, max-snippet:-1, max-image-preview:large, max-video-preview:-1\" \/>\n<link rel=\"canonical\" href=\"https:\/\/www.meydan.tv\/az\/article\/bloger-ve-aktyor-mehkeme-zalinda-hebs-olundu\/\" \/>\n<meta property=\"og:locale\" content=\"az_AZ\" \/>\n<meta property=\"og:type\" content=\"article\" \/>\n<meta property=\"og:title\" content=\"Bloger v\u0259 aktyor m\u0259hk\u0259m\u0259 zal\u0131nda h\u0259bs olundu - MEYDAN.TV\" \/>\n<meta property=\"og:description\" content=\"Ming\u0259\u00e7evir \u015e\u0259h\u0259r M\u0259hk\u0259m\u0259sinin h\u00f6km\u00fc d\u0259yi\u015fdiril\u0259r\u0259k a\u011f\u0131rla\u015fd\u0131r\u0131l\u0131b\" \/>\n<meta property=\"og:url\" content=\"https:\/\/www.meydan.tv\/az\/article\/bloger-ve-aktyor-mehkeme-zalinda-hebs-olundu\/\" \/>\n<meta property=\"og:site_name\" content=\"MEYDAN.TV\" \/>\n<meta property=\"article:published_time\" content=\"2021-03-03T09:03:16+00:00\" \/>\n<meta property=\"og:image\" content=\"https:\/\/www.meydan.tv\/wp-content\/uploads\/untitled9_1_2pldkvq.png\" \/>\n\t<meta property=\"og:image:width\" content=\"1000\" \/>\n\t<meta property=\"og:image:height\" content=\"555\" \/>\n\t<meta property=\"og:image:type\" content=\"image\/png\" \/>\n<meta name=\"author\" content=\"user-manager\" \/>\n<meta name=\"twitter:card\" content=\"summary_large_image\" \/>\n<script type=\"application\/ld+json\" class=\"yoast-schema-graph\">{\"@context\":\"https:\\\/\\\/schema.org\",\"@graph\":[{\"@type\":\"Article\",\"@id\":\"https:\\\/\\\/www.meydan.tv\\\/az\\\/article\\\/bloger-ve-aktyor-mehkeme-zalinda-hebs-olundu\\\/#article\",\"isPartOf\":{\"@id\":\"https:\\\/\\\/www.meydan.tv\\\/az\\\/article\\\/bloger-ve-aktyor-mehkeme-zalinda-hebs-olundu\\\/\"},\"author\":{\"name\":\"user-manager\",\"@id\":\"https:\\\/\\\/www.meydan.tv\\\/az\\\/#\\\/schema\\\/person\\\/10d11eccf6da3662cf5fdab9806ea91a\"},\"headline\":\"Bloger v\u0259 aktyor m\u0259hk\u0259m\u0259 zal\u0131nda h\u0259bs olundu\",\"datePublished\":\"2021-03-03T09:03:16+00:00\",\"mainEntityOfPage\":{\"@id\":\"https:\\\/\\\/www.meydan.tv\\\/az\\\/article\\\/bloger-ve-aktyor-mehkeme-zalinda-hebs-olundu\\\/\"},\"wordCount\":484,\"publisher\":{\"@id\":\"https:\\\/\\\/www.meydan.tv\\\/az\\\/#organization\"},\"image\":{\"@id\":\"https:\\\/\\\/www.meydan.tv\\\/az\\\/article\\\/bloger-ve-aktyor-mehkeme-zalinda-hebs-olundu\\\/#primaryimage\"},\"thumbnailUrl\":\"https:\\\/\\\/www.meydan.tv\\\/wp-content\\\/uploads\\\/untitled9_1_2pldkvq.png\",\"articleSection\":[\"X\u0259b\u0259rl\u0259r\"],\"inLanguage\":\"az\"},{\"@type\":\"WebPage\",\"@id\":\"https:\\\/\\\/www.meydan.tv\\\/az\\\/article\\\/bloger-ve-aktyor-mehkeme-zalinda-hebs-olundu\\\/\",\"url\":\"https:\\\/\\\/www.meydan.tv\\\/az\\\/article\\\/bloger-ve-aktyor-mehkeme-zalinda-hebs-olundu\\\/\",\"name\":\"Bloger v\u0259 aktyor m\u0259hk\u0259m\u0259 zal\u0131nda h\u0259bs olundu - MEYDAN.TV\",\"isPartOf\":{\"@id\":\"https:\\\/\\\/www.meydan.tv\\\/az\\\/#website\"},\"primaryImageOfPage\":{\"@id\":\"https:\\\/\\\/www.meydan.tv\\\/az\\\/article\\\/bloger-ve-aktyor-mehkeme-zalinda-hebs-olundu\\\/#primaryimage\"},\"image\":{\"@id\":\"https:\\\/\\\/www.meydan.tv\\\/az\\\/article\\\/bloger-ve-aktyor-mehkeme-zalinda-hebs-olundu\\\/#primaryimage\"},\"thumbnailUrl\":\"https:\\\/\\\/www.meydan.tv\\\/wp-content\\\/uploads\\\/untitled9_1_2pldkvq.png\",\"datePublished\":\"2021-03-03T09:03:16+00:00\",\"breadcrumb\":{\"@id\":\"https:\\\/\\\/www.meydan.tv\\\/az\\\/article\\\/bloger-ve-aktyor-mehkeme-zalinda-hebs-olundu\\\/#breadcrumb\"},\"inLanguage\":\"az\",\"potentialAction\":[{\"@type\":\"ReadAction\",\"target\":[\"https:\\\/\\\/www.meydan.tv\\\/az\\\/article\\\/bloger-ve-aktyor-mehkeme-zalinda-hebs-olundu\\\/\"]}]},{\"@type\":\"ImageObject\",\"inLanguage\":\"az\",\"@id\":\"https:\\\/\\\/www.meydan.tv\\\/az\\\/article\\\/bloger-ve-aktyor-mehkeme-zalinda-hebs-olundu\\\/#primaryimage\",\"url\":\"https:\\\/\\\/www.meydan.tv\\\/wp-content\\\/uploads\\\/untitled9_1_2pldkvq.png\",\"contentUrl\":\"https:\\\/\\\/www.meydan.tv\\\/wp-content\\\/uploads\\\/untitled9_1_2pldkvq.png\",\"width\":1000,\"height\":555,\"caption\":\"Source: Google\"},{\"@type\":\"BreadcrumbList\",\"@id\":\"https:\\\/\\\/www.meydan.tv\\\/az\\\/article\\\/bloger-ve-aktyor-mehkeme-zalinda-hebs-olundu\\\/#breadcrumb\",\"itemListElement\":[{\"@type\":\"ListItem\",\"position\":1,\"name\":\"Ana s\u0259hif\u0259\",\"item\":\"https:\\\/\\\/www.meydan.tv\\\/az\\\/\"},{\"@type\":\"ListItem\",\"position\":2,\"name\":\"X\u0259b\u0259rl\u0259r\",\"item\":\"https:\\\/\\\/www.meydan.tv\\\/az\\\/section\\\/xeberler\\\/\"},{\"@type\":\"ListItem\",\"position\":3,\"name\":\"Bloger v\u0259 aktyor m\u0259hk\u0259m\u0259 zal\u0131nda h\u0259bs olundu\"}]},{\"@type\":\"WebSite\",\"@id\":\"https:\\\/\\\/www.meydan.tv\\\/az\\\/#website\",\"url\":\"https:\\\/\\\/www.meydan.tv\\\/az\\\/\",\"name\":\"MEYDAN.TV\",\"description\":\"Meydan TV Az\u0259rbaycan\u0131n media m\u0259kan\u0131ndak\u0131 alternativ s\u0259sidir\",\"publisher\":{\"@id\":\"https:\\\/\\\/www.meydan.tv\\\/az\\\/#organization\"},\"potentialAction\":[{\"@type\":\"SearchAction\",\"target\":{\"@type\":\"EntryPoint\",\"urlTemplate\":\"https:\\\/\\\/www.meydan.tv\\\/az\\\/?s={search_term_string}\"},\"query-input\":{\"@type\":\"PropertyValueSpecification\",\"valueRequired\":true,\"valueName\":\"search_term_string\"}}],\"inLanguage\":\"az\"},{\"@type\":\"Organization\",\"@id\":\"https:\\\/\\\/www.meydan.tv\\\/az\\\/#organization\",\"name\":\"Meydan TV\",\"url\":\"https:\\\/\\\/www.meydan.tv\\\/az\\\/\",\"logo\":{\"@type\":\"ImageObject\",\"inLanguage\":\"az\",\"@id\":\"https:\\\/\\\/www.meydan.tv\\\/az\\\/#\\\/schema\\\/logo\\\/image\\\/\",\"url\":\"https:\\\/\\\/www.meydan.tv\\\/wp-content\\\/uploads\\\/2021\\\/07\\\/meydan-logo.svg\",\"contentUrl\":\"https:\\\/\\\/www.meydan.tv\\\/wp-content\\\/uploads\\\/2021\\\/07\\\/meydan-logo.svg\",\"width\":195,\"height\":46,\"caption\":\"Meydan TV\"},\"image\":{\"@id\":\"https:\\\/\\\/www.meydan.tv\\\/az\\\/#\\\/schema\\\/logo\\\/image\\\/\"}},{\"@type\":\"Person\",\"@id\":\"https:\\\/\\\/www.meydan.tv\\\/az\\\/#\\\/schema\\\/person\\\/10d11eccf6da3662cf5fdab9806ea91a\",\"name\":\"user-manager\"}]}<\/script>\n<!-- \/ Yoast SEO plugin. -->","yoast_head_json":{"title":"Bloger v\u0259 aktyor m\u0259hk\u0259m\u0259 zal\u0131nda h\u0259bs olundu - MEYDAN.TV","robots":{"index":"index","follow":"follow","max-snippet":"max-snippet:-1","max-image-preview":"max-image-preview:large","max-video-preview":"max-video-preview:-1"},"canonical":"https:\/\/www.meydan.tv\/az\/article\/bloger-ve-aktyor-mehkeme-zalinda-hebs-olundu\/","og_locale":"az_AZ","og_type":"article","og_title":"Bloger v\u0259 aktyor m\u0259hk\u0259m\u0259 zal\u0131nda h\u0259bs olundu - MEYDAN.TV","og_description":"Ming\u0259\u00e7evir \u015e\u0259h\u0259r M\u0259hk\u0259m\u0259sinin h\u00f6km\u00fc d\u0259yi\u015fdiril\u0259r\u0259k a\u011f\u0131rla\u015fd\u0131r\u0131l\u0131b","og_url":"https:\/\/www.meydan.tv\/az\/article\/bloger-ve-aktyor-mehkeme-zalinda-hebs-olundu\/","og_site_name":"MEYDAN.TV","article_published_time":"2021-03-03T09:03:16+00:00","og_image":[{"width":1000,"height":555,"url":"https:\/\/www.meydan.tv\/wp-content\/uploads\/untitled9_1_2pldkvq.png","type":"image\/png"}],"author":"user-manager","twitter_card":"summary_large_image","schema":{"@context":"https:\/\/schema.org","@graph":[{"@type":"Article","@id":"https:\/\/www.meydan.tv\/az\/article\/bloger-ve-aktyor-mehkeme-zalinda-hebs-olundu\/#article","isPartOf":{"@id":"https:\/\/www.meydan.tv\/az\/article\/bloger-ve-aktyor-mehkeme-zalinda-hebs-olundu\/"},"author":{"name":"user-manager","@id":"https:\/\/www.meydan.tv\/az\/#\/schema\/person\/10d11eccf6da3662cf5fdab9806ea91a"},"headline":"Bloger v\u0259 aktyor m\u0259hk\u0259m\u0259 zal\u0131nda h\u0259bs olundu","datePublished":"2021-03-03T09:03:16+00:00","mainEntityOfPage":{"@id":"https:\/\/www.meydan.tv\/az\/article\/bloger-ve-aktyor-mehkeme-zalinda-hebs-olundu\/"},"wordCount":484,"publisher":{"@id":"https:\/\/www.meydan.tv\/az\/#organization"},"image":{"@id":"https:\/\/www.meydan.tv\/az\/article\/bloger-ve-aktyor-mehkeme-zalinda-hebs-olundu\/#primaryimage"},"thumbnailUrl":"https:\/\/www.meydan.tv\/wp-content\/uploads\/untitled9_1_2pldkvq.png","articleSection":["X\u0259b\u0259rl\u0259r"],"inLanguage":"az"},{"@type":"WebPage","@id":"https:\/\/www.meydan.tv\/az\/article\/bloger-ve-aktyor-mehkeme-zalinda-hebs-olundu\/","url":"https:\/\/www.meydan.tv\/az\/article\/bloger-ve-aktyor-mehkeme-zalinda-hebs-olundu\/","name":"Bloger v\u0259 aktyor m\u0259hk\u0259m\u0259 zal\u0131nda h\u0259bs olundu - MEYDAN.TV","isPartOf":{"@id":"https:\/\/www.meydan.tv\/az\/#website"},"primaryImageOfPage":{"@id":"https:\/\/www.meydan.tv\/az\/article\/bloger-ve-aktyor-mehkeme-zalinda-hebs-olundu\/#primaryimage"},"image":{"@id":"https:\/\/www.meydan.tv\/az\/article\/bloger-ve-aktyor-mehkeme-zalinda-hebs-olundu\/#primaryimage"},"thumbnailUrl":"https:\/\/www.meydan.tv\/wp-content\/uploads\/untitled9_1_2pldkvq.png","datePublished":"2021-03-03T09:03:16+00:00","breadcrumb":{"@id":"https:\/\/www.meydan.tv\/az\/article\/bloger-ve-aktyor-mehkeme-zalinda-hebs-olundu\/#breadcrumb"},"inLanguage":"az","potentialAction":[{"@type":"ReadAction","target":["https:\/\/www.meydan.tv\/az\/article\/bloger-ve-aktyor-mehkeme-zalinda-hebs-olundu\/"]}]},{"@type":"ImageObject","inLanguage":"az","@id":"https:\/\/www.meydan.tv\/az\/article\/bloger-ve-aktyor-mehkeme-zalinda-hebs-olundu\/#primaryimage","url":"https:\/\/www.meydan.tv\/wp-content\/uploads\/untitled9_1_2pldkvq.png","contentUrl":"https:\/\/www.meydan.tv\/wp-content\/uploads\/untitled9_1_2pldkvq.png","width":1000,"height":555,"caption":"Source: Google"},{"@type":"BreadcrumbList","@id":"https:\/\/www.meydan.tv\/az\/article\/bloger-ve-aktyor-mehkeme-zalinda-hebs-olundu\/#breadcrumb","itemListElement":[{"@type":"ListItem","position":1,"name":"Ana s\u0259hif\u0259","item":"https:\/\/www.meydan.tv\/az\/"},{"@type":"ListItem","position":2,"name":"X\u0259b\u0259rl\u0259r","item":"https:\/\/www.meydan.tv\/az\/section\/xeberler\/"},{"@type":"ListItem","position":3,"name":"Bloger v\u0259 aktyor m\u0259hk\u0259m\u0259 zal\u0131nda h\u0259bs olundu"}]},{"@type":"WebSite","@id":"https:\/\/www.meydan.tv\/az\/#website","url":"https:\/\/www.meydan.tv\/az\/","name":"MEYDAN.TV","description":"Meydan TV Az\u0259rbaycan\u0131n media m\u0259kan\u0131ndak\u0131 alternativ s\u0259sidir","publisher":{"@id":"https:\/\/www.meydan.tv\/az\/#organization"},"potentialAction":[{"@type":"SearchAction","target":{"@type":"EntryPoint","urlTemplate":"https:\/\/www.meydan.tv\/az\/?s={search_term_string}"},"query-input":{"@type":"PropertyValueSpecification","valueRequired":true,"valueName":"search_term_string"}}],"inLanguage":"az"},{"@type":"Organization","@id":"https:\/\/www.meydan.tv\/az\/#organization","name":"Meydan TV","url":"https:\/\/www.meydan.tv\/az\/","logo":{"@type":"ImageObject","inLanguage":"az","@id":"https:\/\/www.meydan.tv\/az\/#\/schema\/logo\/image\/","url":"https:\/\/www.meydan.tv\/wp-content\/uploads\/2021\/07\/meydan-logo.svg","contentUrl":"https:\/\/www.meydan.tv\/wp-content\/uploads\/2021\/07\/meydan-logo.svg","width":195,"height":46,"caption":"Meydan TV"},"image":{"@id":"https:\/\/www.meydan.tv\/az\/#\/schema\/logo\/image\/"}},{"@type":"Person","@id":"https:\/\/www.meydan.tv\/az\/#\/schema\/person\/10d11eccf6da3662cf5fdab9806ea91a","name":"user-manager"}]}},"_links":{"self":[{"href":"https:\/\/www.meydan.tv\/az\/wp-json\/wp\/v2\/posts\/205211","targetHints":{"allow":["GET"]}}],"collection":[{"href":"https:\/\/www.meydan.tv\/az\/wp-json\/wp\/v2\/posts"}],"about":[{"href":"https:\/\/www.meydan.tv\/az\/wp-json\/wp\/v2\/types\/post"}],"author":[{"embeddable":true,"href":"https:\/\/www.meydan.tv\/az\/wp-json\/wp\/v2\/users\/11"}],"replies":[{"embeddable":true,"href":"https:\/\/www.meydan.tv\/az\/wp-json\/wp\/v2\/comments?post=205211"}],"version-history":[{"count":0,"href":"https:\/\/www.meydan.tv\/az\/wp-json\/wp\/v2\/posts\/205211\/revisions"}],"wp:featuredmedia":[{"embeddable":true,"href":"https:\/\/www.meydan.tv\/az\/wp-json\/wp\/v2\/media\/142829"}],"wp:attachment":[{"href":"https:\/\/www.meydan.tv\/az\/wp-json\/wp\/v2\/media?parent=205211"}],"wp:term":[{"taxonomy":"category","embeddable":true,"href":"https:\/\/www.meydan.tv\/az\/wp-json\/wp\/v2\/categories?post=205211"},{"taxonomy":"post_tag","embeddable":true,"href":"https:\/\/www.meydan.tv\/az\/wp-json\/wp\/v2\/tags?post=205211"}],"curies":[{"name":"wp","href":"https:\/\/api.w.org\/{rel}","templated":true}]}}