{"id":205205,"date":"2021-03-02T15:13:53","date_gmt":"2021-03-02T15:13:53","guid":{"rendered":"https:\/\/www.meydan.tv\/article\/azerbaycan-konqoya-silah-satir\/"},"modified":"2021-03-02T15:13:53","modified_gmt":"2021-03-02T15:13:53","slug":"azerbaycan-konqoya-silah-satir","status":"publish","type":"post","link":"https:\/\/www.meydan.tv\/az\/article\/azerbaycan-konqoya-silah-satir\/","title":{"rendered":"Az\u0259rbaycan Konqoya silah sat\u0131r?"},"content":{"rendered":"<p>\n  <b><br \/>\n    <i><br \/>\n      Konqo-Brazzavilin repressiv h\u00f6kum\u0259ti Az\u0259rbaycandan s\u0259ssizc\u0259 silah-sursat al\u0131b<br \/>\n    <\/i><br \/>\n  <\/b>\n<\/p>\n<p>\n  &quot;Sassu-Nguesso rejiminin Az\u0259rbaycandan ald\u0131\u011f\u0131 silahlar\u0131n qar\u015f\u0131dak\u0131 se\u00e7kil\u0259rd\u0259 m\u00fcxalif\u0259ti yat\u0131rmaq \u00fc\u00e7\u00fcn istifad\u0259 edil\u0259 bil\u0259c\u0259yind\u0259n narahat oluruq&quot;.\n<\/p>\n<p>\n  <b><br \/>\n    Konqo-Brazzavilin repressiv h\u00f6kum\u0259ti Az\u0259rbaycandan s\u0259ssizc\u0259 silah-sursat al\u0131b. Prezident Denis Sassou-Nguessonun r\u0259qibl\u0259ri, al\u0131nan v\u0259saitin<br \/>\n  <\/b><br \/>\n  <b><br \/>\n    mill\u0259t \u00fcz\u0259rind\u0259 h\u00f6kmranl\u0131\u011f\u0131 \u0259l\u0259 ke\u00e7irm\u0259k \u00fc\u00e7\u00fcn haz\u0131rland\u0131\u011f\u0131n\u0131 s\u00f6yl\u0259yirl\u0259r.<br \/>\n  <\/b>\n<\/p>\n<p>\n  <b><br \/>\n    \u018fsas tap\u0131nt\u0131lar<br \/>\n  <\/b>\n<\/p>\n<ul>\n<li>\n    <i><br \/>\n      2015-ci ild\u0259n b\u0259ri Konqo-Brazzavil Az\u0259rbaycandan n\u0259h\u0259ng silah ehtiyatlar\u0131 sat\u0131n al\u0131b v\u0259 500 tondan \u00e7ox silah \u00f6lk\u0259y\u0259 bir ne\u00e7\u0259 g\u00f6nd\u0259rm\u0259 il\u0259 \u00e7atd\u0131r\u0131l\u0131b.<br \/>\n    <\/i>\n  <\/li>\n<li>\n    <i><br \/>\n      2020-ci ilin yanvar ay\u0131nda Az\u0259rbaycandan Konqo-Brazzavilin Respublika Qvardiyas\u0131na 100 tondan \u00e7ox silah, o c\u00fcml\u0259d\u0259n 775 minomyot minas\u0131 v\u0259 y\u00fck ma\u015f\u0131nlar\u0131ndan at\u0131lmaq \u00fc\u00e7\u00fcn haz\u0131rlanm\u0131\u015f 400-d\u0259n \u00e7ox raketi g\u00f6nd\u0259rilib.<br \/>\n    <\/i>\n  <\/li>\n<li>\n    <i><br \/>\n      M\u00fcxalif\u0259t r\u0259smil\u0259ri, bundan \u0259vv\u0259l Az\u0259rbaycandan g\u00f6nd\u0259ril\u0259n silahlar\u0131n 2016-c\u0131 ild\u0259 humanitar b\u00f6hrana s\u0259b\u0259b olan, se\u00e7kid\u0259n sonra v\u0259h\u015fic\u0259sin\u0259 h\u0259yata ke\u00e7iril\u0259n h\u00fccumlar \u00fc\u00e7\u00fcn istifad\u0259 edildiyini iddia edirl\u0259r.<br \/>\n    <\/i>\n  <\/li>\n<li>\n    <i><br \/>\n      S\u0259udiyy\u0259 \u018fr\u0259bistan, 2016 v\u0259 2017-ci ill\u0259rd\u0259 g\u00f6nd\u0259rilmi\u015f \u0259n az\u0131 iki silah transferinin &quot;sponsoru&quot; olaraq siyah\u0131ya al\u0131n\u0131b, o zamanlarda Konqo &#8211; Brazzavilin OPEC-\u0259 q\u0259bul edilm\u0259si \u00fc\u00e7\u00fcn dan\u0131\u015f\u0131qlar apar\u0131l\u0131rd\u0131.<br \/>\n    <\/i>\n  <\/li>\n<\/ul>\n<p>\n  2020-ci ilin yanvar\u0131nda T\u00fcrkiy\u0259nin M\u0259rm\u0259r\u0259 d\u0259nizinin \u015f\u0259rq sahilind\u0259 yerl\u0259\u015f\u0259n D\u0259rinc\u0259 liman\u0131ndak\u0131 \u201cMV Storm\u201d g\u0259misin\u0259 \u00e7ox sayda silah y\u00fckl\u0259nib. Vergi c\u0259nn\u0259ti Vanuatuda qeydiyyata al\u0131nan g\u0259mi, \u00f6l\u00fcmc\u00fcl minomyot minas\u0131, \u00e7oxsayl\u0131 raket sisteml\u0259ri v\u0259 partlay\u0131c\u0131 madd\u0259l\u0259r il\u0259 Az\u0259rbaycandan Konqo-Brazzavil olaraq da adland\u0131r\u0131lan Konqo Respublikas\u0131na do\u011fru yola \u00e7\u0131x\u0131b.\n<\/p>\n<p>\n  OCCRP-nin \u00fcz\u0259 \u00e7\u0131xard\u0131\u011f\u0131 gizli y\u00fck b\u0259yannam\u0259sin\u0259 g\u00f6r\u0259, \u00fcmumilikd\u0259 100 tondan \u00e7ox silah Konqo-Brazzavilin elit Respublika Qvardiyas\u0131 q\u0259rargah\u0131 kimi ortaya \u00e7\u0131xan yer\u0259 \u00e7atd\u0131r\u0131l\u0131b. OCCRP t\u0259r\u0259find\u0259n \u0259ld\u0259 edil\u0259n u\u00e7u\u015f planlar\u0131na, y\u00fck b\u0259yannam\u0259sin\u0259 v\u0259 silah ehtiyat\u0131 qeydl\u0259rin\u0259 g\u00f6r\u0259 on milyonlarla dollar d\u0259y\u0259rind\u0259 olan y\u00fck, Az\u0259rbaycan M\u00fcdafi\u0259 Nazirliyinin 2015-ci ild\u0259n b\u0259ri Prezident Denis Sassou-Nguesso rejimin\u0259 g\u00f6nd\u0259rdiyi 17 silah t\u0259dar\u00fck\u00fcn\u00fcn yaln\u0131z sonuncusu idi.\n<\/p>\n<p>\n  Jurnalistl\u0259rin n\u0259z\u0259rd\u0259n ke\u00e7irdiyi bir ne\u00e7\u0259 y\u00fck b\u0259yannam\u0259sind\u0259 S\u0259udiyy\u0259 \u018fr\u0259bistan\u0131 &quot;d\u0259st\u0259k olan t\u0259r\u0259f&quot; kimi siyah\u0131ya al\u0131n\u0131b. Bu sponsorlu\u011fun n\u0259 anlama g\u0259ldiyi ayd\u0131n deyil, ancaq bu, Riyad\u0131n silahlar v\u0259 ya y\u00fckl\u0259rin \u00e7atd\u0131r\u0131lmas\u0131 \u00fc\u00e7\u00fcn pul \u00f6d\u0259m\u0259si anlam\u0131na g\u0259l\u0259 bil\u0259r.\n<\/p>\n<figure class=\"wp-block-image size-large\">\n  <img decoding=\"async\" src=\"https:\/\/www.meydan.tv\/az\/konqo-ile-azerbaycan-arasinda-silah-sovdelesmeleri\/\" alt=\"Konqo il\u0259 Az\u0259rbaycan aras\u0131nda silah s\u00f6vd\u0259l\u0259\u015fm\u0259l\u0259ri\" class=\"wp-image-157177\"\/><figcaption>\n    Konqo il\u0259 Az\u0259rbaycan aras\u0131nda silah s\u00f6vd\u0259l\u0259\u015fm\u0259l\u0259ri<br \/>\n  <\/figcaption><\/figure>\n<p>\n  Bu silahlar\u0131n Az\u0259rbaycan t\u0259r\u0259find\u0259n ixrac edildiyi bar\u0259d\u0259 a\u00e7\u0131q qeydl\u0259r yoxdur v\u0259 bunlar\u0131n Konqo Brazzavil t\u0259r\u0259find\u0259n idxal edildiyi bar\u0259d\u0259 d\u0259 ox\u015far qeydl\u0259r yoxdur. Son g\u00f6nd\u0259rilm\u0259nin 21 mart se\u00e7kil\u0259rinin yax\u0131nla\u015fd\u0131\u011f\u0131 \u0259r\u0259f\u0259d\u0259 olmas\u0131 m\u00fcxalif\u0259tin Sassou Nguessonun hakimiyy\u0259ti qorumaq \u00fc\u00e7\u00fcn g\u00fcc t\u0259tbiq etm\u0259y\u0259 haz\u0131rla\u015faca\u011f\u0131 qorxular\u0131n\u0131 art\u0131r\u0131b.\n<\/p>\n<p>\n  A\u011f\u0131r silahlanm\u0131\u015f t\u0259hl\u00fck\u0259sizlik q\u00fcvv\u0259l\u0259ri onun bu Orta Afrika \u00f6lk\u0259sini iki f\u0259rqli d\u00f6vrd\u0259 36 il idar\u0259 etm\u0259sini v\u0259 d\u00fcnyan\u0131n \u0259n uzun m\u00fcdd\u0259t xidm\u0259t ed\u0259n liderl\u0259rind\u0259n birin\u0259 \u00e7evrilm\u0259sinin \u0259sas s\u0259b\u0259bidir. Onun partiyas\u0131 bu yax\u0131nlarda Sassou Nguessonun yenid\u0259n namiz\u0259dliyini verm\u0259sini t\u0259min etm\u0259k \u00fc\u00e7\u00fcn parlamentin i\u015fin\u0259 m\u00fcdaxil\u0259 edib, konstitusiyan\u0131 d\u0259yi\u015fdirm\u0259y\u0259 nail olub. Bu add\u0131m n\u0259z\u0259ri olaraq 77 ya\u015fl\u0131 bu \u015f\u0259xsin b\u00fct\u00fcn se\u00e7kil\u0259rd\u0259 \u00f6mr\u00fcn\u00fcn sonuna q\u0259d\u0259r i\u015ftirak ed\u0259 bilm\u0259si dem\u0259kdir. Bu q\u0259rar yerli v\u0259 beyn\u0259lxalq q\u0131na\u011fa s\u0259b\u0259b olub.\n<\/p>\n<p>\n  OCCRP 2016-c\u0131 ilin mart se\u00e7kil\u0259rind\u0259n \u00f6nc\u0259ki s\u0259kkiz ayda v\u0259 ondan bir il sonra Sassou Nguessonun t\u0259hl\u00fck\u0259sizlik q\u00fcvv\u0259l\u0259rinin Az\u0259rbaycandan ayr\u0131-ayr\u0131l\u0131qda 16 ayr\u0131 partiya, 500 tondan \u00e7ox silah ald\u0131\u011f\u0131n\u0131 g\u00f6st\u0259r\u0259n gizli s\u0259n\u0259dl\u0259ri \u0259l\u0259 ke\u00e7irib. Se\u00e7kid\u0259n c\u0259mi bir ne\u00e7\u0259 h\u0259ft\u0259 sonra h\u00f6kum\u0259t m\u00fcxalif\u0259tin ordusuna qar\u015f\u0131 bir ild\u0259n \u00e7ox davam ed\u0259n v\u0259h\u015fi kampaniyaya ba\u015flay\u0131b.\n<\/p>\n<p>\n  M\u00fcxalif\u0259t liderl\u0259ri, Respublika Qvardiyas\u0131n\u0131n se\u00e7kid\u0259n sonrak\u0131 qar\u015f\u0131durmada Az\u0259rbaycan silahlar\u0131ndan istifad\u0259 etdiyini, BMT-nin verdiyi m\u0259lumata g\u00f6r\u0259, bunun \u00f6lk\u0259nin c\u0259nubunda yerl\u0259\u015f\u0259n Pool b\u00f6lg\u0259sind\u0259ki t\u0259xmin\u0259n 140.000 insana t\u0259sir g\u00f6st\u0259r\u0259n humanitar t\u0259cili v\u0259ziyy\u0259tin yaranmas\u0131na s\u0259b\u0259b oldu\u011funu s\u00f6yl\u0259yib. Beyn\u0259lxalq x\u0259b\u0259r agentliyi Yeni Humanitar Yard\u0131m\u0131n (The New Humanitarian) \u0259ld\u0259 etdiyi peyk \u015f\u0259kill\u0259rind\u0259n raket v\u0259 partlay\u0131c\u0131 madd\u0259l\u0259r kimi silahlar\u0131n s\u0259b\u0259b oldu\u011fu geni\u015f da\u011f\u0131nt\u0131lar g\u00f6r\u00fcn\u00fcr (Konqo-Brazzavil silah idxal etdiyini a\u00e7\u0131qlamad\u0131\u011f\u0131 \u00fc\u00e7\u00fcn bu silahlar\u0131n Az\u0259rbaycana aid olub-olmamas\u0131 d\u0259qiq deyil).\n<\/p>\n<figure class=\"wp-block-image size-large\">\n  <img decoding=\"async\" src=\"https:\/\/www.meydan.tv\/az\/erdogan-ve-ilham-eliyev\/\" alt=\"\u018frdo\u011fan v\u0259 \u0130lham \u018fliyev\" class=\"wp-image-94751\"\/><figcaption>\n    Erdo\u011fan v\u0259 \u018fliyev<br \/>\n  <\/figcaption><\/figure>\n<p>\n  Sassou Nguesso rejimi Afrikadak\u0131 \u0259n a\u011f\u0131r borc b\u00f6hranlar\u0131ndan biri il\u0259 \u00fczl\u0259\u015fib v\u0259 bu silah transferl\u0259rinin nec\u0259 maliyy\u0259l\u0259\u015fdirildiyi il\u0259 ba\u011fl\u0131 suallar do\u011furur. S\u0259n\u0259dl\u0259r g\u00f6st\u0259rir ki, Riyad Konqo-Brazzavilin Neft \u0130xrac Ed\u0259n \u00d6lk\u0259l\u0259r T\u0259\u015fkilat\u0131na (OPEC) qo\u015fulmaq \u00fc\u00e7\u00fcn m\u00fcraci\u0259tin\u0259 baxark\u0259n, y\u0259ni 2016-2017-ci ill\u0259r aras\u0131nda S\u0259udiyy\u0259 \u018fr\u0259bistan\u0131 \u0259n az\u0131 iki y\u00fck\u00fcn \u00e7atd\u0131r\u0131lmas\u0131n\u0131 d\u0259st\u0259kl\u0259yib.\n<\/p>\n<p>\n  Apar\u0131c\u0131 silah m\u00fct\u0259x\u0259ssisi, \u201cThe Shadow World: Inside the Global Arms Trade\u201d (\u201cK\u00f6lg\u0259 D\u00fcnyas\u0131: Qlobal Silah Ticar\u0259ti \u0130\u00e7ind\u0259\u201d) kitab\u0131n\u0131n m\u00fc\u0259llifi Andrey Feyn\u015fteynin (Andrew Feinstein) fikrinc\u0259, Konqo Brazzavilin \u0259h\u0259miyy\u0259tli neft ehtiyatlar\u0131n\u0131 n\u0259z\u0259r\u0259 alan S\u0259udiyy\u0259 \u018fr\u0259bistan\u0131 hakim oldu\u011fu klubda ita\u0259tkar bir Sassu Nguesso h\u00f6kum\u0259tinin qurulmas\u0131n\u0131 t\u0259\u015fviq edirdi.\n<\/p>\n<p>\n  <b><br \/>\n    S\u0259udiyy\u0259 \u0259laq\u0259si<br \/>\n  <\/b>\n<\/p>\n<p>\n  D\u00fcnyan\u0131n \u0259n b\u00f6y\u00fck silah idxal\u00e7\u0131s\u0131 S\u0259udiyy\u0259 \u018fr\u0259bistan\u0131, h\u0259m\u00e7inin \u0130ran\u0131n d\u0259st\u0259kl\u0259diyi Huti H\u0259r\u0259kat\u0131n\u0131n qiyam\u00e7\u0131lar\u0131 il\u0259 m\u00fcbariz\u0259 aparan Y\u0259m\u0259n d\u0259 daxil olmaqla qlobal m\u00fcnaqi\u015f\u0259 b\u00f6lg\u0259l\u0259rin\u0259 amans\u0131zca silah t\u0259dar\u00fck ed\u0259n \u00f6lk\u0259dir.\n<\/p>\n<p>\n  U\u00e7u\u015f b\u0259y\u0259natlar\u0131nda Konqo-Brazzavilin OPEC \u00fczv\u00fc olma\u011fa yax\u0131nla\u015fd\u0131\u011f\u0131 2016 v\u0259 2017-ci ill\u0259rd\u0259 S\u0259udiyy\u0259 \u018fr\u0259bistan\u0131 bu \u00f6lk\u0259y\u0259 g\u00f6nd\u0259ril\u0259n m\u00fcxt\u0259lif silah da\u015f\u0131malar\u0131na &quot;d\u0259st\u0259k ver\u0259n t\u0259r\u0259f &quot; kimi siyah\u0131ya al\u0131n\u0131b.\n<\/p>\n<p>\n  T\u0259nqid\u00e7il\u0259r t\u0259r\u0259find\u0259n \u201cS\u0259udiyy\u0259 \u018fr\u0259bistan\u0131n\u0131n istehsal t\u0259l\u0259bl\u0259rin\u0259 cavab verm\u0259li olan bir neft karteli\u201d kimi adland\u0131r\u0131lan OPEC, krall\u0131\u011f\u0131n qlobal neft ehtiyatlar\u0131na hakim olmas\u0131na k\u00f6m\u0259k edir. Bunun neft qiym\u0259tl\u0259rin\u0259 t\u0259siri \u00fczv \u00f6lk\u0259l\u0259rd\u0259 neft g\u0259lirl\u0259rinin artmas\u0131na da s\u0259b\u0259b ola bil\u0259r.\n<\/p>\n<p>\n  OPEC-in 3 \u00fczv\u00fc Afrikan\u0131n \u0259n b\u00f6y\u00fck istehsal\u00e7\u0131lar\u0131n\u0131 \u0259hat\u0259 edir &#8211; Nigeriya, Angola v\u0259 \u018flc\u0259zair. N\u0259hay\u0259t, 2018-ci ild\u0259 OPEC-\u0259 qat\u0131lan Konqo-Brazzavil, qit\u0259nin \u0259n b\u00f6y\u00fck neft istehsal\u00e7\u0131lar\u0131ndan biri oldu\u011fu \u00fc\u00e7\u00fcn OPEC-\u0259 daha \u00e7ox qazand\u0131raraq, qibt\u0259 edil\u0259n \u00fczv hesab oluna bil\u0259r.\n<\/p>\n<p>\n  Az\u0259rbaycan OPEC-in h\u0259qiqi \u00fczv\u00fc deyil, lakin m\u00fch\u00fcm neft istehsal\u00e7\u0131s\u0131d\u0131r.\n<\/p>\n<p>\n  Feyn\u015fteyn (Feinstein) \u0259lav\u0259 edib ki, Az\u0259rbaycan\u0131n son y\u00fck\u00fc g\u00f6nd\u0259rm\u0259si Sassou-Nguessoya siyasi arzusunu h\u0259yat ke\u00e7irm\u0259k \u00fc\u00e7\u00fcn onu silahland\u0131rmaq m\u0259qs\u0259di da\u015f\u0131ya bil\u0259r.\n<\/p>\n<p>\n  &quot;Sassou Nguessonun \u0259vv\u0259lki se\u00e7kiy\u0259 etdiyi t\u0259zyiq n\u0259z\u0259r\u0259 al\u0131nd\u0131qda, bu transferin vaxt\u0131 olduqca \u015f\u00fcbh\u0259lidir&quot;,- dey\u0259 o \u0259lav\u0259 edib: &quot;H\u00f6kum\u0259t se\u00e7ki qutular\u0131 il\u0259 ba\u011fl\u0131 h\u0259r hans\u0131 fikir ayr\u0131l\u0131qlar\u0131n\u0131 aradan qald\u0131rma\u011fa haz\u0131rla\u015f\u0131r&quot;.\n<\/p>\n<p>\n  Konqo-Brazzavil h\u00f6kum\u0259tl\u0259rinin s\u00f6z\u00e7\u00fcs\u00fc bir \u00e7ox \u015f\u0259rh ist\u0259yin\u0259 cavab verm\u0259yib. Az\u0259rbaycan M\u00fcdafi\u0259 Nazirliyi m\u00fcxbirin \u015f\u0259rh t\u0259l\u0259bi \u00fc\u00e7\u00fcn g\u00f6nd\u0259rdiyi elektron po\u00e7ta cavab verm\u0259yib v\u0259 nazirlik s\u00f6z\u00e7\u00fcs\u00fc t\u0259l\u0259b olunan bir ne\u00e7\u0259 s\u0259n\u0259di \u00fcz\u0259 \u00e7\u0131xarmay\u0131b. S\u0259udiyy\u0259 \u018fr\u0259bistan\u0131n\u0131n M\u00fcdafi\u0259 Nazirliyi silah m\u00fcqavil\u0259l\u0259rin\u0259 sponsorluq etm\u0259sinin mahiyy\u0259ti il\u0259 ba\u011fl\u0131 suallar\u0131 cavabs\u0131z qoyub.\n<\/p>\n<p>\n  <b><br \/>\n    <i><br \/>\n      Boulevard Denis Sassou-Nguesso<br \/>\n    <\/i><br \/>\n  <\/b>\n<\/p>\n<p>\n  Gizli bir y\u00fck b\u0259yannam\u0259sin\u0259 g\u00f6r\u0259, 2020-ci ilin yanvar\u0131nda Brazzavilin 1-ci Denis Sassou Nguesso Bulvar\u0131nda Respublika Qvardiyas\u0131na g\u00f6nd\u0259ril\u0259n son silahlara Sovet d\u00f6vr\u00fcnd\u0259n qalma y\u00fck ma\u015f\u0131nlar\u0131ndan at\u0131lmaq \u00fc\u00e7\u00fcn dizayn edil\u0259n 775 minomyot minas\u0131 v\u0259 400 raket var idi. Az\u0259rbaycandan g\u0259l\u0259n y\u00fck \u0130stanbulun t\u0259qrib\u0259n 1000 km c\u0259nub-\u015f\u0259rqind\u0259ki D\u0259rinc\u0259d\u0259 MV Storm g\u0259misin\u0259 y\u00fckl\u0259nib.\n<\/p>\n<p>\n  Konqo rejiminin silah al\u0131\u015f\u0131 \u00fc\u00e7\u00fcn \u00f6d\u0259diyi d\u0259qiq qiym\u0259ti t\u0259sdiql\u0259m\u0259k m\u00fcmk\u00fcn olmay\u0131b, lakin y\u00fck b\u0259yannam\u0259l\u0259rini ara\u015fd\u0131ran m\u00fct\u0259x\u0259ssis bunun on milyonlarla dollara ba\u015fa g\u0259l\u0259c\u0259yini s\u00f6yl\u0259yib. S\u0259lahiyy\u0259tlil\u0259rin t\u0259zyiqind\u0259n ehtiyat ed\u0259r\u0259k ad\u0131n\u0131n anonim saxlan\u0131lmas\u0131n\u0131 ist\u0259y\u0259n silah anbar\u0131 haqq\u0131nda m\u0259lumat \u0259ld\u0259 etmi\u015f ke\u00e7mi\u015f y\u00fcks\u0259k r\u00fctb\u0259li diplomat, y\u00fck b\u0259yananam\u0259sinin v\u0259 dig\u0259r s\u0259n\u0259dl\u0259rin do\u011frulu\u011funu t\u0259sdiql\u0259yib v\u0259 silahlar\u0131n bazar d\u0259y\u0259rind\u0259n \u00e7ox a\u015fa\u011f\u0131 qiym\u0259t\u0259 oldu\u011funu bildirib.\n<\/p>\n<p>\n  S\u0259n\u0259dl\u0259r\u0259, al\u0131c\u0131n\u0131n silah\u0131 g\u0259l\u0259c\u0259kd\u0259 satma\u011f\u0131 planla\u015fd\u0131rmad\u0131\u011f\u0131n\u0131 n\u0259zar\u0259td\u0259 saxlamaq \u00fc\u00e7\u00fcn silah\u0131 idxal ed\u0259n \u00f6lk\u0259 t\u0259r\u0259find\u0259n verilmi\u015f son istifad\u0259\u00e7i sertifikatlar\u0131 daxil edilib.\n<\/p>\n<p>\n  Stockholm Beyn\u0259lxalq S\u00fclh Ara\u015fd\u0131rmalar\u0131 \u0130nstitutunun ba\u015f elmi i\u015f\u00e7isi Peter Vezeman (Pieter Wezeman) endirimli qiym\u0259tl\u0259rl\u0259 \u0259ld\u0259 edil\u0259n silah\u0131n ya art\u0131q silahlar oldu\u011funu v\u0259 ya ucuz h\u0259rbi sursatlar\u0131 il\u0259 tan\u0131nan Bolqar\u0131stan v\u0259 ya Serbiya t\u0259r\u0259find\u0259n istehsal edildiyini s\u00f6yl\u0259yib.\n<\/p>\n<p>\n  &quot;\u00c7\u0259tin ki, Konqo-Brazzavil bu avadanl\u0131qlar\u0131n bir hiss\u0259sini daha m\u0259hdudla\u015fd\u0131r\u0131c\u0131 silah ixrac\u0131 siyas\u0259ti aparan dig\u0259r Avropa \u00f6lk\u0259l\u0259rind\u0259n als\u0131n&quot;,- dey\u0259 o qeyd edib.\n<\/p>\n<p>\n  <b><br \/>\n    <i><br \/>\n      Se\u00e7ki h\u00fccumu<br \/>\n    <\/i><br \/>\n  <\/b>\n<\/p>\n<p>\n  D\u0259rinc\u0259d\u0259n 100 tonluq y\u00fck g\u00f6nd\u0259rilm\u0259si \u0259h\u0259miyy\u0259tli idi, ancaq f\u0259rdi s\u0259n\u0259dl\u0259r bunu k\u00f6lg\u0259d\u0259 qoyacaq ba\u015fqa bir \u015feyi, 2015-2017-ci ill\u0259r aras\u0131nda Az\u0259rbaycandan g\u00f6nd\u0259ril\u0259n v\u0259 b\u0259lk\u0259 d\u0259 a\u011f\u0131r n\u0259tic\u0259l\u0259r\u0259 s\u0259b\u0259b olan f\u0259rqli bir silah anbar\u0131n\u0131 \u00fcz\u0259 \u00e7\u0131xar\u0131r.\n<\/p>\n<p>\n  Jurnalistl\u0259r t\u0259r\u0259find\u0259n \u0259ld\u0259 edil\u0259n hesablama d\u0259ft\u0259rl\u0259ri, son istifad\u0259\u00e7i sertifikatlar\u0131 v\u0259 y\u00fck b\u0259yannam\u0259l\u0259ri d\u0259 daxil olmaqla s\u0259n\u0259dl\u0259r\u0259 g\u00f6r\u0259, bu ill\u0259r \u0259rzind\u0259 qumbara, minomyot minas\u0131 v\u0259 milyonlarla g\u00fcll\u0259 d\u0259 daxil olmaqla 500 tondan \u00e7ox silah Konqo-Brazzavil\u0259 16 d\u0259f\u0259y\u0259 g\u00f6nd\u0259rilib.\n<\/p>\n<p>\n  Son istifad\u0259\u00e7i sertifikat\u0131 &quot;t\u0259lim, terrorla m\u00fcbariz\u0259, t\u0259hl\u00fck\u0259sizlik v\u0259 sabitlik yaratmaq \u0259m\u0259liyyatlar\u0131&quot; \u00fc\u00e7\u00fcn g\u0259tiril\u0259n be\u015f min \u0259l bombas\u0131n\u0131n idxal edildiyini g\u00f6st\u0259rir. Bu s\u0259n\u0259d se\u00e7kil\u0259rd\u0259n bir ne\u00e7\u0259 g\u00fcn \u0259vv\u0259l, 3 mart 2016-c\u0131 il tarixind\u0259 prezident Sassou Nguessonun x\u00fcsusi m\u00fc\u015faviri t\u0259r\u0259find\u0259n imzalan\u0131b.\n<\/p>\n<p>\n  S\u0259sverm\u0259nin ard\u0131ndan m\u00fcxalif\u0259t, h\u00f6kum\u0259tin se\u00e7kil\u0259ri Sassou Nguessonun lehin\u0259 saxtala\u015fd\u0131rd\u0131\u011f\u0131n\u0131 v\u0259 paytaxt Brazzavild\u0259 i\u011fti\u015fa\u015flar\u0131n ba\u015f verdiyini s\u00f6yl\u0259yib. H\u00f6kum\u0259t qiyamda \u0259sas\u0259n Lari etnik qrupundan ibar\u0259t olan v\u0259 Brazzavilin qism\u0259n \u0259traf\u0131ndak\u0131 Pool b\u00f6lg\u0259sind\u0259 yerl\u0259\u015f\u0259n, ninja kimi tan\u0131nan milisl\u0259ri g\u00fcnahland\u0131r\u0131b.\n<\/p>\n<p>\n  M\u00fcxalif\u0259t liderinin s\u00f6zl\u0259rin\u0259 g\u00f6r\u0259, Az\u0259rbaycandan g\u0259l\u0259n silahlar Pool b\u00f6lg\u0259sind\u0259ki ninjalar\u0131 h\u0259d\u0259f alan, uzun m\u00fcdd\u0259t davam ed\u0259n silahl\u0131 qar\u015f\u0131durma \u00fc\u00e7\u00fcn istifad\u0259 edilib. \u201cAmnesty \u0130nternational\u201d t\u0259\u015fkilat\u0131 &quot;\u00f6lk\u0259nin t\u0259hl\u00fck\u0259sizlik q\u00fcvv\u0259l\u0259ri t\u0259r\u0259find\u0259n qanunsuz olaraq \u00f6l\u00fcmc\u00fcl g\u00fcc t\u0259tbiq edil\u0259n&quot; bu h\u00fccumu q\u0131nay\u0131b. H\u00f6kum\u0259t ninjalar\u0131 t\u0259qib ed\u0259rk\u0259n i\u011fti\u015fa\u015f\u0131n \u015fahidl\u0259ri \u201cAmnesty International\u201d t\u0259\u015fkilat\u0131na ya\u015fay\u0131\u015f m\u0259nt\u0259q\u0259sin\u0259 v\u0259 h\u0259tta m\u0259kt\u0259b\u0259 vertolyotlardan onlarla bomba at\u0131ld\u0131\u011f\u0131n\u0131 s\u00f6yl\u0259yib.\n<\/p>\n<p>\n  Incarner l&#x27;Espoir siyasi partiyas\u0131n\u0131n lideri Andrea Ngombet Maleva (Andr\u00e9a Ngombet Malewa) birdirib ki, Pooldak\u0131 qar\u0131\u015f\u0131ql\u0131q d\u00f6vr\u00fcnd\u0259 rejim yand\u0131r\u0131b qovuran bir d\u00fcnya strategiyas\u0131 q\u0259bul edib: \u201cAz\u0259rbaycandan ald\u0131qlar\u0131 silahlar birba\u015fa bu \u0259m\u0259liyyat \u00fc\u00e7\u00fcn istifad\u0259 olunub\u201d.\n<\/p>\n<p>\n  <b><br \/>\n    <i><br \/>\n      Bak\u0131-Brazzaville \u018flaq\u0259si<br \/>\n    <\/i><br \/>\n  <\/b>\n<\/p>\n<p>\n  Az\u0259rbaycan Konqo Brazzavil \u00fc\u00e7\u00fcn \u0259sas xarici m\u00fctt\u0259fiq olaraq ortaya \u00e7\u0131x\u0131b v\u0259 ordak\u0131 rejimi endirimli qiym\u0259tli silahlarla v\u0259 b\u0259lk\u0259 d\u0259 daha da \u0259h\u0259miyy\u0259tlisi m\u0259xfilikl\u0259 t\u0259min edib.\n<\/p>\n<p>\n  Bunu m\u0259\u015fhur qeyri-\u015f\u0259ffaf C\u0259nubi Qafqaz \u00f6lk\u0259sinin lideri \u0130lham \u018fliyevd\u0259n alan Konqo-Brazzavil, sat\u0131\u015flar haqq\u0131nda m\u0259lumat verilm\u0259y\u0259c\u0259yini bil\u0259r\u0259k bel\u0259 etmi\u015f ola bil\u0259r.\n<\/p>\n<p>\n  Konqo-Brazzavil otuz ild\u0259n \u00e7oxdur ki, silah idxal etm\u0259si haqq\u0131nda m\u0259lumat vermir v\u0259 \u00f6lk\u0259 silah embarqosuna m\u0259ruz qalmad\u0131\u011f\u0131 \u00fc\u00e7\u00fcn bunu t\u0259l\u0259b etm\u0259k olmur. Bununla birlikd\u0259, Sassou Nguessonun silah bazar\u0131nda aktiv oldu\u011funu g\u00f6st\u0259r\u0259n m\u0259lumatlar\u0131 a\u00e7\u0131qlayan dig\u0259r \u00f6lk\u0259l\u0259r var. Serbiya 2017-ci ild\u0259 Konqo Brazzavilin\u0259 600 t\u00fcf\u0259ng ixrac etdiyini bildirib. Bolqar\u0131stan is\u0259 250 qumbaraatan g\u00f6nd\u0259rib.\n<\/p>\n<p>\n  Bununla yana\u015f\u0131, OCCRP-nin t\u0259qdim etdiyi s\u0259n\u0259dl\u0259rd\u0259 Az\u0259rbaycan\u0131n \u0259n az\u0131 2015-ci ilin sentyabr\u0131ndan b\u0259ri Sassou Nguessoya \u00f6ld\u00fcr\u00fcc\u00fc silah ixrac etdiyi g\u00f6st\u0259rilm\u0259sin\u0259 baxmayaraq, Az\u0259rbaycan silahlar\u0131n\u0131n t\u0259dar\u00fck\u00fc bar\u0259d\u0259 a\u00e7\u0131qlanma verm\u0259yib. Silahlar\u0131n bir hiss\u0259si Bolqar\u0131stan\u0131n \u201cTransmobile\u201d \u015firk\u0259ti t\u0259r\u0259find\u0259n t\u0259chiz edilib. Az\u0259rbaycan \u00fc\u00e7\u00fcn silah ticar\u0259tin\u0259 icaz\u0259 verilib v\u0259 dig\u0259r silahlar Serbiyada istehsal\u00e7\u0131 \u201cYugoimport\u201d \u015firk\u0259tind\u0259n al\u0131n\u0131b. \u015eirk\u0259tl\u0259rd\u0259n he\u00e7 biri \u015f\u0259rh ist\u0259kl\u0259rin\u0259 cavab verm\u0259yib.\n<\/p>\n<figure class=\"wp-block-image size-large\">\n  <img decoding=\"async\" src=\"https:\/\/www.meydan.tv\/az\/silk-way\/\" alt=\"&#8221;Silk Way&#8221;\" class=\"wp-image-108428\"\/><figcaption>\n    SilkWay<br \/>\n  <\/figcaption><\/figure>\n<p>\n  Silahlar ilk d\u0259f\u0259 Brazzavil\u0259 Az\u0259rbaycan H\u0259rbi Hava Q\u00fcvv\u0259l\u0259rinin t\u0259yyar\u0259l\u0259ri il\u0259 g\u00f6nd\u0259rilib, lakin 2017-ci ild\u0259n bu yana \u201cSilk Way Airlines\u201d \u00f6z\u0259l avia\u015firk\u0259ti bu silahlar\u0131n \u00e7atd\u0131r\u0131lmas\u0131na ba\u015flay\u0131b. \u00c7\u00fcnki \u201cSilk Way\u201d x\u00fcsusi bir \u015firk\u0259t olaraq, h\u0259rbi hava q\u00fcvv\u0259l\u0259rin\u0259 nisb\u0259t\u0259n daha az yoxlanacaqd\u0131.\n<\/p>\n<p>\n  \u201cSilk Way\u201d Britaniyan\u0131n vergi c\u0259nn\u0259ti olan Virgin Adalar\u0131nda qeydiyyatdan ke\u00e7ib v\u0259 \u0259vv\u0259ll\u0259r \u018fliyevl\u0259r ail\u0259si il\u0259 \u0259laq\u0259li olub. H\u0259rbi sursat v\u0259 \u00f6l\u00fcmc\u00fcl olmayan dig\u0259r v\u0259saitl\u0259rin da\u015f\u0131nmas\u0131 \u00fc\u00e7\u00fcn AB\u015e h\u00f6kum\u0259ti il\u0259 \u0259vv\u0259ll\u0259r ba\u011flanm\u0131\u015f m\u00fcqavil\u0259l\u0259r\u0259 \u0259lav\u0259 olaraq, Bolqar\u0131stan\u0131n \u201cTrud\u201d q\u0259zetinin s\u0131zd\u0131rd\u0131\u011f\u0131 yaz\u0131\u015fmalarda \u201cSilk Way\u201d \u015firk\u0259tinin 2014-2017-ci ill\u0259r aras\u0131nda qlobal m\u00fcnaqi\u015f\u0259 b\u00f6lg\u0259l\u0259rind\u0259 d\u0259 daxil olmaqla, d\u00fcnyada y\u00fczl\u0259rl\u0259 ton silah\u0131n gizli \u015f\u0259kild\u0259 da\u015f\u0131nmas\u0131 \u00fc\u00e7\u00fcn diplomatik icaz\u0259d\u0259n istifad\u0259 etdiyi ortaya \u00e7\u0131x\u0131b. Avia\u015firk\u0259t \u015f\u0259rh t\u0259l\u0259bin\u0259 cavab verm\u0259yib.\n<\/p>\n<p>\n  <b><br \/>\n    <i><br \/>\n      T\u0259zyiq \u00fc\u00e7\u00fcn m\u00f6hk\u0259ml\u0259ndirilib<br \/>\n    <\/i><br \/>\n  <\/b>\n<\/p>\n<p>\n  Rejimi 21 martda sand\u0131q ba\u015f\u0131na ged\u0259rk\u0259n, zorbal\u0131q taktikas\u0131 y\u00fcr\u00fcd\u0259n Sassou Nguessonun qalib g\u0259l\u0259c\u0259yi g\u00f6zl\u0259nilir. Onun 1997-2002-ci ill\u0259rd\u0259 ke\u00e7mi\u015f maliyy\u0259 naziri olan Mathias Dzon (Mathias Dzon) v\u0259 2016-c\u0131 il prezident se\u00e7kil\u0259rind\u0259 ikinci olan Qay Bris Parfait Kolelas (Guy- Brice Parfait Kol\u00e9las) il\u0259 \u00fcz-\u00fcz\u0259 g\u0259l\u0259c\u0259yi bildirilib.\n<\/p>\n<p>\n  2016-c\u0131 ild\u0259 o, 60 faiz s\u0259s qazanark\u0259n, Kolelas yaln\u0131z 15 faiz s\u0259s qazand\u0131. AB\u015e h\u00f6kum\u0259ti onu k\u00fctl\u0259vi pozuntular v\u0259 m\u00fcxalif\u0259t t\u0259r\u0259fdarlar\u0131n\u0131n h\u0259bs olunmas\u0131na g\u00f6r\u0259 t\u0259nqid edib.\n<\/p>\n<p>\n  M\u00fct\u0259x\u0259ssisl\u0259r m\u00fcxalif\u0259tin bu d\u0259f\u0259 u\u011fur \u0259ld\u0259 ed\u0259c\u0259yin\u0259 inanm\u0131rlar. \u201cAmnesty International\u201d t\u0259\u015fkilat\u0131n\u0131n M\u0259rk\u0259zi Afrika t\u0259dqiqat\u00e7\u0131s\u0131 Abdoulaye Diarra, h\u00f6kum\u0259tin siyasi m\u00fcxalifl\u0259ri qorxutmaq, t\u0259qib etm\u0259k v\u0259 \u00f6zba\u015f\u0131na h\u0259bsl\u0259r h\u0259yata ke\u00e7irm\u0259k \u00fc\u00e7\u00fcn kampaniya apard\u0131\u011f\u0131n\u0131 s\u00f6yl\u0259yib.\n<\/p>\n<p>\n  R\u0259smi \u015f\u0259xsl\u0259ri satirik \u00fcsullarla t\u0259nqid etm\u0259si il\u0259 tan\u0131nan karikatura\u00e7\u0131 r\u0259ssam Raymond Malonga, fevral ay\u0131n\u0131n \u0259vv\u0259lind\u0259 m\u00fclki geyimli polis t\u0259r\u0259find\u0259n x\u0259st\u0259xanadak\u0131 yata\u011f\u0131ndan s\u00fcr\u00fckl\u0259n\u0259r\u0259k apar\u0131ld\u0131qdan sonra, se\u00e7ki qutusunun ba\u015f\u0131nda m\u0259tbuat azadl\u0131\u011f\u0131n\u0131n bo\u011fula bil\u0259c\u0259yi qorxusu var.\n<\/p>\n<p>\n  \u0130ndi Az\u0259rbaycandan silah t\u0259dar\u00fck edilm\u0259si m\u00fcxalif\u0259tin se\u00e7ki qutusu ba\u015f\u0131nda zorak\u0131l\u0131q ehtimal\u0131 il\u0259 ba\u011fl\u0131 narahatl\u0131\u011f\u0131n\u0131 art\u0131r\u0131r.\n<\/p>\n<p>\n  M\u00fcxalif\u0259t lideri Ngombet, &quot;Sassu-Nguesso rejiminin Az\u0259rbaycandan ald\u0131\u011f\u0131 silahlar\u0131n qar\u015f\u0131dak\u0131 se\u00e7kil\u0259rd\u0259 m\u00fcxalif\u0259ti yat\u0131rmaq \u00fc\u00e7\u00fcn istifad\u0259 edil\u0259 bil\u0259c\u0259yind\u0259n narahat oluruq&quot; dey\u0259 qeyd edib:\n<\/p>\n<p>\n  &quot;Onlar Konqo xalq\u0131n\u0131n siyasi d\u0259yi\u015fiklikl\u0259r\u0259 n\u0259 q\u0259d\u0259r ist\u0259kli oldu\u011funa d\u00fcnya \u015fahid olsun ist\u0259mirl\u0259r&quot;.<\/p>\n","protected":false},"excerpt":{"rendered":"<p>Konqo-Brazzavilin repressiv h\u00f6kum\u0259ti Az\u0259rbaycandan s\u0259ssizc\u0259 silah-sursat al\u0131b<\/p>\n","protected":false},"author":11,"featured_media":157180,"comment_status":"closed","ping_status":"open","sticky":false,"template":"","format":"standard","meta":{"_acf_changed":false,"_sitemap_exclude":false,"_sitemap_priority":"","_sitemap_frequency":"","footnotes":""},"categories":[55],"tags":[],"class_list":["post-205205","post","type-post","status-publish","format-standard","has-post-thumbnail","hentry","category-arasdirma","infinite-scroll-item","generate-columns","tablet-grid-50","mobile-grid-100","grid-parent","grid-33","no-featured-image-padding"],"acf":[],"yoast_head":"<!-- This site is optimized with the Yoast SEO plugin v27.4 - https:\/\/yoast.com\/product\/yoast-seo-wordpress\/ -->\n<title>Az\u0259rbaycan Konqoya silah sat\u0131r? - MEYDAN.TV<\/title>\n<meta name=\"robots\" content=\"index, follow, max-snippet:-1, max-image-preview:large, max-video-preview:-1\" \/>\n<link rel=\"canonical\" href=\"https:\/\/www.meydan.tv\/az\/article\/azerbaycan-konqoya-silah-satir\/\" \/>\n<meta property=\"og:locale\" content=\"az_AZ\" \/>\n<meta property=\"og:type\" content=\"article\" \/>\n<meta property=\"og:title\" content=\"Az\u0259rbaycan Konqoya silah sat\u0131r? - MEYDAN.TV\" \/>\n<meta property=\"og:description\" content=\"Konqo-Brazzavilin repressiv h\u00f6kum\u0259ti Az\u0259rbaycandan s\u0259ssizc\u0259 silah-sursat al\u0131b\" \/>\n<meta property=\"og:url\" content=\"https:\/\/www.meydan.tv\/az\/article\/azerbaycan-konqoya-silah-satir\/\" \/>\n<meta property=\"og:site_name\" content=\"MEYDAN.TV\" \/>\n<meta property=\"article:published_time\" content=\"2021-03-02T15:13:53+00:00\" \/>\n<meta property=\"og:image\" content=\"https:\/\/www.meydan.tv\/wp-content\/uploads\/untitled_design_-_2021-03-02t150636.100.png\" \/>\n\t<meta property=\"og:image:width\" content=\"1280\" \/>\n\t<meta property=\"og:image:height\" content=\"720\" \/>\n\t<meta property=\"og:image:type\" content=\"image\/png\" \/>\n<meta name=\"author\" content=\"user-manager\" \/>\n<meta name=\"twitter:card\" content=\"summary_large_image\" \/>\n<script type=\"application\/ld+json\" class=\"yoast-schema-graph\">{\"@context\":\"https:\\\/\\\/schema.org\",\"@graph\":[{\"@type\":\"Article\",\"@id\":\"https:\\\/\\\/www.meydan.tv\\\/az\\\/article\\\/azerbaycan-konqoya-silah-satir\\\/#article\",\"isPartOf\":{\"@id\":\"https:\\\/\\\/www.meydan.tv\\\/az\\\/article\\\/azerbaycan-konqoya-silah-satir\\\/\"},\"author\":{\"name\":\"user-manager\",\"@id\":\"https:\\\/\\\/www.meydan.tv\\\/az\\\/#\\\/schema\\\/person\\\/10d11eccf6da3662cf5fdab9806ea91a\"},\"headline\":\"Az\u0259rbaycan Konqoya silah sat\u0131r?\",\"datePublished\":\"2021-03-02T15:13:53+00:00\",\"mainEntityOfPage\":{\"@id\":\"https:\\\/\\\/www.meydan.tv\\\/az\\\/article\\\/azerbaycan-konqoya-silah-satir\\\/\"},\"wordCount\":3012,\"publisher\":{\"@id\":\"https:\\\/\\\/www.meydan.tv\\\/az\\\/#organization\"},\"image\":{\"@id\":\"https:\\\/\\\/www.meydan.tv\\\/az\\\/article\\\/azerbaycan-konqoya-silah-satir\\\/#primaryimage\"},\"thumbnailUrl\":\"https:\\\/\\\/www.meydan.tv\\\/wp-content\\\/uploads\\\/untitled_design_-_2021-03-02t150636.100.png\",\"articleSection\":[\"Ara\u015fd\u0131rma\"],\"inLanguage\":\"az\"},{\"@type\":\"WebPage\",\"@id\":\"https:\\\/\\\/www.meydan.tv\\\/az\\\/article\\\/azerbaycan-konqoya-silah-satir\\\/\",\"url\":\"https:\\\/\\\/www.meydan.tv\\\/az\\\/article\\\/azerbaycan-konqoya-silah-satir\\\/\",\"name\":\"Az\u0259rbaycan Konqoya silah sat\u0131r? - MEYDAN.TV\",\"isPartOf\":{\"@id\":\"https:\\\/\\\/www.meydan.tv\\\/az\\\/#website\"},\"primaryImageOfPage\":{\"@id\":\"https:\\\/\\\/www.meydan.tv\\\/az\\\/article\\\/azerbaycan-konqoya-silah-satir\\\/#primaryimage\"},\"image\":{\"@id\":\"https:\\\/\\\/www.meydan.tv\\\/az\\\/article\\\/azerbaycan-konqoya-silah-satir\\\/#primaryimage\"},\"thumbnailUrl\":\"https:\\\/\\\/www.meydan.tv\\\/wp-content\\\/uploads\\\/untitled_design_-_2021-03-02t150636.100.png\",\"datePublished\":\"2021-03-02T15:13:53+00:00\",\"breadcrumb\":{\"@id\":\"https:\\\/\\\/www.meydan.tv\\\/az\\\/article\\\/azerbaycan-konqoya-silah-satir\\\/#breadcrumb\"},\"inLanguage\":\"az\",\"potentialAction\":[{\"@type\":\"ReadAction\",\"target\":[\"https:\\\/\\\/www.meydan.tv\\\/az\\\/article\\\/azerbaycan-konqoya-silah-satir\\\/\"]}]},{\"@type\":\"ImageObject\",\"inLanguage\":\"az\",\"@id\":\"https:\\\/\\\/www.meydan.tv\\\/az\\\/article\\\/azerbaycan-konqoya-silah-satir\\\/#primaryimage\",\"url\":\"https:\\\/\\\/www.meydan.tv\\\/wp-content\\\/uploads\\\/untitled_design_-_2021-03-02t150636.100.png\",\"contentUrl\":\"https:\\\/\\\/www.meydan.tv\\\/wp-content\\\/uploads\\\/untitled_design_-_2021-03-02t150636.100.png\",\"width\":1280,\"height\":720,\"caption\":\"Qaraba\u011f. M\u0259nb\u0259: Reuters\"},{\"@type\":\"BreadcrumbList\",\"@id\":\"https:\\\/\\\/www.meydan.tv\\\/az\\\/article\\\/azerbaycan-konqoya-silah-satir\\\/#breadcrumb\",\"itemListElement\":[{\"@type\":\"ListItem\",\"position\":1,\"name\":\"Ana s\u0259hif\u0259\",\"item\":\"https:\\\/\\\/www.meydan.tv\\\/az\\\/\"},{\"@type\":\"ListItem\",\"position\":2,\"name\":\"Ara\u015fd\u0131rma\",\"item\":\"https:\\\/\\\/www.meydan.tv\\\/az\\\/section\\\/arasdirma\\\/\"},{\"@type\":\"ListItem\",\"position\":3,\"name\":\"Az\u0259rbaycan Konqoya silah sat\u0131r?\"}]},{\"@type\":\"WebSite\",\"@id\":\"https:\\\/\\\/www.meydan.tv\\\/az\\\/#website\",\"url\":\"https:\\\/\\\/www.meydan.tv\\\/az\\\/\",\"name\":\"MEYDAN.TV\",\"description\":\"Meydan TV Az\u0259rbaycan\u0131n media m\u0259kan\u0131ndak\u0131 alternativ s\u0259sidir\",\"publisher\":{\"@id\":\"https:\\\/\\\/www.meydan.tv\\\/az\\\/#organization\"},\"potentialAction\":[{\"@type\":\"SearchAction\",\"target\":{\"@type\":\"EntryPoint\",\"urlTemplate\":\"https:\\\/\\\/www.meydan.tv\\\/az\\\/?s={search_term_string}\"},\"query-input\":{\"@type\":\"PropertyValueSpecification\",\"valueRequired\":true,\"valueName\":\"search_term_string\"}}],\"inLanguage\":\"az\"},{\"@type\":\"Organization\",\"@id\":\"https:\\\/\\\/www.meydan.tv\\\/az\\\/#organization\",\"name\":\"Meydan TV\",\"url\":\"https:\\\/\\\/www.meydan.tv\\\/az\\\/\",\"logo\":{\"@type\":\"ImageObject\",\"inLanguage\":\"az\",\"@id\":\"https:\\\/\\\/www.meydan.tv\\\/az\\\/#\\\/schema\\\/logo\\\/image\\\/\",\"url\":\"https:\\\/\\\/www.meydan.tv\\\/wp-content\\\/uploads\\\/2021\\\/07\\\/meydan-logo.svg\",\"contentUrl\":\"https:\\\/\\\/www.meydan.tv\\\/wp-content\\\/uploads\\\/2021\\\/07\\\/meydan-logo.svg\",\"width\":195,\"height\":46,\"caption\":\"Meydan TV\"},\"image\":{\"@id\":\"https:\\\/\\\/www.meydan.tv\\\/az\\\/#\\\/schema\\\/logo\\\/image\\\/\"}},{\"@type\":\"Person\",\"@id\":\"https:\\\/\\\/www.meydan.tv\\\/az\\\/#\\\/schema\\\/person\\\/10d11eccf6da3662cf5fdab9806ea91a\",\"name\":\"user-manager\"}]}<\/script>\n<!-- \/ Yoast SEO plugin. -->","yoast_head_json":{"title":"Az\u0259rbaycan Konqoya silah sat\u0131r? - MEYDAN.TV","robots":{"index":"index","follow":"follow","max-snippet":"max-snippet:-1","max-image-preview":"max-image-preview:large","max-video-preview":"max-video-preview:-1"},"canonical":"https:\/\/www.meydan.tv\/az\/article\/azerbaycan-konqoya-silah-satir\/","og_locale":"az_AZ","og_type":"article","og_title":"Az\u0259rbaycan Konqoya silah sat\u0131r? - MEYDAN.TV","og_description":"Konqo-Brazzavilin repressiv h\u00f6kum\u0259ti Az\u0259rbaycandan s\u0259ssizc\u0259 silah-sursat al\u0131b","og_url":"https:\/\/www.meydan.tv\/az\/article\/azerbaycan-konqoya-silah-satir\/","og_site_name":"MEYDAN.TV","article_published_time":"2021-03-02T15:13:53+00:00","og_image":[{"width":1280,"height":720,"url":"https:\/\/www.meydan.tv\/wp-content\/uploads\/untitled_design_-_2021-03-02t150636.100.png","type":"image\/png"}],"author":"user-manager","twitter_card":"summary_large_image","schema":{"@context":"https:\/\/schema.org","@graph":[{"@type":"Article","@id":"https:\/\/www.meydan.tv\/az\/article\/azerbaycan-konqoya-silah-satir\/#article","isPartOf":{"@id":"https:\/\/www.meydan.tv\/az\/article\/azerbaycan-konqoya-silah-satir\/"},"author":{"name":"user-manager","@id":"https:\/\/www.meydan.tv\/az\/#\/schema\/person\/10d11eccf6da3662cf5fdab9806ea91a"},"headline":"Az\u0259rbaycan Konqoya silah sat\u0131r?","datePublished":"2021-03-02T15:13:53+00:00","mainEntityOfPage":{"@id":"https:\/\/www.meydan.tv\/az\/article\/azerbaycan-konqoya-silah-satir\/"},"wordCount":3012,"publisher":{"@id":"https:\/\/www.meydan.tv\/az\/#organization"},"image":{"@id":"https:\/\/www.meydan.tv\/az\/article\/azerbaycan-konqoya-silah-satir\/#primaryimage"},"thumbnailUrl":"https:\/\/www.meydan.tv\/wp-content\/uploads\/untitled_design_-_2021-03-02t150636.100.png","articleSection":["Ara\u015fd\u0131rma"],"inLanguage":"az"},{"@type":"WebPage","@id":"https:\/\/www.meydan.tv\/az\/article\/azerbaycan-konqoya-silah-satir\/","url":"https:\/\/www.meydan.tv\/az\/article\/azerbaycan-konqoya-silah-satir\/","name":"Az\u0259rbaycan Konqoya silah sat\u0131r? - MEYDAN.TV","isPartOf":{"@id":"https:\/\/www.meydan.tv\/az\/#website"},"primaryImageOfPage":{"@id":"https:\/\/www.meydan.tv\/az\/article\/azerbaycan-konqoya-silah-satir\/#primaryimage"},"image":{"@id":"https:\/\/www.meydan.tv\/az\/article\/azerbaycan-konqoya-silah-satir\/#primaryimage"},"thumbnailUrl":"https:\/\/www.meydan.tv\/wp-content\/uploads\/untitled_design_-_2021-03-02t150636.100.png","datePublished":"2021-03-02T15:13:53+00:00","breadcrumb":{"@id":"https:\/\/www.meydan.tv\/az\/article\/azerbaycan-konqoya-silah-satir\/#breadcrumb"},"inLanguage":"az","potentialAction":[{"@type":"ReadAction","target":["https:\/\/www.meydan.tv\/az\/article\/azerbaycan-konqoya-silah-satir\/"]}]},{"@type":"ImageObject","inLanguage":"az","@id":"https:\/\/www.meydan.tv\/az\/article\/azerbaycan-konqoya-silah-satir\/#primaryimage","url":"https:\/\/www.meydan.tv\/wp-content\/uploads\/untitled_design_-_2021-03-02t150636.100.png","contentUrl":"https:\/\/www.meydan.tv\/wp-content\/uploads\/untitled_design_-_2021-03-02t150636.100.png","width":1280,"height":720,"caption":"Qaraba\u011f. M\u0259nb\u0259: Reuters"},{"@type":"BreadcrumbList","@id":"https:\/\/www.meydan.tv\/az\/article\/azerbaycan-konqoya-silah-satir\/#breadcrumb","itemListElement":[{"@type":"ListItem","position":1,"name":"Ana s\u0259hif\u0259","item":"https:\/\/www.meydan.tv\/az\/"},{"@type":"ListItem","position":2,"name":"Ara\u015fd\u0131rma","item":"https:\/\/www.meydan.tv\/az\/section\/arasdirma\/"},{"@type":"ListItem","position":3,"name":"Az\u0259rbaycan Konqoya silah sat\u0131r?"}]},{"@type":"WebSite","@id":"https:\/\/www.meydan.tv\/az\/#website","url":"https:\/\/www.meydan.tv\/az\/","name":"MEYDAN.TV","description":"Meydan TV Az\u0259rbaycan\u0131n media m\u0259kan\u0131ndak\u0131 alternativ s\u0259sidir","publisher":{"@id":"https:\/\/www.meydan.tv\/az\/#organization"},"potentialAction":[{"@type":"SearchAction","target":{"@type":"EntryPoint","urlTemplate":"https:\/\/www.meydan.tv\/az\/?s={search_term_string}"},"query-input":{"@type":"PropertyValueSpecification","valueRequired":true,"valueName":"search_term_string"}}],"inLanguage":"az"},{"@type":"Organization","@id":"https:\/\/www.meydan.tv\/az\/#organization","name":"Meydan TV","url":"https:\/\/www.meydan.tv\/az\/","logo":{"@type":"ImageObject","inLanguage":"az","@id":"https:\/\/www.meydan.tv\/az\/#\/schema\/logo\/image\/","url":"https:\/\/www.meydan.tv\/wp-content\/uploads\/2021\/07\/meydan-logo.svg","contentUrl":"https:\/\/www.meydan.tv\/wp-content\/uploads\/2021\/07\/meydan-logo.svg","width":195,"height":46,"caption":"Meydan TV"},"image":{"@id":"https:\/\/www.meydan.tv\/az\/#\/schema\/logo\/image\/"}},{"@type":"Person","@id":"https:\/\/www.meydan.tv\/az\/#\/schema\/person\/10d11eccf6da3662cf5fdab9806ea91a","name":"user-manager"}]}},"_links":{"self":[{"href":"https:\/\/www.meydan.tv\/az\/wp-json\/wp\/v2\/posts\/205205","targetHints":{"allow":["GET"]}}],"collection":[{"href":"https:\/\/www.meydan.tv\/az\/wp-json\/wp\/v2\/posts"}],"about":[{"href":"https:\/\/www.meydan.tv\/az\/wp-json\/wp\/v2\/types\/post"}],"author":[{"embeddable":true,"href":"https:\/\/www.meydan.tv\/az\/wp-json\/wp\/v2\/users\/11"}],"replies":[{"embeddable":true,"href":"https:\/\/www.meydan.tv\/az\/wp-json\/wp\/v2\/comments?post=205205"}],"version-history":[{"count":0,"href":"https:\/\/www.meydan.tv\/az\/wp-json\/wp\/v2\/posts\/205205\/revisions"}],"wp:featuredmedia":[{"embeddable":true,"href":"https:\/\/www.meydan.tv\/az\/wp-json\/wp\/v2\/media\/157180"}],"wp:attachment":[{"href":"https:\/\/www.meydan.tv\/az\/wp-json\/wp\/v2\/media?parent=205205"}],"wp:term":[{"taxonomy":"category","embeddable":true,"href":"https:\/\/www.meydan.tv\/az\/wp-json\/wp\/v2\/categories?post=205205"},{"taxonomy":"post_tag","embeddable":true,"href":"https:\/\/www.meydan.tv\/az\/wp-json\/wp\/v2\/tags?post=205205"}],"curies":[{"name":"wp","href":"https:\/\/api.w.org\/{rel}","templated":true}]}}