{"id":205191,"date":"2021-03-01T15:02:02","date_gmt":"2021-03-01T15:02:02","guid":{"rendered":"https:\/\/www.meydan.tv\/article\/ziya-memmedova-etiraz-eden-vetendas-acliq-aksiyasina-baslayib\/"},"modified":"2021-03-01T15:02:02","modified_gmt":"2021-03-01T15:02:02","slug":"ziya-memmedova-etiraz-eden-vetendas-acliq-aksiyasina-baslayib","status":"publish","type":"post","link":"https:\/\/www.meydan.tv\/az\/article\/ziya-memmedova-etiraz-eden-vetendas-acliq-aksiyasina-baslayib\/","title":{"rendered":"Ziya M\u0259mm\u0259dova etiraz ed\u0259n v\u0259t\u0259nda\u015f acl\u0131q aksiyas\u0131na ba\u015flay\u0131b"},"content":{"rendered":"<p>\n  <i><br \/>\n    &quot;Ziya M\u0259mm\u0259dov haqq\u0131nda ciddi t\u0259dbir g\u00f6r\u00fcls\u00fcn&quot;<br \/>\n  <\/i>\n<\/p>\n<p>\n  \u201cSabiq n\u0259qliyyat naziri Ziya M\u0259mm\u0259dovun g\u00f6st\u0259ri\u015fi il\u0259 ail\u0259mizin yegan\u0259 g\u0259lir m\u0259nb\u0259yi olan avtoyuma m\u0259nt\u0259q\u0259si qanunsuz olaraq da\u011f\u0131d\u0131l\u0131b, yerind\u0259 ba\u015fqa obyekt tikilib. Ona etiraz olaraq acl\u0131q aksiyas\u0131na ba\u015flay\u0131ram\u201d.\n<\/p>\n<p>\n  Ucar \u015f\u0259h\u0259ri, O\u011fuz k\u00fc\u00e7\u0259si ev 41 \u00fcnvan\u0131nda ya\u015fayan Tehran \u018fliyev Meydan TV-y\u0259 bel\u0259 deyir.\n<\/p>\n<p>\n  O bildirib ki, ail\u0259sin\u0259 m\u0259xsus 460 kvadratmetrlik torpaq sah\u0259si 2009-cu ild\u0259 s\u00f6k\u00fcl\u0259r\u0259k, yerind\u0259 \u015fahmat m\u0259kt\u0259bi in\u015fa olunub: \u201c2009-cu ild\u0259 icra hakimiyy\u0259tind\u0259n n\u00fcmay\u0259nd\u0259l\u0259r g\u0259ldil\u0259r ki, Ziya M\u0259mm\u0259dovun \u0259mri var, bu \u0259razid\u0259ki b\u00fct\u00fcn tikilil\u0259r s\u00f6k\u00fcl\u0259c\u0259k. M\u0259n d\u0259 dedim ki, buran\u0131 s\u00f6ks\u0259niz, balalar\u0131m\u0131 nec\u0259 dolanaca\u011fam? Bildirdil\u0259r ki, narahat olma, m\u00fcvafiq yerd\u0259n siz\u0259 torpaq sah\u0259si veril\u0259c\u0259k. M\u0259n d\u0259 raz\u0131la\u015fd\u0131m, d\u00fc\u015f\u00fcnd\u00fcm ki, ba\u015fqa yerd\u0259n torpaq sah\u0259si verirl\u0259rs\u0259, etiraz etm\u0259yim. Bu hadis\u0259d\u0259n sonra Rusiyada erm\u0259ni t\u0259r\u0259find\u0259n \u015f\u0259rl\u0259n\u0259r\u0259k h\u0259bs edildim. Daha sonra Az\u0259rbaycana ekstradasiya olundum, 2020-ci il dekabr\u0131n 28-d\u0259 azadl\u0131\u011fa \u00e7\u0131xd\u0131m. Bu m\u00fcdd\u0259t \u0259rzind\u0259 \u0259vv\u0259lc\u0259 qarda\u015f\u0131m, daha sonra da atam v\u0259fat etmi\u015fdi, anam is\u0259 t\u0259k qalm\u0131\u015fd\u0131. Onlar bundan istfad\u0259 ed\u0259r\u0259k, biz\u0259 veril\u0259c\u0259k torpaq sah\u0259sini m\u0259nims\u0259yibl\u0259r. M\u0259n d\u0259 on il alt\u0131 ay \u0259rzind\u0259 Ucarda ba\u015f ver\u0259nl\u0259rd\u0259n x\u0259b\u0259rsiz olmu\u015fam\u201d.\n<\/p>\n<figure class=\"wp-block-image size-large\">\n  <img decoding=\"async\" src=\"https:\/\/www.meydan.tv\/az\/img-20210301-wa0018-jpg\/\" alt=\"img-20210301-wa0018.jpg\" class=\"wp-image-157147\"\/><figcaption>\n    Bax\u0131\u015f akt\u0131<br \/>\n  <\/figcaption><\/figure>\n<p>\n  <b><br \/>\n    &quot;\u0130cra ba\u015f\u00e7\u0131s\u0131 dedi ki, \u0259razi Ziya M\u0259mm\u0259dovun g\u00f6st\u0259ri\u015fi il\u0259 s\u00f6k\u00fcl\u00fcb&quot;<br \/>\n  <\/b>\n<\/p>\n<p>\n  Tehran \u018fliyev h\u0259bsd\u0259n \u00e7\u0131xandan sonra m\u0259s\u0259l\u0259 il\u0259 ba\u011fl\u0131 Ucar Rayon \u0130cra Hakimiyy\u0259tind\u0259 olub, ona v\u0259d edil\u0259n torpaq sah\u0259sini t\u0259l\u0259b edib: \u201c\u0130cra ba\u015f\u00e7\u0131s\u0131n\u0131n q\u0259bulunda olanda, ona dedim ki, m\u0259ni he\u00e7 bir i\u015fl\u0259 t\u0259min etmirsiniz, he\u00e7 olmasa torpa\u011f\u0131m\u0131 qaytar\u0131n. \u0130\u015f qurum, azya\u015fl\u0131 \u00f6vladlar\u0131m\u0131 doland\u0131r\u0131m. O da cavab\u0131nda dedi ki, \u0259razi Ziya M\u0259mm\u0259dovun g\u00f6st\u0259ri\u015fi il\u0259 s\u00f6k\u00fclm\u00fc\u015f yerdir. Get, hara ist\u0259yirs\u0259n \u015fikay\u0259t et. H\u0259min \u0259razinin atam \u0130slam\u0259li \u018fliyev\u0259 aid olmas\u0131na dair \u0259limd\u0259 s\u0259n\u0259dim var. Atam 460 kvadrat metrlik torpaq sah\u0259sini 2005-ci ild\u0259 Ucar B\u0259l\u0259diyy\u0259sind\u0259n al\u0131b. H\u0259min \u0259razid\u0259 avtoyuma tikdirmi\u015fdik, i\u015fl\u0259dib ail\u0259mizi doland\u0131r\u0131d\u0131q. \u018frazini \u0259lmizd\u0259n al\u0131b, bizi ac\u0131nacaql\u0131 v\u0259ziyy\u0259td\u0259 qoyublar\u201d.\n<\/p>\n<p>\n  <b><br \/>\n    &quot;N\u0259qliyyat naziri oldu\u011fu d\u00f6vrl\u0259rd\u0259 ucarl\u0131lara q\u0259nim k\u0259silmi\u015fdi&quot;<br \/>\n  <\/b>\n<\/p>\n<p>\n  Mart\u0131n 1-d\u0259n acl\u0131q aksiyas\u0131na ba\u015flayan \u015fikay\u0259t\u00e7inin t\u0259l\u0259bi ail\u0259sin\u0259 m\u0259xsus \u0259razinin ba\u015fqas\u0131 il\u0259 \u0259v\u0259z olunmas\u0131d\u0131r: \u201cT\u0259l\u0259bim budur ki, ba\u015fqa yerd\u0259n 460 kvadratmetr torpaq sah\u0259si verilsin v\u0259 avtomobil yuyucu seximiz b\u0259rpa olunsun. Prezident \u0130lham \u018fliyevd\u0259n xahi\u015f edir\u0259m, v\u0259zif\u0259 s\u0259lahiyy\u0259tl\u0259rind\u0259n sui-istifad\u0259 ed\u0259n Ziya M\u0259mm\u0259dov haqq\u0131nda ciddi t\u0259dbir g\u00f6r\u00fcls\u00fcn v\u0259 ail\u0259miz\u0259 ba\u015fqa \u0259razid\u0259n torpaq sah\u0259si verilsin. Ombudsman S\u0259bin\u0259 \u018fliyevadan is\u0259 xahi\u015f edir\u0259m ki, bu g\u00fcnd\u0259n ba\u015flad\u0131\u011f\u0131m \u00f6l\u00fcm acl\u0131\u011f\u0131 aksiyam\u0131 n\u0259zar\u0259t\u0259 g\u00f6t\u00fcr\u00fcb, h\u00fcquqlar\u0131m\u0131n m\u00fcdafi\u0259sind\u0259 yax\u0131ndan k\u00f6m\u0259klik g\u00f6st\u0259r\u0259sin. \u015eahmat m\u0259kt\u0259bi he\u00e7 n\u0259dir. Ziya M\u0259mm\u0259dov n\u0259qliyyat naziri oldu\u011fu d\u00f6vrl\u0259rd\u0259 ucarl\u0131lara q\u0259nim k\u0259silmi\u015fdi. B\u00f6y\u00fck \u0259razil\u0259ri m\u0259nims\u0259yib, m\u00fcxt\u0259lif obyektl\u0259r in\u015fa etdirib. Az\u0259rbaycan k\u00fc\u00e7\u0259sind\u0259 bir klometrlik \u0259razid\u0259 80 obyekti birl\u0259\u015fdir\u0259n ticar\u0259t m\u0259rk\u0259zi tikdirib. H\u0259min yerd\u0259 b\u00f6y\u00fck park var idi, be\u015f mind\u0259n \u00e7ox a\u011faclar\u0131 k\u00fctl\u0259vi k\u0259sdirib. yerind\u0259 ticar\u0259t m\u0259rk\u0259zini in\u015fa etdirib\u201d.\n<\/p>\n<figure class=\"wp-block-image size-large\">\n  <img decoding=\"async\" src=\"https:\/\/www.meydan.tv\/az\/img-20210301-wa0042-jpg\/\" alt=\"img-20210301-wa0042.jpg\" class=\"wp-image-157141\"\/><figcaption>\n    &#8220;\u018frazini \u0259lmizd\u0259n al\u0131b, bizi ac\u0131nacaql\u0131 v\u0259ziyy\u0259td\u0259 qoyublar\u201d.<br \/>\n  <\/figcaption><\/figure>\n<p>\n  <b><br \/>\n    Ucar B\u0259l\u0259diyy\u0259si: &quot;Taleh \u018fliyev h\u0259min vaxtlar h\u0259bsd\u0259 oldu\u011fu \u00fc\u00e7\u00fcn raz\u0131l\u0131q \u0259ld\u0259 edilm\u0259yib&quot;<br \/>\n  <\/b>\n<\/p>\n<p>\n  Ucar \u015e\u0259h\u0259r B\u0259l\u0259diyy\u0259sinin s\u0259dr m\u00fcavini Aslan \u018fhm\u0259dov Meydan TV-y\u0259 bildirib ki, h\u0259min \u0259razid\u0259 ba\u015fqa v\u0259t\u0259nda\u015flara da m\u0259xsus obyektl\u0259r olub: \u201c2005-ci ild\u0259 \u0130slam\u0259li \u018fliyev\u0259 Ucar rayon b\u0259l\u0259diyy\u0259sinin 5 sayl\u0131 q\u0259rar\u0131 il\u0259 460 kvadratmetrlik torpaq sah\u0259si verilib. 2009-cu ild\u0259 Ucar\u0131n ke\u00e7mi\u015f icra ba\u015f\u00e7\u0131s\u0131 Arzu Qafurov \u0259razid\u0259 obyektl\u0259ri olan adamlar\u0131 \u00e7a\u011f\u0131r\u0131b deyib ki, h\u0259min torpaqlar\u0131 h\u00f6kum\u0259t\u0259 qaytar\u0131rs\u0131n\u0131z. Bundan sonra da h\u0259min \u0259razid\u0259 olan insanlar\u0131n ham\u0131s\u0131na ba\u015fqa yerl\u0259rd\u0259n torpaq sah\u0259l\u0259ri t\u0259klif olunub, onlar da g\u00f6t\u00fcr\u00fcbl\u0259r. Tehran \u018fliyevin ail\u0259sin\u0259 torpaq sah\u0259si t\u0259klif edil\u0259nd\u0259, ail\u0259d\u0259 yaln\u0131z anas\u0131 olub. Taleh \u018fliyev h\u0259min vaxtlar h\u0259bsd\u0259 olub. Y\u0259ni raz\u0131l\u0131q \u0259ld\u0259 edilm\u0259yib. Haz\u0131rda o, azadl\u0131qdad\u0131r. M\u0259s\u0259l\u0259 il\u0259 ba\u011fl\u0131 biz\u0259 d\u0259 m\u00fcraci\u0259t etdi. B\u0259l\u0259diyy\u0259nin arxivind\u0259ki torpaq s\u0259n\u0259dl\u0259rinin n\u00fcsx\u0259sini v\u0259t\u0259nda\u015fa t\u0259qdim etmi\u015f\u0259m. B\u0259l\u0259diyy\u0259 h\u0259min v\u0259t\u0259nda\u015flardan he\u00e7 bir torpaq sah\u0259si almay\u0131b. D\u00f6vl\u0259t, icra ba\u015f\u00e7\u0131s\u0131 al\u0131b ki, d\u00f6vl\u0259t idar\u0259si tikil\u0259c\u0259k. Do\u011frudan da orada \u201cAz\u0259rsu\u201dya aid bina v\u0259 \u015fahmat m\u0259kt\u0259bi in\u015fa olunub\u201d.\n<\/p>\n<p>\n  <b><br \/>\n    \u0130cra Hakimiyy\u0259ti: &quot;Tehran \u018fliyev yaz\u0131l\u0131 m\u00fcraci\u0259t etm\u0259yib&quot;<br \/>\n  <\/b>\n<\/p>\n<p>\n  Ucar Rayon \u0130cra Hakimiyy\u0259tinin informasiya t\u0259minat\u0131 v\u0259 t\u0259hlisi sektorunun m\u00fcdiri R\u00f6v\u015f\u0259n Eldarb\u0259yli Meydan TV-y\u0259 bildirib ki, Tehran \u018fliyev \u0130cra Hakimiyy\u0259tin\u0259 yaz\u0131l\u0131 m\u00fcraci\u0259t etm\u0259yib: \u201cR\u0259smi ka\u011f\u0131z, m\u0259ktub yoxdur. Ola bilsin ki, r\u0259hb\u0259r v\u0259zif\u0259lil\u0259rd\u0259n hans\u0131n\u0131nsa ota\u011f\u0131na girib, s\u00f6z\u00fcn\u00fc deyib. M\u0259s\u0259l\u0259 ara\u015fd\u0131r\u0131lacaq\u201d.\n<\/p>\n<figure class=\"wp-block-image size-large\">\n  <img decoding=\"async\" src=\"https:\/\/www.meydan.tv\/az\/img-20210301-wa0022\/\" alt=\"img-20210301-wa0022\" class=\"wp-image-157138\"\/><figcaption>\n    Ucar B\u0259l\u0259diyy\u0259sinin s\u0259dri<br \/>\n  <\/figcaption><\/figure>\n<figure class=\"wp-block-image size-large\">\n  <img decoding=\"async\" src=\"https:\/\/www.meydan.tv\/az\/img-20210301-wa0025-jpg\/\" alt=\"img-20210301-wa0025.jpg\" class=\"wp-image-157135\"\/><figcaption>\n    Plan<br \/>\n  <\/figcaption><\/figure>\n<figure class=\"wp-block-image size-large\">\n  <img decoding=\"async\" src=\"https:\/\/www.meydan.tv\/az\/img-20210301-wa0024-jpg\/\" alt=\"img-20210301-wa0024.jpg\" class=\"wp-image-157132\"\/><figcaption>\n    B\u0259l\u0259diyy\u0259nin q\u0259rar\u0131<br \/>\n  <\/figcaption><\/figure>\n","protected":false},"excerpt":{"rendered":"<p>\u201c2009-cu ild\u0259 Ucar\u0131n ke\u00e7mi\u015f icra ba\u015f\u00e7\u0131s\u0131 Arzu Qafurov \u0259razid\u0259 obyektl\u0259ri olan adamlar\u0131 \u00e7a\u011f\u0131r\u0131b deyib ki, h\u0259min torpaqlar\u0131 h\u00f6kum\u0259t\u0259 qaytar\u0131rs\u0131n\u0131z&#8221;<\/p>\n","protected":false},"author":11,"featured_media":157150,"comment_status":"closed","ping_status":"open","sticky":false,"template":"","format":"standard","meta":{"_acf_changed":false,"_sitemap_exclude":false,"_sitemap_priority":"","_sitemap_frequency":"","footnotes":""},"categories":[60],"tags":[],"class_list":["post-205191","post","type-post","status-publish","format-standard","has-post-thumbnail","hentry","category-bolge","infinite-scroll-item","generate-columns","tablet-grid-50","mobile-grid-100","grid-parent","grid-33","no-featured-image-padding"],"acf":[],"yoast_head":"<!-- This site is optimized with the Yoast SEO plugin v27.5 - https:\/\/yoast.com\/product\/yoast-seo-wordpress\/ -->\n<title>Ziya M\u0259mm\u0259dova etiraz ed\u0259n v\u0259t\u0259nda\u015f acl\u0131q aksiyas\u0131na ba\u015flay\u0131b - MEYDAN.TV<\/title>\n<meta name=\"robots\" content=\"index, follow, max-snippet:-1, max-image-preview:large, max-video-preview:-1\" \/>\n<link rel=\"canonical\" href=\"https:\/\/www.meydan.tv\/az\/article\/ziya-memmedova-etiraz-eden-vetendas-acliq-aksiyasina-baslayib\/\" \/>\n<meta property=\"og:locale\" content=\"az_AZ\" \/>\n<meta property=\"og:type\" content=\"article\" \/>\n<meta property=\"og:title\" content=\"Ziya M\u0259mm\u0259dova etiraz ed\u0259n v\u0259t\u0259nda\u015f acl\u0131q aksiyas\u0131na ba\u015flay\u0131b - MEYDAN.TV\" \/>\n<meta property=\"og:description\" content=\"\u201c2009-cu ild\u0259 Ucar\u0131n ke\u00e7mi\u015f icra ba\u015f\u00e7\u0131s\u0131 Arzu Qafurov \u0259razid\u0259 obyektl\u0259ri olan adamlar\u0131 \u00e7a\u011f\u0131r\u0131b deyib ki, h\u0259min torpaqlar\u0131 h\u00f6kum\u0259t\u0259 qaytar\u0131rs\u0131n\u0131z&quot;\" \/>\n<meta property=\"og:url\" content=\"https:\/\/www.meydan.tv\/az\/article\/ziya-memmedova-etiraz-eden-vetendas-acliq-aksiyasina-baslayib\/\" \/>\n<meta property=\"og:site_name\" content=\"MEYDAN.TV\" \/>\n<meta property=\"article:published_time\" content=\"2021-03-01T15:02:02+00:00\" \/>\n<meta property=\"og:image\" content=\"https:\/\/www.meydan.tv\/wp-content\/uploads\/1_8fdy76g.jpg\" \/>\n\t<meta property=\"og:image:width\" content=\"891\" \/>\n\t<meta property=\"og:image:height\" content=\"480\" \/>\n\t<meta property=\"og:image:type\" content=\"image\/jpeg\" \/>\n<meta name=\"author\" content=\"user-manager\" \/>\n<meta name=\"twitter:card\" content=\"summary_large_image\" \/>\n<script type=\"application\/ld+json\" class=\"yoast-schema-graph\">{\"@context\":\"https:\\\/\\\/schema.org\",\"@graph\":[{\"@type\":\"Article\",\"@id\":\"https:\\\/\\\/www.meydan.tv\\\/az\\\/article\\\/ziya-memmedova-etiraz-eden-vetendas-acliq-aksiyasina-baslayib\\\/#article\",\"isPartOf\":{\"@id\":\"https:\\\/\\\/www.meydan.tv\\\/az\\\/article\\\/ziya-memmedova-etiraz-eden-vetendas-acliq-aksiyasina-baslayib\\\/\"},\"author\":{\"name\":\"user-manager\",\"@id\":\"https:\\\/\\\/www.meydan.tv\\\/az\\\/#\\\/schema\\\/person\\\/10d11eccf6da3662cf5fdab9806ea91a\"},\"headline\":\"Ziya M\u0259mm\u0259dova etiraz ed\u0259n v\u0259t\u0259nda\u015f acl\u0131q aksiyas\u0131na ba\u015flay\u0131b\",\"datePublished\":\"2021-03-01T15:02:02+00:00\",\"mainEntityOfPage\":{\"@id\":\"https:\\\/\\\/www.meydan.tv\\\/az\\\/article\\\/ziya-memmedova-etiraz-eden-vetendas-acliq-aksiyasina-baslayib\\\/\"},\"wordCount\":1089,\"publisher\":{\"@id\":\"https:\\\/\\\/www.meydan.tv\\\/az\\\/#organization\"},\"image\":{\"@id\":\"https:\\\/\\\/www.meydan.tv\\\/az\\\/article\\\/ziya-memmedova-etiraz-eden-vetendas-acliq-aksiyasina-baslayib\\\/#primaryimage\"},\"thumbnailUrl\":\"https:\\\/\\\/www.meydan.tv\\\/wp-content\\\/uploads\\\/1_8fdy76g.jpg\",\"articleSection\":[\"B\u00f6lg\u0259\"],\"inLanguage\":\"az\"},{\"@type\":\"WebPage\",\"@id\":\"https:\\\/\\\/www.meydan.tv\\\/az\\\/article\\\/ziya-memmedova-etiraz-eden-vetendas-acliq-aksiyasina-baslayib\\\/\",\"url\":\"https:\\\/\\\/www.meydan.tv\\\/az\\\/article\\\/ziya-memmedova-etiraz-eden-vetendas-acliq-aksiyasina-baslayib\\\/\",\"name\":\"Ziya M\u0259mm\u0259dova etiraz ed\u0259n v\u0259t\u0259nda\u015f acl\u0131q aksiyas\u0131na ba\u015flay\u0131b - MEYDAN.TV\",\"isPartOf\":{\"@id\":\"https:\\\/\\\/www.meydan.tv\\\/az\\\/#website\"},\"primaryImageOfPage\":{\"@id\":\"https:\\\/\\\/www.meydan.tv\\\/az\\\/article\\\/ziya-memmedova-etiraz-eden-vetendas-acliq-aksiyasina-baslayib\\\/#primaryimage\"},\"image\":{\"@id\":\"https:\\\/\\\/www.meydan.tv\\\/az\\\/article\\\/ziya-memmedova-etiraz-eden-vetendas-acliq-aksiyasina-baslayib\\\/#primaryimage\"},\"thumbnailUrl\":\"https:\\\/\\\/www.meydan.tv\\\/wp-content\\\/uploads\\\/1_8fdy76g.jpg\",\"datePublished\":\"2021-03-01T15:02:02+00:00\",\"breadcrumb\":{\"@id\":\"https:\\\/\\\/www.meydan.tv\\\/az\\\/article\\\/ziya-memmedova-etiraz-eden-vetendas-acliq-aksiyasina-baslayib\\\/#breadcrumb\"},\"inLanguage\":\"az\",\"potentialAction\":[{\"@type\":\"ReadAction\",\"target\":[\"https:\\\/\\\/www.meydan.tv\\\/az\\\/article\\\/ziya-memmedova-etiraz-eden-vetendas-acliq-aksiyasina-baslayib\\\/\"]}]},{\"@type\":\"ImageObject\",\"inLanguage\":\"az\",\"@id\":\"https:\\\/\\\/www.meydan.tv\\\/az\\\/article\\\/ziya-memmedova-etiraz-eden-vetendas-acliq-aksiyasina-baslayib\\\/#primaryimage\",\"url\":\"https:\\\/\\\/www.meydan.tv\\\/wp-content\\\/uploads\\\/1_8fdy76g.jpg\",\"contentUrl\":\"https:\\\/\\\/www.meydan.tv\\\/wp-content\\\/uploads\\\/1_8fdy76g.jpg\",\"width\":891,\"height\":480,\"caption\":\"Source: Specify Source\"},{\"@type\":\"BreadcrumbList\",\"@id\":\"https:\\\/\\\/www.meydan.tv\\\/az\\\/article\\\/ziya-memmedova-etiraz-eden-vetendas-acliq-aksiyasina-baslayib\\\/#breadcrumb\",\"itemListElement\":[{\"@type\":\"ListItem\",\"position\":1,\"name\":\"Ana s\u0259hif\u0259\",\"item\":\"https:\\\/\\\/www.meydan.tv\\\/az\\\/\"},{\"@type\":\"ListItem\",\"position\":2,\"name\":\"B\u00f6lg\u0259\",\"item\":\"https:\\\/\\\/www.meydan.tv\\\/az\\\/section\\\/bolge\\\/\"},{\"@type\":\"ListItem\",\"position\":3,\"name\":\"Ziya M\u0259mm\u0259dova etiraz ed\u0259n v\u0259t\u0259nda\u015f acl\u0131q aksiyas\u0131na ba\u015flay\u0131b\"}]},{\"@type\":\"WebSite\",\"@id\":\"https:\\\/\\\/www.meydan.tv\\\/az\\\/#website\",\"url\":\"https:\\\/\\\/www.meydan.tv\\\/az\\\/\",\"name\":\"MEYDAN.TV\",\"description\":\"Meydan TV Az\u0259rbaycan\u0131n media m\u0259kan\u0131ndak\u0131 alternativ s\u0259sidir\",\"publisher\":{\"@id\":\"https:\\\/\\\/www.meydan.tv\\\/az\\\/#organization\"},\"potentialAction\":[{\"@type\":\"SearchAction\",\"target\":{\"@type\":\"EntryPoint\",\"urlTemplate\":\"https:\\\/\\\/www.meydan.tv\\\/az\\\/?s={search_term_string}\"},\"query-input\":{\"@type\":\"PropertyValueSpecification\",\"valueRequired\":true,\"valueName\":\"search_term_string\"}}],\"inLanguage\":\"az\"},{\"@type\":\"Organization\",\"@id\":\"https:\\\/\\\/www.meydan.tv\\\/az\\\/#organization\",\"name\":\"Meydan TV\",\"url\":\"https:\\\/\\\/www.meydan.tv\\\/az\\\/\",\"logo\":{\"@type\":\"ImageObject\",\"inLanguage\":\"az\",\"@id\":\"https:\\\/\\\/www.meydan.tv\\\/az\\\/#\\\/schema\\\/logo\\\/image\\\/\",\"url\":\"https:\\\/\\\/www.meydan.tv\\\/wp-content\\\/uploads\\\/2021\\\/07\\\/meydan-logo.svg\",\"contentUrl\":\"https:\\\/\\\/www.meydan.tv\\\/wp-content\\\/uploads\\\/2021\\\/07\\\/meydan-logo.svg\",\"width\":195,\"height\":46,\"caption\":\"Meydan TV\"},\"image\":{\"@id\":\"https:\\\/\\\/www.meydan.tv\\\/az\\\/#\\\/schema\\\/logo\\\/image\\\/\"}},{\"@type\":\"Person\",\"@id\":\"https:\\\/\\\/www.meydan.tv\\\/az\\\/#\\\/schema\\\/person\\\/10d11eccf6da3662cf5fdab9806ea91a\",\"name\":\"user-manager\"}]}<\/script>\n<!-- \/ Yoast SEO plugin. -->","yoast_head_json":{"title":"Ziya M\u0259mm\u0259dova etiraz ed\u0259n v\u0259t\u0259nda\u015f acl\u0131q aksiyas\u0131na ba\u015flay\u0131b - MEYDAN.TV","robots":{"index":"index","follow":"follow","max-snippet":"max-snippet:-1","max-image-preview":"max-image-preview:large","max-video-preview":"max-video-preview:-1"},"canonical":"https:\/\/www.meydan.tv\/az\/article\/ziya-memmedova-etiraz-eden-vetendas-acliq-aksiyasina-baslayib\/","og_locale":"az_AZ","og_type":"article","og_title":"Ziya M\u0259mm\u0259dova etiraz ed\u0259n v\u0259t\u0259nda\u015f acl\u0131q aksiyas\u0131na ba\u015flay\u0131b - MEYDAN.TV","og_description":"\u201c2009-cu ild\u0259 Ucar\u0131n ke\u00e7mi\u015f icra ba\u015f\u00e7\u0131s\u0131 Arzu Qafurov \u0259razid\u0259 obyektl\u0259ri olan adamlar\u0131 \u00e7a\u011f\u0131r\u0131b deyib ki, h\u0259min torpaqlar\u0131 h\u00f6kum\u0259t\u0259 qaytar\u0131rs\u0131n\u0131z\"","og_url":"https:\/\/www.meydan.tv\/az\/article\/ziya-memmedova-etiraz-eden-vetendas-acliq-aksiyasina-baslayib\/","og_site_name":"MEYDAN.TV","article_published_time":"2021-03-01T15:02:02+00:00","og_image":[{"width":891,"height":480,"url":"https:\/\/www.meydan.tv\/wp-content\/uploads\/1_8fdy76g.jpg","type":"image\/jpeg"}],"author":"user-manager","twitter_card":"summary_large_image","schema":{"@context":"https:\/\/schema.org","@graph":[{"@type":"Article","@id":"https:\/\/www.meydan.tv\/az\/article\/ziya-memmedova-etiraz-eden-vetendas-acliq-aksiyasina-baslayib\/#article","isPartOf":{"@id":"https:\/\/www.meydan.tv\/az\/article\/ziya-memmedova-etiraz-eden-vetendas-acliq-aksiyasina-baslayib\/"},"author":{"name":"user-manager","@id":"https:\/\/www.meydan.tv\/az\/#\/schema\/person\/10d11eccf6da3662cf5fdab9806ea91a"},"headline":"Ziya M\u0259mm\u0259dova etiraz ed\u0259n v\u0259t\u0259nda\u015f acl\u0131q aksiyas\u0131na ba\u015flay\u0131b","datePublished":"2021-03-01T15:02:02+00:00","mainEntityOfPage":{"@id":"https:\/\/www.meydan.tv\/az\/article\/ziya-memmedova-etiraz-eden-vetendas-acliq-aksiyasina-baslayib\/"},"wordCount":1089,"publisher":{"@id":"https:\/\/www.meydan.tv\/az\/#organization"},"image":{"@id":"https:\/\/www.meydan.tv\/az\/article\/ziya-memmedova-etiraz-eden-vetendas-acliq-aksiyasina-baslayib\/#primaryimage"},"thumbnailUrl":"https:\/\/www.meydan.tv\/wp-content\/uploads\/1_8fdy76g.jpg","articleSection":["B\u00f6lg\u0259"],"inLanguage":"az"},{"@type":"WebPage","@id":"https:\/\/www.meydan.tv\/az\/article\/ziya-memmedova-etiraz-eden-vetendas-acliq-aksiyasina-baslayib\/","url":"https:\/\/www.meydan.tv\/az\/article\/ziya-memmedova-etiraz-eden-vetendas-acliq-aksiyasina-baslayib\/","name":"Ziya M\u0259mm\u0259dova etiraz ed\u0259n v\u0259t\u0259nda\u015f acl\u0131q aksiyas\u0131na ba\u015flay\u0131b - MEYDAN.TV","isPartOf":{"@id":"https:\/\/www.meydan.tv\/az\/#website"},"primaryImageOfPage":{"@id":"https:\/\/www.meydan.tv\/az\/article\/ziya-memmedova-etiraz-eden-vetendas-acliq-aksiyasina-baslayib\/#primaryimage"},"image":{"@id":"https:\/\/www.meydan.tv\/az\/article\/ziya-memmedova-etiraz-eden-vetendas-acliq-aksiyasina-baslayib\/#primaryimage"},"thumbnailUrl":"https:\/\/www.meydan.tv\/wp-content\/uploads\/1_8fdy76g.jpg","datePublished":"2021-03-01T15:02:02+00:00","breadcrumb":{"@id":"https:\/\/www.meydan.tv\/az\/article\/ziya-memmedova-etiraz-eden-vetendas-acliq-aksiyasina-baslayib\/#breadcrumb"},"inLanguage":"az","potentialAction":[{"@type":"ReadAction","target":["https:\/\/www.meydan.tv\/az\/article\/ziya-memmedova-etiraz-eden-vetendas-acliq-aksiyasina-baslayib\/"]}]},{"@type":"ImageObject","inLanguage":"az","@id":"https:\/\/www.meydan.tv\/az\/article\/ziya-memmedova-etiraz-eden-vetendas-acliq-aksiyasina-baslayib\/#primaryimage","url":"https:\/\/www.meydan.tv\/wp-content\/uploads\/1_8fdy76g.jpg","contentUrl":"https:\/\/www.meydan.tv\/wp-content\/uploads\/1_8fdy76g.jpg","width":891,"height":480,"caption":"Source: Specify Source"},{"@type":"BreadcrumbList","@id":"https:\/\/www.meydan.tv\/az\/article\/ziya-memmedova-etiraz-eden-vetendas-acliq-aksiyasina-baslayib\/#breadcrumb","itemListElement":[{"@type":"ListItem","position":1,"name":"Ana s\u0259hif\u0259","item":"https:\/\/www.meydan.tv\/az\/"},{"@type":"ListItem","position":2,"name":"B\u00f6lg\u0259","item":"https:\/\/www.meydan.tv\/az\/section\/bolge\/"},{"@type":"ListItem","position":3,"name":"Ziya M\u0259mm\u0259dova etiraz ed\u0259n v\u0259t\u0259nda\u015f acl\u0131q aksiyas\u0131na ba\u015flay\u0131b"}]},{"@type":"WebSite","@id":"https:\/\/www.meydan.tv\/az\/#website","url":"https:\/\/www.meydan.tv\/az\/","name":"MEYDAN.TV","description":"Meydan TV Az\u0259rbaycan\u0131n media m\u0259kan\u0131ndak\u0131 alternativ s\u0259sidir","publisher":{"@id":"https:\/\/www.meydan.tv\/az\/#organization"},"potentialAction":[{"@type":"SearchAction","target":{"@type":"EntryPoint","urlTemplate":"https:\/\/www.meydan.tv\/az\/?s={search_term_string}"},"query-input":{"@type":"PropertyValueSpecification","valueRequired":true,"valueName":"search_term_string"}}],"inLanguage":"az"},{"@type":"Organization","@id":"https:\/\/www.meydan.tv\/az\/#organization","name":"Meydan TV","url":"https:\/\/www.meydan.tv\/az\/","logo":{"@type":"ImageObject","inLanguage":"az","@id":"https:\/\/www.meydan.tv\/az\/#\/schema\/logo\/image\/","url":"https:\/\/www.meydan.tv\/wp-content\/uploads\/2021\/07\/meydan-logo.svg","contentUrl":"https:\/\/www.meydan.tv\/wp-content\/uploads\/2021\/07\/meydan-logo.svg","width":195,"height":46,"caption":"Meydan TV"},"image":{"@id":"https:\/\/www.meydan.tv\/az\/#\/schema\/logo\/image\/"}},{"@type":"Person","@id":"https:\/\/www.meydan.tv\/az\/#\/schema\/person\/10d11eccf6da3662cf5fdab9806ea91a","name":"user-manager"}]}},"_links":{"self":[{"href":"https:\/\/www.meydan.tv\/az\/wp-json\/wp\/v2\/posts\/205191","targetHints":{"allow":["GET"]}}],"collection":[{"href":"https:\/\/www.meydan.tv\/az\/wp-json\/wp\/v2\/posts"}],"about":[{"href":"https:\/\/www.meydan.tv\/az\/wp-json\/wp\/v2\/types\/post"}],"author":[{"embeddable":true,"href":"https:\/\/www.meydan.tv\/az\/wp-json\/wp\/v2\/users\/11"}],"replies":[{"embeddable":true,"href":"https:\/\/www.meydan.tv\/az\/wp-json\/wp\/v2\/comments?post=205191"}],"version-history":[{"count":0,"href":"https:\/\/www.meydan.tv\/az\/wp-json\/wp\/v2\/posts\/205191\/revisions"}],"wp:featuredmedia":[{"embeddable":true,"href":"https:\/\/www.meydan.tv\/az\/wp-json\/wp\/v2\/media\/157150"}],"wp:attachment":[{"href":"https:\/\/www.meydan.tv\/az\/wp-json\/wp\/v2\/media?parent=205191"}],"wp:term":[{"taxonomy":"category","embeddable":true,"href":"https:\/\/www.meydan.tv\/az\/wp-json\/wp\/v2\/categories?post=205191"},{"taxonomy":"post_tag","embeddable":true,"href":"https:\/\/www.meydan.tv\/az\/wp-json\/wp\/v2\/tags?post=205191"}],"curies":[{"name":"wp","href":"https:\/\/api.w.org\/{rel}","templated":true}]}}