{"id":205187,"date":"2021-03-01T14:59:14","date_gmt":"2021-03-01T14:59:14","guid":{"rendered":"https:\/\/www.meydan.tv\/article\/qayitmaga-da-normal-yasamaga-da-umidi-olmayanlar-kockunluyu-bitmeyen-muveqqeti-kockunler\/"},"modified":"2021-03-01T14:59:14","modified_gmt":"2021-03-01T14:59:14","slug":"qayitmaga-da-normal-yasamaga-da-umidi-olmayanlar-kockunluyu-bitmeyen-muveqqeti-kockunler","status":"publish","type":"post","link":"https:\/\/www.meydan.tv\/az\/article\/qayitmaga-da-normal-yasamaga-da-umidi-olmayanlar-kockunluyu-bitmeyen-muveqqeti-kockunler\/","title":{"rendered":"Qay\u0131tma\u011fa da, normal ya\u015fama\u011fa da \u00fcmidi olmayanlar: k\u00f6\u00e7k\u00fcnl\u00fcy\u00fc bitm\u0259y\u0259n m\u00fcv\u0259qq\u0259ti k\u00f6\u00e7k\u00fcnl\u0259r"},"content":{"rendered":"<figure class=\"wp-block-embed is-type-video is-provider-youtube wp-block-embed-youtube wp-embed-aspect-16-9 wp-has-aspect-ratio\">\n<div class=\"wp-block-embed__wrapper\">\n    <iframe\ttitle=\"Qay\u0131tma\u011fa da, normal ya\u015fama\u011fa da \u00fcmidi olmayanlar\" width=\"1200\" height=\"675\" data-src=\"https:\/\/www.youtube.com\/embed\/TuFSf5gZDEE\"\tframeborder=\"0\"\tallow=\"accelerometer; autoplay; clipboard-write; encrypted-media; gyroscope; picture-in-picture\" allowfullscreen src=\"data:image\/svg+xml;base64,PHN2ZyB3aWR0aD0iMSIgaGVpZ2h0PSIxIiB4bWxucz0iaHR0cDovL3d3dy53My5vcmcvMjAwMC9zdmciPjwvc3ZnPg==\" class=\"lazyload\" data-load-mode=\"1\"><\/iframe>\n  <\/div><figcaption>\n    Qay\u0131tma\u011fa da, normal ya\u015fama\u011fa da \u00fcmidi olmayanlar<br \/>\n  <\/figcaption><\/figure>\n<p>\n  R\u0259smi m\u0259lumatlara g\u00f6r\u0259, 90-c\u0131 ill\u0259rd\u0259 ged\u0259n h\u0259rbi \u0259m\u0259liyyatlar zaman\u0131 milyona yax\u0131n az\u0259rbaycanl\u0131 m\u0259cburi k\u00f6\u00e7k\u00fcn\u0259 \u00e7evrilmi\u015fdi. M\u00fcharib\u0259 n\u0259tic\u0259sind\u0259 evsiz-e\u015fiksiz qalan insanlara ilk vaxtlar \u00e7ad\u0131r d\u00fc\u015f\u0259rg\u0259l\u0259ri sal\u0131n\u0131rd\u0131. Daha sonra onlar \u00fc\u00e7\u00fcn q\u0259s\u0259b\u0259l\u0259r, ya\u015fay\u0131\u015f kompleksl\u0259ri tikm\u0259y\u0259 ba\u015flad\u0131lar. Bununla bel\u0259, onlar\u0131n \u00e7oxu h\u0259l\u0259 d\u0259 ke\u00e7mi\u015f yataqxanalar\u0131n, m\u0259kt\u0259bl\u0259rin, u\u015faq ba\u011f\u00e7alar\u0131n\u0131n yar\u0131u\u00e7uq binalar\u0131nda, h\u0259tta vaqonlarda ya\u015fay\u0131rlar v\u0259 uzun ill\u0259rdir ki, normal m\u0259nzil sahibi olmaq \u00fc\u00e7\u00fcn n\u00f6vb\u0259 g\u00f6zl\u0259yirl\u0259r. N\u0259 q\u0259d\u0259r paradoksal olsa da, torpaqlar\u0131n i\u015f\u011faldan azad olunmas\u0131 onlar\u0131n, uzun ill\u0259r s\u00fcr\u0259n m\u0259nzil probleml\u0259rinin tezlikl\u0259 h\u0259ll olunaca\u011f\u0131 il\u0259 ba\u011fl\u0131 \u00fcmidl\u0259rini do\u011frultmad\u0131.\n<\/p>\n<p>\n  Qaraba\u011f u\u011frunda Az\u0259rbaycanla Erm\u0259nistan aras\u0131nda ged\u0259n m\u00fcharib\u0259 2020-ci il noyabr\u0131n 9-da ba\u015fa \u00e7at\u0131b. \u0130ki \u00f6lk\u0259 aras\u0131nda Rusiyan\u0131n vasit\u0259\u00e7iliyi il\u0259 ba\u011flanm\u0131\u015f raz\u0131la\u015fmaya \u0259sas\u0259n, Da\u011fl\u0131q Qaraba\u011f\u0131n b\u00f6y\u00fck hiss\u0259si, o c\u00fcml\u0259d\u0259n \u0259traf rayonlar Az\u0259rbaycan\u0131n n\u0259zar\u0259ti alt\u0131na ke\u00e7ib. Yen\u0259 eyni raz\u0131la\u015fmaya g\u00f6r\u0259, 90-c\u0131 ill\u0259rd\u0259 ged\u0259n h\u0259rbi \u0259m\u0259liyyatlar zaman\u0131 i\u015f\u011fal olunmu\u015f b\u00f6lg\u0259l\u0259ri t\u0259rk etmi\u015f qa\u00e7q\u0131nlar v\u0259 m\u0259cburi k\u00f6\u00e7k\u00fcnl\u0259r art\u0131q do\u011fma torpaqlar\u0131na qay\u0131da bil\u0259rl\u0259r. Sentyabr\u0131n 27-d\u0259 ba\u015flayan v\u0259 44 g\u00fcn davam ed\u0259n II Qaraba\u011f m\u00fcharib\u0259si zaman\u0131 vaxtil\u0259 \u00f6z evl\u0259rini t\u0259rk etm\u0259y\u0259 m\u0259cbur qalan insanlar\u0131n \u0259ks\u0259riyy\u0259ti i\u015f\u011fal alt\u0131nda olan \u0259razil\u0259rin azad olunmas\u0131 il\u0259 ba\u011fl\u0131 x\u0259b\u0259rl\u0259r\u0259 m\u00fcnasib\u0259tl\u0259rini \u201cM\u0259n art\u0131q m\u0259cburi k\u00f6\u00e7k\u00fcn deyil\u0259m!\u201d c\u00fcml\u0259si il\u0259 ifad\u0259 edirdil\u0259r.\n<\/p>\n<p>\n  \u00d6lk\u0259 Prezidenti \u0130lham \u018fliyev d\u0259 yanvar\u0131n 6-da ke\u00e7iril\u0259n 2020-ci ilin yekunlar\u0131na dair onlayn m\u00fc\u015favir\u0259d\u0259 onlar\u0131n yan\u0131lmad\u0131qlar\u0131n\u0131 t\u0259sdiql\u0259y\u0131b v\u0259 azad olunmu\u015f b\u00f6lg\u0259l\u0259rd\u0259 qeydiyyatda olan insanlar\u0131n m\u0259cburi k\u00f6\u00e7k\u00fcn statusunun l\u0259\u011fv olundu\u011funu s\u00f6yl\u0259yib. H\u0259m\u00e7inin prezident onu da \u0259lav\u0259 edib ki, ke\u00e7mi\u015f m\u0259cburi k\u00f6\u00e7k\u00fcnl\u0259rin \u00f6z torpaqlar\u0131na qay\u0131da bilm\u0259l\u0259ri m\u0259qs\u0259dil\u0259 s\u00f6z\u00fcged\u0259n \u0259razil\u0259rd\u0259 b\u0259rpa i\u015fl\u0259ri ba\u015flay\u0131b, qay\u0131tma prosesi k\u00f6n\u00fcll\u00fcl\u00fck \u0259sas\u0131nda olacaq, lakin yataqxanalarda, u\u015faq ba\u011f\u00e7alar\u0131nda m\u0259sk\u0259n salm\u0131\u015f bu insanlar \u00fc\u00e7\u00fcn n\u0259z\u0259rd\u0259 tutulan evl\u0259r art\u0131q onlara verilm\u0259y\u0259c\u0259k v\u0259 k\u00f6\u00e7k\u00fcnl\u0259r \u00fc\u00e7\u00fcn evl\u0259r ancaq azad olunmu\u015f torpaqlarda tikil\u0259c\u0259k: \u201cM\u0259n bilir\u0259m ki, onlar uzun ill\u0259rdi bu evl\u0259ri g\u00f6zl\u0259yirdil\u0259r, amma indi torpaqlar azad olunub, &#8211; prezident \u00f6z \u00e7\u0131x\u0131\u015f\u0131nda deyib. &#8211; Ona g\u00f6r\u0259, ke\u00e7mi\u015f k\u00f6\u00e7k\u00fcnl\u0259ri Bak\u0131da, G\u0259nc\u0259d\u0259, Sumqay\u0131tda yerl\u0259\u015fdirm\u0259k he\u00e7 bir m\u0259ntiq\u0259 s\u0131\u011fm\u0131r. Onlar \u00fc\u00e7\u00fcn n\u0259z\u0259rd\u0259 tutulmu\u015f evl\u0259ri \u015f\u0259hid ail\u0259l\u0259rin\u0259 verm\u0259k \u00e7ox d\u00fczg\u00fcn q\u0259rard\u0131r\u201d.\n<\/p>\n<p>\n  \u00d6z n\u00f6vb\u0259sind\u0259 \u0259m\u0259k v\u0259 \u0259halinin sosial m\u00fcdafi\u0259si nazirinin m\u00fcavini V\u00fcsal N\u0259sirli d\u0259 ke\u00e7mi\u015f m\u0259cburi k\u00f6\u00e7k\u00fcnl\u0259r \u00fc\u00e7\u00fcn in\u015fa edil\u0259n m\u0259nzill\u0259rin art\u0131q Qa\u00e7qa\u0131nlar\u0131n v\u0259 M\u0259cburi K\u00f6\u00e7k\u00fcnl\u0259rin \u0130\u015fl\u0259ri \u00fczr\u0259 D\u00f6vl\u0259t Komit\u0259sinin balans\u0131ndan \u00e7\u0131xar\u0131l\u0131b \u018fm\u0259k v\u0259 \u018fhalinin Sosial M\u00fcdafi\u0259si Nazirliyinin balans\u0131na verilm\u0259si il\u0259 ba\u011fl\u0131 i\u015fl\u0259rin ba\u015flad\u0131\u011f\u0131n\u0131<br \/>\n  <a href=\"https:\/\/sputnik.az\/life\/20210112\/425940747\/Mcburi-kknlrin-evlri-hid-aillrin-nec-verilck-Nazir-mavini-aqlad.html\"><br \/>\n    bildirib.<br \/>\n  <\/a>\n<\/p>\n<p>\n  <b><br \/>\n    \u201cP\u0259rd\u0259 il\u0259 \u00fc\u00e7 hiss\u0259y\u0259 b\u00f6l\u00fcnm\u00fc\u015f dar bir otaqda ya\u015fay\u0131r\u0131q\u201d<br \/>\n  <\/b>\n<\/p>\n<p>\n  Bel\u0259c\u0259, uzun ill\u0259rd\u0259n sonra t\u0259z\u0259-t\u0259z\u0259 normal ya\u015fama\u011fa ba\u015flayan insanlar, indi h\u0259r an t\u0259krar k\u00f6\u00e7m\u0259y\u0259 haz\u0131r olmal\u0131d\u0131rlar. B\u00f6y\u00fck ehtimalla, ke\u00e7mi\u015f m\u0259cburi k\u00f6\u00e7k\u00fcnl\u0259rin do\u011fma torpaqlar\u0131na qay\u0131tmas\u0131 bu tezlikl\u0259 m\u00fcmk\u00fcn olmayacaq. \u00c7\u00fcnki azad olunmu\u015f \u0259razil\u0259r minalardan t\u0259mizl\u0259nm\u0259li, ya\u015fay\u0131\u015f \u00fc\u00e7\u00fcn yararl\u0131 hala sal\u0131nmal\u0131d\u0131r. Bu is\u0259 o dem\u0259kdir ki, y\u00fczminl\u0259rl\u0259 insan, \u0259n yax\u015f\u0131 halda, daha 3-5 il a\u011f\u0131r \u015f\u0259raitd\u0259 ya\u015fama\u011fa m\u0259hkumdurlar.\n<\/p>\n<p>\n  \u201c\u0130ki o\u011flum, bir q\u0131z\u0131m var. O\u011fullar\u0131m evl\u0259nibl\u0259r, h\u0259r\u0259sinin iki u\u015fa\u011f\u0131 var. On adam &#8211; yolda\u015f\u0131m r\u0259hm\u0259t\u0259 ged\u0259nd\u0259n sonra doqquz &#8211; dar bir otaqda ya\u015fay\u0131r\u0131q. Oran\u0131 p\u0259rd\u0259 il\u0259 k\u0259sib \u00fc\u00e7 balaca ota\u011fa \u00e7evirmi\u015fik, qaz\u0131m\u0131z yoxdur\u201d, &#8211; bunu a\u011fdaml\u0131 m\u0259cburi k\u00f6\u00e7k\u00fcn M\u0259ry\u0259m M\u0259mm\u0259dova deyir.\n<\/p>\n<p>\n  \u018fks\u0259r h\u0259myerlil\u0259ri kimi M\u0259ry\u0259m m\u00fc\u0259llim\u0259 d\u0259 1993-c\u00fc ild\u0259, A\u011fdam rayonu i\u015f\u011fal olunanda ail\u0259si il\u0259 birlikd\u0259 evini t\u0259rk etm\u0259y\u0259 m\u0259cbur qal\u0131b. Ail\u0259, tezlikl\u0259 geri qay\u0131daca\u011f\u0131 \u00fcmidil\u0259 \u00fc\u00e7 il\u0259 q\u0259d\u0259r A\u011fdama yax\u0131n k\u0259ndl\u0259rd\u0259 ya\u015fay\u0131b. 1995-ci ild\u0259 is\u0259 Bak\u0131ya g\u0259libl\u0259r v\u0259 o vaxtdan yataqxanada m\u0259sk\u0259n sal\u0131blar. \u201cQa\u00e7q\u0131nkom\u201ddan z\u0259ng vurub geri qay\u0131tmaq ist\u0259yib-ist\u0259m\u0259dikl\u0259rini soru\u015fanda M\u0259ry\u0259m m\u00fc\u0259llim\u0259 d\u0259, o\u011fullar\u0131 da qay\u0131tmaq ist\u0259dikl\u0259rini deyibl\u0259r. Ancaq bunun n\u0259 vaxt m\u00fcmk\u00fcn olaca\u011f\u0131n\u0131 bilmirl\u0259r.\n<\/p>\n<p>\n  \u201cBizi ev \u00fc\u00e7\u00fcn qeydiyyata alm\u0131\u015fd\u0131lar, dekabrda k\u00f6\u00e7m\u0259li idik. M\u00fcharib\u0259 ba\u015flayanda burda qon\u015fularla birlikd\u0259 q\u0259rara g\u0259lmi\u015fdik ki, o evl\u0259rd\u0259n imtina ed\u0259k, onlar \u015f\u0259hid ail\u0259l\u0259rin\u0259, qazil\u0259r\u0259 verilsin, biz \u00f6z torpaqlar\u0131m\u0131za qay\u0131tmaq ist\u0259yirik. Amma indi bilmirik, bu, n\u0259 q\u0259d\u0259r \u00e7\u0259k\u0259c\u0259k. He\u00e7 olmasa, iki-\u00fc\u00e7 il\u0259 olsa, yax\u015f\u0131 olard\u0131. Su \u00fcmumidir, hamam-tualet \u00fcmumidir, Alt\u0131nc\u0131-bazar g\u00fcnl\u0259ri hamam-tualetin qar\u015f\u0131s\u0131nda n\u00f6vb\u0259 yaran\u0131r. \u00c7ox \u00e7\u0259tindir. He\u00e7 olmasa, m\u00fcv\u0259qq\u0259ti d\u0259 olsa, k\u00f6\u00e7\u00fcrs\u0259ydil\u0259r, yax\u015f\u0131 olard\u0131. Sonra qay\u0131tma\u011fa icaz\u0259 veril\u0259nd\u0259 yen\u0259 qay\u0131dard\u0131q. Balaca bir yerd\u0259 \u00fc\u00e7 ail\u0259yik, he\u00e7 olmasa, birini k\u00f6\u00e7\u00fcr\u0259ydil\u0259r\u201d, &#8211; M\u0259ry\u0259m m\u00fc\u0259llim\u0259 deyir.\n<\/p>\n<p>\n  F\u00fczuli rayonundan m\u0259cburi k\u00f6\u00e7k\u00fcn olan tibb bac\u0131s\u0131 Valid\u0259 Yusifova da ke\u00e7\u0259n ilin dekabr\u0131nda ail\u0259si il\u0259 birlikd\u0259 yeni m\u0259nzil\u0259 k\u00f6\u00e7m\u0259li idi, ancaq bu, art\u0131q olmayacaq. O, h\u0259yat yolda\u015f\u0131 il\u0259 birlikd\u0259 do\u011fma k\u0259ndin\u0259 qay\u0131dana q\u0259d\u0259r yataqxanada ya\u015famal\u0131d\u0131r.\n<\/p>\n<p>\n  \u201c1994-c\u00fc il avqustun 15-d\u0259n bu g\u00fcn\u0259 q\u0259d\u0259r yataqxanadayam. \u0130ndi yolda\u015f\u0131mla birlikd\u0259 ya\u015fay\u0131ram, hava yoxdur dey\u0259 o\u011flum burda qalm\u0131r, kiray\u0259 ev tutub. Biz bura g\u0259l\u0259nd\u0259 birc\u0259 h\u00f6rg\u00fc vard\u0131, ota\u011f\u0131 \u00f6z\u00fcm\u00fcz tikmi\u015fik. Qaz \u0259vv\u0259ld\u0259n olmay\u0131b. Birc\u0259 i\u015f\u0131q normal g\u0259lir. Odur ki, elektrik plit\u0259sind\u0259n istifad\u0259 edirik. Yax\u015f\u0131 ki, kommunal x\u0259rcl\u0259rimizi d\u00f6vl\u0259t \u00f6d\u0259yir. Biz yen\u0259 \u00f6z\u00fcm\u00fcz\u0259 yax\u015f\u0131-pis \u015f\u0259rait d\u00fcz\u0259ltmi\u015fik, hamam-tualetimiz ayr\u0131d\u0131r. Yuxar\u0131 m\u0259rt\u0259b\u0259l\u0259rd\u0259 v\u0259ziyy\u0259t \u00e7ox pisdir\u201d, &#8211; Valid\u0259 Yusifova deyir.\n<\/p>\n<p>\n  Valid\u0259 xan\u0131m da qa\u00e7q\u0131nkomun qay\u0131d\u0131b-qay\u0131tmamaqla ba\u011fl\u0131 sual\u0131na \u201ch\u0259\u201d cavab\u0131 ver\u0259nl\u0259rd\u0259ndir: \u201cBurda evimiz yoxdur, niy\u0259 qay\u0131tmayaq? Dem\u0259k olar ki, \u00e7oxu qay\u0131tmaq ist\u0259yir. Bu \u015f\u0259raitd\u0259 kim qalmaq ist\u0259y\u0259r ki?! Amma m\u0259nc\u0259, qay\u0131tmaq, \u0259n az\u0131, 3-4, \u0259n \u00e7oxu 5-7 il \u00e7\u0259k\u0259 bil\u0259r. Eybi yox, 27 il d\u00f6zm\u00fc\u015f\u00fck, 5-6 il d\u0259 d\u00f6z\u0259rik\u201d.\n<\/p>\n<figure class=\"wp-block-image size-large\">\n  <img decoding=\"async\" src=\"https:\/\/www.meydan.tv\/az\/tikili-2-jpg\/\" alt=\"tikili 2.jpg\" class=\"wp-image-157014\"\/><figcaption>\n    Evin v\u0259ziyy\u0259ti<br \/>\n  <\/figcaption><\/figure>\n<p>\n  <b><br \/>\n    \u201cBel\u0259 g\u00f6r\u00fcr\u0259m, ora sad\u0259c\u0259 basd\u0131r\u0131lmaq \u00fc\u00e7\u00fcn ged\u0259c\u0259yik&#8230;\u201d<br \/>\n  <\/b>\n<\/p>\n<p>\n  D\u00f6vl\u0259t t\u0259r\u0259find\u0259n m\u0259cburi k\u00f6\u00e7k\u00fcnl\u0259r\u0259 veril\u0259n g\u00fcz\u0259\u015ftl\u0259r, onlar \u00fc\u00e7\u00fcn tikil\u0259n evl\u0259r, yerl\u0259\u015fdirilm\u0259si \u2013 bunlar\u0131n ham\u0131s\u0131 m\u00fcv\u0259qq\u0259ti xarakter da\u015f\u0131y\u0131r v\u0259 onlar\u0131n m\u00fclkiyy\u0259tin\u0259 verilmir. \u0130ndi m\u0259cburi k\u00f6\u00e7k\u00fcnl\u00fcy\u00fcn \u0259sas\u0131n\u0131 t\u0259\u015fkil el\u0259y\u0259n s\u0259b\u0259bl\u0259r aradan qalxd\u0131\u011f\u0131na, y\u0259ni torpaqlar i\u015f\u011faldan azad olundu\u011funa g\u00f6r\u0259, art\u0131q h\u0259min \u015f\u0259xsl\u0259r faktiki olaraq m\u0259cburi k\u00f6\u00e7k\u00fcn deyill\u0259r. \u00c7\u00fcnki ist\u0259dikl\u0259ri vaxt g\u0259ldikl\u0259ri yer\u0259 qay\u0131da bil\u0259rl\u0259r. Lakin h\u00fcquq\u015f\u00fcnas Xalid Ba\u011f\u0131rovun fikrinc\u0259, \u201cist\u0259dikl\u0259ri vaxt\u201d ifad\u0259si qeyri-m\u00fc\u0259yy\u0259ndir, ona g\u00f6r\u0259 ki, onlar h\u0259l\u0259lik qay\u0131da bilmirl\u0259r.\n<\/p>\n<p>\n  \u201cD\u00f6vl\u0259t, o insanlar\u0131n m\u0259cburi k\u00f6\u00e7k\u00fcn statusunu yaln\u0131z b\u00fct\u00fcn probleml\u0259ri aradan qald\u0131randan sonra l\u0259\u011fv ed\u0259 bil\u0259r. O vaxta q\u0259d\u0259r h\u0259min \u015f\u0259xsl\u0259rin m\u0259cburi k\u00f6\u00e7k\u00fcn statusunun l\u0259\u011fvi h\u00fcquqi bax\u0131mdan do\u011fru say\u0131lm\u0131r\u201d, &#8211; Xalid Ba\u011f\u0131rov deyir.\n<\/p>\n<p>\n  Dig\u0259r t\u0259r\u0259fd\u0259n prezidentin \u201cm\u0259cburi k\u00f6\u00e7k\u00fcnl\u0259r \u00fc\u00e7\u00fcn evl\u0259r yaln\u0131z azad olunmu\u015f \u0259razil\u0259rd\u0259 tikil\u0259c\u0259k\u201d ifad\u0259si d\u0259 ayd\u0131nl\u0131q t\u0259l\u0259b edir. H\u00fcquq m\u00fcdafi\u0259\u00e7isi Anar M\u0259mm\u0259dlinin fikrinc\u0259, d\u00f6vl\u0259t bu m\u0259s\u0259l\u0259d\u0259 i\u015ftirak\u00e7\u0131l\u0131q prinsipini \u0259sas g\u00f6t\u00fcrm\u0259lidir v\u0259 m\u0259cburi k\u00f6\u00e7k\u00fcnl\u0259rin ist\u0259kl\u0259ri n\u0259z\u0259r\u0259 al\u0131nmal\u0131d\u0131r.\n<\/p>\n<p>\n  \u201cYax\u015f\u0131 olard\u0131 ki, m\u0259cburi k\u00f6\u00e7k\u00fcnl\u0259rl\u0259 ba\u011fl\u0131 komit\u0259 \u0259v\u0259zin\u0259 reinteqrasiya il\u0259 ba\u011fl\u0131 d\u00f6vl\u0259t komit\u0259si yarad\u0131ls\u0131n, azad olunmu\u015f torpaqlar\u0131n yenid\u0259n qurulmas\u0131 il\u0259 ba\u011fl\u0131 m\u0259s\u0259l\u0259l\u0259r v\u0259t\u0259nda\u015flar\u0131n v\u0259 m\u00fct\u0259x\u0259ssisl\u0259rin i\u015ftirak\u0131 il\u0259 h\u0259ll olunsun. Biz, prosesl\u0259ri, t\u0259sad\u00fcf\u0259n, prezidentin v\u0259 ya hans\u0131sa m\u0259murun a\u00e7\u0131qlamalar\u0131ndan \u00f6yr\u0259nirik. Halbuki h\u0259min yerl\u0259r el\u0259 \u015f\u0259kild\u0259 b\u0259rpa olunmal\u0131d\u0131r ki, insanlar orda ya\u015fama\u011fa h\u0259v\u0259sli olsunlar\u201d, &#8211; \u00f6z\u00fc d\u0259 ke\u00e7mi\u015f m\u0259cburi k\u00f6\u00e7k\u00fcn olan Anar M\u0259mm\u0259dli izah edir. Onun fikrinc\u0259, h\u00f6kum\u0259tin haz\u0131rda atd\u0131\u011f\u0131 add\u0131mlarda planl\u0131 yana\u015fmadan daha \u00e7ox t\u0259l\u0259sk\u0259nlik hiss olunur.\n<\/p>\n<p>\n  H\u0259r\u00e7\u0259nd h\u00f6kum\u0259t, h\u0259l\u0259lik m\u0259cburi k\u00f6\u00e7k\u00fcnl\u0259rin Qaraba\u011fa n\u0259 vaxt qay\u0131dacaqlar\u0131 il\u0259 ba\u011fl\u0131 he\u00e7 n\u0259 demir v\u0259 azad olunmu\u015f torpaqlara getm\u0259m\u0259k bar\u0259d\u0259 t\u00f6vsiy\u0259l\u0259r verm\u0259kl\u0259 kifay\u0259tl\u0259nir. H\u0259l\u0259 ke\u00e7\u0259n ilin noyabr ay\u0131nda Az\u0259rbaycan Respublikas\u0131 \u018frazil\u0259rinin Minalardan T\u0259mizl\u0259nm\u0259si \u00fczr\u0259 Milli Agentliyin (ANAMA) operativ q\u0259rargah\u0131n\u0131n r\u0259isi \u0130dris \u0130smay\u0131lov jurnalistl\u0259r\u0259 bildirmi\u015fdi ki, minal\u0131 sah\u0259l\u0259r h\u0259ddind\u0259n \u00e7ox oldu\u011funa g\u00f6r\u0259, Qaraba\u011fda erm\u0259ni i\u015f\u011fal\u0131ndan azad edilmi\u015f \u0259razil\u0259rin 80%-d\u0259n \u00e7oxu h\u0259l\u0259lik t\u0259hl\u00fck\u0259li hesab olunur. Onun s\u00f6zl\u0259rin\u0259 g\u00f6r\u0259, s\u00f6z\u00fcged\u0259n \u0259razil\u0259rin minalardan tamamil\u0259 t\u0259mizl\u0259nm\u0259si 3-5 il \u00e7\u0259k\u0259c\u0259k.\n<\/p>\n<p>\n  \u201c\u018fg\u0259r n\u00f6vb\u0259ti on il \u0259rzind\u0259 orda ya\u015fay\u0131\u015f \u00fc\u00e7\u00fcn normal \u015f\u0259rait, sosial-iqtisadi m\u00fchit yarad\u0131lmazsa, bu g\u00fcn onlara \u201cburda siz\u0259 m\u0259nzil verilm\u0259y\u0259c\u0259k, toqraqlar\u0131n\u0131za qay\u0131d\u0131n\u201d dem\u0259k do\u011fru yana\u015fma deyil\u201d, &#8211; Anar M\u0259mm\u0259dli bel\u0259 hesab edir.\n<\/p>\n<p>\n  H\u0259l\u0259lik is\u0259 k\u00f6hn\u0259 yataqxanan\u0131n yar\u0131u\u00e7uq, ya\u015famaq \u00fc\u00e7\u00fcn he\u00e7 bir \u015f\u0259raiti olmayan binas\u0131nda ya\u015fayan m\u0259cburi k\u00f6\u00e7k\u00fcn Nail\u0259 Zamanova h\u00f6kum\u0259td\u0259n xahi\u015f edir ki, do\u011fma torpaqlar\u0131na qay\u0131dana q\u0259d\u0259r onlara \u201cki\u00e7ik d\u0259 olsa, bir m\u0259nzil\u201d versin:\n<\/p>\n<p>\n  \u201cBu, n\u0259 q\u0259d\u0259r \u00e7\u0259k\u0259c\u0259k? \u0130ki-\u00fc\u00e7 il? B\u0259lk\u0259 he\u00e7 o g\u00fcnl\u0259ri g\u00f6r\u0259 bilm\u0259y\u0259c\u0259yik, \u00f6l\u00fcb ged\u0259c\u0259yik. Burda \u00e7\u0259kdiyimiz \u0259ziyy\u0259tl\u0259rd\u0259n sonra, bel\u0259 g\u00f6r\u00fcr\u0259m, biz ora ancaq basd\u0131r\u0131lmaq \u00fc\u00e7\u00fcn ged\u0259c\u0259yik&#8230;\u201d\n<\/p>\n<p>\n  R\u0259smi statistikaya g\u00f6r\u0259, qa\u00e7q\u0131n v\u0259 m\u0259cburi k\u00f6\u00e7k\u00fcnl\u0259r Az\u0259rbaycan Respublikas\u0131 \u0259halisinin 1,2 milyonunu, y\u0259ni 12,4%-ni t\u0259\u015fkil<br \/>\n  <a href=\"https:\/\/www.stat.gov.az\/news\/index.php?id=4321\"><br \/>\n    edir.<br \/>\n  <\/a><\/p>\n","protected":false},"excerpt":{"rendered":"<p>R\u0259smi m\u0259lumatlara g\u00f6r\u0259, 90-c\u0131 ill\u0259rd\u0259 ged\u0259n h\u0259rbi \u0259m\u0259liyyatlar zaman\u0131 milyona yax\u0131n az\u0259rbaycanl\u0131 m\u0259cburi k\u00f6\u00e7k\u00fcn\u0259 \u00e7evrilmi\u015fdi<\/p>\n","protected":false},"author":11,"featured_media":157011,"comment_status":"closed","ping_status":"open","sticky":false,"template":"","format":"standard","meta":{"_acf_changed":false,"_sitemap_exclude":false,"_sitemap_priority":"","_sitemap_frequency":"","footnotes":""},"categories":[63],"tags":[],"class_list":["post-205187","post","type-post","status-publish","format-standard","has-post-thumbnail","hentry","category-video-2","infinite-scroll-item","generate-columns","tablet-grid-50","mobile-grid-100","grid-parent","grid-33","no-featured-image-padding"],"acf":[],"yoast_head":"<!-- This site is optimized with the Yoast SEO plugin v27.5 - https:\/\/yoast.com\/product\/yoast-seo-wordpress\/ -->\n<title>Qay\u0131tma\u011fa da, normal ya\u015fama\u011fa da \u00fcmidi olmayanlar: k\u00f6\u00e7k\u00fcnl\u00fcy\u00fc bitm\u0259y\u0259n m\u00fcv\u0259qq\u0259ti k\u00f6\u00e7k\u00fcnl\u0259r - MEYDAN.TV<\/title>\n<meta name=\"robots\" content=\"index, follow, max-snippet:-1, max-image-preview:large, max-video-preview:-1\" \/>\n<link rel=\"canonical\" href=\"https:\/\/www.meydan.tv\/az\/article\/qayitmaga-da-normal-yasamaga-da-umidi-olmayanlar-kockunluyu-bitmeyen-muveqqeti-kockunler\/\" \/>\n<meta property=\"og:locale\" content=\"az_AZ\" \/>\n<meta property=\"og:type\" content=\"article\" \/>\n<meta property=\"og:title\" content=\"Qay\u0131tma\u011fa da, normal ya\u015fama\u011fa da \u00fcmidi olmayanlar: k\u00f6\u00e7k\u00fcnl\u00fcy\u00fc bitm\u0259y\u0259n m\u00fcv\u0259qq\u0259ti k\u00f6\u00e7k\u00fcnl\u0259r - MEYDAN.TV\" \/>\n<meta property=\"og:description\" content=\"R\u0259smi m\u0259lumatlara g\u00f6r\u0259, 90-c\u0131 ill\u0259rd\u0259 ged\u0259n h\u0259rbi \u0259m\u0259liyyatlar zaman\u0131 milyona yax\u0131n az\u0259rbaycanl\u0131 m\u0259cburi k\u00f6\u00e7k\u00fcn\u0259 \u00e7evrilmi\u015fdi\" \/>\n<meta property=\"og:url\" content=\"https:\/\/www.meydan.tv\/az\/article\/qayitmaga-da-normal-yasamaga-da-umidi-olmayanlar-kockunluyu-bitmeyen-muveqqeti-kockunler\/\" \/>\n<meta property=\"og:site_name\" content=\"MEYDAN.TV\" \/>\n<meta property=\"article:published_time\" content=\"2021-03-01T14:59:14+00:00\" \/>\n<meta property=\"og:image\" content=\"https:\/\/www.meydan.tv\/wp-content\/uploads\/aziz4022_1-scaled.jpg\" \/>\n\t<meta property=\"og:image:width\" content=\"2560\" \/>\n\t<meta property=\"og:image:height\" content=\"1647\" \/>\n\t<meta property=\"og:image:type\" content=\"image\/jpeg\" \/>\n<meta name=\"author\" content=\"user-manager\" \/>\n<meta name=\"twitter:card\" content=\"summary_large_image\" \/>\n<script type=\"application\/ld+json\" class=\"yoast-schema-graph\">{\"@context\":\"https:\\\/\\\/schema.org\",\"@graph\":[{\"@type\":\"Article\",\"@id\":\"https:\\\/\\\/www.meydan.tv\\\/az\\\/article\\\/qayitmaga-da-normal-yasamaga-da-umidi-olmayanlar-kockunluyu-bitmeyen-muveqqeti-kockunler\\\/#article\",\"isPartOf\":{\"@id\":\"https:\\\/\\\/www.meydan.tv\\\/az\\\/article\\\/qayitmaga-da-normal-yasamaga-da-umidi-olmayanlar-kockunluyu-bitmeyen-muveqqeti-kockunler\\\/\"},\"author\":{\"name\":\"user-manager\",\"@id\":\"https:\\\/\\\/www.meydan.tv\\\/az\\\/#\\\/schema\\\/person\\\/10d11eccf6da3662cf5fdab9806ea91a\"},\"headline\":\"Qay\u0131tma\u011fa da, normal ya\u015fama\u011fa da \u00fcmidi olmayanlar: k\u00f6\u00e7k\u00fcnl\u00fcy\u00fc bitm\u0259y\u0259n m\u00fcv\u0259qq\u0259ti k\u00f6\u00e7k\u00fcnl\u0259r\",\"datePublished\":\"2021-03-01T14:59:14+00:00\",\"mainEntityOfPage\":{\"@id\":\"https:\\\/\\\/www.meydan.tv\\\/az\\\/article\\\/qayitmaga-da-normal-yasamaga-da-umidi-olmayanlar-kockunluyu-bitmeyen-muveqqeti-kockunler\\\/\"},\"wordCount\":2103,\"publisher\":{\"@id\":\"https:\\\/\\\/www.meydan.tv\\\/az\\\/#organization\"},\"image\":{\"@id\":\"https:\\\/\\\/www.meydan.tv\\\/az\\\/article\\\/qayitmaga-da-normal-yasamaga-da-umidi-olmayanlar-kockunluyu-bitmeyen-muveqqeti-kockunler\\\/#primaryimage\"},\"thumbnailUrl\":\"https:\\\/\\\/www.meydan.tv\\\/wp-content\\\/uploads\\\/aziz4022_1-scaled.jpg\",\"articleSection\":[\"Video\"],\"inLanguage\":\"az\"},{\"@type\":\"WebPage\",\"@id\":\"https:\\\/\\\/www.meydan.tv\\\/az\\\/article\\\/qayitmaga-da-normal-yasamaga-da-umidi-olmayanlar-kockunluyu-bitmeyen-muveqqeti-kockunler\\\/\",\"url\":\"https:\\\/\\\/www.meydan.tv\\\/az\\\/article\\\/qayitmaga-da-normal-yasamaga-da-umidi-olmayanlar-kockunluyu-bitmeyen-muveqqeti-kockunler\\\/\",\"name\":\"Qay\u0131tma\u011fa da, normal ya\u015fama\u011fa da \u00fcmidi olmayanlar: k\u00f6\u00e7k\u00fcnl\u00fcy\u00fc bitm\u0259y\u0259n m\u00fcv\u0259qq\u0259ti k\u00f6\u00e7k\u00fcnl\u0259r - MEYDAN.TV\",\"isPartOf\":{\"@id\":\"https:\\\/\\\/www.meydan.tv\\\/az\\\/#website\"},\"primaryImageOfPage\":{\"@id\":\"https:\\\/\\\/www.meydan.tv\\\/az\\\/article\\\/qayitmaga-da-normal-yasamaga-da-umidi-olmayanlar-kockunluyu-bitmeyen-muveqqeti-kockunler\\\/#primaryimage\"},\"image\":{\"@id\":\"https:\\\/\\\/www.meydan.tv\\\/az\\\/article\\\/qayitmaga-da-normal-yasamaga-da-umidi-olmayanlar-kockunluyu-bitmeyen-muveqqeti-kockunler\\\/#primaryimage\"},\"thumbnailUrl\":\"https:\\\/\\\/www.meydan.tv\\\/wp-content\\\/uploads\\\/aziz4022_1-scaled.jpg\",\"datePublished\":\"2021-03-01T14:59:14+00:00\",\"breadcrumb\":{\"@id\":\"https:\\\/\\\/www.meydan.tv\\\/az\\\/article\\\/qayitmaga-da-normal-yasamaga-da-umidi-olmayanlar-kockunluyu-bitmeyen-muveqqeti-kockunler\\\/#breadcrumb\"},\"inLanguage\":\"az\",\"potentialAction\":[{\"@type\":\"ReadAction\",\"target\":[\"https:\\\/\\\/www.meydan.tv\\\/az\\\/article\\\/qayitmaga-da-normal-yasamaga-da-umidi-olmayanlar-kockunluyu-bitmeyen-muveqqeti-kockunler\\\/\"]}]},{\"@type\":\"ImageObject\",\"inLanguage\":\"az\",\"@id\":\"https:\\\/\\\/www.meydan.tv\\\/az\\\/article\\\/qayitmaga-da-normal-yasamaga-da-umidi-olmayanlar-kockunluyu-bitmeyen-muveqqeti-kockunler\\\/#primaryimage\",\"url\":\"https:\\\/\\\/www.meydan.tv\\\/wp-content\\\/uploads\\\/aziz4022_1-scaled.jpg\",\"contentUrl\":\"https:\\\/\\\/www.meydan.tv\\\/wp-content\\\/uploads\\\/aziz4022_1-scaled.jpg\",\"width\":2560,\"height\":1647,\"caption\":\"Source: \u041c\u0435\u0439\u0434\u0430\u043d \u0422\u0412\"},{\"@type\":\"BreadcrumbList\",\"@id\":\"https:\\\/\\\/www.meydan.tv\\\/az\\\/article\\\/qayitmaga-da-normal-yasamaga-da-umidi-olmayanlar-kockunluyu-bitmeyen-muveqqeti-kockunler\\\/#breadcrumb\",\"itemListElement\":[{\"@type\":\"ListItem\",\"position\":1,\"name\":\"Ana s\u0259hif\u0259\",\"item\":\"https:\\\/\\\/www.meydan.tv\\\/az\\\/\"},{\"@type\":\"ListItem\",\"position\":2,\"name\":\"Video\",\"item\":\"https:\\\/\\\/www.meydan.tv\\\/az\\\/section\\\/video-2\\\/\"},{\"@type\":\"ListItem\",\"position\":3,\"name\":\"Qay\u0131tma\u011fa da, normal ya\u015fama\u011fa da \u00fcmidi olmayanlar: k\u00f6\u00e7k\u00fcnl\u00fcy\u00fc bitm\u0259y\u0259n m\u00fcv\u0259qq\u0259ti k\u00f6\u00e7k\u00fcnl\u0259r\"}]},{\"@type\":\"WebSite\",\"@id\":\"https:\\\/\\\/www.meydan.tv\\\/az\\\/#website\",\"url\":\"https:\\\/\\\/www.meydan.tv\\\/az\\\/\",\"name\":\"MEYDAN.TV\",\"description\":\"Meydan TV Az\u0259rbaycan\u0131n media m\u0259kan\u0131ndak\u0131 alternativ s\u0259sidir\",\"publisher\":{\"@id\":\"https:\\\/\\\/www.meydan.tv\\\/az\\\/#organization\"},\"potentialAction\":[{\"@type\":\"SearchAction\",\"target\":{\"@type\":\"EntryPoint\",\"urlTemplate\":\"https:\\\/\\\/www.meydan.tv\\\/az\\\/?s={search_term_string}\"},\"query-input\":{\"@type\":\"PropertyValueSpecification\",\"valueRequired\":true,\"valueName\":\"search_term_string\"}}],\"inLanguage\":\"az\"},{\"@type\":\"Organization\",\"@id\":\"https:\\\/\\\/www.meydan.tv\\\/az\\\/#organization\",\"name\":\"Meydan TV\",\"url\":\"https:\\\/\\\/www.meydan.tv\\\/az\\\/\",\"logo\":{\"@type\":\"ImageObject\",\"inLanguage\":\"az\",\"@id\":\"https:\\\/\\\/www.meydan.tv\\\/az\\\/#\\\/schema\\\/logo\\\/image\\\/\",\"url\":\"https:\\\/\\\/www.meydan.tv\\\/wp-content\\\/uploads\\\/2021\\\/07\\\/meydan-logo.svg\",\"contentUrl\":\"https:\\\/\\\/www.meydan.tv\\\/wp-content\\\/uploads\\\/2021\\\/07\\\/meydan-logo.svg\",\"width\":195,\"height\":46,\"caption\":\"Meydan TV\"},\"image\":{\"@id\":\"https:\\\/\\\/www.meydan.tv\\\/az\\\/#\\\/schema\\\/logo\\\/image\\\/\"}},{\"@type\":\"Person\",\"@id\":\"https:\\\/\\\/www.meydan.tv\\\/az\\\/#\\\/schema\\\/person\\\/10d11eccf6da3662cf5fdab9806ea91a\",\"name\":\"user-manager\"}]}<\/script>\n<!-- \/ Yoast SEO plugin. -->","yoast_head_json":{"title":"Qay\u0131tma\u011fa da, normal ya\u015fama\u011fa da \u00fcmidi olmayanlar: k\u00f6\u00e7k\u00fcnl\u00fcy\u00fc bitm\u0259y\u0259n m\u00fcv\u0259qq\u0259ti k\u00f6\u00e7k\u00fcnl\u0259r - MEYDAN.TV","robots":{"index":"index","follow":"follow","max-snippet":"max-snippet:-1","max-image-preview":"max-image-preview:large","max-video-preview":"max-video-preview:-1"},"canonical":"https:\/\/www.meydan.tv\/az\/article\/qayitmaga-da-normal-yasamaga-da-umidi-olmayanlar-kockunluyu-bitmeyen-muveqqeti-kockunler\/","og_locale":"az_AZ","og_type":"article","og_title":"Qay\u0131tma\u011fa da, normal ya\u015fama\u011fa da \u00fcmidi olmayanlar: k\u00f6\u00e7k\u00fcnl\u00fcy\u00fc bitm\u0259y\u0259n m\u00fcv\u0259qq\u0259ti k\u00f6\u00e7k\u00fcnl\u0259r - MEYDAN.TV","og_description":"R\u0259smi m\u0259lumatlara g\u00f6r\u0259, 90-c\u0131 ill\u0259rd\u0259 ged\u0259n h\u0259rbi \u0259m\u0259liyyatlar zaman\u0131 milyona yax\u0131n az\u0259rbaycanl\u0131 m\u0259cburi k\u00f6\u00e7k\u00fcn\u0259 \u00e7evrilmi\u015fdi","og_url":"https:\/\/www.meydan.tv\/az\/article\/qayitmaga-da-normal-yasamaga-da-umidi-olmayanlar-kockunluyu-bitmeyen-muveqqeti-kockunler\/","og_site_name":"MEYDAN.TV","article_published_time":"2021-03-01T14:59:14+00:00","og_image":[{"width":2560,"height":1647,"url":"https:\/\/www.meydan.tv\/wp-content\/uploads\/aziz4022_1-scaled.jpg","type":"image\/jpeg"}],"author":"user-manager","twitter_card":"summary_large_image","schema":{"@context":"https:\/\/schema.org","@graph":[{"@type":"Article","@id":"https:\/\/www.meydan.tv\/az\/article\/qayitmaga-da-normal-yasamaga-da-umidi-olmayanlar-kockunluyu-bitmeyen-muveqqeti-kockunler\/#article","isPartOf":{"@id":"https:\/\/www.meydan.tv\/az\/article\/qayitmaga-da-normal-yasamaga-da-umidi-olmayanlar-kockunluyu-bitmeyen-muveqqeti-kockunler\/"},"author":{"name":"user-manager","@id":"https:\/\/www.meydan.tv\/az\/#\/schema\/person\/10d11eccf6da3662cf5fdab9806ea91a"},"headline":"Qay\u0131tma\u011fa da, normal ya\u015fama\u011fa da \u00fcmidi olmayanlar: k\u00f6\u00e7k\u00fcnl\u00fcy\u00fc bitm\u0259y\u0259n m\u00fcv\u0259qq\u0259ti k\u00f6\u00e7k\u00fcnl\u0259r","datePublished":"2021-03-01T14:59:14+00:00","mainEntityOfPage":{"@id":"https:\/\/www.meydan.tv\/az\/article\/qayitmaga-da-normal-yasamaga-da-umidi-olmayanlar-kockunluyu-bitmeyen-muveqqeti-kockunler\/"},"wordCount":2103,"publisher":{"@id":"https:\/\/www.meydan.tv\/az\/#organization"},"image":{"@id":"https:\/\/www.meydan.tv\/az\/article\/qayitmaga-da-normal-yasamaga-da-umidi-olmayanlar-kockunluyu-bitmeyen-muveqqeti-kockunler\/#primaryimage"},"thumbnailUrl":"https:\/\/www.meydan.tv\/wp-content\/uploads\/aziz4022_1-scaled.jpg","articleSection":["Video"],"inLanguage":"az"},{"@type":"WebPage","@id":"https:\/\/www.meydan.tv\/az\/article\/qayitmaga-da-normal-yasamaga-da-umidi-olmayanlar-kockunluyu-bitmeyen-muveqqeti-kockunler\/","url":"https:\/\/www.meydan.tv\/az\/article\/qayitmaga-da-normal-yasamaga-da-umidi-olmayanlar-kockunluyu-bitmeyen-muveqqeti-kockunler\/","name":"Qay\u0131tma\u011fa da, normal ya\u015fama\u011fa da \u00fcmidi olmayanlar: k\u00f6\u00e7k\u00fcnl\u00fcy\u00fc bitm\u0259y\u0259n m\u00fcv\u0259qq\u0259ti k\u00f6\u00e7k\u00fcnl\u0259r - MEYDAN.TV","isPartOf":{"@id":"https:\/\/www.meydan.tv\/az\/#website"},"primaryImageOfPage":{"@id":"https:\/\/www.meydan.tv\/az\/article\/qayitmaga-da-normal-yasamaga-da-umidi-olmayanlar-kockunluyu-bitmeyen-muveqqeti-kockunler\/#primaryimage"},"image":{"@id":"https:\/\/www.meydan.tv\/az\/article\/qayitmaga-da-normal-yasamaga-da-umidi-olmayanlar-kockunluyu-bitmeyen-muveqqeti-kockunler\/#primaryimage"},"thumbnailUrl":"https:\/\/www.meydan.tv\/wp-content\/uploads\/aziz4022_1-scaled.jpg","datePublished":"2021-03-01T14:59:14+00:00","breadcrumb":{"@id":"https:\/\/www.meydan.tv\/az\/article\/qayitmaga-da-normal-yasamaga-da-umidi-olmayanlar-kockunluyu-bitmeyen-muveqqeti-kockunler\/#breadcrumb"},"inLanguage":"az","potentialAction":[{"@type":"ReadAction","target":["https:\/\/www.meydan.tv\/az\/article\/qayitmaga-da-normal-yasamaga-da-umidi-olmayanlar-kockunluyu-bitmeyen-muveqqeti-kockunler\/"]}]},{"@type":"ImageObject","inLanguage":"az","@id":"https:\/\/www.meydan.tv\/az\/article\/qayitmaga-da-normal-yasamaga-da-umidi-olmayanlar-kockunluyu-bitmeyen-muveqqeti-kockunler\/#primaryimage","url":"https:\/\/www.meydan.tv\/wp-content\/uploads\/aziz4022_1-scaled.jpg","contentUrl":"https:\/\/www.meydan.tv\/wp-content\/uploads\/aziz4022_1-scaled.jpg","width":2560,"height":1647,"caption":"Source: \u041c\u0435\u0439\u0434\u0430\u043d \u0422\u0412"},{"@type":"BreadcrumbList","@id":"https:\/\/www.meydan.tv\/az\/article\/qayitmaga-da-normal-yasamaga-da-umidi-olmayanlar-kockunluyu-bitmeyen-muveqqeti-kockunler\/#breadcrumb","itemListElement":[{"@type":"ListItem","position":1,"name":"Ana s\u0259hif\u0259","item":"https:\/\/www.meydan.tv\/az\/"},{"@type":"ListItem","position":2,"name":"Video","item":"https:\/\/www.meydan.tv\/az\/section\/video-2\/"},{"@type":"ListItem","position":3,"name":"Qay\u0131tma\u011fa da, normal ya\u015fama\u011fa da \u00fcmidi olmayanlar: k\u00f6\u00e7k\u00fcnl\u00fcy\u00fc bitm\u0259y\u0259n m\u00fcv\u0259qq\u0259ti k\u00f6\u00e7k\u00fcnl\u0259r"}]},{"@type":"WebSite","@id":"https:\/\/www.meydan.tv\/az\/#website","url":"https:\/\/www.meydan.tv\/az\/","name":"MEYDAN.TV","description":"Meydan TV Az\u0259rbaycan\u0131n media m\u0259kan\u0131ndak\u0131 alternativ s\u0259sidir","publisher":{"@id":"https:\/\/www.meydan.tv\/az\/#organization"},"potentialAction":[{"@type":"SearchAction","target":{"@type":"EntryPoint","urlTemplate":"https:\/\/www.meydan.tv\/az\/?s={search_term_string}"},"query-input":{"@type":"PropertyValueSpecification","valueRequired":true,"valueName":"search_term_string"}}],"inLanguage":"az"},{"@type":"Organization","@id":"https:\/\/www.meydan.tv\/az\/#organization","name":"Meydan TV","url":"https:\/\/www.meydan.tv\/az\/","logo":{"@type":"ImageObject","inLanguage":"az","@id":"https:\/\/www.meydan.tv\/az\/#\/schema\/logo\/image\/","url":"https:\/\/www.meydan.tv\/wp-content\/uploads\/2021\/07\/meydan-logo.svg","contentUrl":"https:\/\/www.meydan.tv\/wp-content\/uploads\/2021\/07\/meydan-logo.svg","width":195,"height":46,"caption":"Meydan TV"},"image":{"@id":"https:\/\/www.meydan.tv\/az\/#\/schema\/logo\/image\/"}},{"@type":"Person","@id":"https:\/\/www.meydan.tv\/az\/#\/schema\/person\/10d11eccf6da3662cf5fdab9806ea91a","name":"user-manager"}]}},"_links":{"self":[{"href":"https:\/\/www.meydan.tv\/az\/wp-json\/wp\/v2\/posts\/205187","targetHints":{"allow":["GET"]}}],"collection":[{"href":"https:\/\/www.meydan.tv\/az\/wp-json\/wp\/v2\/posts"}],"about":[{"href":"https:\/\/www.meydan.tv\/az\/wp-json\/wp\/v2\/types\/post"}],"author":[{"embeddable":true,"href":"https:\/\/www.meydan.tv\/az\/wp-json\/wp\/v2\/users\/11"}],"replies":[{"embeddable":true,"href":"https:\/\/www.meydan.tv\/az\/wp-json\/wp\/v2\/comments?post=205187"}],"version-history":[{"count":0,"href":"https:\/\/www.meydan.tv\/az\/wp-json\/wp\/v2\/posts\/205187\/revisions"}],"wp:featuredmedia":[{"embeddable":true,"href":"https:\/\/www.meydan.tv\/az\/wp-json\/wp\/v2\/media\/157011"}],"wp:attachment":[{"href":"https:\/\/www.meydan.tv\/az\/wp-json\/wp\/v2\/media?parent=205187"}],"wp:term":[{"taxonomy":"category","embeddable":true,"href":"https:\/\/www.meydan.tv\/az\/wp-json\/wp\/v2\/categories?post=205187"},{"taxonomy":"post_tag","embeddable":true,"href":"https:\/\/www.meydan.tv\/az\/wp-json\/wp\/v2\/tags?post=205187"}],"curies":[{"name":"wp","href":"https:\/\/api.w.org\/{rel}","templated":true}]}}