{"id":205183,"date":"2021-03-01T14:39:58","date_gmt":"2021-03-01T14:39:58","guid":{"rendered":"https:\/\/www.meydan.tv\/article\/neftcala-sakini-polis-2-min-manat-rusvet-alib-meni-serbest-buraxdi\/"},"modified":"2021-03-01T14:39:58","modified_gmt":"2021-03-01T14:39:58","slug":"neftcala-sakini-polis-2-min-manat-rusvet-alib-meni-serbest-buraxdi","status":"publish","type":"post","link":"https:\/\/www.meydan.tv\/az\/article\/neftcala-sakini-polis-2-min-manat-rusvet-alib-meni-serbest-buraxdi\/","title":{"rendered":"Naftalan sakini: Polis 2 min manat r\u00fc\u015fv\u0259t al\u0131b, m\u0259ni s\u0259rb\u0259st buraxd\u0131 (yenil\u0259nib)"},"content":{"rendered":"<p>\n  <i><br \/>\n    \u201cNaftalan sakinind\u0259n polisin r\u00fc\u015fv\u0259t almas\u0131 il\u0259 ba\u011fl\u0131 yay\u0131lan iddialar tam v\u0259 h\u0259rt\u0259r\u0259fli ara\u015fd\u0131r\u0131l\u0131b\u201d.<br \/>\n  <\/i>\n<\/p>\n<p>\n  <i><br \/>\n    Bu s\u00f6zl\u0259ri D\u0130N M\u0259tbuat Xidm\u0259tinin K\u0130V v\u0259 ictimaiyy\u0259tl\u0259 \u0259laq\u0259l\u0259r \u015f\u00f6b\u0259sinin r\u0259isi, polis mayoru El\u015fad Hac\u0131yev deyib. O, Meydan TV-y\u0259 bildirib ki, B\u0259hruz M\u0259mm\u0259dovun rayon polisind\u0259n \u015fikay\u0259ti \u00fc\u00e7\u00fcn he\u00e7 bir h\u00fcquqi \u0259sas yoxdur:<br \/>\n  <\/i>\n<\/p>\n<p>\n  <i><br \/>\n    \u201cRayonda yerl\u0259\u015f\u0259n sanatoriyalar\u0131n\u0131n birind\u0259 \u0259m\u0259k haqq\u0131n\u0131 ala bilm\u0259diyi \u00fc\u00e7\u00fcn m\u00fcbahis\u0259 ed\u0259r\u0259k dig\u0259r \u015f\u0259xsin sa\u011flaml\u0131\u011f\u0131na b\u0131\u00e7aqla x\u0259sar\u0259t yetirilm\u0259si il\u0259 ba\u011fl\u0131 2,5 il \u0259vv\u0259l bar\u0259sind\u0259 ba\u015flayan cinay\u0259t i\u015fin\u0259 t\u0259r\u0259fl\u0259rin bar\u0131\u015f\u0131\u011f\u0131ndan sonra Cinay\u0259t Prosessual M\u0259c\u0259ll\u0259sin\u0259 uy\u011fun olaraq xitam verilib.<br \/>\n  <\/i>\n<\/p>\n<p>\n  <i><br \/>\n    \u00dcz\u0259rind\u0259n bu q\u0259d\u0259r m\u00fcdd\u0259t ke\u00e7dikd\u0259n sonra yenid\u0259n bu m\u0259s\u0259l\u0259 il\u0259 ba\u011fl\u0131 dan\u0131\u015fan \u015f\u0259xsin iddialar\u0131 anla\u015f\u0131lm\u0131r\u201d.<br \/>\n  <\/i>\n<\/p>\n<p>\n  ***\n<\/p>\n<p>\n  <i><br \/>\n    \u201cPolis v\u0259t\u0259nda\u015f\u0131 qorumal\u0131d\u0131r, ancaq bizd\u0259 \u0259ksin\u0259dir\u201d<br \/>\n  <\/i>\n<\/p>\n<p>\n  Naftalan sakini B\u0259hruz M\u0259mm\u0259dov rayon polisind\u0259n \u015fikay\u0259t\u00e7idir. Deyir, Naftalan sanatoriyalar\u0131n\u0131n birind\u0259 i\u015fl\u0259yib, ancaq pulunu ala bilm\u0259yib. Buna g\u00f6r\u0259 m\u00fcbahis\u0259si d\u00fc\u015f\u00fcb v\u0259 h\u0259bs edilib. Onun s\u00f6zl\u0259rin\u0259 g\u00f6r\u0259, polis h\u0259bs olundu\u011fu m\u00fcdd\u0259td\u0259 atas\u0131ndan 2 min manat alaraq onu s\u0259rb\u0259st burax\u0131b:\n<\/p>\n<p>\n  \u201c800 manatdan \u00e7ox alaca\u011f\u0131m var idi. Bu, m\u0259nim ail\u0259min az\u0131 2 ayl\u0131q x\u0259rcliyidir. M\u0259ni aylarla get-g\u0259l\u0259 sald\u0131lar. Ax\u0131rda getdim ki, b\u0259s verin pulumu, ehtiyac\u0131m var. Bu d\u0259f\u0259 d\u0259 verm\u0259y\u0259nd\u0259 dava etdim. Sanatoriya \u0259m\u0259kda\u015flar\u0131ndan bir n\u0259f\u0259rl\u0259 dala\u015fd\u0131m v\u0259 polis\u0259 d\u00fc\u015fd\u00fcm. Bu zaman m\u0259ni azad etm\u0259k \u00fc\u00e7\u00fcn polis atamdan r\u00fc\u015fv\u0259t al\u0131b\u201d.\n<\/p>\n<p>\n  B\u0259hruz M\u0259mm\u0259dov deyir ki, alaca\u011f\u0131 tam olaraq 871 manat olub. Verilm\u0259y\u0259nd\u0259 ilk olaraq polis\u0259 \u015fikay\u0259t edib. Ancaq \u015fikay\u0259ti ara\u015fd\u0131r\u0131lmay\u0131b:\n<\/p>\n<p>\n  \u201c\u015eikay\u0259ti ara\u015fd\u0131rm\u0131rlarsa, m\u0259n n\u0259 etm\u0259liy\u0259m? Bu o dem\u0259kdir ki, \u00f6z problemimi \u00f6z\u00fcm h\u0259ll etm\u0259k m\u0259cburiyy\u0259tind\u0259 qal\u0131ram. N\u0259tic\u0259d\u0259, dala\u015fd\u0131m v\u0259 bu zaman \u015fikay\u0259ti ara\u015fd\u0131rmayan polis m\u0259ni an\u0131nda h\u0259bs etdi. H\u0259bsd\u0259n sonra atama t\u0259zyiq edibl\u0259r ki, pul g\u0259tir, buraxaq. Yoxsa h\u0259bs c\u0259zas\u0131 d\u00fc\u015f\u00fcr. Yaz\u0131q atam da qorxusundan 2 min manat kredit g\u00f6t\u00fcr\u00fcb. G\u0259tirib ver\u0259nd\u0259n sonra m\u0259ni burax\u0131blar. \u0130ndi atam az qala bunu m\u0259n\u0259 h\u0259r g\u00fcn deyir, ba\u015f\u0131ma vurur ki, s\u0259n\u0259 g\u00f6r\u0259 filan q\u0259d\u0259r pul vermi\u015f\u0259m. Bu t\u0259n\u0259l\u0259ri e\u015fitm\u0259kd\u0259ns\u0259, davaya g\u00f6r\u0259 bir ne\u00e7\u0259 sutka h\u0259bs d\u00fc\u015f\u00fcrd\u00fc, yat\u0131b \u00e7\u0131xard\u0131m\u201d.\n<\/p>\n<p>\n  B\u0259hruz M\u0259mm\u0259dov deyir ki, h\u0259bsd\u0259 oldu\u011fu m\u00fcdd\u0259t atas\u0131ndan pul ist\u0259ndiyini, onun kredit g\u00f6t\u00fcrd\u00fcy\u00fcn\u00fc bilm\u0259yib, bils\u0259ydi, imkan verm\u0259zmi\u015f:\n<\/p>\n<p>\n  \u201c871 manata g\u00f6r\u0259 dala\u015fd\u0131m, 2 min manatl\u0131q kredit\u0259 d\u00fc\u015fd\u00fcm. Dem\u0259yim odur ki, polis v\u0259t\u0259nda\u015f\u0131 qorumal\u0131d\u0131r, ancaq bizd\u0259 \u0259ksin\u0259dir, v\u0259t\u0259nda\u015fdan pul qopar\u0131r, onu t\u0259hdid edir, durdu\u011fu yerd\u0259 d\u00fc\u015fm\u0259n k\u0259silir v\u0259 s\u201d.\n<\/p>\n<p>\n  B\u0259hruz M\u0259mm\u0259dov deyir ki, Qaraba\u011f qazisidir, ail\u0259si geni\u015fdir v\u0259 onlara baxmaq m\u0259cburiyy\u0259tind\u0259dir:\n<\/p>\n<p>\n  \u201cBir t\u0259s\u0259vv\u00fcr edin d\u0259, 2 min manat\u0131n yar\u0131s\u0131ndan da az bir m\u0259bl\u0259\u011f\u0259 g\u00f6r\u0259 m\u0259n f\u0259hl\u0259lik edir\u0259m, eyni zamanda, h\u0259min pula g\u00f6r\u0259 dala\u015f\u0131ram. \u0130ndi m\u0259n, yaxud t\u0259qa\u00fcd\u00e7\u00fc atam o q\u0259d\u0259r krediti nec\u0259 qaytarmal\u0131y\u0131q? D\u00f6vl\u0259t buna bir t\u0259dbir g\u00f6rm\u0259lidir. Polis v\u0259t\u0259nda\u015fdan niy\u0259 r\u00fc\u015fv\u0259t almal\u0131d\u0131r? Bununla ba\u011fl\u0131 b\u00fct\u00fcn aidiyyat\u0131 qurumlara yazm\u0131\u015fam. Bu d\u0259f\u0259 d\u0259 mediaya dan\u0131\u015f\u0131ram. B\u0259lk\u0259 bundan sonra bir t\u0259dbir g\u00f6r\u00fcl\u0259r\u201d.\n<\/p>\n<p>\n  Naftalan \u015e\u0259h\u0259r Polis \u015e\u00f6b\u0259sind\u0259n Meydan TV-y\u0259 bildirilib ki, h\u0259r hans\u0131 r\u00fc\u015fv\u0259t almaqdan s\u00f6hb\u0259t ged\u0259 bilm\u0259z. Polis r\u00fc\u015fv\u0259tl\u0259 h\u0259bsd\u0259n adam \u00e7\u0131xarm\u0131r.\n<\/p>\n<p>\n  \u201cSiz deyirsiniz, amma biz he\u00e7 o adda adam tan\u0131m\u0131r\u0131q. Bir insan \u0259g\u0259r x\u0259ta t\u00f6r\u0259dibs\u0259, c\u0259zas\u0131n\u0131 al\u0131r. H\u0259r hans\u0131 ba\u015fqa m\u0259s\u0259l\u0259d\u0259n s\u00f6hb\u0259t ged\u0259 bilm\u0259z. Eyni zamanda, art\u0131q n\u0259s\u0259 m\u0259lumat verm\u0259k s\u0259lahiyy\u0259tim d\u0259 yoxdur. T\u0259kc\u0259 onu dey\u0259 bil\u0259r\u0259m ki, bel\u0259 bir hal\u0131n olmas\u0131 m\u00fcmk\u00fcn deyil\u201d, &#8211; \u015f\u00f6b\u0259nin n\u00f6vb\u0259t\u00e7i hiss\u0259sind\u0259n bildirilib.<\/p>\n","protected":false},"excerpt":{"rendered":"<p>\u201cPolis v\u0259t\u0259nda\u015f\u0131 qorumal\u0131d\u0131r, ancaq bizd\u0259 \u0259ksin\u0259dir\u201d<\/p>\n","protected":false},"author":11,"featured_media":156366,"comment_status":"closed","ping_status":"open","sticky":false,"template":"","format":"standard","meta":{"_acf_changed":false,"_sitemap_exclude":false,"_sitemap_priority":"","_sitemap_frequency":"","footnotes":""},"categories":[60],"tags":[],"class_list":["post-205183","post","type-post","status-publish","format-standard","has-post-thumbnail","hentry","category-bolge","infinite-scroll-item","generate-columns","tablet-grid-50","mobile-grid-100","grid-parent","grid-33","no-featured-image-padding"],"acf":[],"yoast_head":"<!-- This site is optimized with the Yoast SEO plugin v27.5 - https:\/\/yoast.com\/product\/yoast-seo-wordpress\/ -->\n<title>Naftalan sakini: Polis 2 min manat r\u00fc\u015fv\u0259t al\u0131b, m\u0259ni s\u0259rb\u0259st buraxd\u0131 (yenil\u0259nib) - MEYDAN.TV<\/title>\n<meta name=\"robots\" content=\"index, follow, max-snippet:-1, max-image-preview:large, max-video-preview:-1\" \/>\n<link rel=\"canonical\" href=\"https:\/\/www.meydan.tv\/az\/article\/neftcala-sakini-polis-2-min-manat-rusvet-alib-meni-serbest-buraxdi\/\" \/>\n<meta property=\"og:locale\" content=\"az_AZ\" \/>\n<meta property=\"og:type\" content=\"article\" \/>\n<meta property=\"og:title\" content=\"Naftalan sakini: Polis 2 min manat r\u00fc\u015fv\u0259t al\u0131b, m\u0259ni s\u0259rb\u0259st buraxd\u0131 (yenil\u0259nib) - MEYDAN.TV\" \/>\n<meta property=\"og:description\" content=\"\u201cPolis v\u0259t\u0259nda\u015f\u0131 qorumal\u0131d\u0131r, ancaq bizd\u0259 \u0259ksin\u0259dir\u201d\" \/>\n<meta property=\"og:url\" content=\"https:\/\/www.meydan.tv\/az\/article\/neftcala-sakini-polis-2-min-manat-rusvet-alib-meni-serbest-buraxdi\/\" \/>\n<meta property=\"og:site_name\" content=\"MEYDAN.TV\" \/>\n<meta property=\"article:published_time\" content=\"2021-03-01T14:39:58+00:00\" \/>\n<meta property=\"og:image\" content=\"https:\/\/www.meydan.tv\/wp-content\/uploads\/img_2546-scaled.jpg\" \/>\n\t<meta property=\"og:image:width\" content=\"2560\" \/>\n\t<meta property=\"og:image:height\" content=\"1920\" \/>\n\t<meta property=\"og:image:type\" content=\"image\/jpeg\" \/>\n<meta name=\"author\" content=\"user-manager\" \/>\n<meta name=\"twitter:card\" content=\"summary_large_image\" \/>\n<script type=\"application\/ld+json\" class=\"yoast-schema-graph\">{\"@context\":\"https:\\\/\\\/schema.org\",\"@graph\":[{\"@type\":\"Article\",\"@id\":\"https:\\\/\\\/www.meydan.tv\\\/az\\\/article\\\/neftcala-sakini-polis-2-min-manat-rusvet-alib-meni-serbest-buraxdi\\\/#article\",\"isPartOf\":{\"@id\":\"https:\\\/\\\/www.meydan.tv\\\/az\\\/article\\\/neftcala-sakini-polis-2-min-manat-rusvet-alib-meni-serbest-buraxdi\\\/\"},\"author\":{\"name\":\"user-manager\",\"@id\":\"https:\\\/\\\/www.meydan.tv\\\/az\\\/#\\\/schema\\\/person\\\/10d11eccf6da3662cf5fdab9806ea91a\"},\"headline\":\"Naftalan sakini: Polis 2 min manat r\u00fc\u015fv\u0259t al\u0131b, m\u0259ni s\u0259rb\u0259st buraxd\u0131 (yenil\u0259nib)\",\"datePublished\":\"2021-03-01T14:39:58+00:00\",\"mainEntityOfPage\":{\"@id\":\"https:\\\/\\\/www.meydan.tv\\\/az\\\/article\\\/neftcala-sakini-polis-2-min-manat-rusvet-alib-meni-serbest-buraxdi\\\/\"},\"wordCount\":838,\"publisher\":{\"@id\":\"https:\\\/\\\/www.meydan.tv\\\/az\\\/#organization\"},\"image\":{\"@id\":\"https:\\\/\\\/www.meydan.tv\\\/az\\\/article\\\/neftcala-sakini-polis-2-min-manat-rusvet-alib-meni-serbest-buraxdi\\\/#primaryimage\"},\"thumbnailUrl\":\"https:\\\/\\\/www.meydan.tv\\\/wp-content\\\/uploads\\\/img_2546-scaled.jpg\",\"articleSection\":[\"B\u00f6lg\u0259\"],\"inLanguage\":\"az\"},{\"@type\":\"WebPage\",\"@id\":\"https:\\\/\\\/www.meydan.tv\\\/az\\\/article\\\/neftcala-sakini-polis-2-min-manat-rusvet-alib-meni-serbest-buraxdi\\\/\",\"url\":\"https:\\\/\\\/www.meydan.tv\\\/az\\\/article\\\/neftcala-sakini-polis-2-min-manat-rusvet-alib-meni-serbest-buraxdi\\\/\",\"name\":\"Naftalan sakini: Polis 2 min manat r\u00fc\u015fv\u0259t al\u0131b, m\u0259ni s\u0259rb\u0259st buraxd\u0131 (yenil\u0259nib) - MEYDAN.TV\",\"isPartOf\":{\"@id\":\"https:\\\/\\\/www.meydan.tv\\\/az\\\/#website\"},\"primaryImageOfPage\":{\"@id\":\"https:\\\/\\\/www.meydan.tv\\\/az\\\/article\\\/neftcala-sakini-polis-2-min-manat-rusvet-alib-meni-serbest-buraxdi\\\/#primaryimage\"},\"image\":{\"@id\":\"https:\\\/\\\/www.meydan.tv\\\/az\\\/article\\\/neftcala-sakini-polis-2-min-manat-rusvet-alib-meni-serbest-buraxdi\\\/#primaryimage\"},\"thumbnailUrl\":\"https:\\\/\\\/www.meydan.tv\\\/wp-content\\\/uploads\\\/img_2546-scaled.jpg\",\"datePublished\":\"2021-03-01T14:39:58+00:00\",\"breadcrumb\":{\"@id\":\"https:\\\/\\\/www.meydan.tv\\\/az\\\/article\\\/neftcala-sakini-polis-2-min-manat-rusvet-alib-meni-serbest-buraxdi\\\/#breadcrumb\"},\"inLanguage\":\"az\",\"potentialAction\":[{\"@type\":\"ReadAction\",\"target\":[\"https:\\\/\\\/www.meydan.tv\\\/az\\\/article\\\/neftcala-sakini-polis-2-min-manat-rusvet-alib-meni-serbest-buraxdi\\\/\"]}]},{\"@type\":\"ImageObject\",\"inLanguage\":\"az\",\"@id\":\"https:\\\/\\\/www.meydan.tv\\\/az\\\/article\\\/neftcala-sakini-polis-2-min-manat-rusvet-alib-meni-serbest-buraxdi\\\/#primaryimage\",\"url\":\"https:\\\/\\\/www.meydan.tv\\\/wp-content\\\/uploads\\\/img_2546-scaled.jpg\",\"contentUrl\":\"https:\\\/\\\/www.meydan.tv\\\/wp-content\\\/uploads\\\/img_2546-scaled.jpg\",\"width\":2560,\"height\":1920,\"caption\":\"Source: Meydan Tv\"},{\"@type\":\"BreadcrumbList\",\"@id\":\"https:\\\/\\\/www.meydan.tv\\\/az\\\/article\\\/neftcala-sakini-polis-2-min-manat-rusvet-alib-meni-serbest-buraxdi\\\/#breadcrumb\",\"itemListElement\":[{\"@type\":\"ListItem\",\"position\":1,\"name\":\"Ana s\u0259hif\u0259\",\"item\":\"https:\\\/\\\/www.meydan.tv\\\/az\\\/\"},{\"@type\":\"ListItem\",\"position\":2,\"name\":\"B\u00f6lg\u0259\",\"item\":\"https:\\\/\\\/www.meydan.tv\\\/az\\\/section\\\/bolge\\\/\"},{\"@type\":\"ListItem\",\"position\":3,\"name\":\"Naftalan sakini: Polis 2 min manat r\u00fc\u015fv\u0259t al\u0131b, m\u0259ni s\u0259rb\u0259st buraxd\u0131 (yenil\u0259nib)\"}]},{\"@type\":\"WebSite\",\"@id\":\"https:\\\/\\\/www.meydan.tv\\\/az\\\/#website\",\"url\":\"https:\\\/\\\/www.meydan.tv\\\/az\\\/\",\"name\":\"MEYDAN.TV\",\"description\":\"Meydan TV Az\u0259rbaycan\u0131n media m\u0259kan\u0131ndak\u0131 alternativ s\u0259sidir\",\"publisher\":{\"@id\":\"https:\\\/\\\/www.meydan.tv\\\/az\\\/#organization\"},\"potentialAction\":[{\"@type\":\"SearchAction\",\"target\":{\"@type\":\"EntryPoint\",\"urlTemplate\":\"https:\\\/\\\/www.meydan.tv\\\/az\\\/?s={search_term_string}\"},\"query-input\":{\"@type\":\"PropertyValueSpecification\",\"valueRequired\":true,\"valueName\":\"search_term_string\"}}],\"inLanguage\":\"az\"},{\"@type\":\"Organization\",\"@id\":\"https:\\\/\\\/www.meydan.tv\\\/az\\\/#organization\",\"name\":\"Meydan TV\",\"url\":\"https:\\\/\\\/www.meydan.tv\\\/az\\\/\",\"logo\":{\"@type\":\"ImageObject\",\"inLanguage\":\"az\",\"@id\":\"https:\\\/\\\/www.meydan.tv\\\/az\\\/#\\\/schema\\\/logo\\\/image\\\/\",\"url\":\"https:\\\/\\\/www.meydan.tv\\\/wp-content\\\/uploads\\\/2021\\\/07\\\/meydan-logo.svg\",\"contentUrl\":\"https:\\\/\\\/www.meydan.tv\\\/wp-content\\\/uploads\\\/2021\\\/07\\\/meydan-logo.svg\",\"width\":195,\"height\":46,\"caption\":\"Meydan TV\"},\"image\":{\"@id\":\"https:\\\/\\\/www.meydan.tv\\\/az\\\/#\\\/schema\\\/logo\\\/image\\\/\"}},{\"@type\":\"Person\",\"@id\":\"https:\\\/\\\/www.meydan.tv\\\/az\\\/#\\\/schema\\\/person\\\/10d11eccf6da3662cf5fdab9806ea91a\",\"name\":\"user-manager\"}]}<\/script>\n<!-- \/ Yoast SEO plugin. -->","yoast_head_json":{"title":"Naftalan sakini: Polis 2 min manat r\u00fc\u015fv\u0259t al\u0131b, m\u0259ni s\u0259rb\u0259st buraxd\u0131 (yenil\u0259nib) - MEYDAN.TV","robots":{"index":"index","follow":"follow","max-snippet":"max-snippet:-1","max-image-preview":"max-image-preview:large","max-video-preview":"max-video-preview:-1"},"canonical":"https:\/\/www.meydan.tv\/az\/article\/neftcala-sakini-polis-2-min-manat-rusvet-alib-meni-serbest-buraxdi\/","og_locale":"az_AZ","og_type":"article","og_title":"Naftalan sakini: Polis 2 min manat r\u00fc\u015fv\u0259t al\u0131b, m\u0259ni s\u0259rb\u0259st buraxd\u0131 (yenil\u0259nib) - MEYDAN.TV","og_description":"\u201cPolis v\u0259t\u0259nda\u015f\u0131 qorumal\u0131d\u0131r, ancaq bizd\u0259 \u0259ksin\u0259dir\u201d","og_url":"https:\/\/www.meydan.tv\/az\/article\/neftcala-sakini-polis-2-min-manat-rusvet-alib-meni-serbest-buraxdi\/","og_site_name":"MEYDAN.TV","article_published_time":"2021-03-01T14:39:58+00:00","og_image":[{"width":2560,"height":1920,"url":"https:\/\/www.meydan.tv\/wp-content\/uploads\/img_2546-scaled.jpg","type":"image\/jpeg"}],"author":"user-manager","twitter_card":"summary_large_image","schema":{"@context":"https:\/\/schema.org","@graph":[{"@type":"Article","@id":"https:\/\/www.meydan.tv\/az\/article\/neftcala-sakini-polis-2-min-manat-rusvet-alib-meni-serbest-buraxdi\/#article","isPartOf":{"@id":"https:\/\/www.meydan.tv\/az\/article\/neftcala-sakini-polis-2-min-manat-rusvet-alib-meni-serbest-buraxdi\/"},"author":{"name":"user-manager","@id":"https:\/\/www.meydan.tv\/az\/#\/schema\/person\/10d11eccf6da3662cf5fdab9806ea91a"},"headline":"Naftalan sakini: Polis 2 min manat r\u00fc\u015fv\u0259t al\u0131b, m\u0259ni s\u0259rb\u0259st buraxd\u0131 (yenil\u0259nib)","datePublished":"2021-03-01T14:39:58+00:00","mainEntityOfPage":{"@id":"https:\/\/www.meydan.tv\/az\/article\/neftcala-sakini-polis-2-min-manat-rusvet-alib-meni-serbest-buraxdi\/"},"wordCount":838,"publisher":{"@id":"https:\/\/www.meydan.tv\/az\/#organization"},"image":{"@id":"https:\/\/www.meydan.tv\/az\/article\/neftcala-sakini-polis-2-min-manat-rusvet-alib-meni-serbest-buraxdi\/#primaryimage"},"thumbnailUrl":"https:\/\/www.meydan.tv\/wp-content\/uploads\/img_2546-scaled.jpg","articleSection":["B\u00f6lg\u0259"],"inLanguage":"az"},{"@type":"WebPage","@id":"https:\/\/www.meydan.tv\/az\/article\/neftcala-sakini-polis-2-min-manat-rusvet-alib-meni-serbest-buraxdi\/","url":"https:\/\/www.meydan.tv\/az\/article\/neftcala-sakini-polis-2-min-manat-rusvet-alib-meni-serbest-buraxdi\/","name":"Naftalan sakini: Polis 2 min manat r\u00fc\u015fv\u0259t al\u0131b, m\u0259ni s\u0259rb\u0259st buraxd\u0131 (yenil\u0259nib) - MEYDAN.TV","isPartOf":{"@id":"https:\/\/www.meydan.tv\/az\/#website"},"primaryImageOfPage":{"@id":"https:\/\/www.meydan.tv\/az\/article\/neftcala-sakini-polis-2-min-manat-rusvet-alib-meni-serbest-buraxdi\/#primaryimage"},"image":{"@id":"https:\/\/www.meydan.tv\/az\/article\/neftcala-sakini-polis-2-min-manat-rusvet-alib-meni-serbest-buraxdi\/#primaryimage"},"thumbnailUrl":"https:\/\/www.meydan.tv\/wp-content\/uploads\/img_2546-scaled.jpg","datePublished":"2021-03-01T14:39:58+00:00","breadcrumb":{"@id":"https:\/\/www.meydan.tv\/az\/article\/neftcala-sakini-polis-2-min-manat-rusvet-alib-meni-serbest-buraxdi\/#breadcrumb"},"inLanguage":"az","potentialAction":[{"@type":"ReadAction","target":["https:\/\/www.meydan.tv\/az\/article\/neftcala-sakini-polis-2-min-manat-rusvet-alib-meni-serbest-buraxdi\/"]}]},{"@type":"ImageObject","inLanguage":"az","@id":"https:\/\/www.meydan.tv\/az\/article\/neftcala-sakini-polis-2-min-manat-rusvet-alib-meni-serbest-buraxdi\/#primaryimage","url":"https:\/\/www.meydan.tv\/wp-content\/uploads\/img_2546-scaled.jpg","contentUrl":"https:\/\/www.meydan.tv\/wp-content\/uploads\/img_2546-scaled.jpg","width":2560,"height":1920,"caption":"Source: Meydan Tv"},{"@type":"BreadcrumbList","@id":"https:\/\/www.meydan.tv\/az\/article\/neftcala-sakini-polis-2-min-manat-rusvet-alib-meni-serbest-buraxdi\/#breadcrumb","itemListElement":[{"@type":"ListItem","position":1,"name":"Ana s\u0259hif\u0259","item":"https:\/\/www.meydan.tv\/az\/"},{"@type":"ListItem","position":2,"name":"B\u00f6lg\u0259","item":"https:\/\/www.meydan.tv\/az\/section\/bolge\/"},{"@type":"ListItem","position":3,"name":"Naftalan sakini: Polis 2 min manat r\u00fc\u015fv\u0259t al\u0131b, m\u0259ni s\u0259rb\u0259st buraxd\u0131 (yenil\u0259nib)"}]},{"@type":"WebSite","@id":"https:\/\/www.meydan.tv\/az\/#website","url":"https:\/\/www.meydan.tv\/az\/","name":"MEYDAN.TV","description":"Meydan TV Az\u0259rbaycan\u0131n media m\u0259kan\u0131ndak\u0131 alternativ s\u0259sidir","publisher":{"@id":"https:\/\/www.meydan.tv\/az\/#organization"},"potentialAction":[{"@type":"SearchAction","target":{"@type":"EntryPoint","urlTemplate":"https:\/\/www.meydan.tv\/az\/?s={search_term_string}"},"query-input":{"@type":"PropertyValueSpecification","valueRequired":true,"valueName":"search_term_string"}}],"inLanguage":"az"},{"@type":"Organization","@id":"https:\/\/www.meydan.tv\/az\/#organization","name":"Meydan TV","url":"https:\/\/www.meydan.tv\/az\/","logo":{"@type":"ImageObject","inLanguage":"az","@id":"https:\/\/www.meydan.tv\/az\/#\/schema\/logo\/image\/","url":"https:\/\/www.meydan.tv\/wp-content\/uploads\/2021\/07\/meydan-logo.svg","contentUrl":"https:\/\/www.meydan.tv\/wp-content\/uploads\/2021\/07\/meydan-logo.svg","width":195,"height":46,"caption":"Meydan TV"},"image":{"@id":"https:\/\/www.meydan.tv\/az\/#\/schema\/logo\/image\/"}},{"@type":"Person","@id":"https:\/\/www.meydan.tv\/az\/#\/schema\/person\/10d11eccf6da3662cf5fdab9806ea91a","name":"user-manager"}]}},"_links":{"self":[{"href":"https:\/\/www.meydan.tv\/az\/wp-json\/wp\/v2\/posts\/205183","targetHints":{"allow":["GET"]}}],"collection":[{"href":"https:\/\/www.meydan.tv\/az\/wp-json\/wp\/v2\/posts"}],"about":[{"href":"https:\/\/www.meydan.tv\/az\/wp-json\/wp\/v2\/types\/post"}],"author":[{"embeddable":true,"href":"https:\/\/www.meydan.tv\/az\/wp-json\/wp\/v2\/users\/11"}],"replies":[{"embeddable":true,"href":"https:\/\/www.meydan.tv\/az\/wp-json\/wp\/v2\/comments?post=205183"}],"version-history":[{"count":0,"href":"https:\/\/www.meydan.tv\/az\/wp-json\/wp\/v2\/posts\/205183\/revisions"}],"wp:featuredmedia":[{"embeddable":true,"href":"https:\/\/www.meydan.tv\/az\/wp-json\/wp\/v2\/media\/156366"}],"wp:attachment":[{"href":"https:\/\/www.meydan.tv\/az\/wp-json\/wp\/v2\/media?parent=205183"}],"wp:term":[{"taxonomy":"category","embeddable":true,"href":"https:\/\/www.meydan.tv\/az\/wp-json\/wp\/v2\/categories?post=205183"},{"taxonomy":"post_tag","embeddable":true,"href":"https:\/\/www.meydan.tv\/az\/wp-json\/wp\/v2\/tags?post=205183"}],"curies":[{"name":"wp","href":"https:\/\/api.w.org\/{rel}","templated":true}]}}