{"id":205181,"date":"2021-03-01T12:43:21","date_gmt":"2021-03-01T12:43:21","guid":{"rendered":"https:\/\/www.meydan.tv\/article\/pavel-felgenhauer-ermenistan-abs-ucun-ciddi-strateji-maraq-kesb-etmir\/"},"modified":"2021-03-01T12:43:21","modified_gmt":"2021-03-01T12:43:21","slug":"pavel-felgenhauer-ermenistan-abs-ucun-ciddi-strateji-maraq-kesb-etmir","status":"publish","type":"post","link":"https:\/\/www.meydan.tv\/az\/article\/pavel-felgenhauer-ermenistan-abs-ucun-ciddi-strateji-maraq-kesb-etmir\/","title":{"rendered":"Pavel Felgenhauer: Erm\u0259nistan AB\u015e \u00fc\u00e7\u00fcn ciddi strateji maraq k\u0259sb etmir"},"content":{"rendered":"<p>\n  <i><br \/>\n    Rusiyal\u0131 analitik: &quot;Erm\u0259nistanda ba\u015f ver\u0259nl\u0259r h\u0259rbi \u00e7evrili\u015fdir, amma h\u0259l\u0259 ba\u015fa \u00e7atmay\u0131b&quot;<br \/>\n  <\/i>\n<\/p>\n<p>\n  \u201cErm\u0259nistanda ba\u015f ver\u0259nl\u0259r h\u0259rbi \u00e7evrili\u015fdir, amma h\u0259l\u0259 ba\u015fa \u00e7atmay\u0131b. O ya ba\u015f nazirin istefas\u0131 v\u0259 \u00f6lk\u0259d\u0259 hakimiyy\u0259tin d\u0259yi\u015fm\u0259si il\u0259 ba\u015fa \u00e7atacaq, ya da ba\u015f nazir qalib g\u0259l\u0259c\u0259k, onda bu, art\u0131q \u00e7evrili\u015f c\u0259hdi olacaq\u201d.\n<\/p>\n<p>\n  Bu bar\u0259d\u0259 \u201cAzadl\u0131q\u201d Radiosunun Erm\u0259nistan xidm\u0259tin\u0259 m\u00fcsahib\u0259sind\u0259 rusiyal\u0131 h\u0259rbi icmal\u00e7\u0131 Pavel Felgenhauer bildirib.\n<\/p>\n<p>\n  Pavel Felgenhauer Moskvan\u0131n n\u0259 haz\u0131rland\u0131\u011f\u0131ndan x\u0259b\u0259rsiz oldu\u011funa \u015f\u00fcbh\u0259 edir: \u201cAyd\u0131n m\u0259s\u0259l\u0259dir ki, \u0259vv\u0259lc\u0259d\u0259n haz\u0131rl\u0131q gedirdi, bu, improvizasiya deyil. Moskvan\u0131n bundan x\u0259b\u0259ri olmas\u0131 ehtimal\u0131 \u00e7ox b\u00f6y\u00fckd\u00fcr. Bel\u0259 ki, erm\u0259ni h\u0259rbi\u00e7il\u0259ri rus h\u0259rbi\u00e7il\u0259rl\u0259 kifay\u0259t q\u0259d\u0259r yax\u0131n \u00fcnsiyy\u0259td\u0259dir v\u0259 onlar\u0131n b\u0259zil\u0259rinin m\u00fc\u0259yy\u0259n d\u0259r\u0259c\u0259d\u0259 Moskvaya i\u015fl\u0259m\u0259si d\u0259 tamamil\u0259 m\u00fcmk\u00fcnd\u00fcr. Ayd\u0131nd\u0131r ki, bu halda h\u0259rbi\u00e7il\u0259r Moskvada he\u00e7 vaxt \u00e7ox da sevilm\u0259y\u0259n, he\u00e7 vaxt etibar edilm\u0259y\u0259n, Sorosun \u0259lalt\u0131s\u0131 hesab olunan Ba\u015f nazir Pa\u015finyan\u0131 devir\u0259 bils\u0259, Moskvada he\u00e7 kim \u00e7ox \u00fcz\u00fclm\u0259y\u0259c\u0259k\u201d.\n<\/p>\n<p>\n  AB\u015e-\u0131n reaksiyas\u0131na g\u0259linc\u0259, Pavel Felgenhauer d\u00fc\u015f\u00fcn\u00fcr ki, Va\u015finqton h\u0259r hans\u0131 ciddi add\u0131m atmayacaq: \u201cErm\u0259nistan AB\u015e \u00fc\u00e7\u00fcn ciddi strateji maraq k\u0259sb etmir, Az\u0259rbaycan is\u0259 daha \u00e7ox \u0259h\u0259miyy\u0259t k\u0259sb edir. X\u00fcsusil\u0259 d\u0259 T\u00fcrkiy\u0259\u201d.\n<\/p>\n<p>\n  Rusiya istehsal\u0131 olan \u201c\u0130sg\u0259nd\u0259r\u201dl\u0259rin partlamamams\u0131 il\u0259 ba\u011fl\u0131 suala Pavel Felgenhauer bel\u0259 cavab verib: &quot;Bu, m\u00fcmk\u00fcn deyil. Amma Pa\u015finyan\u0131n \u201c10% partlay\u0131b\u201d s\u00f6zl\u0259rinin n\u0259 dem\u0259k oldu\u011fu ayd\u0131n deyil. Bundan ba\u015fqa, \u00fcmumiyy\u0259tl\u0259 bu raketl\u0259rd\u0259n istifad\u0259 olunub-olunmad\u0131\u011f\u0131 ayd\u0131n deyil. 44 g\u00fcnl\u00fck m\u00fcharib\u0259d\u0259 Erm\u0259nistan \u201cSkad-B\u201d, \u201cTo\u00e7ka-U\u201d \u0259m\u0259liyyat-taktiki ballistik raketl\u0259rind\u0259n istifad\u0259 edib. 2016-c\u0131 ild\u0259 Erm\u0259nistan Rusiyadan \u201c\u0130sg\u0259nd\u0259r\u201d raketl\u0259ri al\u0131b. Onlar n\u0259 d\u0259r\u0259c\u0259d\u0259 t\u0259sirli ola bil\u0259rdi? Bilmir\u0259m onlardan istifad\u0259 olunub, ya yox, amma \u0259min\u0259m ki, istifad\u0259 olunubsa da, onlar kifay\u0259t q\u0259d\u0259r t\u0259sirli olmay\u0131b. Bu, m\u00f6c\u00fcz\u0259vi silah deyil. Onun \u00fcst\u00fcnl\u00fckl\u0259ri d\u0259 var, n\u00f6qsanlar\u0131 da. Prinsipc\u0259, Erm\u0259nistan\u0131n ondan n\u0259 d\u0259r\u0259c\u0259d\u0259 s\u0259m\u0259r\u0259li istifad\u0259 ed\u0259 bil\u0259c\u0259yi d\u0259 ayd\u0131n deyil. \u00c7\u00fcnki orada y\u00fcks\u0259k d\u0259qiqlikli at\u0131\u015f \u00fc\u00e7\u00fcn x\u00fcsusi m\u0259lumatlar laz\u0131md\u0131r\u201d.\n<\/p>\n<p>\n  O, Erm\u0259nistan\u0131n b\u00fct\u00fcn d\u0259qiq m\u0259lumatlar\u0131n toplanmas\u0131n\u0131 t\u0259min etm\u0259k \u00fc\u00e7\u00fcn texniki imkana malik oldu\u011funa \u015f\u00fcbh\u0259 etdiyini bildirib: \u201cRusiya \u00c7e\u00e7en m\u00fcharib\u0259sind\u0259 b\u0259nz\u0259r raketl\u0259rd\u0259n istifad\u0259 edib, amma onlar da d\u0259qiqliyi il\u0259 f\u0259rql\u0259nmirdi. G\u00fcrc\u00fcstanla be\u015f g\u00fcnl\u00fck m\u00fcharib\u0259d\u0259 G\u00fcrc\u00fcstan \u0259razisin\u0259 60-dan \u00e7ox \u0259m\u0259liyyat-taktiki ballistik raket at\u0131l\u0131b. B\u0259zi hallarda t\u0259siri y\u00fcks\u0259k olub, dig\u0259r hallarda is\u0259 he\u00e7 bir t\u0259siri olmay\u0131b. Odur ki, Ba\u015f nazir Nikol Pa\u015finyan m\u00fc\u0259yy\u0259n m\u0259nada ballistik raketl\u0259rin t\u0259sirinin z\u0259if oldu\u011funu dey\u0259rk\u0259n h\u0259qiq\u0259ti s\u00f6yl\u0259yib\u201d.\n<\/p>\n<p>\n  Pavel Felgenhauerin s\u00f6zl\u0259rin\u0259 g\u00f6r\u0259, Az\u0259rbaycan da ballistik raketl\u0259rd\u0259n Erm\u0259nistandan d\u0259f\u0259l\u0259rl\u0259 s\u0259m\u0259r\u0259li \u015f\u0259kild\u0259 istifad\u0259 edib: \u201cAz\u0259rbaycan \u0130srail istehsal\u0131 olan &quot;Lora&quot; raketl\u0259rind\u0259n istifad\u0259 edib, onlar\u0131n at\u0131\u015f m\u0259saf\u0259si t\u0259xmin\u0259n \u201c\u0130sg\u0259nd\u0259r\u201dl\u0259 eynidir v\u0259 \u201c\u0130sg\u0259nd\u0259r\u201dd\u0259n daha y\u00fcks\u0259k d\u0259qiqliy\u0259 malikdir. \u0130srail raketl\u0259rind\u0259 GPS-istiqam\u0259tl\u0259ndirm\u0259 var. Bu, \u00e7ox s\u0259m\u0259r\u0259lidir v\u0259 raketi \u201c\u0130sg\u0259nd\u0259r\u201dd\u0259n daha asan istiqam\u0259tl\u0259ndirm\u0259k olar. H\u0259m d\u0259 az\u0259rbaycanl\u0131lar\u0131n laz\u0131mi h\u0259d\u0259fl\u0259rin GPS-koordinatlar\u0131n\u0131 ver\u0259n \u0130srail, T\u00fcrkiy\u0259 istehsal\u0131 olan pilotsuz u\u00e7u\u015f aparatlar\u0131 var idi\u201d.\n<\/p>\n<p>\n  Siyasi icmal\u00e7\u0131 Rusiya s\u00fclhm\u0259raml\u0131lar\u0131n\u0131n rolunu \u201conlar tarazla\u015fd\u0131r\u0131c\u0131 rol oynay\u0131rlar\u201d dey\u0259 qiym\u0259tl\u0259ndirib: \u201cMoskva \u00fc\u00e7\u00fcn Az\u0259rbaycan bir s\u0131ra s\u0259b\u0259bl\u0259rd\u0259n Erm\u0259nistandan daha \u0259h\u0259miyy\u0259tli ola bil\u0259r. Rusiya s\u00fclhm\u0259raml\u0131lar\u0131 Qaraba\u011f u\u011frunda d\u00f6y\u00fc\u015fm\u0259y\u0259c\u0259kl\u0259r. Az\u0259rbaycan \u00fc\u00e7\u00fcn is\u0259 indi Qaraba\u011f ordusunun t\u0259rksilah edilm\u0259sini s\u00fcr\u0259tl\u0259ndirm\u0259k maraql\u0131 deyil. Amma yax\u0131n g\u0259l\u0259c\u0259kd\u0259 Bak\u0131 bunu ed\u0259c\u0259k. \u00c7\u00fcnki Qaraba\u011f\u0131n h\u0259r t\u0259r\u0259fd\u0259n m\u00fchasir\u0259y\u0259 al\u0131nm\u0131\u015f hiss\u0259sini h\u0259rbi g\u00fccl\u0259 saxlamaq olmaz\u201d.\n<\/p>\n<p>\n  Analitik hesab edir ki, Moskva Ankaran\u0131n fikrini n\u0259z\u0259r\u0259 almal\u0131 v\u0259 t\u0259sir sah\u0259l\u0259rini onunla b\u00f6l\u00fc\u015fm\u0259lidir: \u201c\u0130ndi Qaraba\u011f erm\u0259nil\u0259rinin v\u0259ziyy\u0259ti ac\u0131nacaql\u0131d\u0131r v\u0259 y\u0259qin ki, \u0259sas\u0259n perspektivsizdir. Onlara Az\u0259rbaycan v\u0259t\u0259nda\u015fl\u0131\u011f\u0131 almaq t\u0259klif olunur, y\u0259qin ki, ver\u0259c\u0259kl\u0259r. Yeri g\u0259lmi\u015fk\u0259n, ham\u0131ya deyil, h\u0259l\u0259 sovet hakimiyy\u0259ti d\u00f6vr\u00fcnd\u0259 orada d\u00fcnyaya g\u0259ldiyini v\u0259 ya sovet d\u00f6vr\u00fcnd\u0259 orada d\u00fcnyaya g\u0259l\u0259nl\u0259rin \u00f6vladlar\u0131 oldu\u011funu s\u00fcbut ed\u0259 bil\u0259nl\u0259r\u0259. Dig\u0259rl\u0259rind\u0259n is\u0259 \u00e7\u0131xma\u011f\u0131 ist\u0259y\u0259c\u0259kl\u0259r v\u0259 onlar\u0131 t\u0259rksilah ed\u0259c\u0259kl\u0259r. Oran\u0131n \u00f6z silahl\u0131 q\u00fcvv\u0259l\u0259ri olmayacaq\u201d.<\/p>\n","protected":false},"excerpt":{"rendered":"<p>O, Erm\u0259nistan\u0131n b\u00fct\u00fcn d\u0259qiq m\u0259lumatlar\u0131n toplanmas\u0131n\u0131 t\u0259min etm\u0259k \u00fc\u00e7\u00fcn texniki imkana malik oldu\u011funa \u015f\u00fcbh\u0259 etdiyini bildirib<\/p>\n","protected":false},"author":11,"featured_media":157126,"comment_status":"closed","ping_status":"open","sticky":false,"template":"","format":"standard","meta":{"_acf_changed":false,"_sitemap_exclude":false,"_sitemap_priority":"","_sitemap_frequency":"","footnotes":""},"categories":[51],"tags":[],"class_list":["post-205181","post","type-post","status-publish","format-standard","has-post-thumbnail","hentry","category-analitika","infinite-scroll-item","generate-columns","tablet-grid-50","mobile-grid-100","grid-parent","grid-33","no-featured-image-padding"],"acf":[],"yoast_head":"<!-- This site is optimized with the Yoast SEO plugin v27.4 - https:\/\/yoast.com\/product\/yoast-seo-wordpress\/ -->\n<title>Pavel Felgenhauer: Erm\u0259nistan AB\u015e \u00fc\u00e7\u00fcn ciddi strateji maraq k\u0259sb etmir - MEYDAN.TV<\/title>\n<meta name=\"robots\" content=\"index, follow, max-snippet:-1, max-image-preview:large, max-video-preview:-1\" \/>\n<link rel=\"canonical\" href=\"https:\/\/www.meydan.tv\/az\/article\/pavel-felgenhauer-ermenistan-abs-ucun-ciddi-strateji-maraq-kesb-etmir\/\" \/>\n<meta property=\"og:locale\" content=\"az_AZ\" \/>\n<meta property=\"og:type\" content=\"article\" \/>\n<meta property=\"og:title\" content=\"Pavel Felgenhauer: Erm\u0259nistan AB\u015e \u00fc\u00e7\u00fcn ciddi strateji maraq k\u0259sb etmir - MEYDAN.TV\" \/>\n<meta property=\"og:description\" content=\"O, Erm\u0259nistan\u0131n b\u00fct\u00fcn d\u0259qiq m\u0259lumatlar\u0131n toplanmas\u0131n\u0131 t\u0259min etm\u0259k \u00fc\u00e7\u00fcn texniki imkana malik oldu\u011funa \u015f\u00fcbh\u0259 etdiyini bildirib\" \/>\n<meta property=\"og:url\" content=\"https:\/\/www.meydan.tv\/az\/article\/pavel-felgenhauer-ermenistan-abs-ucun-ciddi-strateji-maraq-kesb-etmir\/\" \/>\n<meta property=\"og:site_name\" content=\"MEYDAN.TV\" \/>\n<meta property=\"article:published_time\" content=\"2021-03-01T12:43:21+00:00\" \/>\n<meta property=\"og:image\" content=\"https:\/\/www.meydan.tv\/wp-content\/uploads\/030100029307.jpg\" \/>\n\t<meta property=\"og:image:width\" content=\"800\" \/>\n\t<meta property=\"og:image:height\" content=\"600\" \/>\n\t<meta property=\"og:image:type\" content=\"image\/jpeg\" \/>\n<meta name=\"author\" content=\"user-manager\" \/>\n<meta name=\"twitter:card\" content=\"summary_large_image\" \/>\n<script type=\"application\/ld+json\" class=\"yoast-schema-graph\">{\"@context\":\"https:\\\/\\\/schema.org\",\"@graph\":[{\"@type\":\"Article\",\"@id\":\"https:\\\/\\\/www.meydan.tv\\\/az\\\/article\\\/pavel-felgenhauer-ermenistan-abs-ucun-ciddi-strateji-maraq-kesb-etmir\\\/#article\",\"isPartOf\":{\"@id\":\"https:\\\/\\\/www.meydan.tv\\\/az\\\/article\\\/pavel-felgenhauer-ermenistan-abs-ucun-ciddi-strateji-maraq-kesb-etmir\\\/\"},\"author\":{\"name\":\"user-manager\",\"@id\":\"https:\\\/\\\/www.meydan.tv\\\/az\\\/#\\\/schema\\\/person\\\/10d11eccf6da3662cf5fdab9806ea91a\"},\"headline\":\"Pavel Felgenhauer: Erm\u0259nistan AB\u015e \u00fc\u00e7\u00fcn ciddi strateji maraq k\u0259sb etmir\",\"datePublished\":\"2021-03-01T12:43:21+00:00\",\"mainEntityOfPage\":{\"@id\":\"https:\\\/\\\/www.meydan.tv\\\/az\\\/article\\\/pavel-felgenhauer-ermenistan-abs-ucun-ciddi-strateji-maraq-kesb-etmir\\\/\"},\"wordCount\":952,\"publisher\":{\"@id\":\"https:\\\/\\\/www.meydan.tv\\\/az\\\/#organization\"},\"image\":{\"@id\":\"https:\\\/\\\/www.meydan.tv\\\/az\\\/article\\\/pavel-felgenhauer-ermenistan-abs-ucun-ciddi-strateji-maraq-kesb-etmir\\\/#primaryimage\"},\"thumbnailUrl\":\"https:\\\/\\\/www.meydan.tv\\\/wp-content\\\/uploads\\\/030100029307.jpg\",\"articleSection\":[\"Analitika\"],\"inLanguage\":\"az\"},{\"@type\":\"WebPage\",\"@id\":\"https:\\\/\\\/www.meydan.tv\\\/az\\\/article\\\/pavel-felgenhauer-ermenistan-abs-ucun-ciddi-strateji-maraq-kesb-etmir\\\/\",\"url\":\"https:\\\/\\\/www.meydan.tv\\\/az\\\/article\\\/pavel-felgenhauer-ermenistan-abs-ucun-ciddi-strateji-maraq-kesb-etmir\\\/\",\"name\":\"Pavel Felgenhauer: Erm\u0259nistan AB\u015e \u00fc\u00e7\u00fcn ciddi strateji maraq k\u0259sb etmir - MEYDAN.TV\",\"isPartOf\":{\"@id\":\"https:\\\/\\\/www.meydan.tv\\\/az\\\/#website\"},\"primaryImageOfPage\":{\"@id\":\"https:\\\/\\\/www.meydan.tv\\\/az\\\/article\\\/pavel-felgenhauer-ermenistan-abs-ucun-ciddi-strateji-maraq-kesb-etmir\\\/#primaryimage\"},\"image\":{\"@id\":\"https:\\\/\\\/www.meydan.tv\\\/az\\\/article\\\/pavel-felgenhauer-ermenistan-abs-ucun-ciddi-strateji-maraq-kesb-etmir\\\/#primaryimage\"},\"thumbnailUrl\":\"https:\\\/\\\/www.meydan.tv\\\/wp-content\\\/uploads\\\/030100029307.jpg\",\"datePublished\":\"2021-03-01T12:43:21+00:00\",\"breadcrumb\":{\"@id\":\"https:\\\/\\\/www.meydan.tv\\\/az\\\/article\\\/pavel-felgenhauer-ermenistan-abs-ucun-ciddi-strateji-maraq-kesb-etmir\\\/#breadcrumb\"},\"inLanguage\":\"az\",\"potentialAction\":[{\"@type\":\"ReadAction\",\"target\":[\"https:\\\/\\\/www.meydan.tv\\\/az\\\/article\\\/pavel-felgenhauer-ermenistan-abs-ucun-ciddi-strateji-maraq-kesb-etmir\\\/\"]}]},{\"@type\":\"ImageObject\",\"inLanguage\":\"az\",\"@id\":\"https:\\\/\\\/www.meydan.tv\\\/az\\\/article\\\/pavel-felgenhauer-ermenistan-abs-ucun-ciddi-strateji-maraq-kesb-etmir\\\/#primaryimage\",\"url\":\"https:\\\/\\\/www.meydan.tv\\\/wp-content\\\/uploads\\\/030100029307.jpg\",\"contentUrl\":\"https:\\\/\\\/www.meydan.tv\\\/wp-content\\\/uploads\\\/030100029307.jpg\",\"width\":800,\"height\":600,\"caption\":\"Source: Specify Source\"},{\"@type\":\"BreadcrumbList\",\"@id\":\"https:\\\/\\\/www.meydan.tv\\\/az\\\/article\\\/pavel-felgenhauer-ermenistan-abs-ucun-ciddi-strateji-maraq-kesb-etmir\\\/#breadcrumb\",\"itemListElement\":[{\"@type\":\"ListItem\",\"position\":1,\"name\":\"Ana s\u0259hif\u0259\",\"item\":\"https:\\\/\\\/www.meydan.tv\\\/az\\\/\"},{\"@type\":\"ListItem\",\"position\":2,\"name\":\"Analitika\",\"item\":\"https:\\\/\\\/www.meydan.tv\\\/az\\\/section\\\/analitika\\\/\"},{\"@type\":\"ListItem\",\"position\":3,\"name\":\"Pavel Felgenhauer: Erm\u0259nistan AB\u015e \u00fc\u00e7\u00fcn ciddi strateji maraq k\u0259sb etmir\"}]},{\"@type\":\"WebSite\",\"@id\":\"https:\\\/\\\/www.meydan.tv\\\/az\\\/#website\",\"url\":\"https:\\\/\\\/www.meydan.tv\\\/az\\\/\",\"name\":\"MEYDAN.TV\",\"description\":\"Meydan TV Az\u0259rbaycan\u0131n media m\u0259kan\u0131ndak\u0131 alternativ s\u0259sidir\",\"publisher\":{\"@id\":\"https:\\\/\\\/www.meydan.tv\\\/az\\\/#organization\"},\"potentialAction\":[{\"@type\":\"SearchAction\",\"target\":{\"@type\":\"EntryPoint\",\"urlTemplate\":\"https:\\\/\\\/www.meydan.tv\\\/az\\\/?s={search_term_string}\"},\"query-input\":{\"@type\":\"PropertyValueSpecification\",\"valueRequired\":true,\"valueName\":\"search_term_string\"}}],\"inLanguage\":\"az\"},{\"@type\":\"Organization\",\"@id\":\"https:\\\/\\\/www.meydan.tv\\\/az\\\/#organization\",\"name\":\"Meydan TV\",\"url\":\"https:\\\/\\\/www.meydan.tv\\\/az\\\/\",\"logo\":{\"@type\":\"ImageObject\",\"inLanguage\":\"az\",\"@id\":\"https:\\\/\\\/www.meydan.tv\\\/az\\\/#\\\/schema\\\/logo\\\/image\\\/\",\"url\":\"https:\\\/\\\/www.meydan.tv\\\/wp-content\\\/uploads\\\/2021\\\/07\\\/meydan-logo.svg\",\"contentUrl\":\"https:\\\/\\\/www.meydan.tv\\\/wp-content\\\/uploads\\\/2021\\\/07\\\/meydan-logo.svg\",\"width\":195,\"height\":46,\"caption\":\"Meydan TV\"},\"image\":{\"@id\":\"https:\\\/\\\/www.meydan.tv\\\/az\\\/#\\\/schema\\\/logo\\\/image\\\/\"}},{\"@type\":\"Person\",\"@id\":\"https:\\\/\\\/www.meydan.tv\\\/az\\\/#\\\/schema\\\/person\\\/10d11eccf6da3662cf5fdab9806ea91a\",\"name\":\"user-manager\"}]}<\/script>\n<!-- \/ Yoast SEO plugin. -->","yoast_head_json":{"title":"Pavel Felgenhauer: Erm\u0259nistan AB\u015e \u00fc\u00e7\u00fcn ciddi strateji maraq k\u0259sb etmir - MEYDAN.TV","robots":{"index":"index","follow":"follow","max-snippet":"max-snippet:-1","max-image-preview":"max-image-preview:large","max-video-preview":"max-video-preview:-1"},"canonical":"https:\/\/www.meydan.tv\/az\/article\/pavel-felgenhauer-ermenistan-abs-ucun-ciddi-strateji-maraq-kesb-etmir\/","og_locale":"az_AZ","og_type":"article","og_title":"Pavel Felgenhauer: Erm\u0259nistan AB\u015e \u00fc\u00e7\u00fcn ciddi strateji maraq k\u0259sb etmir - MEYDAN.TV","og_description":"O, Erm\u0259nistan\u0131n b\u00fct\u00fcn d\u0259qiq m\u0259lumatlar\u0131n toplanmas\u0131n\u0131 t\u0259min etm\u0259k \u00fc\u00e7\u00fcn texniki imkana malik oldu\u011funa \u015f\u00fcbh\u0259 etdiyini bildirib","og_url":"https:\/\/www.meydan.tv\/az\/article\/pavel-felgenhauer-ermenistan-abs-ucun-ciddi-strateji-maraq-kesb-etmir\/","og_site_name":"MEYDAN.TV","article_published_time":"2021-03-01T12:43:21+00:00","og_image":[{"width":800,"height":600,"url":"https:\/\/www.meydan.tv\/wp-content\/uploads\/030100029307.jpg","type":"image\/jpeg"}],"author":"user-manager","twitter_card":"summary_large_image","schema":{"@context":"https:\/\/schema.org","@graph":[{"@type":"Article","@id":"https:\/\/www.meydan.tv\/az\/article\/pavel-felgenhauer-ermenistan-abs-ucun-ciddi-strateji-maraq-kesb-etmir\/#article","isPartOf":{"@id":"https:\/\/www.meydan.tv\/az\/article\/pavel-felgenhauer-ermenistan-abs-ucun-ciddi-strateji-maraq-kesb-etmir\/"},"author":{"name":"user-manager","@id":"https:\/\/www.meydan.tv\/az\/#\/schema\/person\/10d11eccf6da3662cf5fdab9806ea91a"},"headline":"Pavel Felgenhauer: Erm\u0259nistan AB\u015e \u00fc\u00e7\u00fcn ciddi strateji maraq k\u0259sb etmir","datePublished":"2021-03-01T12:43:21+00:00","mainEntityOfPage":{"@id":"https:\/\/www.meydan.tv\/az\/article\/pavel-felgenhauer-ermenistan-abs-ucun-ciddi-strateji-maraq-kesb-etmir\/"},"wordCount":952,"publisher":{"@id":"https:\/\/www.meydan.tv\/az\/#organization"},"image":{"@id":"https:\/\/www.meydan.tv\/az\/article\/pavel-felgenhauer-ermenistan-abs-ucun-ciddi-strateji-maraq-kesb-etmir\/#primaryimage"},"thumbnailUrl":"https:\/\/www.meydan.tv\/wp-content\/uploads\/030100029307.jpg","articleSection":["Analitika"],"inLanguage":"az"},{"@type":"WebPage","@id":"https:\/\/www.meydan.tv\/az\/article\/pavel-felgenhauer-ermenistan-abs-ucun-ciddi-strateji-maraq-kesb-etmir\/","url":"https:\/\/www.meydan.tv\/az\/article\/pavel-felgenhauer-ermenistan-abs-ucun-ciddi-strateji-maraq-kesb-etmir\/","name":"Pavel Felgenhauer: Erm\u0259nistan AB\u015e \u00fc\u00e7\u00fcn ciddi strateji maraq k\u0259sb etmir - MEYDAN.TV","isPartOf":{"@id":"https:\/\/www.meydan.tv\/az\/#website"},"primaryImageOfPage":{"@id":"https:\/\/www.meydan.tv\/az\/article\/pavel-felgenhauer-ermenistan-abs-ucun-ciddi-strateji-maraq-kesb-etmir\/#primaryimage"},"image":{"@id":"https:\/\/www.meydan.tv\/az\/article\/pavel-felgenhauer-ermenistan-abs-ucun-ciddi-strateji-maraq-kesb-etmir\/#primaryimage"},"thumbnailUrl":"https:\/\/www.meydan.tv\/wp-content\/uploads\/030100029307.jpg","datePublished":"2021-03-01T12:43:21+00:00","breadcrumb":{"@id":"https:\/\/www.meydan.tv\/az\/article\/pavel-felgenhauer-ermenistan-abs-ucun-ciddi-strateji-maraq-kesb-etmir\/#breadcrumb"},"inLanguage":"az","potentialAction":[{"@type":"ReadAction","target":["https:\/\/www.meydan.tv\/az\/article\/pavel-felgenhauer-ermenistan-abs-ucun-ciddi-strateji-maraq-kesb-etmir\/"]}]},{"@type":"ImageObject","inLanguage":"az","@id":"https:\/\/www.meydan.tv\/az\/article\/pavel-felgenhauer-ermenistan-abs-ucun-ciddi-strateji-maraq-kesb-etmir\/#primaryimage","url":"https:\/\/www.meydan.tv\/wp-content\/uploads\/030100029307.jpg","contentUrl":"https:\/\/www.meydan.tv\/wp-content\/uploads\/030100029307.jpg","width":800,"height":600,"caption":"Source: Specify Source"},{"@type":"BreadcrumbList","@id":"https:\/\/www.meydan.tv\/az\/article\/pavel-felgenhauer-ermenistan-abs-ucun-ciddi-strateji-maraq-kesb-etmir\/#breadcrumb","itemListElement":[{"@type":"ListItem","position":1,"name":"Ana s\u0259hif\u0259","item":"https:\/\/www.meydan.tv\/az\/"},{"@type":"ListItem","position":2,"name":"Analitika","item":"https:\/\/www.meydan.tv\/az\/section\/analitika\/"},{"@type":"ListItem","position":3,"name":"Pavel Felgenhauer: Erm\u0259nistan AB\u015e \u00fc\u00e7\u00fcn ciddi strateji maraq k\u0259sb etmir"}]},{"@type":"WebSite","@id":"https:\/\/www.meydan.tv\/az\/#website","url":"https:\/\/www.meydan.tv\/az\/","name":"MEYDAN.TV","description":"Meydan TV Az\u0259rbaycan\u0131n media m\u0259kan\u0131ndak\u0131 alternativ s\u0259sidir","publisher":{"@id":"https:\/\/www.meydan.tv\/az\/#organization"},"potentialAction":[{"@type":"SearchAction","target":{"@type":"EntryPoint","urlTemplate":"https:\/\/www.meydan.tv\/az\/?s={search_term_string}"},"query-input":{"@type":"PropertyValueSpecification","valueRequired":true,"valueName":"search_term_string"}}],"inLanguage":"az"},{"@type":"Organization","@id":"https:\/\/www.meydan.tv\/az\/#organization","name":"Meydan TV","url":"https:\/\/www.meydan.tv\/az\/","logo":{"@type":"ImageObject","inLanguage":"az","@id":"https:\/\/www.meydan.tv\/az\/#\/schema\/logo\/image\/","url":"https:\/\/www.meydan.tv\/wp-content\/uploads\/2021\/07\/meydan-logo.svg","contentUrl":"https:\/\/www.meydan.tv\/wp-content\/uploads\/2021\/07\/meydan-logo.svg","width":195,"height":46,"caption":"Meydan TV"},"image":{"@id":"https:\/\/www.meydan.tv\/az\/#\/schema\/logo\/image\/"}},{"@type":"Person","@id":"https:\/\/www.meydan.tv\/az\/#\/schema\/person\/10d11eccf6da3662cf5fdab9806ea91a","name":"user-manager"}]}},"_links":{"self":[{"href":"https:\/\/www.meydan.tv\/az\/wp-json\/wp\/v2\/posts\/205181","targetHints":{"allow":["GET"]}}],"collection":[{"href":"https:\/\/www.meydan.tv\/az\/wp-json\/wp\/v2\/posts"}],"about":[{"href":"https:\/\/www.meydan.tv\/az\/wp-json\/wp\/v2\/types\/post"}],"author":[{"embeddable":true,"href":"https:\/\/www.meydan.tv\/az\/wp-json\/wp\/v2\/users\/11"}],"replies":[{"embeddable":true,"href":"https:\/\/www.meydan.tv\/az\/wp-json\/wp\/v2\/comments?post=205181"}],"version-history":[{"count":0,"href":"https:\/\/www.meydan.tv\/az\/wp-json\/wp\/v2\/posts\/205181\/revisions"}],"wp:featuredmedia":[{"embeddable":true,"href":"https:\/\/www.meydan.tv\/az\/wp-json\/wp\/v2\/media\/157126"}],"wp:attachment":[{"href":"https:\/\/www.meydan.tv\/az\/wp-json\/wp\/v2\/media?parent=205181"}],"wp:term":[{"taxonomy":"category","embeddable":true,"href":"https:\/\/www.meydan.tv\/az\/wp-json\/wp\/v2\/categories?post=205181"},{"taxonomy":"post_tag","embeddable":true,"href":"https:\/\/www.meydan.tv\/az\/wp-json\/wp\/v2\/tags?post=205181"}],"curies":[{"name":"wp","href":"https:\/\/api.w.org\/{rel}","templated":true}]}}