{"id":205174,"date":"2021-02-28T21:49:53","date_gmt":"2021-02-28T21:49:53","guid":{"rendered":"https:\/\/www.meydan.tv\/article\/esger-anasinin-komeye-ehtiyaci-var\/"},"modified":"2021-02-28T21:49:53","modified_gmt":"2021-02-28T21:49:53","slug":"esger-anasinin-komeye-ehtiyaci-var","status":"publish","type":"post","link":"https:\/\/www.meydan.tv\/az\/article\/esger-anasinin-komeye-ehtiyaci-var\/","title":{"rendered":"\u018fsg\u0259r anas\u0131n\u0131n k\u00f6m\u0259y\u0259 ehtiyac\u0131 var"},"content":{"rendered":"<figure class=\"wp-block-embed is-type-video is-provider-youtube wp-block-embed-youtube wp-embed-aspect-16-9 wp-has-aspect-ratio\">\n<div class=\"wp-block-embed__wrapper\">\n    <iframe\ttitle=\"\u018fsg\u0259r anas\u0131n\u0131n k\u00f6m\u0259y\u0259 ehtiyac\u0131 var\" width=\"1200\" height=\"675\" data-src=\"https:\/\/www.youtube.com\/embed\/HUWaUTGpktw\"\tframeborder=\"0\"\tallow=\"accelerometer; autoplay; clipboard-write; encrypted-media; gyroscope; picture-in-picture\" allowfullscreen src=\"data:image\/svg+xml;base64,PHN2ZyB3aWR0aD0iMSIgaGVpZ2h0PSIxIiB4bWxucz0iaHR0cDovL3d3dy53My5vcmcvMjAwMC9zdmciPjwvc3ZnPg==\" class=\"lazyload\" data-load-mode=\"1\"><\/iframe>\n  <\/div><figcaption>\n    \u018fsg\u0259r anas\u0131n\u0131n k\u00f6m\u0259y\u0259 ehtiyac\u0131 var<br \/>\n  <\/figcaption><\/figure>\n<p>\n  Misri A\u011fayeva probleml\u0259rini dan\u0131\u015fmaq \u00fc\u00e7\u00fcn hans\u0131ndan ba\u015flayaca\u011f\u0131n\u0131 bilmir. \u018fri yataq x\u0259st\u0259sidir, bir o\u011flu is\u0259 h\u0259rbi xidm\u0259ti bitirs\u0259 d\u0259, t\u0259rxis olunmay\u0131b. N\u0259v\u0259l\u0259ri s\u0259n\u0259dl\u0259ri olmad\u0131\u011f\u0131 \u00fc\u00e7\u00fcn m\u0259kt\u0259b\u0259 ged\u0259 bilmir. \u00dcst\u0259lik, ail\u0259nin b\u00fct\u00fcn ehtiyaclar\u0131n\u0131 \u00f6d\u0259y\u0259n o\u011ful da daimi i\u015f tapm\u0131r.\n<\/p>\n<p>\n  Misri deyir ki, \u0259sg\u0259rlikd\u0259 olan o\u011flu Mirpay\u0131z A\u011fayev d\u0259 bir yandan ail\u0259y\u0259 y\u00fck olur. N\u0259v\u0259l\u0259r\u0259 is\u0259 ata \u00f6z soyad\u0131n\u0131 verm\u0259kd\u0259n imtina edib.\n<\/p>\n<p>\n  \u0130ndi ail\u0259nin v\u0259ziyy\u0259td\u0259n \u00e7\u0131xmaq \u00fc\u00e7\u00fcn k\u00f6m\u0259y\u0259 ehtiyac\u0131 var.<\/p>\n","protected":false},"excerpt":{"rendered":"<p>Misri A\u011fayeva probleml\u0259rini dan\u0131\u015fmaq \u00fc\u00e7\u00fcn hans\u0131ndan ba\u015flayaca\u011f\u0131n\u0131 bilmir.<\/p>\n","protected":false},"author":11,"featured_media":157114,"comment_status":"closed","ping_status":"open","sticky":false,"template":"","format":"standard","meta":{"_acf_changed":false,"_sitemap_exclude":false,"_sitemap_priority":"","_sitemap_frequency":"","footnotes":""},"categories":[63],"tags":[],"class_list":["post-205174","post","type-post","status-publish","format-standard","has-post-thumbnail","hentry","category-video-2","infinite-scroll-item","generate-columns","tablet-grid-50","mobile-grid-100","grid-parent","grid-33","no-featured-image-padding"],"acf":[],"yoast_head":"<!-- This site is optimized with the Yoast SEO plugin v27.5 - https:\/\/yoast.com\/product\/yoast-seo-wordpress\/ -->\n<title>\u018fsg\u0259r anas\u0131n\u0131n k\u00f6m\u0259y\u0259 ehtiyac\u0131 var - MEYDAN.TV<\/title>\n<meta name=\"robots\" content=\"index, follow, max-snippet:-1, max-image-preview:large, max-video-preview:-1\" \/>\n<link rel=\"canonical\" href=\"https:\/\/www.meydan.tv\/az\/article\/esger-anasinin-komeye-ehtiyaci-var\/\" \/>\n<meta property=\"og:locale\" content=\"az_AZ\" \/>\n<meta property=\"og:type\" content=\"article\" \/>\n<meta property=\"og:title\" content=\"\u018fsg\u0259r anas\u0131n\u0131n k\u00f6m\u0259y\u0259 ehtiyac\u0131 var - MEYDAN.TV\" \/>\n<meta property=\"og:description\" content=\"Misri A\u011fayeva probleml\u0259rini dan\u0131\u015fmaq \u00fc\u00e7\u00fcn hans\u0131ndan ba\u015flayaca\u011f\u0131n\u0131 bilmir.\" \/>\n<meta property=\"og:url\" content=\"https:\/\/www.meydan.tv\/az\/article\/esger-anasinin-komeye-ehtiyaci-var\/\" \/>\n<meta property=\"og:site_name\" content=\"MEYDAN.TV\" \/>\n<meta property=\"article:published_time\" content=\"2021-02-28T21:49:53+00:00\" \/>\n<meta property=\"og:image\" content=\"https:\/\/www.meydan.tv\/wp-content\/uploads\/maxresdefault_0xhadfe.jpg\" \/>\n\t<meta property=\"og:image:width\" content=\"1280\" \/>\n\t<meta property=\"og:image:height\" content=\"720\" \/>\n\t<meta property=\"og:image:type\" content=\"image\/jpeg\" \/>\n<meta name=\"author\" content=\"user-manager\" \/>\n<meta name=\"twitter:card\" content=\"summary_large_image\" \/>\n<script type=\"application\/ld+json\" class=\"yoast-schema-graph\">{\"@context\":\"https:\\\/\\\/schema.org\",\"@graph\":[{\"@type\":\"Article\",\"@id\":\"https:\\\/\\\/www.meydan.tv\\\/az\\\/article\\\/esger-anasinin-komeye-ehtiyaci-var\\\/#article\",\"isPartOf\":{\"@id\":\"https:\\\/\\\/www.meydan.tv\\\/az\\\/article\\\/esger-anasinin-komeye-ehtiyaci-var\\\/\"},\"author\":{\"name\":\"user-manager\",\"@id\":\"https:\\\/\\\/www.meydan.tv\\\/az\\\/#\\\/schema\\\/person\\\/10d11eccf6da3662cf5fdab9806ea91a\"},\"headline\":\"\u018fsg\u0259r anas\u0131n\u0131n k\u00f6m\u0259y\u0259 ehtiyac\u0131 var\",\"datePublished\":\"2021-02-28T21:49:53+00:00\",\"mainEntityOfPage\":{\"@id\":\"https:\\\/\\\/www.meydan.tv\\\/az\\\/article\\\/esger-anasinin-komeye-ehtiyaci-var\\\/\"},\"wordCount\":135,\"publisher\":{\"@id\":\"https:\\\/\\\/www.meydan.tv\\\/az\\\/#organization\"},\"image\":{\"@id\":\"https:\\\/\\\/www.meydan.tv\\\/az\\\/article\\\/esger-anasinin-komeye-ehtiyaci-var\\\/#primaryimage\"},\"thumbnailUrl\":\"https:\\\/\\\/www.meydan.tv\\\/wp-content\\\/uploads\\\/maxresdefault_0xhadfe.jpg\",\"articleSection\":[\"Video\"],\"inLanguage\":\"az\"},{\"@type\":\"WebPage\",\"@id\":\"https:\\\/\\\/www.meydan.tv\\\/az\\\/article\\\/esger-anasinin-komeye-ehtiyaci-var\\\/\",\"url\":\"https:\\\/\\\/www.meydan.tv\\\/az\\\/article\\\/esger-anasinin-komeye-ehtiyaci-var\\\/\",\"name\":\"\u018fsg\u0259r anas\u0131n\u0131n k\u00f6m\u0259y\u0259 ehtiyac\u0131 var - MEYDAN.TV\",\"isPartOf\":{\"@id\":\"https:\\\/\\\/www.meydan.tv\\\/az\\\/#website\"},\"primaryImageOfPage\":{\"@id\":\"https:\\\/\\\/www.meydan.tv\\\/az\\\/article\\\/esger-anasinin-komeye-ehtiyaci-var\\\/#primaryimage\"},\"image\":{\"@id\":\"https:\\\/\\\/www.meydan.tv\\\/az\\\/article\\\/esger-anasinin-komeye-ehtiyaci-var\\\/#primaryimage\"},\"thumbnailUrl\":\"https:\\\/\\\/www.meydan.tv\\\/wp-content\\\/uploads\\\/maxresdefault_0xhadfe.jpg\",\"datePublished\":\"2021-02-28T21:49:53+00:00\",\"breadcrumb\":{\"@id\":\"https:\\\/\\\/www.meydan.tv\\\/az\\\/article\\\/esger-anasinin-komeye-ehtiyaci-var\\\/#breadcrumb\"},\"inLanguage\":\"az\",\"potentialAction\":[{\"@type\":\"ReadAction\",\"target\":[\"https:\\\/\\\/www.meydan.tv\\\/az\\\/article\\\/esger-anasinin-komeye-ehtiyaci-var\\\/\"]}]},{\"@type\":\"ImageObject\",\"inLanguage\":\"az\",\"@id\":\"https:\\\/\\\/www.meydan.tv\\\/az\\\/article\\\/esger-anasinin-komeye-ehtiyaci-var\\\/#primaryimage\",\"url\":\"https:\\\/\\\/www.meydan.tv\\\/wp-content\\\/uploads\\\/maxresdefault_0xhadfe.jpg\",\"contentUrl\":\"https:\\\/\\\/www.meydan.tv\\\/wp-content\\\/uploads\\\/maxresdefault_0xhadfe.jpg\",\"width\":1280,\"height\":720,\"caption\":\"Source: Meydan.TV\"},{\"@type\":\"BreadcrumbList\",\"@id\":\"https:\\\/\\\/www.meydan.tv\\\/az\\\/article\\\/esger-anasinin-komeye-ehtiyaci-var\\\/#breadcrumb\",\"itemListElement\":[{\"@type\":\"ListItem\",\"position\":1,\"name\":\"Ana s\u0259hif\u0259\",\"item\":\"https:\\\/\\\/www.meydan.tv\\\/az\\\/\"},{\"@type\":\"ListItem\",\"position\":2,\"name\":\"Video\",\"item\":\"https:\\\/\\\/www.meydan.tv\\\/az\\\/section\\\/video-2\\\/\"},{\"@type\":\"ListItem\",\"position\":3,\"name\":\"\u018fsg\u0259r anas\u0131n\u0131n k\u00f6m\u0259y\u0259 ehtiyac\u0131 var\"}]},{\"@type\":\"WebSite\",\"@id\":\"https:\\\/\\\/www.meydan.tv\\\/az\\\/#website\",\"url\":\"https:\\\/\\\/www.meydan.tv\\\/az\\\/\",\"name\":\"MEYDAN.TV\",\"description\":\"Meydan TV Az\u0259rbaycan\u0131n media m\u0259kan\u0131ndak\u0131 alternativ s\u0259sidir\",\"publisher\":{\"@id\":\"https:\\\/\\\/www.meydan.tv\\\/az\\\/#organization\"},\"potentialAction\":[{\"@type\":\"SearchAction\",\"target\":{\"@type\":\"EntryPoint\",\"urlTemplate\":\"https:\\\/\\\/www.meydan.tv\\\/az\\\/?s={search_term_string}\"},\"query-input\":{\"@type\":\"PropertyValueSpecification\",\"valueRequired\":true,\"valueName\":\"search_term_string\"}}],\"inLanguage\":\"az\"},{\"@type\":\"Organization\",\"@id\":\"https:\\\/\\\/www.meydan.tv\\\/az\\\/#organization\",\"name\":\"Meydan TV\",\"url\":\"https:\\\/\\\/www.meydan.tv\\\/az\\\/\",\"logo\":{\"@type\":\"ImageObject\",\"inLanguage\":\"az\",\"@id\":\"https:\\\/\\\/www.meydan.tv\\\/az\\\/#\\\/schema\\\/logo\\\/image\\\/\",\"url\":\"https:\\\/\\\/www.meydan.tv\\\/wp-content\\\/uploads\\\/2021\\\/07\\\/meydan-logo.svg\",\"contentUrl\":\"https:\\\/\\\/www.meydan.tv\\\/wp-content\\\/uploads\\\/2021\\\/07\\\/meydan-logo.svg\",\"width\":195,\"height\":46,\"caption\":\"Meydan TV\"},\"image\":{\"@id\":\"https:\\\/\\\/www.meydan.tv\\\/az\\\/#\\\/schema\\\/logo\\\/image\\\/\"}},{\"@type\":\"Person\",\"@id\":\"https:\\\/\\\/www.meydan.tv\\\/az\\\/#\\\/schema\\\/person\\\/10d11eccf6da3662cf5fdab9806ea91a\",\"name\":\"user-manager\"}]}<\/script>\n<!-- \/ Yoast SEO plugin. -->","yoast_head_json":{"title":"\u018fsg\u0259r anas\u0131n\u0131n k\u00f6m\u0259y\u0259 ehtiyac\u0131 var - MEYDAN.TV","robots":{"index":"index","follow":"follow","max-snippet":"max-snippet:-1","max-image-preview":"max-image-preview:large","max-video-preview":"max-video-preview:-1"},"canonical":"https:\/\/www.meydan.tv\/az\/article\/esger-anasinin-komeye-ehtiyaci-var\/","og_locale":"az_AZ","og_type":"article","og_title":"\u018fsg\u0259r anas\u0131n\u0131n k\u00f6m\u0259y\u0259 ehtiyac\u0131 var - MEYDAN.TV","og_description":"Misri A\u011fayeva probleml\u0259rini dan\u0131\u015fmaq \u00fc\u00e7\u00fcn hans\u0131ndan ba\u015flayaca\u011f\u0131n\u0131 bilmir.","og_url":"https:\/\/www.meydan.tv\/az\/article\/esger-anasinin-komeye-ehtiyaci-var\/","og_site_name":"MEYDAN.TV","article_published_time":"2021-02-28T21:49:53+00:00","og_image":[{"width":1280,"height":720,"url":"https:\/\/www.meydan.tv\/wp-content\/uploads\/maxresdefault_0xhadfe.jpg","type":"image\/jpeg"}],"author":"user-manager","twitter_card":"summary_large_image","schema":{"@context":"https:\/\/schema.org","@graph":[{"@type":"Article","@id":"https:\/\/www.meydan.tv\/az\/article\/esger-anasinin-komeye-ehtiyaci-var\/#article","isPartOf":{"@id":"https:\/\/www.meydan.tv\/az\/article\/esger-anasinin-komeye-ehtiyaci-var\/"},"author":{"name":"user-manager","@id":"https:\/\/www.meydan.tv\/az\/#\/schema\/person\/10d11eccf6da3662cf5fdab9806ea91a"},"headline":"\u018fsg\u0259r anas\u0131n\u0131n k\u00f6m\u0259y\u0259 ehtiyac\u0131 var","datePublished":"2021-02-28T21:49:53+00:00","mainEntityOfPage":{"@id":"https:\/\/www.meydan.tv\/az\/article\/esger-anasinin-komeye-ehtiyaci-var\/"},"wordCount":135,"publisher":{"@id":"https:\/\/www.meydan.tv\/az\/#organization"},"image":{"@id":"https:\/\/www.meydan.tv\/az\/article\/esger-anasinin-komeye-ehtiyaci-var\/#primaryimage"},"thumbnailUrl":"https:\/\/www.meydan.tv\/wp-content\/uploads\/maxresdefault_0xhadfe.jpg","articleSection":["Video"],"inLanguage":"az"},{"@type":"WebPage","@id":"https:\/\/www.meydan.tv\/az\/article\/esger-anasinin-komeye-ehtiyaci-var\/","url":"https:\/\/www.meydan.tv\/az\/article\/esger-anasinin-komeye-ehtiyaci-var\/","name":"\u018fsg\u0259r anas\u0131n\u0131n k\u00f6m\u0259y\u0259 ehtiyac\u0131 var - MEYDAN.TV","isPartOf":{"@id":"https:\/\/www.meydan.tv\/az\/#website"},"primaryImageOfPage":{"@id":"https:\/\/www.meydan.tv\/az\/article\/esger-anasinin-komeye-ehtiyaci-var\/#primaryimage"},"image":{"@id":"https:\/\/www.meydan.tv\/az\/article\/esger-anasinin-komeye-ehtiyaci-var\/#primaryimage"},"thumbnailUrl":"https:\/\/www.meydan.tv\/wp-content\/uploads\/maxresdefault_0xhadfe.jpg","datePublished":"2021-02-28T21:49:53+00:00","breadcrumb":{"@id":"https:\/\/www.meydan.tv\/az\/article\/esger-anasinin-komeye-ehtiyaci-var\/#breadcrumb"},"inLanguage":"az","potentialAction":[{"@type":"ReadAction","target":["https:\/\/www.meydan.tv\/az\/article\/esger-anasinin-komeye-ehtiyaci-var\/"]}]},{"@type":"ImageObject","inLanguage":"az","@id":"https:\/\/www.meydan.tv\/az\/article\/esger-anasinin-komeye-ehtiyaci-var\/#primaryimage","url":"https:\/\/www.meydan.tv\/wp-content\/uploads\/maxresdefault_0xhadfe.jpg","contentUrl":"https:\/\/www.meydan.tv\/wp-content\/uploads\/maxresdefault_0xhadfe.jpg","width":1280,"height":720,"caption":"Source: Meydan.TV"},{"@type":"BreadcrumbList","@id":"https:\/\/www.meydan.tv\/az\/article\/esger-anasinin-komeye-ehtiyaci-var\/#breadcrumb","itemListElement":[{"@type":"ListItem","position":1,"name":"Ana s\u0259hif\u0259","item":"https:\/\/www.meydan.tv\/az\/"},{"@type":"ListItem","position":2,"name":"Video","item":"https:\/\/www.meydan.tv\/az\/section\/video-2\/"},{"@type":"ListItem","position":3,"name":"\u018fsg\u0259r anas\u0131n\u0131n k\u00f6m\u0259y\u0259 ehtiyac\u0131 var"}]},{"@type":"WebSite","@id":"https:\/\/www.meydan.tv\/az\/#website","url":"https:\/\/www.meydan.tv\/az\/","name":"MEYDAN.TV","description":"Meydan TV Az\u0259rbaycan\u0131n media m\u0259kan\u0131ndak\u0131 alternativ s\u0259sidir","publisher":{"@id":"https:\/\/www.meydan.tv\/az\/#organization"},"potentialAction":[{"@type":"SearchAction","target":{"@type":"EntryPoint","urlTemplate":"https:\/\/www.meydan.tv\/az\/?s={search_term_string}"},"query-input":{"@type":"PropertyValueSpecification","valueRequired":true,"valueName":"search_term_string"}}],"inLanguage":"az"},{"@type":"Organization","@id":"https:\/\/www.meydan.tv\/az\/#organization","name":"Meydan TV","url":"https:\/\/www.meydan.tv\/az\/","logo":{"@type":"ImageObject","inLanguage":"az","@id":"https:\/\/www.meydan.tv\/az\/#\/schema\/logo\/image\/","url":"https:\/\/www.meydan.tv\/wp-content\/uploads\/2021\/07\/meydan-logo.svg","contentUrl":"https:\/\/www.meydan.tv\/wp-content\/uploads\/2021\/07\/meydan-logo.svg","width":195,"height":46,"caption":"Meydan TV"},"image":{"@id":"https:\/\/www.meydan.tv\/az\/#\/schema\/logo\/image\/"}},{"@type":"Person","@id":"https:\/\/www.meydan.tv\/az\/#\/schema\/person\/10d11eccf6da3662cf5fdab9806ea91a","name":"user-manager"}]}},"_links":{"self":[{"href":"https:\/\/www.meydan.tv\/az\/wp-json\/wp\/v2\/posts\/205174","targetHints":{"allow":["GET"]}}],"collection":[{"href":"https:\/\/www.meydan.tv\/az\/wp-json\/wp\/v2\/posts"}],"about":[{"href":"https:\/\/www.meydan.tv\/az\/wp-json\/wp\/v2\/types\/post"}],"author":[{"embeddable":true,"href":"https:\/\/www.meydan.tv\/az\/wp-json\/wp\/v2\/users\/11"}],"replies":[{"embeddable":true,"href":"https:\/\/www.meydan.tv\/az\/wp-json\/wp\/v2\/comments?post=205174"}],"version-history":[{"count":0,"href":"https:\/\/www.meydan.tv\/az\/wp-json\/wp\/v2\/posts\/205174\/revisions"}],"wp:featuredmedia":[{"embeddable":true,"href":"https:\/\/www.meydan.tv\/az\/wp-json\/wp\/v2\/media\/157114"}],"wp:attachment":[{"href":"https:\/\/www.meydan.tv\/az\/wp-json\/wp\/v2\/media?parent=205174"}],"wp:term":[{"taxonomy":"category","embeddable":true,"href":"https:\/\/www.meydan.tv\/az\/wp-json\/wp\/v2\/categories?post=205174"},{"taxonomy":"post_tag","embeddable":true,"href":"https:\/\/www.meydan.tv\/az\/wp-json\/wp\/v2\/tags?post=205174"}],"curies":[{"name":"wp","href":"https:\/\/api.w.org\/{rel}","templated":true}]}}