{"id":205173,"date":"2021-02-28T14:35:36","date_gmt":"2021-02-28T14:35:36","guid":{"rendered":"https:\/\/www.meydan.tv\/article\/gedebey-sakini-icra-bascisinin-qohumu-haqqinda-yazdigi-meqale-qardasimin-hebsine-sebeb-oldu\/"},"modified":"2021-02-28T14:35:36","modified_gmt":"2021-02-28T14:35:36","slug":"gedebey-sakini-icra-bascisinin-qohumu-haqqinda-yazdigi-meqale-qardasimin-hebsine-sebeb-oldu","status":"publish","type":"post","link":"https:\/\/www.meydan.tv\/az\/article\/gedebey-sakini-icra-bascisinin-qohumu-haqqinda-yazdigi-meqale-qardasimin-hebsine-sebeb-oldu\/","title":{"rendered":"G\u0259d\u0259b\u0259y sakini: \u0130cra ba\u015f\u00e7\u0131s\u0131n\u0131n qohumu haqq\u0131nda yazd\u0131\u011f\u0131 m\u0259qal\u0259 qarda\u015f\u0131m\u0131n h\u0259bsin\u0259 s\u0259b\u0259b oldu"},"content":{"rendered":"<p>\n  <i><br \/>\n    \u201cStulu silah kimi g\u00f6st\u0259rib, qarda\u015f\u0131m\u0131 sifari\u015fl\u0259 h\u0259bs etdiribl\u0259r\u201d<br \/>\n  <\/i>\n<\/p>\n<p>\n  \u201cAnews.az\u201d sayt\u0131n\u0131n b\u00f6lg\u0259 m\u00fcxbiri Zaur Q\u0259mb\u0259rov ya\u015fad\u0131\u011f\u0131 G\u0259d\u0259b\u0259y rayonunda D\u00f6vl\u0259t Sosial M\u00fcdafi\u0259 Fondunun yerli \u015f\u00f6b\u0259sinin m\u00fcdir m\u00fcavini v\u0259 s\u00fcr\u00fcc\u00fcs\u00fcn\u0259 qar\u015f\u0131 xuliqanl\u0131q ittiham\u0131yla 3 il 6 ay azadl\u0131qdan m\u0259hrum edilib. Amma \u00f6z\u00fc d\u0259, ail\u0259 \u00fczvl\u0259ri d\u0259 deyir ki, xuliqanl\u0131q ittiham\u0131 saxtad\u0131r, h\u0259bsin \u0259sl s\u0259b\u0259bi rayonda ba\u015f ver\u0259n qanunsuzluqlarla ba\u011fl\u0131 faktlar\u0131 i\u015f\u0131qland\u0131rmas\u0131d\u0131r.\n<\/p>\n<p>\n  <b><br \/>\n    \u201cM\u0259hk\u0259m\u0259 \u0259dal\u0259tli olsayd\u0131, kamera g\u00f6r\u00fcnt\u00fcl\u0259rini t\u0259l\u0259b ed\u0259rdi\u201d<br \/>\n  <\/b>\n<\/p>\n<p>\n  30 ya\u015fl\u0131 Zaur Q\u0259mb\u0259rov Cinay\u0259t M\u0259c\u0259ll\u0259sinin 221.3 (silah v\u0259 ya silah qismind\u0259 \u0259\u015fyadan istifad\u0259 etm\u0259kl\u0259 xuliqanl\u0131q) madd\u0259sil\u0259 t\u0259qsirl\u0259ndirilir. \u0130ddia olunur ki, o, D\u00f6vl\u0259t Sosial Mudafi\u0259 Fondunun G\u0259d\u0259b\u0259y rayon \u015f\u00f6b\u0259sind\u0259 m\u00fcdir m\u00fcavini \u0130brahim \u018fl\u0259sg\u0259rova stul at\u0131b. Amma h\u0259min vaxt ota\u011fa daxil olan s\u00fcr\u00fcc\u00fc \u0130sf\u0259ndiyar Q\u0259l\u0259nd\u0259rov mane olub, stul ona d\u0259ym\u0259yib. Zaur Q\u0259mb\u0259rov hirsind\u0259n otaqda olan ba\u015fqa bir stulu s\u0131nd\u0131r\u0131b. Ona mane olmaq ist\u0259y\u0259n s\u00fcr\u00fcc\u00fcn\u00fc d\u0259 d\u00f6y\u00fcb, t\u0259hqir edib.\n<\/p>\n<p>\n  Zaur Q\u0259mb\u0259rovun qarda\u015f\u0131 Elm\u0259ddin Q\u0259mb\u0259rov Meydan TV-y\u0259 bildirib ki, bu ittiham \u0259sass\u0131zd\u0131r. Onun s\u00f6zl\u0259rin\u0259 g\u00f6r\u0259, Zaurun \u015f\u00f6b\u0259nin binas\u0131nda iki n\u0259f\u0259ri d\u00f6ym\u0259si, t\u0259hqir etm\u0259si, m\u00fcdir v\u0259 dig\u0259r i\u015f\u00e7il\u0259rin d\u0259 buna sakit yana\u015fmas\u0131 he\u00e7 bir halda inand\u0131r\u0131c\u0131 deyil. M\u0259hk\u0259m\u0259nin sifari\u015fl\u0259 qarda\u015f\u0131 haqq\u0131nda h\u00f6km \u00e7\u0131xard\u0131\u011f\u0131n\u0131 vur\u011fulayan Elm\u0259ddin Q\u0259mb\u0259rov deyir ki, \u0259slind\u0259, Zaurun \u00f6z\u00fcn\u00fc d\u00f6y\u00fcbl\u0259r, telefonunu s\u0131nd\u0131r\u0131blar. Ba\u015f ver\u0259nl\u0259ri binadak\u0131 m\u00fc\u015fahid\u0259 kameralar\u0131 da \u00e7\u0259kib, amma o g\u00f6r\u00fcnt\u00fcl\u0259ri ortaya \u00e7\u0131xarm\u0131rlar:\n<\/p>\n<p>\n  \u201cM\u0259hk\u0259m\u0259 do\u011frudan da \u0259dal\u0259tli olsayd\u0131, o kamera g\u00f6r\u00fcnt\u00fcl\u0259rini t\u0259l\u0259b ed\u0259rdi. \u018fn obyektiv s\u00fcbut odur. M\u0259hk\u0259m\u0259d\u0259 \u015fahid kimi dindiril\u0259nl\u0259r Sosial M\u00fcdafi\u0259 \u015e\u00f6b\u0259sinin i\u015f\u00e7il\u0259ridir. Onlara n\u0259 tap\u015f\u0131r\u0131l\u0131bsa, g\u0259lib el\u0259 d\u0259 ifad\u0259 veribl\u0259r. Bunun n\u0259yi m\u0259hk\u0259m\u0259 oldu?\u201d\n<\/p>\n<p>\n  <b><br \/>\n    \u201cM\u00fcdir telefonu al\u0131b s\u0131nd\u0131r\u0131b, qap\u0131lar\u0131 ba\u011flatd\u0131r\u0131b ki, ged\u0259 bilm\u0259sin\u201d<br \/>\n  <\/b>\n<\/p>\n<p>\n  Qarda\u015f\u0131 deyir ki, Zaur Q\u0259mb\u0259rov ona hadis\u0259nin nec\u0259 ba\u015f verdiyini dan\u0131\u015f\u0131b. O, G\u0259d\u0259b\u0259y sakinl\u0259rind\u0259n birinin u\u015fa\u011f\u0131na pensiya t\u0259yin edilm\u0259sil\u0259 ba\u011fl\u0131 \u015fikay\u0259tini ara\u015fd\u0131rmaq \u00fc\u00e7\u00fcn D\u00f6vl\u0259t Sosial M\u00fcdafi\u0259 Fondunun G\u0259d\u0259b\u0259y rayon \u015f\u00f6b\u0259sin\u0259 gedib. Orada qurumun Almaz adl\u0131 \u0259m\u0259kda\u015f\u0131yla bu haqda dan\u0131\u015f\u0131b, qar\u015f\u0131 t\u0259r\u0259fin cavab\u0131n\u0131 \u00f6yr\u0259nib v\u0259 getm\u0259k ist\u0259y\u0259nd\u0259 d\u0259hlizd\u0259 \u015f\u00f6b\u0259nin m\u00fcdir m\u00fcavini onu g\u00f6r\u00fcb, \u00f6z ota\u011f\u0131na \u00e7a\u011f\u0131r\u0131b. \u0130ki g\u00fcn \u0259vv\u0259l ya\u015fad\u0131\u011f\u0131 Ar\u0131q\u0131ran k\u0259ndind\u0259 yard\u0131m payland\u0131qdan sonra bo\u015f qutular\u0131n \u0259raziy\u0259 da\u011f\u0131d\u0131lmas\u0131 haqda payla\u015fd\u0131\u011f\u0131 video bar\u0259d\u0259 dan\u0131\u015f\u0131blar:\n<\/p>\n<p>\n  \u201cH\u0259min vaxt ota\u011fa daxil olan s\u00fcr\u00fcc\u00fc \u0130sf\u0259ndiyar Q\u0259l\u0259nd\u0259rov ona qar\u015f\u0131 kobudluq edib, \u015f\u0259xsiyy\u0259tini, pe\u015f\u0259sini t\u0259hqir edib. Zaur \u00e7\u0131x\u0131b getm\u0259k ist\u0259y\u0259nd\u0259 d\u0259hlizd\u0259 \u0130sg\u0259ndiyar d\u00fcz kameralar\u0131n alt\u0131nda onu vurub, d\u00f6y\u00fcb. Zaur telefonuyla bunu \u00e7\u0259k\u0259nd\u0259 m\u00fcdir Elsun Xudaverdiyev g\u0259lib, telefonu \u0259lind\u0259n al\u0131b, yer\u0259 \u00e7\u0131rp\u0131b. \u018fyilib telefonunu g\u00f6t\u00fcrm\u0259k ist\u0259y\u0259nd\u0259 m\u00fcdir telefonu aya\u011f\u0131 yl\u0259 tapdalay\u0131b. H\u0259min vaxt Zaur telefonunu g\u00f6t\u00fcrm\u0259y\u0259 \u00e7al\u0131\u015fd\u0131\u011f\u0131na g\u00f6r\u0259 t\u0259pikl\u0259r Zaurun da \u0259lin\u0259 d\u0259yib, iki barma\u011f\u0131ndan x\u0259sar\u0259t al\u0131b. Elsun Xudaverdiyev qap\u0131lar\u0131 ba\u011flatd\u0131r\u0131b, o v\u0259ziyy\u0259td\u0259 d\u0259 Zauru \u00e7\u0131x\u0131b getm\u0259y\u0259 qoymay\u0131b. Sonradan Zaur \u015f\u00f6b\u0259d\u0259 izahat yazanda da deyib ki, ba\u015f ver\u0259nl\u0259ri d\u0259hlizd\u0259ki kameralar \u00e7\u0259kib, o g\u00f6r\u00fcnt\u00fcl\u0259r\u0259 bax\u0131ls\u0131n\u201d.\n<\/p>\n<figure class=\"wp-block-image size-large\">\n  <img decoding=\"async\" src=\"https:\/\/www.meydan.tv\/az\/photo-2021-02-28-16-27-28-jpg\/\" alt=\"photo-2021-02-28-16-27-28.jpg\" class=\"wp-image-157108\"\/><figcaption>\n    \u00d6t\u0259n ilin oktyabr\u0131n 29-da h\u00f6km \u00e7\u0131xar\u0131l\u0131b<br \/>\n  <\/figcaption><\/figure>\n<p>\n  <b><br \/>\n    \u201cStul n\u0259 vaxtdan silah olub?\u201d<br \/>\n  <\/b>\n<\/p>\n<p>\n  Zaur Q\u0259mb\u0259rov istintaq d\u00f6vr\u00fcnd\u0259, h\u0259m\u00e7inin \u0259vv\u0259lki m\u0259hk\u0259m\u0259 iclaslar\u0131 ke\u00e7iril\u0259n d\u00f6vrd\u0259 h\u0259bsd\u0259 olmay\u0131b. Onun haqq\u0131nda oktyabr\u0131n 15-d\u0259 ke\u00e7iril\u0259n m\u0259hk\u0259m\u0259d\u0259 h\u0259bs q\u0259rar\u0131 verilib. Oktyabr\u0131n 29-da is\u0259 h\u00f6km \u00e7\u0131xar\u0131l\u0131b: \u201cM\u00fcharib\u0259 ba\u015flayandan sonra ba\u015f qar\u0131\u015f\u0131q oldu, ictimaiyy\u0259tin diqq\u0259ti m\u00fcharib\u0259y\u0259 y\u00f6n\u0259lmi\u015fdi. Bundan istifad\u0259 edib, sifari\u015fi icra el\u0259dil\u0259r. Adam\u0131 s\u00f6y\u00fcb-d\u00f6ym\u0259kl\u0259ri b\u0259s deyil, h\u0259l\u0259 stulu silah kimi q\u0259l\u0259m\u0259 verib, h\u0259bs el\u0259tdirdil\u0259r. Stul n\u0259 vaxtdan silah olub?\u201d\n<\/p>\n<p>\n  Cinay\u0259t i\u015finin materiallar\u0131nda ekspert r\u0259yi var. Orada yaz\u0131l\u0131b ki, stulun d\u0259mir material\u0131 cod oldu\u011fu \u00fc\u00e7\u00fcn \u0259l-barmaq izini g\u00f6t\u00fcrm\u0259k m\u00fcmk\u00fcn olmay\u0131b: \u201c\u018fg\u0259r o stulun \u00fcst\u00fcnd\u0259 Zaurun \u0259l izl\u0259ri olsayd\u0131, ekspertiza r\u0259y ver\u0259rdi. Onun \u0259li o stula d\u0259ym\u0259yib. Ona g\u00f6r\u0259 ekspertizadan r\u0259y al\u0131blar ki, izl\u0259ri g\u00f6t\u00fcrm\u0259k m\u00fcmk\u00fcn olmad\u0131\u201d.\n<\/p>\n<p>\n  Zaur Q\u0259mb\u0259rov \u00f6z\u00fc d\u0259 h\u0259bsd\u0259n mediaya m\u00fcraci\u0259tind\u0259 vur\u011fulay\u0131b ki, G\u0259d\u0259b\u0259yd\u0259ki m\u0259mur \u00f6zba\u015f\u0131nal\u0131\u011f\u0131, korrupsiya haqda haz\u0131rlad\u0131\u011f\u0131 materiallara g\u00f6r\u0259 sifari\u015fl\u0259 h\u0259bs olunub. Onun s\u00f6zl\u0259rin\u0259 g\u00f6r\u0259, G\u0259d\u0259b\u0259y Rayon \u0130cra Hakimiyy\u0259ti ba\u015f\u00e7\u0131s\u0131n\u0131n bibisi o\u011flu haqda material is\u0259 h\u0259lledici olub: \u201cD\u00f6vl\u0259t Sosial M\u00fcdafi\u0259 Fondunun \u0259m\u0259kda\u015f\u0131 kimi r\u0259smil\u0259\u015fdirils\u0259 d\u0259, \u00f6z\u00fc i\u015f\u0259 g\u0259lmirdi. Bu haqda haz\u0131rlad\u0131\u011f\u0131 material is\u0259 h\u0259m icra ba\u015f\u00e7\u0131s\u0131n\u0131, h\u0259m d\u0259 \u0259m\u0259k v\u0259 \u0259halinin sosial m\u00fcdafi\u0259si nazirini q\u0259z\u0259bl\u0259ndirib\u201d.\n<\/p>\n<p>\n  <b><br \/>\n    \u201cPolis r\u0259isinin m\u00fcavinin\u0259 z\u0259ng el\u0259dim&#8230;\u201d<br \/>\n  <\/b>\n<\/p>\n<p>\n  G\u0259d\u0259b\u0259y Rayon \u0130cra Hakimiyy\u0259tind\u0259n Meydan TV-y\u0259 bildirilib ki, Zaur Q\u0259mb\u0259rovun h\u0259bsinin, onun haqq\u0131nda \u00e7\u0131xar\u0131lan m\u0259hk\u0259m\u0259 h\u00f6km\u00fcn\u00fcn icra hakimiyy\u0259tin\u0259, icra ba\u015f\u00e7\u0131s\u0131na aidiyy\u0259ti yoxdur.\n<\/p>\n<p>\n  D\u00f6vl\u0259t Sosial M\u00fcdafi\u0259 Fondunun G\u0259d\u0259b\u0259y rayon \u015f\u00f6b\u0259sinin m\u00fcdiri Elsun Xudaverdiyev bildirib ki, Zaur Q\u0259mb\u0259rovu 2018-ci ild\u0259n tan\u0131y\u0131r, onunla \u0259dav\u0259ti olmay\u0131b. Zaur Q\u0259nb\u0259rovun bir ne\u00e7\u0259 d\u0259f\u0259 onun i\u015f yerin\u0259 g\u0259ldiyini dey\u0259n \u015f\u00f6b\u0259 m\u00fcdirinin s\u00f6zl\u0259rin\u0259 g\u00f6r\u0259, o, \u00f6z\u00fcn\u0259 aidiyy\u0259ti olmayan adamlar\u0131n pensiyas\u0131, dig\u0259r sosial m\u0259s\u0259l\u0259l\u0259ri il\u0259 maraqlan\u0131b. Hadis\u0259y\u0259 g\u0259linc\u0259, o, iddia edib ki, h\u0259min g\u00fcn i\u015f ota\u011f\u0131nda kameradan d\u0259hlizd\u0259 bir ne\u00e7\u0259 n\u0259f\u0259rin oldu\u011funu g\u00f6r\u00fcb, s\u00f6y\u00fc\u015f s\u00f6y\u00fcld\u00fcy\u00fcn\u00fc e\u015fidib v\u0259 \u00e7\u0131x\u0131b.\n<\/p>\n<p>\n  Xudaverdiyev onu da etiraf edib ki, qap\u0131n\u0131n ba\u011flanmas\u0131na g\u00f6st\u0259ri\u015f verib, Zaurun getm\u0259sin\u0259 imkan verm\u0259yib: \u201cPolis \u015f\u00f6b\u0259sinin r\u0259is m\u00fcavini B\u0259hm\u0259n m\u00fc\u0259llim\u0259 z\u0259ng el\u0259dim. Polis \u0259m\u0259kda\u015flar\u0131 g\u0259l\u0259n\u0259 q\u0259d\u0259r Zaurun \u00e7\u0131x\u0131b getm\u0259m\u0259si \u00fc\u00e7\u00fcn qap\u0131n\u0131n ba\u011flanmas\u0131na g\u00f6st\u0259ri\u015f verdim\u201d.\n<\/p>\n<p>\n  Zaur Q\u0259mb\u0259rov haqq\u0131nda h\u00f6kmd\u0259n apelyasiya \u015fikay\u0259ti verilib. \u015eikay\u0259t\u0259 haz\u0131rda G\u0259nc\u0259 Apelyasiya M\u0259hk\u0259m\u0259sind\u0259 \u00c7ingiz M\u0259mm\u0259dovun s\u0259drlik etdiyi hakiml\u0259r kollegiyas\u0131 bax\u0131r.<\/p>\n","protected":false},"excerpt":{"rendered":"<p>&#8220;Ba\u015f ver\u0259nl\u0259ri binadak\u0131 m\u00fc\u015fahid\u0259 kameralar\u0131 da \u00e7\u0259kib, amma o g\u00f6r\u00fcnt\u00fcl\u0259ri ortaya \u00e7\u0131xarm\u0131rlar&#8221;<\/p>\n","protected":false},"author":11,"featured_media":157105,"comment_status":"closed","ping_status":"open","sticky":false,"template":"","format":"standard","meta":{"_acf_changed":false,"_sitemap_exclude":false,"_sitemap_priority":"","_sitemap_frequency":"","footnotes":""},"categories":[60],"tags":[],"class_list":["post-205173","post","type-post","status-publish","format-standard","has-post-thumbnail","hentry","category-bolge","infinite-scroll-item","generate-columns","tablet-grid-50","mobile-grid-100","grid-parent","grid-33","no-featured-image-padding"],"acf":[],"yoast_head":"<!-- This site is optimized with the Yoast SEO plugin v27.5 - https:\/\/yoast.com\/product\/yoast-seo-wordpress\/ -->\n<title>G\u0259d\u0259b\u0259y sakini: \u0130cra ba\u015f\u00e7\u0131s\u0131n\u0131n qohumu haqq\u0131nda yazd\u0131\u011f\u0131 m\u0259qal\u0259 qarda\u015f\u0131m\u0131n h\u0259bsin\u0259 s\u0259b\u0259b oldu - MEYDAN.TV<\/title>\n<meta name=\"robots\" content=\"index, follow, max-snippet:-1, max-image-preview:large, max-video-preview:-1\" \/>\n<link rel=\"canonical\" href=\"https:\/\/www.meydan.tv\/az\/article\/gedebey-sakini-icra-bascisinin-qohumu-haqqinda-yazdigi-meqale-qardasimin-hebsine-sebeb-oldu\/\" \/>\n<meta property=\"og:locale\" content=\"az_AZ\" \/>\n<meta property=\"og:type\" content=\"article\" \/>\n<meta property=\"og:title\" content=\"G\u0259d\u0259b\u0259y sakini: \u0130cra ba\u015f\u00e7\u0131s\u0131n\u0131n qohumu haqq\u0131nda yazd\u0131\u011f\u0131 m\u0259qal\u0259 qarda\u015f\u0131m\u0131n h\u0259bsin\u0259 s\u0259b\u0259b oldu - MEYDAN.TV\" \/>\n<meta property=\"og:description\" content=\"&quot;Ba\u015f ver\u0259nl\u0259ri binadak\u0131 m\u00fc\u015fahid\u0259 kameralar\u0131 da \u00e7\u0259kib, amma o g\u00f6r\u00fcnt\u00fcl\u0259ri ortaya \u00e7\u0131xarm\u0131rlar&quot;\" \/>\n<meta property=\"og:url\" content=\"https:\/\/www.meydan.tv\/az\/article\/gedebey-sakini-icra-bascisinin-qohumu-haqqinda-yazdigi-meqale-qardasimin-hebsine-sebeb-oldu\/\" \/>\n<meta property=\"og:site_name\" content=\"MEYDAN.TV\" \/>\n<meta property=\"article:published_time\" content=\"2021-02-28T14:35:36+00:00\" \/>\n<meta property=\"og:image\" content=\"https:\/\/www.meydan.tv\/wp-content\/uploads\/untitled_design_1_m2jd5gn.png\" \/>\n\t<meta property=\"og:image:width\" content=\"1920\" \/>\n\t<meta property=\"og:image:height\" content=\"1080\" \/>\n\t<meta property=\"og:image:type\" content=\"image\/png\" \/>\n<meta name=\"author\" content=\"user-manager\" \/>\n<meta name=\"twitter:card\" content=\"summary_large_image\" \/>\n<script type=\"application\/ld+json\" class=\"yoast-schema-graph\">{\"@context\":\"https:\\\/\\\/schema.org\",\"@graph\":[{\"@type\":\"Article\",\"@id\":\"https:\\\/\\\/www.meydan.tv\\\/az\\\/article\\\/gedebey-sakini-icra-bascisinin-qohumu-haqqinda-yazdigi-meqale-qardasimin-hebsine-sebeb-oldu\\\/#article\",\"isPartOf\":{\"@id\":\"https:\\\/\\\/www.meydan.tv\\\/az\\\/article\\\/gedebey-sakini-icra-bascisinin-qohumu-haqqinda-yazdigi-meqale-qardasimin-hebsine-sebeb-oldu\\\/\"},\"author\":{\"name\":\"user-manager\",\"@id\":\"https:\\\/\\\/www.meydan.tv\\\/az\\\/#\\\/schema\\\/person\\\/10d11eccf6da3662cf5fdab9806ea91a\"},\"headline\":\"G\u0259d\u0259b\u0259y sakini: \u0130cra ba\u015f\u00e7\u0131s\u0131n\u0131n qohumu haqq\u0131nda yazd\u0131\u011f\u0131 m\u0259qal\u0259 qarda\u015f\u0131m\u0131n h\u0259bsin\u0259 s\u0259b\u0259b oldu\",\"datePublished\":\"2021-02-28T14:35:36+00:00\",\"mainEntityOfPage\":{\"@id\":\"https:\\\/\\\/www.meydan.tv\\\/az\\\/article\\\/gedebey-sakini-icra-bascisinin-qohumu-haqqinda-yazdigi-meqale-qardasimin-hebsine-sebeb-oldu\\\/\"},\"wordCount\":1327,\"publisher\":{\"@id\":\"https:\\\/\\\/www.meydan.tv\\\/az\\\/#organization\"},\"image\":{\"@id\":\"https:\\\/\\\/www.meydan.tv\\\/az\\\/article\\\/gedebey-sakini-icra-bascisinin-qohumu-haqqinda-yazdigi-meqale-qardasimin-hebsine-sebeb-oldu\\\/#primaryimage\"},\"thumbnailUrl\":\"https:\\\/\\\/www.meydan.tv\\\/wp-content\\\/uploads\\\/untitled_design_1_m2jd5gn.png\",\"articleSection\":[\"B\u00f6lg\u0259\"],\"inLanguage\":\"az\"},{\"@type\":\"WebPage\",\"@id\":\"https:\\\/\\\/www.meydan.tv\\\/az\\\/article\\\/gedebey-sakini-icra-bascisinin-qohumu-haqqinda-yazdigi-meqale-qardasimin-hebsine-sebeb-oldu\\\/\",\"url\":\"https:\\\/\\\/www.meydan.tv\\\/az\\\/article\\\/gedebey-sakini-icra-bascisinin-qohumu-haqqinda-yazdigi-meqale-qardasimin-hebsine-sebeb-oldu\\\/\",\"name\":\"G\u0259d\u0259b\u0259y sakini: \u0130cra ba\u015f\u00e7\u0131s\u0131n\u0131n qohumu haqq\u0131nda yazd\u0131\u011f\u0131 m\u0259qal\u0259 qarda\u015f\u0131m\u0131n h\u0259bsin\u0259 s\u0259b\u0259b oldu - MEYDAN.TV\",\"isPartOf\":{\"@id\":\"https:\\\/\\\/www.meydan.tv\\\/az\\\/#website\"},\"primaryImageOfPage\":{\"@id\":\"https:\\\/\\\/www.meydan.tv\\\/az\\\/article\\\/gedebey-sakini-icra-bascisinin-qohumu-haqqinda-yazdigi-meqale-qardasimin-hebsine-sebeb-oldu\\\/#primaryimage\"},\"image\":{\"@id\":\"https:\\\/\\\/www.meydan.tv\\\/az\\\/article\\\/gedebey-sakini-icra-bascisinin-qohumu-haqqinda-yazdigi-meqale-qardasimin-hebsine-sebeb-oldu\\\/#primaryimage\"},\"thumbnailUrl\":\"https:\\\/\\\/www.meydan.tv\\\/wp-content\\\/uploads\\\/untitled_design_1_m2jd5gn.png\",\"datePublished\":\"2021-02-28T14:35:36+00:00\",\"breadcrumb\":{\"@id\":\"https:\\\/\\\/www.meydan.tv\\\/az\\\/article\\\/gedebey-sakini-icra-bascisinin-qohumu-haqqinda-yazdigi-meqale-qardasimin-hebsine-sebeb-oldu\\\/#breadcrumb\"},\"inLanguage\":\"az\",\"potentialAction\":[{\"@type\":\"ReadAction\",\"target\":[\"https:\\\/\\\/www.meydan.tv\\\/az\\\/article\\\/gedebey-sakini-icra-bascisinin-qohumu-haqqinda-yazdigi-meqale-qardasimin-hebsine-sebeb-oldu\\\/\"]}]},{\"@type\":\"ImageObject\",\"inLanguage\":\"az\",\"@id\":\"https:\\\/\\\/www.meydan.tv\\\/az\\\/article\\\/gedebey-sakini-icra-bascisinin-qohumu-haqqinda-yazdigi-meqale-qardasimin-hebsine-sebeb-oldu\\\/#primaryimage\",\"url\":\"https:\\\/\\\/www.meydan.tv\\\/wp-content\\\/uploads\\\/untitled_design_1_m2jd5gn.png\",\"contentUrl\":\"https:\\\/\\\/www.meydan.tv\\\/wp-content\\\/uploads\\\/untitled_design_1_m2jd5gn.png\",\"width\":1920,\"height\":1080,\"caption\":\"Source: Specify Source\"},{\"@type\":\"BreadcrumbList\",\"@id\":\"https:\\\/\\\/www.meydan.tv\\\/az\\\/article\\\/gedebey-sakini-icra-bascisinin-qohumu-haqqinda-yazdigi-meqale-qardasimin-hebsine-sebeb-oldu\\\/#breadcrumb\",\"itemListElement\":[{\"@type\":\"ListItem\",\"position\":1,\"name\":\"Ana s\u0259hif\u0259\",\"item\":\"https:\\\/\\\/www.meydan.tv\\\/az\\\/\"},{\"@type\":\"ListItem\",\"position\":2,\"name\":\"B\u00f6lg\u0259\",\"item\":\"https:\\\/\\\/www.meydan.tv\\\/az\\\/section\\\/bolge\\\/\"},{\"@type\":\"ListItem\",\"position\":3,\"name\":\"G\u0259d\u0259b\u0259y sakini: \u0130cra ba\u015f\u00e7\u0131s\u0131n\u0131n qohumu haqq\u0131nda yazd\u0131\u011f\u0131 m\u0259qal\u0259 qarda\u015f\u0131m\u0131n h\u0259bsin\u0259 s\u0259b\u0259b oldu\"}]},{\"@type\":\"WebSite\",\"@id\":\"https:\\\/\\\/www.meydan.tv\\\/az\\\/#website\",\"url\":\"https:\\\/\\\/www.meydan.tv\\\/az\\\/\",\"name\":\"MEYDAN.TV\",\"description\":\"Meydan TV Az\u0259rbaycan\u0131n media m\u0259kan\u0131ndak\u0131 alternativ s\u0259sidir\",\"publisher\":{\"@id\":\"https:\\\/\\\/www.meydan.tv\\\/az\\\/#organization\"},\"potentialAction\":[{\"@type\":\"SearchAction\",\"target\":{\"@type\":\"EntryPoint\",\"urlTemplate\":\"https:\\\/\\\/www.meydan.tv\\\/az\\\/?s={search_term_string}\"},\"query-input\":{\"@type\":\"PropertyValueSpecification\",\"valueRequired\":true,\"valueName\":\"search_term_string\"}}],\"inLanguage\":\"az\"},{\"@type\":\"Organization\",\"@id\":\"https:\\\/\\\/www.meydan.tv\\\/az\\\/#organization\",\"name\":\"Meydan TV\",\"url\":\"https:\\\/\\\/www.meydan.tv\\\/az\\\/\",\"logo\":{\"@type\":\"ImageObject\",\"inLanguage\":\"az\",\"@id\":\"https:\\\/\\\/www.meydan.tv\\\/az\\\/#\\\/schema\\\/logo\\\/image\\\/\",\"url\":\"https:\\\/\\\/www.meydan.tv\\\/wp-content\\\/uploads\\\/2021\\\/07\\\/meydan-logo.svg\",\"contentUrl\":\"https:\\\/\\\/www.meydan.tv\\\/wp-content\\\/uploads\\\/2021\\\/07\\\/meydan-logo.svg\",\"width\":195,\"height\":46,\"caption\":\"Meydan TV\"},\"image\":{\"@id\":\"https:\\\/\\\/www.meydan.tv\\\/az\\\/#\\\/schema\\\/logo\\\/image\\\/\"}},{\"@type\":\"Person\",\"@id\":\"https:\\\/\\\/www.meydan.tv\\\/az\\\/#\\\/schema\\\/person\\\/10d11eccf6da3662cf5fdab9806ea91a\",\"name\":\"user-manager\"}]}<\/script>\n<!-- \/ Yoast SEO plugin. -->","yoast_head_json":{"title":"G\u0259d\u0259b\u0259y sakini: \u0130cra ba\u015f\u00e7\u0131s\u0131n\u0131n qohumu haqq\u0131nda yazd\u0131\u011f\u0131 m\u0259qal\u0259 qarda\u015f\u0131m\u0131n h\u0259bsin\u0259 s\u0259b\u0259b oldu - MEYDAN.TV","robots":{"index":"index","follow":"follow","max-snippet":"max-snippet:-1","max-image-preview":"max-image-preview:large","max-video-preview":"max-video-preview:-1"},"canonical":"https:\/\/www.meydan.tv\/az\/article\/gedebey-sakini-icra-bascisinin-qohumu-haqqinda-yazdigi-meqale-qardasimin-hebsine-sebeb-oldu\/","og_locale":"az_AZ","og_type":"article","og_title":"G\u0259d\u0259b\u0259y sakini: \u0130cra ba\u015f\u00e7\u0131s\u0131n\u0131n qohumu haqq\u0131nda yazd\u0131\u011f\u0131 m\u0259qal\u0259 qarda\u015f\u0131m\u0131n h\u0259bsin\u0259 s\u0259b\u0259b oldu - MEYDAN.TV","og_description":"\"Ba\u015f ver\u0259nl\u0259ri binadak\u0131 m\u00fc\u015fahid\u0259 kameralar\u0131 da \u00e7\u0259kib, amma o g\u00f6r\u00fcnt\u00fcl\u0259ri ortaya \u00e7\u0131xarm\u0131rlar\"","og_url":"https:\/\/www.meydan.tv\/az\/article\/gedebey-sakini-icra-bascisinin-qohumu-haqqinda-yazdigi-meqale-qardasimin-hebsine-sebeb-oldu\/","og_site_name":"MEYDAN.TV","article_published_time":"2021-02-28T14:35:36+00:00","og_image":[{"width":1920,"height":1080,"url":"https:\/\/www.meydan.tv\/wp-content\/uploads\/untitled_design_1_m2jd5gn.png","type":"image\/png"}],"author":"user-manager","twitter_card":"summary_large_image","schema":{"@context":"https:\/\/schema.org","@graph":[{"@type":"Article","@id":"https:\/\/www.meydan.tv\/az\/article\/gedebey-sakini-icra-bascisinin-qohumu-haqqinda-yazdigi-meqale-qardasimin-hebsine-sebeb-oldu\/#article","isPartOf":{"@id":"https:\/\/www.meydan.tv\/az\/article\/gedebey-sakini-icra-bascisinin-qohumu-haqqinda-yazdigi-meqale-qardasimin-hebsine-sebeb-oldu\/"},"author":{"name":"user-manager","@id":"https:\/\/www.meydan.tv\/az\/#\/schema\/person\/10d11eccf6da3662cf5fdab9806ea91a"},"headline":"G\u0259d\u0259b\u0259y sakini: \u0130cra ba\u015f\u00e7\u0131s\u0131n\u0131n qohumu haqq\u0131nda yazd\u0131\u011f\u0131 m\u0259qal\u0259 qarda\u015f\u0131m\u0131n h\u0259bsin\u0259 s\u0259b\u0259b oldu","datePublished":"2021-02-28T14:35:36+00:00","mainEntityOfPage":{"@id":"https:\/\/www.meydan.tv\/az\/article\/gedebey-sakini-icra-bascisinin-qohumu-haqqinda-yazdigi-meqale-qardasimin-hebsine-sebeb-oldu\/"},"wordCount":1327,"publisher":{"@id":"https:\/\/www.meydan.tv\/az\/#organization"},"image":{"@id":"https:\/\/www.meydan.tv\/az\/article\/gedebey-sakini-icra-bascisinin-qohumu-haqqinda-yazdigi-meqale-qardasimin-hebsine-sebeb-oldu\/#primaryimage"},"thumbnailUrl":"https:\/\/www.meydan.tv\/wp-content\/uploads\/untitled_design_1_m2jd5gn.png","articleSection":["B\u00f6lg\u0259"],"inLanguage":"az"},{"@type":"WebPage","@id":"https:\/\/www.meydan.tv\/az\/article\/gedebey-sakini-icra-bascisinin-qohumu-haqqinda-yazdigi-meqale-qardasimin-hebsine-sebeb-oldu\/","url":"https:\/\/www.meydan.tv\/az\/article\/gedebey-sakini-icra-bascisinin-qohumu-haqqinda-yazdigi-meqale-qardasimin-hebsine-sebeb-oldu\/","name":"G\u0259d\u0259b\u0259y sakini: \u0130cra ba\u015f\u00e7\u0131s\u0131n\u0131n qohumu haqq\u0131nda yazd\u0131\u011f\u0131 m\u0259qal\u0259 qarda\u015f\u0131m\u0131n h\u0259bsin\u0259 s\u0259b\u0259b oldu - MEYDAN.TV","isPartOf":{"@id":"https:\/\/www.meydan.tv\/az\/#website"},"primaryImageOfPage":{"@id":"https:\/\/www.meydan.tv\/az\/article\/gedebey-sakini-icra-bascisinin-qohumu-haqqinda-yazdigi-meqale-qardasimin-hebsine-sebeb-oldu\/#primaryimage"},"image":{"@id":"https:\/\/www.meydan.tv\/az\/article\/gedebey-sakini-icra-bascisinin-qohumu-haqqinda-yazdigi-meqale-qardasimin-hebsine-sebeb-oldu\/#primaryimage"},"thumbnailUrl":"https:\/\/www.meydan.tv\/wp-content\/uploads\/untitled_design_1_m2jd5gn.png","datePublished":"2021-02-28T14:35:36+00:00","breadcrumb":{"@id":"https:\/\/www.meydan.tv\/az\/article\/gedebey-sakini-icra-bascisinin-qohumu-haqqinda-yazdigi-meqale-qardasimin-hebsine-sebeb-oldu\/#breadcrumb"},"inLanguage":"az","potentialAction":[{"@type":"ReadAction","target":["https:\/\/www.meydan.tv\/az\/article\/gedebey-sakini-icra-bascisinin-qohumu-haqqinda-yazdigi-meqale-qardasimin-hebsine-sebeb-oldu\/"]}]},{"@type":"ImageObject","inLanguage":"az","@id":"https:\/\/www.meydan.tv\/az\/article\/gedebey-sakini-icra-bascisinin-qohumu-haqqinda-yazdigi-meqale-qardasimin-hebsine-sebeb-oldu\/#primaryimage","url":"https:\/\/www.meydan.tv\/wp-content\/uploads\/untitled_design_1_m2jd5gn.png","contentUrl":"https:\/\/www.meydan.tv\/wp-content\/uploads\/untitled_design_1_m2jd5gn.png","width":1920,"height":1080,"caption":"Source: Specify Source"},{"@type":"BreadcrumbList","@id":"https:\/\/www.meydan.tv\/az\/article\/gedebey-sakini-icra-bascisinin-qohumu-haqqinda-yazdigi-meqale-qardasimin-hebsine-sebeb-oldu\/#breadcrumb","itemListElement":[{"@type":"ListItem","position":1,"name":"Ana s\u0259hif\u0259","item":"https:\/\/www.meydan.tv\/az\/"},{"@type":"ListItem","position":2,"name":"B\u00f6lg\u0259","item":"https:\/\/www.meydan.tv\/az\/section\/bolge\/"},{"@type":"ListItem","position":3,"name":"G\u0259d\u0259b\u0259y sakini: \u0130cra ba\u015f\u00e7\u0131s\u0131n\u0131n qohumu haqq\u0131nda yazd\u0131\u011f\u0131 m\u0259qal\u0259 qarda\u015f\u0131m\u0131n h\u0259bsin\u0259 s\u0259b\u0259b oldu"}]},{"@type":"WebSite","@id":"https:\/\/www.meydan.tv\/az\/#website","url":"https:\/\/www.meydan.tv\/az\/","name":"MEYDAN.TV","description":"Meydan TV Az\u0259rbaycan\u0131n media m\u0259kan\u0131ndak\u0131 alternativ s\u0259sidir","publisher":{"@id":"https:\/\/www.meydan.tv\/az\/#organization"},"potentialAction":[{"@type":"SearchAction","target":{"@type":"EntryPoint","urlTemplate":"https:\/\/www.meydan.tv\/az\/?s={search_term_string}"},"query-input":{"@type":"PropertyValueSpecification","valueRequired":true,"valueName":"search_term_string"}}],"inLanguage":"az"},{"@type":"Organization","@id":"https:\/\/www.meydan.tv\/az\/#organization","name":"Meydan TV","url":"https:\/\/www.meydan.tv\/az\/","logo":{"@type":"ImageObject","inLanguage":"az","@id":"https:\/\/www.meydan.tv\/az\/#\/schema\/logo\/image\/","url":"https:\/\/www.meydan.tv\/wp-content\/uploads\/2021\/07\/meydan-logo.svg","contentUrl":"https:\/\/www.meydan.tv\/wp-content\/uploads\/2021\/07\/meydan-logo.svg","width":195,"height":46,"caption":"Meydan TV"},"image":{"@id":"https:\/\/www.meydan.tv\/az\/#\/schema\/logo\/image\/"}},{"@type":"Person","@id":"https:\/\/www.meydan.tv\/az\/#\/schema\/person\/10d11eccf6da3662cf5fdab9806ea91a","name":"user-manager"}]}},"_links":{"self":[{"href":"https:\/\/www.meydan.tv\/az\/wp-json\/wp\/v2\/posts\/205173","targetHints":{"allow":["GET"]}}],"collection":[{"href":"https:\/\/www.meydan.tv\/az\/wp-json\/wp\/v2\/posts"}],"about":[{"href":"https:\/\/www.meydan.tv\/az\/wp-json\/wp\/v2\/types\/post"}],"author":[{"embeddable":true,"href":"https:\/\/www.meydan.tv\/az\/wp-json\/wp\/v2\/users\/11"}],"replies":[{"embeddable":true,"href":"https:\/\/www.meydan.tv\/az\/wp-json\/wp\/v2\/comments?post=205173"}],"version-history":[{"count":0,"href":"https:\/\/www.meydan.tv\/az\/wp-json\/wp\/v2\/posts\/205173\/revisions"}],"wp:featuredmedia":[{"embeddable":true,"href":"https:\/\/www.meydan.tv\/az\/wp-json\/wp\/v2\/media\/157105"}],"wp:attachment":[{"href":"https:\/\/www.meydan.tv\/az\/wp-json\/wp\/v2\/media?parent=205173"}],"wp:term":[{"taxonomy":"category","embeddable":true,"href":"https:\/\/www.meydan.tv\/az\/wp-json\/wp\/v2\/categories?post=205173"},{"taxonomy":"post_tag","embeddable":true,"href":"https:\/\/www.meydan.tv\/az\/wp-json\/wp\/v2\/tags?post=205173"}],"curies":[{"name":"wp","href":"https:\/\/api.w.org\/{rel}","templated":true}]}}