{"id":205172,"date":"2021-02-28T14:09:24","date_gmt":"2021-02-28T14:09:24","guid":{"rendered":"https:\/\/www.meydan.tv\/article\/balaken-sakini-prokuroru-mehkemeye-verdi\/"},"modified":"2021-02-28T14:09:24","modified_gmt":"2021-02-28T14:09:24","slug":"balaken-sakini-prokuroru-mehkemeye-verdi","status":"publish","type":"post","link":"https:\/\/www.meydan.tv\/az\/article\/balaken-sakini-prokuroru-mehkemeye-verdi\/","title":{"rendered":"Balak\u0259n sakini prokuroru m\u0259hk\u0259m\u0259y\u0259 verdi"},"content":{"rendered":"<p>\n  <i><br \/>\n    \u201cOrtada az\u0131 400 min manatl\u0131q ziyan var\u201d<br \/>\n  <\/i>\n<\/p>\n<p>\n  Balak\u0259n sakinl\u0259ri H\u0259c\u0259r v\u0259 Musa Dibirovlar s\u0259kkizinci ayd\u0131r ki, onlar\u0131 b\u00f6y\u00fck m\u0259bl\u0259\u011fd\u0259 z\u0259r\u0259r\u0259 salm\u0131\u015f hadis\u0259nin ba\u015fverm\u0259 s\u0259b\u0259binin ara\u015fd\u0131r\u0131lmamas\u0131, g\u00fcnahkarlar\u0131n m\u00fc\u0259yy\u0259nl\u0259\u015fdirilib c\u0259zaland\u0131r\u0131lmamas\u0131ndan naraz\u0131d\u0131r. S\u00f6hb\u0259t rayonun Me\u015f\u0259\u015fambul k\u0259ndind\u0259 \u00f6t\u0259n il iyulun 13-d\u0259 Dibirovlara m\u0259xsus ticar\u0259t obyektind\u0259 ba\u015f vermi\u015f yan\u011f\u0131n hadis\u0259sind\u0259n gedir. Yan\u011f\u0131n n\u0259tic\u0259sind\u0259 14 hiss\u0259d\u0259n ibar\u0259t obyekt i\u00e7ind\u0259ki \u0259mlaklarla birlikd\u0259 tamamil\u0259 s\u0131radan \u00e7\u0131x\u0131b. H\u0259min obyektd\u0259 avtoyuma m\u0259nt\u0259q\u0259si, avtot\u0259mir v\u0259 \u00e7\u00f6r\u0259kbi\u015firm\u0259 sexl\u0259ri, \u0259t sat\u0131\u015f\u0131, m\u0259i\u015f\u0259t avadanl\u0131qlar\u0131 v\u0259 \u0259rzaq ma\u011fazalar\u0131, tax\u0131l m\u0259mulatlar\u0131 anbarlar\u0131, b\u0259rb\u0259rxana, kafe v\u0259 ba\u015fqa sat\u0131\u015f-xidm\u0259t sah\u0259l\u0259ri yerl\u0259\u015firdi.\n<\/p>\n<p>\n  Bac\u0131-qarda\u015f olan Dibirovlar hesab edirl\u0259r ki, Balak\u0259n Rayon Prokurorlu\u011fu yet\u0259rinc\u0259 ara\u015fd\u0131rma aparm\u0131r, h\u0259qiq\u0259tin \u00fcz\u0259 \u00e7\u0131xmas\u0131nda maraql\u0131 deyil. Ona g\u00f6r\u0259 d\u0259 obyektin m\u00fclkiyy\u0259t\u00e7isi olan H\u0259c\u0259r Dibirova prokurorun h\u0259r\u0259k\u0259tl\u0259rind\u0259n m\u0259hk\u0259m\u0259y\u0259 \u015fikay\u0259t edib. \u015eikay\u0259t\u0259 mart\u0131n 1-d\u0259 Balak\u0259n Rayon M\u0259hk\u0259m\u0259sind\u0259 bax\u0131lacaq.\n<\/p>\n<p>\n  <b><br \/>\n    \u201cM\u0259ni z\u0259r\u0259r\u00e7\u0259kmi\u015f kimi tan\u0131maqdan imtina edir\u201d<br \/>\n  <\/b>\n<\/p>\n<p>\n  H\u0259c\u0259r Dibirova deyir ki, \u0259mlak\u0131 q\u0131saqapanmadan yan\u0131b k\u00fcl olub. N\u0259tic\u0259d\u0259 onlara tikinti \u00fczr\u0259 106 min 380 manat, \u0259mt\u0259\u0259 \u00fczr\u0259 is\u0259 300 min manat z\u0259r\u0259r d\u0259ydiyi m\u00fc\u0259yy\u0259nl\u0259\u015fib. Bu bar\u0259d\u0259 ekspertizan\u0131n r\u0259yi d\u0259 var:\n<\/p>\n<p>\n  \u201cYan\u011f\u0131n\u0131n s\u0259b\u0259bl\u0259ril\u0259 ba\u011fl\u0131 ilkin ara\u015fd\u0131rman\u0131 F\u00f6vq\u0259lad\u0259 Hallar Nazirliyinin \u0259m\u0259kda\u015flar\u0131 apard\u0131. Onlar\u0131n haz\u0131rlad\u0131\u011f\u0131 aktda da g\u00f6st\u0259rilib ki, yan\u011f\u0131n\u0131n s\u0259b\u0259bi elektrik x\u0259tl\u0259rind\u0259 yaranm\u0131\u015f q\u0131saqapanma olub. H\u0259m d\u0259 bel\u0259 n\u0259tic\u0259y\u0259 g\u0259libl\u0259r ki, ba\u015f ver\u0259nl\u0259rd\u0259 s\u0259hl\u0259nkarl\u0131q cinay\u0259tinin \u0259lam\u0259tl\u0259ri var, ara\u015fd\u0131r\u0131lmal\u0131d\u0131r. S\u0259hl\u0259nkarl\u0131\u011fa g\u00f6r\u0259 Cinay\u0259t M\u0259c\u0259ll\u0259sinin 314-c\u00fc madd\u0259sind\u0259 m\u0259suliyy\u0259t n\u0259z\u0259rd\u0259 tutulub. Bu madd\u0259 il\u0259 cinay\u0259t i\u015fl\u0259rini prokurorluq ara\u015fd\u0131r\u0131r. Ona g\u00f6r\u0259 d\u0259 bizim i\u015fimiz prokurorlu\u011fa g\u00f6nd\u0259rilib\u201d.\n<\/p>\n<p>\n  H\u0259c\u0259r Dibirovan\u0131n s\u00f6zl\u0259rin\u0259 g\u00f6r\u0259, Balak\u0259n Rayon Prokurorlu\u011fu hadis\u0259nin s\u0259b\u0259bini m\u00fc\u0259yy\u0259nl\u0259\u015fdirib, g\u00fcnahkarlar\u0131 m\u0259suliyy\u0259t\u0259 c\u0259lb etm\u0259kd\u0259n, onu is\u0259 z\u0259r\u0259r\u00e7\u0259kmi\u015f qismind\u0259 tan\u0131maqdan imtina edir:\n<\/p>\n<p>\n  \u201cOrtada az\u0131 400 min manatl\u0131q ziyan var. Prokuror bu g\u00fcn\u0259 q\u0259d\u0259r d\u0259ymi\u015f z\u0259r\u0259rin \u00f6d\u0259nilm\u0259si istiqam\u0259tind\u0259 he\u00e7 bir add\u0131m atmay\u0131b. M\u0259ni z\u0259r\u0259r\u00e7\u0259kmi\u015f kimi tan\u0131maqdan imtina edir. Ona g\u00f6r\u0259 d\u0259 m\u0259cbur olub prokurorun h\u0259r\u0259k\u0259tl\u0259rinin qanunsuz say\u0131lmas\u0131 \u00fc\u00e7\u00fcn m\u0259hk\u0259m\u0259y\u0259 m\u00fcraci\u0259t etmi\u015fik\u201d.\n<\/p>\n<figure class=\"wp-block-image size-large\">\n  <img decoding=\"async\" src=\"https:\/\/www.meydan.tv\/az\/photo-2021-02-27-18-42-02-jpg\/\" alt=\"photo-2021-02-27-18-42-02.jpg\" class=\"wp-image-157102\"\/><figcaption>\n    Musa Dibirov<br \/>\n  <\/figcaption><\/figure>\n<p>\n  <b><br \/>\n    \u201cKredit g\u00f6t\u00fcr\u00fcb, yanan mallara g\u00f6r\u0259 borc qaytar\u0131r\u0131q\u201d<br \/>\n  <\/b>\n<\/p>\n<p>\n  Ticar\u0259t obyekti H\u0259c\u0259r Dibirovan\u0131n m\u00fclkiyy\u0259tind\u0259 olsa da, onu ail\u0259 \u00fczvl\u0259ril\u0259 birlikd\u0259 idar\u0259 edir. Qarda\u015f\u0131 Musa Dibirov deyir ki, t\u0259xmin\u0259n bir ay \u0259vv\u0259l bac\u0131s\u0131 il\u0259 birlikd\u0259 onlar\u0131 dindirm\u0259k \u00fc\u00e7\u00fcn Balak\u0259n Rayon Prokurorlu\u011funa \u00e7a\u011f\u0131r\u0131blar:\n<\/p>\n<p>\n  \u201cBu q\u0259d\u0259r b\u00f6y\u00fck m\u0259bl\u0259\u011fd\u0259 maddi ziyana d\u00fc\u015f\u0259n biz, m\u0259n\u0259vi sars\u0131nt\u0131 ke\u00e7ir\u0259n biz, amma bizim \u00f6z\u00fcm\u00fcz\u00fc ittiham edirdil\u0259r. Sanki m\u00fcq\u0259ssir kimi dindirirdil\u0259r. Deyir ki, b\u0259lk\u0259 t\u0259ndird\u0259n od d\u00fc\u015f\u00fcb, b\u0259lk\u0259 naqill\u0259ri d\u00fczg\u00fcn qura\u015fd\u0131rmam\u0131s\u0131z, b\u0259lk\u0259 sizin s\u0259hl\u0259nkarl\u0131\u011f\u0131n\u0131zdan olub&#8230; O dindirm\u0259d\u0259n sonra bac\u0131m 4-5 g\u00fcn \u00f6z\u00fcn\u0259 g\u0259l\u0259 bilm\u0259di, \u0259s\u0259b h\u0259kimin\u0259 m\u00fcraci\u0259t etm\u0259k m\u0259cburiyy\u0259tind\u0259 qald\u0131\u201d.\n<\/p>\n<p>\n  Musa Dibirovun s\u00f6zl\u0259rin\u0259 g\u00f6r\u0259, yan\u011f\u0131n zaman\u0131 ma\u011fazalarda k\u00fcl olmu\u015f mallar\u0131n b\u00f6y\u00fck hiss\u0259sini \u015firk\u0259tl\u0259rd\u0259n nisy\u0259 g\u00f6t\u00fcrm\u00fc\u015fd\u00fcl\u0259r. Hadis\u0259d\u0259n \u00f6t\u0259n s\u0259kkiz ayda h\u0259min borclar\u0131 qaytarma\u011fa \u00e7al\u0131\u015f\u0131blar: \u201cBorc h\u0259ddind\u0259n art\u0131q \u00e7ox idi, onlar\u0131 h\u0259l\u0259 d\u0259 tam qaytara bilm\u0259mi\u015fik. Ona g\u00f6r\u0259 he\u00e7 obyektin b\u0259rpas\u0131 haqda d\u00fc\u015f\u00fcn\u0259 bilmirik. Bankdan kredit g\u00f6t\u00fcr\u00fcb, yanan mallara g\u00f6r\u0259 borc \u00f6d\u0259yirik. \u0130lkin hesablamalara g\u00f6r\u0259, ziyan 400 min\u0259 yax\u0131nd\u0131r. Bu m\u00fcdd\u0259td\u0259 \u0259ld\u0259n \u00e7\u0131xm\u0131\u015f faydan\u0131 v\u0259 ba\u015fqa x\u0259rcl\u0259ri d\u0259 n\u0259z\u0259r\u0259 alsaq, ziyan yar\u0131m milyonu ke\u00e7\u0259r. Biz d\u0259 ondan naraz\u0131y\u0131q ki, prokurorluq bu i\u015fin ara\u015fd\u0131r\u0131lmas\u0131, ziyan\u0131n \u00f6d\u0259nilm\u0259si \u00fc\u00e7\u00fcn laz\u0131m olan add\u0131mlar\u0131 atm\u0131r\u201d.\n<\/p>\n<p>\n  <b><br \/>\n    Prokuror n\u0259 deyir?<br \/>\n  <\/b>\n<\/p>\n<p>\n  Balak\u0259n Rayon Prokurorlu\u011fundan is\u0259 bildirilib ki, Dibirovlar\u0131n yan\u011f\u0131nla ba\u011fl\u0131 m\u00fcraci\u0259ti q\u0259bul edilib. S\u00f6z\u00fcged\u0259n hadis\u0259 il\u0259 \u0259laq\u0259dar F\u00f6vq\u0259lad\u0259 Hallar Nazirliyinin \u018fm\u0259liyyat-\u0130stintaq \u0130dar\u0259sinin prokurorlu\u011fa g\u00f6nd\u0259rdiyi yoxlama materiallar\u0131na \u0259lav\u0259 edilib.\n<\/p>\n<p>\n  \u201cYoxlaman\u0131n n\u0259tic\u0259si bar\u0259d\u0259 maraql\u0131 t\u0259r\u0259fl\u0259r\u0259 m\u0259lumat veril\u0259c\u0259k\u201d, &#8211; Balak\u0259n rayon prokuroru v\u0259zif\u0259sini m\u00fcv\u0259qq\u0259ti icra ed\u0259n V\u00fcqar Orucovun cavab\u0131 bel\u0259 olub.\n<\/p>\n<figure class=\"wp-block-image size-large\">\n  <img decoding=\"async\" src=\"https:\/\/www.meydan.tv\/az\/photo-2021-02-27-18-42-15-jpg\/\" alt=\"photo-2021-02-27-18-42-15.jpg\" class=\"wp-image-157099\"\/><figcaption>\n    Rayon prokuroru v\u0259zif\u0259sini m\u00fcv\u0259qq\u0259ti icra ed\u0259n V\u00fcqar Orucovun cavab m\u0259ktubu<br \/>\n  <\/figcaption><\/figure>\n","protected":false},"excerpt":{"rendered":"<p>&#8220;Borc h\u0259ddind\u0259n art\u0131q \u00e7ox idi, onlar\u0131 h\u0259l\u0259 d\u0259 tam qaytara bilm\u0259mi\u015fik&#8221;<\/p>\n","protected":false},"author":11,"featured_media":157095,"comment_status":"closed","ping_status":"open","sticky":false,"template":"","format":"standard","meta":{"_acf_changed":false,"_sitemap_exclude":false,"_sitemap_priority":"","_sitemap_frequency":"","footnotes":""},"categories":[60],"tags":[],"class_list":["post-205172","post","type-post","status-publish","format-standard","has-post-thumbnail","hentry","category-bolge","infinite-scroll-item","generate-columns","tablet-grid-50","mobile-grid-100","grid-parent","grid-33","no-featured-image-padding"],"acf":[],"yoast_head":"<!-- This site is optimized with the Yoast SEO plugin v27.5 - https:\/\/yoast.com\/product\/yoast-seo-wordpress\/ -->\n<title>Balak\u0259n sakini prokuroru m\u0259hk\u0259m\u0259y\u0259 verdi - MEYDAN.TV<\/title>\n<meta name=\"robots\" content=\"index, follow, max-snippet:-1, max-image-preview:large, max-video-preview:-1\" \/>\n<link rel=\"canonical\" href=\"https:\/\/www.meydan.tv\/az\/article\/balaken-sakini-prokuroru-mehkemeye-verdi\/\" \/>\n<meta property=\"og:locale\" content=\"az_AZ\" \/>\n<meta property=\"og:type\" content=\"article\" \/>\n<meta property=\"og:title\" content=\"Balak\u0259n sakini prokuroru m\u0259hk\u0259m\u0259y\u0259 verdi - MEYDAN.TV\" \/>\n<meta property=\"og:description\" content=\"&quot;Borc h\u0259ddind\u0259n art\u0131q \u00e7ox idi, onlar\u0131 h\u0259l\u0259 d\u0259 tam qaytara bilm\u0259mi\u015fik&quot;\" \/>\n<meta property=\"og:url\" content=\"https:\/\/www.meydan.tv\/az\/article\/balaken-sakini-prokuroru-mehkemeye-verdi\/\" \/>\n<meta property=\"og:site_name\" content=\"MEYDAN.TV\" \/>\n<meta property=\"article:published_time\" content=\"2021-02-28T14:09:24+00:00\" \/>\n<meta property=\"og:image\" content=\"https:\/\/www.meydan.tv\/wp-content\/uploads\/photo-2021-02-27-18-42-21.jpg\" \/>\n\t<meta property=\"og:image:width\" content=\"750\" \/>\n\t<meta property=\"og:image:height\" content=\"696\" \/>\n\t<meta property=\"og:image:type\" content=\"image\/jpeg\" \/>\n<meta name=\"author\" content=\"user-manager\" \/>\n<meta name=\"twitter:card\" content=\"summary_large_image\" \/>\n<script type=\"application\/ld+json\" class=\"yoast-schema-graph\">{\"@context\":\"https:\\\/\\\/schema.org\",\"@graph\":[{\"@type\":\"Article\",\"@id\":\"https:\\\/\\\/www.meydan.tv\\\/az\\\/article\\\/balaken-sakini-prokuroru-mehkemeye-verdi\\\/#article\",\"isPartOf\":{\"@id\":\"https:\\\/\\\/www.meydan.tv\\\/az\\\/article\\\/balaken-sakini-prokuroru-mehkemeye-verdi\\\/\"},\"author\":{\"name\":\"user-manager\",\"@id\":\"https:\\\/\\\/www.meydan.tv\\\/az\\\/#\\\/schema\\\/person\\\/10d11eccf6da3662cf5fdab9806ea91a\"},\"headline\":\"Balak\u0259n sakini prokuroru m\u0259hk\u0259m\u0259y\u0259 verdi\",\"datePublished\":\"2021-02-28T14:09:24+00:00\",\"mainEntityOfPage\":{\"@id\":\"https:\\\/\\\/www.meydan.tv\\\/az\\\/article\\\/balaken-sakini-prokuroru-mehkemeye-verdi\\\/\"},\"wordCount\":945,\"publisher\":{\"@id\":\"https:\\\/\\\/www.meydan.tv\\\/az\\\/#organization\"},\"image\":{\"@id\":\"https:\\\/\\\/www.meydan.tv\\\/az\\\/article\\\/balaken-sakini-prokuroru-mehkemeye-verdi\\\/#primaryimage\"},\"thumbnailUrl\":\"https:\\\/\\\/www.meydan.tv\\\/wp-content\\\/uploads\\\/photo-2021-02-27-18-42-21.jpg\",\"articleSection\":[\"B\u00f6lg\u0259\"],\"inLanguage\":\"az\"},{\"@type\":\"WebPage\",\"@id\":\"https:\\\/\\\/www.meydan.tv\\\/az\\\/article\\\/balaken-sakini-prokuroru-mehkemeye-verdi\\\/\",\"url\":\"https:\\\/\\\/www.meydan.tv\\\/az\\\/article\\\/balaken-sakini-prokuroru-mehkemeye-verdi\\\/\",\"name\":\"Balak\u0259n sakini prokuroru m\u0259hk\u0259m\u0259y\u0259 verdi - MEYDAN.TV\",\"isPartOf\":{\"@id\":\"https:\\\/\\\/www.meydan.tv\\\/az\\\/#website\"},\"primaryImageOfPage\":{\"@id\":\"https:\\\/\\\/www.meydan.tv\\\/az\\\/article\\\/balaken-sakini-prokuroru-mehkemeye-verdi\\\/#primaryimage\"},\"image\":{\"@id\":\"https:\\\/\\\/www.meydan.tv\\\/az\\\/article\\\/balaken-sakini-prokuroru-mehkemeye-verdi\\\/#primaryimage\"},\"thumbnailUrl\":\"https:\\\/\\\/www.meydan.tv\\\/wp-content\\\/uploads\\\/photo-2021-02-27-18-42-21.jpg\",\"datePublished\":\"2021-02-28T14:09:24+00:00\",\"breadcrumb\":{\"@id\":\"https:\\\/\\\/www.meydan.tv\\\/az\\\/article\\\/balaken-sakini-prokuroru-mehkemeye-verdi\\\/#breadcrumb\"},\"inLanguage\":\"az\",\"potentialAction\":[{\"@type\":\"ReadAction\",\"target\":[\"https:\\\/\\\/www.meydan.tv\\\/az\\\/article\\\/balaken-sakini-prokuroru-mehkemeye-verdi\\\/\"]}]},{\"@type\":\"ImageObject\",\"inLanguage\":\"az\",\"@id\":\"https:\\\/\\\/www.meydan.tv\\\/az\\\/article\\\/balaken-sakini-prokuroru-mehkemeye-verdi\\\/#primaryimage\",\"url\":\"https:\\\/\\\/www.meydan.tv\\\/wp-content\\\/uploads\\\/photo-2021-02-27-18-42-21.jpg\",\"contentUrl\":\"https:\\\/\\\/www.meydan.tv\\\/wp-content\\\/uploads\\\/photo-2021-02-27-18-42-21.jpg\",\"width\":750,\"height\":696,\"caption\":\"Source: Specify Source\"},{\"@type\":\"BreadcrumbList\",\"@id\":\"https:\\\/\\\/www.meydan.tv\\\/az\\\/article\\\/balaken-sakini-prokuroru-mehkemeye-verdi\\\/#breadcrumb\",\"itemListElement\":[{\"@type\":\"ListItem\",\"position\":1,\"name\":\"Ana s\u0259hif\u0259\",\"item\":\"https:\\\/\\\/www.meydan.tv\\\/az\\\/\"},{\"@type\":\"ListItem\",\"position\":2,\"name\":\"B\u00f6lg\u0259\",\"item\":\"https:\\\/\\\/www.meydan.tv\\\/az\\\/section\\\/bolge\\\/\"},{\"@type\":\"ListItem\",\"position\":3,\"name\":\"Balak\u0259n sakini prokuroru m\u0259hk\u0259m\u0259y\u0259 verdi\"}]},{\"@type\":\"WebSite\",\"@id\":\"https:\\\/\\\/www.meydan.tv\\\/az\\\/#website\",\"url\":\"https:\\\/\\\/www.meydan.tv\\\/az\\\/\",\"name\":\"MEYDAN.TV\",\"description\":\"Meydan TV Az\u0259rbaycan\u0131n media m\u0259kan\u0131ndak\u0131 alternativ s\u0259sidir\",\"publisher\":{\"@id\":\"https:\\\/\\\/www.meydan.tv\\\/az\\\/#organization\"},\"potentialAction\":[{\"@type\":\"SearchAction\",\"target\":{\"@type\":\"EntryPoint\",\"urlTemplate\":\"https:\\\/\\\/www.meydan.tv\\\/az\\\/?s={search_term_string}\"},\"query-input\":{\"@type\":\"PropertyValueSpecification\",\"valueRequired\":true,\"valueName\":\"search_term_string\"}}],\"inLanguage\":\"az\"},{\"@type\":\"Organization\",\"@id\":\"https:\\\/\\\/www.meydan.tv\\\/az\\\/#organization\",\"name\":\"Meydan TV\",\"url\":\"https:\\\/\\\/www.meydan.tv\\\/az\\\/\",\"logo\":{\"@type\":\"ImageObject\",\"inLanguage\":\"az\",\"@id\":\"https:\\\/\\\/www.meydan.tv\\\/az\\\/#\\\/schema\\\/logo\\\/image\\\/\",\"url\":\"https:\\\/\\\/www.meydan.tv\\\/wp-content\\\/uploads\\\/2021\\\/07\\\/meydan-logo.svg\",\"contentUrl\":\"https:\\\/\\\/www.meydan.tv\\\/wp-content\\\/uploads\\\/2021\\\/07\\\/meydan-logo.svg\",\"width\":195,\"height\":46,\"caption\":\"Meydan TV\"},\"image\":{\"@id\":\"https:\\\/\\\/www.meydan.tv\\\/az\\\/#\\\/schema\\\/logo\\\/image\\\/\"}},{\"@type\":\"Person\",\"@id\":\"https:\\\/\\\/www.meydan.tv\\\/az\\\/#\\\/schema\\\/person\\\/10d11eccf6da3662cf5fdab9806ea91a\",\"name\":\"user-manager\"}]}<\/script>\n<!-- \/ Yoast SEO plugin. -->","yoast_head_json":{"title":"Balak\u0259n sakini prokuroru m\u0259hk\u0259m\u0259y\u0259 verdi - MEYDAN.TV","robots":{"index":"index","follow":"follow","max-snippet":"max-snippet:-1","max-image-preview":"max-image-preview:large","max-video-preview":"max-video-preview:-1"},"canonical":"https:\/\/www.meydan.tv\/az\/article\/balaken-sakini-prokuroru-mehkemeye-verdi\/","og_locale":"az_AZ","og_type":"article","og_title":"Balak\u0259n sakini prokuroru m\u0259hk\u0259m\u0259y\u0259 verdi - MEYDAN.TV","og_description":"\"Borc h\u0259ddind\u0259n art\u0131q \u00e7ox idi, onlar\u0131 h\u0259l\u0259 d\u0259 tam qaytara bilm\u0259mi\u015fik\"","og_url":"https:\/\/www.meydan.tv\/az\/article\/balaken-sakini-prokuroru-mehkemeye-verdi\/","og_site_name":"MEYDAN.TV","article_published_time":"2021-02-28T14:09:24+00:00","og_image":[{"width":750,"height":696,"url":"https:\/\/www.meydan.tv\/wp-content\/uploads\/photo-2021-02-27-18-42-21.jpg","type":"image\/jpeg"}],"author":"user-manager","twitter_card":"summary_large_image","schema":{"@context":"https:\/\/schema.org","@graph":[{"@type":"Article","@id":"https:\/\/www.meydan.tv\/az\/article\/balaken-sakini-prokuroru-mehkemeye-verdi\/#article","isPartOf":{"@id":"https:\/\/www.meydan.tv\/az\/article\/balaken-sakini-prokuroru-mehkemeye-verdi\/"},"author":{"name":"user-manager","@id":"https:\/\/www.meydan.tv\/az\/#\/schema\/person\/10d11eccf6da3662cf5fdab9806ea91a"},"headline":"Balak\u0259n sakini prokuroru m\u0259hk\u0259m\u0259y\u0259 verdi","datePublished":"2021-02-28T14:09:24+00:00","mainEntityOfPage":{"@id":"https:\/\/www.meydan.tv\/az\/article\/balaken-sakini-prokuroru-mehkemeye-verdi\/"},"wordCount":945,"publisher":{"@id":"https:\/\/www.meydan.tv\/az\/#organization"},"image":{"@id":"https:\/\/www.meydan.tv\/az\/article\/balaken-sakini-prokuroru-mehkemeye-verdi\/#primaryimage"},"thumbnailUrl":"https:\/\/www.meydan.tv\/wp-content\/uploads\/photo-2021-02-27-18-42-21.jpg","articleSection":["B\u00f6lg\u0259"],"inLanguage":"az"},{"@type":"WebPage","@id":"https:\/\/www.meydan.tv\/az\/article\/balaken-sakini-prokuroru-mehkemeye-verdi\/","url":"https:\/\/www.meydan.tv\/az\/article\/balaken-sakini-prokuroru-mehkemeye-verdi\/","name":"Balak\u0259n sakini prokuroru m\u0259hk\u0259m\u0259y\u0259 verdi - MEYDAN.TV","isPartOf":{"@id":"https:\/\/www.meydan.tv\/az\/#website"},"primaryImageOfPage":{"@id":"https:\/\/www.meydan.tv\/az\/article\/balaken-sakini-prokuroru-mehkemeye-verdi\/#primaryimage"},"image":{"@id":"https:\/\/www.meydan.tv\/az\/article\/balaken-sakini-prokuroru-mehkemeye-verdi\/#primaryimage"},"thumbnailUrl":"https:\/\/www.meydan.tv\/wp-content\/uploads\/photo-2021-02-27-18-42-21.jpg","datePublished":"2021-02-28T14:09:24+00:00","breadcrumb":{"@id":"https:\/\/www.meydan.tv\/az\/article\/balaken-sakini-prokuroru-mehkemeye-verdi\/#breadcrumb"},"inLanguage":"az","potentialAction":[{"@type":"ReadAction","target":["https:\/\/www.meydan.tv\/az\/article\/balaken-sakini-prokuroru-mehkemeye-verdi\/"]}]},{"@type":"ImageObject","inLanguage":"az","@id":"https:\/\/www.meydan.tv\/az\/article\/balaken-sakini-prokuroru-mehkemeye-verdi\/#primaryimage","url":"https:\/\/www.meydan.tv\/wp-content\/uploads\/photo-2021-02-27-18-42-21.jpg","contentUrl":"https:\/\/www.meydan.tv\/wp-content\/uploads\/photo-2021-02-27-18-42-21.jpg","width":750,"height":696,"caption":"Source: Specify Source"},{"@type":"BreadcrumbList","@id":"https:\/\/www.meydan.tv\/az\/article\/balaken-sakini-prokuroru-mehkemeye-verdi\/#breadcrumb","itemListElement":[{"@type":"ListItem","position":1,"name":"Ana s\u0259hif\u0259","item":"https:\/\/www.meydan.tv\/az\/"},{"@type":"ListItem","position":2,"name":"B\u00f6lg\u0259","item":"https:\/\/www.meydan.tv\/az\/section\/bolge\/"},{"@type":"ListItem","position":3,"name":"Balak\u0259n sakini prokuroru m\u0259hk\u0259m\u0259y\u0259 verdi"}]},{"@type":"WebSite","@id":"https:\/\/www.meydan.tv\/az\/#website","url":"https:\/\/www.meydan.tv\/az\/","name":"MEYDAN.TV","description":"Meydan TV Az\u0259rbaycan\u0131n media m\u0259kan\u0131ndak\u0131 alternativ s\u0259sidir","publisher":{"@id":"https:\/\/www.meydan.tv\/az\/#organization"},"potentialAction":[{"@type":"SearchAction","target":{"@type":"EntryPoint","urlTemplate":"https:\/\/www.meydan.tv\/az\/?s={search_term_string}"},"query-input":{"@type":"PropertyValueSpecification","valueRequired":true,"valueName":"search_term_string"}}],"inLanguage":"az"},{"@type":"Organization","@id":"https:\/\/www.meydan.tv\/az\/#organization","name":"Meydan TV","url":"https:\/\/www.meydan.tv\/az\/","logo":{"@type":"ImageObject","inLanguage":"az","@id":"https:\/\/www.meydan.tv\/az\/#\/schema\/logo\/image\/","url":"https:\/\/www.meydan.tv\/wp-content\/uploads\/2021\/07\/meydan-logo.svg","contentUrl":"https:\/\/www.meydan.tv\/wp-content\/uploads\/2021\/07\/meydan-logo.svg","width":195,"height":46,"caption":"Meydan TV"},"image":{"@id":"https:\/\/www.meydan.tv\/az\/#\/schema\/logo\/image\/"}},{"@type":"Person","@id":"https:\/\/www.meydan.tv\/az\/#\/schema\/person\/10d11eccf6da3662cf5fdab9806ea91a","name":"user-manager"}]}},"_links":{"self":[{"href":"https:\/\/www.meydan.tv\/az\/wp-json\/wp\/v2\/posts\/205172","targetHints":{"allow":["GET"]}}],"collection":[{"href":"https:\/\/www.meydan.tv\/az\/wp-json\/wp\/v2\/posts"}],"about":[{"href":"https:\/\/www.meydan.tv\/az\/wp-json\/wp\/v2\/types\/post"}],"author":[{"embeddable":true,"href":"https:\/\/www.meydan.tv\/az\/wp-json\/wp\/v2\/users\/11"}],"replies":[{"embeddable":true,"href":"https:\/\/www.meydan.tv\/az\/wp-json\/wp\/v2\/comments?post=205172"}],"version-history":[{"count":0,"href":"https:\/\/www.meydan.tv\/az\/wp-json\/wp\/v2\/posts\/205172\/revisions"}],"wp:featuredmedia":[{"embeddable":true,"href":"https:\/\/www.meydan.tv\/az\/wp-json\/wp\/v2\/media\/157095"}],"wp:attachment":[{"href":"https:\/\/www.meydan.tv\/az\/wp-json\/wp\/v2\/media?parent=205172"}],"wp:term":[{"taxonomy":"category","embeddable":true,"href":"https:\/\/www.meydan.tv\/az\/wp-json\/wp\/v2\/categories?post=205172"},{"taxonomy":"post_tag","embeddable":true,"href":"https:\/\/www.meydan.tv\/az\/wp-json\/wp\/v2\/tags?post=205172"}],"curies":[{"name":"wp","href":"https:\/\/api.w.org\/{rel}","templated":true}]}}