{"id":205167,"date":"2021-02-28T07:57:35","date_gmt":"2021-02-28T07:57:35","guid":{"rendered":"https:\/\/www.meydan.tv\/article\/bilesuvar-sakini-belediyye-sedrinden-sikayetcidir\/"},"modified":"2021-02-28T07:57:35","modified_gmt":"2021-02-28T07:57:35","slug":"bilesuvar-sakini-belediyye-sedrinden-sikayetcidir","status":"publish","type":"post","link":"https:\/\/www.meydan.tv\/az\/article\/bilesuvar-sakini-belediyye-sedrinden-sikayetcidir\/","title":{"rendered":"Bil\u0259suvar sakini b\u0259l\u0259diyy\u0259 s\u0259drind\u0259n \u015fikay\u0259t\u00e7idir"},"content":{"rendered":"<p>\n  <i><br \/>\n    \u201cSah\u0259l\u0259r bo\u015f saxlan\u0131l\u0131r, halbuki onlar\u0131 \u0259kib-bec\u0259rm\u0259kl\u0259 onlarla adam i\u015fl\u0259 t\u0259min olunar\u201d<br \/>\n  <\/i>\n<\/p>\n<p>\n  Bil\u0259suvar rayonunun A\u011fayr\u0131 k\u0259ndind\u0259 500-d\u0259n \u00e7ox ail\u0259 var, k\u0259ndlil\u0259rin \u0259sas dolan\u0131\u015f\u0131q yeri \u0259kin\u00e7ilik v\u0259 heyvandarl\u0131qd\u0131r.\n<\/p>\n<p>\n  K\u0259nd sakinl\u0259ri deyir ki, \u0259kin sah\u0259si olmayanlar dolana bilmirl\u0259r.\n<\/p>\n<p>\n  K\u0259nd sakini B\u00f6y\u00fcka\u011fa V\u0259kil o\u011flu \u018fliyevin s\u00f6zl\u0259rin\u0259 g\u00f6r\u0259, Bak\u0131ya g\u0259lib i\u015f tapmaqda \u00e7\u0259tinlik \u00e7\u0259kir, k\u0259ndd\u0259 \u0259lav\u0259 i\u015f yeri, m\u0259\u015f\u011fuliyy\u0259t yoxdur. Do\u011fma k\u0259ndind\u0259 torpaq g\u00f6t\u00fcr\u00fcb t\u0259s\u0259rr\u00fcfatla m\u0259\u015f\u011ful olmaq, dolanmaq ist\u0259yir. Bunun \u00fc\u00e7\u00fcn aylard\u0131r b\u0259l\u0259diyy\u0259y\u0259 m\u00fcraci\u0259t ets\u0259 d\u0259, n\u0259tic\u0259si yoxdur:\n<\/p>\n<p>\n  \u00abB\u0259l\u0259diyy\u0259nin balans\u0131nda hektarlarla bo\u015f torpaq sah\u0259si var. 42,5 hektar torpaq icar\u0259y\u0259 g\u00f6t\u00fcr\u00fcb, t\u0259s\u0259rr\u00fcfatla m\u0259\u015f\u011ful olmaq ist\u0259yir\u0259m, r\u00fcsumu \u00f6d\u0259m\u0259y\u0259 haz\u0131ram. Amma b\u0259l\u0259diyy\u0259 s\u0259dri Allahverdi Zeynalov aylard\u0131r m\u00fcxt\u0259lif b\u0259han\u0259l\u0259rl\u0259 m\u00fcraci\u0259tim\u0259 cavab vermir. D\u0259f\u0259l\u0259rl\u0259 rayon icra hakimiyy\u0259tinin r\u0259hb\u0259r \u015f\u0259xsl\u0259rinin q\u0259bulunda olmu\u015fam. \u00dcmumiyy\u0259tl\u0259 m\u00fcraci\u0259t etm\u0259diyim qurum qalmay\u0131b\u201d.\n<\/p>\n<figure class=\"wp-block-image size-large\">\n  <img decoding=\"async\" src=\"https:\/\/www.meydan.tv\/az\/photo-2021-02-27-21-59-45-jpg\/\" alt=\"photo-2021-02-27-21-59-45.jpg\" class=\"wp-image-157086\"\/><figcaption>\n    Bil\u0259suvar Rayon \u0130cra Hakimiyy\u0259tinin birinci m\u00fcavini Xanlar M\u0259mm\u0259dovun cavab m\u0259ktubu<br \/>\n  <\/figcaption><\/figure>\n<p>\n  K\u0259nd sakinl\u0259ri deyir ki, Allahverdi Zeynalov 20 ildir k\u0259nd b\u0259l\u0259diyy\u0259sinin s\u0259dridir. Ona edil\u0259n m\u00fcraci\u0259tl\u0259r\u0259 baxmayaraq, cavanlara k\u0259ndd\u0259 i\u015fl\u0259m\u0259k \u00fc\u00e7\u00fcn \u015f\u0259rait yarad\u0131lm\u0131r.\n<\/p>\n<p>\n  \u201cSah\u0259l\u0259r bo\u015f saxlan\u0131l\u0131r, halbuki onlar\u0131 \u0259kib-bec\u0259rm\u0259kl\u0259 onlarla adam i\u015fl\u0259 t\u0259min olunar\u00bb, &#8211; B\u00f6y\u00fcka\u011fa \u018fliyev deyir.\n<\/p>\n<p>\n  \u015eikay\u0259t\u00e7i bildirib ki, k\u0259ndd\u0259 \u0259sas\u0259n arpa, pamb\u0131q \u0259kilir, torpa\u011f\u0131 olmayanlar t\u0259s\u0259rr\u00fcfatlarda g\u00fcn\u0259muzd \u00e7al\u0131\u015f\u0131rlar.\n<\/p>\n<p>\n  Meydan TV b\u0259l\u0259diyy\u0259 s\u0259drind\u0259n deyil\u0259nl\u0259r\u0259 m\u00fcnasib\u0259t \u00f6yr\u0259n\u0259 bilm\u0259yib. Allahverdi Zeynalov telefon z\u0259ngin\u0259 cavab verm\u0259yib.\n<\/p>\n<p>\n  Bil\u0259suvar Rayon \u0130cra Hakimiyy\u0259tind\u0259n is\u0259 deyibl\u0259r ki, edil\u0259n \u015fikay\u0259t ara\u015fd\u0131r\u0131l\u0131b:\n<\/p>\n<p>\n  \u00ab\u0130cra hakimiyy\u0259tin\u0259 edil\u0259n m\u00fcraci\u0259tl\u0259r ara\u015fd\u0131r\u0131l\u0131r v\u0259 uy\u011fun cavablar verilir. Y\u0259qin ki, v\u0259t\u0259nda\u015fa da m\u00fcraci\u0259t \u00fczr\u0259 cavab g\u00f6nd\u0259rilib\u00bb.\n<\/p>\n<figure class=\"wp-block-image size-large\">\n  <img decoding=\"async\" src=\"https:\/\/www.meydan.tv\/az\/photo-2021-02-27-22-00-26\/\" alt=\"photo-2021-02-27-22-00-26\" class=\"wp-image-157089\"\/><figcaption>\n    A\u011fayr\u0131 B\u0259l\u0259diyy\u0259 s\u0259dri Allahverdi Zeynalovun cavab m\u0259ktubu<br \/>\n  <\/figcaption><\/figure>\n","protected":false},"excerpt":{"rendered":"<p>\u015eikay\u0259t\u00e7i bildirib ki, k\u0259ndd\u0259 \u0259sas\u0259n arpa, pamb\u0131q \u0259kilir, torpa\u011f\u0131 olmayanlar t\u0259s\u0259rr\u00fcfatlarda g\u00fcn\u0259muzd \u00e7al\u0131\u015f\u0131rlar.<\/p>\n","protected":false},"author":11,"featured_media":108724,"comment_status":"closed","ping_status":"open","sticky":false,"template":"","format":"standard","meta":{"_acf_changed":false,"_sitemap_exclude":false,"_sitemap_priority":"","_sitemap_frequency":"","footnotes":""},"categories":[60],"tags":[],"class_list":["post-205167","post","type-post","status-publish","format-standard","has-post-thumbnail","hentry","category-bolge","infinite-scroll-item","generate-columns","tablet-grid-50","mobile-grid-100","grid-parent","grid-33","no-featured-image-padding"],"acf":[],"yoast_head":"<!-- This site is optimized with the Yoast SEO plugin v27.5 - https:\/\/yoast.com\/product\/yoast-seo-wordpress\/ -->\n<title>Bil\u0259suvar sakini b\u0259l\u0259diyy\u0259 s\u0259drind\u0259n \u015fikay\u0259t\u00e7idir - MEYDAN.TV<\/title>\n<meta name=\"robots\" content=\"index, follow, max-snippet:-1, max-image-preview:large, max-video-preview:-1\" \/>\n<link rel=\"canonical\" href=\"https:\/\/www.meydan.tv\/az\/article\/bilesuvar-sakini-belediyye-sedrinden-sikayetcidir\/\" \/>\n<meta property=\"og:locale\" content=\"az_AZ\" \/>\n<meta property=\"og:type\" content=\"article\" \/>\n<meta property=\"og:title\" content=\"Bil\u0259suvar sakini b\u0259l\u0259diyy\u0259 s\u0259drind\u0259n \u015fikay\u0259t\u00e7idir - MEYDAN.TV\" \/>\n<meta property=\"og:description\" content=\"\u015eikay\u0259t\u00e7i bildirib ki, k\u0259ndd\u0259 \u0259sas\u0259n arpa, pamb\u0131q \u0259kilir, torpa\u011f\u0131 olmayanlar t\u0259s\u0259rr\u00fcfatlarda g\u00fcn\u0259muzd \u00e7al\u0131\u015f\u0131rlar.\" \/>\n<meta property=\"og:url\" content=\"https:\/\/www.meydan.tv\/az\/article\/bilesuvar-sakini-belediyye-sedrinden-sikayetcidir\/\" \/>\n<meta property=\"og:site_name\" content=\"MEYDAN.TV\" \/>\n<meta property=\"article:published_time\" content=\"2021-02-28T07:57:35+00:00\" \/>\n<meta property=\"og:image\" content=\"https:\/\/www.meydan.tv\/wp-content\/uploads\/43245.jpg\" \/>\n\t<meta property=\"og:image:width\" content=\"2272\" \/>\n\t<meta property=\"og:image:height\" content=\"1704\" \/>\n\t<meta property=\"og:image:type\" content=\"image\/jpeg\" \/>\n<meta name=\"author\" content=\"user-manager\" \/>\n<meta name=\"twitter:card\" content=\"summary_large_image\" \/>\n<script type=\"application\/ld+json\" class=\"yoast-schema-graph\">{\"@context\":\"https:\\\/\\\/schema.org\",\"@graph\":[{\"@type\":\"Article\",\"@id\":\"https:\\\/\\\/www.meydan.tv\\\/az\\\/article\\\/bilesuvar-sakini-belediyye-sedrinden-sikayetcidir\\\/#article\",\"isPartOf\":{\"@id\":\"https:\\\/\\\/www.meydan.tv\\\/az\\\/article\\\/bilesuvar-sakini-belediyye-sedrinden-sikayetcidir\\\/\"},\"author\":{\"name\":\"user-manager\",\"@id\":\"https:\\\/\\\/www.meydan.tv\\\/az\\\/#\\\/schema\\\/person\\\/10d11eccf6da3662cf5fdab9806ea91a\"},\"headline\":\"Bil\u0259suvar sakini b\u0259l\u0259diyy\u0259 s\u0259drind\u0259n \u015fikay\u0259t\u00e7idir\",\"datePublished\":\"2021-02-28T07:57:35+00:00\",\"mainEntityOfPage\":{\"@id\":\"https:\\\/\\\/www.meydan.tv\\\/az\\\/article\\\/bilesuvar-sakini-belediyye-sedrinden-sikayetcidir\\\/\"},\"wordCount\":421,\"publisher\":{\"@id\":\"https:\\\/\\\/www.meydan.tv\\\/az\\\/#organization\"},\"image\":{\"@id\":\"https:\\\/\\\/www.meydan.tv\\\/az\\\/article\\\/bilesuvar-sakini-belediyye-sedrinden-sikayetcidir\\\/#primaryimage\"},\"thumbnailUrl\":\"https:\\\/\\\/www.meydan.tv\\\/wp-content\\\/uploads\\\/43245.jpg\",\"articleSection\":[\"B\u00f6lg\u0259\"],\"inLanguage\":\"az\"},{\"@type\":\"WebPage\",\"@id\":\"https:\\\/\\\/www.meydan.tv\\\/az\\\/article\\\/bilesuvar-sakini-belediyye-sedrinden-sikayetcidir\\\/\",\"url\":\"https:\\\/\\\/www.meydan.tv\\\/az\\\/article\\\/bilesuvar-sakini-belediyye-sedrinden-sikayetcidir\\\/\",\"name\":\"Bil\u0259suvar sakini b\u0259l\u0259diyy\u0259 s\u0259drind\u0259n \u015fikay\u0259t\u00e7idir - MEYDAN.TV\",\"isPartOf\":{\"@id\":\"https:\\\/\\\/www.meydan.tv\\\/az\\\/#website\"},\"primaryImageOfPage\":{\"@id\":\"https:\\\/\\\/www.meydan.tv\\\/az\\\/article\\\/bilesuvar-sakini-belediyye-sedrinden-sikayetcidir\\\/#primaryimage\"},\"image\":{\"@id\":\"https:\\\/\\\/www.meydan.tv\\\/az\\\/article\\\/bilesuvar-sakini-belediyye-sedrinden-sikayetcidir\\\/#primaryimage\"},\"thumbnailUrl\":\"https:\\\/\\\/www.meydan.tv\\\/wp-content\\\/uploads\\\/43245.jpg\",\"datePublished\":\"2021-02-28T07:57:35+00:00\",\"breadcrumb\":{\"@id\":\"https:\\\/\\\/www.meydan.tv\\\/az\\\/article\\\/bilesuvar-sakini-belediyye-sedrinden-sikayetcidir\\\/#breadcrumb\"},\"inLanguage\":\"az\",\"potentialAction\":[{\"@type\":\"ReadAction\",\"target\":[\"https:\\\/\\\/www.meydan.tv\\\/az\\\/article\\\/bilesuvar-sakini-belediyye-sedrinden-sikayetcidir\\\/\"]}]},{\"@type\":\"ImageObject\",\"inLanguage\":\"az\",\"@id\":\"https:\\\/\\\/www.meydan.tv\\\/az\\\/article\\\/bilesuvar-sakini-belediyye-sedrinden-sikayetcidir\\\/#primaryimage\",\"url\":\"https:\\\/\\\/www.meydan.tv\\\/wp-content\\\/uploads\\\/43245.jpg\",\"contentUrl\":\"https:\\\/\\\/www.meydan.tv\\\/wp-content\\\/uploads\\\/43245.jpg\",\"width\":2272,\"height\":1704,\"caption\":\"Source:\"},{\"@type\":\"BreadcrumbList\",\"@id\":\"https:\\\/\\\/www.meydan.tv\\\/az\\\/article\\\/bilesuvar-sakini-belediyye-sedrinden-sikayetcidir\\\/#breadcrumb\",\"itemListElement\":[{\"@type\":\"ListItem\",\"position\":1,\"name\":\"Ana s\u0259hif\u0259\",\"item\":\"https:\\\/\\\/www.meydan.tv\\\/az\\\/\"},{\"@type\":\"ListItem\",\"position\":2,\"name\":\"B\u00f6lg\u0259\",\"item\":\"https:\\\/\\\/www.meydan.tv\\\/az\\\/section\\\/bolge\\\/\"},{\"@type\":\"ListItem\",\"position\":3,\"name\":\"Bil\u0259suvar sakini b\u0259l\u0259diyy\u0259 s\u0259drind\u0259n \u015fikay\u0259t\u00e7idir\"}]},{\"@type\":\"WebSite\",\"@id\":\"https:\\\/\\\/www.meydan.tv\\\/az\\\/#website\",\"url\":\"https:\\\/\\\/www.meydan.tv\\\/az\\\/\",\"name\":\"MEYDAN.TV\",\"description\":\"Meydan TV Az\u0259rbaycan\u0131n media m\u0259kan\u0131ndak\u0131 alternativ s\u0259sidir\",\"publisher\":{\"@id\":\"https:\\\/\\\/www.meydan.tv\\\/az\\\/#organization\"},\"potentialAction\":[{\"@type\":\"SearchAction\",\"target\":{\"@type\":\"EntryPoint\",\"urlTemplate\":\"https:\\\/\\\/www.meydan.tv\\\/az\\\/?s={search_term_string}\"},\"query-input\":{\"@type\":\"PropertyValueSpecification\",\"valueRequired\":true,\"valueName\":\"search_term_string\"}}],\"inLanguage\":\"az\"},{\"@type\":\"Organization\",\"@id\":\"https:\\\/\\\/www.meydan.tv\\\/az\\\/#organization\",\"name\":\"Meydan TV\",\"url\":\"https:\\\/\\\/www.meydan.tv\\\/az\\\/\",\"logo\":{\"@type\":\"ImageObject\",\"inLanguage\":\"az\",\"@id\":\"https:\\\/\\\/www.meydan.tv\\\/az\\\/#\\\/schema\\\/logo\\\/image\\\/\",\"url\":\"https:\\\/\\\/www.meydan.tv\\\/wp-content\\\/uploads\\\/2021\\\/07\\\/meydan-logo.svg\",\"contentUrl\":\"https:\\\/\\\/www.meydan.tv\\\/wp-content\\\/uploads\\\/2021\\\/07\\\/meydan-logo.svg\",\"width\":195,\"height\":46,\"caption\":\"Meydan TV\"},\"image\":{\"@id\":\"https:\\\/\\\/www.meydan.tv\\\/az\\\/#\\\/schema\\\/logo\\\/image\\\/\"}},{\"@type\":\"Person\",\"@id\":\"https:\\\/\\\/www.meydan.tv\\\/az\\\/#\\\/schema\\\/person\\\/10d11eccf6da3662cf5fdab9806ea91a\",\"name\":\"user-manager\"}]}<\/script>\n<!-- \/ Yoast SEO plugin. -->","yoast_head_json":{"title":"Bil\u0259suvar sakini b\u0259l\u0259diyy\u0259 s\u0259drind\u0259n \u015fikay\u0259t\u00e7idir - MEYDAN.TV","robots":{"index":"index","follow":"follow","max-snippet":"max-snippet:-1","max-image-preview":"max-image-preview:large","max-video-preview":"max-video-preview:-1"},"canonical":"https:\/\/www.meydan.tv\/az\/article\/bilesuvar-sakini-belediyye-sedrinden-sikayetcidir\/","og_locale":"az_AZ","og_type":"article","og_title":"Bil\u0259suvar sakini b\u0259l\u0259diyy\u0259 s\u0259drind\u0259n \u015fikay\u0259t\u00e7idir - MEYDAN.TV","og_description":"\u015eikay\u0259t\u00e7i bildirib ki, k\u0259ndd\u0259 \u0259sas\u0259n arpa, pamb\u0131q \u0259kilir, torpa\u011f\u0131 olmayanlar t\u0259s\u0259rr\u00fcfatlarda g\u00fcn\u0259muzd \u00e7al\u0131\u015f\u0131rlar.","og_url":"https:\/\/www.meydan.tv\/az\/article\/bilesuvar-sakini-belediyye-sedrinden-sikayetcidir\/","og_site_name":"MEYDAN.TV","article_published_time":"2021-02-28T07:57:35+00:00","og_image":[{"width":2272,"height":1704,"url":"https:\/\/www.meydan.tv\/wp-content\/uploads\/43245.jpg","type":"image\/jpeg"}],"author":"user-manager","twitter_card":"summary_large_image","schema":{"@context":"https:\/\/schema.org","@graph":[{"@type":"Article","@id":"https:\/\/www.meydan.tv\/az\/article\/bilesuvar-sakini-belediyye-sedrinden-sikayetcidir\/#article","isPartOf":{"@id":"https:\/\/www.meydan.tv\/az\/article\/bilesuvar-sakini-belediyye-sedrinden-sikayetcidir\/"},"author":{"name":"user-manager","@id":"https:\/\/www.meydan.tv\/az\/#\/schema\/person\/10d11eccf6da3662cf5fdab9806ea91a"},"headline":"Bil\u0259suvar sakini b\u0259l\u0259diyy\u0259 s\u0259drind\u0259n \u015fikay\u0259t\u00e7idir","datePublished":"2021-02-28T07:57:35+00:00","mainEntityOfPage":{"@id":"https:\/\/www.meydan.tv\/az\/article\/bilesuvar-sakini-belediyye-sedrinden-sikayetcidir\/"},"wordCount":421,"publisher":{"@id":"https:\/\/www.meydan.tv\/az\/#organization"},"image":{"@id":"https:\/\/www.meydan.tv\/az\/article\/bilesuvar-sakini-belediyye-sedrinden-sikayetcidir\/#primaryimage"},"thumbnailUrl":"https:\/\/www.meydan.tv\/wp-content\/uploads\/43245.jpg","articleSection":["B\u00f6lg\u0259"],"inLanguage":"az"},{"@type":"WebPage","@id":"https:\/\/www.meydan.tv\/az\/article\/bilesuvar-sakini-belediyye-sedrinden-sikayetcidir\/","url":"https:\/\/www.meydan.tv\/az\/article\/bilesuvar-sakini-belediyye-sedrinden-sikayetcidir\/","name":"Bil\u0259suvar sakini b\u0259l\u0259diyy\u0259 s\u0259drind\u0259n \u015fikay\u0259t\u00e7idir - MEYDAN.TV","isPartOf":{"@id":"https:\/\/www.meydan.tv\/az\/#website"},"primaryImageOfPage":{"@id":"https:\/\/www.meydan.tv\/az\/article\/bilesuvar-sakini-belediyye-sedrinden-sikayetcidir\/#primaryimage"},"image":{"@id":"https:\/\/www.meydan.tv\/az\/article\/bilesuvar-sakini-belediyye-sedrinden-sikayetcidir\/#primaryimage"},"thumbnailUrl":"https:\/\/www.meydan.tv\/wp-content\/uploads\/43245.jpg","datePublished":"2021-02-28T07:57:35+00:00","breadcrumb":{"@id":"https:\/\/www.meydan.tv\/az\/article\/bilesuvar-sakini-belediyye-sedrinden-sikayetcidir\/#breadcrumb"},"inLanguage":"az","potentialAction":[{"@type":"ReadAction","target":["https:\/\/www.meydan.tv\/az\/article\/bilesuvar-sakini-belediyye-sedrinden-sikayetcidir\/"]}]},{"@type":"ImageObject","inLanguage":"az","@id":"https:\/\/www.meydan.tv\/az\/article\/bilesuvar-sakini-belediyye-sedrinden-sikayetcidir\/#primaryimage","url":"https:\/\/www.meydan.tv\/wp-content\/uploads\/43245.jpg","contentUrl":"https:\/\/www.meydan.tv\/wp-content\/uploads\/43245.jpg","width":2272,"height":1704,"caption":"Source:"},{"@type":"BreadcrumbList","@id":"https:\/\/www.meydan.tv\/az\/article\/bilesuvar-sakini-belediyye-sedrinden-sikayetcidir\/#breadcrumb","itemListElement":[{"@type":"ListItem","position":1,"name":"Ana s\u0259hif\u0259","item":"https:\/\/www.meydan.tv\/az\/"},{"@type":"ListItem","position":2,"name":"B\u00f6lg\u0259","item":"https:\/\/www.meydan.tv\/az\/section\/bolge\/"},{"@type":"ListItem","position":3,"name":"Bil\u0259suvar sakini b\u0259l\u0259diyy\u0259 s\u0259drind\u0259n \u015fikay\u0259t\u00e7idir"}]},{"@type":"WebSite","@id":"https:\/\/www.meydan.tv\/az\/#website","url":"https:\/\/www.meydan.tv\/az\/","name":"MEYDAN.TV","description":"Meydan TV Az\u0259rbaycan\u0131n media m\u0259kan\u0131ndak\u0131 alternativ s\u0259sidir","publisher":{"@id":"https:\/\/www.meydan.tv\/az\/#organization"},"potentialAction":[{"@type":"SearchAction","target":{"@type":"EntryPoint","urlTemplate":"https:\/\/www.meydan.tv\/az\/?s={search_term_string}"},"query-input":{"@type":"PropertyValueSpecification","valueRequired":true,"valueName":"search_term_string"}}],"inLanguage":"az"},{"@type":"Organization","@id":"https:\/\/www.meydan.tv\/az\/#organization","name":"Meydan TV","url":"https:\/\/www.meydan.tv\/az\/","logo":{"@type":"ImageObject","inLanguage":"az","@id":"https:\/\/www.meydan.tv\/az\/#\/schema\/logo\/image\/","url":"https:\/\/www.meydan.tv\/wp-content\/uploads\/2021\/07\/meydan-logo.svg","contentUrl":"https:\/\/www.meydan.tv\/wp-content\/uploads\/2021\/07\/meydan-logo.svg","width":195,"height":46,"caption":"Meydan TV"},"image":{"@id":"https:\/\/www.meydan.tv\/az\/#\/schema\/logo\/image\/"}},{"@type":"Person","@id":"https:\/\/www.meydan.tv\/az\/#\/schema\/person\/10d11eccf6da3662cf5fdab9806ea91a","name":"user-manager"}]}},"_links":{"self":[{"href":"https:\/\/www.meydan.tv\/az\/wp-json\/wp\/v2\/posts\/205167","targetHints":{"allow":["GET"]}}],"collection":[{"href":"https:\/\/www.meydan.tv\/az\/wp-json\/wp\/v2\/posts"}],"about":[{"href":"https:\/\/www.meydan.tv\/az\/wp-json\/wp\/v2\/types\/post"}],"author":[{"embeddable":true,"href":"https:\/\/www.meydan.tv\/az\/wp-json\/wp\/v2\/users\/11"}],"replies":[{"embeddable":true,"href":"https:\/\/www.meydan.tv\/az\/wp-json\/wp\/v2\/comments?post=205167"}],"version-history":[{"count":0,"href":"https:\/\/www.meydan.tv\/az\/wp-json\/wp\/v2\/posts\/205167\/revisions"}],"wp:featuredmedia":[{"embeddable":true,"href":"https:\/\/www.meydan.tv\/az\/wp-json\/wp\/v2\/media\/108724"}],"wp:attachment":[{"href":"https:\/\/www.meydan.tv\/az\/wp-json\/wp\/v2\/media?parent=205167"}],"wp:term":[{"taxonomy":"category","embeddable":true,"href":"https:\/\/www.meydan.tv\/az\/wp-json\/wp\/v2\/categories?post=205167"},{"taxonomy":"post_tag","embeddable":true,"href":"https:\/\/www.meydan.tv\/az\/wp-json\/wp\/v2\/tags?post=205167"}],"curies":[{"name":"wp","href":"https:\/\/api.w.org\/{rel}","templated":true}]}}