{"id":205163,"date":"2021-02-27T18:47:50","date_gmt":"2021-02-27T18:47:50","guid":{"rendered":"https:\/\/www.meydan.tv\/article\/qubada-hekimler-elillerle-qeyri-insani-davranir\/"},"modified":"2021-02-27T18:47:50","modified_gmt":"2021-02-27T18:47:50","slug":"qubada-hekimler-elillerle-qeyri-insani-davranir","status":"publish","type":"post","link":"https:\/\/www.meydan.tv\/az\/article\/qubada-hekimler-elillerle-qeyri-insani-davranir\/","title":{"rendered":"\u201cQubada h\u0259kiml\u0259r \u0259lill\u0259rl\u0259 qeyri-insani davran\u0131r\u201d"},"content":{"rendered":"<p>\n  <i><br \/>\n    1-ci qrup \u0259lil iddia edir ki, Quba M\u00fcalic\u0259 Diaqnostika M\u0259rk\u0259zind\u0259 q\u0259sd\u0259n ba\u011f\u0131rsaqlar\u0131na infeksiya sal\u0131blar<br \/>\n  <\/i>\n<\/p>\n<p>\n  \u201c\u00c7ox \u00fczr ist\u0259yir\u0259m, baytar heyvanla n\u0259zak\u0259tl\u0259 davran\u0131r, ancaq Quba M\u00fcalic\u0259 Diaqnostika M\u0259rk\u0259zinin h\u0259kiml\u0259ri &#8211; onlara h\u0259kim dem\u0259y\u0259 adam\u0131n dili d\u0259 g\u0259lmir-, \u0259lill\u0259rl\u0259 heyvana olan n\u0259zak\u0259ti d\u0259 g\u00f6st\u0259rmirl\u0259r\u201d.\n<\/p>\n<p>\n  Bunu Meydan TV-y\u0259 Quba rayonu, Yeni G\u00fcl\u0259zi q\u0259s\u0259b\u0259sinin sakini, 1-ci qrup \u0259lil B\u0259d\u0259l \u0130sayev deyir. Onun s\u00f6zl\u0259rin\u0259 g\u00f6r\u0259, fevral\u0131n 8-d\u0259 \u00f6z\u00fcn\u00fc yax\u015f\u0131 hiss etm\u0259diyi \u00fc\u00e7\u00fcn ail\u0259 \u00fczvl\u0259ri t\u0259cili yard\u0131m \u00e7a\u011f\u0131r\u0131b v\u0259 o, Quba M\u00fcalic\u0259 Diaqnostika M\u0259rk\u0259zin\u0259 g\u00f6t\u00fcr\u00fcl\u00fcb. \u0130mal\u0259 olunark\u0259n ba\u011f\u0131rsaqlar\u0131na infeksiya d\u00fc\u015f\u00fcb. 20 g\u00fcn\u0259 yax\u0131nd\u0131r ki, \u0259ziyy\u0259t \u00e7\u0259kir.\n<\/p>\n<p>\n  <b><br \/>\n    \u201cBaytar heyvanla daha n\u0259zak\u0259tli davran\u0131r, n\u0259inki bizim h\u0259kiml\u0259r&#8230;\u201d<br \/>\n  <\/b>\n<\/p>\n<p>\n  \u201cX\u0259st\u0259xanada g\u00f6r\u0259nd\u0259 ki, g\u0259l\u0259n \u0259lildir, el\u0259 m\u00fcnasib\u0259t g\u00f6st\u0259rirl\u0259r ki, \u0259lil ora ikinci d\u0259f\u0259 getm\u0259sin. O q\u0259d\u0259r kobud davran\u0131rlar ki&#8230; \u00c7ox \u00fczr ist\u0259yir\u0259m, baytar heyvanla n\u0259zak\u0259tl\u0259 davran\u0131r, ancaq Quba M\u00fcalic\u0259 Diaqnostika M\u0259rk\u0259zinin h\u0259kiml\u0259ri \u0259lill\u0259r\u0259 heyvana olan n\u0259zak\u0259ti d\u0259 g\u00f6st\u0259rmirl\u0259r. M\u0259ni imal\u0259 ota\u011f\u0131na sald\u0131lar, otaqda o q\u0259d\u0259r nat\u0259mizlik vard\u0131 ki, ora sa\u011flam g\u0259l\u0259n infeksiya tutub ged\u0259r. El\u0259 d\u0259 oldu&#8230; O\u011flum m\u0259ni \u0259lil arabas\u0131ndan bir x\u0259r\u0259y\u0259 uzatd\u0131, h\u0259kiml\u0259r\u0259 dedi, he\u00e7 olmasa alt\u0131na, \u00fcst\u00fcn\u0259 bir m\u0259l\u0259f\u0259 verin, dedil\u0259r, yoxumuzdur. \u0130mal\u0259ni krantdan soyuq su il\u0259 doldurdular, verdil\u0259r o\u011fluma, dedil\u0259r, \u00f6z\u00fcn tut, saxla. \u0130ki d\u0259f\u0259 su il\u0259 doldurdular, verdil\u0259r o\u011fluma, m\u0259ni o\u011flum imal\u0259 etdi. o\u011flum dedi, he\u00e7 olmasa il\u0131q su verin, soyuq su il\u0259 imal\u0259 olmaz ax\u0131, dedil\u0259r, yoxdur\u201d, &#8211; \u015fikay\u0259t\u00e7i deyir.\n<\/p>\n<p>\n  <b><br \/>\n    \u201cRentgenoloq \u201c\u00e7\u0131x bay\u0131ra\u201d deyib, \u00fcst\u00fcm\u0259 q\u0131\u015fq\u0131rd\u0131\u201d<br \/>\n  <\/b>\n<\/p>\n<p>\n  B\u0259d\u0259l \u0130sayev deyir, m\u00fcayin\u0259 olunmaq \u00fc\u00e7\u00fcn rentgen ota\u011f\u0131na yax\u0131nla\u015f\u0131b. Lakin ona rentgen aparat\u0131n\u0131n i\u015fl\u0259m\u0259diyi bildirilib:\n<\/p>\n<p>\n  \u201cM\u0259n \u0259s\u0259bil\u0259\u015fdim, ba\u015f h\u0259kim\u0259 \u015fikay\u0259t etm\u0259k ist\u0259dim, dedil\u0259r, yerind\u0259 yoxdur. M\u00fcavinin\u0259 m\u00fcraci\u0259t etdim, dedi, ola bilm\u0259z, o\u011fluma tap\u015f\u0131rd\u0131 ki, d\u00fc\u015f\u00fcrt atan\u0131 rentgen ota\u011f\u0131na, m\u0259n indi ora tap\u015f\u0131raram, rentgen ed\u0259rl\u0259r. M\u0259ni arabayla yenid\u0259n \u0259ziyy\u0259tl\u0259 a\u015fa\u011f\u0131 d\u00fc\u015f\u00fcrd\u00fcl\u0259r, rentgen ota\u011f\u0131na gir\u0259nd\u0259 ordak\u0131 rentgenoloq yen\u0259 \u00fcst\u00fcm\u0259 q\u0131\u015fq\u0131rd\u0131 ki, s\u0259n\u0259 dedim ax\u0131, aparat i\u015fl\u0259mir, n\u0259 var t\u0259z\u0259d\u0259n \u00fcst\u00fcm\u0259 g\u0259lmis\u0259n, \u00e7\u0131x bay\u0131ra..\u201d\n<\/p>\n<p>\n  B\u0259d\u0259l \u0130sayevin s\u00f6zl\u0259rin\u0259 g\u00f6r\u0259, bel\u0259c\u0259 yar\u0131-yar\u0131m\u00e7\u0131q m\u00fcayin\u0259l\u0259rd\u0259n sonra ev\u0259 qay\u0131d\u0131b. Ancaq s\u0259n dem\u0259, h\u0259ngam\u0259 h\u0259l\u0259 qar\u015f\u0131daym\u0131\u015f. Tezlikl\u0259 m\u0259lum olub ki, imal\u0259 vasit\u0259sil\u0259 ba\u011f\u0131rsaqlar\u0131na infeksiya d\u00fc\u015f\u00fcb v\u0259 o, h\u0259l\u0259 d\u0259 m\u00fcalic\u0259 \u00fc\u00e7\u00fcn Qusar Rayon M\u0259rk\u0259zi X\u0259st\u0259xanas\u0131na gedib-g\u0259lir.\n<\/p>\n<p>\n  <b><br \/>\n    \u201cBa\u011f\u0131rsaqlar\u0131m h\u0259m soyuqlay\u0131b, h\u0259m d\u0259 infeksiya d\u00fc\u015f\u00fcb\u201d<br \/>\n  <\/b>\n<\/p>\n<p>\n  \u201cSoyuq suyu il\u0259 imal\u0259 n\u0259tic\u0259sind\u0259 ba\u011f\u0131rsaqlar\u0131ma infeksiya d\u00fc\u015fd\u00fc, daha Quba M\u00fcalic\u0259 Diaqnostika M\u0259rk\u0259zin\u0259 getm\u0259k ist\u0259m\u0259diyim \u00fc\u00e7\u00fcn ail\u0259 \u00fczvl\u0259rim m\u0259ni Qusara apard\u0131. \u0130ndi sizinl\u0259 Qusardak\u0131 M\u0259rk\u0259zi X\u0259st\u0259xanadan dan\u0131\u015f\u0131ram. Ail\u0259 \u00fczvl\u0259rim m\u0259ni h\u0259r g\u00fcn ma\u015f\u0131na qoyub bura g\u0259tirir. Ancaq n\u00f6vb\u0259ti h\u0259ft\u0259 \u0259sasl\u0131 m\u00fcayin\u0259l\u0259rd\u0259n ke\u00e7m\u0259k \u00fc\u00e7\u00fcn m\u0259cburdular ki, m\u0259ni Bak\u0131ya apars\u0131nlar\u201d, &#8211; birinci qrup \u0259lil deyir.\n<\/p>\n<p>\n  B\u0259d\u0259l \u0130sayevin 45 ya\u015f\u0131 var, \u0259z\u0259l\u0259 difteriyas\u0131ndan \u0259ziyy\u0259t \u00e7\u0259kir, bu x\u0259st\u0259liy\u0259 g\u00f6r\u0259 ona 1-ci qrup \u0259lillik t\u0259yin edilib. \u00d6vladlar\u0131ndan biri aprel d\u00f6y\u00fc\u015f\u00e7\u00fcs\u00fcd\u00fcr, dig\u0259ri is\u0259 \u0130kinci V\u0259t\u0259n M\u00fcharib\u0259si i\u015ftirak\u00e7\u0131s\u0131 olub, yaralan\u0131b, m\u00fcharib\u0259d\u0259n f\u0259xri f\u0259rmanlarla qay\u0131d\u0131b:\n<\/p>\n<p>\n  \u201cDem\u0259yim odur ki, V\u0259t\u0259n\u0259, torpa\u011fa can\u0131m\u0131z\u0131 qurban deyirik, ancaq d\u00f6vl\u0259t m\u00fc\u0259ssis\u0259sin\u0259, x\u0259st\u0259xanaya bir i\u015fimiz d\u00fc\u015f\u0259nd\u0259 bizi heyvan yerin\u0259 d\u0259 qoymurlar. \u018flil\u0259m, cibl\u0259rin\u0259 pul basm\u0131ram dey\u0259 m\u0259n\u0259, m\u0259nim kimi dig\u0259r \u0259lill\u0259r\u0259 bel\u0259 kobud m\u00fcnasib\u0259t g\u00f6st\u0259rilir. O x\u0259st\u0259xanaya ged\u0259nd\u0259 bir d\u0259rdim vard\u0131sa, infeksiyaya yoluxdurub ev\u0259 iki d\u0259rdl\u0259 qaytard\u0131lar\u201d.\n<\/p>\n<p>\n  Quba M\u00fcalic\u0259 Diaqnostika M\u0259rk\u0259zind\u0259n bildirilib ki, B\u0259d\u0259l \u0130sayev fevral\u0131n 8-d\u0259 x\u0259st\u0259xanaya qusma v\u0259 ihsal \u015fikay\u0259tl\u0259ri il\u0259 daxil olub, ondan qan analizl\u0259ri g\u00f6t\u00fcr\u00fcl\u00fcb, imal\u0259 olunub, USM m\u00fcayin\u0259sind\u0259n ke\u00e7ib v\u0259 ev\u0259 burax\u0131l\u0131b.\n<\/p>\n<p>\n  \u201cPasiyentl\u0259 h\u0259kiml\u0259r aras\u0131nda h\u0259r hans\u0131 naraz\u0131l\u0131q olmay\u0131b. M\u00fcailic\u0259sini d\u0259 haz\u0131rda m\u0259rk\u0259zd\u0259 davam etdir\u0259 bil\u0259r\u201d, &#8211; dey\u0259 Diaqnostika M\u0259rk\u0259zind\u0259n bildiribl\u0259r.\n<\/p>\n<p>\n  B\u0259d\u0259l \u0130sayevs\u0259 Quba M\u00fcalic\u0259 Diaqnostika M\u0259rk\u0259zinin tibbi hey\u0259tinin h\u0259r\u0259k\u0259tl\u0259rind\u0259n T\u018fB\u0130B-\u0259 d\u00f6rd d\u0259f\u0259 \u015fikay\u0259t yazd\u0131\u011f\u0131n\u0131, ancaq he\u00e7 birin\u0259 cavab almad\u0131\u011f\u0131n\u0131 deyir.\n<\/p>\n<p>\n  Meydan TV T\u018fB\u0130B-d\u0259n m\u0259s\u0259l\u0259y\u0259 m\u00fcnasib\u0259t \u00f6yr\u0259n\u0259 bilm\u0259yib.<\/p>\n","protected":false},"excerpt":{"rendered":"<p>\u201c\u018flil\u0259m, cibl\u0259rin\u0259 pul basm\u0131ram dey\u0259 m\u0259n\u0259, m\u0259nim kimi dig\u0259r \u0259lill\u0259r\u0259 bel\u0259 kobud m\u00fcnasib\u0259t g\u00f6st\u0259rilir&#8221;.<\/p>\n","protected":false},"author":11,"featured_media":157080,"comment_status":"closed","ping_status":"open","sticky":false,"template":"","format":"standard","meta":{"_acf_changed":false,"_sitemap_exclude":false,"_sitemap_priority":"","_sitemap_frequency":"","footnotes":""},"categories":[60],"tags":[],"class_list":["post-205163","post","type-post","status-publish","format-standard","has-post-thumbnail","hentry","category-bolge","infinite-scroll-item","generate-columns","tablet-grid-50","mobile-grid-100","grid-parent","grid-33","no-featured-image-padding"],"acf":[],"yoast_head":"<!-- This site is optimized with the Yoast SEO plugin v27.5 - https:\/\/yoast.com\/product\/yoast-seo-wordpress\/ -->\n<title>\u201cQubada h\u0259kiml\u0259r \u0259lill\u0259rl\u0259 qeyri-insani davran\u0131r\u201d - MEYDAN.TV<\/title>\n<meta name=\"robots\" content=\"index, follow, max-snippet:-1, max-image-preview:large, max-video-preview:-1\" \/>\n<link rel=\"canonical\" href=\"https:\/\/www.meydan.tv\/az\/article\/qubada-hekimler-elillerle-qeyri-insani-davranir\/\" \/>\n<meta property=\"og:locale\" content=\"az_AZ\" \/>\n<meta property=\"og:type\" content=\"article\" \/>\n<meta property=\"og:title\" content=\"\u201cQubada h\u0259kiml\u0259r \u0259lill\u0259rl\u0259 qeyri-insani davran\u0131r\u201d - MEYDAN.TV\" \/>\n<meta property=\"og:description\" content=\"\u201c\u018flil\u0259m, cibl\u0259rin\u0259 pul basm\u0131ram dey\u0259 m\u0259n\u0259, m\u0259nim kimi dig\u0259r \u0259lill\u0259r\u0259 bel\u0259 kobud m\u00fcnasib\u0259t g\u00f6st\u0259rilir&quot;.\" \/>\n<meta property=\"og:url\" content=\"https:\/\/www.meydan.tv\/az\/article\/qubada-hekimler-elillerle-qeyri-insani-davranir\/\" \/>\n<meta property=\"og:site_name\" content=\"MEYDAN.TV\" \/>\n<meta property=\"article:published_time\" content=\"2021-02-27T18:47:50+00:00\" \/>\n<meta property=\"og:image\" content=\"https:\/\/www.meydan.tv\/wp-content\/uploads\/photo-2021-02-26-16-54-42.jpg\" \/>\n\t<meta property=\"og:image:width\" content=\"1280\" \/>\n\t<meta property=\"og:image:height\" content=\"720\" \/>\n\t<meta property=\"og:image:type\" content=\"image\/jpeg\" \/>\n<meta name=\"author\" content=\"user-manager\" \/>\n<meta name=\"twitter:card\" content=\"summary_large_image\" \/>\n<script type=\"application\/ld+json\" class=\"yoast-schema-graph\">{\"@context\":\"https:\\\/\\\/schema.org\",\"@graph\":[{\"@type\":\"Article\",\"@id\":\"https:\\\/\\\/www.meydan.tv\\\/az\\\/article\\\/qubada-hekimler-elillerle-qeyri-insani-davranir\\\/#article\",\"isPartOf\":{\"@id\":\"https:\\\/\\\/www.meydan.tv\\\/az\\\/article\\\/qubada-hekimler-elillerle-qeyri-insani-davranir\\\/\"},\"author\":{\"name\":\"user-manager\",\"@id\":\"https:\\\/\\\/www.meydan.tv\\\/az\\\/#\\\/schema\\\/person\\\/10d11eccf6da3662cf5fdab9806ea91a\"},\"headline\":\"\u201cQubada h\u0259kiml\u0259r \u0259lill\u0259rl\u0259 qeyri-insani davran\u0131r\u201d\",\"datePublished\":\"2021-02-27T18:47:50+00:00\",\"mainEntityOfPage\":{\"@id\":\"https:\\\/\\\/www.meydan.tv\\\/az\\\/article\\\/qubada-hekimler-elillerle-qeyri-insani-davranir\\\/\"},\"wordCount\":945,\"publisher\":{\"@id\":\"https:\\\/\\\/www.meydan.tv\\\/az\\\/#organization\"},\"image\":{\"@id\":\"https:\\\/\\\/www.meydan.tv\\\/az\\\/article\\\/qubada-hekimler-elillerle-qeyri-insani-davranir\\\/#primaryimage\"},\"thumbnailUrl\":\"https:\\\/\\\/www.meydan.tv\\\/wp-content\\\/uploads\\\/photo-2021-02-26-16-54-42.jpg\",\"articleSection\":[\"B\u00f6lg\u0259\"],\"inLanguage\":\"az\"},{\"@type\":\"WebPage\",\"@id\":\"https:\\\/\\\/www.meydan.tv\\\/az\\\/article\\\/qubada-hekimler-elillerle-qeyri-insani-davranir\\\/\",\"url\":\"https:\\\/\\\/www.meydan.tv\\\/az\\\/article\\\/qubada-hekimler-elillerle-qeyri-insani-davranir\\\/\",\"name\":\"\u201cQubada h\u0259kiml\u0259r \u0259lill\u0259rl\u0259 qeyri-insani davran\u0131r\u201d - MEYDAN.TV\",\"isPartOf\":{\"@id\":\"https:\\\/\\\/www.meydan.tv\\\/az\\\/#website\"},\"primaryImageOfPage\":{\"@id\":\"https:\\\/\\\/www.meydan.tv\\\/az\\\/article\\\/qubada-hekimler-elillerle-qeyri-insani-davranir\\\/#primaryimage\"},\"image\":{\"@id\":\"https:\\\/\\\/www.meydan.tv\\\/az\\\/article\\\/qubada-hekimler-elillerle-qeyri-insani-davranir\\\/#primaryimage\"},\"thumbnailUrl\":\"https:\\\/\\\/www.meydan.tv\\\/wp-content\\\/uploads\\\/photo-2021-02-26-16-54-42.jpg\",\"datePublished\":\"2021-02-27T18:47:50+00:00\",\"breadcrumb\":{\"@id\":\"https:\\\/\\\/www.meydan.tv\\\/az\\\/article\\\/qubada-hekimler-elillerle-qeyri-insani-davranir\\\/#breadcrumb\"},\"inLanguage\":\"az\",\"potentialAction\":[{\"@type\":\"ReadAction\",\"target\":[\"https:\\\/\\\/www.meydan.tv\\\/az\\\/article\\\/qubada-hekimler-elillerle-qeyri-insani-davranir\\\/\"]}]},{\"@type\":\"ImageObject\",\"inLanguage\":\"az\",\"@id\":\"https:\\\/\\\/www.meydan.tv\\\/az\\\/article\\\/qubada-hekimler-elillerle-qeyri-insani-davranir\\\/#primaryimage\",\"url\":\"https:\\\/\\\/www.meydan.tv\\\/wp-content\\\/uploads\\\/photo-2021-02-26-16-54-42.jpg\",\"contentUrl\":\"https:\\\/\\\/www.meydan.tv\\\/wp-content\\\/uploads\\\/photo-2021-02-26-16-54-42.jpg\",\"width\":1280,\"height\":720,\"caption\":\"Source: Specify Source\"},{\"@type\":\"BreadcrumbList\",\"@id\":\"https:\\\/\\\/www.meydan.tv\\\/az\\\/article\\\/qubada-hekimler-elillerle-qeyri-insani-davranir\\\/#breadcrumb\",\"itemListElement\":[{\"@type\":\"ListItem\",\"position\":1,\"name\":\"Ana s\u0259hif\u0259\",\"item\":\"https:\\\/\\\/www.meydan.tv\\\/az\\\/\"},{\"@type\":\"ListItem\",\"position\":2,\"name\":\"B\u00f6lg\u0259\",\"item\":\"https:\\\/\\\/www.meydan.tv\\\/az\\\/section\\\/bolge\\\/\"},{\"@type\":\"ListItem\",\"position\":3,\"name\":\"\u201cQubada h\u0259kiml\u0259r \u0259lill\u0259rl\u0259 qeyri-insani davran\u0131r\u201d\"}]},{\"@type\":\"WebSite\",\"@id\":\"https:\\\/\\\/www.meydan.tv\\\/az\\\/#website\",\"url\":\"https:\\\/\\\/www.meydan.tv\\\/az\\\/\",\"name\":\"MEYDAN.TV\",\"description\":\"Meydan TV Az\u0259rbaycan\u0131n media m\u0259kan\u0131ndak\u0131 alternativ s\u0259sidir\",\"publisher\":{\"@id\":\"https:\\\/\\\/www.meydan.tv\\\/az\\\/#organization\"},\"potentialAction\":[{\"@type\":\"SearchAction\",\"target\":{\"@type\":\"EntryPoint\",\"urlTemplate\":\"https:\\\/\\\/www.meydan.tv\\\/az\\\/?s={search_term_string}\"},\"query-input\":{\"@type\":\"PropertyValueSpecification\",\"valueRequired\":true,\"valueName\":\"search_term_string\"}}],\"inLanguage\":\"az\"},{\"@type\":\"Organization\",\"@id\":\"https:\\\/\\\/www.meydan.tv\\\/az\\\/#organization\",\"name\":\"Meydan TV\",\"url\":\"https:\\\/\\\/www.meydan.tv\\\/az\\\/\",\"logo\":{\"@type\":\"ImageObject\",\"inLanguage\":\"az\",\"@id\":\"https:\\\/\\\/www.meydan.tv\\\/az\\\/#\\\/schema\\\/logo\\\/image\\\/\",\"url\":\"https:\\\/\\\/www.meydan.tv\\\/wp-content\\\/uploads\\\/2021\\\/07\\\/meydan-logo.svg\",\"contentUrl\":\"https:\\\/\\\/www.meydan.tv\\\/wp-content\\\/uploads\\\/2021\\\/07\\\/meydan-logo.svg\",\"width\":195,\"height\":46,\"caption\":\"Meydan TV\"},\"image\":{\"@id\":\"https:\\\/\\\/www.meydan.tv\\\/az\\\/#\\\/schema\\\/logo\\\/image\\\/\"}},{\"@type\":\"Person\",\"@id\":\"https:\\\/\\\/www.meydan.tv\\\/az\\\/#\\\/schema\\\/person\\\/10d11eccf6da3662cf5fdab9806ea91a\",\"name\":\"user-manager\"}]}<\/script>\n<!-- \/ Yoast SEO plugin. -->","yoast_head_json":{"title":"\u201cQubada h\u0259kiml\u0259r \u0259lill\u0259rl\u0259 qeyri-insani davran\u0131r\u201d - MEYDAN.TV","robots":{"index":"index","follow":"follow","max-snippet":"max-snippet:-1","max-image-preview":"max-image-preview:large","max-video-preview":"max-video-preview:-1"},"canonical":"https:\/\/www.meydan.tv\/az\/article\/qubada-hekimler-elillerle-qeyri-insani-davranir\/","og_locale":"az_AZ","og_type":"article","og_title":"\u201cQubada h\u0259kiml\u0259r \u0259lill\u0259rl\u0259 qeyri-insani davran\u0131r\u201d - MEYDAN.TV","og_description":"\u201c\u018flil\u0259m, cibl\u0259rin\u0259 pul basm\u0131ram dey\u0259 m\u0259n\u0259, m\u0259nim kimi dig\u0259r \u0259lill\u0259r\u0259 bel\u0259 kobud m\u00fcnasib\u0259t g\u00f6st\u0259rilir\".","og_url":"https:\/\/www.meydan.tv\/az\/article\/qubada-hekimler-elillerle-qeyri-insani-davranir\/","og_site_name":"MEYDAN.TV","article_published_time":"2021-02-27T18:47:50+00:00","og_image":[{"width":1280,"height":720,"url":"https:\/\/www.meydan.tv\/wp-content\/uploads\/photo-2021-02-26-16-54-42.jpg","type":"image\/jpeg"}],"author":"user-manager","twitter_card":"summary_large_image","schema":{"@context":"https:\/\/schema.org","@graph":[{"@type":"Article","@id":"https:\/\/www.meydan.tv\/az\/article\/qubada-hekimler-elillerle-qeyri-insani-davranir\/#article","isPartOf":{"@id":"https:\/\/www.meydan.tv\/az\/article\/qubada-hekimler-elillerle-qeyri-insani-davranir\/"},"author":{"name":"user-manager","@id":"https:\/\/www.meydan.tv\/az\/#\/schema\/person\/10d11eccf6da3662cf5fdab9806ea91a"},"headline":"\u201cQubada h\u0259kiml\u0259r \u0259lill\u0259rl\u0259 qeyri-insani davran\u0131r\u201d","datePublished":"2021-02-27T18:47:50+00:00","mainEntityOfPage":{"@id":"https:\/\/www.meydan.tv\/az\/article\/qubada-hekimler-elillerle-qeyri-insani-davranir\/"},"wordCount":945,"publisher":{"@id":"https:\/\/www.meydan.tv\/az\/#organization"},"image":{"@id":"https:\/\/www.meydan.tv\/az\/article\/qubada-hekimler-elillerle-qeyri-insani-davranir\/#primaryimage"},"thumbnailUrl":"https:\/\/www.meydan.tv\/wp-content\/uploads\/photo-2021-02-26-16-54-42.jpg","articleSection":["B\u00f6lg\u0259"],"inLanguage":"az"},{"@type":"WebPage","@id":"https:\/\/www.meydan.tv\/az\/article\/qubada-hekimler-elillerle-qeyri-insani-davranir\/","url":"https:\/\/www.meydan.tv\/az\/article\/qubada-hekimler-elillerle-qeyri-insani-davranir\/","name":"\u201cQubada h\u0259kiml\u0259r \u0259lill\u0259rl\u0259 qeyri-insani davran\u0131r\u201d - MEYDAN.TV","isPartOf":{"@id":"https:\/\/www.meydan.tv\/az\/#website"},"primaryImageOfPage":{"@id":"https:\/\/www.meydan.tv\/az\/article\/qubada-hekimler-elillerle-qeyri-insani-davranir\/#primaryimage"},"image":{"@id":"https:\/\/www.meydan.tv\/az\/article\/qubada-hekimler-elillerle-qeyri-insani-davranir\/#primaryimage"},"thumbnailUrl":"https:\/\/www.meydan.tv\/wp-content\/uploads\/photo-2021-02-26-16-54-42.jpg","datePublished":"2021-02-27T18:47:50+00:00","breadcrumb":{"@id":"https:\/\/www.meydan.tv\/az\/article\/qubada-hekimler-elillerle-qeyri-insani-davranir\/#breadcrumb"},"inLanguage":"az","potentialAction":[{"@type":"ReadAction","target":["https:\/\/www.meydan.tv\/az\/article\/qubada-hekimler-elillerle-qeyri-insani-davranir\/"]}]},{"@type":"ImageObject","inLanguage":"az","@id":"https:\/\/www.meydan.tv\/az\/article\/qubada-hekimler-elillerle-qeyri-insani-davranir\/#primaryimage","url":"https:\/\/www.meydan.tv\/wp-content\/uploads\/photo-2021-02-26-16-54-42.jpg","contentUrl":"https:\/\/www.meydan.tv\/wp-content\/uploads\/photo-2021-02-26-16-54-42.jpg","width":1280,"height":720,"caption":"Source: Specify Source"},{"@type":"BreadcrumbList","@id":"https:\/\/www.meydan.tv\/az\/article\/qubada-hekimler-elillerle-qeyri-insani-davranir\/#breadcrumb","itemListElement":[{"@type":"ListItem","position":1,"name":"Ana s\u0259hif\u0259","item":"https:\/\/www.meydan.tv\/az\/"},{"@type":"ListItem","position":2,"name":"B\u00f6lg\u0259","item":"https:\/\/www.meydan.tv\/az\/section\/bolge\/"},{"@type":"ListItem","position":3,"name":"\u201cQubada h\u0259kiml\u0259r \u0259lill\u0259rl\u0259 qeyri-insani davran\u0131r\u201d"}]},{"@type":"WebSite","@id":"https:\/\/www.meydan.tv\/az\/#website","url":"https:\/\/www.meydan.tv\/az\/","name":"MEYDAN.TV","description":"Meydan TV Az\u0259rbaycan\u0131n media m\u0259kan\u0131ndak\u0131 alternativ s\u0259sidir","publisher":{"@id":"https:\/\/www.meydan.tv\/az\/#organization"},"potentialAction":[{"@type":"SearchAction","target":{"@type":"EntryPoint","urlTemplate":"https:\/\/www.meydan.tv\/az\/?s={search_term_string}"},"query-input":{"@type":"PropertyValueSpecification","valueRequired":true,"valueName":"search_term_string"}}],"inLanguage":"az"},{"@type":"Organization","@id":"https:\/\/www.meydan.tv\/az\/#organization","name":"Meydan TV","url":"https:\/\/www.meydan.tv\/az\/","logo":{"@type":"ImageObject","inLanguage":"az","@id":"https:\/\/www.meydan.tv\/az\/#\/schema\/logo\/image\/","url":"https:\/\/www.meydan.tv\/wp-content\/uploads\/2021\/07\/meydan-logo.svg","contentUrl":"https:\/\/www.meydan.tv\/wp-content\/uploads\/2021\/07\/meydan-logo.svg","width":195,"height":46,"caption":"Meydan TV"},"image":{"@id":"https:\/\/www.meydan.tv\/az\/#\/schema\/logo\/image\/"}},{"@type":"Person","@id":"https:\/\/www.meydan.tv\/az\/#\/schema\/person\/10d11eccf6da3662cf5fdab9806ea91a","name":"user-manager"}]}},"_links":{"self":[{"href":"https:\/\/www.meydan.tv\/az\/wp-json\/wp\/v2\/posts\/205163","targetHints":{"allow":["GET"]}}],"collection":[{"href":"https:\/\/www.meydan.tv\/az\/wp-json\/wp\/v2\/posts"}],"about":[{"href":"https:\/\/www.meydan.tv\/az\/wp-json\/wp\/v2\/types\/post"}],"author":[{"embeddable":true,"href":"https:\/\/www.meydan.tv\/az\/wp-json\/wp\/v2\/users\/11"}],"replies":[{"embeddable":true,"href":"https:\/\/www.meydan.tv\/az\/wp-json\/wp\/v2\/comments?post=205163"}],"version-history":[{"count":0,"href":"https:\/\/www.meydan.tv\/az\/wp-json\/wp\/v2\/posts\/205163\/revisions"}],"wp:featuredmedia":[{"embeddable":true,"href":"https:\/\/www.meydan.tv\/az\/wp-json\/wp\/v2\/media\/157080"}],"wp:attachment":[{"href":"https:\/\/www.meydan.tv\/az\/wp-json\/wp\/v2\/media?parent=205163"}],"wp:term":[{"taxonomy":"category","embeddable":true,"href":"https:\/\/www.meydan.tv\/az\/wp-json\/wp\/v2\/categories?post=205163"},{"taxonomy":"post_tag","embeddable":true,"href":"https:\/\/www.meydan.tv\/az\/wp-json\/wp\/v2\/tags?post=205163"}],"curies":[{"name":"wp","href":"https:\/\/api.w.org\/{rel}","templated":true}]}}