{"id":205159,"date":"2021-02-26T18:22:45","date_gmt":"2021-02-26T18:22:45","guid":{"rendered":"https:\/\/www.meydan.tv\/article\/qazi-anasi-iki-nevem-soyuqdan-seraitsizlikden-oldu\/"},"modified":"2021-02-26T18:22:45","modified_gmt":"2021-02-26T18:22:45","slug":"qazi-anasi-iki-nevem-soyuqdan-seraitsizlikden-oldu","status":"publish","type":"post","link":"https:\/\/www.meydan.tv\/az\/article\/qazi-anasi-iki-nevem-soyuqdan-seraitsizlikden-oldu\/","title":{"rendered":"Qazi anas\u0131: \u0130ki n\u0259v\u0259m soyuqdan, \u015f\u0259raitsizlikd\u0259n \u00f6ld\u00fc"},"content":{"rendered":"<p>\n  <i><br \/>\n    N\u0259zak\u0259t \u0130badova evi yanandan sonra ail\u0259sinin kiray\u0259l\u0259rd\u0259 qald\u0131\u011f\u0131n\u0131 deyir<br \/>\n  <\/i>\n<\/p>\n<p>\n  \u201cEvimiz yanandan sonra ba\u015f\u0131m\u0131za \u00e7ox i\u015fl\u0259r g\u0259ldi. Qap\u0131larda qald\u0131q, soyuq, \u015f\u0259raitsiz yerl\u0259r\u0259 s\u0131\u011f\u0131nd\u0131q. \u0130ki azya\u015fl\u0131 n\u0259v\u0259m el\u0259 \u015f\u0259raitsizlikd\u0259n, soyuqdan \u00f6ld\u00fc&#8230; X\u0259st\u0259lik tapd\u0131lar, m\u00fcalic\u0259 etdirm\u0259y\u0259 pulumuz olmad\u0131. O\u011flum orda-burda f\u0259hl\u0259lik edib q\u0259pik-quru\u015f qazan\u0131rd\u0131, qazanc\u0131 u\u015faqlar\u0131n m\u00fcalic\u0259sin\u0259 \u00e7atm\u0131rd\u0131. Qon\u015fulardan borc al\u0131b Bak\u0131ya x\u0259st\u0259xanalara apar\u0131b-g\u0259tirirdik. M\u00fcalic\u0259l\u0259rin\u0259 pul tapmad\u0131q, \u0259vv\u0259l biri, sonra o biri \u0259limizd\u0259n getdi&#8230; Ki\u015fik q\u0131z\u0131n 1, b\u00f6y\u00fck q\u0131z\u0131n 4 ya\u015f\u0131 vard\u0131&#8230;\u201d\n<\/p>\n<p>\n  Bunu Meydan TV-y\u0259 \u0130smay\u0131ll\u0131n\u0131n G\u00fcy\u00fcm k\u0259nd sakini N\u0259zak\u0259t \u0130badova deyir. \u0130badovlar\u0131n G\u00fcy\u00fcmd\u0259ki evi 6 il \u0259vv\u0259l tamamil\u0259 yan\u0131b. O g\u00fcn \u2013 bu g\u00fcn ail\u0259 gah qohum evin\u0259 s\u0131\u011f\u0131n\u0131b, gah vaqona, gah kiray\u0259l\u0259r\u0259&#8230; N\u0259zak\u0259t xan\u0131m deyir, \u00f6t\u0259n 6 il \u0259rzind\u0259 r\u0259smi qurumlara b\u00fct\u00fcn m\u00fcraci\u0259tl\u0259ri cavabs\u0131z qal\u0131b.\n<\/p>\n<p>\n  <b><br \/>\n    \u201cDa\u015fdan s\u0259s \u00e7\u0131x\u0131r, m\u0259murlardan yox&#8230;\u201d<br \/>\n  <\/b>\n<\/p>\n<p>\n  \u201c\u0130smay\u0131ll\u0131n\u0131n d\u00f6vl\u0259t qurumlar\u0131ndan tutmu\u015f Bak\u0131ya q\u0259d\u0259r h\u0259r yer\u0259 yazm\u0131\u015fam. Yazm\u0131\u015fam ki, u\u015fa\u011f\u0131n biri soyuqdan x\u0259st\u0259lik tap\u0131b \u00f6ld\u00fc, he\u00e7 olmasa bundan n\u0259tic\u0259 \u00e7\u0131xar\u0131n, insafa g\u0259lin, biz\u0259 k\u00f6m\u0259k edin&#8230; Da\u015fdan s\u0259s \u00e7\u0131xd\u0131, m\u0259ktub yazd\u0131\u011f\u0131m yerl\u0259rd\u0259n s\u0259s \u00e7\u0131xmad\u0131. Bir az ke\u00e7di, ikinci u\u015faq da soyuqdan x\u0259st\u0259lik tap\u0131b \u00f6ld\u00fc, yen\u0259 yazd\u0131m. Yazd\u0131m ki, ikinci n\u0259v\u0259m d\u0259 \u00f6ld\u00fc, ay m\u0259murlar, h\u0259r\u0259k\u0259t\u0259 g\u0259lin. Yen\u0259 da\u015fdan s\u0259s \u00e7\u0131xd\u0131, m\u0259ktub g\u00f6nd\u0259rdiyim qurumlardan yox. \u0130ndi bir n\u0259v\u0259m qal\u0131b, o da yar\u0131mcan. G\u00f6zl\u0259yirl\u0259r ki, o da \u00f6ls\u00fcn, \u00fc\u00e7\u00fcnc\u00fc m\u0259ktubu yaz\u0131m\u201d, &#8211; N\u0259zak\u0259t \u0130badova deyir.\n<\/p>\n<p>\n  <b><br \/>\n    \u201cAil\u0259nin y\u00fck\u00fcn\u00fc, d\u0259rdini da\u015f\u0131ya bilmir\u0259m\u201d<br \/>\n  <\/b>\n<\/p>\n<p>\n  Ana a\u011flay\u0131r, deyir, h\u0259m yaralan\u0131b g\u0259lmi\u015f o\u011flunun m\u00fcalic\u0259si, h\u0259m ail\u0259nin dolan\u0131\u015f\u0131\u011f\u0131, h\u0259m d\u0259 yan\u011f\u0131ndan sonra \u00f6zg\u0259 qap\u0131larda ya\u015fad\u0131qlar\u0131na \u00fcr\u0259yi tab g\u0259tirmir:\n<\/p>\n<figure class=\"wp-block-image size-large\">\n  <img decoding=\"async\" src=\"https:\/\/www.meydan.tv\/az\/photo-2021-02-26-16-59-58-jpg\/\" alt=\"photo-2021-02-26-16-59-58.jpg\" class=\"wp-image-157005\"\/><figcaption>\n    \u0130smay\u0131ll\u0131 Rayon \u0130cra Hakimiyy\u0259tinin cavab\u0131<br \/>\n  <\/figcaption><\/figure>\n<p>\n  \u201c\u0130ndi ail\u0259d\u0259 4 n\u0259f\u0259rik, g\u00f6z\u00fcm\u00fcn a\u011f\u0131-qaras\u0131 olan, balalar\u0131n\u0131n faci\u0259siyl\u0259 ya\u015fayan o\u011flum, g\u0259linim, bir n\u0259v\u0259m v\u0259 m\u0259n&#8230; O\u011flum sentyabrda \u0130kinci Qaraba\u011f M\u00fcharib\u0259sin\u0259 apar\u0131ld\u0131, ayaqlar\u0131ndan yaraland\u0131, Papanind\u0259ki hospitalda yatd\u0131, sonra ev\u0259 burax\u0131ld\u0131. N\u0259 s\u0131\u011fortas\u0131 \u00f6d\u0259nildi, n\u0259 bir yard\u0131m olundu. \u0130ndi d\u0259 \u0259m\u0259k f\u0259aliyy\u0259ti il\u0259 m\u0259\u015f\u011ful ola bilmir. \u0130kim\u0259rt\u0259b\u0259li evin zirz\u0259misind\u0259 ayl\u0131q 100 manat \u00f6d\u0259m\u0259kl\u0259 kiray\u0259d\u0259 qal\u0131r\u0131q. U\u015faq m\u00fcharib\u0259d\u0259 olanda evin pulunu \u00f6d\u0259y\u0259 bilmirdik, ev sahibi bizi \u00e7\u0131xarmaq ist\u0259yirdi, o\u011flum x\u0259b\u0259r tutdu, ordan z\u0259ng vurdu, ev sahibiyl\u0259 dan\u0131\u015fd\u0131 ki, m\u0259n m\u00fcharib\u0259d\u0259y\u0259m, k\u00f6m\u0259ksiz ya\u015fl\u0131 qad\u0131n\u0131, g\u0259nc g\u0259lini, k\u00f6rp\u0259 u\u015fa\u011f\u0131 nec\u0259 \u00e7\u00f6l\u0259 atmaq olar? He\u00e7 indi d\u0259 i\u015f\u0131qpulunu, qazpulunu \u00f6d\u0259y\u0259 bilmir\u0259m, kiray\u0259ni hiss\u0259-hiss\u0259 \u00f6d\u0259yir\u0259m. Yar\u0131mcan v\u0259ziyy\u0259td\u0259 olan o\u011flumun da, ail\u0259sinin d\u0259 y\u00fck\u00fcn\u00fc 240 manat maa\u015fla t\u0259kba\u015f\u0131na \u00e7\u0259kir\u0259m. H\u0259m ev kiray\u0259si, h\u0259m ail\u0259nin qay\u011f\u0131lar\u0131, h\u0259m evimiz yanandan sonra ya\u015fad\u0131\u011f\u0131m\u0131z travmalar&#8230; M\u00fcharib\u0259d\u0259n \u0259vv\u0259l o\u011flum orda-burda g\u00fcn\u0259muzd f\u0259hl\u0259lik edib, ev\u0259 3-5 manat g\u0259tirirdi, he\u00e7 olmasa ac qalm\u0131rd\u0131q, o da yaralan\u0131b g\u0259ldi, y\u00fck d\u00fc\u015fd\u00fc t\u0259k m\u0259nim \u00e7iynim\u0259. G\u0259linim d\u0259, n\u0259v\u0259m d\u0259 soyuqdan x\u0259st\u0259lik tap\u0131b, g\u00f6nd\u0259rmi\u015f\u0259m anas\u0131gil\u0259, baxma\u011fa g\u00fcc\u00fcm \u00e7atm\u0131r. Ya\u015fl\u0131, x\u0259st\u0259 adamam, m\u0259n\u0259 b\u00fct\u00fcn bu y\u00fck \u00e7ox a\u011f\u0131r g\u0259lir\u201d.\n<\/p>\n<p>\n  <b><br \/>\n    \u0130badovlar\u0131n arzusu bir evdir, amma&#8230;<br \/>\n  <\/b>\n<\/p>\n<p>\n  N\u0259zak\u0259t xan\u0131m\u0131n ist\u0259diyi odur ki, yanm\u0131\u015f evinin yerind\u0259 yenisi tikilsin, onsuz da \u00e7ox faci\u0259l\u0259r ya\u015fam\u0131\u015f ail\u0259nin bir oca\u011f\u0131 olsun. O, buna g\u00f6r\u0259 m\u00fcxt\u0259lif qurumlara, Birinci vitse-prezident Mehriban \u018fliyevaya yaz\u0131b. Yazd\u0131\u011f\u0131 m\u0259ktublar \u0130smay\u0131ll\u0131 Rayon \u0130cra Hakimiyy\u0259tin\u0259 g\u00f6nd\u0259rilib ki, ara\u015fd\u0131r\u0131l\u0131b t\u0259dbir g\u00f6r\u00fcls\u00fcn, qurumdansa s\u0259s-s\u0259mir yoxdur.\n<\/p>\n<p>\n  \u0130cra hakimiyy\u0259tind\u0259n Meydan TV-y\u0259 bildirilib ki, qurumun m\u0259nzil fondu olmad\u0131\u011f\u0131na g\u00f6r\u0259 \u0130badovlara k\u00f6m\u0259k ed\u0259 bilmirl\u0259r. G\u0259l\u0259c\u0259kd\u0259 bel\u0259 imkan olarsa, ail\u0259y\u0259 m\u00fctl\u0259q k\u00f6m\u0259k edil\u0259c\u0259k.<\/p>\n","protected":false},"excerpt":{"rendered":"<p>Ana a\u011flay\u0131r, deyir, h\u0259m yaralan\u0131b g\u0259lmi\u015f o\u011flunun m\u00fcalic\u0259si, h\u0259m ail\u0259nin dolan\u0131\u015f\u0131\u011f\u0131, h\u0259m d\u0259 yan\u011f\u0131ndan sonra \u00f6zg\u0259 qap\u0131larda ya\u015fad\u0131qlar\u0131na \u00fcr\u0259yi tab g\u0259tirmir<\/p>\n","protected":false},"author":11,"featured_media":157002,"comment_status":"closed","ping_status":"open","sticky":false,"template":"","format":"standard","meta":{"_acf_changed":false,"_sitemap_exclude":false,"_sitemap_priority":"","_sitemap_frequency":"","footnotes":""},"categories":[60],"tags":[],"class_list":["post-205159","post","type-post","status-publish","format-standard","has-post-thumbnail","hentry","category-bolge","infinite-scroll-item","generate-columns","tablet-grid-50","mobile-grid-100","grid-parent","grid-33","no-featured-image-padding"],"acf":[],"yoast_head":"<!-- This site is optimized with the Yoast SEO plugin v27.5 - https:\/\/yoast.com\/product\/yoast-seo-wordpress\/ -->\n<title>Qazi anas\u0131: \u0130ki n\u0259v\u0259m soyuqdan, \u015f\u0259raitsizlikd\u0259n \u00f6ld\u00fc - MEYDAN.TV<\/title>\n<meta name=\"robots\" content=\"index, follow, max-snippet:-1, max-image-preview:large, max-video-preview:-1\" \/>\n<link rel=\"canonical\" href=\"https:\/\/www.meydan.tv\/az\/article\/qazi-anasi-iki-nevem-soyuqdan-seraitsizlikden-oldu\/\" \/>\n<meta property=\"og:locale\" content=\"az_AZ\" \/>\n<meta property=\"og:type\" content=\"article\" \/>\n<meta property=\"og:title\" content=\"Qazi anas\u0131: \u0130ki n\u0259v\u0259m soyuqdan, \u015f\u0259raitsizlikd\u0259n \u00f6ld\u00fc - MEYDAN.TV\" \/>\n<meta property=\"og:description\" content=\"Ana a\u011flay\u0131r, deyir, h\u0259m yaralan\u0131b g\u0259lmi\u015f o\u011flunun m\u00fcalic\u0259si, h\u0259m ail\u0259nin dolan\u0131\u015f\u0131\u011f\u0131, h\u0259m d\u0259 yan\u011f\u0131ndan sonra \u00f6zg\u0259 qap\u0131larda ya\u015fad\u0131qlar\u0131na \u00fcr\u0259yi tab g\u0259tirmir\" \/>\n<meta property=\"og:url\" content=\"https:\/\/www.meydan.tv\/az\/article\/qazi-anasi-iki-nevem-soyuqdan-seraitsizlikden-oldu\/\" \/>\n<meta property=\"og:site_name\" content=\"MEYDAN.TV\" \/>\n<meta property=\"article:published_time\" content=\"2021-02-26T18:22:45+00:00\" \/>\n<meta property=\"og:image\" content=\"https:\/\/www.meydan.tv\/wp-content\/uploads\/photo-2021-02-26-17-00-11.jpg\" \/>\n\t<meta property=\"og:image:width\" content=\"1280\" \/>\n\t<meta property=\"og:image:height\" content=\"720\" \/>\n\t<meta property=\"og:image:type\" content=\"image\/jpeg\" \/>\n<meta name=\"author\" content=\"user-manager\" \/>\n<meta name=\"twitter:card\" content=\"summary_large_image\" \/>\n<script type=\"application\/ld+json\" class=\"yoast-schema-graph\">{\"@context\":\"https:\\\/\\\/schema.org\",\"@graph\":[{\"@type\":\"Article\",\"@id\":\"https:\\\/\\\/www.meydan.tv\\\/az\\\/article\\\/qazi-anasi-iki-nevem-soyuqdan-seraitsizlikden-oldu\\\/#article\",\"isPartOf\":{\"@id\":\"https:\\\/\\\/www.meydan.tv\\\/az\\\/article\\\/qazi-anasi-iki-nevem-soyuqdan-seraitsizlikden-oldu\\\/\"},\"author\":{\"name\":\"user-manager\",\"@id\":\"https:\\\/\\\/www.meydan.tv\\\/az\\\/#\\\/schema\\\/person\\\/10d11eccf6da3662cf5fdab9806ea91a\"},\"headline\":\"Qazi anas\u0131: \u0130ki n\u0259v\u0259m soyuqdan, \u015f\u0259raitsizlikd\u0259n \u00f6ld\u00fc\",\"datePublished\":\"2021-02-26T18:22:45+00:00\",\"mainEntityOfPage\":{\"@id\":\"https:\\\/\\\/www.meydan.tv\\\/az\\\/article\\\/qazi-anasi-iki-nevem-soyuqdan-seraitsizlikden-oldu\\\/\"},\"wordCount\":831,\"publisher\":{\"@id\":\"https:\\\/\\\/www.meydan.tv\\\/az\\\/#organization\"},\"image\":{\"@id\":\"https:\\\/\\\/www.meydan.tv\\\/az\\\/article\\\/qazi-anasi-iki-nevem-soyuqdan-seraitsizlikden-oldu\\\/#primaryimage\"},\"thumbnailUrl\":\"https:\\\/\\\/www.meydan.tv\\\/wp-content\\\/uploads\\\/photo-2021-02-26-17-00-11.jpg\",\"articleSection\":[\"B\u00f6lg\u0259\"],\"inLanguage\":\"az\"},{\"@type\":\"WebPage\",\"@id\":\"https:\\\/\\\/www.meydan.tv\\\/az\\\/article\\\/qazi-anasi-iki-nevem-soyuqdan-seraitsizlikden-oldu\\\/\",\"url\":\"https:\\\/\\\/www.meydan.tv\\\/az\\\/article\\\/qazi-anasi-iki-nevem-soyuqdan-seraitsizlikden-oldu\\\/\",\"name\":\"Qazi anas\u0131: \u0130ki n\u0259v\u0259m soyuqdan, \u015f\u0259raitsizlikd\u0259n \u00f6ld\u00fc - MEYDAN.TV\",\"isPartOf\":{\"@id\":\"https:\\\/\\\/www.meydan.tv\\\/az\\\/#website\"},\"primaryImageOfPage\":{\"@id\":\"https:\\\/\\\/www.meydan.tv\\\/az\\\/article\\\/qazi-anasi-iki-nevem-soyuqdan-seraitsizlikden-oldu\\\/#primaryimage\"},\"image\":{\"@id\":\"https:\\\/\\\/www.meydan.tv\\\/az\\\/article\\\/qazi-anasi-iki-nevem-soyuqdan-seraitsizlikden-oldu\\\/#primaryimage\"},\"thumbnailUrl\":\"https:\\\/\\\/www.meydan.tv\\\/wp-content\\\/uploads\\\/photo-2021-02-26-17-00-11.jpg\",\"datePublished\":\"2021-02-26T18:22:45+00:00\",\"breadcrumb\":{\"@id\":\"https:\\\/\\\/www.meydan.tv\\\/az\\\/article\\\/qazi-anasi-iki-nevem-soyuqdan-seraitsizlikden-oldu\\\/#breadcrumb\"},\"inLanguage\":\"az\",\"potentialAction\":[{\"@type\":\"ReadAction\",\"target\":[\"https:\\\/\\\/www.meydan.tv\\\/az\\\/article\\\/qazi-anasi-iki-nevem-soyuqdan-seraitsizlikden-oldu\\\/\"]}]},{\"@type\":\"ImageObject\",\"inLanguage\":\"az\",\"@id\":\"https:\\\/\\\/www.meydan.tv\\\/az\\\/article\\\/qazi-anasi-iki-nevem-soyuqdan-seraitsizlikden-oldu\\\/#primaryimage\",\"url\":\"https:\\\/\\\/www.meydan.tv\\\/wp-content\\\/uploads\\\/photo-2021-02-26-17-00-11.jpg\",\"contentUrl\":\"https:\\\/\\\/www.meydan.tv\\\/wp-content\\\/uploads\\\/photo-2021-02-26-17-00-11.jpg\",\"width\":1280,\"height\":720,\"caption\":\"Source: Specify Source\"},{\"@type\":\"BreadcrumbList\",\"@id\":\"https:\\\/\\\/www.meydan.tv\\\/az\\\/article\\\/qazi-anasi-iki-nevem-soyuqdan-seraitsizlikden-oldu\\\/#breadcrumb\",\"itemListElement\":[{\"@type\":\"ListItem\",\"position\":1,\"name\":\"Ana s\u0259hif\u0259\",\"item\":\"https:\\\/\\\/www.meydan.tv\\\/az\\\/\"},{\"@type\":\"ListItem\",\"position\":2,\"name\":\"B\u00f6lg\u0259\",\"item\":\"https:\\\/\\\/www.meydan.tv\\\/az\\\/section\\\/bolge\\\/\"},{\"@type\":\"ListItem\",\"position\":3,\"name\":\"Qazi anas\u0131: \u0130ki n\u0259v\u0259m soyuqdan, \u015f\u0259raitsizlikd\u0259n \u00f6ld\u00fc\"}]},{\"@type\":\"WebSite\",\"@id\":\"https:\\\/\\\/www.meydan.tv\\\/az\\\/#website\",\"url\":\"https:\\\/\\\/www.meydan.tv\\\/az\\\/\",\"name\":\"MEYDAN.TV\",\"description\":\"Meydan TV Az\u0259rbaycan\u0131n media m\u0259kan\u0131ndak\u0131 alternativ s\u0259sidir\",\"publisher\":{\"@id\":\"https:\\\/\\\/www.meydan.tv\\\/az\\\/#organization\"},\"potentialAction\":[{\"@type\":\"SearchAction\",\"target\":{\"@type\":\"EntryPoint\",\"urlTemplate\":\"https:\\\/\\\/www.meydan.tv\\\/az\\\/?s={search_term_string}\"},\"query-input\":{\"@type\":\"PropertyValueSpecification\",\"valueRequired\":true,\"valueName\":\"search_term_string\"}}],\"inLanguage\":\"az\"},{\"@type\":\"Organization\",\"@id\":\"https:\\\/\\\/www.meydan.tv\\\/az\\\/#organization\",\"name\":\"Meydan TV\",\"url\":\"https:\\\/\\\/www.meydan.tv\\\/az\\\/\",\"logo\":{\"@type\":\"ImageObject\",\"inLanguage\":\"az\",\"@id\":\"https:\\\/\\\/www.meydan.tv\\\/az\\\/#\\\/schema\\\/logo\\\/image\\\/\",\"url\":\"https:\\\/\\\/www.meydan.tv\\\/wp-content\\\/uploads\\\/2021\\\/07\\\/meydan-logo.svg\",\"contentUrl\":\"https:\\\/\\\/www.meydan.tv\\\/wp-content\\\/uploads\\\/2021\\\/07\\\/meydan-logo.svg\",\"width\":195,\"height\":46,\"caption\":\"Meydan TV\"},\"image\":{\"@id\":\"https:\\\/\\\/www.meydan.tv\\\/az\\\/#\\\/schema\\\/logo\\\/image\\\/\"}},{\"@type\":\"Person\",\"@id\":\"https:\\\/\\\/www.meydan.tv\\\/az\\\/#\\\/schema\\\/person\\\/10d11eccf6da3662cf5fdab9806ea91a\",\"name\":\"user-manager\"}]}<\/script>\n<!-- \/ Yoast SEO plugin. -->","yoast_head_json":{"title":"Qazi anas\u0131: \u0130ki n\u0259v\u0259m soyuqdan, \u015f\u0259raitsizlikd\u0259n \u00f6ld\u00fc - MEYDAN.TV","robots":{"index":"index","follow":"follow","max-snippet":"max-snippet:-1","max-image-preview":"max-image-preview:large","max-video-preview":"max-video-preview:-1"},"canonical":"https:\/\/www.meydan.tv\/az\/article\/qazi-anasi-iki-nevem-soyuqdan-seraitsizlikden-oldu\/","og_locale":"az_AZ","og_type":"article","og_title":"Qazi anas\u0131: \u0130ki n\u0259v\u0259m soyuqdan, \u015f\u0259raitsizlikd\u0259n \u00f6ld\u00fc - MEYDAN.TV","og_description":"Ana a\u011flay\u0131r, deyir, h\u0259m yaralan\u0131b g\u0259lmi\u015f o\u011flunun m\u00fcalic\u0259si, h\u0259m ail\u0259nin dolan\u0131\u015f\u0131\u011f\u0131, h\u0259m d\u0259 yan\u011f\u0131ndan sonra \u00f6zg\u0259 qap\u0131larda ya\u015fad\u0131qlar\u0131na \u00fcr\u0259yi tab g\u0259tirmir","og_url":"https:\/\/www.meydan.tv\/az\/article\/qazi-anasi-iki-nevem-soyuqdan-seraitsizlikden-oldu\/","og_site_name":"MEYDAN.TV","article_published_time":"2021-02-26T18:22:45+00:00","og_image":[{"width":1280,"height":720,"url":"https:\/\/www.meydan.tv\/wp-content\/uploads\/photo-2021-02-26-17-00-11.jpg","type":"image\/jpeg"}],"author":"user-manager","twitter_card":"summary_large_image","schema":{"@context":"https:\/\/schema.org","@graph":[{"@type":"Article","@id":"https:\/\/www.meydan.tv\/az\/article\/qazi-anasi-iki-nevem-soyuqdan-seraitsizlikden-oldu\/#article","isPartOf":{"@id":"https:\/\/www.meydan.tv\/az\/article\/qazi-anasi-iki-nevem-soyuqdan-seraitsizlikden-oldu\/"},"author":{"name":"user-manager","@id":"https:\/\/www.meydan.tv\/az\/#\/schema\/person\/10d11eccf6da3662cf5fdab9806ea91a"},"headline":"Qazi anas\u0131: \u0130ki n\u0259v\u0259m soyuqdan, \u015f\u0259raitsizlikd\u0259n \u00f6ld\u00fc","datePublished":"2021-02-26T18:22:45+00:00","mainEntityOfPage":{"@id":"https:\/\/www.meydan.tv\/az\/article\/qazi-anasi-iki-nevem-soyuqdan-seraitsizlikden-oldu\/"},"wordCount":831,"publisher":{"@id":"https:\/\/www.meydan.tv\/az\/#organization"},"image":{"@id":"https:\/\/www.meydan.tv\/az\/article\/qazi-anasi-iki-nevem-soyuqdan-seraitsizlikden-oldu\/#primaryimage"},"thumbnailUrl":"https:\/\/www.meydan.tv\/wp-content\/uploads\/photo-2021-02-26-17-00-11.jpg","articleSection":["B\u00f6lg\u0259"],"inLanguage":"az"},{"@type":"WebPage","@id":"https:\/\/www.meydan.tv\/az\/article\/qazi-anasi-iki-nevem-soyuqdan-seraitsizlikden-oldu\/","url":"https:\/\/www.meydan.tv\/az\/article\/qazi-anasi-iki-nevem-soyuqdan-seraitsizlikden-oldu\/","name":"Qazi anas\u0131: \u0130ki n\u0259v\u0259m soyuqdan, \u015f\u0259raitsizlikd\u0259n \u00f6ld\u00fc - MEYDAN.TV","isPartOf":{"@id":"https:\/\/www.meydan.tv\/az\/#website"},"primaryImageOfPage":{"@id":"https:\/\/www.meydan.tv\/az\/article\/qazi-anasi-iki-nevem-soyuqdan-seraitsizlikden-oldu\/#primaryimage"},"image":{"@id":"https:\/\/www.meydan.tv\/az\/article\/qazi-anasi-iki-nevem-soyuqdan-seraitsizlikden-oldu\/#primaryimage"},"thumbnailUrl":"https:\/\/www.meydan.tv\/wp-content\/uploads\/photo-2021-02-26-17-00-11.jpg","datePublished":"2021-02-26T18:22:45+00:00","breadcrumb":{"@id":"https:\/\/www.meydan.tv\/az\/article\/qazi-anasi-iki-nevem-soyuqdan-seraitsizlikden-oldu\/#breadcrumb"},"inLanguage":"az","potentialAction":[{"@type":"ReadAction","target":["https:\/\/www.meydan.tv\/az\/article\/qazi-anasi-iki-nevem-soyuqdan-seraitsizlikden-oldu\/"]}]},{"@type":"ImageObject","inLanguage":"az","@id":"https:\/\/www.meydan.tv\/az\/article\/qazi-anasi-iki-nevem-soyuqdan-seraitsizlikden-oldu\/#primaryimage","url":"https:\/\/www.meydan.tv\/wp-content\/uploads\/photo-2021-02-26-17-00-11.jpg","contentUrl":"https:\/\/www.meydan.tv\/wp-content\/uploads\/photo-2021-02-26-17-00-11.jpg","width":1280,"height":720,"caption":"Source: Specify Source"},{"@type":"BreadcrumbList","@id":"https:\/\/www.meydan.tv\/az\/article\/qazi-anasi-iki-nevem-soyuqdan-seraitsizlikden-oldu\/#breadcrumb","itemListElement":[{"@type":"ListItem","position":1,"name":"Ana s\u0259hif\u0259","item":"https:\/\/www.meydan.tv\/az\/"},{"@type":"ListItem","position":2,"name":"B\u00f6lg\u0259","item":"https:\/\/www.meydan.tv\/az\/section\/bolge\/"},{"@type":"ListItem","position":3,"name":"Qazi anas\u0131: \u0130ki n\u0259v\u0259m soyuqdan, \u015f\u0259raitsizlikd\u0259n \u00f6ld\u00fc"}]},{"@type":"WebSite","@id":"https:\/\/www.meydan.tv\/az\/#website","url":"https:\/\/www.meydan.tv\/az\/","name":"MEYDAN.TV","description":"Meydan TV Az\u0259rbaycan\u0131n media m\u0259kan\u0131ndak\u0131 alternativ s\u0259sidir","publisher":{"@id":"https:\/\/www.meydan.tv\/az\/#organization"},"potentialAction":[{"@type":"SearchAction","target":{"@type":"EntryPoint","urlTemplate":"https:\/\/www.meydan.tv\/az\/?s={search_term_string}"},"query-input":{"@type":"PropertyValueSpecification","valueRequired":true,"valueName":"search_term_string"}}],"inLanguage":"az"},{"@type":"Organization","@id":"https:\/\/www.meydan.tv\/az\/#organization","name":"Meydan TV","url":"https:\/\/www.meydan.tv\/az\/","logo":{"@type":"ImageObject","inLanguage":"az","@id":"https:\/\/www.meydan.tv\/az\/#\/schema\/logo\/image\/","url":"https:\/\/www.meydan.tv\/wp-content\/uploads\/2021\/07\/meydan-logo.svg","contentUrl":"https:\/\/www.meydan.tv\/wp-content\/uploads\/2021\/07\/meydan-logo.svg","width":195,"height":46,"caption":"Meydan TV"},"image":{"@id":"https:\/\/www.meydan.tv\/az\/#\/schema\/logo\/image\/"}},{"@type":"Person","@id":"https:\/\/www.meydan.tv\/az\/#\/schema\/person\/10d11eccf6da3662cf5fdab9806ea91a","name":"user-manager"}]}},"_links":{"self":[{"href":"https:\/\/www.meydan.tv\/az\/wp-json\/wp\/v2\/posts\/205159","targetHints":{"allow":["GET"]}}],"collection":[{"href":"https:\/\/www.meydan.tv\/az\/wp-json\/wp\/v2\/posts"}],"about":[{"href":"https:\/\/www.meydan.tv\/az\/wp-json\/wp\/v2\/types\/post"}],"author":[{"embeddable":true,"href":"https:\/\/www.meydan.tv\/az\/wp-json\/wp\/v2\/users\/11"}],"replies":[{"embeddable":true,"href":"https:\/\/www.meydan.tv\/az\/wp-json\/wp\/v2\/comments?post=205159"}],"version-history":[{"count":0,"href":"https:\/\/www.meydan.tv\/az\/wp-json\/wp\/v2\/posts\/205159\/revisions"}],"wp:featuredmedia":[{"embeddable":true,"href":"https:\/\/www.meydan.tv\/az\/wp-json\/wp\/v2\/media\/157002"}],"wp:attachment":[{"href":"https:\/\/www.meydan.tv\/az\/wp-json\/wp\/v2\/media?parent=205159"}],"wp:term":[{"taxonomy":"category","embeddable":true,"href":"https:\/\/www.meydan.tv\/az\/wp-json\/wp\/v2\/categories?post=205159"},{"taxonomy":"post_tag","embeddable":true,"href":"https:\/\/www.meydan.tv\/az\/wp-json\/wp\/v2\/tags?post=205159"}],"curies":[{"name":"wp","href":"https:\/\/api.w.org\/{rel}","templated":true}]}}