{"id":205157,"date":"2021-02-26T17:26:53","date_gmt":"2021-02-26T17:26:53","guid":{"rendered":"https:\/\/www.meydan.tv\/article\/torpaqlara-gore-sevinirik-xocalidan-ise-ses-soraq-yoxdur\/"},"modified":"2021-02-26T17:26:53","modified_gmt":"2021-02-26T17:26:53","slug":"torpaqlara-gore-sevinirik-xocalidan-ise-ses-soraq-yoxdur","status":"publish","type":"post","link":"https:\/\/www.meydan.tv\/az\/article\/torpaqlara-gore-sevinirik-xocalidan-ise-ses-soraq-yoxdur\/","title":{"rendered":"&#8220;Torpaqlara g\u00f6r\u0259 sevinirik, Xocal\u0131dan is\u0259 s\u0259s-soraq yoxdur&#8221;"},"content":{"rendered":"<figure class=\"wp-block-embed is-type-video is-provider-youtube wp-block-embed-youtube wp-embed-aspect-16-9 wp-has-aspect-ratio\">\n<div class=\"wp-block-embed__wrapper\">\n    <iframe\ttitle=\"\"Torpaqlara g\u00f6r\u0259 sevinirik, Xocal\u0131dan is\u0259 s\u0259s-soraq yoxdur\"\" width=\"1200\" height=\"675\" data-src=\"https:\/\/www.youtube.com\/embed\/2CykQ7BoV_Q\"\tframeborder=\"0\"\tallow=\"accelerometer; autoplay; clipboard-write; encrypted-media; gyroscope; picture-in-picture\" allowfullscreen src=\"data:image\/svg+xml;base64,PHN2ZyB3aWR0aD0iMSIgaGVpZ2h0PSIxIiB4bWxucz0iaHR0cDovL3d3dy53My5vcmcvMjAwMC9zdmciPjwvc3ZnPg==\" class=\"lazyload\" data-load-mode=\"1\"><\/iframe>\n  <\/div><figcaption>\n    &#8220;Torpaqlara g\u00f6r\u0259 sevinirik, Xocal\u0131dan is\u0259 s\u0259s-soraq yoxdur&#8221;<br \/>\n  <\/figcaption><\/figure>\n<p>\n  Xocal\u0131 faci\u0259sind\u0259n 29 il \u00f6t\u00fcr. Fevral\u0131n 26-da \u201cAna Haray\u0131\u201d abid\u0259sinin \u00f6n\u00fcnd\u0259 Xocal\u0131 qurbanlar\u0131 yad edilib.\n<\/p>\n<p>\n  1992-ci il fevral\u0131n 25-d\u0259n 26-na ke\u00e7\u0259n gec\u0259 erm\u0259ni silahl\u0131 birl\u0259\u015fm\u0259l\u0259ri v\u0259 366-c\u0131 motoat\u0131c\u0131 alay\u0131 Xocal\u0131 \u015f\u0259h\u0259rind\u0259 h\u0259rbi \u0259m\u0259liyyat ke\u00e7irib. \u018fm\u0259liyyat n\u0259tic\u0259sind\u0259 63-\u00fc u\u015faq, 106-s\u0131 qad\u0131n, 70-i qoca v\u0259 qar\u0131 olmaqla, 613 Xocal\u0131 sakini q\u0259tl\u0259 yetirilib, 8 ail\u0259 tamamil\u0259 m\u0259hv edilib, 25 u\u015faq h\u0259r iki valideynini, 130 u\u015faq valideynl\u0259rind\u0259n birini itirib. Eyni zamanda, 1275 n\u0259f\u0259r \u0259sir g\u00f6t\u00fcr\u00fcl\u00fcb. Girov g\u00f6t\u00fcr\u00fcl\u0259nl\u0259rd\u0259n 150 n\u0259f\u0259rinin, o c\u00fcml\u0259d\u0259n 68 qad\u0131n v\u0259 26 u\u015fa\u011f\u0131n taleyi bu g\u00fcn\u0259d\u0259k m\u0259lum deyil.\n<\/p>\n<p>\n  Noyabr\u0131n 10-da \u0130kinci Qaraba\u011f m\u00fcharib\u0259sind\u0259 h\u0259rbi \u0259m\u0259liyyatlar\u0131n bitm\u0259sil\u0259 ba\u011fl\u0131 at\u0259\u015fk\u0259s imzaland\u0131. Az\u0259rbaycan \u0259razil\u0259rinin \u00e7oxunu i\u015f\u011faldan azad etdi. Xocal\u0131, Xank\u0259ndi, Xocav\u0259ndl\u0259 ba\u011fl\u0131 is\u0259 durum b\u0259lli deyil. Haz\u0131rda o \u0259razil\u0259r\u0259 rus s\u00fclhm\u0259raml\u0131lar\u0131 n\u0259zar\u0259t edir.<\/p>\n","protected":false},"excerpt":{"rendered":"<p>Xocal\u0131 faci\u0259sind\u0259n 29 il \u00f6t\u00fcr. Fevral\u0131n 26-da \u201cAna Haray\u0131\u201d abid\u0259sinin \u00f6n\u00fcnd\u0259 Xocal\u0131 qurbanlar\u0131 yad edilib.<\/p>\n","protected":false},"author":11,"featured_media":156999,"comment_status":"closed","ping_status":"open","sticky":false,"template":"","format":"standard","meta":{"_acf_changed":false,"_sitemap_exclude":false,"_sitemap_priority":"","_sitemap_frequency":"","footnotes":""},"categories":[63],"tags":[],"class_list":["post-205157","post","type-post","status-publish","format-standard","has-post-thumbnail","hentry","category-video-2","infinite-scroll-item","generate-columns","tablet-grid-50","mobile-grid-100","grid-parent","grid-33","no-featured-image-padding"],"acf":[],"yoast_head":"<!-- This site is optimized with the Yoast SEO plugin v27.5 - https:\/\/yoast.com\/product\/yoast-seo-wordpress\/ -->\n<title>&quot;Torpaqlara g\u00f6r\u0259 sevinirik, Xocal\u0131dan is\u0259 s\u0259s-soraq yoxdur&quot; - MEYDAN.TV<\/title>\n<meta name=\"robots\" content=\"index, follow, max-snippet:-1, max-image-preview:large, max-video-preview:-1\" \/>\n<link rel=\"canonical\" href=\"https:\/\/www.meydan.tv\/az\/article\/torpaqlara-gore-sevinirik-xocalidan-ise-ses-soraq-yoxdur\/\" \/>\n<meta property=\"og:locale\" content=\"az_AZ\" \/>\n<meta property=\"og:type\" content=\"article\" \/>\n<meta property=\"og:title\" content=\"&quot;Torpaqlara g\u00f6r\u0259 sevinirik, Xocal\u0131dan is\u0259 s\u0259s-soraq yoxdur&quot; - MEYDAN.TV\" \/>\n<meta property=\"og:description\" content=\"Xocal\u0131 faci\u0259sind\u0259n 29 il \u00f6t\u00fcr. Fevral\u0131n 26-da \u201cAna Haray\u0131\u201d abid\u0259sinin \u00f6n\u00fcnd\u0259 Xocal\u0131 qurbanlar\u0131 yad edilib.\" \/>\n<meta property=\"og:url\" content=\"https:\/\/www.meydan.tv\/az\/article\/torpaqlara-gore-sevinirik-xocalidan-ise-ses-soraq-yoxdur\/\" \/>\n<meta property=\"og:site_name\" content=\"MEYDAN.TV\" \/>\n<meta property=\"article:published_time\" content=\"2021-02-26T17:26:53+00:00\" \/>\n<meta property=\"og:image\" content=\"https:\/\/www.meydan.tv\/wp-content\/uploads\/screenshot_at_feb_26_17-10-58.png\" \/>\n\t<meta property=\"og:image:width\" content=\"962\" \/>\n\t<meta property=\"og:image:height\" content=\"532\" \/>\n\t<meta property=\"og:image:type\" content=\"image\/png\" \/>\n<meta name=\"author\" content=\"user-manager\" \/>\n<meta name=\"twitter:card\" content=\"summary_large_image\" \/>\n<script type=\"application\/ld+json\" class=\"yoast-schema-graph\">{\"@context\":\"https:\\\/\\\/schema.org\",\"@graph\":[{\"@type\":\"Article\",\"@id\":\"https:\\\/\\\/www.meydan.tv\\\/az\\\/article\\\/torpaqlara-gore-sevinirik-xocalidan-ise-ses-soraq-yoxdur\\\/#article\",\"isPartOf\":{\"@id\":\"https:\\\/\\\/www.meydan.tv\\\/az\\\/article\\\/torpaqlara-gore-sevinirik-xocalidan-ise-ses-soraq-yoxdur\\\/\"},\"author\":{\"name\":\"user-manager\",\"@id\":\"https:\\\/\\\/www.meydan.tv\\\/az\\\/#\\\/schema\\\/person\\\/10d11eccf6da3662cf5fdab9806ea91a\"},\"headline\":\"&#8220;Torpaqlara g\u00f6r\u0259 sevinirik, Xocal\u0131dan is\u0259 s\u0259s-soraq yoxdur&#8221;\",\"datePublished\":\"2021-02-26T17:26:53+00:00\",\"mainEntityOfPage\":{\"@id\":\"https:\\\/\\\/www.meydan.tv\\\/az\\\/article\\\/torpaqlara-gore-sevinirik-xocalidan-ise-ses-soraq-yoxdur\\\/\"},\"wordCount\":208,\"publisher\":{\"@id\":\"https:\\\/\\\/www.meydan.tv\\\/az\\\/#organization\"},\"image\":{\"@id\":\"https:\\\/\\\/www.meydan.tv\\\/az\\\/article\\\/torpaqlara-gore-sevinirik-xocalidan-ise-ses-soraq-yoxdur\\\/#primaryimage\"},\"thumbnailUrl\":\"https:\\\/\\\/www.meydan.tv\\\/wp-content\\\/uploads\\\/screenshot_at_feb_26_17-10-58.png\",\"articleSection\":[\"Video\"],\"inLanguage\":\"az\"},{\"@type\":\"WebPage\",\"@id\":\"https:\\\/\\\/www.meydan.tv\\\/az\\\/article\\\/torpaqlara-gore-sevinirik-xocalidan-ise-ses-soraq-yoxdur\\\/\",\"url\":\"https:\\\/\\\/www.meydan.tv\\\/az\\\/article\\\/torpaqlara-gore-sevinirik-xocalidan-ise-ses-soraq-yoxdur\\\/\",\"name\":\"\\\"Torpaqlara g\u00f6r\u0259 sevinirik, Xocal\u0131dan is\u0259 s\u0259s-soraq yoxdur\\\" - MEYDAN.TV\",\"isPartOf\":{\"@id\":\"https:\\\/\\\/www.meydan.tv\\\/az\\\/#website\"},\"primaryImageOfPage\":{\"@id\":\"https:\\\/\\\/www.meydan.tv\\\/az\\\/article\\\/torpaqlara-gore-sevinirik-xocalidan-ise-ses-soraq-yoxdur\\\/#primaryimage\"},\"image\":{\"@id\":\"https:\\\/\\\/www.meydan.tv\\\/az\\\/article\\\/torpaqlara-gore-sevinirik-xocalidan-ise-ses-soraq-yoxdur\\\/#primaryimage\"},\"thumbnailUrl\":\"https:\\\/\\\/www.meydan.tv\\\/wp-content\\\/uploads\\\/screenshot_at_feb_26_17-10-58.png\",\"datePublished\":\"2021-02-26T17:26:53+00:00\",\"breadcrumb\":{\"@id\":\"https:\\\/\\\/www.meydan.tv\\\/az\\\/article\\\/torpaqlara-gore-sevinirik-xocalidan-ise-ses-soraq-yoxdur\\\/#breadcrumb\"},\"inLanguage\":\"az\",\"potentialAction\":[{\"@type\":\"ReadAction\",\"target\":[\"https:\\\/\\\/www.meydan.tv\\\/az\\\/article\\\/torpaqlara-gore-sevinirik-xocalidan-ise-ses-soraq-yoxdur\\\/\"]}]},{\"@type\":\"ImageObject\",\"inLanguage\":\"az\",\"@id\":\"https:\\\/\\\/www.meydan.tv\\\/az\\\/article\\\/torpaqlara-gore-sevinirik-xocalidan-ise-ses-soraq-yoxdur\\\/#primaryimage\",\"url\":\"https:\\\/\\\/www.meydan.tv\\\/wp-content\\\/uploads\\\/screenshot_at_feb_26_17-10-58.png\",\"contentUrl\":\"https:\\\/\\\/www.meydan.tv\\\/wp-content\\\/uploads\\\/screenshot_at_feb_26_17-10-58.png\",\"width\":962,\"height\":532,\"caption\":\"Source: Meydan.TV\"},{\"@type\":\"BreadcrumbList\",\"@id\":\"https:\\\/\\\/www.meydan.tv\\\/az\\\/article\\\/torpaqlara-gore-sevinirik-xocalidan-ise-ses-soraq-yoxdur\\\/#breadcrumb\",\"itemListElement\":[{\"@type\":\"ListItem\",\"position\":1,\"name\":\"Ana s\u0259hif\u0259\",\"item\":\"https:\\\/\\\/www.meydan.tv\\\/az\\\/\"},{\"@type\":\"ListItem\",\"position\":2,\"name\":\"Video\",\"item\":\"https:\\\/\\\/www.meydan.tv\\\/az\\\/section\\\/video-2\\\/\"},{\"@type\":\"ListItem\",\"position\":3,\"name\":\"&#8220;Torpaqlara g\u00f6r\u0259 sevinirik, Xocal\u0131dan is\u0259 s\u0259s-soraq yoxdur&#8221;\"}]},{\"@type\":\"WebSite\",\"@id\":\"https:\\\/\\\/www.meydan.tv\\\/az\\\/#website\",\"url\":\"https:\\\/\\\/www.meydan.tv\\\/az\\\/\",\"name\":\"MEYDAN.TV\",\"description\":\"Meydan TV Az\u0259rbaycan\u0131n media m\u0259kan\u0131ndak\u0131 alternativ s\u0259sidir\",\"publisher\":{\"@id\":\"https:\\\/\\\/www.meydan.tv\\\/az\\\/#organization\"},\"potentialAction\":[{\"@type\":\"SearchAction\",\"target\":{\"@type\":\"EntryPoint\",\"urlTemplate\":\"https:\\\/\\\/www.meydan.tv\\\/az\\\/?s={search_term_string}\"},\"query-input\":{\"@type\":\"PropertyValueSpecification\",\"valueRequired\":true,\"valueName\":\"search_term_string\"}}],\"inLanguage\":\"az\"},{\"@type\":\"Organization\",\"@id\":\"https:\\\/\\\/www.meydan.tv\\\/az\\\/#organization\",\"name\":\"Meydan TV\",\"url\":\"https:\\\/\\\/www.meydan.tv\\\/az\\\/\",\"logo\":{\"@type\":\"ImageObject\",\"inLanguage\":\"az\",\"@id\":\"https:\\\/\\\/www.meydan.tv\\\/az\\\/#\\\/schema\\\/logo\\\/image\\\/\",\"url\":\"https:\\\/\\\/www.meydan.tv\\\/wp-content\\\/uploads\\\/2021\\\/07\\\/meydan-logo.svg\",\"contentUrl\":\"https:\\\/\\\/www.meydan.tv\\\/wp-content\\\/uploads\\\/2021\\\/07\\\/meydan-logo.svg\",\"width\":195,\"height\":46,\"caption\":\"Meydan TV\"},\"image\":{\"@id\":\"https:\\\/\\\/www.meydan.tv\\\/az\\\/#\\\/schema\\\/logo\\\/image\\\/\"}},{\"@type\":\"Person\",\"@id\":\"https:\\\/\\\/www.meydan.tv\\\/az\\\/#\\\/schema\\\/person\\\/10d11eccf6da3662cf5fdab9806ea91a\",\"name\":\"user-manager\"}]}<\/script>\n<!-- \/ Yoast SEO plugin. -->","yoast_head_json":{"title":"\"Torpaqlara g\u00f6r\u0259 sevinirik, Xocal\u0131dan is\u0259 s\u0259s-soraq yoxdur\" - MEYDAN.TV","robots":{"index":"index","follow":"follow","max-snippet":"max-snippet:-1","max-image-preview":"max-image-preview:large","max-video-preview":"max-video-preview:-1"},"canonical":"https:\/\/www.meydan.tv\/az\/article\/torpaqlara-gore-sevinirik-xocalidan-ise-ses-soraq-yoxdur\/","og_locale":"az_AZ","og_type":"article","og_title":"\"Torpaqlara g\u00f6r\u0259 sevinirik, Xocal\u0131dan is\u0259 s\u0259s-soraq yoxdur\" - MEYDAN.TV","og_description":"Xocal\u0131 faci\u0259sind\u0259n 29 il \u00f6t\u00fcr. Fevral\u0131n 26-da \u201cAna Haray\u0131\u201d abid\u0259sinin \u00f6n\u00fcnd\u0259 Xocal\u0131 qurbanlar\u0131 yad edilib.","og_url":"https:\/\/www.meydan.tv\/az\/article\/torpaqlara-gore-sevinirik-xocalidan-ise-ses-soraq-yoxdur\/","og_site_name":"MEYDAN.TV","article_published_time":"2021-02-26T17:26:53+00:00","og_image":[{"width":962,"height":532,"url":"https:\/\/www.meydan.tv\/wp-content\/uploads\/screenshot_at_feb_26_17-10-58.png","type":"image\/png"}],"author":"user-manager","twitter_card":"summary_large_image","schema":{"@context":"https:\/\/schema.org","@graph":[{"@type":"Article","@id":"https:\/\/www.meydan.tv\/az\/article\/torpaqlara-gore-sevinirik-xocalidan-ise-ses-soraq-yoxdur\/#article","isPartOf":{"@id":"https:\/\/www.meydan.tv\/az\/article\/torpaqlara-gore-sevinirik-xocalidan-ise-ses-soraq-yoxdur\/"},"author":{"name":"user-manager","@id":"https:\/\/www.meydan.tv\/az\/#\/schema\/person\/10d11eccf6da3662cf5fdab9806ea91a"},"headline":"&#8220;Torpaqlara g\u00f6r\u0259 sevinirik, Xocal\u0131dan is\u0259 s\u0259s-soraq yoxdur&#8221;","datePublished":"2021-02-26T17:26:53+00:00","mainEntityOfPage":{"@id":"https:\/\/www.meydan.tv\/az\/article\/torpaqlara-gore-sevinirik-xocalidan-ise-ses-soraq-yoxdur\/"},"wordCount":208,"publisher":{"@id":"https:\/\/www.meydan.tv\/az\/#organization"},"image":{"@id":"https:\/\/www.meydan.tv\/az\/article\/torpaqlara-gore-sevinirik-xocalidan-ise-ses-soraq-yoxdur\/#primaryimage"},"thumbnailUrl":"https:\/\/www.meydan.tv\/wp-content\/uploads\/screenshot_at_feb_26_17-10-58.png","articleSection":["Video"],"inLanguage":"az"},{"@type":"WebPage","@id":"https:\/\/www.meydan.tv\/az\/article\/torpaqlara-gore-sevinirik-xocalidan-ise-ses-soraq-yoxdur\/","url":"https:\/\/www.meydan.tv\/az\/article\/torpaqlara-gore-sevinirik-xocalidan-ise-ses-soraq-yoxdur\/","name":"\"Torpaqlara g\u00f6r\u0259 sevinirik, Xocal\u0131dan is\u0259 s\u0259s-soraq yoxdur\" - MEYDAN.TV","isPartOf":{"@id":"https:\/\/www.meydan.tv\/az\/#website"},"primaryImageOfPage":{"@id":"https:\/\/www.meydan.tv\/az\/article\/torpaqlara-gore-sevinirik-xocalidan-ise-ses-soraq-yoxdur\/#primaryimage"},"image":{"@id":"https:\/\/www.meydan.tv\/az\/article\/torpaqlara-gore-sevinirik-xocalidan-ise-ses-soraq-yoxdur\/#primaryimage"},"thumbnailUrl":"https:\/\/www.meydan.tv\/wp-content\/uploads\/screenshot_at_feb_26_17-10-58.png","datePublished":"2021-02-26T17:26:53+00:00","breadcrumb":{"@id":"https:\/\/www.meydan.tv\/az\/article\/torpaqlara-gore-sevinirik-xocalidan-ise-ses-soraq-yoxdur\/#breadcrumb"},"inLanguage":"az","potentialAction":[{"@type":"ReadAction","target":["https:\/\/www.meydan.tv\/az\/article\/torpaqlara-gore-sevinirik-xocalidan-ise-ses-soraq-yoxdur\/"]}]},{"@type":"ImageObject","inLanguage":"az","@id":"https:\/\/www.meydan.tv\/az\/article\/torpaqlara-gore-sevinirik-xocalidan-ise-ses-soraq-yoxdur\/#primaryimage","url":"https:\/\/www.meydan.tv\/wp-content\/uploads\/screenshot_at_feb_26_17-10-58.png","contentUrl":"https:\/\/www.meydan.tv\/wp-content\/uploads\/screenshot_at_feb_26_17-10-58.png","width":962,"height":532,"caption":"Source: Meydan.TV"},{"@type":"BreadcrumbList","@id":"https:\/\/www.meydan.tv\/az\/article\/torpaqlara-gore-sevinirik-xocalidan-ise-ses-soraq-yoxdur\/#breadcrumb","itemListElement":[{"@type":"ListItem","position":1,"name":"Ana s\u0259hif\u0259","item":"https:\/\/www.meydan.tv\/az\/"},{"@type":"ListItem","position":2,"name":"Video","item":"https:\/\/www.meydan.tv\/az\/section\/video-2\/"},{"@type":"ListItem","position":3,"name":"&#8220;Torpaqlara g\u00f6r\u0259 sevinirik, Xocal\u0131dan is\u0259 s\u0259s-soraq yoxdur&#8221;"}]},{"@type":"WebSite","@id":"https:\/\/www.meydan.tv\/az\/#website","url":"https:\/\/www.meydan.tv\/az\/","name":"MEYDAN.TV","description":"Meydan TV Az\u0259rbaycan\u0131n media m\u0259kan\u0131ndak\u0131 alternativ s\u0259sidir","publisher":{"@id":"https:\/\/www.meydan.tv\/az\/#organization"},"potentialAction":[{"@type":"SearchAction","target":{"@type":"EntryPoint","urlTemplate":"https:\/\/www.meydan.tv\/az\/?s={search_term_string}"},"query-input":{"@type":"PropertyValueSpecification","valueRequired":true,"valueName":"search_term_string"}}],"inLanguage":"az"},{"@type":"Organization","@id":"https:\/\/www.meydan.tv\/az\/#organization","name":"Meydan TV","url":"https:\/\/www.meydan.tv\/az\/","logo":{"@type":"ImageObject","inLanguage":"az","@id":"https:\/\/www.meydan.tv\/az\/#\/schema\/logo\/image\/","url":"https:\/\/www.meydan.tv\/wp-content\/uploads\/2021\/07\/meydan-logo.svg","contentUrl":"https:\/\/www.meydan.tv\/wp-content\/uploads\/2021\/07\/meydan-logo.svg","width":195,"height":46,"caption":"Meydan TV"},"image":{"@id":"https:\/\/www.meydan.tv\/az\/#\/schema\/logo\/image\/"}},{"@type":"Person","@id":"https:\/\/www.meydan.tv\/az\/#\/schema\/person\/10d11eccf6da3662cf5fdab9806ea91a","name":"user-manager"}]}},"_links":{"self":[{"href":"https:\/\/www.meydan.tv\/az\/wp-json\/wp\/v2\/posts\/205157","targetHints":{"allow":["GET"]}}],"collection":[{"href":"https:\/\/www.meydan.tv\/az\/wp-json\/wp\/v2\/posts"}],"about":[{"href":"https:\/\/www.meydan.tv\/az\/wp-json\/wp\/v2\/types\/post"}],"author":[{"embeddable":true,"href":"https:\/\/www.meydan.tv\/az\/wp-json\/wp\/v2\/users\/11"}],"replies":[{"embeddable":true,"href":"https:\/\/www.meydan.tv\/az\/wp-json\/wp\/v2\/comments?post=205157"}],"version-history":[{"count":0,"href":"https:\/\/www.meydan.tv\/az\/wp-json\/wp\/v2\/posts\/205157\/revisions"}],"wp:featuredmedia":[{"embeddable":true,"href":"https:\/\/www.meydan.tv\/az\/wp-json\/wp\/v2\/media\/156999"}],"wp:attachment":[{"href":"https:\/\/www.meydan.tv\/az\/wp-json\/wp\/v2\/media?parent=205157"}],"wp:term":[{"taxonomy":"category","embeddable":true,"href":"https:\/\/www.meydan.tv\/az\/wp-json\/wp\/v2\/categories?post=205157"},{"taxonomy":"post_tag","embeddable":true,"href":"https:\/\/www.meydan.tv\/az\/wp-json\/wp\/v2\/tags?post=205157"}],"curies":[{"name":"wp","href":"https:\/\/api.w.org\/{rel}","templated":true}]}}