{"id":205136,"date":"2021-02-25T13:07:38","date_gmt":"2021-02-25T13:07:38","guid":{"rendered":"https:\/\/www.meydan.tv\/article\/cebrayil-rayon-sakini-minaya-dusub\/"},"modified":"2021-02-25T13:07:38","modified_gmt":"2021-02-25T13:07:38","slug":"cebrayil-rayon-sakini-minaya-dusub","status":"publish","type":"post","link":"https:\/\/www.meydan.tv\/az\/article\/cebrayil-rayon-sakini-minaya-dusub\/","title":{"rendered":"C\u0259bray\u0131l rayon sakini minaya d\u00fc\u015f\u00fcb"},"content":{"rendered":"<p>\n  <i><br \/>\n    57 ya\u015fl\u0131 \u015f\u0259xsin m\u00fcxt\u0259lif b\u0259d\u0259n x\u0259sar\u0259tl\u0259ri ald\u0131\u011f\u0131 bildirilir<br \/>\n  <\/i>\n<\/p>\n<p>\n  K\u0259nd t\u0259s\u0259rr\u00fcfat\u0131 f\u0259aliyy\u0259ti il\u0259 m\u0259\u015f\u011ful olan 57 ya\u015fl\u0131 C\u0259bray\u0131l rayon sakini G\u00fclo\u011flan \u0130mran o\u011flu Mirz\u0259liyev minaya d\u00fc\u015f\u00fcb.\n<\/p>\n<p>\n  C\u0259bray\u0131l Rayon Prokurorlu\u011funun m\u0259lumat\u0131na g\u00f6r\u0259, fevral\u0131n 25-d\u0259, saat 14 rad\u0259l\u0259rind\u0259 1964-c\u00fc il t\u0259v\u0259ll\u00fcdl\u00fc G\u00fclo\u011flan Mirz\u0259liyev C\u0259bray\u0131l rayonunun i\u015f\u011faldan azad olunmu\u015f Mehdili k\u0259ndi \u0259razisind\u0259 piyada \u0259leyhin\u0259 minaya d\u00fc\u015f\u00fcb v\u0259 m\u00fcxt\u0259lif d\u0259r\u0259c\u0259li b\u0259d\u0259n x\u0259sar\u0259tl\u0259ri al\u0131b. Faktla ba\u011fl\u0131 ara\u015fd\u0131rma ba\u015flad\u0131l\u0131b.\n<\/p>\n<p>\n  Bu, i\u015f\u011fal olunmu\u015f \u0259razil\u0259rd\u0259 ba\u015f ver\u0259n yegan\u0259 hadis\u0259 deyil. Bundan \u0259vv\u0259l F\u00fczuli v\u0259 A\u011fdam rayonu \u0259razil\u0259rind\u0259 d\u0259 v\u0259t\u0259nda\u015flar\u0131n minaya d\u00fc\u015fm\u0259si hal\u0131 ba\u015f verib. Daxili \u0130\u015fl\u0259r Nazirliyi v\u0259t\u0259nda\u015flar\u0131n icaz\u0259siz s\u00f6z\u00fcged\u0259n \u0259razil\u0259r\u0259 s\u0259f\u0259rini qada\u011fan edib.<\/p>\n","protected":false},"excerpt":{"rendered":"<p>Daxili \u0130\u015fl\u0259r Nazirliyi v\u0259t\u0259nda\u015flar\u0131n icaz\u0259siz s\u00f6z\u00fcged\u0259n \u0259razil\u0259r\u0259 s\u0259f\u0259rini qada\u011fan edib.<\/p>\n","protected":false},"author":11,"featured_media":156753,"comment_status":"closed","ping_status":"open","sticky":false,"template":"","format":"standard","meta":{"_acf_changed":false,"_sitemap_exclude":false,"_sitemap_priority":"","_sitemap_frequency":"","footnotes":""},"categories":[59],"tags":[],"class_list":["post-205136","post","type-post","status-publish","format-standard","has-post-thumbnail","hentry","category-siyaset","infinite-scroll-item","generate-columns","tablet-grid-50","mobile-grid-100","grid-parent","grid-33","no-featured-image-padding"],"acf":[],"yoast_head":"<!-- This site is optimized with the Yoast SEO plugin v28.4 - https:\/\/yoast.com\/product\/yoast-seo-wordpress\/ -->\n<title>C\u0259bray\u0131l rayon sakini minaya d\u00fc\u015f\u00fcb - MEYDAN.TV<\/title>\n<meta name=\"robots\" content=\"index, follow, max-snippet:-1, max-image-preview:large, max-video-preview:-1\" \/>\n<link rel=\"canonical\" href=\"https:\/\/www.meydan.tv\/az\/article\/cebrayil-rayon-sakini-minaya-dusub\/\" \/>\n<meta property=\"og:locale\" content=\"az_AZ\" \/>\n<meta property=\"og:type\" content=\"article\" \/>\n<meta property=\"og:title\" content=\"C\u0259bray\u0131l rayon sakini minaya d\u00fc\u015f\u00fcb - MEYDAN.TV\" \/>\n<meta property=\"og:description\" content=\"Daxili \u0130\u015fl\u0259r Nazirliyi v\u0259t\u0259nda\u015flar\u0131n icaz\u0259siz s\u00f6z\u00fcged\u0259n \u0259razil\u0259r\u0259 s\u0259f\u0259rini qada\u011fan edib.\" \/>\n<meta property=\"og:url\" content=\"https:\/\/www.meydan.tv\/az\/article\/cebrayil-rayon-sakini-minaya-dusub\/\" \/>\n<meta property=\"og:site_name\" content=\"MEYDAN.TV\" \/>\n<meta property=\"article:published_time\" content=\"2021-02-25T13:07:38+00:00\" \/>\n<meta property=\"og:image\" content=\"https:\/\/www.meydan.tv\/wp-content\/uploads\/mina_g07xtqy.jpg\" \/>\n\t<meta property=\"og:image:width\" content=\"811\" \/>\n\t<meta property=\"og:image:height\" content=\"541\" \/>\n\t<meta property=\"og:image:type\" content=\"image\/jpeg\" \/>\n<meta name=\"twitter:card\" content=\"summary_large_image\" \/>\n<!-- \/ Yoast SEO plugin. -->","yoast_head_json":{"title":"C\u0259bray\u0131l rayon sakini minaya d\u00fc\u015f\u00fcb - MEYDAN.TV","robots":{"index":"index","follow":"follow","max-snippet":"max-snippet:-1","max-image-preview":"max-image-preview:large","max-video-preview":"max-video-preview:-1"},"canonical":"https:\/\/www.meydan.tv\/az\/article\/cebrayil-rayon-sakini-minaya-dusub\/","og_locale":"az_AZ","og_type":"article","og_title":"C\u0259bray\u0131l rayon sakini minaya d\u00fc\u015f\u00fcb - MEYDAN.TV","og_description":"Daxili \u0130\u015fl\u0259r Nazirliyi v\u0259t\u0259nda\u015flar\u0131n icaz\u0259siz s\u00f6z\u00fcged\u0259n \u0259razil\u0259r\u0259 s\u0259f\u0259rini qada\u011fan edib.","og_url":"https:\/\/www.meydan.tv\/az\/article\/cebrayil-rayon-sakini-minaya-dusub\/","og_site_name":"MEYDAN.TV","article_published_time":"2021-02-25T13:07:38+00:00","og_image":[{"width":811,"height":541,"url":"https:\/\/www.meydan.tv\/wp-content\/uploads\/mina_g07xtqy.jpg","type":"image\/jpeg"}],"twitter_card":"summary_large_image","schema":{"@context":"https:\/\/schema.org","@graph":[{"@type":"Article","@id":"https:\/\/www.meydan.tv\/az\/article\/cebrayil-rayon-sakini-minaya-dusub\/#article","isPartOf":{"@id":"https:\/\/www.meydan.tv\/az\/article\/cebrayil-rayon-sakini-minaya-dusub\/"},"author":{"name":"user-manager","@id":"https:\/\/www.meydan.tv\/az\/#\/schema\/person\/10d11eccf6da3662cf5fdab9806ea91a"},"headline":"C\u0259bray\u0131l rayon sakini minaya d\u00fc\u015f\u00fcb","datePublished":"2021-02-25T13:07:38+00:00","mainEntityOfPage":{"@id":"https:\/\/www.meydan.tv\/az\/article\/cebrayil-rayon-sakini-minaya-dusub\/"},"wordCount":186,"publisher":{"@id":"https:\/\/www.meydan.tv\/az\/#organization"},"image":{"@id":"https:\/\/www.meydan.tv\/az\/article\/cebrayil-rayon-sakini-minaya-dusub\/#primaryimage"},"thumbnailUrl":"https:\/\/www.meydan.tv\/wp-content\/uploads\/mina_g07xtqy.jpg","articleSection":["Siyas\u0259t"],"inLanguage":"az"},{"@type":"WebPage","@id":"https:\/\/www.meydan.tv\/az\/article\/cebrayil-rayon-sakini-minaya-dusub\/","url":"https:\/\/www.meydan.tv\/az\/article\/cebrayil-rayon-sakini-minaya-dusub\/","name":"C\u0259bray\u0131l rayon sakini minaya d\u00fc\u015f\u00fcb - MEYDAN.TV","isPartOf":{"@id":"https:\/\/www.meydan.tv\/az\/#website"},"primaryImageOfPage":{"@id":"https:\/\/www.meydan.tv\/az\/article\/cebrayil-rayon-sakini-minaya-dusub\/#primaryimage"},"image":{"@id":"https:\/\/www.meydan.tv\/az\/article\/cebrayil-rayon-sakini-minaya-dusub\/#primaryimage"},"thumbnailUrl":"https:\/\/www.meydan.tv\/wp-content\/uploads\/mina_g07xtqy.jpg","datePublished":"2021-02-25T13:07:38+00:00","breadcrumb":{"@id":"https:\/\/www.meydan.tv\/az\/article\/cebrayil-rayon-sakini-minaya-dusub\/#breadcrumb"},"inLanguage":"az","potentialAction":[{"@type":"ReadAction","target":["https:\/\/www.meydan.tv\/az\/article\/cebrayil-rayon-sakini-minaya-dusub\/"]}]},{"@type":"ImageObject","inLanguage":"az","@id":"https:\/\/www.meydan.tv\/az\/article\/cebrayil-rayon-sakini-minaya-dusub\/#primaryimage","url":"https:\/\/www.meydan.tv\/wp-content\/uploads\/mina_g07xtqy.jpg","contentUrl":"https:\/\/www.meydan.tv\/wp-content\/uploads\/mina_g07xtqy.jpg","width":811,"height":541,"caption":"Source: \u0410\u041f\u0410"},{"@type":"BreadcrumbList","@id":"https:\/\/www.meydan.tv\/az\/article\/cebrayil-rayon-sakini-minaya-dusub\/#breadcrumb","itemListElement":[{"@type":"ListItem","position":1,"name":"Ana s\u0259hif\u0259","item":"https:\/\/www.meydan.tv\/az\/"},{"@type":"ListItem","position":2,"name":"Siyas\u0259t","item":"https:\/\/www.meydan.tv\/az\/section\/siyaset\/"},{"@type":"ListItem","position":3,"name":"C\u0259bray\u0131l rayon sakini minaya d\u00fc\u015f\u00fcb"}]},{"@type":"WebSite","@id":"https:\/\/www.meydan.tv\/az\/#website","url":"https:\/\/www.meydan.tv\/az\/","name":"MEYDAN.TV","description":"Meydan TV Az\u0259rbaycan\u0131n media m\u0259kan\u0131ndak\u0131 alternativ s\u0259sidir","publisher":{"@id":"https:\/\/www.meydan.tv\/az\/#organization"},"potentialAction":[{"@type":"SearchAction","target":{"@type":"EntryPoint","urlTemplate":"https:\/\/www.meydan.tv\/az\/?s={search_term_string}"},"query-input":{"@type":"PropertyValueSpecification","valueRequired":true,"valueName":"search_term_string"}}],"inLanguage":"az"},{"@type":"Organization","@id":"https:\/\/www.meydan.tv\/az\/#organization","name":"Meydan TV","url":"https:\/\/www.meydan.tv\/az\/","logo":{"@type":"ImageObject","inLanguage":"az","@id":"https:\/\/www.meydan.tv\/az\/#\/schema\/logo\/image\/","url":"https:\/\/www.meydan.tv\/wp-content\/uploads\/2021\/07\/meydan-logo.svg","contentUrl":"https:\/\/www.meydan.tv\/wp-content\/uploads\/2021\/07\/meydan-logo.svg","width":195,"height":46,"caption":"Meydan TV"},"image":{"@id":"https:\/\/www.meydan.tv\/az\/#\/schema\/logo\/image\/"}},{"@type":"Person","@id":"https:\/\/www.meydan.tv\/az\/#\/schema\/person\/10d11eccf6da3662cf5fdab9806ea91a","name":"user-manager"}]}},"_links":{"self":[{"href":"https:\/\/www.meydan.tv\/az\/wp-json\/wp\/v2\/posts\/205136","targetHints":{"allow":["GET"]}}],"collection":[{"href":"https:\/\/www.meydan.tv\/az\/wp-json\/wp\/v2\/posts"}],"about":[{"href":"https:\/\/www.meydan.tv\/az\/wp-json\/wp\/v2\/types\/post"}],"author":[{"embeddable":true,"href":"https:\/\/www.meydan.tv\/az\/wp-json\/wp\/v2\/users\/11"}],"replies":[{"embeddable":true,"href":"https:\/\/www.meydan.tv\/az\/wp-json\/wp\/v2\/comments?post=205136"}],"version-history":[{"count":0,"href":"https:\/\/www.meydan.tv\/az\/wp-json\/wp\/v2\/posts\/205136\/revisions"}],"wp:featuredmedia":[{"embeddable":true,"href":"https:\/\/www.meydan.tv\/az\/wp-json\/wp\/v2\/media\/156753"}],"wp:attachment":[{"href":"https:\/\/www.meydan.tv\/az\/wp-json\/wp\/v2\/media?parent=205136"}],"wp:term":[{"taxonomy":"category","embeddable":true,"href":"https:\/\/www.meydan.tv\/az\/wp-json\/wp\/v2\/categories?post=205136"},{"taxonomy":"post_tag","embeddable":true,"href":"https:\/\/www.meydan.tv\/az\/wp-json\/wp\/v2\/tags?post=205136"}],"curies":[{"name":"wp","href":"https:\/\/api.w.org\/{rel}","templated":true}]}}