{"id":205099,"date":"2021-02-23T13:59:06","date_gmt":"2021-02-23T13:59:06","guid":{"rendered":"https:\/\/www.meydan.tv\/article\/yeqin-tahir-kerimlinin-sesi-gedib-fifa-ya-uefa-ya-qeder-catar\/"},"modified":"2021-02-23T13:59:06","modified_gmt":"2021-02-23T13:59:06","slug":"yeqin-tahir-kerimlinin-sesi-gedib-fifa-ya-uefa-ya-qeder-catar","status":"publish","type":"post","link":"https:\/\/www.meydan.tv\/az\/article\/yeqin-tahir-kerimlinin-sesi-gedib-fifa-ya-uefa-ya-qeder-catar\/","title":{"rendered":"Y\u0259qin Tahir K\u0259rimlinin s\u0259si gedib F\u0130FA-ya, UEFA-ya q\u0259d\u0259r \u00e7atar"},"content":{"rendered":"<p>\n  <i><br \/>\n    Bak\u0131dan ibar\u0259t \u00e7empionat<br \/>\n  <\/i>\n<\/p>\n<p>\n  Milli M\u0259clisin deputat\u0131 Tahir K\u0259rimli parlamentin son plenar iclas\u0131nda \u00f6lk\u0259d\u0259 futbolun v\u0259ziyy\u0259tind\u0259n dan\u0131\u015f\u0131b. G\u00fcn hayandan do\u011fub ki, Az\u0259rbaycan futbolu Milli M\u0259clisd\u0259 g\u00fcnd\u0259m\u0259 \u00e7evrilib? &#8211; bu bar\u0259d\u0259 ancaq t\u0259xminl\u0259rimizi yaza bil\u0259rik. Ola bilsin, Az\u0259rbaycan Futbol Federasiyalar\u0131 Assosiasiyas\u0131n\u0131n r\u0259hb\u0259ri, SOCAR-\u0131n prezidenti R\u00f6vn\u0259q Abdullayevin \u201cq\u0259l\u0259minin q\u0131r\u0131laca\u011f\u0131\u201d haqda dola\u015fan x\u0259b\u0259rl\u0259r K\u0259rimliy\u0259 d\u0259 \u00e7at\u0131b. Yoxsa Az\u0259rbaycan futbolunun a\u011flar g\u00fcn\u0259 qalmas\u0131 son bir-iki ilin i\u015fi deyil ki, ill\u0259rdir yas i\u00e7ind\u0259dir.\n<\/p>\n<p>\n  N\u0259 is\u0259&#8230;\n<\/p>\n<p>\n  <b><br \/>\n    \u201cFutbol el\u0259 Bak\u0131dan ibar\u0259tdir?\u201d<br \/>\n  <\/b>\n<\/p>\n<p>\n  Tahir K\u0259rimlinin parlamentd\u0259k\u0131 \u00e7\u0131x\u0131\u015f\u0131 zaman\u0131 dedikl\u0259rin\u0259 g\u0259linc\u0259, mill\u0259t v\u0259kili futbol \u00fczr\u0259 Az\u0259rbaycan Premyer Liqas\u0131nda i\u015ftirak ed\u0259n klublar\u0131n \u0259ks\u0259riyy\u0259tinin paytaxt Bak\u0131n\u0131n pay\u0131na d\u00fc\u015fm\u0259sin\u0259 diqq\u0259t \u00e7\u0259kib v\u0259 t\u0259nqid edib:\n<\/p>\n<p>\n  \u201cFutbol el\u0259 Bak\u0131dan ibar\u0259tdir? G\u00fccl\u00fcl\u0259r d\u0259st\u0259sind\u0259ki 9 klubdan 8-i Bak\u0131n\u0131n pay\u0131na d\u00fc\u015f\u00fcr. C\u0259mi bir klub Q\u0259b\u0259l\u0259ni t\u0259msil edir. B\u0259s ba\u015fqa b\u00f6lg\u0259l\u0259r? Futbol v\u0259 futbol klublar\u0131 ancaq Bak\u0131dan ibar\u0259tdir? Deyirl\u0259r ki, Az\u0259rbaycan \u00e7empionat\u0131 ke\u00e7irildi. Bu, el\u0259 Bak\u0131 \u00e7empionat\u0131 olub.\n<\/p>\n<p>\n  <b><br \/>\n    Bunlar\u0131n \u00e7oxunu da SOCAR maliyy\u0259l\u0259\u015fdirir. Han\u0131 bizim b\u00f6y\u00fck \u015firk\u0259tl\u0259rimiz? Yuxar\u0131 liqalara bir komanda bel\u0259, \u00e7\u0131xm\u0131r. Uduzan da, udan da yerind\u0259 say\u0131r. Yuxar\u0131 liqa, a\u015fa\u011f\u0131 liqa m\u0259s\u0259l\u0259si bizim futbolda yoxdur.<br \/>\n  <\/b>\n<\/p>\n<p>\n  Niy\u0259 \u00f6lk\u0259 futbolu yerind\u0259 say\u0131r? Niy\u0259 yerl\u0259rd\u0259 futbol, u\u015faq idman\u0131, u\u015faq futbolu inki\u015faf etdirilmir?\u201d\n<\/p>\n<p>\n  Bir d\u0259qiq\u0259&#8230; H\u00f6rm\u0259tli deputat s\u0259hv\u0259 yol verir: Az\u0259rbaycan Premyer Liqas\u0131nda 9 yox, 8 klub m\u00fcbariz\u0259 apar\u0131r. Bu, son ill\u0259rd\u0259 daim bel\u0259 olub. Tahir K\u0259rimlinin n\u0259z\u0259rd\u0259 tutdu\u011fu 9-cu komanda hans\u0131d\u0131r, bilmirik, amma haz\u0131rda Premyer Liqada \u00e7\u0131x\u0131\u015f ed\u0259n klublar bunlard\u0131r:\n<\/p>\n<ol>\n<li>\n    Neft\u00e7i (Bak\u0131)\n  <\/li>\n<li>\n    Qaraba\u011f (A\u011fdam\u0131 t\u0259msil edir, Bak\u0131da m\u0259skunla\u015f\u0131b)\n  <\/li>\n<li>\n    Zir\u0259 (Bak\u0131)\n  <\/li>\n<li>\n    Sumqay\u0131t (Sumqay\u0131t)\n  <\/li>\n<li>\n    Q\u0259b\u0259l\u0259 (Q\u0259b\u0259l\u0259)\n  <\/li>\n<li>\n    Sabah (Bak\u0131)\n  <\/li>\n<li>\n    Ke\u015fl\u0259 (Bak\u0131)\n  <\/li>\n<li>\n    S\u0259bail (Bak\u0131)\n  <\/li>\n<\/ol>\n<p>\n  K\u0259rimlinin bu yanl\u0131\u015f\u0131n\u0131 \u201ctexniki s\u0259hv\u201d kimi q\u0259bul edib, ke\u00e7\u0259k dig\u0259r m\u0259s\u0259l\u0259l\u0259r\u0259.\n<\/p>\n<p>\n  <b><br \/>\n    B\u0259li, futbol el\u0259 Bak\u0131dan ibar\u0259tdir!<br \/>\n  <\/b>\n<\/p>\n<p>\n  Tahir K\u0259rimli indi Az\u0259rbaycan Premyer Liqas\u0131nda \u00e7\u0131x\u0131\u015f ed\u0259n klublar\u0131n \u00e7oxunun Bak\u0131da m\u0259skunla\u015fmas\u0131n\u0131 yada sal\u0131b, \u015fikay\u0259tl\u0259nir, futbol azarke\u015fl\u0259ri, idman m\u0259tbuat\u0131 is\u0259 ill\u0259rdir buna g\u00f6r\u0259 \u00fcsyan edir. Ancaq n\u0259 e\u015fid\u0259n var, n\u0259 g\u00f6r\u0259n. Han\u0131 L\u0259nk\u0259ran\u0131n \u201cX\u0259z\u0259r L\u0259nk\u0259ran\u201d\u0131, \u0130mi\u015flinin \u201cMKT-Araz\u201d\u0131, Yevlax\u0131n \u201cKarvan\u201d\u0131? Hardad\u0131r Tovuzun \u201cTuran\u201d\u0131, G\u0259nc\u0259nin \u201cK\u0259p\u0259z\u201di, Zaqatalan\u0131n \u201cSimurq\u201du? Hara yoxa \u00e7\u0131xd\u0131 Masall\u0131n\u0131n \u201cVil\u0259\u015f\u201di?, \u015e\u0259mkirin \u201c\u015e\u0259mkir\u201di, Qusar\u0131n \u201c\u015eahda\u011f\u201d\u0131? B\u0259s b\u00fct\u00fcn bu klublar da\u011f\u0131d\u0131lark\u0259n, t\u0259msil etdikl\u0259ri rayonlar, \u015f\u0259h\u0259rl\u0259r futbolsuzlu\u011fa m\u0259hkum edil\u0259rk\u0259n Tahir K\u0259rimli v\u0259 onun kimi ba\u015fqa deputatlar harda idil\u0259r? \u0130mi\u015flid\u0259 m\u0259rhum prezident Heyd\u0259r \u018fliyevin ad\u0131n\u0131 da\u015f\u0131yan stadionda indi qoyun-quzu otlay\u0131r. Masall\u0131da Az\u0259rbaycan futbolunun \u0259fsan\u0259si say\u0131lan Anatoli Bani\u015fevskinin ad\u0131 veril\u0259n arena yerl\u0259-yeksan olub, mal-qara otla\u011f\u0131na \u00e7evrilib. B\u00fct\u00fcn bunlar ba\u015f ver\u0259rk\u0259n, Az\u0259rbaycan\u0131n futbol infrastrukturu g\u00f6z g\u00f6r\u0259-g\u00f6r\u0259 da\u011f\u0131d\u0131lark\u0259n deputatlar hara bax\u0131rd\u0131lar? Bu adamlar mill\u0259t v\u0259kili ad\u0131n\u0131 da\u015f\u0131y\u0131r, guya h\u0259r\u0259si bir \u015f\u0259h\u0259rin, rayonun, q\u0259s\u0259b\u0259nin Milli M\u0259clisd\u0259ki s\u0259sidir.\n<\/p>\n<p>\n  \u201c2005-2015-ci ill\u0259rd\u0259 Az\u0259rbaycanda futbolun inki\u015faf\u0131na dair d\u00f6vl\u0259t proqram\u0131\u201d q\u0259bul edilmi\u015fdi. O proqram \u00e7\u0259r\u00e7iv\u0259sind\u0259 \u00f6lk\u0259 futboluna milyardlarla manat pullar axd\u0131. Han\u0131 o proqram\u0131n n\u0259tic\u0259si, xeyri? Futbol \u00fczr\u0259 y\u00fcks\u0259k liqada say\u0131 14 komandadan 8 kluba salmaq? Yoxsa Az\u0259rbaycan milli komandas\u0131n\u0131n son se\u00e7m\u0259 m\u0259rh\u0259l\u0259d\u0259 yer ald\u0131\u011f\u0131 qrupu bir xalla ba\u015fa vurmas\u0131? Proqram \u00e7\u0259r\u00e7iv\u0259sind\u0259 m\u00fcxt\u0259lif nazirl\u0259r, m\u0259murlar vasit\u0259si il\u0259 futbol t\u0259s\u0259rr\u00fcfat\u0131na, klublara ayr\u0131lan \u0259t\u0259k-\u0259t\u0259k pullar\u0131n n\u0259y\u0259, kim\u0259, nec\u0259, n\u0259 \u00fc\u00e7\u00fcn x\u0259rcl\u0259ndiyin\u0259 n\u0259zar\u0259t ed\u0259n olmad\u0131, indi durub Milli M\u0259clisin k\u00fcrs\u00fcs\u00fcnd\u0259n&#8230; H\u0259, arada bizim deputatlar\u0131n avazlar\u0131 yax\u015f\u0131 g\u0259lir, amma oxuduqlar\u0131 \u201cQuran\u201d olsa.\n<\/p>\n<p>\n  <b><br \/>\n    Futbol meydan\u00e7as\u0131ndan h\u0259bsxanaya ged\u0259nl\u0259r<br \/>\n  <\/b>\n<\/p>\n<p>\n  Az\u0259rbaycan Premyer Liqas\u0131n\u0131n \u201cq\u0131s\u0131r\u201d olmas\u0131, h\u0259r m\u00f6vs\u00fcm\u00fcn sonunda n\u0259 birinci diviziona komanda d\u00fc\u015fm\u0259m\u0259si, n\u0259 d\u0259 y\u00fcks\u0259k liqaya klub \u00e7\u0131xmamas\u0131 m\u00f6vzusunun \u00fcz\u0259rind\u0259n s\u00fckutla ke\u00e7\u0259k. Bu, el\u0259 bir d\u0259rddir ki, saatlarla, g\u00fcnl\u0259rl\u0259 dan\u0131\u015fsan, bitm\u0259z. D\u00fcnya futbolunda bu c\u00fcr \u0259caib praktika y\u0259qin ki, t\u0259kc\u0259 Az\u0259rbaycan futbolunda var.\n<\/p>\n<p>\n  Tahir K\u0259rimli Premyer Liqadak\u0131 klublar\u0131n \u00e7oxunun SOCAR-dan maliyy\u0259l\u0259\u015fdiyin\u0259, ba\u015fqa b\u00f6y\u00fck \u015firk\u0259tl\u0259rin futbola yax\u0131n durmamas\u0131na da toxunub.\n<\/p>\n<p>\n  Bir vaxtlar Az\u0259rbaycan Premyer Liqas\u0131nda 14 klub m\u00fcbariz\u0259 apar\u0131rd\u0131 v\u0259 h\u0259min komandalar\u0131n \u0259ks\u0259riyy\u0259ti m\u00fcxt\u0259lif \u015f\u0259xsl\u0259r, \u015firk\u0259tl\u0259r, banklar t\u0259r\u0259find\u0259n maliyy\u0259l\u0259\u015fdirilirdi. M\u0259s\u0259l\u0259n, \u201c\u0130nter\u201d klubu (indi \u201cKe\u015fl\u0259\u201d olub) var idi. Sponsoru da \u201cAz\u0259rbaycan Beyn\u0259lxalq Bank\u0131\u201d idi. O bank\u0131n da idar\u0259 hey\u0259tinin s\u0259dri Cahangir Hac\u0131yev idi. Hac\u0131yev hardad\u0131r? Odur ey, h\u0259bsxanada. \u201cX\u0259z\u0259r L\u0259nk\u0259ran\u201d\u0131n yarad\u0131c\u0131s\u0131, f\u0259xri prezidenti M\u00fcbariz M\u0259nsimov hardad\u0131r? O da d\u0259mir barmaql\u0131qlar aras\u0131nda. Zaqatalan\u0131n \u201cSimurq\u201d klubunun prezidenti olmu\u015f Anar B\u0259kirov? O da h\u0259bsd\u0259. \u201cBak\u0131\u201dn\u0131n prezidenti olmu\u015f Hafiz M\u0259mm\u0259dovu soru\u015fsaz, h\u0259bsd\u0259n birt\u0259h\u0259r can\u0131n\u0131 qurtard\u0131. Bir deyil, iki deyil&#8230; Sanki Az\u0259rbaycanda h\u0259bsxanaya ged\u0259n yollardan biri d\u0259 futbol meydan\u00e7as\u0131ndan ke\u00e7ir. H\u0259, futbola d\u00f6vl\u0259t t\u0259r\u0259find\u0259n hans\u0131sa \u015f\u0259kild\u0259 ayr\u0131lan pullar\u0131n \u201cistifad\u0259\u201dsind\u0259n sonra yolu ya h\u0259bsxanaya, ya da m\u00fcflisl\u0259\u015fm\u0259y\u0259 \u00e7\u0131xanlar\u0131n ard\u0131ndan meydan bo\u015f qald\u0131. Meydan bo\u015f qal\u0131nca da SOCAR el\u0259m\u0259di t\u0259nb\u0259llik, b\u00fct\u00fcn klublara \u00f6z\u00fc sponsorluq etm\u0259y\u0259 ba\u015flad\u0131. T\u0259kc\u0259 Premyer Liqa deyil ki, birinci divizionda b\u00fct\u00fcn komandalar SOCAR-dan maliyy\u0259l\u0259\u015fir. V\u0259 bu, d\u00fcnya futbolunun \u0259n komik, \u0259n m\u0259z\u0259li \u0259hvalatlar\u0131ndan biridir. Futbolda bir ne\u00e7\u0259 klubun eyni maliyy\u0259 qayna\u011f\u0131ndan maliyy\u0259l\u0259\u015fm\u0259si qada\u011fand\u0131r, yolverilm\u0259zdir! \u0130n\u015fallah ki, Tahir K\u0259rimlinin s\u0259si gedib F\u0130FA-ya, UEFA-ya q\u0259d\u0259r \u00e7atar, AFFA b\u00fct\u00fcn bu qanun, qayda pozuntular\u0131na g\u00f6r\u0259 cavab verm\u0259li olar.\n<\/p>\n<p>\n  <b><br \/>\n    Yas i\u00e7ind\u0259 azarke\u015f<br \/>\n  <\/b>\n<\/p>\n<p>\n  B\u00f6y\u00fck \u015firk\u0259tl\u0259rin Az\u0259rbaycanda futbola sponsorluq etm\u0259si n\u00fcmun\u0259si olub v\u0259 yazd\u0131\u011f\u0131m\u0131z kimi, sahibl\u0259rinin, r\u0259hb\u0259rl\u0259rinin \u00e7oxunun yolu sonradan h\u0259bsxanaya d\u00fc\u015f\u00fcb. Az\u0259rbaycanl\u0131 mill\u0259t v\u0259kill\u0259ri bu fakt\u0131 g\u00f6rm\u0259zd\u0259n g\u0259lirl\u0259rs\u0259, bu, art\u0131q onlar\u0131n problemidir. Orta, ki\u00e7ik \u015firk\u0259tl\u0259rl\u0259, sahibkarlarla ba\u011fl\u0131 da unutmad\u0131\u011f\u0131m\u0131z \u00e7ox \u015fey var. Ke\u00e7mi\u015f Milli T\u0259hl\u00fck\u0259sizlik Nazirliyinin naziri Eldar Mahmudovun, onun k\u00f6m\u0259k\u00e7il\u0259rind\u0259n Akif \u00c7ovdarovun sahibkarlar\u0131n ba\u015flar\u0131na n\u0259 oyunlar a\u00e7d\u0131\u011f\u0131 yax\u0131n tarixd\u0259 olanlard\u0131r. Hans\u0131sa \u015firk\u0259t\u0259, sahibkara kim z\u0259man\u0259t ver\u0259c\u0259k ki, get, futbola yat\u0131r\u0131m et, sonra h\u0259bs olunmayacaqsan (haql\u0131, ya da haqs\u0131z yer\u0259, bu, art\u0131q ba\u015fqa m\u00f6vzudur)? H\u0259r \u015fey bir yana, Az\u0259rbaycanda k\u00f6nl\u00fcn\u00fc futbola ver\u0259n azarke\u015fl\u0259r\u0259 kim z\u0259man\u0259t ver\u0259 bil\u0259r ki, bu g\u00fcn azarke\u015flik etdiyin komanda sabah yox olmayacaq? Az\u0259rbaycanda hans\u0131sa kluba azarke\u015flik edib, bir m\u00fcdd\u0259t sonra o kluba yas tutanlar\u0131n say\u0131 hesab\u0131-hesab\u0131 yoxdur. Bu \u00f6lk\u0259nin futbolu klub m\u0259zarl\u0131\u011f\u0131ndan v\u0259 h\u0259min m\u0259zarl\u0131qda yatan klublara yas tutan azarke\u015fl\u0259rd\u0259n ibar\u0259tdir! A\u011fla, futbolum, a\u011fla&#8230;<\/p>\n","protected":false},"excerpt":{"rendered":"<p>Bir vaxtlar Az\u0259rbaycan Premyer Liqas\u0131nda 14 klub m\u00fcbariz\u0259 apar\u0131rd\u0131 v\u0259 h\u0259min komandalar\u0131n \u0259ks\u0259riyy\u0259ti m\u00fcxt\u0259lif \u015f\u0259xsl\u0259r, \u015firk\u0259tl\u0259r, banklar t\u0259r\u0259find\u0259n maliyy\u0259l\u0259\u015fdirilirdi.<\/p>\n","protected":false},"author":11,"featured_media":156828,"comment_status":"closed","ping_status":"open","sticky":false,"template":"","format":"standard","meta":{"_acf_changed":false,"_sitemap_exclude":false,"_sitemap_priority":"","_sitemap_frequency":"","footnotes":""},"categories":[51],"tags":[],"class_list":["post-205099","post","type-post","status-publish","format-standard","has-post-thumbnail","hentry","category-analitika","infinite-scroll-item","generate-columns","tablet-grid-50","mobile-grid-100","grid-parent","grid-33","no-featured-image-padding"],"acf":[],"yoast_head":"<!-- This site is optimized with the Yoast SEO plugin v27.4 - https:\/\/yoast.com\/product\/yoast-seo-wordpress\/ -->\n<title>Y\u0259qin Tahir K\u0259rimlinin s\u0259si gedib F\u0130FA-ya, UEFA-ya q\u0259d\u0259r \u00e7atar - MEYDAN.TV<\/title>\n<meta name=\"robots\" content=\"index, follow, max-snippet:-1, max-image-preview:large, max-video-preview:-1\" \/>\n<link rel=\"canonical\" href=\"https:\/\/www.meydan.tv\/az\/article\/yeqin-tahir-kerimlinin-sesi-gedib-fifa-ya-uefa-ya-qeder-catar\/\" \/>\n<meta property=\"og:locale\" content=\"az_AZ\" \/>\n<meta property=\"og:type\" content=\"article\" \/>\n<meta property=\"og:title\" content=\"Y\u0259qin Tahir K\u0259rimlinin s\u0259si gedib F\u0130FA-ya, UEFA-ya q\u0259d\u0259r \u00e7atar - MEYDAN.TV\" \/>\n<meta property=\"og:description\" content=\"Bir vaxtlar Az\u0259rbaycan Premyer Liqas\u0131nda 14 klub m\u00fcbariz\u0259 apar\u0131rd\u0131 v\u0259 h\u0259min komandalar\u0131n \u0259ks\u0259riyy\u0259ti m\u00fcxt\u0259lif \u015f\u0259xsl\u0259r, \u015firk\u0259tl\u0259r, banklar t\u0259r\u0259find\u0259n maliyy\u0259l\u0259\u015fdirilirdi.\" \/>\n<meta property=\"og:url\" content=\"https:\/\/www.meydan.tv\/az\/article\/yeqin-tahir-kerimlinin-sesi-gedib-fifa-ya-uefa-ya-qeder-catar\/\" \/>\n<meta property=\"og:site_name\" content=\"MEYDAN.TV\" \/>\n<meta property=\"article:published_time\" content=\"2021-02-23T13:59:06+00:00\" \/>\n<meta property=\"og:image\" content=\"https:\/\/www.meydan.tv\/wp-content\/uploads\/img_6781_bfpxxyk-scaled.jpg\" \/>\n\t<meta property=\"og:image:width\" content=\"2560\" \/>\n\t<meta property=\"og:image:height\" content=\"1440\" \/>\n\t<meta property=\"og:image:type\" content=\"image\/jpeg\" \/>\n<meta name=\"author\" content=\"user-manager\" \/>\n<meta name=\"twitter:card\" content=\"summary_large_image\" \/>\n<script type=\"application\/ld+json\" class=\"yoast-schema-graph\">{\"@context\":\"https:\\\/\\\/schema.org\",\"@graph\":[{\"@type\":\"Article\",\"@id\":\"https:\\\/\\\/www.meydan.tv\\\/az\\\/article\\\/yeqin-tahir-kerimlinin-sesi-gedib-fifa-ya-uefa-ya-qeder-catar\\\/#article\",\"isPartOf\":{\"@id\":\"https:\\\/\\\/www.meydan.tv\\\/az\\\/article\\\/yeqin-tahir-kerimlinin-sesi-gedib-fifa-ya-uefa-ya-qeder-catar\\\/\"},\"author\":{\"name\":\"user-manager\",\"@id\":\"https:\\\/\\\/www.meydan.tv\\\/az\\\/#\\\/schema\\\/person\\\/10d11eccf6da3662cf5fdab9806ea91a\"},\"headline\":\"Y\u0259qin Tahir K\u0259rimlinin s\u0259si gedib F\u0130FA-ya, UEFA-ya q\u0259d\u0259r \u00e7atar\",\"datePublished\":\"2021-02-23T13:59:06+00:00\",\"mainEntityOfPage\":{\"@id\":\"https:\\\/\\\/www.meydan.tv\\\/az\\\/article\\\/yeqin-tahir-kerimlinin-sesi-gedib-fifa-ya-uefa-ya-qeder-catar\\\/\"},\"wordCount\":1428,\"publisher\":{\"@id\":\"https:\\\/\\\/www.meydan.tv\\\/az\\\/#organization\"},\"image\":{\"@id\":\"https:\\\/\\\/www.meydan.tv\\\/az\\\/article\\\/yeqin-tahir-kerimlinin-sesi-gedib-fifa-ya-uefa-ya-qeder-catar\\\/#primaryimage\"},\"thumbnailUrl\":\"https:\\\/\\\/www.meydan.tv\\\/wp-content\\\/uploads\\\/img_6781_bfpxxyk-scaled.jpg\",\"articleSection\":[\"Analitika\"],\"inLanguage\":\"az\"},{\"@type\":\"WebPage\",\"@id\":\"https:\\\/\\\/www.meydan.tv\\\/az\\\/article\\\/yeqin-tahir-kerimlinin-sesi-gedib-fifa-ya-uefa-ya-qeder-catar\\\/\",\"url\":\"https:\\\/\\\/www.meydan.tv\\\/az\\\/article\\\/yeqin-tahir-kerimlinin-sesi-gedib-fifa-ya-uefa-ya-qeder-catar\\\/\",\"name\":\"Y\u0259qin Tahir K\u0259rimlinin s\u0259si gedib F\u0130FA-ya, UEFA-ya q\u0259d\u0259r \u00e7atar - MEYDAN.TV\",\"isPartOf\":{\"@id\":\"https:\\\/\\\/www.meydan.tv\\\/az\\\/#website\"},\"primaryImageOfPage\":{\"@id\":\"https:\\\/\\\/www.meydan.tv\\\/az\\\/article\\\/yeqin-tahir-kerimlinin-sesi-gedib-fifa-ya-uefa-ya-qeder-catar\\\/#primaryimage\"},\"image\":{\"@id\":\"https:\\\/\\\/www.meydan.tv\\\/az\\\/article\\\/yeqin-tahir-kerimlinin-sesi-gedib-fifa-ya-uefa-ya-qeder-catar\\\/#primaryimage\"},\"thumbnailUrl\":\"https:\\\/\\\/www.meydan.tv\\\/wp-content\\\/uploads\\\/img_6781_bfpxxyk-scaled.jpg\",\"datePublished\":\"2021-02-23T13:59:06+00:00\",\"breadcrumb\":{\"@id\":\"https:\\\/\\\/www.meydan.tv\\\/az\\\/article\\\/yeqin-tahir-kerimlinin-sesi-gedib-fifa-ya-uefa-ya-qeder-catar\\\/#breadcrumb\"},\"inLanguage\":\"az\",\"potentialAction\":[{\"@type\":\"ReadAction\",\"target\":[\"https:\\\/\\\/www.meydan.tv\\\/az\\\/article\\\/yeqin-tahir-kerimlinin-sesi-gedib-fifa-ya-uefa-ya-qeder-catar\\\/\"]}]},{\"@type\":\"ImageObject\",\"inLanguage\":\"az\",\"@id\":\"https:\\\/\\\/www.meydan.tv\\\/az\\\/article\\\/yeqin-tahir-kerimlinin-sesi-gedib-fifa-ya-uefa-ya-qeder-catar\\\/#primaryimage\",\"url\":\"https:\\\/\\\/www.meydan.tv\\\/wp-content\\\/uploads\\\/img_6781_bfpxxyk-scaled.jpg\",\"contentUrl\":\"https:\\\/\\\/www.meydan.tv\\\/wp-content\\\/uploads\\\/img_6781_bfpxxyk-scaled.jpg\",\"width\":2560,\"height\":1440,\"caption\":\"Source: Meydan TV\"},{\"@type\":\"BreadcrumbList\",\"@id\":\"https:\\\/\\\/www.meydan.tv\\\/az\\\/article\\\/yeqin-tahir-kerimlinin-sesi-gedib-fifa-ya-uefa-ya-qeder-catar\\\/#breadcrumb\",\"itemListElement\":[{\"@type\":\"ListItem\",\"position\":1,\"name\":\"Ana s\u0259hif\u0259\",\"item\":\"https:\\\/\\\/www.meydan.tv\\\/az\\\/\"},{\"@type\":\"ListItem\",\"position\":2,\"name\":\"Analitika\",\"item\":\"https:\\\/\\\/www.meydan.tv\\\/az\\\/section\\\/analitika\\\/\"},{\"@type\":\"ListItem\",\"position\":3,\"name\":\"Y\u0259qin Tahir K\u0259rimlinin s\u0259si gedib F\u0130FA-ya, UEFA-ya q\u0259d\u0259r \u00e7atar\"}]},{\"@type\":\"WebSite\",\"@id\":\"https:\\\/\\\/www.meydan.tv\\\/az\\\/#website\",\"url\":\"https:\\\/\\\/www.meydan.tv\\\/az\\\/\",\"name\":\"MEYDAN.TV\",\"description\":\"Meydan TV Az\u0259rbaycan\u0131n media m\u0259kan\u0131ndak\u0131 alternativ s\u0259sidir\",\"publisher\":{\"@id\":\"https:\\\/\\\/www.meydan.tv\\\/az\\\/#organization\"},\"potentialAction\":[{\"@type\":\"SearchAction\",\"target\":{\"@type\":\"EntryPoint\",\"urlTemplate\":\"https:\\\/\\\/www.meydan.tv\\\/az\\\/?s={search_term_string}\"},\"query-input\":{\"@type\":\"PropertyValueSpecification\",\"valueRequired\":true,\"valueName\":\"search_term_string\"}}],\"inLanguage\":\"az\"},{\"@type\":\"Organization\",\"@id\":\"https:\\\/\\\/www.meydan.tv\\\/az\\\/#organization\",\"name\":\"Meydan TV\",\"url\":\"https:\\\/\\\/www.meydan.tv\\\/az\\\/\",\"logo\":{\"@type\":\"ImageObject\",\"inLanguage\":\"az\",\"@id\":\"https:\\\/\\\/www.meydan.tv\\\/az\\\/#\\\/schema\\\/logo\\\/image\\\/\",\"url\":\"https:\\\/\\\/www.meydan.tv\\\/wp-content\\\/uploads\\\/2021\\\/07\\\/meydan-logo.svg\",\"contentUrl\":\"https:\\\/\\\/www.meydan.tv\\\/wp-content\\\/uploads\\\/2021\\\/07\\\/meydan-logo.svg\",\"width\":195,\"height\":46,\"caption\":\"Meydan TV\"},\"image\":{\"@id\":\"https:\\\/\\\/www.meydan.tv\\\/az\\\/#\\\/schema\\\/logo\\\/image\\\/\"}},{\"@type\":\"Person\",\"@id\":\"https:\\\/\\\/www.meydan.tv\\\/az\\\/#\\\/schema\\\/person\\\/10d11eccf6da3662cf5fdab9806ea91a\",\"name\":\"user-manager\"}]}<\/script>\n<!-- \/ Yoast SEO plugin. -->","yoast_head_json":{"title":"Y\u0259qin Tahir K\u0259rimlinin s\u0259si gedib F\u0130FA-ya, UEFA-ya q\u0259d\u0259r \u00e7atar - MEYDAN.TV","robots":{"index":"index","follow":"follow","max-snippet":"max-snippet:-1","max-image-preview":"max-image-preview:large","max-video-preview":"max-video-preview:-1"},"canonical":"https:\/\/www.meydan.tv\/az\/article\/yeqin-tahir-kerimlinin-sesi-gedib-fifa-ya-uefa-ya-qeder-catar\/","og_locale":"az_AZ","og_type":"article","og_title":"Y\u0259qin Tahir K\u0259rimlinin s\u0259si gedib F\u0130FA-ya, UEFA-ya q\u0259d\u0259r \u00e7atar - MEYDAN.TV","og_description":"Bir vaxtlar Az\u0259rbaycan Premyer Liqas\u0131nda 14 klub m\u00fcbariz\u0259 apar\u0131rd\u0131 v\u0259 h\u0259min komandalar\u0131n \u0259ks\u0259riyy\u0259ti m\u00fcxt\u0259lif \u015f\u0259xsl\u0259r, \u015firk\u0259tl\u0259r, banklar t\u0259r\u0259find\u0259n maliyy\u0259l\u0259\u015fdirilirdi.","og_url":"https:\/\/www.meydan.tv\/az\/article\/yeqin-tahir-kerimlinin-sesi-gedib-fifa-ya-uefa-ya-qeder-catar\/","og_site_name":"MEYDAN.TV","article_published_time":"2021-02-23T13:59:06+00:00","og_image":[{"width":2560,"height":1440,"url":"https:\/\/www.meydan.tv\/wp-content\/uploads\/img_6781_bfpxxyk-scaled.jpg","type":"image\/jpeg"}],"author":"user-manager","twitter_card":"summary_large_image","schema":{"@context":"https:\/\/schema.org","@graph":[{"@type":"Article","@id":"https:\/\/www.meydan.tv\/az\/article\/yeqin-tahir-kerimlinin-sesi-gedib-fifa-ya-uefa-ya-qeder-catar\/#article","isPartOf":{"@id":"https:\/\/www.meydan.tv\/az\/article\/yeqin-tahir-kerimlinin-sesi-gedib-fifa-ya-uefa-ya-qeder-catar\/"},"author":{"name":"user-manager","@id":"https:\/\/www.meydan.tv\/az\/#\/schema\/person\/10d11eccf6da3662cf5fdab9806ea91a"},"headline":"Y\u0259qin Tahir K\u0259rimlinin s\u0259si gedib F\u0130FA-ya, UEFA-ya q\u0259d\u0259r \u00e7atar","datePublished":"2021-02-23T13:59:06+00:00","mainEntityOfPage":{"@id":"https:\/\/www.meydan.tv\/az\/article\/yeqin-tahir-kerimlinin-sesi-gedib-fifa-ya-uefa-ya-qeder-catar\/"},"wordCount":1428,"publisher":{"@id":"https:\/\/www.meydan.tv\/az\/#organization"},"image":{"@id":"https:\/\/www.meydan.tv\/az\/article\/yeqin-tahir-kerimlinin-sesi-gedib-fifa-ya-uefa-ya-qeder-catar\/#primaryimage"},"thumbnailUrl":"https:\/\/www.meydan.tv\/wp-content\/uploads\/img_6781_bfpxxyk-scaled.jpg","articleSection":["Analitika"],"inLanguage":"az"},{"@type":"WebPage","@id":"https:\/\/www.meydan.tv\/az\/article\/yeqin-tahir-kerimlinin-sesi-gedib-fifa-ya-uefa-ya-qeder-catar\/","url":"https:\/\/www.meydan.tv\/az\/article\/yeqin-tahir-kerimlinin-sesi-gedib-fifa-ya-uefa-ya-qeder-catar\/","name":"Y\u0259qin Tahir K\u0259rimlinin s\u0259si gedib F\u0130FA-ya, UEFA-ya q\u0259d\u0259r \u00e7atar - MEYDAN.TV","isPartOf":{"@id":"https:\/\/www.meydan.tv\/az\/#website"},"primaryImageOfPage":{"@id":"https:\/\/www.meydan.tv\/az\/article\/yeqin-tahir-kerimlinin-sesi-gedib-fifa-ya-uefa-ya-qeder-catar\/#primaryimage"},"image":{"@id":"https:\/\/www.meydan.tv\/az\/article\/yeqin-tahir-kerimlinin-sesi-gedib-fifa-ya-uefa-ya-qeder-catar\/#primaryimage"},"thumbnailUrl":"https:\/\/www.meydan.tv\/wp-content\/uploads\/img_6781_bfpxxyk-scaled.jpg","datePublished":"2021-02-23T13:59:06+00:00","breadcrumb":{"@id":"https:\/\/www.meydan.tv\/az\/article\/yeqin-tahir-kerimlinin-sesi-gedib-fifa-ya-uefa-ya-qeder-catar\/#breadcrumb"},"inLanguage":"az","potentialAction":[{"@type":"ReadAction","target":["https:\/\/www.meydan.tv\/az\/article\/yeqin-tahir-kerimlinin-sesi-gedib-fifa-ya-uefa-ya-qeder-catar\/"]}]},{"@type":"ImageObject","inLanguage":"az","@id":"https:\/\/www.meydan.tv\/az\/article\/yeqin-tahir-kerimlinin-sesi-gedib-fifa-ya-uefa-ya-qeder-catar\/#primaryimage","url":"https:\/\/www.meydan.tv\/wp-content\/uploads\/img_6781_bfpxxyk-scaled.jpg","contentUrl":"https:\/\/www.meydan.tv\/wp-content\/uploads\/img_6781_bfpxxyk-scaled.jpg","width":2560,"height":1440,"caption":"Source: Meydan TV"},{"@type":"BreadcrumbList","@id":"https:\/\/www.meydan.tv\/az\/article\/yeqin-tahir-kerimlinin-sesi-gedib-fifa-ya-uefa-ya-qeder-catar\/#breadcrumb","itemListElement":[{"@type":"ListItem","position":1,"name":"Ana s\u0259hif\u0259","item":"https:\/\/www.meydan.tv\/az\/"},{"@type":"ListItem","position":2,"name":"Analitika","item":"https:\/\/www.meydan.tv\/az\/section\/analitika\/"},{"@type":"ListItem","position":3,"name":"Y\u0259qin Tahir K\u0259rimlinin s\u0259si gedib F\u0130FA-ya, UEFA-ya q\u0259d\u0259r \u00e7atar"}]},{"@type":"WebSite","@id":"https:\/\/www.meydan.tv\/az\/#website","url":"https:\/\/www.meydan.tv\/az\/","name":"MEYDAN.TV","description":"Meydan TV Az\u0259rbaycan\u0131n media m\u0259kan\u0131ndak\u0131 alternativ s\u0259sidir","publisher":{"@id":"https:\/\/www.meydan.tv\/az\/#organization"},"potentialAction":[{"@type":"SearchAction","target":{"@type":"EntryPoint","urlTemplate":"https:\/\/www.meydan.tv\/az\/?s={search_term_string}"},"query-input":{"@type":"PropertyValueSpecification","valueRequired":true,"valueName":"search_term_string"}}],"inLanguage":"az"},{"@type":"Organization","@id":"https:\/\/www.meydan.tv\/az\/#organization","name":"Meydan TV","url":"https:\/\/www.meydan.tv\/az\/","logo":{"@type":"ImageObject","inLanguage":"az","@id":"https:\/\/www.meydan.tv\/az\/#\/schema\/logo\/image\/","url":"https:\/\/www.meydan.tv\/wp-content\/uploads\/2021\/07\/meydan-logo.svg","contentUrl":"https:\/\/www.meydan.tv\/wp-content\/uploads\/2021\/07\/meydan-logo.svg","width":195,"height":46,"caption":"Meydan TV"},"image":{"@id":"https:\/\/www.meydan.tv\/az\/#\/schema\/logo\/image\/"}},{"@type":"Person","@id":"https:\/\/www.meydan.tv\/az\/#\/schema\/person\/10d11eccf6da3662cf5fdab9806ea91a","name":"user-manager"}]}},"_links":{"self":[{"href":"https:\/\/www.meydan.tv\/az\/wp-json\/wp\/v2\/posts\/205099","targetHints":{"allow":["GET"]}}],"collection":[{"href":"https:\/\/www.meydan.tv\/az\/wp-json\/wp\/v2\/posts"}],"about":[{"href":"https:\/\/www.meydan.tv\/az\/wp-json\/wp\/v2\/types\/post"}],"author":[{"embeddable":true,"href":"https:\/\/www.meydan.tv\/az\/wp-json\/wp\/v2\/users\/11"}],"replies":[{"embeddable":true,"href":"https:\/\/www.meydan.tv\/az\/wp-json\/wp\/v2\/comments?post=205099"}],"version-history":[{"count":0,"href":"https:\/\/www.meydan.tv\/az\/wp-json\/wp\/v2\/posts\/205099\/revisions"}],"wp:featuredmedia":[{"embeddable":true,"href":"https:\/\/www.meydan.tv\/az\/wp-json\/wp\/v2\/media\/156828"}],"wp:attachment":[{"href":"https:\/\/www.meydan.tv\/az\/wp-json\/wp\/v2\/media?parent=205099"}],"wp:term":[{"taxonomy":"category","embeddable":true,"href":"https:\/\/www.meydan.tv\/az\/wp-json\/wp\/v2\/categories?post=205099"},{"taxonomy":"post_tag","embeddable":true,"href":"https:\/\/www.meydan.tv\/az\/wp-json\/wp\/v2\/tags?post=205099"}],"curies":[{"name":"wp","href":"https:\/\/api.w.org\/{rel}","templated":true}]}}