{"id":205098,"date":"2021-02-23T13:50:23","date_gmt":"2021-02-23T13:50:23","guid":{"rendered":"https:\/\/www.meydan.tv\/article\/muharibe-baslayanda-elimizden-alib-apardiqlari-usaqlari-biz-rutubetli-seraitsiz-yerde-boyuduruk\/"},"modified":"2021-02-23T13:50:23","modified_gmt":"2021-02-23T13:50:23","slug":"muharibe-baslayanda-elimizden-alib-apardiqlari-usaqlari-biz-rutubetli-seraitsiz-yerde-boyuduruk","status":"publish","type":"post","link":"https:\/\/www.meydan.tv\/az\/article\/muharibe-baslayanda-elimizden-alib-apardiqlari-usaqlari-biz-rutubetli-seraitsiz-yerde-boyuduruk\/","title":{"rendered":"\u201cM\u00fcharib\u0259 ba\u015flayanda \u0259limizd\u0259n al\u0131b apard\u0131qlar\u0131 u\u015faqlar\u0131 biz r\u00fctub\u0259tli, \u015f\u0259raitsiz yerd\u0259 b\u00f6y\u00fcd\u00fcr\u00fck\u201d"},"content":{"rendered":"<p>\n  <i><br \/>\n    Ming\u0259\u00e7evir sakinl\u0259ri ya\u015fad\u0131qlar\u0131 yataqxanan\u0131n \u015f\u0259raitsizliyind\u0259n gileylidir<br \/>\n  <\/i>\n<\/p>\n<p>\n  \u201cDeyirl\u0259r, maska tax\u0131n, virusdan qorunun, ancaq he\u00e7 bir m\u0259muru y\u00fczl\u0259rl\u0259 insan\u0131n bu q\u0259zal\u0131 binadak\u0131 antisanitariya \u015f\u0259raitind\u0259 ya\u015fay\u0131\u015f\u0131 narahat etmir. \u0130ll\u0259rdir ki, bu binan\u0131n d\u0259hlizl\u0259rind\u0259 aya\u011f\u0131m\u0131z\u0131n alt\u0131ndan si\u00e7ovullar qa\u00e7\u0131\u015f\u0131r, n\u0259mi\u015flik, r\u00fctub\u0259t, havas\u0131zl\u0131q s\u0259b\u0259bind\u0259n sa\u011flaml\u0131\u011f\u0131m\u0131z \u0259ld\u0259n gedir, y\u00fczl\u0259rl\u0259 insan\u0131n \u00fcmumi istifad\u0259sind\u0259 olan hamam, tualet, m\u0259tb\u0259x x\u0259st\u0259lik m\u0259nb\u0259yidir. Birc\u0259 d\u0259f\u0259 d\u0259 olsun qap\u0131m\u0131z\u0131 h\u00f6kum\u0259t n\u00fcmay\u0259nd\u0259si a\u00e7m\u0131r, hal\u0131m\u0131zla, ya\u015fay\u0131\u015f\u0131m\u0131zla maraqlanm\u0131r\u201d.\n<\/p>\n<p>\n  Bunu Meydan TV-y\u0259 Ming\u0259\u00e7evir \u015f\u0259h\u0259ri, Heyd\u0259r \u018fliyev prospekti, 82\/24 \u00fcnvanda yerl\u0259\u015f\u0259n binan\u0131n sakinl\u0259ri deyir.\n<\/p>\n<p>\n  4 m\u0259rt\u0259b\u0259li bina \u0259vv\u0259ll\u0259r Ming\u0259\u00e7evird\u0259ki Tekstil Fabrikinin yataqxanas\u0131 olub. Sovet vaxt\u0131 yataqxanadak\u0131 otaqlar ya\u015famaq \u00fc\u00e7\u00fcn fabrikin i\u015f\u00e7il\u0259rin\u0259 verilib. SSR\u0130 da\u011f\u0131landan v\u0259 fabrik f\u0259aliyy\u0259tini dayand\u0131randan sonra burada ya\u015fayan ke\u00e7mi\u015f i\u015f\u00e7il\u0259r otaqlar\u0131 r\u0259sm\u0259n \u00f6z\u0259ll\u0259\u015fdiribl\u0259r.\n<\/p>\n<p>\n  Sakinl\u0259rin s\u00f6zl\u0259rin\u0259 g\u00f6r\u0259, t\u0259xmin\u0259n 65 il \u0259vv\u0259l istismara verilmi\u015f bina q\u0259zal\u0131 v\u0259ziyy\u0259td\u0259dir. \u0130\u015f\u0131q, su, kanalizasiya x\u0259tl\u0259ri tamamil\u0259 s\u0131radan \u00e7\u0131x\u0131b, m\u0259rt\u0259b\u0259l\u0259raras\u0131 pill\u0259k\u0259nl\u0259r da\u011f\u0131l\u0131b.\n<\/p>\n<p>\n  <b><br \/>\n    \u201cH\u0259rd\u0259n yan\u011f\u0131n olur, \u00e7\u00f6ld\u0259 gec\u0259l\u0259yirik\u201d<br \/>\n  <\/b>\n<\/p>\n<p>\n  \u201cH\u0259r m\u0259rt\u0259b\u0259d\u0259 23-24 ail\u0259 ya\u015fay\u0131r. H\u0259r ail\u0259nin birc\u0259 ota\u011fl var, ail\u0259 \u00fczvl\u0259rinin say\u0131 4 n\u0259f\u0259rd\u0259n 6-7 n\u0259f\u0259r\u0259d\u0259kdir. H\u0259r m\u0259rt\u0259b\u0259d\u0259 tualet var, h\u0259r tualetin \u00e7irkab suyu alt m\u0259rt\u0259b\u0259d\u0259ki tualetin tavan\u0131ndan ba\u015f\u0131m\u0131za ax\u0131r, ona g\u00f6r\u0259 d\u0259 tualetd\u0259n istifad\u0259 ed\u0259nd\u0259n sonra g\u0259r\u0259k gedib yuyunasan, ancaq ona da imkan yoxdur, \u00e7\u00fcnki h\u0259r m\u0259rt\u0259b\u0259d\u0259ki hamam otaqlar\u0131 da \u00e7irkab su i\u00e7ind\u0259dir. \u0130\u015f\u0131q x\u0259tl\u0259ri sarma\u015f\u0131q kimi bir-birin\u0259 el\u0259 dola\u015f\u0131b ki&#8230; Binada qaz yoxdur dey\u0259, soyuqlar d\u00fc\u015f\u0259nd\u0259 ham\u0131 elektrik cihazlar\u0131ndan istifad\u0259 edir. Q\u0259zal\u0131 x\u0259tl\u0259rd\u0259 q\u0131saqapanmalar ba\u015f verir, bu da yan\u011f\u0131na s\u0259b\u0259b olur. \u0130ndiy\u0259d\u0259k binada bir ne\u00e7\u0259 d\u0259f\u0259 yan\u011f\u0131n olub, onlarla insan q\u0131\u015f\u0131n soyu\u011funda \u00e7\u00f6ld\u0259 gec\u0259m\u0259li olub\u201d, &#8211; sakinl\u0259r deyir.\n<\/p>\n<figure class=\"wp-block-image size-large\">\n  <img decoding=\"async\" src=\"https:\/\/www.meydan.tv\/az\/untitled-design-2-png-33\/\" alt=\"Untitled design (2).png\" class=\"wp-image-156825\"\/><figcaption>\n    Sakinl\u0259rin s\u00f6zl\u0259rin\u0259 g\u00f6r\u0259, t\u0259xmin\u0259n 65 il \u0259vv\u0259l istismara verilmi\u015f bina q\u0259zal\u0131 v\u0259ziyy\u0259td\u0259dir<br \/>\n  <\/figcaption><\/figure>\n<p>\n  <b><br \/>\n    \u201c35 ildir ki, m\u0259cburiyy\u0259td\u0259n burda ya\u015fay\u0131r\u0131q\u201d<br \/>\n  <\/b>\n<\/p>\n<p>\n  Ayt\u0259n \u015e\u0131x\u0259liyevan\u0131n \u00f6hd\u0259sind\u0259 azya\u015fl\u0131 u\u015faqlar var. Onlardan biri xroniki x\u0259st\u0259likd\u0259n \u0259ziyy\u0259t \u00e7\u0259kir. Ayt\u0259n xan\u0131m deyir, binada azca imkan\u0131 olan say\u011fac\u0131n\u0131 ay\u0131r\u0131b, ancaq onun kimi imkans\u0131z ail\u0259l\u0259r h\u0259l\u0259 d\u0259 \u00fcmumi say\u011facdan istifad\u0259 edir ki, bu da s\u0259rf\u0259li deyil:\n<\/p>\n<p>\n  \u201cOta\u011f\u0131m\u0131n i\u015f\u0131q say\u011fac\u0131 ya\u015fad\u0131\u011f\u0131m m\u0259rt\u0259b\u0259d\u0259ki hamam, tualetl\u0259 eynidir, orda da gec\u0259-g\u00fcnd\u00fcz i\u015f\u0131q yan\u0131r. Pul y\u00fckl\u0259yir\u0259m, iki g\u00fcnd\u0259n sonra bax\u0131ram ki, say\u011facda pul qalmay\u0131b. Gedir\u0259m, xahi\u015f edir\u0259m ki, g\u0259lib ota\u011f\u0131m\u0131n say\u011fac\u0131n\u0131 ay\u0131rs\u0131nlar, ayr\u0131ca say\u011fac qura\u015fd\u0131rs\u0131nlar, pul ist\u0259yirl\u0259r. 35 ildir ki, imkans\u0131zl\u0131qdan, m\u0259cburiyy\u0259td\u0259n bu \u015f\u0259raitd\u0259 ya\u015fay\u0131r\u0131q. Balaca, r\u00fctub\u0259tli bir otaqda 5 n\u0259f\u0259rlik ail\u0259ni d\u00fc\u015f\u00fcn\u00fcn&#8230; U\u015faqlar b\u00f6y\u00fcy\u00fcr, yatma\u011fa yer tapm\u0131r\u0131q. Azya\u015fl\u0131 \u00f6vlad\u0131m x\u0259st\u0259dir, tez-tez bay\u0131l\u0131r, \u00fcst\u0259lik, n\u0259mi\u015flik d\u0259 x\u0259st\u0259liyini s\u00fcr\u0259tl\u0259ndirir. Bu u\u015faqlar bel\u0259 \u015f\u0259raitd\u0259 b\u00f6y\u00fcy\u00fcr, ancaq m\u00fcharib\u0259 olanda \u0259limizd\u0259n al\u0131b, apar\u0131rlar, \u00fcst\u00fcm\u00fcz\u0259 tabutda g\u00f6nd\u0259rirl\u0259r\u201d.\n<\/p>\n<p>\n  <b><br \/>\n    T\u0259nha qad\u0131n: \u201cDeyirl\u0259r, 62 ya\u015f\u0131n var, y\u0131x\u0131l, \u00f6l&#8230;\u201d<br \/>\n  <\/b>\n<\/p>\n<p>\n  Yataqxana sakinl\u0259rind\u0259n biri olan 62 ya\u015fl\u0131 Mais\u0259 Quliyeva t\u0259nha xan\u0131md\u0131r. Onun giley-g\u00fczar\u0131 t\u0259kc\u0259 yataqxanadak\u0131 \u015f\u0259raitsizlikd\u0259n deyil, h\u0259m d\u0259 i\u015fsizlikd\u0259ndir:\n<\/p>\n<p>\n  \u201cN\u0259 \u00fcnvanl\u0131 sosial yard\u0131m, n\u0259 pensiya ala bilir\u0259m, n\u0259 ba\u015fqa bir yerd\u0259n g\u0259lirim var, i\u015f \u00fc\u00e7\u00fcn d\u0259 hans\u0131 qap\u0131n\u0131 d\u00f6y\u00fcr\u0259ms\u0259, deyirl\u0259r, 62 ya\u015f\u0131n var, \u0259l-aya\u011f\u0131n\u0131 uzat, \u00f6l&#8230; Bu ya\u015fda insanlara he\u015f yerd\u0259 i\u015f yoxdur. Gedir\u0259m M\u0259\u015f\u011fulluq M\u0259rk\u0259zin\u0259, deyir: \u201cHe\u00e7 cavan ya\u015fda adamlara i\u015f yoxdur, s\u0259n\u0259 hardan i\u015f tapaq?\u201d Gedir\u0259m hans\u0131sa kafenin, restoran\u0131n qap\u0131s\u0131n\u0131 d\u00f6y\u00fcr\u0259m, xahi\u015f edir\u0259m ki, m\u0259ni qabyuyan kimi i\u015f\u0259 g\u00f6t\u00fcrs\u00fcnl\u0259r, deyirl\u0259r: \u201cBiz\u0259 cavan i\u015f\u00e7i laz\u0131md\u0131r, bura qocalar evi deyil&#8230;\u201d\u201d\n<\/p>\n<p>\n  Ming\u0259\u00e7evir \u015e\u0259h\u0259r \u0130cra Hakimiyy\u0259tind\u0259n Meydan TV-y\u0259 bildirilib ki, Heyd\u0259r \u018fliyev prospekti, 82\/24 \u00fcnvanda yerl\u0259\u015f\u0259n yataqxana tipli binaya bir ne\u00e7\u0259 il \u0259vv\u0259l F\u00f6vq\u0259lad\u0259 Hallar Nazirlriyinin Bak\u0131dan g\u0259l\u0259n n\u00fcmay\u0259nd\u0259l\u0259ri t\u0259r\u0259find\u0259n bax\u0131\u015f ke\u00e7irilib. Bina q\u0259zal\u0131 tikilil\u0259rin siyah\u0131s\u0131na daxil edilib. Bir m\u00fcdd\u0259t \u0259vv\u0259l binada b\u0259zi t\u0259mir i\u015fl\u0259ri apar\u0131l\u0131b, lakin q\u0259zal\u0131 bina oldu\u011funa g\u00f6r\u0259 \u0259sasl\u0131 i\u015fl\u0259r g\u00f6rm\u0259k m\u00fcmk\u00fcn deyil. Qurum binan\u0131n q\u0259zal\u0131 v\u0259ziyy\u0259t\u0259 d\u00fc\u015fm\u0259sind\u0259 sakinl\u0259rin d\u0259 pay\u0131 oldu\u011funu bildirir. Bel\u0259 ki, qurumun iddias\u0131na g\u00f6r\u0259, sakinl\u0259r ill\u0259r \u0259vv\u0259l binada qanunsuz art\u0131rmalar etm\u0259kl\u0259 binan\u0131n f\u0259sadlar\u0131n\u0131 v\u0259 \u00f6z\u00fcl\u00fcn\u00fc h\u0259ddind\u0259n art\u0131q y\u00fckl\u0259yibl\u0259r.<\/p>\n","protected":false},"excerpt":{"rendered":"<p>&#8221;U\u015faqlar b\u00f6y\u00fcy\u00fcr, yatma\u011fa yer tapm\u0131r\u0131q. Azya\u015fl\u0131 \u00f6vlad\u0131m x\u0259st\u0259dir, tez-tez bay\u0131l\u0131r, \u00fcst\u0259lik, n\u0259mi\u015flik d\u0259 x\u0259st\u0259liyini s\u00fcr\u0259tl\u0259ndirir&#8221;<\/p>\n","protected":false},"author":11,"featured_media":156822,"comment_status":"closed","ping_status":"open","sticky":false,"template":"","format":"standard","meta":{"_acf_changed":false,"_sitemap_exclude":false,"_sitemap_priority":"","_sitemap_frequency":"","footnotes":""},"categories":[60],"tags":[],"class_list":["post-205098","post","type-post","status-publish","format-standard","has-post-thumbnail","hentry","category-bolge","infinite-scroll-item","generate-columns","tablet-grid-50","mobile-grid-100","grid-parent","grid-33","no-featured-image-padding"],"acf":[],"yoast_head":"<!-- This site is optimized with the Yoast SEO plugin v27.5 - https:\/\/yoast.com\/product\/yoast-seo-wordpress\/ -->\n<title>\u201cM\u00fcharib\u0259 ba\u015flayanda \u0259limizd\u0259n al\u0131b apard\u0131qlar\u0131 u\u015faqlar\u0131 biz r\u00fctub\u0259tli, \u015f\u0259raitsiz yerd\u0259 b\u00f6y\u00fcd\u00fcr\u00fck\u201d - MEYDAN.TV<\/title>\n<meta name=\"robots\" content=\"index, follow, max-snippet:-1, max-image-preview:large, max-video-preview:-1\" \/>\n<link rel=\"canonical\" href=\"https:\/\/www.meydan.tv\/az\/article\/muharibe-baslayanda-elimizden-alib-apardiqlari-usaqlari-biz-rutubetli-seraitsiz-yerde-boyuduruk\/\" \/>\n<meta property=\"og:locale\" content=\"az_AZ\" \/>\n<meta property=\"og:type\" content=\"article\" \/>\n<meta property=\"og:title\" content=\"\u201cM\u00fcharib\u0259 ba\u015flayanda \u0259limizd\u0259n al\u0131b apard\u0131qlar\u0131 u\u015faqlar\u0131 biz r\u00fctub\u0259tli, \u015f\u0259raitsiz yerd\u0259 b\u00f6y\u00fcd\u00fcr\u00fck\u201d - MEYDAN.TV\" \/>\n<meta property=\"og:description\" content=\"&#039;&#039;U\u015faqlar b\u00f6y\u00fcy\u00fcr, yatma\u011fa yer tapm\u0131r\u0131q. Azya\u015fl\u0131 \u00f6vlad\u0131m x\u0259st\u0259dir, tez-tez bay\u0131l\u0131r, \u00fcst\u0259lik, n\u0259mi\u015flik d\u0259 x\u0259st\u0259liyini s\u00fcr\u0259tl\u0259ndirir&#039;&#039;\" \/>\n<meta property=\"og:url\" content=\"https:\/\/www.meydan.tv\/az\/article\/muharibe-baslayanda-elimizden-alib-apardiqlari-usaqlari-biz-rutubetli-seraitsiz-yerde-boyuduruk\/\" \/>\n<meta property=\"og:site_name\" content=\"MEYDAN.TV\" \/>\n<meta property=\"article:published_time\" content=\"2021-02-23T13:50:23+00:00\" \/>\n<meta property=\"og:image\" content=\"https:\/\/www.meydan.tv\/wp-content\/uploads\/untitled_design_1_yuey2zz.png\" \/>\n\t<meta property=\"og:image:width\" content=\"1920\" \/>\n\t<meta property=\"og:image:height\" content=\"1080\" \/>\n\t<meta property=\"og:image:type\" content=\"image\/png\" \/>\n<meta name=\"author\" content=\"user-manager\" \/>\n<meta name=\"twitter:card\" content=\"summary_large_image\" \/>\n<script type=\"application\/ld+json\" class=\"yoast-schema-graph\">{\"@context\":\"https:\\\/\\\/schema.org\",\"@graph\":[{\"@type\":\"Article\",\"@id\":\"https:\\\/\\\/www.meydan.tv\\\/az\\\/article\\\/muharibe-baslayanda-elimizden-alib-apardiqlari-usaqlari-biz-rutubetli-seraitsiz-yerde-boyuduruk\\\/#article\",\"isPartOf\":{\"@id\":\"https:\\\/\\\/www.meydan.tv\\\/az\\\/article\\\/muharibe-baslayanda-elimizden-alib-apardiqlari-usaqlari-biz-rutubetli-seraitsiz-yerde-boyuduruk\\\/\"},\"author\":{\"name\":\"user-manager\",\"@id\":\"https:\\\/\\\/www.meydan.tv\\\/az\\\/#\\\/schema\\\/person\\\/10d11eccf6da3662cf5fdab9806ea91a\"},\"headline\":\"\u201cM\u00fcharib\u0259 ba\u015flayanda \u0259limizd\u0259n al\u0131b apard\u0131qlar\u0131 u\u015faqlar\u0131 biz r\u00fctub\u0259tli, \u015f\u0259raitsiz yerd\u0259 b\u00f6y\u00fcd\u00fcr\u00fck\u201d\",\"datePublished\":\"2021-02-23T13:50:23+00:00\",\"mainEntityOfPage\":{\"@id\":\"https:\\\/\\\/www.meydan.tv\\\/az\\\/article\\\/muharibe-baslayanda-elimizden-alib-apardiqlari-usaqlari-biz-rutubetli-seraitsiz-yerde-boyuduruk\\\/\"},\"wordCount\":1001,\"publisher\":{\"@id\":\"https:\\\/\\\/www.meydan.tv\\\/az\\\/#organization\"},\"image\":{\"@id\":\"https:\\\/\\\/www.meydan.tv\\\/az\\\/article\\\/muharibe-baslayanda-elimizden-alib-apardiqlari-usaqlari-biz-rutubetli-seraitsiz-yerde-boyuduruk\\\/#primaryimage\"},\"thumbnailUrl\":\"https:\\\/\\\/www.meydan.tv\\\/wp-content\\\/uploads\\\/untitled_design_1_yuey2zz.png\",\"articleSection\":[\"B\u00f6lg\u0259\"],\"inLanguage\":\"az\"},{\"@type\":\"WebPage\",\"@id\":\"https:\\\/\\\/www.meydan.tv\\\/az\\\/article\\\/muharibe-baslayanda-elimizden-alib-apardiqlari-usaqlari-biz-rutubetli-seraitsiz-yerde-boyuduruk\\\/\",\"url\":\"https:\\\/\\\/www.meydan.tv\\\/az\\\/article\\\/muharibe-baslayanda-elimizden-alib-apardiqlari-usaqlari-biz-rutubetli-seraitsiz-yerde-boyuduruk\\\/\",\"name\":\"\u201cM\u00fcharib\u0259 ba\u015flayanda \u0259limizd\u0259n al\u0131b apard\u0131qlar\u0131 u\u015faqlar\u0131 biz r\u00fctub\u0259tli, \u015f\u0259raitsiz yerd\u0259 b\u00f6y\u00fcd\u00fcr\u00fck\u201d - MEYDAN.TV\",\"isPartOf\":{\"@id\":\"https:\\\/\\\/www.meydan.tv\\\/az\\\/#website\"},\"primaryImageOfPage\":{\"@id\":\"https:\\\/\\\/www.meydan.tv\\\/az\\\/article\\\/muharibe-baslayanda-elimizden-alib-apardiqlari-usaqlari-biz-rutubetli-seraitsiz-yerde-boyuduruk\\\/#primaryimage\"},\"image\":{\"@id\":\"https:\\\/\\\/www.meydan.tv\\\/az\\\/article\\\/muharibe-baslayanda-elimizden-alib-apardiqlari-usaqlari-biz-rutubetli-seraitsiz-yerde-boyuduruk\\\/#primaryimage\"},\"thumbnailUrl\":\"https:\\\/\\\/www.meydan.tv\\\/wp-content\\\/uploads\\\/untitled_design_1_yuey2zz.png\",\"datePublished\":\"2021-02-23T13:50:23+00:00\",\"breadcrumb\":{\"@id\":\"https:\\\/\\\/www.meydan.tv\\\/az\\\/article\\\/muharibe-baslayanda-elimizden-alib-apardiqlari-usaqlari-biz-rutubetli-seraitsiz-yerde-boyuduruk\\\/#breadcrumb\"},\"inLanguage\":\"az\",\"potentialAction\":[{\"@type\":\"ReadAction\",\"target\":[\"https:\\\/\\\/www.meydan.tv\\\/az\\\/article\\\/muharibe-baslayanda-elimizden-alib-apardiqlari-usaqlari-biz-rutubetli-seraitsiz-yerde-boyuduruk\\\/\"]}]},{\"@type\":\"ImageObject\",\"inLanguage\":\"az\",\"@id\":\"https:\\\/\\\/www.meydan.tv\\\/az\\\/article\\\/muharibe-baslayanda-elimizden-alib-apardiqlari-usaqlari-biz-rutubetli-seraitsiz-yerde-boyuduruk\\\/#primaryimage\",\"url\":\"https:\\\/\\\/www.meydan.tv\\\/wp-content\\\/uploads\\\/untitled_design_1_yuey2zz.png\",\"contentUrl\":\"https:\\\/\\\/www.meydan.tv\\\/wp-content\\\/uploads\\\/untitled_design_1_yuey2zz.png\",\"width\":1920,\"height\":1080,\"caption\":\"Source: Specify Source\"},{\"@type\":\"BreadcrumbList\",\"@id\":\"https:\\\/\\\/www.meydan.tv\\\/az\\\/article\\\/muharibe-baslayanda-elimizden-alib-apardiqlari-usaqlari-biz-rutubetli-seraitsiz-yerde-boyuduruk\\\/#breadcrumb\",\"itemListElement\":[{\"@type\":\"ListItem\",\"position\":1,\"name\":\"Ana s\u0259hif\u0259\",\"item\":\"https:\\\/\\\/www.meydan.tv\\\/az\\\/\"},{\"@type\":\"ListItem\",\"position\":2,\"name\":\"B\u00f6lg\u0259\",\"item\":\"https:\\\/\\\/www.meydan.tv\\\/az\\\/section\\\/bolge\\\/\"},{\"@type\":\"ListItem\",\"position\":3,\"name\":\"\u201cM\u00fcharib\u0259 ba\u015flayanda \u0259limizd\u0259n al\u0131b apard\u0131qlar\u0131 u\u015faqlar\u0131 biz r\u00fctub\u0259tli, \u015f\u0259raitsiz yerd\u0259 b\u00f6y\u00fcd\u00fcr\u00fck\u201d\"}]},{\"@type\":\"WebSite\",\"@id\":\"https:\\\/\\\/www.meydan.tv\\\/az\\\/#website\",\"url\":\"https:\\\/\\\/www.meydan.tv\\\/az\\\/\",\"name\":\"MEYDAN.TV\",\"description\":\"Meydan TV Az\u0259rbaycan\u0131n media m\u0259kan\u0131ndak\u0131 alternativ s\u0259sidir\",\"publisher\":{\"@id\":\"https:\\\/\\\/www.meydan.tv\\\/az\\\/#organization\"},\"potentialAction\":[{\"@type\":\"SearchAction\",\"target\":{\"@type\":\"EntryPoint\",\"urlTemplate\":\"https:\\\/\\\/www.meydan.tv\\\/az\\\/?s={search_term_string}\"},\"query-input\":{\"@type\":\"PropertyValueSpecification\",\"valueRequired\":true,\"valueName\":\"search_term_string\"}}],\"inLanguage\":\"az\"},{\"@type\":\"Organization\",\"@id\":\"https:\\\/\\\/www.meydan.tv\\\/az\\\/#organization\",\"name\":\"Meydan TV\",\"url\":\"https:\\\/\\\/www.meydan.tv\\\/az\\\/\",\"logo\":{\"@type\":\"ImageObject\",\"inLanguage\":\"az\",\"@id\":\"https:\\\/\\\/www.meydan.tv\\\/az\\\/#\\\/schema\\\/logo\\\/image\\\/\",\"url\":\"https:\\\/\\\/www.meydan.tv\\\/wp-content\\\/uploads\\\/2021\\\/07\\\/meydan-logo.svg\",\"contentUrl\":\"https:\\\/\\\/www.meydan.tv\\\/wp-content\\\/uploads\\\/2021\\\/07\\\/meydan-logo.svg\",\"width\":195,\"height\":46,\"caption\":\"Meydan TV\"},\"image\":{\"@id\":\"https:\\\/\\\/www.meydan.tv\\\/az\\\/#\\\/schema\\\/logo\\\/image\\\/\"}},{\"@type\":\"Person\",\"@id\":\"https:\\\/\\\/www.meydan.tv\\\/az\\\/#\\\/schema\\\/person\\\/10d11eccf6da3662cf5fdab9806ea91a\",\"name\":\"user-manager\"}]}<\/script>\n<!-- \/ Yoast SEO plugin. -->","yoast_head_json":{"title":"\u201cM\u00fcharib\u0259 ba\u015flayanda \u0259limizd\u0259n al\u0131b apard\u0131qlar\u0131 u\u015faqlar\u0131 biz r\u00fctub\u0259tli, \u015f\u0259raitsiz yerd\u0259 b\u00f6y\u00fcd\u00fcr\u00fck\u201d - MEYDAN.TV","robots":{"index":"index","follow":"follow","max-snippet":"max-snippet:-1","max-image-preview":"max-image-preview:large","max-video-preview":"max-video-preview:-1"},"canonical":"https:\/\/www.meydan.tv\/az\/article\/muharibe-baslayanda-elimizden-alib-apardiqlari-usaqlari-biz-rutubetli-seraitsiz-yerde-boyuduruk\/","og_locale":"az_AZ","og_type":"article","og_title":"\u201cM\u00fcharib\u0259 ba\u015flayanda \u0259limizd\u0259n al\u0131b apard\u0131qlar\u0131 u\u015faqlar\u0131 biz r\u00fctub\u0259tli, \u015f\u0259raitsiz yerd\u0259 b\u00f6y\u00fcd\u00fcr\u00fck\u201d - MEYDAN.TV","og_description":"''U\u015faqlar b\u00f6y\u00fcy\u00fcr, yatma\u011fa yer tapm\u0131r\u0131q. Azya\u015fl\u0131 \u00f6vlad\u0131m x\u0259st\u0259dir, tez-tez bay\u0131l\u0131r, \u00fcst\u0259lik, n\u0259mi\u015flik d\u0259 x\u0259st\u0259liyini s\u00fcr\u0259tl\u0259ndirir''","og_url":"https:\/\/www.meydan.tv\/az\/article\/muharibe-baslayanda-elimizden-alib-apardiqlari-usaqlari-biz-rutubetli-seraitsiz-yerde-boyuduruk\/","og_site_name":"MEYDAN.TV","article_published_time":"2021-02-23T13:50:23+00:00","og_image":[{"width":1920,"height":1080,"url":"https:\/\/www.meydan.tv\/wp-content\/uploads\/untitled_design_1_yuey2zz.png","type":"image\/png"}],"author":"user-manager","twitter_card":"summary_large_image","schema":{"@context":"https:\/\/schema.org","@graph":[{"@type":"Article","@id":"https:\/\/www.meydan.tv\/az\/article\/muharibe-baslayanda-elimizden-alib-apardiqlari-usaqlari-biz-rutubetli-seraitsiz-yerde-boyuduruk\/#article","isPartOf":{"@id":"https:\/\/www.meydan.tv\/az\/article\/muharibe-baslayanda-elimizden-alib-apardiqlari-usaqlari-biz-rutubetli-seraitsiz-yerde-boyuduruk\/"},"author":{"name":"user-manager","@id":"https:\/\/www.meydan.tv\/az\/#\/schema\/person\/10d11eccf6da3662cf5fdab9806ea91a"},"headline":"\u201cM\u00fcharib\u0259 ba\u015flayanda \u0259limizd\u0259n al\u0131b apard\u0131qlar\u0131 u\u015faqlar\u0131 biz r\u00fctub\u0259tli, \u015f\u0259raitsiz yerd\u0259 b\u00f6y\u00fcd\u00fcr\u00fck\u201d","datePublished":"2021-02-23T13:50:23+00:00","mainEntityOfPage":{"@id":"https:\/\/www.meydan.tv\/az\/article\/muharibe-baslayanda-elimizden-alib-apardiqlari-usaqlari-biz-rutubetli-seraitsiz-yerde-boyuduruk\/"},"wordCount":1001,"publisher":{"@id":"https:\/\/www.meydan.tv\/az\/#organization"},"image":{"@id":"https:\/\/www.meydan.tv\/az\/article\/muharibe-baslayanda-elimizden-alib-apardiqlari-usaqlari-biz-rutubetli-seraitsiz-yerde-boyuduruk\/#primaryimage"},"thumbnailUrl":"https:\/\/www.meydan.tv\/wp-content\/uploads\/untitled_design_1_yuey2zz.png","articleSection":["B\u00f6lg\u0259"],"inLanguage":"az"},{"@type":"WebPage","@id":"https:\/\/www.meydan.tv\/az\/article\/muharibe-baslayanda-elimizden-alib-apardiqlari-usaqlari-biz-rutubetli-seraitsiz-yerde-boyuduruk\/","url":"https:\/\/www.meydan.tv\/az\/article\/muharibe-baslayanda-elimizden-alib-apardiqlari-usaqlari-biz-rutubetli-seraitsiz-yerde-boyuduruk\/","name":"\u201cM\u00fcharib\u0259 ba\u015flayanda \u0259limizd\u0259n al\u0131b apard\u0131qlar\u0131 u\u015faqlar\u0131 biz r\u00fctub\u0259tli, \u015f\u0259raitsiz yerd\u0259 b\u00f6y\u00fcd\u00fcr\u00fck\u201d - MEYDAN.TV","isPartOf":{"@id":"https:\/\/www.meydan.tv\/az\/#website"},"primaryImageOfPage":{"@id":"https:\/\/www.meydan.tv\/az\/article\/muharibe-baslayanda-elimizden-alib-apardiqlari-usaqlari-biz-rutubetli-seraitsiz-yerde-boyuduruk\/#primaryimage"},"image":{"@id":"https:\/\/www.meydan.tv\/az\/article\/muharibe-baslayanda-elimizden-alib-apardiqlari-usaqlari-biz-rutubetli-seraitsiz-yerde-boyuduruk\/#primaryimage"},"thumbnailUrl":"https:\/\/www.meydan.tv\/wp-content\/uploads\/untitled_design_1_yuey2zz.png","datePublished":"2021-02-23T13:50:23+00:00","breadcrumb":{"@id":"https:\/\/www.meydan.tv\/az\/article\/muharibe-baslayanda-elimizden-alib-apardiqlari-usaqlari-biz-rutubetli-seraitsiz-yerde-boyuduruk\/#breadcrumb"},"inLanguage":"az","potentialAction":[{"@type":"ReadAction","target":["https:\/\/www.meydan.tv\/az\/article\/muharibe-baslayanda-elimizden-alib-apardiqlari-usaqlari-biz-rutubetli-seraitsiz-yerde-boyuduruk\/"]}]},{"@type":"ImageObject","inLanguage":"az","@id":"https:\/\/www.meydan.tv\/az\/article\/muharibe-baslayanda-elimizden-alib-apardiqlari-usaqlari-biz-rutubetli-seraitsiz-yerde-boyuduruk\/#primaryimage","url":"https:\/\/www.meydan.tv\/wp-content\/uploads\/untitled_design_1_yuey2zz.png","contentUrl":"https:\/\/www.meydan.tv\/wp-content\/uploads\/untitled_design_1_yuey2zz.png","width":1920,"height":1080,"caption":"Source: Specify Source"},{"@type":"BreadcrumbList","@id":"https:\/\/www.meydan.tv\/az\/article\/muharibe-baslayanda-elimizden-alib-apardiqlari-usaqlari-biz-rutubetli-seraitsiz-yerde-boyuduruk\/#breadcrumb","itemListElement":[{"@type":"ListItem","position":1,"name":"Ana s\u0259hif\u0259","item":"https:\/\/www.meydan.tv\/az\/"},{"@type":"ListItem","position":2,"name":"B\u00f6lg\u0259","item":"https:\/\/www.meydan.tv\/az\/section\/bolge\/"},{"@type":"ListItem","position":3,"name":"\u201cM\u00fcharib\u0259 ba\u015flayanda \u0259limizd\u0259n al\u0131b apard\u0131qlar\u0131 u\u015faqlar\u0131 biz r\u00fctub\u0259tli, \u015f\u0259raitsiz yerd\u0259 b\u00f6y\u00fcd\u00fcr\u00fck\u201d"}]},{"@type":"WebSite","@id":"https:\/\/www.meydan.tv\/az\/#website","url":"https:\/\/www.meydan.tv\/az\/","name":"MEYDAN.TV","description":"Meydan TV Az\u0259rbaycan\u0131n media m\u0259kan\u0131ndak\u0131 alternativ s\u0259sidir","publisher":{"@id":"https:\/\/www.meydan.tv\/az\/#organization"},"potentialAction":[{"@type":"SearchAction","target":{"@type":"EntryPoint","urlTemplate":"https:\/\/www.meydan.tv\/az\/?s={search_term_string}"},"query-input":{"@type":"PropertyValueSpecification","valueRequired":true,"valueName":"search_term_string"}}],"inLanguage":"az"},{"@type":"Organization","@id":"https:\/\/www.meydan.tv\/az\/#organization","name":"Meydan TV","url":"https:\/\/www.meydan.tv\/az\/","logo":{"@type":"ImageObject","inLanguage":"az","@id":"https:\/\/www.meydan.tv\/az\/#\/schema\/logo\/image\/","url":"https:\/\/www.meydan.tv\/wp-content\/uploads\/2021\/07\/meydan-logo.svg","contentUrl":"https:\/\/www.meydan.tv\/wp-content\/uploads\/2021\/07\/meydan-logo.svg","width":195,"height":46,"caption":"Meydan TV"},"image":{"@id":"https:\/\/www.meydan.tv\/az\/#\/schema\/logo\/image\/"}},{"@type":"Person","@id":"https:\/\/www.meydan.tv\/az\/#\/schema\/person\/10d11eccf6da3662cf5fdab9806ea91a","name":"user-manager"}]}},"_links":{"self":[{"href":"https:\/\/www.meydan.tv\/az\/wp-json\/wp\/v2\/posts\/205098","targetHints":{"allow":["GET"]}}],"collection":[{"href":"https:\/\/www.meydan.tv\/az\/wp-json\/wp\/v2\/posts"}],"about":[{"href":"https:\/\/www.meydan.tv\/az\/wp-json\/wp\/v2\/types\/post"}],"author":[{"embeddable":true,"href":"https:\/\/www.meydan.tv\/az\/wp-json\/wp\/v2\/users\/11"}],"replies":[{"embeddable":true,"href":"https:\/\/www.meydan.tv\/az\/wp-json\/wp\/v2\/comments?post=205098"}],"version-history":[{"count":0,"href":"https:\/\/www.meydan.tv\/az\/wp-json\/wp\/v2\/posts\/205098\/revisions"}],"wp:featuredmedia":[{"embeddable":true,"href":"https:\/\/www.meydan.tv\/az\/wp-json\/wp\/v2\/media\/156822"}],"wp:attachment":[{"href":"https:\/\/www.meydan.tv\/az\/wp-json\/wp\/v2\/media?parent=205098"}],"wp:term":[{"taxonomy":"category","embeddable":true,"href":"https:\/\/www.meydan.tv\/az\/wp-json\/wp\/v2\/categories?post=205098"},{"taxonomy":"post_tag","embeddable":true,"href":"https:\/\/www.meydan.tv\/az\/wp-json\/wp\/v2\/tags?post=205098"}],"curies":[{"name":"wp","href":"https:\/\/api.w.org\/{rel}","templated":true}]}}