{"id":205076,"date":"2021-02-22T14:10:22","date_gmt":"2021-02-22T14:10:22","guid":{"rendered":"https:\/\/www.meydan.tv\/article\/doyusde-yaralanib-rutubetli-daxmada-ac-caniyla-mucadilededir\/"},"modified":"2021-02-22T14:10:22","modified_gmt":"2021-02-22T14:10:22","slug":"doyusde-yaralanib-rutubetli-daxmada-ac-caniyla-mucadilededir","status":"publish","type":"post","link":"https:\/\/www.meydan.tv\/az\/article\/doyusde-yaralanib-rutubetli-daxmada-ac-caniyla-mucadilededir\/","title":{"rendered":"\u201cD\u00f6y\u00fc\u015fd\u0259 yaralan\u0131b, r\u00fctub\u0259tli daxmada ac can\u0131yla m\u00fccadil\u0259d\u0259dir\u201d"},"content":{"rendered":"<p>\n  <i><br \/>\n    Ana \u0130kinci Qaraba\u011f M\u00fcharib\u0259sind\u0259 yaralanm\u0131\u015f g\u0259nc \u00f6vlad\u0131na d\u00f6vl\u0259t qay\u011f\u0131s\u0131n\u0131n olmamas\u0131ndan gileylidir<br \/>\n  <\/i>\n<\/p>\n<p>\n  \u201c\u00d6vlad\u0131m\u0131n hal\u0131n\u0131 g\u00f6rd\u00fckc\u0259 \u00fcr\u0259yim param-par\u00e7a olur. \u00dcst\u0259lik, maddi imkans\u0131zl\u0131q \u00fcz\u00fcnd\u0259n \u0259ziyy\u0259t \u00e7\u0259tinlik \u00e7\u0259kirik. O\u011flum d\u00f6y\u00fc\u015fd\u0259 a\u011f\u0131r yaralan\u0131b, birc\u0259 \u0259m\u0259liyyat\u0131n\u0131 d\u00f6vl\u0259t edib. Hospitaldan ev\u0259 burax\u0131landan b\u00fct\u00fcn \u0259ziyy\u0259ti, x\u0259rci m\u0259nim \u00fcst\u00fcmd\u0259dir. Qap\u0131s\u0131n\u0131 d\u00f6yd\u00fcy\u00fcm qurumlar da o\u011fluma k\u00f6m\u0259k etm\u0259di\u201d.\n<\/p>\n<p>\n  Bunu Meydan TV-y\u0259 G\u00f6y\u00e7ay rayonu, Mall\u0131-\u015e\u0131xl\u0131 k\u0259nd sakini Mayg\u00fcl M\u0259mm\u0259dova deyir. Mayg\u00fcl xan\u0131m\u0131n 19 ya\u015fl\u0131 o\u011flu Yusif M\u0259mm\u0259dov C\u0259lilabadda h\u0259qiqi h\u0259rbi xidm\u0259td\u0259 olark\u0259n, \u0130kinci Qaraba\u011f M\u00fcharib\u0259si ba\u015flayan ilk g\u00fcnd\u0259n Murovda\u011fa d\u00f6y\u00fc\u015f\u0259 g\u00f6nd\u0259rilib. 3 g\u00fcn sonra \u2013 sentyabr\u0131n 30-da onur\u011fas\u0131ndan q\u0259lp\u0259 yaralar\u0131 al\u0131b. \u018fvv\u0259l G\u0259nc\u0259d\u0259ki, sonra Bak\u0131dak\u0131 H\u0259rbi Hospitala g\u00f6t\u00fcr\u00fcl\u00fcb. \u018fm\u0259liyyat olunandan sonra ev\u0259 burax\u0131l\u0131b. Aylard\u0131r ki, yar\u0131mcan v\u0259ziyy\u0259td\u0259 olan g\u0259nc \u00e7ox \u015f\u0259raitsiz, r\u00fctub\u0259tli bir otaqda h\u0259yatla m\u00fccadil\u0259 edir.\n<\/p>\n<figure class=\"wp-block-image size-large\">\n  <img decoding=\"async\" src=\"https:\/\/www.meydan.tv\/az\/photo-2021-02-22-15-12-18-1-jpg\/\" alt=\"photo-2021-02-22-15-12-18 (1).jpg\" class=\"wp-image-156745\"\/><figcaption>\n    Mayg\u00fcl M\u0259mm\u0259dova v\u0259 Yusif M\u0259mm\u0259dov<br \/>\n  <\/figcaption><\/figure>\n<p>\n  <b><br \/>\n    \u201cDeyir, ana, he\u00e7 kimd\u0259n imdad umma&#8230;\u201d<br \/>\n  <\/b>\n<\/p>\n<p>\n  Anan\u0131n dem\u0259sin\u0259 g\u00f6r\u0259, o g\u00fcnd\u0259n Yusifin sonrak\u0131 taleyi il\u0259 maraqlanan olmay\u0131b:\n<\/p>\n<p>\n  \u201cYusif belind\u0259n q\u0259lp\u0259 yaralar\u0131 al\u0131b, yerim\u0259 qabiliyy\u0259tini itirib, quca\u011f\u0131m\u0131zda da\u015f\u0131y\u0131r\u0131q. Bununla bel\u0259, onu H\u0259rbi Hospitaldan 1 ayl\u0131q m\u0259zuniyy\u0259t\u0259 burax\u0131blar, ordudan t\u0259rxis etm\u0259yibl\u0259r. Deyibl\u0259r, 1 aydan sonra hospitala qaytar\u0131lmal\u0131d\u0131r, \u0259lillik \u00fc\u00e7\u00fcn s\u0259n\u0259dl\u0259ri haz\u0131rlanmal\u0131d\u0131r. \u00d6z\u00fcn\u00fc fiziki idar\u0259 ed\u0259 bilm\u0259diyi \u00fc\u00e7\u00fcn y\u0259qin ki, 1-ci qrup \u0259lillik t\u0259yin olunacaq. Haz\u0131rda m\u00fcalic\u0259siyl\u0259, qidalanmas\u0131yla t\u0259kba\u015f\u0131na m\u0259\u015f\u011ful oluram, he\u00e7 bir qurumdan k\u00f6m\u0259k yoxdur. H\u0259yat yolda\u015f\u0131m\u0131 \u00e7oxdan itirmi\u015f\u0259m, Yusifd\u0259n ba\u015fqa daha \u00fc\u00e7 \u00f6vlad\u0131m var. Q\u0131zlar\u0131m ail\u0259lidir, dig\u0259r o\u011flum is\u0259 Yusifd\u0259n ki\u00e7ikdir, orda-burda f\u0259hl\u0259lik edir, q\u0259pik-quru\u015f qazan\u0131r, \u00e7\u00f6r\u0259yimizi al\u0131r&#8230; B\u00fct\u00fcn bu \u00e7\u0259tinlikl\u0259r\u0259 baxmayaraq, Yusifi dindir\u0259nd\u0259 deyir, ana, d\u00f6y\u00fc\u015fdy\u00fcm \u00fc\u00e7\u00fcn pe\u015fman deyil\u0259m, V\u0259t\u0259n sa\u011f olsun. Deyir, ana, he\u00e7 kimin qap\u0131s\u0131na getm\u0259, he\u00e7 kimd\u0259n yard\u0131m ist\u0259m\u0259, m\u0259n ona g\u00f6r\u0259 d\u00f6y\u00fc\u015fm\u0259mi\u015f\u0259m ki, m\u0259n\u0259 g\u00f6r\u0259 kimd\u0259ns\u0259 k\u00f6m\u0259k ist\u0259y\u0259s\u0259n&#8230;\u201d\n<\/p>\n<figure class=\"wp-block-image size-large\">\n  <img decoding=\"async\" src=\"https:\/\/www.meydan.tv\/az\/photo-2021-02-22-15-12-21-jpg\/\" alt=\"photo-2021-02-22-15-12-21.jpg\" class=\"wp-image-156735\"\/><figcaption>\n    M\u0259mm\u0259dovlar\u0131n evi<br \/>\n  <\/figcaption><\/figure>\n<p>\n  <b><br \/>\n    \u201cPrezident\u0259 \u015fikay\u0259t yazd\u0131m, ba\u015f\u00e7\u0131 qap\u0131ya g\u0259ldi\u201d<br \/>\n  <\/b>\n<\/p>\n<p>\n  Yusifin onur\u011fas\u0131nda \u0259m\u0259liyyat apar\u0131l\u0131b, \u00e7anaq orqanlar\u0131 funksiyas\u0131n\u0131 itirib:\n<\/p>\n<p>\n  \u201cTamamil\u0259 yeriy\u0259 bilmir. \u00c7arpay\u0131dan quca\u011f\u0131mda g\u00f6t\u00fcr\u00fcb tualet\u0259 apar\u0131ram&#8230; \u00d6z\u00fcm \u00e7imizdirir\u0259m. G\u00f6y\u00e7ay Rayon \u0130cra Hakimiyy\u0259tin\u0259 gedirdim, ba\u015f\u00e7\u0131n\u0131n q\u0259buluna d\u00fc\u015fm\u0259k ist\u0259yirdim, deyirdil\u0259r, icra ba\u015f\u00e7\u0131s\u0131 Mehdi S\u0259limzad\u0259 he\u00e7 kimi q\u0259bul el\u0259mir. Deyirdim, ax\u0131, bu u\u015faq d\u00f6y\u00fc\u015f\u00fcb, \u00fcst\u00fcm\u0259 yar\u0131mcan g\u0259lib, niy\u0259 bir d\u0259f\u0259 qap\u0131n\u0131 a\u00e7\u0131b v\u0259ziyy\u0259tiyl\u0259 maraqlanm\u0131rs\u0131z? G\u0259lin birc\u0259 g\u00fcn onun yatd\u0131\u011f\u0131 otaqda qal\u0131n, g\u00f6r\u00fcm o n\u0259mi\u015fliy\u0259, havas\u0131zl\u0131\u011fa davam g\u0259tir\u0259rsizmi? Torpaq d\u00f6\u015f\u0259m\u0259nin \u00fcst\u00fcnd\u0259 g\u0259z\u0259 bil\u0259rsizmi? Dam \u00f6rt\u00fcy\u00fc da\u011f\u0131lm\u0131\u015f evin i\u00e7in\u0259 ya\u011fan ya\u011f\u0131\u015f sular\u0131na d\u00f6z\u0259 bil\u0259rsizmi? Niy\u0259 soru\u015fmursuz ki, yaralan\u0131b ev\u0259 burax\u0131landan sonra bu u\u015fa\u011f\u0131n v\u0259ziyy\u0259ti nec\u0259 oldu, \u00f6ld\u00fc, qald\u0131? Dedil\u0259r: \u201cNarahat olma, get ev\u0259, prezident \u00f6z\u00fc n\u0259 laz\u0131md\u0131rsa, ed\u0259c\u0259k\u201d. Ax\u0131rda g\u00f6t\u00fcr\u00fcb \u0130lham \u018fliyev\u0259 yazd\u0131m, laqeyd m\u00fcnasib\u0259td\u0259n gileyl\u0259ndim, bir d\u0259 baxd\u0131m ki, ba\u015f\u00e7\u0131 g\u0259lib, qap\u0131dad\u0131r. Rayonun bir ne\u00e7\u0259 m\u0259muruyla, b\u0259l\u0259diyy\u0259 s\u0259dri il\u0259 g\u0259lmi\u015fdi. Dedim, y\u0259qin u\u015fa\u011fa k\u00f6m\u0259y\u0259 g\u0259libl\u0259r, b\u0259lk\u0259 yar\u0131m\u00e7\u0131q qalan evin tikintisinin ba\u015fa \u00e7atd\u0131r\u0131lmas\u0131na g\u00f6st\u0259ri\u015f ver\u0259c\u0259k, el\u0259c\u0259, \u201csa\u011f ol ki, bizim \u00fc\u00e7\u00fcn d\u00f6y\u00fc\u015fm\u00fcs\u0259n\u201d deyib, getdil\u0259r. Birc\u0259 arada icra n\u00fcmay\u0259nd\u0259si \u0259rzaq g\u0259tirir, ba\u015fqa he\u00e7 bir m\u0259murdan k\u00f6m\u0259klik g\u00f6rm\u0259mi\u015fik\u201d.\n<\/p>\n<figure class=\"wp-block-image size-large\">\n  <img decoding=\"async\" src=\"https:\/\/www.meydan.tv\/az\/photo-2021-02-22-15-12-17-jpg-2\/\" alt=\"photo-2021-02-22-15-12-17.jpg\" class=\"wp-image-156741\"\/><figcaption>\n    &#8220;G\u0259lin birc\u0259 g\u00fcn onun yatd\u0131\u011f\u0131 otaqda qal\u0131n, g\u00f6r\u00fcm o n\u0259mi\u015fliy\u0259, havas\u0131zl\u0131\u011fa davam g\u0259tir\u0259rsizmi?&#8221;<br \/>\n  <\/figcaption><\/figure>\n<p>\n  G\u00f6y\u00e7ay Rayon \u0130cra Hakimiyy\u0259tind\u0259n Meydan TV-y\u0259 bildirilib ki, fevral\u0131n 11-d\u0259 Mehdi S\u0259limzad\u0259 \u0130kinci Qaraba\u011f Sava\u015f\u0131nda yaralanm\u0131\u015f \u0259sg\u0259r Yusif M\u0259mm\u0259dovun ya\u015fad\u0131\u011f\u0131 \u00fcnvanda olub, ona ba\u015f \u00e7\u0259kib, probleml\u0259ril\u0259 maraqlan\u0131b. Qurumdan bildirilib ki, bundan \u0259vv\u0259l d\u0259 icra ba\u015f\u00e7\u0131s\u0131 bir ne\u00e7\u0259 qazi ail\u0259sind\u0259 olub.\n<\/p>\n<p>\n  Yaz\u0131 d\u0259rc\u0259 haz\u0131rlanark\u0259n Mayg\u00fcl M\u0259mm\u0259dova Meydan TV il\u0259 \u0259laq\u0259 saxlayaraq bildirib ki, Yusif h\u0259rbi xidm\u0259t\u0259 getm\u0259mi\u015fd\u0259n \u0259vv\u0259l qarda\u015f\u0131yla birlikd\u0259 yaln\u0131z h\u00f6rg\u00fc i\u015fl\u0259rini apara bildiyi evin bir ota\u011f\u0131na k\u00f6\u00e7\u00fcr\u00fcl\u00fcb. H\u0259min otaq ayr\u0131-ayr\u0131 adamlar\u0131n k\u00f6m\u0259kliyi il\u0259 d\u00fcz\u0259ldilib. Ana Meydan TV vasit\u0259sil\u0259 d\u0259 h\u0259min \u015f\u0259xsl\u0259r\u0259 t\u0259\u015f\u0259kk\u00fcr\u00fcn\u00fc \u00e7atd\u0131rmaq ist\u0259yib.\n<\/p>\n<figure class=\"wp-block-image size-large\">\n  <img decoding=\"async\" src=\"https:\/\/www.meydan.tv\/az\/photo-2021-02-22-15-12-19-jpg\/\" alt=\"photo-2021-02-22-15-12-19.jpg\" class=\"wp-image-156726\"\/><figcaption>\n    &#8220;Birc\u0259 arada icra n\u00fcmay\u0259nd\u0259si \u0259rzaq g\u0259tirir, ba\u015fqa he\u00e7 bir m\u0259murdan k\u00f6m\u0259klik g\u00f6rm\u0259mi\u015fik&#8221;<br \/>\n  <\/figcaption><\/figure>\n","protected":false},"excerpt":{"rendered":"<p>&#8220;Birc\u0259 arada icra n\u00fcmay\u0259nd\u0259si \u0259rzaq g\u0259tirir, ba\u015fqa he\u00e7 bir m\u0259murdan k\u00f6m\u0259klik g\u00f6rm\u0259mi\u015fik\u201d.<\/p>\n","protected":false},"author":11,"featured_media":156744,"comment_status":"closed","ping_status":"open","sticky":false,"template":"","format":"standard","meta":{"_acf_changed":false,"_sitemap_exclude":false,"_sitemap_priority":"","_sitemap_frequency":"","footnotes":""},"categories":[60],"tags":[],"class_list":["post-205076","post","type-post","status-publish","format-standard","has-post-thumbnail","hentry","category-bolge","infinite-scroll-item","generate-columns","tablet-grid-50","mobile-grid-100","grid-parent","grid-33","no-featured-image-padding"],"acf":[],"yoast_head":"<!-- This site is optimized with the Yoast SEO plugin v27.5 - https:\/\/yoast.com\/product\/yoast-seo-wordpress\/ -->\n<title>\u201cD\u00f6y\u00fc\u015fd\u0259 yaralan\u0131b, r\u00fctub\u0259tli daxmada ac can\u0131yla m\u00fccadil\u0259d\u0259dir\u201d - MEYDAN.TV<\/title>\n<meta name=\"robots\" content=\"index, follow, max-snippet:-1, max-image-preview:large, max-video-preview:-1\" \/>\n<link rel=\"canonical\" href=\"https:\/\/www.meydan.tv\/az\/article\/doyusde-yaralanib-rutubetli-daxmada-ac-caniyla-mucadilededir\/\" \/>\n<meta property=\"og:locale\" content=\"az_AZ\" \/>\n<meta property=\"og:type\" content=\"article\" \/>\n<meta property=\"og:title\" content=\"\u201cD\u00f6y\u00fc\u015fd\u0259 yaralan\u0131b, r\u00fctub\u0259tli daxmada ac can\u0131yla m\u00fccadil\u0259d\u0259dir\u201d - MEYDAN.TV\" \/>\n<meta property=\"og:description\" content=\"&quot;Birc\u0259 arada icra n\u00fcmay\u0259nd\u0259si \u0259rzaq g\u0259tirir, ba\u015fqa he\u00e7 bir m\u0259murdan k\u00f6m\u0259klik g\u00f6rm\u0259mi\u015fik\u201d.\" \/>\n<meta property=\"og:url\" content=\"https:\/\/www.meydan.tv\/az\/article\/doyusde-yaralanib-rutubetli-daxmada-ac-caniyla-mucadilededir\/\" \/>\n<meta property=\"og:site_name\" content=\"MEYDAN.TV\" \/>\n<meta property=\"article:published_time\" content=\"2021-02-22T14:10:22+00:00\" \/>\n<meta property=\"og:image\" content=\"https:\/\/www.meydan.tv\/wp-content\/uploads\/photo-2021-02-22-15-12-21_1.jpg\" \/>\n\t<meta property=\"og:image:width\" content=\"869\" \/>\n\t<meta property=\"og:image:height\" content=\"489\" \/>\n\t<meta property=\"og:image:type\" content=\"image\/jpeg\" \/>\n<meta name=\"author\" content=\"user-manager\" \/>\n<meta name=\"twitter:card\" content=\"summary_large_image\" \/>\n<script type=\"application\/ld+json\" class=\"yoast-schema-graph\">{\"@context\":\"https:\\\/\\\/schema.org\",\"@graph\":[{\"@type\":\"Article\",\"@id\":\"https:\\\/\\\/www.meydan.tv\\\/az\\\/article\\\/doyusde-yaralanib-rutubetli-daxmada-ac-caniyla-mucadilededir\\\/#article\",\"isPartOf\":{\"@id\":\"https:\\\/\\\/www.meydan.tv\\\/az\\\/article\\\/doyusde-yaralanib-rutubetli-daxmada-ac-caniyla-mucadilededir\\\/\"},\"author\":{\"name\":\"user-manager\",\"@id\":\"https:\\\/\\\/www.meydan.tv\\\/az\\\/#\\\/schema\\\/person\\\/10d11eccf6da3662cf5fdab9806ea91a\"},\"headline\":\"\u201cD\u00f6y\u00fc\u015fd\u0259 yaralan\u0131b, r\u00fctub\u0259tli daxmada ac can\u0131yla m\u00fccadil\u0259d\u0259dir\u201d\",\"datePublished\":\"2021-02-22T14:10:22+00:00\",\"mainEntityOfPage\":{\"@id\":\"https:\\\/\\\/www.meydan.tv\\\/az\\\/article\\\/doyusde-yaralanib-rutubetli-daxmada-ac-caniyla-mucadilededir\\\/\"},\"wordCount\":959,\"publisher\":{\"@id\":\"https:\\\/\\\/www.meydan.tv\\\/az\\\/#organization\"},\"image\":{\"@id\":\"https:\\\/\\\/www.meydan.tv\\\/az\\\/article\\\/doyusde-yaralanib-rutubetli-daxmada-ac-caniyla-mucadilededir\\\/#primaryimage\"},\"thumbnailUrl\":\"https:\\\/\\\/www.meydan.tv\\\/wp-content\\\/uploads\\\/photo-2021-02-22-15-12-21_1.jpg\",\"articleSection\":[\"B\u00f6lg\u0259\"],\"inLanguage\":\"az\"},{\"@type\":\"WebPage\",\"@id\":\"https:\\\/\\\/www.meydan.tv\\\/az\\\/article\\\/doyusde-yaralanib-rutubetli-daxmada-ac-caniyla-mucadilededir\\\/\",\"url\":\"https:\\\/\\\/www.meydan.tv\\\/az\\\/article\\\/doyusde-yaralanib-rutubetli-daxmada-ac-caniyla-mucadilededir\\\/\",\"name\":\"\u201cD\u00f6y\u00fc\u015fd\u0259 yaralan\u0131b, r\u00fctub\u0259tli daxmada ac can\u0131yla m\u00fccadil\u0259d\u0259dir\u201d - MEYDAN.TV\",\"isPartOf\":{\"@id\":\"https:\\\/\\\/www.meydan.tv\\\/az\\\/#website\"},\"primaryImageOfPage\":{\"@id\":\"https:\\\/\\\/www.meydan.tv\\\/az\\\/article\\\/doyusde-yaralanib-rutubetli-daxmada-ac-caniyla-mucadilededir\\\/#primaryimage\"},\"image\":{\"@id\":\"https:\\\/\\\/www.meydan.tv\\\/az\\\/article\\\/doyusde-yaralanib-rutubetli-daxmada-ac-caniyla-mucadilededir\\\/#primaryimage\"},\"thumbnailUrl\":\"https:\\\/\\\/www.meydan.tv\\\/wp-content\\\/uploads\\\/photo-2021-02-22-15-12-21_1.jpg\",\"datePublished\":\"2021-02-22T14:10:22+00:00\",\"breadcrumb\":{\"@id\":\"https:\\\/\\\/www.meydan.tv\\\/az\\\/article\\\/doyusde-yaralanib-rutubetli-daxmada-ac-caniyla-mucadilededir\\\/#breadcrumb\"},\"inLanguage\":\"az\",\"potentialAction\":[{\"@type\":\"ReadAction\",\"target\":[\"https:\\\/\\\/www.meydan.tv\\\/az\\\/article\\\/doyusde-yaralanib-rutubetli-daxmada-ac-caniyla-mucadilededir\\\/\"]}]},{\"@type\":\"ImageObject\",\"inLanguage\":\"az\",\"@id\":\"https:\\\/\\\/www.meydan.tv\\\/az\\\/article\\\/doyusde-yaralanib-rutubetli-daxmada-ac-caniyla-mucadilededir\\\/#primaryimage\",\"url\":\"https:\\\/\\\/www.meydan.tv\\\/wp-content\\\/uploads\\\/photo-2021-02-22-15-12-21_1.jpg\",\"contentUrl\":\"https:\\\/\\\/www.meydan.tv\\\/wp-content\\\/uploads\\\/photo-2021-02-22-15-12-21_1.jpg\",\"width\":869,\"height\":489,\"caption\":\"Source: Specify Source\"},{\"@type\":\"BreadcrumbList\",\"@id\":\"https:\\\/\\\/www.meydan.tv\\\/az\\\/article\\\/doyusde-yaralanib-rutubetli-daxmada-ac-caniyla-mucadilededir\\\/#breadcrumb\",\"itemListElement\":[{\"@type\":\"ListItem\",\"position\":1,\"name\":\"Ana s\u0259hif\u0259\",\"item\":\"https:\\\/\\\/www.meydan.tv\\\/az\\\/\"},{\"@type\":\"ListItem\",\"position\":2,\"name\":\"B\u00f6lg\u0259\",\"item\":\"https:\\\/\\\/www.meydan.tv\\\/az\\\/section\\\/bolge\\\/\"},{\"@type\":\"ListItem\",\"position\":3,\"name\":\"\u201cD\u00f6y\u00fc\u015fd\u0259 yaralan\u0131b, r\u00fctub\u0259tli daxmada ac can\u0131yla m\u00fccadil\u0259d\u0259dir\u201d\"}]},{\"@type\":\"WebSite\",\"@id\":\"https:\\\/\\\/www.meydan.tv\\\/az\\\/#website\",\"url\":\"https:\\\/\\\/www.meydan.tv\\\/az\\\/\",\"name\":\"MEYDAN.TV\",\"description\":\"Meydan TV Az\u0259rbaycan\u0131n media m\u0259kan\u0131ndak\u0131 alternativ s\u0259sidir\",\"publisher\":{\"@id\":\"https:\\\/\\\/www.meydan.tv\\\/az\\\/#organization\"},\"potentialAction\":[{\"@type\":\"SearchAction\",\"target\":{\"@type\":\"EntryPoint\",\"urlTemplate\":\"https:\\\/\\\/www.meydan.tv\\\/az\\\/?s={search_term_string}\"},\"query-input\":{\"@type\":\"PropertyValueSpecification\",\"valueRequired\":true,\"valueName\":\"search_term_string\"}}],\"inLanguage\":\"az\"},{\"@type\":\"Organization\",\"@id\":\"https:\\\/\\\/www.meydan.tv\\\/az\\\/#organization\",\"name\":\"Meydan TV\",\"url\":\"https:\\\/\\\/www.meydan.tv\\\/az\\\/\",\"logo\":{\"@type\":\"ImageObject\",\"inLanguage\":\"az\",\"@id\":\"https:\\\/\\\/www.meydan.tv\\\/az\\\/#\\\/schema\\\/logo\\\/image\\\/\",\"url\":\"https:\\\/\\\/www.meydan.tv\\\/wp-content\\\/uploads\\\/2021\\\/07\\\/meydan-logo.svg\",\"contentUrl\":\"https:\\\/\\\/www.meydan.tv\\\/wp-content\\\/uploads\\\/2021\\\/07\\\/meydan-logo.svg\",\"width\":195,\"height\":46,\"caption\":\"Meydan TV\"},\"image\":{\"@id\":\"https:\\\/\\\/www.meydan.tv\\\/az\\\/#\\\/schema\\\/logo\\\/image\\\/\"}},{\"@type\":\"Person\",\"@id\":\"https:\\\/\\\/www.meydan.tv\\\/az\\\/#\\\/schema\\\/person\\\/10d11eccf6da3662cf5fdab9806ea91a\",\"name\":\"user-manager\"}]}<\/script>\n<!-- \/ Yoast SEO plugin. -->","yoast_head_json":{"title":"\u201cD\u00f6y\u00fc\u015fd\u0259 yaralan\u0131b, r\u00fctub\u0259tli daxmada ac can\u0131yla m\u00fccadil\u0259d\u0259dir\u201d - MEYDAN.TV","robots":{"index":"index","follow":"follow","max-snippet":"max-snippet:-1","max-image-preview":"max-image-preview:large","max-video-preview":"max-video-preview:-1"},"canonical":"https:\/\/www.meydan.tv\/az\/article\/doyusde-yaralanib-rutubetli-daxmada-ac-caniyla-mucadilededir\/","og_locale":"az_AZ","og_type":"article","og_title":"\u201cD\u00f6y\u00fc\u015fd\u0259 yaralan\u0131b, r\u00fctub\u0259tli daxmada ac can\u0131yla m\u00fccadil\u0259d\u0259dir\u201d - MEYDAN.TV","og_description":"\"Birc\u0259 arada icra n\u00fcmay\u0259nd\u0259si \u0259rzaq g\u0259tirir, ba\u015fqa he\u00e7 bir m\u0259murdan k\u00f6m\u0259klik g\u00f6rm\u0259mi\u015fik\u201d.","og_url":"https:\/\/www.meydan.tv\/az\/article\/doyusde-yaralanib-rutubetli-daxmada-ac-caniyla-mucadilededir\/","og_site_name":"MEYDAN.TV","article_published_time":"2021-02-22T14:10:22+00:00","og_image":[{"width":869,"height":489,"url":"https:\/\/www.meydan.tv\/wp-content\/uploads\/photo-2021-02-22-15-12-21_1.jpg","type":"image\/jpeg"}],"author":"user-manager","twitter_card":"summary_large_image","schema":{"@context":"https:\/\/schema.org","@graph":[{"@type":"Article","@id":"https:\/\/www.meydan.tv\/az\/article\/doyusde-yaralanib-rutubetli-daxmada-ac-caniyla-mucadilededir\/#article","isPartOf":{"@id":"https:\/\/www.meydan.tv\/az\/article\/doyusde-yaralanib-rutubetli-daxmada-ac-caniyla-mucadilededir\/"},"author":{"name":"user-manager","@id":"https:\/\/www.meydan.tv\/az\/#\/schema\/person\/10d11eccf6da3662cf5fdab9806ea91a"},"headline":"\u201cD\u00f6y\u00fc\u015fd\u0259 yaralan\u0131b, r\u00fctub\u0259tli daxmada ac can\u0131yla m\u00fccadil\u0259d\u0259dir\u201d","datePublished":"2021-02-22T14:10:22+00:00","mainEntityOfPage":{"@id":"https:\/\/www.meydan.tv\/az\/article\/doyusde-yaralanib-rutubetli-daxmada-ac-caniyla-mucadilededir\/"},"wordCount":959,"publisher":{"@id":"https:\/\/www.meydan.tv\/az\/#organization"},"image":{"@id":"https:\/\/www.meydan.tv\/az\/article\/doyusde-yaralanib-rutubetli-daxmada-ac-caniyla-mucadilededir\/#primaryimage"},"thumbnailUrl":"https:\/\/www.meydan.tv\/wp-content\/uploads\/photo-2021-02-22-15-12-21_1.jpg","articleSection":["B\u00f6lg\u0259"],"inLanguage":"az"},{"@type":"WebPage","@id":"https:\/\/www.meydan.tv\/az\/article\/doyusde-yaralanib-rutubetli-daxmada-ac-caniyla-mucadilededir\/","url":"https:\/\/www.meydan.tv\/az\/article\/doyusde-yaralanib-rutubetli-daxmada-ac-caniyla-mucadilededir\/","name":"\u201cD\u00f6y\u00fc\u015fd\u0259 yaralan\u0131b, r\u00fctub\u0259tli daxmada ac can\u0131yla m\u00fccadil\u0259d\u0259dir\u201d - MEYDAN.TV","isPartOf":{"@id":"https:\/\/www.meydan.tv\/az\/#website"},"primaryImageOfPage":{"@id":"https:\/\/www.meydan.tv\/az\/article\/doyusde-yaralanib-rutubetli-daxmada-ac-caniyla-mucadilededir\/#primaryimage"},"image":{"@id":"https:\/\/www.meydan.tv\/az\/article\/doyusde-yaralanib-rutubetli-daxmada-ac-caniyla-mucadilededir\/#primaryimage"},"thumbnailUrl":"https:\/\/www.meydan.tv\/wp-content\/uploads\/photo-2021-02-22-15-12-21_1.jpg","datePublished":"2021-02-22T14:10:22+00:00","breadcrumb":{"@id":"https:\/\/www.meydan.tv\/az\/article\/doyusde-yaralanib-rutubetli-daxmada-ac-caniyla-mucadilededir\/#breadcrumb"},"inLanguage":"az","potentialAction":[{"@type":"ReadAction","target":["https:\/\/www.meydan.tv\/az\/article\/doyusde-yaralanib-rutubetli-daxmada-ac-caniyla-mucadilededir\/"]}]},{"@type":"ImageObject","inLanguage":"az","@id":"https:\/\/www.meydan.tv\/az\/article\/doyusde-yaralanib-rutubetli-daxmada-ac-caniyla-mucadilededir\/#primaryimage","url":"https:\/\/www.meydan.tv\/wp-content\/uploads\/photo-2021-02-22-15-12-21_1.jpg","contentUrl":"https:\/\/www.meydan.tv\/wp-content\/uploads\/photo-2021-02-22-15-12-21_1.jpg","width":869,"height":489,"caption":"Source: Specify Source"},{"@type":"BreadcrumbList","@id":"https:\/\/www.meydan.tv\/az\/article\/doyusde-yaralanib-rutubetli-daxmada-ac-caniyla-mucadilededir\/#breadcrumb","itemListElement":[{"@type":"ListItem","position":1,"name":"Ana s\u0259hif\u0259","item":"https:\/\/www.meydan.tv\/az\/"},{"@type":"ListItem","position":2,"name":"B\u00f6lg\u0259","item":"https:\/\/www.meydan.tv\/az\/section\/bolge\/"},{"@type":"ListItem","position":3,"name":"\u201cD\u00f6y\u00fc\u015fd\u0259 yaralan\u0131b, r\u00fctub\u0259tli daxmada ac can\u0131yla m\u00fccadil\u0259d\u0259dir\u201d"}]},{"@type":"WebSite","@id":"https:\/\/www.meydan.tv\/az\/#website","url":"https:\/\/www.meydan.tv\/az\/","name":"MEYDAN.TV","description":"Meydan TV Az\u0259rbaycan\u0131n media m\u0259kan\u0131ndak\u0131 alternativ s\u0259sidir","publisher":{"@id":"https:\/\/www.meydan.tv\/az\/#organization"},"potentialAction":[{"@type":"SearchAction","target":{"@type":"EntryPoint","urlTemplate":"https:\/\/www.meydan.tv\/az\/?s={search_term_string}"},"query-input":{"@type":"PropertyValueSpecification","valueRequired":true,"valueName":"search_term_string"}}],"inLanguage":"az"},{"@type":"Organization","@id":"https:\/\/www.meydan.tv\/az\/#organization","name":"Meydan TV","url":"https:\/\/www.meydan.tv\/az\/","logo":{"@type":"ImageObject","inLanguage":"az","@id":"https:\/\/www.meydan.tv\/az\/#\/schema\/logo\/image\/","url":"https:\/\/www.meydan.tv\/wp-content\/uploads\/2021\/07\/meydan-logo.svg","contentUrl":"https:\/\/www.meydan.tv\/wp-content\/uploads\/2021\/07\/meydan-logo.svg","width":195,"height":46,"caption":"Meydan TV"},"image":{"@id":"https:\/\/www.meydan.tv\/az\/#\/schema\/logo\/image\/"}},{"@type":"Person","@id":"https:\/\/www.meydan.tv\/az\/#\/schema\/person\/10d11eccf6da3662cf5fdab9806ea91a","name":"user-manager"}]}},"_links":{"self":[{"href":"https:\/\/www.meydan.tv\/az\/wp-json\/wp\/v2\/posts\/205076","targetHints":{"allow":["GET"]}}],"collection":[{"href":"https:\/\/www.meydan.tv\/az\/wp-json\/wp\/v2\/posts"}],"about":[{"href":"https:\/\/www.meydan.tv\/az\/wp-json\/wp\/v2\/types\/post"}],"author":[{"embeddable":true,"href":"https:\/\/www.meydan.tv\/az\/wp-json\/wp\/v2\/users\/11"}],"replies":[{"embeddable":true,"href":"https:\/\/www.meydan.tv\/az\/wp-json\/wp\/v2\/comments?post=205076"}],"version-history":[{"count":0,"href":"https:\/\/www.meydan.tv\/az\/wp-json\/wp\/v2\/posts\/205076\/revisions"}],"wp:featuredmedia":[{"embeddable":true,"href":"https:\/\/www.meydan.tv\/az\/wp-json\/wp\/v2\/media\/156744"}],"wp:attachment":[{"href":"https:\/\/www.meydan.tv\/az\/wp-json\/wp\/v2\/media?parent=205076"}],"wp:term":[{"taxonomy":"category","embeddable":true,"href":"https:\/\/www.meydan.tv\/az\/wp-json\/wp\/v2\/categories?post=205076"},{"taxonomy":"post_tag","embeddable":true,"href":"https:\/\/www.meydan.tv\/az\/wp-json\/wp\/v2\/tags?post=205076"}],"curies":[{"name":"wp","href":"https:\/\/api.w.org\/{rel}","templated":true}]}}