{"id":205066,"date":"2021-02-22T11:22:43","date_gmt":"2021-02-22T11:22:43","guid":{"rendered":"https:\/\/www.meydan.tv\/article\/canimizla-qorudugumuz-torpaqdan-bize-bir-hisse-verilmir-ki-dolanaq\/"},"modified":"2021-02-22T11:22:43","modified_gmt":"2021-02-22T11:22:43","slug":"canimizla-qorudugumuz-torpaqdan-bize-bir-hisse-verilmir-ki-dolanaq","status":"publish","type":"post","link":"https:\/\/www.meydan.tv\/az\/article\/canimizla-qorudugumuz-torpaqdan-bize-bir-hisse-verilmir-ki-dolanaq\/","title":{"rendered":"\u201cCan\u0131m\u0131zla qorudu\u011fumuz torpaqdan biz\u0259 bir hiss\u0259 verilmir ki, dolanaq&#8230;\u201d"},"content":{"rendered":"<p>\n  <i><br \/>\n    \u015e\u0259mkird\u0259 m\u00fcharib\u0259 veteranlar\u0131 b\u0259l\u0259diyy\u0259d\u0259n \u015fikay\u0259t\u00e7idir<br \/>\n  <\/i>\n<\/p>\n<p>\n  \u015e\u0259mkir rayonunun A\u011flava\u015fl\u0131 k\u0259ndind\u0259 ya\u015fayan Qaraba\u011f m\u00fcharib\u0259si veteranlar\u0131 b\u0259l\u0259diyy\u0259 s\u0259drind\u0259n v\u0259 icra ba\u015f\u00e7\u0131s\u0131ndan naraz\u0131d\u0131r. Deyirl\u0259r ki, \u0259kin\u00e7ilikl\u0259 m\u0259\u015f\u011ful olmaq \u00fc\u00e7\u00fcn torpaq sah\u0259si icar\u0259y\u0259 g\u00f6t\u00fcrm\u0259k ist\u0259s\u0259l\u0259r d\u0259, onlara imkan verilmir.\n<\/p>\n<p>\n  <b><br \/>\n    \u201cEhtiyac i\u00e7ind\u0259 ya\u015fay\u0131r\u0131q\u201d<br \/>\n  <\/b>\n<\/p>\n<p>\n  47 ya\u015fl\u0131 Naib H\u0259s\u0259nov deyir ki, \u00f6z\u00fc Birinci Qaraba\u011f M\u00fcharib\u0259sind\u0259, o\u011flu Qafur da \u0130kinci Qaraba\u011f M\u00fcharib\u0259sind\u0259 \u00f6lk\u0259nin \u0259razi b\u00f6t\u00f6vl\u00fcy\u00fc u\u011frunda d\u00f6y\u00fc\u015f\u00fcb. K\u0259ndd\u0259ki \u0259ks\u0259r ail\u0259l\u0259r kimi, onlar da dolan\u0131\u015f\u0131qda maddi bax\u0131mdan \u0259ziyy\u0259t \u00e7\u0259kirl\u0259r. Ona g\u00f6r\u0259 d\u0259 A\u011flava\u015fl\u0131dan olan dig\u0259r Qaraba\u011f m\u00fcharib\u0259si veteranlar\u0131 il\u0259 birlikd\u0259 q\u0259rara g\u0259libl\u0259r ki, icar\u0259y\u0259 torpaq g\u00f6t\u00fcr\u00fcb, \u0259kin-bi\u00e7inl\u0259 m\u0259\u015f\u011ful olsunlar:\n<\/p>\n<p>\n  \u201cV\u0259ziyy\u0259t yax\u015f\u0131 deyil, \u0259m\u0259lli-ba\u015fl\u0131 ehtiyac i\u00e7ind\u0259 ya\u015fay\u0131r\u0131q. Dolan\u0131\u015f\u0131\u011f\u0131m\u0131z\u0131 t\u0259min el\u0259m\u0259k \u00fc\u00e7\u00fcn \u0259kin\u00e7ilikl\u0259 m\u0259\u015f\u011ful olma\u011f\u0131 q\u0259rarla\u015fd\u0131rd\u0131q. \u018fkin\u00e7ilikl\u0259 m\u0259\u015f\u011ful olmaq \u00fc\u00e7\u00fcn d\u0259 torpaq laz\u0131md\u0131r ax\u0131&#8230; \u018fvv\u0259l 10 n\u0259f\u0259r m\u00fcharib\u0259 i\u015ftirak\u00e7\u0131s\u0131 topla\u015f\u0131b, icar\u0259y\u0259 torpaq g\u00f6t\u00fcrm\u0259k \u00fc\u00e7\u00fcn b\u0259l\u0259diyy\u0259y\u0259 m\u00fcraci\u0259t el\u0259dik. Sonra say\u0131m\u0131z artd\u0131, 17 n\u0259f\u0259r olduq. Aram\u0131zda m\u00fcharib\u0259d\u0259 \u0259lil olanlar da vard\u0131\u201d.\n<\/p>\n<figure class=\"wp-block-image size-large\">\n  <img decoding=\"async\" src=\"https:\/\/www.meydan.tv\/az\/photo-2021-02-22-13-48-40-jpg\/\" alt=\"photo-2021-02-22-13-48-40.jpg\" class=\"wp-image-156696\"\/><figcaption>\n    Prezident\u0259 \u0259riz\u0259<br \/>\n  <\/figcaption><\/figure>\n<p>\n  Naib H\u0259s\u0259novun s\u00f6zl\u0259rin\u0259 g\u00f6r\u0259, A\u011flava\u015fl\u0131 K\u0259nd B\u0259l\u0259diyy\u0259sind\u0259n r\u0259dd cavab\u0131 al\u0131blar. O iddia edir ki, b\u0259l\u0259diyy\u0259 s\u0259dri El\u015f\u0259n Mehdiyev icar\u0259y\u0259 torpaq ayr\u0131lmas\u0131 \u00fc\u00e7\u00fcn pul ist\u0259yib. T\u0259l\u0259b olunan v\u0259saiti ver\u0259 bilm\u0259dikl\u0259rin\u0259 g\u00f6r\u0259 Qaraba\u011f m\u00fcharib\u0259si veteranlar\u0131na torpaq sah\u0259si ayr\u0131lmay\u0131b:\n<\/p>\n<p>\n  \u201cBizim k\u0259ndd\u0259 b\u0259l\u0259diyy\u0259nin m\u00fclkiyy\u0259tind\u0259 700 hektar torpaq sah\u0259si var, amma vermir. 22 ildir b\u0259l\u0259diyy\u0259 s\u0259dridir, ondan \u0259vv\u0259l d\u0259 10 il kolxoz s\u0259dri i\u015fl\u0259yib. N\u0259 ist\u0259yir, onu da el\u0259yir. K\u0259ndin n\u0259yi varsa, onun s\u0259r\u0259ncam\u0131ndad\u0131r. Kommunizm vaxt\u0131nda yerin alt\u0131ndan ke\u00e7\u0259n borulara q\u0259d\u0259r sat\u0131blar. Torpaq sah\u0259l\u0259rini \u00f6z\u00fcn\u0259 yax\u0131n olanlara paylay\u0131r. Deyir ki, \u201ctorpa\u011f\u0131n hektar\u0131 2500-3000 mindir\u201d. A\u00e7\u0131q-a\u00e7\u0131\u011f\u0131na bildirir ki, \u201cb\u0259l\u0259diyy\u0259 s\u0259dri olmaq havay\u0131 deyil, h\u0259r d\u0259f\u0259 5 il \u00fc\u00e7\u00fcn m\u0259n d\u0259 pul verir\u0259m, onu \u00e7\u0131xarmal\u0131yam\u201d. Aram\u0131zda el\u0259 yolda\u015flar\u0131m\u0131z var ki, t\u0259hqir edir&#8230;\u201d\n<\/p>\n<p>\n  <b><br \/>\n    \u201cBu \u00f6lk\u0259 u\u011frunda vuru\u015fmu\u015fam, m\u0259n\u0259 \u201cv\u0259t\u0259n xaini\u201d deyir\u201d<br \/>\n  <\/b>\n<\/p>\n<p>\n  \u0130car\u0259y\u0259 torpaq g\u00f6t\u00fcrm\u0259k \u00fc\u00e7\u00fcn m\u00fcraci\u0259t etmi\u015f m\u00fcharib\u0259 veteranlar\u0131ndan 48 ya\u015fl\u0131 Yal\u00e7\u0131n Rzayev deyir ki, b\u0259l\u0259diyy\u0259 s\u0259drinin qanunsuz t\u0259l\u0259bl\u0259rin\u0259 g\u00f6r\u0259 aralar\u0131nda m\u00fcbahis\u0259 yaran\u0131b. M\u00fcbahis\u0259 zaman\u0131 El\u015f\u0259n Mehdiyev onu t\u0259hqir edib:\n<\/p>\n<p>\n  \u201cM\u0259ni \u201cv\u0259t\u0259n xaini\u201d adland\u0131r\u0131r. Halbuki, onun kimil\u0259rin harada oldu\u011fu bilinm\u0259y\u0259nd\u0259 m\u0259n h\u0259yat\u0131m\u0131 t\u0259hl\u00fck\u0259y\u0259 at\u0131b, bu \u00f6lk\u0259 u\u011frunda vuru\u015furdum. M\u0259nim d\u00f6rd \u00f6vlad\u0131m var, ail\u0259mi nec\u0259 doland\u0131r\u0131m? N\u0259 ist\u0259yirik, deyirik ki, ham\u0131 kimi, biz\u0259 d\u0259 icar\u0259y\u0259 torpaq ayr\u0131ls\u0131n, \u0259kib-bi\u00e7\u0259k, birt\u0259h\u0259r dolanaq. He\u00e7 kimin \u015f\u0259xsi \u0259mlak\u0131n\u0131 ist\u0259mirik ki. \u00d6z\u00fc qarda\u015flar\u0131 il\u0259 birlikd\u0259 100 hektara q\u0259d\u0259r \u0259razini g\u00f6t\u00fcr\u00fcb. Can\u0131m\u0131zla qorudu\u011fumuz torpaqlardan bir hiss\u0259 biz\u0259 verilmir ki, dolanaq\u201d.\n<\/p>\n<figure class=\"wp-block-image size-large\">\n  <img decoding=\"async\" src=\"https:\/\/www.meydan.tv\/az\/photo-2021-02-22-13-48-39-jpg\/\" alt=\"photo-2021-02-22-13-48-39.jpg\" class=\"wp-image-156702\"\/><figcaption>\n    Mehriban \u018fliyevaya teleqram<br \/>\n  <\/figcaption><\/figure>\n<p>\n  Yal\u00e7\u0131n Rzayev \u201cv\u0259t\u0259n xaini\u201d ittiham\u0131na g\u00f6r\u0259 d\u0259 h\u00fcquq-m\u00fchafiz\u0259 orqanlar\u0131na \u015fikay\u0259t edib.\n<\/p>\n<p>\n  B\u0259l\u0259diyy\u0259 s\u0259drind\u0259n r\u0259dd cavab\u0131 alan veteranlar \u015e\u0259mkir Rayon \u0130cra Hakimiyy\u0259tin\u0259 \u00fcz tutublar. \u0130cra ba\u015f\u00e7\u0131s\u0131 Alimpa\u015fa M\u0259mm\u0259dovla g\u00f6r\u00fc\u015fs\u0259l\u0259r d\u0259, m\u0259yus qay\u0131d\u0131blar.\n<\/p>\n<p>\n  \u201c\u0130cra hakimiyy\u0259tin\u0259 bir ne\u00e7\u0259 d\u0259f\u0259 getmi\u015fik. Xeyri olmad\u0131. \u0130cra ba\u015f\u00e7\u0131s\u0131 g\u00f6r\u00fc\u015fd\u0259 sanki bax\u0131\u015flar\u0131yla bizi qovurdu&#8230;\u201d, &#8211; Naib H\u0259s\u0259nov bel\u0259 deyir.\n<\/p>\n<p>\n  <b><br \/>\n    \u201cGedib h\u0259rracdan als\u0131nlar&#8230;\u201d<br \/>\n  <\/b>\n<\/p>\n<p>\n  B\u0259l\u0259diyy\u0259 s\u0259dri El\u015f\u0259n Mehdiyev ittihamlar\u0131 r\u0259dd edir, haqq\u0131nda s\u0259sl\u0259n\u0259n fikirl\u0259rin h\u0259qiq\u0259t\u0259uy\u011fun olmad\u0131\u011f\u0131n\u0131 bildirir.\n<\/p>\n<p>\n  \u201cOnlar 2020-ci ilin yanvar\u0131nda m\u00fcraci\u0259t edibl\u0259r. Yanvar\u0131n 29-da onlar\u0131n \u0259riz\u0259si m\u00fczakir\u0259 edilib, q\u0259rar q\u0259bul edilib. Torpaq sah\u0259l\u0259ri m\u00fcvafiq r\u0259yl\u0259rin, b\u0259l\u0259diyy\u0259nin m\u00fclkiyy\u0259t h\u00fcququnu t\u0259sdiql\u0259y\u0259n \u00e7\u0131xar\u0131\u015flar\u0131n al\u0131nmas\u0131 \u00fc\u00e7\u00fcn Da\u015f\u0131nmaz \u018fmlak\u0131n D\u00f6vl\u0259t Reyestri Xidm\u0259tin\u0259 m\u00fcraci\u0259t olunub. H\u0259l\u0259 \u00e7\u0131xar\u0131\u015flar\u0131 ala bilm\u0259mi\u015fik. \u00d6zl\u0259rin\u0259 d\u0259 demi\u015f\u0259m, \u00e7\u0131xar\u0131\u015flar al\u0131nandan sonra h\u0259rrac komissiyas\u0131na g\u00f6nd\u0259r\u0259c\u0259yik. H\u0259rrac ke\u00e7iril\u0259nd\u0259 vaxt\u0131 bar\u0259d\u0259 ham\u0131ya m\u0259lumat veril\u0259c\u0259k. Gedin, i\u015ftirak edin, h\u0259rracda qalib g\u0259lin, torpaq sahibi olun\u201d, &#8211; b\u0259l\u0259diyy\u0259 s\u0259dri Meydan TV-y\u0259 bildirib.\n<\/p>\n<p>\n  <b><br \/>\n    \u201cQarda\u015f\u0131 b\u0259l\u0259diyy\u0259 s\u0259dri olmam\u0131\u015fdan \u0259vv\u0259l al\u0131b\u201d<br \/>\n  <\/b>\n<\/p>\n<p>\n  \u015e\u0259mkir Rayon \u0130cra Hakimiyy\u0259tinin \u018frazi idar\u0259etm\u0259 v\u0259 yerli \u00f6z\u00fcn\u00fcidar\u0259etm\u0259 orqanlar\u0131 il\u0259 i\u015f \u015f\u00f6b\u0259sind\u0259n bildirilib ki, b\u0259l\u0259diyy\u0259nin s\u0259r\u0259ncam\u0131nda olan torpaq sah\u0259l\u0259rini icar\u0259y\u0259 g\u00f6t\u00fcrm\u0259k ist\u0259y\u0259n Qaraba\u011f m\u00fcharib\u0259si veteranlar\u0131n\u0131n m\u00fcraci\u0259tl\u0259rini \u0259trafl\u0131 ara\u015fd\u0131r\u0131blar:\n<\/p>\n<figure class=\"wp-block-image size-large\">\n  <img decoding=\"async\" src=\"https:\/\/www.meydan.tv\/az\/photo-2021-02-22-13-48-38-jpg\/\" alt=\"photo-2021-02-22-13-48-38.jpg\" class=\"wp-image-156699\"\/><figcaption>\n    Ba\u015f Prokuror Kamran \u018fliyeva \u015fikay\u0259t<br \/>\n  <\/figcaption><\/figure>\n<p>\n  \u201cTorpaq islahat\u0131 d\u00f6vr\u00fcnd\u0259 ham\u0131 kimi, Qaraba\u011f veteranlar\u0131na da pay torpaqlar\u0131 verilib. \u0130ndi \u0259lav\u0259 torpaq ist\u0259yirl\u0259r. B\u0259l\u0259diyy\u0259nin torpaq sah\u0259si ay\u0131rmas\u0131 \u00fc\u00e7\u00fcn qanunlar var, onlar\u0131n \u0259sas\u0131nda ayr\u0131l\u0131r. H\u0259rrac vasit\u0259sil\u0259 ist\u0259nil\u0259n v\u0259t\u0259nda\u015f, o c\u00fcml\u0259d\u0259n onlar da ala bil\u0259r\u201d.\n<\/p>\n<p>\n  B\u0259l\u0259diyy\u0259nin s\u0259r\u0259ncam\u0131nda olan torpaq sah\u0259l\u0259rinin b\u0259l\u0259diyy\u0259 s\u0259drinin qohumlar\u0131na verilm\u0259sin\u0259 g\u0259linc\u0259, icra hakimiyy\u0259tind\u0259n bildirilib ki, El\u015f\u0259n Mehdiyevin qarda\u015f\u0131 h\u0259min \u0259razil\u0259ri torpaq islahat\u0131 d\u00f6vr\u00fcnd\u0259 al\u0131b: \u201cQarda\u015f\u0131 b\u0259l\u0259diyy\u0259 s\u0259dri olandan sonra almay\u0131b\u201d.\n<\/p>\n<figure class=\"wp-block-image size-large\">\n  <img decoding=\"async\" src=\"https:\/\/www.meydan.tv\/az\/photo-2021-02-22-13-48-40-1-jpg\/\" alt=\"photo-2021-02-22-13-48-40 (1).jpg\" class=\"wp-image-156693\"\/><figcaption>\n    \u015e\u0259mkir Rayon \u0130cra Hakimiyy\u0259tinin cavab\u0131<br \/>\n  <\/figcaption><\/figure>\n","protected":false},"excerpt":{"rendered":"<p>\u201cTorpaq islahat\u0131 d\u00f6vr\u00fcnd\u0259 ham\u0131 kimi, Qaraba\u011f veteranlar\u0131na da pay torpaqlar\u0131 verilib&#8221;<\/p>\n","protected":false},"author":11,"featured_media":156708,"comment_status":"closed","ping_status":"open","sticky":false,"template":"","format":"standard","meta":{"_acf_changed":false,"_sitemap_exclude":false,"_sitemap_priority":"","_sitemap_frequency":"","footnotes":""},"categories":[60],"tags":[],"class_list":["post-205066","post","type-post","status-publish","format-standard","has-post-thumbnail","hentry","category-bolge","infinite-scroll-item","generate-columns","tablet-grid-50","mobile-grid-100","grid-parent","grid-33","no-featured-image-padding"],"acf":[],"yoast_head":"<!-- This site is optimized with the Yoast SEO plugin v27.5 - https:\/\/yoast.com\/product\/yoast-seo-wordpress\/ -->\n<title>\u201cCan\u0131m\u0131zla qorudu\u011fumuz torpaqdan biz\u0259 bir hiss\u0259 verilmir ki, dolanaq...\u201d - MEYDAN.TV<\/title>\n<meta name=\"robots\" content=\"index, follow, max-snippet:-1, max-image-preview:large, max-video-preview:-1\" \/>\n<link rel=\"canonical\" href=\"https:\/\/www.meydan.tv\/az\/article\/canimizla-qorudugumuz-torpaqdan-bize-bir-hisse-verilmir-ki-dolanaq\/\" \/>\n<meta property=\"og:locale\" content=\"az_AZ\" \/>\n<meta property=\"og:type\" content=\"article\" \/>\n<meta property=\"og:title\" content=\"\u201cCan\u0131m\u0131zla qorudu\u011fumuz torpaqdan biz\u0259 bir hiss\u0259 verilmir ki, dolanaq...\u201d - MEYDAN.TV\" \/>\n<meta property=\"og:description\" content=\"\u201cTorpaq islahat\u0131 d\u00f6vr\u00fcnd\u0259 ham\u0131 kimi, Qaraba\u011f veteranlar\u0131na da pay torpaqlar\u0131 verilib&quot;\" \/>\n<meta property=\"og:url\" content=\"https:\/\/www.meydan.tv\/az\/article\/canimizla-qorudugumuz-torpaqdan-bize-bir-hisse-verilmir-ki-dolanaq\/\" \/>\n<meta property=\"og:site_name\" content=\"MEYDAN.TV\" \/>\n<meta property=\"article:published_time\" content=\"2021-02-22T11:22:43+00:00\" \/>\n<meta property=\"og:image\" content=\"https:\/\/www.meydan.tv\/wp-content\/uploads\/untitled_design_6o2rniw.png\" \/>\n\t<meta property=\"og:image:width\" content=\"1920\" \/>\n\t<meta property=\"og:image:height\" content=\"1080\" \/>\n\t<meta property=\"og:image:type\" content=\"image\/png\" \/>\n<meta name=\"author\" content=\"user-manager\" \/>\n<meta name=\"twitter:card\" content=\"summary_large_image\" \/>\n<script type=\"application\/ld+json\" class=\"yoast-schema-graph\">{\"@context\":\"https:\\\/\\\/schema.org\",\"@graph\":[{\"@type\":\"Article\",\"@id\":\"https:\\\/\\\/www.meydan.tv\\\/az\\\/article\\\/canimizla-qorudugumuz-torpaqdan-bize-bir-hisse-verilmir-ki-dolanaq\\\/#article\",\"isPartOf\":{\"@id\":\"https:\\\/\\\/www.meydan.tv\\\/az\\\/article\\\/canimizla-qorudugumuz-torpaqdan-bize-bir-hisse-verilmir-ki-dolanaq\\\/\"},\"author\":{\"name\":\"user-manager\",\"@id\":\"https:\\\/\\\/www.meydan.tv\\\/az\\\/#\\\/schema\\\/person\\\/10d11eccf6da3662cf5fdab9806ea91a\"},\"headline\":\"\u201cCan\u0131m\u0131zla qorudu\u011fumuz torpaqdan biz\u0259 bir hiss\u0259 verilmir ki, dolanaq&#8230;\u201d\",\"datePublished\":\"2021-02-22T11:22:43+00:00\",\"mainEntityOfPage\":{\"@id\":\"https:\\\/\\\/www.meydan.tv\\\/az\\\/article\\\/canimizla-qorudugumuz-torpaqdan-bize-bir-hisse-verilmir-ki-dolanaq\\\/\"},\"wordCount\":1084,\"publisher\":{\"@id\":\"https:\\\/\\\/www.meydan.tv\\\/az\\\/#organization\"},\"image\":{\"@id\":\"https:\\\/\\\/www.meydan.tv\\\/az\\\/article\\\/canimizla-qorudugumuz-torpaqdan-bize-bir-hisse-verilmir-ki-dolanaq\\\/#primaryimage\"},\"thumbnailUrl\":\"https:\\\/\\\/www.meydan.tv\\\/wp-content\\\/uploads\\\/untitled_design_6o2rniw.png\",\"articleSection\":[\"B\u00f6lg\u0259\"],\"inLanguage\":\"az\"},{\"@type\":\"WebPage\",\"@id\":\"https:\\\/\\\/www.meydan.tv\\\/az\\\/article\\\/canimizla-qorudugumuz-torpaqdan-bize-bir-hisse-verilmir-ki-dolanaq\\\/\",\"url\":\"https:\\\/\\\/www.meydan.tv\\\/az\\\/article\\\/canimizla-qorudugumuz-torpaqdan-bize-bir-hisse-verilmir-ki-dolanaq\\\/\",\"name\":\"\u201cCan\u0131m\u0131zla qorudu\u011fumuz torpaqdan biz\u0259 bir hiss\u0259 verilmir ki, dolanaq...\u201d - MEYDAN.TV\",\"isPartOf\":{\"@id\":\"https:\\\/\\\/www.meydan.tv\\\/az\\\/#website\"},\"primaryImageOfPage\":{\"@id\":\"https:\\\/\\\/www.meydan.tv\\\/az\\\/article\\\/canimizla-qorudugumuz-torpaqdan-bize-bir-hisse-verilmir-ki-dolanaq\\\/#primaryimage\"},\"image\":{\"@id\":\"https:\\\/\\\/www.meydan.tv\\\/az\\\/article\\\/canimizla-qorudugumuz-torpaqdan-bize-bir-hisse-verilmir-ki-dolanaq\\\/#primaryimage\"},\"thumbnailUrl\":\"https:\\\/\\\/www.meydan.tv\\\/wp-content\\\/uploads\\\/untitled_design_6o2rniw.png\",\"datePublished\":\"2021-02-22T11:22:43+00:00\",\"breadcrumb\":{\"@id\":\"https:\\\/\\\/www.meydan.tv\\\/az\\\/article\\\/canimizla-qorudugumuz-torpaqdan-bize-bir-hisse-verilmir-ki-dolanaq\\\/#breadcrumb\"},\"inLanguage\":\"az\",\"potentialAction\":[{\"@type\":\"ReadAction\",\"target\":[\"https:\\\/\\\/www.meydan.tv\\\/az\\\/article\\\/canimizla-qorudugumuz-torpaqdan-bize-bir-hisse-verilmir-ki-dolanaq\\\/\"]}]},{\"@type\":\"ImageObject\",\"inLanguage\":\"az\",\"@id\":\"https:\\\/\\\/www.meydan.tv\\\/az\\\/article\\\/canimizla-qorudugumuz-torpaqdan-bize-bir-hisse-verilmir-ki-dolanaq\\\/#primaryimage\",\"url\":\"https:\\\/\\\/www.meydan.tv\\\/wp-content\\\/uploads\\\/untitled_design_6o2rniw.png\",\"contentUrl\":\"https:\\\/\\\/www.meydan.tv\\\/wp-content\\\/uploads\\\/untitled_design_6o2rniw.png\",\"width\":1920,\"height\":1080,\"caption\":\"Source: Specify Source\"},{\"@type\":\"BreadcrumbList\",\"@id\":\"https:\\\/\\\/www.meydan.tv\\\/az\\\/article\\\/canimizla-qorudugumuz-torpaqdan-bize-bir-hisse-verilmir-ki-dolanaq\\\/#breadcrumb\",\"itemListElement\":[{\"@type\":\"ListItem\",\"position\":1,\"name\":\"Ana s\u0259hif\u0259\",\"item\":\"https:\\\/\\\/www.meydan.tv\\\/az\\\/\"},{\"@type\":\"ListItem\",\"position\":2,\"name\":\"B\u00f6lg\u0259\",\"item\":\"https:\\\/\\\/www.meydan.tv\\\/az\\\/section\\\/bolge\\\/\"},{\"@type\":\"ListItem\",\"position\":3,\"name\":\"\u201cCan\u0131m\u0131zla qorudu\u011fumuz torpaqdan biz\u0259 bir hiss\u0259 verilmir ki, dolanaq&#8230;\u201d\"}]},{\"@type\":\"WebSite\",\"@id\":\"https:\\\/\\\/www.meydan.tv\\\/az\\\/#website\",\"url\":\"https:\\\/\\\/www.meydan.tv\\\/az\\\/\",\"name\":\"MEYDAN.TV\",\"description\":\"Meydan TV Az\u0259rbaycan\u0131n media m\u0259kan\u0131ndak\u0131 alternativ s\u0259sidir\",\"publisher\":{\"@id\":\"https:\\\/\\\/www.meydan.tv\\\/az\\\/#organization\"},\"potentialAction\":[{\"@type\":\"SearchAction\",\"target\":{\"@type\":\"EntryPoint\",\"urlTemplate\":\"https:\\\/\\\/www.meydan.tv\\\/az\\\/?s={search_term_string}\"},\"query-input\":{\"@type\":\"PropertyValueSpecification\",\"valueRequired\":true,\"valueName\":\"search_term_string\"}}],\"inLanguage\":\"az\"},{\"@type\":\"Organization\",\"@id\":\"https:\\\/\\\/www.meydan.tv\\\/az\\\/#organization\",\"name\":\"Meydan TV\",\"url\":\"https:\\\/\\\/www.meydan.tv\\\/az\\\/\",\"logo\":{\"@type\":\"ImageObject\",\"inLanguage\":\"az\",\"@id\":\"https:\\\/\\\/www.meydan.tv\\\/az\\\/#\\\/schema\\\/logo\\\/image\\\/\",\"url\":\"https:\\\/\\\/www.meydan.tv\\\/wp-content\\\/uploads\\\/2021\\\/07\\\/meydan-logo.svg\",\"contentUrl\":\"https:\\\/\\\/www.meydan.tv\\\/wp-content\\\/uploads\\\/2021\\\/07\\\/meydan-logo.svg\",\"width\":195,\"height\":46,\"caption\":\"Meydan TV\"},\"image\":{\"@id\":\"https:\\\/\\\/www.meydan.tv\\\/az\\\/#\\\/schema\\\/logo\\\/image\\\/\"}},{\"@type\":\"Person\",\"@id\":\"https:\\\/\\\/www.meydan.tv\\\/az\\\/#\\\/schema\\\/person\\\/10d11eccf6da3662cf5fdab9806ea91a\",\"name\":\"user-manager\"}]}<\/script>\n<!-- \/ Yoast SEO plugin. -->","yoast_head_json":{"title":"\u201cCan\u0131m\u0131zla qorudu\u011fumuz torpaqdan biz\u0259 bir hiss\u0259 verilmir ki, dolanaq...\u201d - MEYDAN.TV","robots":{"index":"index","follow":"follow","max-snippet":"max-snippet:-1","max-image-preview":"max-image-preview:large","max-video-preview":"max-video-preview:-1"},"canonical":"https:\/\/www.meydan.tv\/az\/article\/canimizla-qorudugumuz-torpaqdan-bize-bir-hisse-verilmir-ki-dolanaq\/","og_locale":"az_AZ","og_type":"article","og_title":"\u201cCan\u0131m\u0131zla qorudu\u011fumuz torpaqdan biz\u0259 bir hiss\u0259 verilmir ki, dolanaq...\u201d - MEYDAN.TV","og_description":"\u201cTorpaq islahat\u0131 d\u00f6vr\u00fcnd\u0259 ham\u0131 kimi, Qaraba\u011f veteranlar\u0131na da pay torpaqlar\u0131 verilib\"","og_url":"https:\/\/www.meydan.tv\/az\/article\/canimizla-qorudugumuz-torpaqdan-bize-bir-hisse-verilmir-ki-dolanaq\/","og_site_name":"MEYDAN.TV","article_published_time":"2021-02-22T11:22:43+00:00","og_image":[{"width":1920,"height":1080,"url":"https:\/\/www.meydan.tv\/wp-content\/uploads\/untitled_design_6o2rniw.png","type":"image\/png"}],"author":"user-manager","twitter_card":"summary_large_image","schema":{"@context":"https:\/\/schema.org","@graph":[{"@type":"Article","@id":"https:\/\/www.meydan.tv\/az\/article\/canimizla-qorudugumuz-torpaqdan-bize-bir-hisse-verilmir-ki-dolanaq\/#article","isPartOf":{"@id":"https:\/\/www.meydan.tv\/az\/article\/canimizla-qorudugumuz-torpaqdan-bize-bir-hisse-verilmir-ki-dolanaq\/"},"author":{"name":"user-manager","@id":"https:\/\/www.meydan.tv\/az\/#\/schema\/person\/10d11eccf6da3662cf5fdab9806ea91a"},"headline":"\u201cCan\u0131m\u0131zla qorudu\u011fumuz torpaqdan biz\u0259 bir hiss\u0259 verilmir ki, dolanaq&#8230;\u201d","datePublished":"2021-02-22T11:22:43+00:00","mainEntityOfPage":{"@id":"https:\/\/www.meydan.tv\/az\/article\/canimizla-qorudugumuz-torpaqdan-bize-bir-hisse-verilmir-ki-dolanaq\/"},"wordCount":1084,"publisher":{"@id":"https:\/\/www.meydan.tv\/az\/#organization"},"image":{"@id":"https:\/\/www.meydan.tv\/az\/article\/canimizla-qorudugumuz-torpaqdan-bize-bir-hisse-verilmir-ki-dolanaq\/#primaryimage"},"thumbnailUrl":"https:\/\/www.meydan.tv\/wp-content\/uploads\/untitled_design_6o2rniw.png","articleSection":["B\u00f6lg\u0259"],"inLanguage":"az"},{"@type":"WebPage","@id":"https:\/\/www.meydan.tv\/az\/article\/canimizla-qorudugumuz-torpaqdan-bize-bir-hisse-verilmir-ki-dolanaq\/","url":"https:\/\/www.meydan.tv\/az\/article\/canimizla-qorudugumuz-torpaqdan-bize-bir-hisse-verilmir-ki-dolanaq\/","name":"\u201cCan\u0131m\u0131zla qorudu\u011fumuz torpaqdan biz\u0259 bir hiss\u0259 verilmir ki, dolanaq...\u201d - MEYDAN.TV","isPartOf":{"@id":"https:\/\/www.meydan.tv\/az\/#website"},"primaryImageOfPage":{"@id":"https:\/\/www.meydan.tv\/az\/article\/canimizla-qorudugumuz-torpaqdan-bize-bir-hisse-verilmir-ki-dolanaq\/#primaryimage"},"image":{"@id":"https:\/\/www.meydan.tv\/az\/article\/canimizla-qorudugumuz-torpaqdan-bize-bir-hisse-verilmir-ki-dolanaq\/#primaryimage"},"thumbnailUrl":"https:\/\/www.meydan.tv\/wp-content\/uploads\/untitled_design_6o2rniw.png","datePublished":"2021-02-22T11:22:43+00:00","breadcrumb":{"@id":"https:\/\/www.meydan.tv\/az\/article\/canimizla-qorudugumuz-torpaqdan-bize-bir-hisse-verilmir-ki-dolanaq\/#breadcrumb"},"inLanguage":"az","potentialAction":[{"@type":"ReadAction","target":["https:\/\/www.meydan.tv\/az\/article\/canimizla-qorudugumuz-torpaqdan-bize-bir-hisse-verilmir-ki-dolanaq\/"]}]},{"@type":"ImageObject","inLanguage":"az","@id":"https:\/\/www.meydan.tv\/az\/article\/canimizla-qorudugumuz-torpaqdan-bize-bir-hisse-verilmir-ki-dolanaq\/#primaryimage","url":"https:\/\/www.meydan.tv\/wp-content\/uploads\/untitled_design_6o2rniw.png","contentUrl":"https:\/\/www.meydan.tv\/wp-content\/uploads\/untitled_design_6o2rniw.png","width":1920,"height":1080,"caption":"Source: Specify Source"},{"@type":"BreadcrumbList","@id":"https:\/\/www.meydan.tv\/az\/article\/canimizla-qorudugumuz-torpaqdan-bize-bir-hisse-verilmir-ki-dolanaq\/#breadcrumb","itemListElement":[{"@type":"ListItem","position":1,"name":"Ana s\u0259hif\u0259","item":"https:\/\/www.meydan.tv\/az\/"},{"@type":"ListItem","position":2,"name":"B\u00f6lg\u0259","item":"https:\/\/www.meydan.tv\/az\/section\/bolge\/"},{"@type":"ListItem","position":3,"name":"\u201cCan\u0131m\u0131zla qorudu\u011fumuz torpaqdan biz\u0259 bir hiss\u0259 verilmir ki, dolanaq&#8230;\u201d"}]},{"@type":"WebSite","@id":"https:\/\/www.meydan.tv\/az\/#website","url":"https:\/\/www.meydan.tv\/az\/","name":"MEYDAN.TV","description":"Meydan TV Az\u0259rbaycan\u0131n media m\u0259kan\u0131ndak\u0131 alternativ s\u0259sidir","publisher":{"@id":"https:\/\/www.meydan.tv\/az\/#organization"},"potentialAction":[{"@type":"SearchAction","target":{"@type":"EntryPoint","urlTemplate":"https:\/\/www.meydan.tv\/az\/?s={search_term_string}"},"query-input":{"@type":"PropertyValueSpecification","valueRequired":true,"valueName":"search_term_string"}}],"inLanguage":"az"},{"@type":"Organization","@id":"https:\/\/www.meydan.tv\/az\/#organization","name":"Meydan TV","url":"https:\/\/www.meydan.tv\/az\/","logo":{"@type":"ImageObject","inLanguage":"az","@id":"https:\/\/www.meydan.tv\/az\/#\/schema\/logo\/image\/","url":"https:\/\/www.meydan.tv\/wp-content\/uploads\/2021\/07\/meydan-logo.svg","contentUrl":"https:\/\/www.meydan.tv\/wp-content\/uploads\/2021\/07\/meydan-logo.svg","width":195,"height":46,"caption":"Meydan TV"},"image":{"@id":"https:\/\/www.meydan.tv\/az\/#\/schema\/logo\/image\/"}},{"@type":"Person","@id":"https:\/\/www.meydan.tv\/az\/#\/schema\/person\/10d11eccf6da3662cf5fdab9806ea91a","name":"user-manager"}]}},"_links":{"self":[{"href":"https:\/\/www.meydan.tv\/az\/wp-json\/wp\/v2\/posts\/205066","targetHints":{"allow":["GET"]}}],"collection":[{"href":"https:\/\/www.meydan.tv\/az\/wp-json\/wp\/v2\/posts"}],"about":[{"href":"https:\/\/www.meydan.tv\/az\/wp-json\/wp\/v2\/types\/post"}],"author":[{"embeddable":true,"href":"https:\/\/www.meydan.tv\/az\/wp-json\/wp\/v2\/users\/11"}],"replies":[{"embeddable":true,"href":"https:\/\/www.meydan.tv\/az\/wp-json\/wp\/v2\/comments?post=205066"}],"version-history":[{"count":0,"href":"https:\/\/www.meydan.tv\/az\/wp-json\/wp\/v2\/posts\/205066\/revisions"}],"wp:featuredmedia":[{"embeddable":true,"href":"https:\/\/www.meydan.tv\/az\/wp-json\/wp\/v2\/media\/156708"}],"wp:attachment":[{"href":"https:\/\/www.meydan.tv\/az\/wp-json\/wp\/v2\/media?parent=205066"}],"wp:term":[{"taxonomy":"category","embeddable":true,"href":"https:\/\/www.meydan.tv\/az\/wp-json\/wp\/v2\/categories?post=205066"},{"taxonomy":"post_tag","embeddable":true,"href":"https:\/\/www.meydan.tv\/az\/wp-json\/wp\/v2\/tags?post=205066"}],"curies":[{"name":"wp","href":"https:\/\/api.w.org\/{rel}","templated":true}]}}