{"id":205047,"date":"2021-02-19T14:30:41","date_gmt":"2021-02-19T14:30:41","guid":{"rendered":"https:\/\/www.meydan.tv\/article\/illerdir-anami-qucagimizda-gezdiririk-tsek-1-ci-qrup-elillik-teyin-etmir\/"},"modified":"2021-02-19T14:30:41","modified_gmt":"2021-02-19T14:30:41","slug":"illerdir-anami-qucagimizda-gezdiririk-tsek-1-ci-qrup-elillik-teyin-etmir","status":"publish","type":"post","link":"https:\/\/www.meydan.tv\/az\/article\/illerdir-anami-qucagimizda-gezdiririk-tsek-1-ci-qrup-elillik-teyin-etmir\/","title":{"rendered":"\u201c\u0130ll\u0259rdir anam\u0131 quca\u011f\u0131m\u0131zda g\u0259zdiririk, TSEK 1-ci qrup \u0259lillik t\u0259yin etmir\u201d"},"content":{"rendered":"<p>\n  <i><br \/>\n    Lerik sakini rayon Tibb-Sosial Ekspertiza Komissiyas\u0131ndan \u015fikay\u0259t\u00e7idir<br \/>\n  <\/i>\n<\/p>\n<p>\n  \u201c\u0130ll\u0259rin yataq x\u0259st\u0259sidir, hamama quca\u011f\u0131m\u0131zda apar\u0131r\u0131q, \u00e7imizdiririk, yem\u0259yini \u00f6z\u00fcm\u00fcz yedirdirik, dan\u0131\u015fa bilmir, h\u0259r\u0259k\u0259t ed\u0259 bilmir. Bununla bel\u0259, ona birinci qrup \u0259lillik t\u0259yin etm\u0259k ist\u0259mirl\u0259r\u201d.\n<\/p>\n<p>\n  Lerik sakini Ramiz A\u011fayev Meydan TV-y\u0259 anas\u0131ndan b\u0259hs edir. Deyir, 82 ya\u015fl\u0131 G\u00fclbac\u0131 Musayeva yataq x\u0259st\u0259sidir. \u0130ll\u0259rdir ki, d\u00f6vl\u0259t ona g\u00f6z\u00fcn\u0259 g\u00f6r\u0259 2-ci qrup \u0259lillik t\u0259yin edib. Lakin anan\u0131n son 3 ild\u0259 h\u0259m d\u0259 yataq x\u0259st\u0259sin\u0259 \u00e7evrilm\u0259si ona birinci qrup \u0259lilliyin t\u0259yinat\u0131 \u00fc\u00e7\u00fcn rayon Tibbi-Sosial Ekspertiza Komissiyas\u0131na m\u00fcraci\u0259t etm\u0259y\u0259 s\u0259b\u0259b olub. T\u0259l\u0259b olunan s\u0259n\u0259dl\u0259ri haz\u0131rlay\u0131b aidiyy\u0259ti qurumlara g\u00f6nd\u0259rs\u0259l\u0259r d\u0259, G\u00fclbac\u0131 Musayevaya 1-ci qrup \u0259lillik t\u0259yin edilmir. Ramiz A\u011fayev deyir, 3 ildir ki, Lerik Rayon Tibbi-Sosial Ekspertiza Komissiyas\u0131 82 ya\u015fl\u0131 anas\u0131n\u0131 s\u00fcr\u00fcnd\u00fcr\u00fcr.\n<\/p>\n<p>\n  \u201c82 ya\u015fl\u0131 x\u0259st\u0259 qad\u0131n\u0131 s\u00fcr\u00fcnd\u00fcr\u00fcrl\u0259r\u201d\n<\/p>\n<p>\n  \u201cAnam\u0131n \u00e7e\u015fidli x\u0259st\u0259likl\u0259ri var, h\u0259min x\u0259st\u0259likl\u0259r \u00fcz\u00fcnd\u0259n yataqdan qalxa, \u00f6z\u00fcn\u00fc fiziki idar\u0259 ed\u0259 bilmir. Lerik Rayon M\u0259rk\u0259zi X\u0259st\u0259xanas\u0131nda h\u0259kim komissiyas\u0131ndan ke\u00e7ib, meyarlar\u0131 1-ci qrup \u0259lilliy\u0259 uy\u011fun oldu\u011funa g\u00f6r\u0259 s\u0259n\u0259dl\u0259ri Lerik Rayon Tibbi-Sosial Ekspertiza Komissiyas\u0131na g\u00f6nd\u0259rilib. Ancaq uzun m\u00fcdd\u0259tdir ki, komissiya biz\u0259 imtina v\u0259r\u0259q\u0259si g\u00f6nd\u0259rir v\u0259 h\u0259r d\u0259f\u0259 d\u0259 imtina v\u0259r\u0259q\u0259sind\u0259 eyni c\u00fcml\u0259ni qeyd edir: \u201c&#8230; Qeydiyyat \u00fczr\u0259 tibb m\u00fc\u0259ssis\u0259sin\u0259 yax\u0131nla\u015fma\u011f\u0131n\u0131z t\u00f6vsiy\u0259 edilir\u201d. X\u0259st\u0259 anam\u0131 quca\u011f\u0131m\u0131za al\u0131b yax\u0131nla\u015f\u0131r\u0131q x\u0259st\u0259xanaya, deyirik, biz\u0259 bel\u0259 cavab verilib. H\u0259kim deyir, biz h\u0259r \u015feyi qanun \u00e7\u0259r\u00e7iv\u0259sind\u0259 yaz\u0131b g\u00f6nd\u0259rmi\u015fik, x\u0259st\u0259likl\u0259ri, v\u0259ziyy\u0259ti birinci qrup \u0259lillik meyarlar\u0131na uy\u011fundur. Sizi sad\u0259c\u0259, s\u00fcr\u00fcnd\u00fcr\u00fcrl\u0259r\u201d, &#8211; \u015fikay\u0259t\u00e7i deyir.\n<\/p>\n<figure class=\"wp-block-image size-large\">\n  <img decoding=\"async\" src=\"https:\/\/www.meydan.tv\/az\/photo-2021-02-19-17-01-27-jpg\/\" alt=\"photo-2021-02-19-17-01-27.jpg\" class=\"wp-image-156639\"\/><figcaption>\n    &#8220;Uzun m\u00fcdd\u0259tdir ki, komissiya biz\u0259 imtina v\u0259r\u0259q\u0259si g\u00f6nd\u0259rir v\u0259 h\u0259r d\u0259f\u0259 d\u0259 imtina v\u0259r\u0259q\u0259sind\u0259 eyni c\u00fcml\u0259ni qeyd edir&#8221;<br \/>\n  <\/figcaption><\/figure>\n<p>\n  Lerik Rayon Tibbi-Sosial Ekspert Komissiyas\u0131ndan bildirilib ki, H\u0259kim M\u0259sl\u0259h\u0259t Komissiyas\u0131n\u0131n TSEK-\u0259 g\u00f6nd\u0259rdiyi \u201cForma-88\u201d-d\u0259 m\u0259lumat \u00e7at\u0131\u015fmazl\u0131qlar\u0131 var. Ancaq bu \u00e7at\u0131\u015fmazl\u0131qlar\u0131n n\u0259d\u0259n ibar\u0259t oldu\u011fu bildirilm\u0259yib.\n<\/p>\n<p>\n  Lerik Rayon M\u0259rk\u0259zi X\u0259st\u0259xanas\u0131ndan is\u0259 bildirilib ki, G\u00fclbac\u0131 Musayeva H\u0259kim M\u0259sl\u0259h\u0259ti Komissiyas\u0131 t\u0259r\u0259find\u0259n m\u00fcayin\u0259 olunub, bu bar\u0259d\u0259 g\u00f6nd\u0259ri\u015f \u201cTibbi-Sosial Ekspert Komissiyas\u0131na g\u00f6nd\u0259ri\u015fl\u0259r\u201din reyestrin\u0259 daxil edilib.\n<\/p>\n<p>\n  \u201cAil\u0259 \u00fczvl\u0259ri m\u0259hk\u0259m\u0259y\u0259 m\u00fcraci\u0259t ed\u0259 bil\u0259r\u201d\n<\/p>\n<p>\n  H\u00fcquq\u015f\u00fcnas Namiz\u0259d S\u0259f\u0259rov deyir, \u0259g\u0259r x\u0259st\u0259 \u00f6z\u00fcn\u00fc fiziki idar\u0259 ed\u0259 bilmirs\u0259, h\u0259r\u0259k\u0259t zaman\u0131 ba\u015fqalar\u0131n\u0131n k\u00f6m\u0259yin\u0259 ehtiyac\u0131 yaran\u0131rsa, bu, art\u0131q birinci qrup \u0259lilliyin t\u0259yin olunmas\u0131 \u00fc\u00e7\u00fcn s\u0259b\u0259bdir:\n<\/p>\n<p>\n  \u201c\u201c\u018flilliyin m\u00fc\u0259yy\u0259n olunmas\u0131 meyarlar\u0131na dair\u201d \u018fsasnam\u0259y\u0259 g\u00f6r\u0259, bir \u015f\u0259xsin orqanizm funksiyalar\u0131n\u0131n n\u0259z\u0259r\u0259 \u00e7arpan d\u0259r\u0259c\u0259d\u0259 pozulmas\u0131 n\u0259tic\u0259sind\u0259 dig\u0259r \u015f\u0259xsin daimi xidm\u0259tin\u0259, yard\u0131m\u0131na ehtiyac\u0131 yaranarsa, bu hal h\u0259min x\u0259st\u0259y\u0259 birinci d\u0259r\u0259c\u0259li \u0259lilliyin t\u0259yin olunmas\u0131 \u00fc\u00e7\u00fcn meyar hesab olunur\u201d.\n<\/p>\n<p>\n  H\u00fcquq\u015f\u00fcnas x\u0259st\u0259nin ail\u0259 \u00fczvl\u0259rinin m\u0259hk\u0259m\u0259y\u0259 m\u00fcraci\u0259t etm\u0259sini t\u00f6vsiy\u0259 edir: \u201cM\u0259hk\u0259m\u0259d\u0259n birinci qrup \u0259lilliyin t\u0259yin edilm\u0259sinin \u00f6hd\u0259lik kimi Lerik Rayon Tibbi-Sosial Ekspertiza Komissiyas\u0131n\u0131n \u00fcz\u0259rin\u0259 qoyulmas\u0131n\u0131 t\u0259l\u0259b ed\u0259 bil\u0259rl\u0259r\u201d.<\/p>\n","protected":false},"excerpt":{"rendered":"<p>Ramiz A\u011fayev deyir, 3 ildir ki, Lerik Rayon Tibbi-Sosial Ekspertiza Komissiyas\u0131 82 ya\u015fl\u0131 anas\u0131n\u0131 s\u00fcr\u00fcnd\u00fcr\u00fcr.<\/p>\n","protected":false},"author":11,"featured_media":156654,"comment_status":"closed","ping_status":"open","sticky":false,"template":"","format":"standard","meta":{"_acf_changed":false,"_sitemap_exclude":false,"_sitemap_priority":"","_sitemap_frequency":"","footnotes":""},"categories":[60],"tags":[],"class_list":["post-205047","post","type-post","status-publish","format-standard","has-post-thumbnail","hentry","category-bolge","infinite-scroll-item","generate-columns","tablet-grid-50","mobile-grid-100","grid-parent","grid-33","no-featured-image-padding"],"acf":[],"yoast_head":"<!-- This site is optimized with the Yoast SEO plugin v27.5 - https:\/\/yoast.com\/product\/yoast-seo-wordpress\/ -->\n<title>\u201c\u0130ll\u0259rdir anam\u0131 quca\u011f\u0131m\u0131zda g\u0259zdiririk, TSEK 1-ci qrup \u0259lillik t\u0259yin etmir\u201d - MEYDAN.TV<\/title>\n<meta name=\"robots\" content=\"index, follow, max-snippet:-1, max-image-preview:large, max-video-preview:-1\" \/>\n<link rel=\"canonical\" href=\"https:\/\/www.meydan.tv\/az\/article\/illerdir-anami-qucagimizda-gezdiririk-tsek-1-ci-qrup-elillik-teyin-etmir\/\" \/>\n<meta property=\"og:locale\" content=\"az_AZ\" \/>\n<meta property=\"og:type\" content=\"article\" \/>\n<meta property=\"og:title\" content=\"\u201c\u0130ll\u0259rdir anam\u0131 quca\u011f\u0131m\u0131zda g\u0259zdiririk, TSEK 1-ci qrup \u0259lillik t\u0259yin etmir\u201d - MEYDAN.TV\" \/>\n<meta property=\"og:description\" content=\"Ramiz A\u011fayev deyir, 3 ildir ki, Lerik Rayon Tibbi-Sosial Ekspertiza Komissiyas\u0131 82 ya\u015fl\u0131 anas\u0131n\u0131 s\u00fcr\u00fcnd\u00fcr\u00fcr.\" \/>\n<meta property=\"og:url\" content=\"https:\/\/www.meydan.tv\/az\/article\/illerdir-anami-qucagimizda-gezdiririk-tsek-1-ci-qrup-elillik-teyin-etmir\/\" \/>\n<meta property=\"og:site_name\" content=\"MEYDAN.TV\" \/>\n<meta property=\"article:published_time\" content=\"2021-02-19T14:30:41+00:00\" \/>\n<meta property=\"og:image\" content=\"https:\/\/www.meydan.tv\/wp-content\/uploads\/untitled_design_1_svn7vxd.png\" \/>\n\t<meta property=\"og:image:width\" content=\"1920\" \/>\n\t<meta property=\"og:image:height\" content=\"1080\" \/>\n\t<meta property=\"og:image:type\" content=\"image\/png\" \/>\n<meta name=\"author\" content=\"user-manager\" \/>\n<meta name=\"twitter:card\" content=\"summary_large_image\" \/>\n<script type=\"application\/ld+json\" class=\"yoast-schema-graph\">{\"@context\":\"https:\\\/\\\/schema.org\",\"@graph\":[{\"@type\":\"Article\",\"@id\":\"https:\\\/\\\/www.meydan.tv\\\/az\\\/article\\\/illerdir-anami-qucagimizda-gezdiririk-tsek-1-ci-qrup-elillik-teyin-etmir\\\/#article\",\"isPartOf\":{\"@id\":\"https:\\\/\\\/www.meydan.tv\\\/az\\\/article\\\/illerdir-anami-qucagimizda-gezdiririk-tsek-1-ci-qrup-elillik-teyin-etmir\\\/\"},\"author\":{\"name\":\"user-manager\",\"@id\":\"https:\\\/\\\/www.meydan.tv\\\/az\\\/#\\\/schema\\\/person\\\/10d11eccf6da3662cf5fdab9806ea91a\"},\"headline\":\"\u201c\u0130ll\u0259rdir anam\u0131 quca\u011f\u0131m\u0131zda g\u0259zdiririk, TSEK 1-ci qrup \u0259lillik t\u0259yin etmir\u201d\",\"datePublished\":\"2021-02-19T14:30:41+00:00\",\"mainEntityOfPage\":{\"@id\":\"https:\\\/\\\/www.meydan.tv\\\/az\\\/article\\\/illerdir-anami-qucagimizda-gezdiririk-tsek-1-ci-qrup-elillik-teyin-etmir\\\/\"},\"wordCount\":678,\"publisher\":{\"@id\":\"https:\\\/\\\/www.meydan.tv\\\/az\\\/#organization\"},\"image\":{\"@id\":\"https:\\\/\\\/www.meydan.tv\\\/az\\\/article\\\/illerdir-anami-qucagimizda-gezdiririk-tsek-1-ci-qrup-elillik-teyin-etmir\\\/#primaryimage\"},\"thumbnailUrl\":\"https:\\\/\\\/www.meydan.tv\\\/wp-content\\\/uploads\\\/untitled_design_1_svn7vxd.png\",\"articleSection\":[\"B\u00f6lg\u0259\"],\"inLanguage\":\"az\"},{\"@type\":\"WebPage\",\"@id\":\"https:\\\/\\\/www.meydan.tv\\\/az\\\/article\\\/illerdir-anami-qucagimizda-gezdiririk-tsek-1-ci-qrup-elillik-teyin-etmir\\\/\",\"url\":\"https:\\\/\\\/www.meydan.tv\\\/az\\\/article\\\/illerdir-anami-qucagimizda-gezdiririk-tsek-1-ci-qrup-elillik-teyin-etmir\\\/\",\"name\":\"\u201c\u0130ll\u0259rdir anam\u0131 quca\u011f\u0131m\u0131zda g\u0259zdiririk, TSEK 1-ci qrup \u0259lillik t\u0259yin etmir\u201d - MEYDAN.TV\",\"isPartOf\":{\"@id\":\"https:\\\/\\\/www.meydan.tv\\\/az\\\/#website\"},\"primaryImageOfPage\":{\"@id\":\"https:\\\/\\\/www.meydan.tv\\\/az\\\/article\\\/illerdir-anami-qucagimizda-gezdiririk-tsek-1-ci-qrup-elillik-teyin-etmir\\\/#primaryimage\"},\"image\":{\"@id\":\"https:\\\/\\\/www.meydan.tv\\\/az\\\/article\\\/illerdir-anami-qucagimizda-gezdiririk-tsek-1-ci-qrup-elillik-teyin-etmir\\\/#primaryimage\"},\"thumbnailUrl\":\"https:\\\/\\\/www.meydan.tv\\\/wp-content\\\/uploads\\\/untitled_design_1_svn7vxd.png\",\"datePublished\":\"2021-02-19T14:30:41+00:00\",\"breadcrumb\":{\"@id\":\"https:\\\/\\\/www.meydan.tv\\\/az\\\/article\\\/illerdir-anami-qucagimizda-gezdiririk-tsek-1-ci-qrup-elillik-teyin-etmir\\\/#breadcrumb\"},\"inLanguage\":\"az\",\"potentialAction\":[{\"@type\":\"ReadAction\",\"target\":[\"https:\\\/\\\/www.meydan.tv\\\/az\\\/article\\\/illerdir-anami-qucagimizda-gezdiririk-tsek-1-ci-qrup-elillik-teyin-etmir\\\/\"]}]},{\"@type\":\"ImageObject\",\"inLanguage\":\"az\",\"@id\":\"https:\\\/\\\/www.meydan.tv\\\/az\\\/article\\\/illerdir-anami-qucagimizda-gezdiririk-tsek-1-ci-qrup-elillik-teyin-etmir\\\/#primaryimage\",\"url\":\"https:\\\/\\\/www.meydan.tv\\\/wp-content\\\/uploads\\\/untitled_design_1_svn7vxd.png\",\"contentUrl\":\"https:\\\/\\\/www.meydan.tv\\\/wp-content\\\/uploads\\\/untitled_design_1_svn7vxd.png\",\"width\":1920,\"height\":1080,\"caption\":\"Source: Specify Source\"},{\"@type\":\"BreadcrumbList\",\"@id\":\"https:\\\/\\\/www.meydan.tv\\\/az\\\/article\\\/illerdir-anami-qucagimizda-gezdiririk-tsek-1-ci-qrup-elillik-teyin-etmir\\\/#breadcrumb\",\"itemListElement\":[{\"@type\":\"ListItem\",\"position\":1,\"name\":\"Ana s\u0259hif\u0259\",\"item\":\"https:\\\/\\\/www.meydan.tv\\\/az\\\/\"},{\"@type\":\"ListItem\",\"position\":2,\"name\":\"B\u00f6lg\u0259\",\"item\":\"https:\\\/\\\/www.meydan.tv\\\/az\\\/section\\\/bolge\\\/\"},{\"@type\":\"ListItem\",\"position\":3,\"name\":\"\u201c\u0130ll\u0259rdir anam\u0131 quca\u011f\u0131m\u0131zda g\u0259zdiririk, TSEK 1-ci qrup \u0259lillik t\u0259yin etmir\u201d\"}]},{\"@type\":\"WebSite\",\"@id\":\"https:\\\/\\\/www.meydan.tv\\\/az\\\/#website\",\"url\":\"https:\\\/\\\/www.meydan.tv\\\/az\\\/\",\"name\":\"MEYDAN.TV\",\"description\":\"Meydan TV Az\u0259rbaycan\u0131n media m\u0259kan\u0131ndak\u0131 alternativ s\u0259sidir\",\"publisher\":{\"@id\":\"https:\\\/\\\/www.meydan.tv\\\/az\\\/#organization\"},\"potentialAction\":[{\"@type\":\"SearchAction\",\"target\":{\"@type\":\"EntryPoint\",\"urlTemplate\":\"https:\\\/\\\/www.meydan.tv\\\/az\\\/?s={search_term_string}\"},\"query-input\":{\"@type\":\"PropertyValueSpecification\",\"valueRequired\":true,\"valueName\":\"search_term_string\"}}],\"inLanguage\":\"az\"},{\"@type\":\"Organization\",\"@id\":\"https:\\\/\\\/www.meydan.tv\\\/az\\\/#organization\",\"name\":\"Meydan TV\",\"url\":\"https:\\\/\\\/www.meydan.tv\\\/az\\\/\",\"logo\":{\"@type\":\"ImageObject\",\"inLanguage\":\"az\",\"@id\":\"https:\\\/\\\/www.meydan.tv\\\/az\\\/#\\\/schema\\\/logo\\\/image\\\/\",\"url\":\"https:\\\/\\\/www.meydan.tv\\\/wp-content\\\/uploads\\\/2021\\\/07\\\/meydan-logo.svg\",\"contentUrl\":\"https:\\\/\\\/www.meydan.tv\\\/wp-content\\\/uploads\\\/2021\\\/07\\\/meydan-logo.svg\",\"width\":195,\"height\":46,\"caption\":\"Meydan TV\"},\"image\":{\"@id\":\"https:\\\/\\\/www.meydan.tv\\\/az\\\/#\\\/schema\\\/logo\\\/image\\\/\"}},{\"@type\":\"Person\",\"@id\":\"https:\\\/\\\/www.meydan.tv\\\/az\\\/#\\\/schema\\\/person\\\/10d11eccf6da3662cf5fdab9806ea91a\",\"name\":\"user-manager\"}]}<\/script>\n<!-- \/ Yoast SEO plugin. -->","yoast_head_json":{"title":"\u201c\u0130ll\u0259rdir anam\u0131 quca\u011f\u0131m\u0131zda g\u0259zdiririk, TSEK 1-ci qrup \u0259lillik t\u0259yin etmir\u201d - MEYDAN.TV","robots":{"index":"index","follow":"follow","max-snippet":"max-snippet:-1","max-image-preview":"max-image-preview:large","max-video-preview":"max-video-preview:-1"},"canonical":"https:\/\/www.meydan.tv\/az\/article\/illerdir-anami-qucagimizda-gezdiririk-tsek-1-ci-qrup-elillik-teyin-etmir\/","og_locale":"az_AZ","og_type":"article","og_title":"\u201c\u0130ll\u0259rdir anam\u0131 quca\u011f\u0131m\u0131zda g\u0259zdiririk, TSEK 1-ci qrup \u0259lillik t\u0259yin etmir\u201d - MEYDAN.TV","og_description":"Ramiz A\u011fayev deyir, 3 ildir ki, Lerik Rayon Tibbi-Sosial Ekspertiza Komissiyas\u0131 82 ya\u015fl\u0131 anas\u0131n\u0131 s\u00fcr\u00fcnd\u00fcr\u00fcr.","og_url":"https:\/\/www.meydan.tv\/az\/article\/illerdir-anami-qucagimizda-gezdiririk-tsek-1-ci-qrup-elillik-teyin-etmir\/","og_site_name":"MEYDAN.TV","article_published_time":"2021-02-19T14:30:41+00:00","og_image":[{"width":1920,"height":1080,"url":"https:\/\/www.meydan.tv\/wp-content\/uploads\/untitled_design_1_svn7vxd.png","type":"image\/png"}],"author":"user-manager","twitter_card":"summary_large_image","schema":{"@context":"https:\/\/schema.org","@graph":[{"@type":"Article","@id":"https:\/\/www.meydan.tv\/az\/article\/illerdir-anami-qucagimizda-gezdiririk-tsek-1-ci-qrup-elillik-teyin-etmir\/#article","isPartOf":{"@id":"https:\/\/www.meydan.tv\/az\/article\/illerdir-anami-qucagimizda-gezdiririk-tsek-1-ci-qrup-elillik-teyin-etmir\/"},"author":{"name":"user-manager","@id":"https:\/\/www.meydan.tv\/az\/#\/schema\/person\/10d11eccf6da3662cf5fdab9806ea91a"},"headline":"\u201c\u0130ll\u0259rdir anam\u0131 quca\u011f\u0131m\u0131zda g\u0259zdiririk, TSEK 1-ci qrup \u0259lillik t\u0259yin etmir\u201d","datePublished":"2021-02-19T14:30:41+00:00","mainEntityOfPage":{"@id":"https:\/\/www.meydan.tv\/az\/article\/illerdir-anami-qucagimizda-gezdiririk-tsek-1-ci-qrup-elillik-teyin-etmir\/"},"wordCount":678,"publisher":{"@id":"https:\/\/www.meydan.tv\/az\/#organization"},"image":{"@id":"https:\/\/www.meydan.tv\/az\/article\/illerdir-anami-qucagimizda-gezdiririk-tsek-1-ci-qrup-elillik-teyin-etmir\/#primaryimage"},"thumbnailUrl":"https:\/\/www.meydan.tv\/wp-content\/uploads\/untitled_design_1_svn7vxd.png","articleSection":["B\u00f6lg\u0259"],"inLanguage":"az"},{"@type":"WebPage","@id":"https:\/\/www.meydan.tv\/az\/article\/illerdir-anami-qucagimizda-gezdiririk-tsek-1-ci-qrup-elillik-teyin-etmir\/","url":"https:\/\/www.meydan.tv\/az\/article\/illerdir-anami-qucagimizda-gezdiririk-tsek-1-ci-qrup-elillik-teyin-etmir\/","name":"\u201c\u0130ll\u0259rdir anam\u0131 quca\u011f\u0131m\u0131zda g\u0259zdiririk, TSEK 1-ci qrup \u0259lillik t\u0259yin etmir\u201d - MEYDAN.TV","isPartOf":{"@id":"https:\/\/www.meydan.tv\/az\/#website"},"primaryImageOfPage":{"@id":"https:\/\/www.meydan.tv\/az\/article\/illerdir-anami-qucagimizda-gezdiririk-tsek-1-ci-qrup-elillik-teyin-etmir\/#primaryimage"},"image":{"@id":"https:\/\/www.meydan.tv\/az\/article\/illerdir-anami-qucagimizda-gezdiririk-tsek-1-ci-qrup-elillik-teyin-etmir\/#primaryimage"},"thumbnailUrl":"https:\/\/www.meydan.tv\/wp-content\/uploads\/untitled_design_1_svn7vxd.png","datePublished":"2021-02-19T14:30:41+00:00","breadcrumb":{"@id":"https:\/\/www.meydan.tv\/az\/article\/illerdir-anami-qucagimizda-gezdiririk-tsek-1-ci-qrup-elillik-teyin-etmir\/#breadcrumb"},"inLanguage":"az","potentialAction":[{"@type":"ReadAction","target":["https:\/\/www.meydan.tv\/az\/article\/illerdir-anami-qucagimizda-gezdiririk-tsek-1-ci-qrup-elillik-teyin-etmir\/"]}]},{"@type":"ImageObject","inLanguage":"az","@id":"https:\/\/www.meydan.tv\/az\/article\/illerdir-anami-qucagimizda-gezdiririk-tsek-1-ci-qrup-elillik-teyin-etmir\/#primaryimage","url":"https:\/\/www.meydan.tv\/wp-content\/uploads\/untitled_design_1_svn7vxd.png","contentUrl":"https:\/\/www.meydan.tv\/wp-content\/uploads\/untitled_design_1_svn7vxd.png","width":1920,"height":1080,"caption":"Source: Specify Source"},{"@type":"BreadcrumbList","@id":"https:\/\/www.meydan.tv\/az\/article\/illerdir-anami-qucagimizda-gezdiririk-tsek-1-ci-qrup-elillik-teyin-etmir\/#breadcrumb","itemListElement":[{"@type":"ListItem","position":1,"name":"Ana s\u0259hif\u0259","item":"https:\/\/www.meydan.tv\/az\/"},{"@type":"ListItem","position":2,"name":"B\u00f6lg\u0259","item":"https:\/\/www.meydan.tv\/az\/section\/bolge\/"},{"@type":"ListItem","position":3,"name":"\u201c\u0130ll\u0259rdir anam\u0131 quca\u011f\u0131m\u0131zda g\u0259zdiririk, TSEK 1-ci qrup \u0259lillik t\u0259yin etmir\u201d"}]},{"@type":"WebSite","@id":"https:\/\/www.meydan.tv\/az\/#website","url":"https:\/\/www.meydan.tv\/az\/","name":"MEYDAN.TV","description":"Meydan TV Az\u0259rbaycan\u0131n media m\u0259kan\u0131ndak\u0131 alternativ s\u0259sidir","publisher":{"@id":"https:\/\/www.meydan.tv\/az\/#organization"},"potentialAction":[{"@type":"SearchAction","target":{"@type":"EntryPoint","urlTemplate":"https:\/\/www.meydan.tv\/az\/?s={search_term_string}"},"query-input":{"@type":"PropertyValueSpecification","valueRequired":true,"valueName":"search_term_string"}}],"inLanguage":"az"},{"@type":"Organization","@id":"https:\/\/www.meydan.tv\/az\/#organization","name":"Meydan TV","url":"https:\/\/www.meydan.tv\/az\/","logo":{"@type":"ImageObject","inLanguage":"az","@id":"https:\/\/www.meydan.tv\/az\/#\/schema\/logo\/image\/","url":"https:\/\/www.meydan.tv\/wp-content\/uploads\/2021\/07\/meydan-logo.svg","contentUrl":"https:\/\/www.meydan.tv\/wp-content\/uploads\/2021\/07\/meydan-logo.svg","width":195,"height":46,"caption":"Meydan TV"},"image":{"@id":"https:\/\/www.meydan.tv\/az\/#\/schema\/logo\/image\/"}},{"@type":"Person","@id":"https:\/\/www.meydan.tv\/az\/#\/schema\/person\/10d11eccf6da3662cf5fdab9806ea91a","name":"user-manager"}]}},"_links":{"self":[{"href":"https:\/\/www.meydan.tv\/az\/wp-json\/wp\/v2\/posts\/205047","targetHints":{"allow":["GET"]}}],"collection":[{"href":"https:\/\/www.meydan.tv\/az\/wp-json\/wp\/v2\/posts"}],"about":[{"href":"https:\/\/www.meydan.tv\/az\/wp-json\/wp\/v2\/types\/post"}],"author":[{"embeddable":true,"href":"https:\/\/www.meydan.tv\/az\/wp-json\/wp\/v2\/users\/11"}],"replies":[{"embeddable":true,"href":"https:\/\/www.meydan.tv\/az\/wp-json\/wp\/v2\/comments?post=205047"}],"version-history":[{"count":0,"href":"https:\/\/www.meydan.tv\/az\/wp-json\/wp\/v2\/posts\/205047\/revisions"}],"wp:featuredmedia":[{"embeddable":true,"href":"https:\/\/www.meydan.tv\/az\/wp-json\/wp\/v2\/media\/156654"}],"wp:attachment":[{"href":"https:\/\/www.meydan.tv\/az\/wp-json\/wp\/v2\/media?parent=205047"}],"wp:term":[{"taxonomy":"category","embeddable":true,"href":"https:\/\/www.meydan.tv\/az\/wp-json\/wp\/v2\/categories?post=205047"},{"taxonomy":"post_tag","embeddable":true,"href":"https:\/\/www.meydan.tv\/az\/wp-json\/wp\/v2\/tags?post=205047"}],"curies":[{"name":"wp","href":"https:\/\/api.w.org\/{rel}","templated":true}]}}