{"id":205030,"date":"2021-02-18T13:44:44","date_gmt":"2021-02-18T13:44:44","guid":{"rendered":"https:\/\/www.meydan.tv\/article\/iki-usaq-anasi-memurlar-128-manatla-dolana-bilermi\/"},"modified":"2021-02-18T13:44:44","modified_gmt":"2021-02-18T13:44:44","slug":"iki-usaq-anasi-memurlar-128-manatla-dolana-bilermi","status":"publish","type":"post","link":"https:\/\/www.meydan.tv\/az\/article\/iki-usaq-anasi-memurlar-128-manatla-dolana-bilermi\/","title":{"rendered":"\u0130ki u\u015faq anas\u0131: M\u0259murlar 128 manatla dolana bil\u0259rmi?"},"content":{"rendered":"<p>\n  <i><br \/>\n    \u201cN\u0259 u\u015faqpulu, n\u0259 sosial yard\u0131m, n\u0259 normal maa\u015f var\u201d<br \/>\n  <\/i>\n<\/p>\n<p>\n  \u201c\u0130ki azya\u015fl\u0131 \u00f6vlad\u0131m\u0131 t\u0259kba\u015f\u0131na saxlay\u0131ram, buna saxlamaq dem\u0259k m\u00fcmk\u00fcnd\u00fcrs\u0259&#8230; N\u0259 u\u015faqpulu var, n\u0259 \u00fcnvanl\u0131 sosial yard\u0131m verilir, ald\u0131\u011f\u0131m maa\u015f\u0131 bilmir\u0259m g\u00f6zl\u0259ri tutulmaq \u00fczr\u0259 olan u\u015fa\u011f\u0131n d\u0259rman\u0131na verim, yoxsa qar\u0131nlar\u0131na yem\u0259k al\u0131m&#8230; Ma\u011fazalara borcum ba\u015f\u0131mdan a\u015f\u0131r\u201d.\n<\/p>\n<p>\n  Bunu Meydan TV-y\u0259 A\u011fstafa rayonu, Qa\u00e7aq K\u0259r\u0259m k\u0259nd sakini Tahir\u0259 Abullayeva deyir. Tahir\u0259 xan\u0131m t\u0259kba\u015f\u0131na iki azya\u015fl\u0131 \u00f6vlad\u0131n\u0131 b\u00f6y\u00fcd\u00fcr. Ancaq deyir ki, imkans\u0131zl\u0131q onu \u0259m\u0259lli-ba\u015fl\u0131 \u0259ld\u0259n sal\u0131b.\n<\/p>\n<p>\n  Tahir\u0259 xan\u0131m\u0131n h\u0259yat yolda\u015f\u0131 v\u0259fat etdikd\u0259n sonra qay\u011f\u0131lar\u0131 bir\u0259 be\u015f art\u0131b. Deyir, Da\u011f K\u0259s\u0259m\u0259nli k\u0259nd orta m\u0259kt\u0259bind\u0259 yar\u0131m\u015ftat i\u015f c\u0259dv\u0259li \u00fczr\u0259 xadim\u0259 i\u015fl\u0259yir, ayl\u0131q m\u0259vacibi 128 manatd\u0131r ki, bununla da ail\u0259ni doland\u0131rmaq \u00e7\u0259tindir.\n<\/p>\n<p>\n  <b><br \/>\n    \u201cU\u015fa\u011f\u0131n g\u00f6zl\u0259ri tutulmaq \u00fczr\u0259dir\u201d<br \/>\n  <\/b>\n<\/p>\n<p>\n  \u201cU\u015faqlardan birinin 11, o birinin 12 ya\u015f\u0131 var, q\u0131z\u0131m\u0131n g\u00f6zl\u0259ri tutulmaq \u00fczr\u0259dir, televiziyalardan birin\u0259 d\u0259 \u00e7\u0131xm\u0131\u015fam u\u015faqla, s\u00f6z verdil\u0259r ki, m\u00fcalic\u0259sin\u0259, \u0259m\u0259liyyat\u0131na k\u00f6m\u0259k ed\u0259c\u0259kl\u0259r, ancaq sonra yolpulu tapmad\u0131m ki, u\u015fa\u011f\u0131 t\u0259z\u0259d\u0259n Bak\u0131ya &#8211; pulsuz m\u00fcalic\u0259ni, \u0259m\u0259liyyat\u0131 s\u00f6z ver\u0259n h\u0259kimin yan\u0131na apar\u0131m&#8230; \u00dcnvanl\u0131 sosial yard\u0131m \u00fc\u00e7\u00fcn m\u00fcraci\u0259t edir\u0259m, ad\u0131mda Sad\u0131xl\u0131 k\u0259ndind\u0259 pay torpa\u011f\u0131 oldu\u011funu b\u0259han\u0259 g\u0259tirib \u00fcnvanl\u0131 sosial yard\u0131m t\u0259yin etmirl\u0259r. O pay torpa\u011f\u0131n\u0131 \u0259kib-bec\u0259rm\u0259k d\u0259 pul t\u0259l\u0259b edir, o vaxt atamgil\u0259 verilib, nec\u0259 veribl\u0259rs\u0259, el\u0259c\u0259 d\u0259 qal\u0131b orda, \u0259kib-bec\u0259rm\u0259y\u0259 pul laz\u0131md\u0131r, o da yoxdur. H\u00f6kum\u0259t bir d\u0259f\u0259 qap\u0131n\u0131 d\u00f6y\u00fcb soru\u015fmur ki, s\u0259n\u0259 veril\u0259n pay torpa\u011f\u0131ndan istifad\u0259 ed\u0259 bilirs\u0259nmi? Bu u\u015faqlar acd\u0131r, susuzdur, geyiml\u0259ri var, yoxdur, h\u00f6kum\u0259t\u0259 maraql\u0131 deyil. Adamlar k\u00f6hn\u0259 geyim verm\u0259s\u0259, u\u015faqlar\u0131m \u00e7\u0131lpaq g\u0259z\u0259r&#8230;\u201d, &#8211; qad\u0131n deyir.\n<\/p>\n<p>\n  <b><br \/>\n    \u201cMa\u011fazaya y\u0131\u011f\u0131l\u0131b qalm\u0131\u015f borclar\u0131 \u00f6d\u0259y\u0259 bilmir\u0259m\u201d<br \/>\n  <\/b>\n<\/p>\n<p>\n  Tahir\u0259 xan\u0131m\u0131n qay\u011f\u0131lar\u0131ndan \u0259n b\u00f6y\u00fcy\u00fc i\u015fl\u0259 ba\u011fl\u0131d\u0131r:\n<\/p>\n<p>\n  \u201cBa\u015fqa k\u0259ndin m\u0259kt\u0259bind\u0259 yar\u0131m\u015ftat xadim\u0259y\u0259m, dediyim kimi, c\u0259mi 128 manat maa\u015f al\u0131ram. M\u0259murlara sual verir\u0259m, \u00f6zl\u0259ri 128 manat maa\u015fla dolana bil\u0259rmi? N\u0259 kommunal\u0131, n\u0259 ma\u011fazalara y\u0131\u011f\u0131l\u0131b qalm\u0131\u015f borclar\u0131, n\u0259 u\u015faqlar\u0131n d\u0259rman\u0131n\u0131, yem\u0259yini \u00f6d\u0259y\u0259 bilir\u0259m. \u00dcst\u0259lik, x\u0259st\u0259, azya\u015fl\u0131 u\u015faqlar\u0131 evd\u0259 n\u0259zar\u0259tsiz qoyub ba\u015fqa k\u0259nd\u0259 i\u015f\u0259 gedir\u0259m. H\u0259m u\u015faqlar\u0131n h\u0259yat\u0131 t\u0259hl\u00fck\u0259d\u0259 olur, h\u0259m d\u0259 ald\u0131\u011f\u0131m c\u00fczi maa\u015f\u0131n h\u0259r g\u00fcn 1 manat 20 q\u0259piyini yolpulu etm\u0259li oluram. D\u0259f\u0259l\u0259rl\u0259 rayonun t\u0259hsil \u015f\u00f6b\u0259sin\u0259 m\u00fcraci\u0259t etmi\u015f\u0259m ki, m\u0259nim i\u015f yerimi \u00f6z k\u0259ndimizd\u0259ki m\u0259kt\u0259b\u0259 d\u0259yi\u015fsinl\u0259r v\u0259 m\u0259ni tam \u015ftata g\u00f6t\u00fcrs\u00fcnl\u0259r. H\u0259m u\u015faqlar\u0131ma yax\u0131n olum, h\u0259m d\u0259 maa\u015f\u0131m arts\u0131n. H\u0259r d\u0259f\u0259 yalandan \u00fcmid verirl\u0259r, ancaq \u00f6z\u00fcm d\u0259 \u015fahidiy\u0259m ki, onlardan ist\u0259diyim i\u015fi ba\u015fqas\u0131na verirl\u0259r\u201d.\n<\/p>\n<p>\n  A\u011fstafa Rayon T\u0259hsil \u015e\u00f6b\u0259sind\u0259n Meydan TV-y\u0259 bildirilib ki, Qa\u00e7aq N\u0259bi k\u0259nd orta m\u0259kt\u0259bind\u0259 bir xadim\u0259 \u015ftat var, ill\u0259rdir ki, o \u015ftat \u00fczr\u0259 ba\u015fqa bir k\u0259nd sakini i\u015fl\u0259yir. Rayonun \u018fm\u0259k v\u0259 \u018fhalinin Sosial M\u00fcdafi\u0259si M\u0259rk\u0259zind\u0259n is\u0259 bildiribl\u0259r ki, Tahir\u0259 Abdullayeva \u00fcnvanl\u0131 sosial yard\u0131m \u00fc\u00e7\u00fcn t\u0259l\u0259b olunan s\u0259n\u0259dl\u0259ri t\u0259qdim ets\u0259, m\u00fcraci\u0259tin\u0259 bax\u0131lar.<\/p>\n","protected":false},"excerpt":{"rendered":"<p>&#8220;Bu u\u015faqlar acd\u0131r, susuzdur, geyiml\u0259ri var, yoxdur, h\u00f6kum\u0259t\u0259 maraql\u0131 deyil. Adamlar k\u00f6hn\u0259 geyim  verm\u0259s\u0259, u\u015faqlar\u0131m \u00e7\u0131lpaq g\u0259z\u0259r&#8230;\u201d, &#8211; qad\u0131n deyir.<\/p>\n","protected":false},"author":11,"featured_media":156557,"comment_status":"closed","ping_status":"open","sticky":false,"template":"","format":"standard","meta":{"_acf_changed":false,"_sitemap_exclude":false,"_sitemap_priority":"","_sitemap_frequency":"","footnotes":""},"categories":[60],"tags":[],"class_list":["post-205030","post","type-post","status-publish","format-standard","has-post-thumbnail","hentry","category-bolge","infinite-scroll-item","generate-columns","tablet-grid-50","mobile-grid-100","grid-parent","grid-33","no-featured-image-padding"],"acf":[],"yoast_head":"<!-- This site is optimized with the Yoast SEO plugin v27.5 - https:\/\/yoast.com\/product\/yoast-seo-wordpress\/ -->\n<title>\u0130ki u\u015faq anas\u0131: M\u0259murlar 128 manatla dolana bil\u0259rmi? - MEYDAN.TV<\/title>\n<meta name=\"robots\" content=\"index, follow, max-snippet:-1, max-image-preview:large, max-video-preview:-1\" \/>\n<link rel=\"canonical\" href=\"https:\/\/www.meydan.tv\/az\/article\/iki-usaq-anasi-memurlar-128-manatla-dolana-bilermi\/\" \/>\n<meta property=\"og:locale\" content=\"az_AZ\" \/>\n<meta property=\"og:type\" content=\"article\" \/>\n<meta property=\"og:title\" content=\"\u0130ki u\u015faq anas\u0131: M\u0259murlar 128 manatla dolana bil\u0259rmi? - MEYDAN.TV\" \/>\n<meta property=\"og:description\" content=\"&quot;Bu u\u015faqlar acd\u0131r, susuzdur, geyiml\u0259ri var, yoxdur, h\u00f6kum\u0259t\u0259 maraql\u0131 deyil. Adamlar k\u00f6hn\u0259 geyim verm\u0259s\u0259, u\u015faqlar\u0131m \u00e7\u0131lpaq g\u0259z\u0259r...\u201d, - qad\u0131n deyir.\" \/>\n<meta property=\"og:url\" content=\"https:\/\/www.meydan.tv\/az\/article\/iki-usaq-anasi-memurlar-128-manatla-dolana-bilermi\/\" \/>\n<meta property=\"og:site_name\" content=\"MEYDAN.TV\" \/>\n<meta property=\"article:published_time\" content=\"2021-02-18T13:44:44+00:00\" \/>\n<meta property=\"og:image\" content=\"https:\/\/www.meydan.tv\/wp-content\/uploads\/photo-2021-02-18-16-25-01-rotated.jpg\" \/>\n\t<meta property=\"og:image:width\" content=\"1280\" \/>\n\t<meta property=\"og:image:height\" content=\"720\" \/>\n\t<meta property=\"og:image:type\" content=\"image\/jpeg\" \/>\n<meta name=\"author\" content=\"user-manager\" \/>\n<meta name=\"twitter:card\" content=\"summary_large_image\" \/>\n<script type=\"application\/ld+json\" class=\"yoast-schema-graph\">{\"@context\":\"https:\\\/\\\/schema.org\",\"@graph\":[{\"@type\":\"Article\",\"@id\":\"https:\\\/\\\/www.meydan.tv\\\/az\\\/article\\\/iki-usaq-anasi-memurlar-128-manatla-dolana-bilermi\\\/#article\",\"isPartOf\":{\"@id\":\"https:\\\/\\\/www.meydan.tv\\\/az\\\/article\\\/iki-usaq-anasi-memurlar-128-manatla-dolana-bilermi\\\/\"},\"author\":{\"name\":\"user-manager\",\"@id\":\"https:\\\/\\\/www.meydan.tv\\\/az\\\/#\\\/schema\\\/person\\\/10d11eccf6da3662cf5fdab9806ea91a\"},\"headline\":\"\u0130ki u\u015faq anas\u0131: M\u0259murlar 128 manatla dolana bil\u0259rmi?\",\"datePublished\":\"2021-02-18T13:44:44+00:00\",\"mainEntityOfPage\":{\"@id\":\"https:\\\/\\\/www.meydan.tv\\\/az\\\/article\\\/iki-usaq-anasi-memurlar-128-manatla-dolana-bilermi\\\/\"},\"wordCount\":689,\"publisher\":{\"@id\":\"https:\\\/\\\/www.meydan.tv\\\/az\\\/#organization\"},\"image\":{\"@id\":\"https:\\\/\\\/www.meydan.tv\\\/az\\\/article\\\/iki-usaq-anasi-memurlar-128-manatla-dolana-bilermi\\\/#primaryimage\"},\"thumbnailUrl\":\"https:\\\/\\\/www.meydan.tv\\\/wp-content\\\/uploads\\\/photo-2021-02-18-16-25-01-rotated.jpg\",\"articleSection\":[\"B\u00f6lg\u0259\"],\"inLanguage\":\"az\"},{\"@type\":\"WebPage\",\"@id\":\"https:\\\/\\\/www.meydan.tv\\\/az\\\/article\\\/iki-usaq-anasi-memurlar-128-manatla-dolana-bilermi\\\/\",\"url\":\"https:\\\/\\\/www.meydan.tv\\\/az\\\/article\\\/iki-usaq-anasi-memurlar-128-manatla-dolana-bilermi\\\/\",\"name\":\"\u0130ki u\u015faq anas\u0131: M\u0259murlar 128 manatla dolana bil\u0259rmi? - MEYDAN.TV\",\"isPartOf\":{\"@id\":\"https:\\\/\\\/www.meydan.tv\\\/az\\\/#website\"},\"primaryImageOfPage\":{\"@id\":\"https:\\\/\\\/www.meydan.tv\\\/az\\\/article\\\/iki-usaq-anasi-memurlar-128-manatla-dolana-bilermi\\\/#primaryimage\"},\"image\":{\"@id\":\"https:\\\/\\\/www.meydan.tv\\\/az\\\/article\\\/iki-usaq-anasi-memurlar-128-manatla-dolana-bilermi\\\/#primaryimage\"},\"thumbnailUrl\":\"https:\\\/\\\/www.meydan.tv\\\/wp-content\\\/uploads\\\/photo-2021-02-18-16-25-01-rotated.jpg\",\"datePublished\":\"2021-02-18T13:44:44+00:00\",\"breadcrumb\":{\"@id\":\"https:\\\/\\\/www.meydan.tv\\\/az\\\/article\\\/iki-usaq-anasi-memurlar-128-manatla-dolana-bilermi\\\/#breadcrumb\"},\"inLanguage\":\"az\",\"potentialAction\":[{\"@type\":\"ReadAction\",\"target\":[\"https:\\\/\\\/www.meydan.tv\\\/az\\\/article\\\/iki-usaq-anasi-memurlar-128-manatla-dolana-bilermi\\\/\"]}]},{\"@type\":\"ImageObject\",\"inLanguage\":\"az\",\"@id\":\"https:\\\/\\\/www.meydan.tv\\\/az\\\/article\\\/iki-usaq-anasi-memurlar-128-manatla-dolana-bilermi\\\/#primaryimage\",\"url\":\"https:\\\/\\\/www.meydan.tv\\\/wp-content\\\/uploads\\\/photo-2021-02-18-16-25-01-rotated.jpg\",\"contentUrl\":\"https:\\\/\\\/www.meydan.tv\\\/wp-content\\\/uploads\\\/photo-2021-02-18-16-25-01-rotated.jpg\",\"width\":1280,\"height\":720,\"caption\":\"Source: Specify Source\"},{\"@type\":\"BreadcrumbList\",\"@id\":\"https:\\\/\\\/www.meydan.tv\\\/az\\\/article\\\/iki-usaq-anasi-memurlar-128-manatla-dolana-bilermi\\\/#breadcrumb\",\"itemListElement\":[{\"@type\":\"ListItem\",\"position\":1,\"name\":\"Ana s\u0259hif\u0259\",\"item\":\"https:\\\/\\\/www.meydan.tv\\\/az\\\/\"},{\"@type\":\"ListItem\",\"position\":2,\"name\":\"B\u00f6lg\u0259\",\"item\":\"https:\\\/\\\/www.meydan.tv\\\/az\\\/section\\\/bolge\\\/\"},{\"@type\":\"ListItem\",\"position\":3,\"name\":\"\u0130ki u\u015faq anas\u0131: M\u0259murlar 128 manatla dolana bil\u0259rmi?\"}]},{\"@type\":\"WebSite\",\"@id\":\"https:\\\/\\\/www.meydan.tv\\\/az\\\/#website\",\"url\":\"https:\\\/\\\/www.meydan.tv\\\/az\\\/\",\"name\":\"MEYDAN.TV\",\"description\":\"Meydan TV Az\u0259rbaycan\u0131n media m\u0259kan\u0131ndak\u0131 alternativ s\u0259sidir\",\"publisher\":{\"@id\":\"https:\\\/\\\/www.meydan.tv\\\/az\\\/#organization\"},\"potentialAction\":[{\"@type\":\"SearchAction\",\"target\":{\"@type\":\"EntryPoint\",\"urlTemplate\":\"https:\\\/\\\/www.meydan.tv\\\/az\\\/?s={search_term_string}\"},\"query-input\":{\"@type\":\"PropertyValueSpecification\",\"valueRequired\":true,\"valueName\":\"search_term_string\"}}],\"inLanguage\":\"az\"},{\"@type\":\"Organization\",\"@id\":\"https:\\\/\\\/www.meydan.tv\\\/az\\\/#organization\",\"name\":\"Meydan TV\",\"url\":\"https:\\\/\\\/www.meydan.tv\\\/az\\\/\",\"logo\":{\"@type\":\"ImageObject\",\"inLanguage\":\"az\",\"@id\":\"https:\\\/\\\/www.meydan.tv\\\/az\\\/#\\\/schema\\\/logo\\\/image\\\/\",\"url\":\"https:\\\/\\\/www.meydan.tv\\\/wp-content\\\/uploads\\\/2021\\\/07\\\/meydan-logo.svg\",\"contentUrl\":\"https:\\\/\\\/www.meydan.tv\\\/wp-content\\\/uploads\\\/2021\\\/07\\\/meydan-logo.svg\",\"width\":195,\"height\":46,\"caption\":\"Meydan TV\"},\"image\":{\"@id\":\"https:\\\/\\\/www.meydan.tv\\\/az\\\/#\\\/schema\\\/logo\\\/image\\\/\"}},{\"@type\":\"Person\",\"@id\":\"https:\\\/\\\/www.meydan.tv\\\/az\\\/#\\\/schema\\\/person\\\/10d11eccf6da3662cf5fdab9806ea91a\",\"name\":\"user-manager\"}]}<\/script>\n<!-- \/ Yoast SEO plugin. -->","yoast_head_json":{"title":"\u0130ki u\u015faq anas\u0131: M\u0259murlar 128 manatla dolana bil\u0259rmi? - MEYDAN.TV","robots":{"index":"index","follow":"follow","max-snippet":"max-snippet:-1","max-image-preview":"max-image-preview:large","max-video-preview":"max-video-preview:-1"},"canonical":"https:\/\/www.meydan.tv\/az\/article\/iki-usaq-anasi-memurlar-128-manatla-dolana-bilermi\/","og_locale":"az_AZ","og_type":"article","og_title":"\u0130ki u\u015faq anas\u0131: M\u0259murlar 128 manatla dolana bil\u0259rmi? - MEYDAN.TV","og_description":"\"Bu u\u015faqlar acd\u0131r, susuzdur, geyiml\u0259ri var, yoxdur, h\u00f6kum\u0259t\u0259 maraql\u0131 deyil. Adamlar k\u00f6hn\u0259 geyim verm\u0259s\u0259, u\u015faqlar\u0131m \u00e7\u0131lpaq g\u0259z\u0259r...\u201d, - qad\u0131n deyir.","og_url":"https:\/\/www.meydan.tv\/az\/article\/iki-usaq-anasi-memurlar-128-manatla-dolana-bilermi\/","og_site_name":"MEYDAN.TV","article_published_time":"2021-02-18T13:44:44+00:00","og_image":[{"width":1280,"height":720,"url":"https:\/\/www.meydan.tv\/wp-content\/uploads\/photo-2021-02-18-16-25-01-rotated.jpg","type":"image\/jpeg"}],"author":"user-manager","twitter_card":"summary_large_image","schema":{"@context":"https:\/\/schema.org","@graph":[{"@type":"Article","@id":"https:\/\/www.meydan.tv\/az\/article\/iki-usaq-anasi-memurlar-128-manatla-dolana-bilermi\/#article","isPartOf":{"@id":"https:\/\/www.meydan.tv\/az\/article\/iki-usaq-anasi-memurlar-128-manatla-dolana-bilermi\/"},"author":{"name":"user-manager","@id":"https:\/\/www.meydan.tv\/az\/#\/schema\/person\/10d11eccf6da3662cf5fdab9806ea91a"},"headline":"\u0130ki u\u015faq anas\u0131: M\u0259murlar 128 manatla dolana bil\u0259rmi?","datePublished":"2021-02-18T13:44:44+00:00","mainEntityOfPage":{"@id":"https:\/\/www.meydan.tv\/az\/article\/iki-usaq-anasi-memurlar-128-manatla-dolana-bilermi\/"},"wordCount":689,"publisher":{"@id":"https:\/\/www.meydan.tv\/az\/#organization"},"image":{"@id":"https:\/\/www.meydan.tv\/az\/article\/iki-usaq-anasi-memurlar-128-manatla-dolana-bilermi\/#primaryimage"},"thumbnailUrl":"https:\/\/www.meydan.tv\/wp-content\/uploads\/photo-2021-02-18-16-25-01-rotated.jpg","articleSection":["B\u00f6lg\u0259"],"inLanguage":"az"},{"@type":"WebPage","@id":"https:\/\/www.meydan.tv\/az\/article\/iki-usaq-anasi-memurlar-128-manatla-dolana-bilermi\/","url":"https:\/\/www.meydan.tv\/az\/article\/iki-usaq-anasi-memurlar-128-manatla-dolana-bilermi\/","name":"\u0130ki u\u015faq anas\u0131: M\u0259murlar 128 manatla dolana bil\u0259rmi? - MEYDAN.TV","isPartOf":{"@id":"https:\/\/www.meydan.tv\/az\/#website"},"primaryImageOfPage":{"@id":"https:\/\/www.meydan.tv\/az\/article\/iki-usaq-anasi-memurlar-128-manatla-dolana-bilermi\/#primaryimage"},"image":{"@id":"https:\/\/www.meydan.tv\/az\/article\/iki-usaq-anasi-memurlar-128-manatla-dolana-bilermi\/#primaryimage"},"thumbnailUrl":"https:\/\/www.meydan.tv\/wp-content\/uploads\/photo-2021-02-18-16-25-01-rotated.jpg","datePublished":"2021-02-18T13:44:44+00:00","breadcrumb":{"@id":"https:\/\/www.meydan.tv\/az\/article\/iki-usaq-anasi-memurlar-128-manatla-dolana-bilermi\/#breadcrumb"},"inLanguage":"az","potentialAction":[{"@type":"ReadAction","target":["https:\/\/www.meydan.tv\/az\/article\/iki-usaq-anasi-memurlar-128-manatla-dolana-bilermi\/"]}]},{"@type":"ImageObject","inLanguage":"az","@id":"https:\/\/www.meydan.tv\/az\/article\/iki-usaq-anasi-memurlar-128-manatla-dolana-bilermi\/#primaryimage","url":"https:\/\/www.meydan.tv\/wp-content\/uploads\/photo-2021-02-18-16-25-01-rotated.jpg","contentUrl":"https:\/\/www.meydan.tv\/wp-content\/uploads\/photo-2021-02-18-16-25-01-rotated.jpg","width":1280,"height":720,"caption":"Source: Specify Source"},{"@type":"BreadcrumbList","@id":"https:\/\/www.meydan.tv\/az\/article\/iki-usaq-anasi-memurlar-128-manatla-dolana-bilermi\/#breadcrumb","itemListElement":[{"@type":"ListItem","position":1,"name":"Ana s\u0259hif\u0259","item":"https:\/\/www.meydan.tv\/az\/"},{"@type":"ListItem","position":2,"name":"B\u00f6lg\u0259","item":"https:\/\/www.meydan.tv\/az\/section\/bolge\/"},{"@type":"ListItem","position":3,"name":"\u0130ki u\u015faq anas\u0131: M\u0259murlar 128 manatla dolana bil\u0259rmi?"}]},{"@type":"WebSite","@id":"https:\/\/www.meydan.tv\/az\/#website","url":"https:\/\/www.meydan.tv\/az\/","name":"MEYDAN.TV","description":"Meydan TV Az\u0259rbaycan\u0131n media m\u0259kan\u0131ndak\u0131 alternativ s\u0259sidir","publisher":{"@id":"https:\/\/www.meydan.tv\/az\/#organization"},"potentialAction":[{"@type":"SearchAction","target":{"@type":"EntryPoint","urlTemplate":"https:\/\/www.meydan.tv\/az\/?s={search_term_string}"},"query-input":{"@type":"PropertyValueSpecification","valueRequired":true,"valueName":"search_term_string"}}],"inLanguage":"az"},{"@type":"Organization","@id":"https:\/\/www.meydan.tv\/az\/#organization","name":"Meydan TV","url":"https:\/\/www.meydan.tv\/az\/","logo":{"@type":"ImageObject","inLanguage":"az","@id":"https:\/\/www.meydan.tv\/az\/#\/schema\/logo\/image\/","url":"https:\/\/www.meydan.tv\/wp-content\/uploads\/2021\/07\/meydan-logo.svg","contentUrl":"https:\/\/www.meydan.tv\/wp-content\/uploads\/2021\/07\/meydan-logo.svg","width":195,"height":46,"caption":"Meydan TV"},"image":{"@id":"https:\/\/www.meydan.tv\/az\/#\/schema\/logo\/image\/"}},{"@type":"Person","@id":"https:\/\/www.meydan.tv\/az\/#\/schema\/person\/10d11eccf6da3662cf5fdab9806ea91a","name":"user-manager"}]}},"_links":{"self":[{"href":"https:\/\/www.meydan.tv\/az\/wp-json\/wp\/v2\/posts\/205030","targetHints":{"allow":["GET"]}}],"collection":[{"href":"https:\/\/www.meydan.tv\/az\/wp-json\/wp\/v2\/posts"}],"about":[{"href":"https:\/\/www.meydan.tv\/az\/wp-json\/wp\/v2\/types\/post"}],"author":[{"embeddable":true,"href":"https:\/\/www.meydan.tv\/az\/wp-json\/wp\/v2\/users\/11"}],"replies":[{"embeddable":true,"href":"https:\/\/www.meydan.tv\/az\/wp-json\/wp\/v2\/comments?post=205030"}],"version-history":[{"count":0,"href":"https:\/\/www.meydan.tv\/az\/wp-json\/wp\/v2\/posts\/205030\/revisions"}],"wp:featuredmedia":[{"embeddable":true,"href":"https:\/\/www.meydan.tv\/az\/wp-json\/wp\/v2\/media\/156557"}],"wp:attachment":[{"href":"https:\/\/www.meydan.tv\/az\/wp-json\/wp\/v2\/media?parent=205030"}],"wp:term":[{"taxonomy":"category","embeddable":true,"href":"https:\/\/www.meydan.tv\/az\/wp-json\/wp\/v2\/categories?post=205030"},{"taxonomy":"post_tag","embeddable":true,"href":"https:\/\/www.meydan.tv\/az\/wp-json\/wp\/v2\/tags?post=205030"}],"curies":[{"name":"wp","href":"https:\/\/api.w.org\/{rel}","templated":true}]}}