{"id":205018,"date":"2021-02-17T18:47:45","date_gmt":"2021-02-17T18:47:45","guid":{"rendered":"https:\/\/www.meydan.tv\/article\/tenha-ana-bu-haqsizliq-davam-etse-ozumu-oldurecem\/"},"modified":"2021-02-17T18:47:45","modified_gmt":"2021-02-17T18:47:45","slug":"tenha-ana-bu-haqsizliq-davam-etse-ozumu-oldurecem","status":"publish","type":"post","link":"https:\/\/www.meydan.tv\/az\/article\/tenha-ana-bu-haqsizliq-davam-etse-ozumu-oldurecem\/","title":{"rendered":"T\u0259nha ana: Bu haqs\u0131zl\u0131q davam ets\u0259, \u00f6z\u00fcm\u00fc \u00f6ld\u00fcr\u0259c\u0259m"},"content":{"rendered":"<figure class=\"wp-block-embed is-type-video is-provider-youtube wp-block-embed-youtube wp-embed-aspect-16-9 wp-has-aspect-ratio\">\n<div class=\"wp-block-embed__wrapper\">\n    <iframe\ttitle=\"T\u0259nha ana: Bu haqs\u0131zl\u0131q davam ets\u0259, \u00f6z\u00fcm\u00fc \u00f6ld\u00fcr\u0259c\u0259m\" width=\"1200\" height=\"675\" data-src=\"https:\/\/www.youtube.com\/embed\/LaEKjUryiGQ\"\tframeborder=\"0\"\tallow=\"accelerometer; autoplay; clipboard-write; encrypted-media; gyroscope; picture-in-picture\" allowfullscreen src=\"data:image\/svg+xml;base64,PHN2ZyB3aWR0aD0iMSIgaGVpZ2h0PSIxIiB4bWxucz0iaHR0cDovL3d3dy53My5vcmcvMjAwMC9zdmciPjwvc3ZnPg==\" class=\"lazyload\" data-load-mode=\"1\"><\/iframe>\n  <\/div><figcaption>\n    T\u0259nha ana: Bu haqs\u0131zl\u0131q davam ets\u0259, \u00f6z\u00fcm\u00fc \u00f6ld\u00fcr\u0259c\u0259m<br \/>\n  <\/figcaption><\/figure>\n<p>\n  Bak\u0131 sakini Elnar\u0259 \u0130smay\u0131lova t\u0259nha anad\u0131r. O deyir ki, \u00f6vlad\u0131na t\u0259yin edil\u0259n alimenti ala bilmir. Bu bar\u0259d\u0259 Ab\u015feron Rayon M\u0259hk\u0259m\u0259sin\u0259 m\u00fcraci\u0259t ets\u0259 d\u0259, bir m\u00fcdd\u0259t sonra m\u0259hk\u0259m\u0259 i\u015f\u0259 xitam verib.\n<\/p>\n<p>\n  \u201c\u0130cra\u00e7\u0131 i\u015fl\u0259 ba\u011fl\u0131 m\u0259hk\u0259m\u0259y\u0259 s\u0259n\u0259d verdi, protokol haz\u0131rlad\u0131. Qar\u015f\u0131 t\u0259r\u0259fin borcu \u00e7ox idi. Sad\u0259c\u0259 olaraq icra\u00e7\u0131 \u00f6d\u0259tdirdi onu. Yerd\u0259 qald\u0131 2000-d\u0259n \u00e7ox borc. Aliment is\u0259 154 manatd\u0131r. O da ki 154, 140, b\u0259z\u0259n guya k\u00f6hn\u0259 borcdan 30, 35, 20, 25 bel\u0259 pul \u00f6d\u0259yir. Amma bu q\u0259d\u0259r d\u0259 olmaz ax\u0131. Noyabr\u0131n 17-si m\u0259hk\u0259m\u0259 i\u015fi ba\u011flay\u0131b. Ab\u015feron Rayon M\u0259hk\u0259m\u0259sinin hakimi Sevinc Quliyeva n\u00f6vb\u0259ti prosesl\u0259r\u0259 \u00e7a\u011f\u0131r\u0131b m\u0259ni. Bu, n\u0259 q\u0259d\u0259r d\u00fczg\u00fcnd\u00fcr?\u201c, &#8211; ana deyir\n<\/p>\n<p>\n  Elnar\u0259 \u0130smay\u0131lova 3 il \u0259vv\u0259l h\u0259yat yolda\u015f\u0131ndan ayr\u0131l\u0131b. Ke\u00e7mi\u015f \u0259ri bir d\u0259f\u0259 aliment borcuna g\u00f6r\u0259 10 sutka h\u0259bs olunub. Bu, onun ikinci m\u0259hk\u0259m\u0259sidir.\n<\/p>\n<p>\n  \u015eikay\u0259t\u00e7inin s\u00f6zl\u0259rin\u0259 g\u00f6r\u0259, ke\u00e7mi\u015f h\u0259yat yolda\u015f\u0131 onu h\u0259d\u0259l\u0259yir ki, r\u00fc\u015fv\u0259t verib u\u015fa\u011f\u0131 himay\u0259sin\u0259 g\u00f6t\u00fcr\u0259c\u0259k. T\u0259nha ana bu s\u0259b\u0259bd\u0259n iki d\u0259f\u0259 intihara c\u0259hd edib:\n<\/p>\n<p>\n  \u201cM\u0259ni o q\u0259d\u0259r al\u00e7altd\u0131lar, o q\u0259d\u0259r yordular ki, \u00f6z\u00fcm\u00fc Xrdalanda yeni tikilmi\u015f binan\u0131n 9-cu m\u0259rt\u0259b\u0259sind\u0259n at\u0131rd\u0131m. Orada olan \u00fc\u00e7 usta tutdu, d\u00fc\u015fm\u0259y\u0259 qoymad\u0131. Bu q\u0259d\u0259r z\u00fclm olmaz.\n<\/p>\n<p>\n  Deyirl\u0259r ki, \u00f6l\u00fcrs\u0259n \u00f6l d\u0259, 60 q\u0259piklik aktd\u0131r, yazacay\u0131q, sonra da \u00f6z i\u015fimizd\u0259 i\u015fl\u0259y\u0259c\u0259yik. Bu q\u0259d\u0259r d\u0259 olarm\u0131?\u201d\n<\/p>\n<p>\n  Elnar\u0259 \u0130smay\u0131lova \u018fdliyy\u0259 Nazirliyin\u0259 m\u00fcraci\u0259t ets\u0259 d\u0259, qurumdan onu yenid\u0259n Ab\u015feron Rayon M\u0259hk\u0259m\u0259sin\u0259 y\u00f6nl\u0259ndiribl\u0259r.\n<\/p>\n<p>\n  \u201cBu \u00f6lk\u0259d\u0259 qad\u0131n olmaq a\u011f\u0131rd\u0131r, b\u0259z\u0259n adama \u0259n a\u015fa\u011f\u0131 insan kimi bax\u0131rlar. M\u0259n bel\u0259 anlad\u0131m. \u0130ndi m\u0259n n\u0259 ed\u0259c\u0259m? O\u011flum b\u00f6y\u00fcy\u00fcb bu V\u0259t\u0259ni qoruyacaq ki, onun hakiml\u0259ri bel\u0259 \u0259dal\u0259tsiz olsun? Qanunsuz i\u015f g\u00f6rs\u00fcn? Dey\u0259nd\u0259 qanun qoyurlar ortaya. Filan \u015feydi, filan \u015feydi. B\u0259s \u00f6zl\u0259rind\u0259 nec\u0259 olur? O hakiml\u0259r d\u0259 \u00f6vladlar\u0131na ayda bir d\u0259f\u0259 yem\u0259k yedizdirir?\n<\/p>\n<p>\n  Elnar\u0259 \u0130smay\u0131lova Ab\u015feron Rayon M\u0259hk\u0259m\u0259sinin hakimi Sevinc Quliyevan\u0131n q\u0259rar\u0131n\u0131 \u0259sass\u0131z hesab edir.\n<\/p>\n<p>\n  Prezidentd\u0259n v\u0259 birinci vitse-prezidentd\u0259n bu m\u0259s\u0259l\u0259y\u0259 diqq\u0259t ay\u0131rmalar\u0131n\u0131 xahi\u015f edir:\n<\/p>\n<p>\n  \u201c\u00c7ox xahi\u015f edir\u0259m, c\u0259nab prezident. Xahi\u015f etmir\u0259m, h\u0259tta yalvar\u0131ram, bu \u00f6zba\u015f\u0131nal\u0131q y\u0131\u011f\u0131\u015f\u0131ls\u0131n. Sizin qoydu\u011funuz qanunlar pozulur, \u00f6z qanunlar\u0131 yaz\u0131l\u0131r. Hakim Sevinc Quliyeva haqq\u0131nda t\u0259dbir g\u00f6r\u00fcls\u00fcn. \u00c7ox xahi\u015f edir\u0259m. M\u0259n yen\u0259 deyir\u0259m, \u0259g\u0259r m\u0259nim i\u015fim\u0259 bax\u0131lmasa, bu qanunsuzluq ba\u015f al\u0131b gets\u0259, h\u0259qiq\u0259t\u0259n \u00f6z\u00fcm\u00fc \u00f6ld\u00fcr\u0259c\u0259m. \u00c7\u00fcnki bezmi\u015f\u0259m. Az\u0259rbaycanda, \u00f6z \u00f6lk\u0259md\u0259 qad\u0131n kimi ya\u015famaq \u00e7\u0259tindir\u201d.<\/p>\n","protected":false},"excerpt":{"rendered":"<p>Bak\u0131 sakini Elnar\u0259 \u0130smay\u0131lova t\u0259nha anad\u0131r<\/p>\n","protected":false},"author":11,"featured_media":156527,"comment_status":"closed","ping_status":"open","sticky":false,"template":"","format":"standard","meta":{"_acf_changed":false,"_sitemap_exclude":false,"_sitemap_priority":"","_sitemap_frequency":"","footnotes":""},"categories":[63],"tags":[],"class_list":["post-205018","post","type-post","status-publish","format-standard","has-post-thumbnail","hentry","category-video-2","infinite-scroll-item","generate-columns","tablet-grid-50","mobile-grid-100","grid-parent","grid-33","no-featured-image-padding"],"acf":[],"yoast_head":"<!-- This site is optimized with the Yoast SEO plugin v27.5 - https:\/\/yoast.com\/product\/yoast-seo-wordpress\/ -->\n<title>T\u0259nha ana: Bu haqs\u0131zl\u0131q davam ets\u0259, \u00f6z\u00fcm\u00fc \u00f6ld\u00fcr\u0259c\u0259m - MEYDAN.TV<\/title>\n<meta name=\"robots\" content=\"index, follow, max-snippet:-1, max-image-preview:large, max-video-preview:-1\" \/>\n<link rel=\"canonical\" href=\"https:\/\/www.meydan.tv\/az\/article\/tenha-ana-bu-haqsizliq-davam-etse-ozumu-oldurecem\/\" \/>\n<meta property=\"og:locale\" content=\"az_AZ\" \/>\n<meta property=\"og:type\" content=\"article\" \/>\n<meta property=\"og:title\" content=\"T\u0259nha ana: Bu haqs\u0131zl\u0131q davam ets\u0259, \u00f6z\u00fcm\u00fc \u00f6ld\u00fcr\u0259c\u0259m - MEYDAN.TV\" \/>\n<meta property=\"og:description\" content=\"Bak\u0131 sakini Elnar\u0259 \u0130smay\u0131lova t\u0259nha anad\u0131r\" \/>\n<meta property=\"og:url\" content=\"https:\/\/www.meydan.tv\/az\/article\/tenha-ana-bu-haqsizliq-davam-etse-ozumu-oldurecem\/\" \/>\n<meta property=\"og:site_name\" content=\"MEYDAN.TV\" \/>\n<meta property=\"article:published_time\" content=\"2021-02-17T18:47:45+00:00\" \/>\n<meta property=\"og:image\" content=\"https:\/\/www.meydan.tv\/wp-content\/uploads\/screenshot_2021-02-17_at_18.35.44-1200x716.png\" \/>\n\t<meta property=\"og:image:width\" content=\"1200\" \/>\n\t<meta property=\"og:image:height\" content=\"716\" \/>\n\t<meta property=\"og:image:type\" content=\"image\/png\" \/>\n<meta name=\"author\" content=\"user-manager\" \/>\n<meta name=\"twitter:card\" content=\"summary_large_image\" \/>\n<script type=\"application\/ld+json\" class=\"yoast-schema-graph\">{\"@context\":\"https:\\\/\\\/schema.org\",\"@graph\":[{\"@type\":\"Article\",\"@id\":\"https:\\\/\\\/www.meydan.tv\\\/az\\\/article\\\/tenha-ana-bu-haqsizliq-davam-etse-ozumu-oldurecem\\\/#article\",\"isPartOf\":{\"@id\":\"https:\\\/\\\/www.meydan.tv\\\/az\\\/article\\\/tenha-ana-bu-haqsizliq-davam-etse-ozumu-oldurecem\\\/\"},\"author\":{\"name\":\"user-manager\",\"@id\":\"https:\\\/\\\/www.meydan.tv\\\/az\\\/#\\\/schema\\\/person\\\/10d11eccf6da3662cf5fdab9806ea91a\"},\"headline\":\"T\u0259nha ana: Bu haqs\u0131zl\u0131q davam ets\u0259, \u00f6z\u00fcm\u00fc \u00f6ld\u00fcr\u0259c\u0259m\",\"datePublished\":\"2021-02-17T18:47:45+00:00\",\"mainEntityOfPage\":{\"@id\":\"https:\\\/\\\/www.meydan.tv\\\/az\\\/article\\\/tenha-ana-bu-haqsizliq-davam-etse-ozumu-oldurecem\\\/\"},\"wordCount\":576,\"publisher\":{\"@id\":\"https:\\\/\\\/www.meydan.tv\\\/az\\\/#organization\"},\"image\":{\"@id\":\"https:\\\/\\\/www.meydan.tv\\\/az\\\/article\\\/tenha-ana-bu-haqsizliq-davam-etse-ozumu-oldurecem\\\/#primaryimage\"},\"thumbnailUrl\":\"https:\\\/\\\/www.meydan.tv\\\/wp-content\\\/uploads\\\/screenshot_2021-02-17_at_18.35.44.png\",\"articleSection\":[\"Video\"],\"inLanguage\":\"az\"},{\"@type\":\"WebPage\",\"@id\":\"https:\\\/\\\/www.meydan.tv\\\/az\\\/article\\\/tenha-ana-bu-haqsizliq-davam-etse-ozumu-oldurecem\\\/\",\"url\":\"https:\\\/\\\/www.meydan.tv\\\/az\\\/article\\\/tenha-ana-bu-haqsizliq-davam-etse-ozumu-oldurecem\\\/\",\"name\":\"T\u0259nha ana: Bu haqs\u0131zl\u0131q davam ets\u0259, \u00f6z\u00fcm\u00fc \u00f6ld\u00fcr\u0259c\u0259m - MEYDAN.TV\",\"isPartOf\":{\"@id\":\"https:\\\/\\\/www.meydan.tv\\\/az\\\/#website\"},\"primaryImageOfPage\":{\"@id\":\"https:\\\/\\\/www.meydan.tv\\\/az\\\/article\\\/tenha-ana-bu-haqsizliq-davam-etse-ozumu-oldurecem\\\/#primaryimage\"},\"image\":{\"@id\":\"https:\\\/\\\/www.meydan.tv\\\/az\\\/article\\\/tenha-ana-bu-haqsizliq-davam-etse-ozumu-oldurecem\\\/#primaryimage\"},\"thumbnailUrl\":\"https:\\\/\\\/www.meydan.tv\\\/wp-content\\\/uploads\\\/screenshot_2021-02-17_at_18.35.44.png\",\"datePublished\":\"2021-02-17T18:47:45+00:00\",\"breadcrumb\":{\"@id\":\"https:\\\/\\\/www.meydan.tv\\\/az\\\/article\\\/tenha-ana-bu-haqsizliq-davam-etse-ozumu-oldurecem\\\/#breadcrumb\"},\"inLanguage\":\"az\",\"potentialAction\":[{\"@type\":\"ReadAction\",\"target\":[\"https:\\\/\\\/www.meydan.tv\\\/az\\\/article\\\/tenha-ana-bu-haqsizliq-davam-etse-ozumu-oldurecem\\\/\"]}]},{\"@type\":\"ImageObject\",\"inLanguage\":\"az\",\"@id\":\"https:\\\/\\\/www.meydan.tv\\\/az\\\/article\\\/tenha-ana-bu-haqsizliq-davam-etse-ozumu-oldurecem\\\/#primaryimage\",\"url\":\"https:\\\/\\\/www.meydan.tv\\\/wp-content\\\/uploads\\\/screenshot_2021-02-17_at_18.35.44.png\",\"contentUrl\":\"https:\\\/\\\/www.meydan.tv\\\/wp-content\\\/uploads\\\/screenshot_2021-02-17_at_18.35.44.png\",\"width\":1938,\"height\":1156,\"caption\":\"Source: Meydan Tv\"},{\"@type\":\"BreadcrumbList\",\"@id\":\"https:\\\/\\\/www.meydan.tv\\\/az\\\/article\\\/tenha-ana-bu-haqsizliq-davam-etse-ozumu-oldurecem\\\/#breadcrumb\",\"itemListElement\":[{\"@type\":\"ListItem\",\"position\":1,\"name\":\"Ana s\u0259hif\u0259\",\"item\":\"https:\\\/\\\/www.meydan.tv\\\/az\\\/\"},{\"@type\":\"ListItem\",\"position\":2,\"name\":\"Video\",\"item\":\"https:\\\/\\\/www.meydan.tv\\\/az\\\/section\\\/video-2\\\/\"},{\"@type\":\"ListItem\",\"position\":3,\"name\":\"T\u0259nha ana: Bu haqs\u0131zl\u0131q davam ets\u0259, \u00f6z\u00fcm\u00fc \u00f6ld\u00fcr\u0259c\u0259m\"}]},{\"@type\":\"WebSite\",\"@id\":\"https:\\\/\\\/www.meydan.tv\\\/az\\\/#website\",\"url\":\"https:\\\/\\\/www.meydan.tv\\\/az\\\/\",\"name\":\"MEYDAN.TV\",\"description\":\"Meydan TV Az\u0259rbaycan\u0131n media m\u0259kan\u0131ndak\u0131 alternativ s\u0259sidir\",\"publisher\":{\"@id\":\"https:\\\/\\\/www.meydan.tv\\\/az\\\/#organization\"},\"potentialAction\":[{\"@type\":\"SearchAction\",\"target\":{\"@type\":\"EntryPoint\",\"urlTemplate\":\"https:\\\/\\\/www.meydan.tv\\\/az\\\/?s={search_term_string}\"},\"query-input\":{\"@type\":\"PropertyValueSpecification\",\"valueRequired\":true,\"valueName\":\"search_term_string\"}}],\"inLanguage\":\"az\"},{\"@type\":\"Organization\",\"@id\":\"https:\\\/\\\/www.meydan.tv\\\/az\\\/#organization\",\"name\":\"Meydan TV\",\"url\":\"https:\\\/\\\/www.meydan.tv\\\/az\\\/\",\"logo\":{\"@type\":\"ImageObject\",\"inLanguage\":\"az\",\"@id\":\"https:\\\/\\\/www.meydan.tv\\\/az\\\/#\\\/schema\\\/logo\\\/image\\\/\",\"url\":\"https:\\\/\\\/www.meydan.tv\\\/wp-content\\\/uploads\\\/2021\\\/07\\\/meydan-logo.svg\",\"contentUrl\":\"https:\\\/\\\/www.meydan.tv\\\/wp-content\\\/uploads\\\/2021\\\/07\\\/meydan-logo.svg\",\"width\":195,\"height\":46,\"caption\":\"Meydan TV\"},\"image\":{\"@id\":\"https:\\\/\\\/www.meydan.tv\\\/az\\\/#\\\/schema\\\/logo\\\/image\\\/\"}},{\"@type\":\"Person\",\"@id\":\"https:\\\/\\\/www.meydan.tv\\\/az\\\/#\\\/schema\\\/person\\\/10d11eccf6da3662cf5fdab9806ea91a\",\"name\":\"user-manager\"}]}<\/script>\n<!-- \/ Yoast SEO plugin. -->","yoast_head_json":{"title":"T\u0259nha ana: Bu haqs\u0131zl\u0131q davam ets\u0259, \u00f6z\u00fcm\u00fc \u00f6ld\u00fcr\u0259c\u0259m - MEYDAN.TV","robots":{"index":"index","follow":"follow","max-snippet":"max-snippet:-1","max-image-preview":"max-image-preview:large","max-video-preview":"max-video-preview:-1"},"canonical":"https:\/\/www.meydan.tv\/az\/article\/tenha-ana-bu-haqsizliq-davam-etse-ozumu-oldurecem\/","og_locale":"az_AZ","og_type":"article","og_title":"T\u0259nha ana: Bu haqs\u0131zl\u0131q davam ets\u0259, \u00f6z\u00fcm\u00fc \u00f6ld\u00fcr\u0259c\u0259m - MEYDAN.TV","og_description":"Bak\u0131 sakini Elnar\u0259 \u0130smay\u0131lova t\u0259nha anad\u0131r","og_url":"https:\/\/www.meydan.tv\/az\/article\/tenha-ana-bu-haqsizliq-davam-etse-ozumu-oldurecem\/","og_site_name":"MEYDAN.TV","article_published_time":"2021-02-17T18:47:45+00:00","og_image":[{"width":1200,"height":716,"url":"https:\/\/www.meydan.tv\/wp-content\/uploads\/screenshot_2021-02-17_at_18.35.44-1200x716.png","type":"image\/png"}],"author":"user-manager","twitter_card":"summary_large_image","schema":{"@context":"https:\/\/schema.org","@graph":[{"@type":"Article","@id":"https:\/\/www.meydan.tv\/az\/article\/tenha-ana-bu-haqsizliq-davam-etse-ozumu-oldurecem\/#article","isPartOf":{"@id":"https:\/\/www.meydan.tv\/az\/article\/tenha-ana-bu-haqsizliq-davam-etse-ozumu-oldurecem\/"},"author":{"name":"user-manager","@id":"https:\/\/www.meydan.tv\/az\/#\/schema\/person\/10d11eccf6da3662cf5fdab9806ea91a"},"headline":"T\u0259nha ana: Bu haqs\u0131zl\u0131q davam ets\u0259, \u00f6z\u00fcm\u00fc \u00f6ld\u00fcr\u0259c\u0259m","datePublished":"2021-02-17T18:47:45+00:00","mainEntityOfPage":{"@id":"https:\/\/www.meydan.tv\/az\/article\/tenha-ana-bu-haqsizliq-davam-etse-ozumu-oldurecem\/"},"wordCount":576,"publisher":{"@id":"https:\/\/www.meydan.tv\/az\/#organization"},"image":{"@id":"https:\/\/www.meydan.tv\/az\/article\/tenha-ana-bu-haqsizliq-davam-etse-ozumu-oldurecem\/#primaryimage"},"thumbnailUrl":"https:\/\/www.meydan.tv\/wp-content\/uploads\/screenshot_2021-02-17_at_18.35.44.png","articleSection":["Video"],"inLanguage":"az"},{"@type":"WebPage","@id":"https:\/\/www.meydan.tv\/az\/article\/tenha-ana-bu-haqsizliq-davam-etse-ozumu-oldurecem\/","url":"https:\/\/www.meydan.tv\/az\/article\/tenha-ana-bu-haqsizliq-davam-etse-ozumu-oldurecem\/","name":"T\u0259nha ana: Bu haqs\u0131zl\u0131q davam ets\u0259, \u00f6z\u00fcm\u00fc \u00f6ld\u00fcr\u0259c\u0259m - MEYDAN.TV","isPartOf":{"@id":"https:\/\/www.meydan.tv\/az\/#website"},"primaryImageOfPage":{"@id":"https:\/\/www.meydan.tv\/az\/article\/tenha-ana-bu-haqsizliq-davam-etse-ozumu-oldurecem\/#primaryimage"},"image":{"@id":"https:\/\/www.meydan.tv\/az\/article\/tenha-ana-bu-haqsizliq-davam-etse-ozumu-oldurecem\/#primaryimage"},"thumbnailUrl":"https:\/\/www.meydan.tv\/wp-content\/uploads\/screenshot_2021-02-17_at_18.35.44.png","datePublished":"2021-02-17T18:47:45+00:00","breadcrumb":{"@id":"https:\/\/www.meydan.tv\/az\/article\/tenha-ana-bu-haqsizliq-davam-etse-ozumu-oldurecem\/#breadcrumb"},"inLanguage":"az","potentialAction":[{"@type":"ReadAction","target":["https:\/\/www.meydan.tv\/az\/article\/tenha-ana-bu-haqsizliq-davam-etse-ozumu-oldurecem\/"]}]},{"@type":"ImageObject","inLanguage":"az","@id":"https:\/\/www.meydan.tv\/az\/article\/tenha-ana-bu-haqsizliq-davam-etse-ozumu-oldurecem\/#primaryimage","url":"https:\/\/www.meydan.tv\/wp-content\/uploads\/screenshot_2021-02-17_at_18.35.44.png","contentUrl":"https:\/\/www.meydan.tv\/wp-content\/uploads\/screenshot_2021-02-17_at_18.35.44.png","width":1938,"height":1156,"caption":"Source: Meydan Tv"},{"@type":"BreadcrumbList","@id":"https:\/\/www.meydan.tv\/az\/article\/tenha-ana-bu-haqsizliq-davam-etse-ozumu-oldurecem\/#breadcrumb","itemListElement":[{"@type":"ListItem","position":1,"name":"Ana s\u0259hif\u0259","item":"https:\/\/www.meydan.tv\/az\/"},{"@type":"ListItem","position":2,"name":"Video","item":"https:\/\/www.meydan.tv\/az\/section\/video-2\/"},{"@type":"ListItem","position":3,"name":"T\u0259nha ana: Bu haqs\u0131zl\u0131q davam ets\u0259, \u00f6z\u00fcm\u00fc \u00f6ld\u00fcr\u0259c\u0259m"}]},{"@type":"WebSite","@id":"https:\/\/www.meydan.tv\/az\/#website","url":"https:\/\/www.meydan.tv\/az\/","name":"MEYDAN.TV","description":"Meydan TV Az\u0259rbaycan\u0131n media m\u0259kan\u0131ndak\u0131 alternativ s\u0259sidir","publisher":{"@id":"https:\/\/www.meydan.tv\/az\/#organization"},"potentialAction":[{"@type":"SearchAction","target":{"@type":"EntryPoint","urlTemplate":"https:\/\/www.meydan.tv\/az\/?s={search_term_string}"},"query-input":{"@type":"PropertyValueSpecification","valueRequired":true,"valueName":"search_term_string"}}],"inLanguage":"az"},{"@type":"Organization","@id":"https:\/\/www.meydan.tv\/az\/#organization","name":"Meydan TV","url":"https:\/\/www.meydan.tv\/az\/","logo":{"@type":"ImageObject","inLanguage":"az","@id":"https:\/\/www.meydan.tv\/az\/#\/schema\/logo\/image\/","url":"https:\/\/www.meydan.tv\/wp-content\/uploads\/2021\/07\/meydan-logo.svg","contentUrl":"https:\/\/www.meydan.tv\/wp-content\/uploads\/2021\/07\/meydan-logo.svg","width":195,"height":46,"caption":"Meydan TV"},"image":{"@id":"https:\/\/www.meydan.tv\/az\/#\/schema\/logo\/image\/"}},{"@type":"Person","@id":"https:\/\/www.meydan.tv\/az\/#\/schema\/person\/10d11eccf6da3662cf5fdab9806ea91a","name":"user-manager"}]}},"_links":{"self":[{"href":"https:\/\/www.meydan.tv\/az\/wp-json\/wp\/v2\/posts\/205018","targetHints":{"allow":["GET"]}}],"collection":[{"href":"https:\/\/www.meydan.tv\/az\/wp-json\/wp\/v2\/posts"}],"about":[{"href":"https:\/\/www.meydan.tv\/az\/wp-json\/wp\/v2\/types\/post"}],"author":[{"embeddable":true,"href":"https:\/\/www.meydan.tv\/az\/wp-json\/wp\/v2\/users\/11"}],"replies":[{"embeddable":true,"href":"https:\/\/www.meydan.tv\/az\/wp-json\/wp\/v2\/comments?post=205018"}],"version-history":[{"count":0,"href":"https:\/\/www.meydan.tv\/az\/wp-json\/wp\/v2\/posts\/205018\/revisions"}],"wp:featuredmedia":[{"embeddable":true,"href":"https:\/\/www.meydan.tv\/az\/wp-json\/wp\/v2\/media\/156527"}],"wp:attachment":[{"href":"https:\/\/www.meydan.tv\/az\/wp-json\/wp\/v2\/media?parent=205018"}],"wp:term":[{"taxonomy":"category","embeddable":true,"href":"https:\/\/www.meydan.tv\/az\/wp-json\/wp\/v2\/categories?post=205018"},{"taxonomy":"post_tag","embeddable":true,"href":"https:\/\/www.meydan.tv\/az\/wp-json\/wp\/v2\/tags?post=205018"}],"curies":[{"name":"wp","href":"https:\/\/api.w.org\/{rel}","templated":true}]}}