{"id":204995,"date":"2021-02-16T12:58:39","date_gmt":"2021-02-16T12:58:39","guid":{"rendered":"https:\/\/www.meydan.tv\/article\/general-mayor-zaur-memmedov-ev-tikmek-ucun-yolumuzu-zebt-edib\/"},"modified":"2021-02-16T12:58:39","modified_gmt":"2021-02-16T12:58:39","slug":"general-mayor-zaur-memmedov-ev-tikmek-ucun-yolumuzu-zebt-edib","status":"publish","type":"post","link":"https:\/\/www.meydan.tv\/az\/article\/general-mayor-zaur-memmedov-ev-tikmek-ucun-yolumuzu-zebt-edib\/","title":{"rendered":"\u201cGeneral-mayor Zaur M\u0259mm\u0259dov ev tikm\u0259k \u00fc\u00e7\u00fcn yolumuzu z\u0259bt edib\u201d"},"content":{"rendered":"<p>\n  <i><br \/>\n    G\u00f6yg\u00f6l sakinl\u0259ri: \u201cM\u0259murlar prezidentin general r\u00fctb\u0259si verdiyi adamdan \u00e7\u0259kinir\u201d<br \/>\n  <\/i>\n<\/p>\n<p>\n  \u201cBir t\u0259r\u0259fd\u0259n \u015eu\u015fan\u0131n i\u015f\u011faldan azad olunmas\u0131nda i\u015ftirak edib, bir t\u0259r\u0259fd\u0259ns\u0259 G\u00f6yg\u00f6ld\u0259 \u0259kin yerl\u0259rimiz\u0259, ba\u011flar\u0131m\u0131za, t\u00f6vl\u0259l\u0259rimiz\u0259 ged\u0259n yolumuzu k\u0259sib. Prezident ona general r\u00fctb\u0259si ver\u0259nd\u0259n sonra \u0259l-qolu bir az da a\u00e7\u0131l\u0131b. Qar\u015f\u0131m\u0131z\u0131 k\u0259s\u0259n hasar\u0131n h\u00fcnd\u00fcrl\u00fcy\u00fcn\u00fc 5-6 da\u015f da qald\u0131r\u0131b. Xeyli ail\u0259 hasar\u0131n bu tay\u0131nda qalmaqla t\u0259s\u0259rr\u00fcfat\u0131ndan uzaq d\u00fc\u015f\u00fcb\u201d.\n<\/p>\n<p>\n  Bunu G\u00f6yg\u00f6l\u00fcn \u201c\u00c7ay ba\u011f\u0131\u201d kimi tan\u0131nan \u0259razisind\u0259, daha d\u0259qiq des\u0259k, A\u015f\u0131q \u015e\u0259m\u015fir k\u00fc\u00e7\u0259sind\u0259 ya\u015fayan sakinl\u0259r deyir. Onlar\u0131n \u015fikay\u0259ti general-mayor Zaur M\u0259mm\u0259dovdand\u0131r.\n<\/p>\n<p>\n  Zaur M\u0259mm\u0259dov XTQ komandirl\u0259rind\u0259n biri olub. \u0130kinci Qaraba\u011f M\u00fcharib\u0259sind\u0259n sonra \u201cV\u0259t\u0259n M\u00fcharib\u0259si Q\u0259hr\u0259man\u0131\u201d ad\u0131na layiq g\u00f6r\u00fcl\u00fcb, general-mayor ali h\u0259rbi r\u00fctb\u0259si il\u0259 t\u0259ltif edilib, \u015eu\u015fan\u0131n ilk komendant\u0131 t\u0259yin olunub.\n<\/p>\n<p>\n  <b><br \/>\n    \u201c\u018fvv\u0259l yolumuzu da\u015fla, torpaqla ba\u011flad\u0131, sonra da hasarlad\u0131\u201d<br \/>\n  <\/b>\n<\/p>\n<p>\n  H\u0259min k\u00fc\u00e7\u0259d\u0259 ya\u015fayan \u0130rad\u0259 \u018fmirova deyir, \u00f6t\u0259n ild\u0259n ba\u015flayaraq Zaur M\u0259mm\u0259dov \u0259razid\u0259 \u00f6z\u00fcn\u0259 ev tikdirir. Bir ne\u00e7\u0259 ayd\u0131r ki, tikinti \u0259trafdak\u0131 qon\u015fular\u0131n rahatl\u0131\u011f\u0131n\u0131 pozub. S\u0259b\u0259bs\u0259 Zaur M\u0259mm\u0259dovun qon\u015fular\u0131n istifad\u0259sind\u0259 olan yolu hasarlamas\u0131d\u0131r:\n<\/p>\n<figure class=\"wp-block-image size-large\">\n  <img decoding=\"async\" src=\"https:\/\/www.meydan.tv\/az\/photo-2021-02-16-13-46-24-jpg\/\" alt=\"photo-2021-02-16-13-46-24.jpg\" class=\"wp-image-156459\"\/><figcaption>\n    Sakinl\u0259rin m\u00fcraci\u0259ti<br \/>\n  <\/figcaption><\/figure>\n<p>\n  \u201cBurda ya\u015fayan bir qon\u015fu \u00f6z sah\u0259sini ona sat\u0131b getdi. O da ba\u015flad\u0131 burda villa tikm\u0259y\u0259&#8230; H\u0259tta \u00f6z\u00fc d\u0259 g\u0259lib evin tikilm\u0259sind\u0259 f\u0259hl\u0259l\u0259r\u0259 k\u00f6m\u0259k edirdi. Evl\u0259rimiz yola yax\u0131n yerd\u0259 yerl\u0259\u015fir, el\u0259 villa da yol k\u0259nar\u0131nda tikilir. Bir d\u0259 baxd\u0131q ki, bizim m\u0259h\u0259ll\u0259l\u0259rd\u0259n yegan\u0259 \u00e7\u0131x\u0131\u015f yolumuz olan yer\u0259 da\u015f, torpaq t\u00f6k\u00fcl\u00fcb. Ba\u015flad\u0131q n\u0259rdivan qoyub, da\u015f\u0131n, torpa\u011f\u0131n \u00fcz\u0259rind\u0259n o t\u0259r\u0259f-bu t\u0259r\u0259f\u0259 ke\u00e7m\u0259y\u0259&#8230; T\u0259s\u0259vv\u00fcr edin ki, s\u0259h\u0259r n\u0259rdivan qoyub o t\u0259r\u0259f\u0259 ke\u00e7irdim, o tayda qalan hind\u0259ki toyuqlar\u0131 kis\u0259l\u0259r\u0259 doldurub n\u0259rdivanla bu t\u0259r\u0259f\u0259 a\u015f\u0131rd\u0131m, toyuq-c\u00fcc\u0259ni h\u0259y\u0259t\u0259 burax\u0131rd\u0131m, ax\u015fam yen\u0259 kis\u0259y\u0259 doldurub n\u0259rdivanla o t\u0259r\u0259f\u0259 a\u015f\u0131b apar\u0131b hin\u0259 burax\u0131rd\u0131m&#8230; Ah\u0131l qon\u015fular\u0131m n\u0259rdivanla o t\u0259r\u0259f\u0259 ke\u00e7ib \u00f6z \u0259kin sah\u0259l\u0259rin\u0259, ba\u011flar\u0131na gedib-g\u0259lirdi. D\u00fc\u015f\u00fcnd\u00fck ki, y\u0259qin bu materiallar tikintiy\u0259 istifad\u0259 olunacaq, yol t\u0259z\u0259d\u0259n a\u00e7\u0131lacaq, m\u00fcv\u0259qq\u0259ti \u00e7\u0259tinlikdir. Bir d\u0259 baxd\u0131q ki, adam h\u0259min da\u015f-torpa\u011f\u0131 y\u0131\u011f\u0131\u015fd\u0131r\u0131b, yerind\u0259 hasar tikir\u201d.\n<\/p>\n<p>\n  <b><br \/>\n    \u201c\u018fvv\u0259l bir ne\u00e7\u0259 d\u0259f\u0259 s\u00f6kd\u00fcrd\u00fck, general olandan sonra t\u0259z\u0259d\u0259n tikdi\u201d<br \/>\n  <\/b>\n<\/p>\n<p>\n  \u0130rad\u0259 \u018fmirovan\u0131n s\u00f6zl\u0259rin\u0259 g\u00f6r\u0259, qon\u015fular\u0131n naraz\u0131l\u0131\u011f\u0131 n\u0259tic\u0259sind\u0259 hasar bir ne\u00e7\u0259 d\u0259f\u0259 s\u00f6k\u00fcl\u00fcb. Ancaq t\u0259qrib\u0259n 1 ay \u0259vv\u0259l yen\u0259 d\u0259 tikilib, bir ne\u00e7\u0259 g\u00fcn \u0259vv\u0259ls\u0259 h\u00fcnd\u00fcrl\u00fcy\u00fc bir q\u0259d\u0259r d\u0259 art\u0131r\u0131l\u0131b:\n<\/p>\n<figure class=\"wp-block-image size-large\">\n  <img decoding=\"async\" src=\"https:\/\/www.meydan.tv\/az\/photo-2021-02-16-13-46-24-1-jpg\/\" alt=\"photo-2021-02-16-13-46-24 (1).jpg\" class=\"wp-image-156460\"\/><figcaption>\n    M\u00fcraci\u0259ti imzalayanlar<br \/>\n  <\/figcaption><\/figure>\n<p>\n  \u201c\u018fvv\u0259l deyirdi ki, villaya qaraj tikir\u0259m. Biz is\u0259 etiraz edirdik ki, bu hasar bizim t\u0259s\u0259rr\u00fcfatlar\u0131m\u0131za ged\u0259n yolu k\u0259sir, o t\u0259r\u0259f\u0259 ke\u00e7m\u0259y\u0259 ba\u015fqa yolumuz yoxdur. Polis\u0259, icra hakimiyy\u0259tin\u0259 \u015fikay\u0259t etdik, G\u00f6yg\u00f6l\u0259 g\u0259l\u0259n deputat\u0131m\u0131z El\u015fad Mirb\u0259\u015firl\u0259 g\u00f6r\u00fc\u015f\u00fcb d\u0259rdimizi ona dedik. H\u0259r d\u0259f\u0259 \u015fikay\u0259tl\u0259rimizd\u0259n sonra hasar s\u00f6k\u00fcl\u00fcrd\u00fc, sakitlik yaranan kimi s\u0259h\u0259r oyan\u0131b g\u00f6r\u00fcrd\u00fck yen\u0259 tikilib. Sonra m\u00fcharib\u0259 ba\u015flad\u0131, tikintini Allahverdi adl\u0131 bir n\u0259f\u0259r\u0259 tap\u015f\u0131r\u0131b, m\u00fcharib\u0259y\u0259 getdi. M\u00fcharib\u0259 bit\u0259nd\u0259n sonra prezident ona general-mayor r\u00fctb\u0259si verdi, \u015eu\u015fan\u0131n komendant\u0131 t\u0259yin etdi, h\u0259min vaxtdan Zaur M\u0259mm\u0259dovun aya\u011f\u0131n\u0131n alt\u0131 yer g\u00f6t\u00fcrd\u00fc, hasar\u0131 t\u0259z\u0259d\u0259n tikdirdi, 2-3 g\u00fcnd\u00fcr ki, \u0259lav\u0259 da\u015flarla h\u00fcnd\u00fcrl\u00fcy\u00fc art\u0131r\u0131r, p\u0259nc\u0259r\u0259l\u0259r d\u0259 qoyub, tikintini geni\u015fl\u0259ndirib. \u0130ndi hara m\u00fcraci\u0259t ediriks\u0259, \u015fikay\u0259timiz\u0259 bax\u0131lm\u0131r, \u00e7\u00fcnki prezidentin general r\u00fctb\u0259si verdiyi adamdan m\u0259murlar \u00e7\u0259kinir. Tikintini aparan Allahverdi adl\u0131 \u015f\u0259xs is\u0259 deyir ki, hara ist\u0259yirsiz \u015fikay\u0259t edin\u201d.\n<\/p>\n<p>\n  <b><br \/>\n    \u201cDolan\u0131\u015f\u0131qs\u0131z qalm\u0131\u015f\u0131q\u201d<br \/>\n  <\/b>\n<\/p>\n<p>\n  84 ya\u015fl\u0131 A\u011falar Abbasov deyir, t\u0259s\u0259rr\u00fcfata \u00e7\u0131x\u0131\u015flar\u0131 olan yol hasarlanandan ba\u011f sah\u0259sin\u0259 ba\u015f \u00e7\u0259k\u0259 bilmir:\n<\/p>\n<figure class=\"wp-block-image size-large\">\n  <img decoding=\"async\" src=\"https:\/\/www.meydan.tv\/az\/photo-2021-02-16-13-21-27-jpg\/\" alt=\"photo-2021-02-16-13-21-27.jpg\" class=\"wp-image-156465\"\/><figcaption>\n    &#8220;Tikintini aparan Allahverdi adl\u0131 \u015f\u0259xs is\u0259 deyir ki, hara ist\u0259yirsiz \u015fikay\u0259t edin\u201d<br \/>\n  <\/figcaption><\/figure>\n<p>\n  \u201cO tayda ba\u011f\u0131m var, \u0259ziyy\u0259tl\u0259 su \u00e7\u0259kmi\u015f\u0259m, a\u011faclar \u0259kmi\u015f\u0259m, indi o taya ke\u00e7ib suvara bilmir\u0259m. Torpa\u011f\u0131n canlanan vaxt\u0131d\u0131r, torpa\u011fa qulluq laz\u0131md\u0131r, ah\u0131l ya\u015fdayam, o ba\u011fla h\u0259m ba\u015f\u0131m\u0131 qat\u0131ram, h\u0259m d\u0259 meyv\u0259sini, t\u0259r\u0259v\u0259zini yeyir\u0259m, dolan\u0131ram. Burda ham\u0131 kas\u0131bd\u0131r, adamlar i\u015f tapm\u0131r, torpaq \u0259km\u0259kl\u0259, toyuq-c\u00fcc\u0259, heyvan saxlamaqla ayaqda qal\u0131r, a\u00e7s\u0131nlar yolumuzu, ged\u0259k ba\u011f\u0131m\u0131z\u0131, \u0259kin sah\u0259l\u0259rimizi suvaraq, \u0259k\u0259k, m\u0259hsul g\u00f6t\u00fcr\u0259k&#8230;\u201d\n<\/p>\n<p>\n  Hasar h\u0259min \u0259razid\u0259 ya\u015fayan Rasim M\u0259mm\u0259dovu, S\u00fcdab\u0259 \u018fliyeva v\u0259 daha bir ne\u00e7\u0259 ail\u0259ni d\u0259 t\u0259\u0259rr\u00fcfatlar\u0131ndan ayr\u0131 sal\u0131b. Qon\u015fular deyir, haz\u0131rda tikinti i\u015fl\u0259ri s\u00fcr\u0259tl\u0259ndirilib, q\u0131sa m\u00fcdd\u0259td\u0259 yol a\u00e7\u0131lmasa, t\u0259s\u0259rr\u00fcfatlar\u0131ndan h\u0259mi\u015f\u0259lik \u0259ll\u0259rini \u00fczm\u0259li olacaqlar. N\u0259tic\u0259d\u0259 onlarla ail\u0259 dolan\u0131\u015f\u0131qs\u0131z qalacaq.\n<\/p>\n<p>\n  G\u00f6yg\u00f6l Rayon \u0130cra Hakimiyy\u0259tind\u0259n m\u0259s\u0259l\u0259y\u0259 m\u00fcnasib\u0259t \u00f6yr\u0259nm\u0259k m\u00fcmk\u00fcn olmay\u0131b.\n<\/p>\n<p>\n  \u015eikay\u0259t\u00e7il\u0259rin ad\u0131n\u0131 \u00e7\u0259kdiyi Allahverdi Cahangirov is\u0259 Meydan TV-y\u0259 deyib ki, \u0259razi ona m\u0259xsusdur:\n<\/p>\n<figure class=\"wp-block-image size-large\">\n  <img decoding=\"async\" src=\"https:\/\/www.meydan.tv\/az\/photo-2021-02-16-13-21-29-1-jpg\/\" alt=\"photo-2021-02-16-13-21-29 (1).jpg\" class=\"wp-image-156471\"\/><figcaption>\n    \u201cO tayda ba\u011f\u0131m var, \u0259ziyy\u0259tl\u0259 su \u00e7\u0259kmi\u015f\u0259m, a\u011faclar \u0259kmi\u015f\u0259m&#8221;<br \/>\n  <\/figcaption><\/figure>\n<p>\n  \u201cLap laz\u0131m olsa, yerind\u0259 d\u0259 baxa bil\u0259rsiz, m\u0259n he\u00e7 kimin yolunu ba\u011flamam\u0131\u015fam. Bu, \u0259n az\u0131 az\u0259rbaycan\u00e7\u0131l\u0131\u011fa yara\u015fmayan bir i\u015fdir. Sad\u0259c\u0259 olaraq onlar t\u0259l\u0259b edirl\u0259r ki, s\u0259n s\u0259n\u0259dl\u0259 olan torpa\u011f\u0131ndan \u00e7\u0131x, biz z\u0259bt etdiyimiz \u0259razil\u0259r\u0259 yol a\u00e7aq. Onlar yerli sakinl\u0259rdir, m\u0259nim torpa\u011f\u0131mdan sonrak\u0131, d\u00f6vl\u0259t\u0259 m\u0259xsus \u0259razini z\u0259bt edibl\u0259r. Me\u015f\u0259 t\u0259s\u0259rr\u00fcfat\u0131n\u0131n qoz ba\u011f\u0131, d\u00f6vl\u0259t \u00f6r\u00fc\u015f torpaqlar\u0131 var. D\u00f6vl\u0259t \u00f6r\u00fc\u015f torpaqlar\u0131 da \u00fcmumi istifad\u0259d\u0259 olan bir yerdir. Oran\u0131 z\u0259bt etm\u0259k olmaz. Onlar is\u0259 h\u0259min \u0259razini z\u0259bt edibl\u0259r. Zaur M\u0259mm\u0259dov kimdir, bilmir\u0259m, tan\u0131m\u0131ram. Bu \u0259razi m\u0259nimdir. M\u0259n he\u00e7 kimin d\u0259 qulluq\u00e7usu deyil\u0259m ki, tikintiy\u0259 n\u0259zar\u0259t edim. \u018frazi m\u0259nimdir, tikil\u0259n ev d\u0259 m\u0259n\u0259 m\u0259xsusdur. Bu adamlar ist\u0259yir ki, evi s\u00fcr\u00fc\u015fd\u00fcr\u00fcm qaba\u011fa, \u00f6z torpa\u011f\u0131mdan 10 metr yer verim, bunlar da z\u0259bt etdikl\u0259ri torpaqlara ged\u0259 bilsinl\u0259r\u201d.\n<\/p>\n<figure class=\"wp-block-image size-large\">\n  <img decoding=\"async\" src=\"https:\/\/www.meydan.tv\/az\/photo-2021-02-16-13-21-28-jpg-2\/\" alt=\"photo-2021-02-16-13-21-28.jpg\" class=\"wp-image-156475\"\/><figcaption>\n    &#8220;Bir d\u0259 baxd\u0131q ki, bizim m\u0259h\u0259ll\u0259l\u0259rd\u0259n yegan\u0259 \u00e7\u0131x\u0131\u015f yolumuz olan yer\u0259 da\u015f, torpaq t\u00f6k\u00fcl\u00fcb&#8221;.<br \/>\n  <\/figcaption><\/figure>\n<p>\n  Allahverdi Cahangirov Zaur M\u0259mm\u0259dov adl\u0131 \u015f\u0259xsi tan\u0131mad\u0131\u011f\u0131n\u0131 des\u0259 d\u0259, \u0130qtisadiyyat Nazirliyi yan\u0131nda \u018fmlak M\u0259s\u0259l\u0259l\u0259ri D\u00f6vl\u0259t Xidm\u0259tinin G\u0259nc\u0259 \u018frazi \u015e\u00f6b\u0259sinin m\u00f6h\u00fcr\u00fc vurulmu\u015f aktda g\u00f6st\u0259rilir ki, Zaur Sabir o\u011flu M\u0259mm\u0259dovun m\u00fclkiyy\u0259tind\u0259 olan (21.10.2019-cu il tarixli \u00e7\u0131xar\u0131\u015f) 0.06 hektar h\u0259y\u0259tyan\u0131 torpaq sah\u0259sind\u0259 etibarnam\u0259 \u0259sas\u0131nda Allahverdi Cahangirov t\u0259r\u0259find\u0259n f\u0259rdi ya\u015fay\u0131\u015f evinin tikintisin\u0259 ba\u015flan\u0131b. El\u0259 akt da Allahverdi Cahangirovun \u015fikay\u0259ti \u0259sas\u0131nda t\u0259rtib olunub.\n<\/p>\n<p>\n  \u018fmlak M\u0259s\u0259l\u0259l\u0259ri D\u00f6vl\u0259t Xidm\u0259tinin G\u0259nc\u0259 \u0259razi \u015f\u00f6b\u0259sinin m\u00fcdir m\u00fcavini B\u0259xtiyar Cavan\u015fir o\u011flu M\u0259h\u0259rr\u0259movun, G\u00f6yg\u00f6l Rayon \u0130cra Hakimiyy\u0259ti Aparat\u0131n\u0131n Memarl\u0131q v\u0259 Tikinti \u015f\u00f6b\u0259sinin m\u0259sl\u0259h\u0259t\u00e7isi Ceyhun Qas\u0131\u0131movun, el\u0259c\u0259 d\u0259 G\u00f6yg\u00f6l b\u0259l\u0259diyy\u0259sinin s\u0259dr m\u00fcavini Araz Hac\u0131yevin i\u015ftirak\u0131 il\u0259 La\u00e7\u0131n rayonundan m\u0259cburi k\u00f6\u00e7k\u00fcn olan Allahverdi Abdulla o\u011flu o\u011flu Cahangirovun \u015fikay\u0259ti ara\u015fd\u0131r\u0131l\u0131b, qon\u015fu O.R.\u018fmirovla da s\u00f6hb\u0259tl\u0259r apar\u0131l\u0131b. Akt\u0131 t\u0259rtib ed\u0259nl\u0259r m\u00fc\u0259yy\u0259nl\u0259\u015fdiribl\u0259r ki, Allahverdi Cahangirov tikintini s\u0259n\u0259d \u00fczr\u0259 s\u0259rh\u0259dl\u0259rd\u0259n k\u0259nara \u00e7\u0131xar\u0131b v\u0259 d\u00f6vl\u0259t m\u00fclkiyy\u0259tind\u0259 olan torpaq sah\u0259l\u0259rin\u0259 (ba\u011f yerl\u0259rin\u0259) gedi\u015f-g\u0259li\u015f \u00fc\u00e7\u00fcn t\u0259qrib\u0259n 4-5 metrlik yolun ba\u015flan\u011f\u0131c hiss\u0259sini qanunsuz olaraq z\u0259bt edib.\n<\/p>\n<figure class=\"wp-block-image size-large\">\n  <img decoding=\"async\" src=\"https:\/\/www.meydan.tv\/az\/photo-2021-02-16-13-21-30-jpg\/\" alt=\"photo-2021-02-16-13-21-30.jpg\" class=\"wp-image-156468\"\/><figcaption>\n    \u201cLap laz\u0131m olsa, yerind\u0259 d\u0259 baxa bil\u0259rsiz, m\u0259n he\u00e7 kimin yolunu ba\u011flamam\u0131\u015fam&#8221;<br \/>\n  <\/figcaption><\/figure>\n","protected":false},"excerpt":{"rendered":"<p>\u201cLap laz\u0131m olsa, yerind\u0259 d\u0259 baxa bil\u0259rsiz, m\u0259n he\u00e7 kimin yolunu ba\u011flamam\u0131\u015fam&#8221;<\/p>\n","protected":false},"author":11,"featured_media":156456,"comment_status":"closed","ping_status":"open","sticky":false,"template":"","format":"standard","meta":{"_acf_changed":false,"_sitemap_exclude":false,"_sitemap_priority":"","_sitemap_frequency":"","footnotes":""},"categories":[60],"tags":[],"class_list":["post-204995","post","type-post","status-publish","format-standard","has-post-thumbnail","hentry","category-bolge","infinite-scroll-item","generate-columns","tablet-grid-50","mobile-grid-100","grid-parent","grid-33","no-featured-image-padding"],"acf":[],"yoast_head":"<!-- This site is optimized with the Yoast SEO plugin v27.5 - https:\/\/yoast.com\/product\/yoast-seo-wordpress\/ -->\n<title>\u201cGeneral-mayor Zaur M\u0259mm\u0259dov ev tikm\u0259k \u00fc\u00e7\u00fcn yolumuzu z\u0259bt edib\u201d - MEYDAN.TV<\/title>\n<meta name=\"robots\" content=\"index, follow, max-snippet:-1, max-image-preview:large, max-video-preview:-1\" \/>\n<link rel=\"canonical\" href=\"https:\/\/www.meydan.tv\/az\/article\/general-mayor-zaur-memmedov-ev-tikmek-ucun-yolumuzu-zebt-edib\/\" \/>\n<meta property=\"og:locale\" content=\"az_AZ\" \/>\n<meta property=\"og:type\" content=\"article\" \/>\n<meta property=\"og:title\" content=\"\u201cGeneral-mayor Zaur M\u0259mm\u0259dov ev tikm\u0259k \u00fc\u00e7\u00fcn yolumuzu z\u0259bt edib\u201d - MEYDAN.TV\" \/>\n<meta property=\"og:description\" content=\"\u201cLap laz\u0131m olsa, yerind\u0259 d\u0259 baxa bil\u0259rsiz, m\u0259n he\u00e7 kimin yolunu ba\u011flamam\u0131\u015fam&quot;\" \/>\n<meta property=\"og:url\" content=\"https:\/\/www.meydan.tv\/az\/article\/general-mayor-zaur-memmedov-ev-tikmek-ucun-yolumuzu-zebt-edib\/\" \/>\n<meta property=\"og:site_name\" content=\"MEYDAN.TV\" \/>\n<meta property=\"article:published_time\" content=\"2021-02-16T12:58:39+00:00\" \/>\n<meta property=\"og:image\" content=\"https:\/\/www.meydan.tv\/wp-content\/uploads\/untitled_design__2__cxadrpx.png\" \/>\n\t<meta property=\"og:image:width\" content=\"940\" \/>\n\t<meta property=\"og:image:height\" content=\"788\" \/>\n\t<meta property=\"og:image:type\" content=\"image\/png\" \/>\n<meta name=\"author\" content=\"user-manager\" \/>\n<meta name=\"twitter:card\" content=\"summary_large_image\" \/>\n<script type=\"application\/ld+json\" class=\"yoast-schema-graph\">{\"@context\":\"https:\\\/\\\/schema.org\",\"@graph\":[{\"@type\":\"Article\",\"@id\":\"https:\\\/\\\/www.meydan.tv\\\/az\\\/article\\\/general-mayor-zaur-memmedov-ev-tikmek-ucun-yolumuzu-zebt-edib\\\/#article\",\"isPartOf\":{\"@id\":\"https:\\\/\\\/www.meydan.tv\\\/az\\\/article\\\/general-mayor-zaur-memmedov-ev-tikmek-ucun-yolumuzu-zebt-edib\\\/\"},\"author\":{\"name\":\"user-manager\",\"@id\":\"https:\\\/\\\/www.meydan.tv\\\/az\\\/#\\\/schema\\\/person\\\/10d11eccf6da3662cf5fdab9806ea91a\"},\"headline\":\"\u201cGeneral-mayor Zaur M\u0259mm\u0259dov ev tikm\u0259k \u00fc\u00e7\u00fcn yolumuzu z\u0259bt edib\u201d\",\"datePublished\":\"2021-02-16T12:58:39+00:00\",\"mainEntityOfPage\":{\"@id\":\"https:\\\/\\\/www.meydan.tv\\\/az\\\/article\\\/general-mayor-zaur-memmedov-ev-tikmek-ucun-yolumuzu-zebt-edib\\\/\"},\"wordCount\":1559,\"publisher\":{\"@id\":\"https:\\\/\\\/www.meydan.tv\\\/az\\\/#organization\"},\"image\":{\"@id\":\"https:\\\/\\\/www.meydan.tv\\\/az\\\/article\\\/general-mayor-zaur-memmedov-ev-tikmek-ucun-yolumuzu-zebt-edib\\\/#primaryimage\"},\"thumbnailUrl\":\"https:\\\/\\\/www.meydan.tv\\\/wp-content\\\/uploads\\\/untitled_design__2__cxadrpx.png\",\"articleSection\":[\"B\u00f6lg\u0259\"],\"inLanguage\":\"az\"},{\"@type\":\"WebPage\",\"@id\":\"https:\\\/\\\/www.meydan.tv\\\/az\\\/article\\\/general-mayor-zaur-memmedov-ev-tikmek-ucun-yolumuzu-zebt-edib\\\/\",\"url\":\"https:\\\/\\\/www.meydan.tv\\\/az\\\/article\\\/general-mayor-zaur-memmedov-ev-tikmek-ucun-yolumuzu-zebt-edib\\\/\",\"name\":\"\u201cGeneral-mayor Zaur M\u0259mm\u0259dov ev tikm\u0259k \u00fc\u00e7\u00fcn yolumuzu z\u0259bt edib\u201d - MEYDAN.TV\",\"isPartOf\":{\"@id\":\"https:\\\/\\\/www.meydan.tv\\\/az\\\/#website\"},\"primaryImageOfPage\":{\"@id\":\"https:\\\/\\\/www.meydan.tv\\\/az\\\/article\\\/general-mayor-zaur-memmedov-ev-tikmek-ucun-yolumuzu-zebt-edib\\\/#primaryimage\"},\"image\":{\"@id\":\"https:\\\/\\\/www.meydan.tv\\\/az\\\/article\\\/general-mayor-zaur-memmedov-ev-tikmek-ucun-yolumuzu-zebt-edib\\\/#primaryimage\"},\"thumbnailUrl\":\"https:\\\/\\\/www.meydan.tv\\\/wp-content\\\/uploads\\\/untitled_design__2__cxadrpx.png\",\"datePublished\":\"2021-02-16T12:58:39+00:00\",\"breadcrumb\":{\"@id\":\"https:\\\/\\\/www.meydan.tv\\\/az\\\/article\\\/general-mayor-zaur-memmedov-ev-tikmek-ucun-yolumuzu-zebt-edib\\\/#breadcrumb\"},\"inLanguage\":\"az\",\"potentialAction\":[{\"@type\":\"ReadAction\",\"target\":[\"https:\\\/\\\/www.meydan.tv\\\/az\\\/article\\\/general-mayor-zaur-memmedov-ev-tikmek-ucun-yolumuzu-zebt-edib\\\/\"]}]},{\"@type\":\"ImageObject\",\"inLanguage\":\"az\",\"@id\":\"https:\\\/\\\/www.meydan.tv\\\/az\\\/article\\\/general-mayor-zaur-memmedov-ev-tikmek-ucun-yolumuzu-zebt-edib\\\/#primaryimage\",\"url\":\"https:\\\/\\\/www.meydan.tv\\\/wp-content\\\/uploads\\\/untitled_design__2__cxadrpx.png\",\"contentUrl\":\"https:\\\/\\\/www.meydan.tv\\\/wp-content\\\/uploads\\\/untitled_design__2__cxadrpx.png\",\"width\":940,\"height\":788,\"caption\":\"Source: Specify Source\"},{\"@type\":\"BreadcrumbList\",\"@id\":\"https:\\\/\\\/www.meydan.tv\\\/az\\\/article\\\/general-mayor-zaur-memmedov-ev-tikmek-ucun-yolumuzu-zebt-edib\\\/#breadcrumb\",\"itemListElement\":[{\"@type\":\"ListItem\",\"position\":1,\"name\":\"Ana s\u0259hif\u0259\",\"item\":\"https:\\\/\\\/www.meydan.tv\\\/az\\\/\"},{\"@type\":\"ListItem\",\"position\":2,\"name\":\"B\u00f6lg\u0259\",\"item\":\"https:\\\/\\\/www.meydan.tv\\\/az\\\/section\\\/bolge\\\/\"},{\"@type\":\"ListItem\",\"position\":3,\"name\":\"\u201cGeneral-mayor Zaur M\u0259mm\u0259dov ev tikm\u0259k \u00fc\u00e7\u00fcn yolumuzu z\u0259bt edib\u201d\"}]},{\"@type\":\"WebSite\",\"@id\":\"https:\\\/\\\/www.meydan.tv\\\/az\\\/#website\",\"url\":\"https:\\\/\\\/www.meydan.tv\\\/az\\\/\",\"name\":\"MEYDAN.TV\",\"description\":\"Meydan TV Az\u0259rbaycan\u0131n media m\u0259kan\u0131ndak\u0131 alternativ s\u0259sidir\",\"publisher\":{\"@id\":\"https:\\\/\\\/www.meydan.tv\\\/az\\\/#organization\"},\"potentialAction\":[{\"@type\":\"SearchAction\",\"target\":{\"@type\":\"EntryPoint\",\"urlTemplate\":\"https:\\\/\\\/www.meydan.tv\\\/az\\\/?s={search_term_string}\"},\"query-input\":{\"@type\":\"PropertyValueSpecification\",\"valueRequired\":true,\"valueName\":\"search_term_string\"}}],\"inLanguage\":\"az\"},{\"@type\":\"Organization\",\"@id\":\"https:\\\/\\\/www.meydan.tv\\\/az\\\/#organization\",\"name\":\"Meydan TV\",\"url\":\"https:\\\/\\\/www.meydan.tv\\\/az\\\/\",\"logo\":{\"@type\":\"ImageObject\",\"inLanguage\":\"az\",\"@id\":\"https:\\\/\\\/www.meydan.tv\\\/az\\\/#\\\/schema\\\/logo\\\/image\\\/\",\"url\":\"https:\\\/\\\/www.meydan.tv\\\/wp-content\\\/uploads\\\/2021\\\/07\\\/meydan-logo.svg\",\"contentUrl\":\"https:\\\/\\\/www.meydan.tv\\\/wp-content\\\/uploads\\\/2021\\\/07\\\/meydan-logo.svg\",\"width\":195,\"height\":46,\"caption\":\"Meydan TV\"},\"image\":{\"@id\":\"https:\\\/\\\/www.meydan.tv\\\/az\\\/#\\\/schema\\\/logo\\\/image\\\/\"}},{\"@type\":\"Person\",\"@id\":\"https:\\\/\\\/www.meydan.tv\\\/az\\\/#\\\/schema\\\/person\\\/10d11eccf6da3662cf5fdab9806ea91a\",\"name\":\"user-manager\"}]}<\/script>\n<!-- \/ Yoast SEO plugin. -->","yoast_head_json":{"title":"\u201cGeneral-mayor Zaur M\u0259mm\u0259dov ev tikm\u0259k \u00fc\u00e7\u00fcn yolumuzu z\u0259bt edib\u201d - MEYDAN.TV","robots":{"index":"index","follow":"follow","max-snippet":"max-snippet:-1","max-image-preview":"max-image-preview:large","max-video-preview":"max-video-preview:-1"},"canonical":"https:\/\/www.meydan.tv\/az\/article\/general-mayor-zaur-memmedov-ev-tikmek-ucun-yolumuzu-zebt-edib\/","og_locale":"az_AZ","og_type":"article","og_title":"\u201cGeneral-mayor Zaur M\u0259mm\u0259dov ev tikm\u0259k \u00fc\u00e7\u00fcn yolumuzu z\u0259bt edib\u201d - MEYDAN.TV","og_description":"\u201cLap laz\u0131m olsa, yerind\u0259 d\u0259 baxa bil\u0259rsiz, m\u0259n he\u00e7 kimin yolunu ba\u011flamam\u0131\u015fam\"","og_url":"https:\/\/www.meydan.tv\/az\/article\/general-mayor-zaur-memmedov-ev-tikmek-ucun-yolumuzu-zebt-edib\/","og_site_name":"MEYDAN.TV","article_published_time":"2021-02-16T12:58:39+00:00","og_image":[{"width":940,"height":788,"url":"https:\/\/www.meydan.tv\/wp-content\/uploads\/untitled_design__2__cxadrpx.png","type":"image\/png"}],"author":"user-manager","twitter_card":"summary_large_image","schema":{"@context":"https:\/\/schema.org","@graph":[{"@type":"Article","@id":"https:\/\/www.meydan.tv\/az\/article\/general-mayor-zaur-memmedov-ev-tikmek-ucun-yolumuzu-zebt-edib\/#article","isPartOf":{"@id":"https:\/\/www.meydan.tv\/az\/article\/general-mayor-zaur-memmedov-ev-tikmek-ucun-yolumuzu-zebt-edib\/"},"author":{"name":"user-manager","@id":"https:\/\/www.meydan.tv\/az\/#\/schema\/person\/10d11eccf6da3662cf5fdab9806ea91a"},"headline":"\u201cGeneral-mayor Zaur M\u0259mm\u0259dov ev tikm\u0259k \u00fc\u00e7\u00fcn yolumuzu z\u0259bt edib\u201d","datePublished":"2021-02-16T12:58:39+00:00","mainEntityOfPage":{"@id":"https:\/\/www.meydan.tv\/az\/article\/general-mayor-zaur-memmedov-ev-tikmek-ucun-yolumuzu-zebt-edib\/"},"wordCount":1559,"publisher":{"@id":"https:\/\/www.meydan.tv\/az\/#organization"},"image":{"@id":"https:\/\/www.meydan.tv\/az\/article\/general-mayor-zaur-memmedov-ev-tikmek-ucun-yolumuzu-zebt-edib\/#primaryimage"},"thumbnailUrl":"https:\/\/www.meydan.tv\/wp-content\/uploads\/untitled_design__2__cxadrpx.png","articleSection":["B\u00f6lg\u0259"],"inLanguage":"az"},{"@type":"WebPage","@id":"https:\/\/www.meydan.tv\/az\/article\/general-mayor-zaur-memmedov-ev-tikmek-ucun-yolumuzu-zebt-edib\/","url":"https:\/\/www.meydan.tv\/az\/article\/general-mayor-zaur-memmedov-ev-tikmek-ucun-yolumuzu-zebt-edib\/","name":"\u201cGeneral-mayor Zaur M\u0259mm\u0259dov ev tikm\u0259k \u00fc\u00e7\u00fcn yolumuzu z\u0259bt edib\u201d - MEYDAN.TV","isPartOf":{"@id":"https:\/\/www.meydan.tv\/az\/#website"},"primaryImageOfPage":{"@id":"https:\/\/www.meydan.tv\/az\/article\/general-mayor-zaur-memmedov-ev-tikmek-ucun-yolumuzu-zebt-edib\/#primaryimage"},"image":{"@id":"https:\/\/www.meydan.tv\/az\/article\/general-mayor-zaur-memmedov-ev-tikmek-ucun-yolumuzu-zebt-edib\/#primaryimage"},"thumbnailUrl":"https:\/\/www.meydan.tv\/wp-content\/uploads\/untitled_design__2__cxadrpx.png","datePublished":"2021-02-16T12:58:39+00:00","breadcrumb":{"@id":"https:\/\/www.meydan.tv\/az\/article\/general-mayor-zaur-memmedov-ev-tikmek-ucun-yolumuzu-zebt-edib\/#breadcrumb"},"inLanguage":"az","potentialAction":[{"@type":"ReadAction","target":["https:\/\/www.meydan.tv\/az\/article\/general-mayor-zaur-memmedov-ev-tikmek-ucun-yolumuzu-zebt-edib\/"]}]},{"@type":"ImageObject","inLanguage":"az","@id":"https:\/\/www.meydan.tv\/az\/article\/general-mayor-zaur-memmedov-ev-tikmek-ucun-yolumuzu-zebt-edib\/#primaryimage","url":"https:\/\/www.meydan.tv\/wp-content\/uploads\/untitled_design__2__cxadrpx.png","contentUrl":"https:\/\/www.meydan.tv\/wp-content\/uploads\/untitled_design__2__cxadrpx.png","width":940,"height":788,"caption":"Source: Specify Source"},{"@type":"BreadcrumbList","@id":"https:\/\/www.meydan.tv\/az\/article\/general-mayor-zaur-memmedov-ev-tikmek-ucun-yolumuzu-zebt-edib\/#breadcrumb","itemListElement":[{"@type":"ListItem","position":1,"name":"Ana s\u0259hif\u0259","item":"https:\/\/www.meydan.tv\/az\/"},{"@type":"ListItem","position":2,"name":"B\u00f6lg\u0259","item":"https:\/\/www.meydan.tv\/az\/section\/bolge\/"},{"@type":"ListItem","position":3,"name":"\u201cGeneral-mayor Zaur M\u0259mm\u0259dov ev tikm\u0259k \u00fc\u00e7\u00fcn yolumuzu z\u0259bt edib\u201d"}]},{"@type":"WebSite","@id":"https:\/\/www.meydan.tv\/az\/#website","url":"https:\/\/www.meydan.tv\/az\/","name":"MEYDAN.TV","description":"Meydan TV Az\u0259rbaycan\u0131n media m\u0259kan\u0131ndak\u0131 alternativ s\u0259sidir","publisher":{"@id":"https:\/\/www.meydan.tv\/az\/#organization"},"potentialAction":[{"@type":"SearchAction","target":{"@type":"EntryPoint","urlTemplate":"https:\/\/www.meydan.tv\/az\/?s={search_term_string}"},"query-input":{"@type":"PropertyValueSpecification","valueRequired":true,"valueName":"search_term_string"}}],"inLanguage":"az"},{"@type":"Organization","@id":"https:\/\/www.meydan.tv\/az\/#organization","name":"Meydan TV","url":"https:\/\/www.meydan.tv\/az\/","logo":{"@type":"ImageObject","inLanguage":"az","@id":"https:\/\/www.meydan.tv\/az\/#\/schema\/logo\/image\/","url":"https:\/\/www.meydan.tv\/wp-content\/uploads\/2021\/07\/meydan-logo.svg","contentUrl":"https:\/\/www.meydan.tv\/wp-content\/uploads\/2021\/07\/meydan-logo.svg","width":195,"height":46,"caption":"Meydan TV"},"image":{"@id":"https:\/\/www.meydan.tv\/az\/#\/schema\/logo\/image\/"}},{"@type":"Person","@id":"https:\/\/www.meydan.tv\/az\/#\/schema\/person\/10d11eccf6da3662cf5fdab9806ea91a","name":"user-manager"}]}},"_links":{"self":[{"href":"https:\/\/www.meydan.tv\/az\/wp-json\/wp\/v2\/posts\/204995","targetHints":{"allow":["GET"]}}],"collection":[{"href":"https:\/\/www.meydan.tv\/az\/wp-json\/wp\/v2\/posts"}],"about":[{"href":"https:\/\/www.meydan.tv\/az\/wp-json\/wp\/v2\/types\/post"}],"author":[{"embeddable":true,"href":"https:\/\/www.meydan.tv\/az\/wp-json\/wp\/v2\/users\/11"}],"replies":[{"embeddable":true,"href":"https:\/\/www.meydan.tv\/az\/wp-json\/wp\/v2\/comments?post=204995"}],"version-history":[{"count":0,"href":"https:\/\/www.meydan.tv\/az\/wp-json\/wp\/v2\/posts\/204995\/revisions"}],"wp:featuredmedia":[{"embeddable":true,"href":"https:\/\/www.meydan.tv\/az\/wp-json\/wp\/v2\/media\/156456"}],"wp:attachment":[{"href":"https:\/\/www.meydan.tv\/az\/wp-json\/wp\/v2\/media?parent=204995"}],"wp:term":[{"taxonomy":"category","embeddable":true,"href":"https:\/\/www.meydan.tv\/az\/wp-json\/wp\/v2\/categories?post=204995"},{"taxonomy":"post_tag","embeddable":true,"href":"https:\/\/www.meydan.tv\/az\/wp-json\/wp\/v2\/tags?post=204995"}],"curies":[{"name":"wp","href":"https:\/\/api.w.org\/{rel}","templated":true}]}}