{"id":204973,"date":"2021-02-15T14:16:47","date_gmt":"2021-02-15T14:16:47","guid":{"rendered":"https:\/\/www.meydan.tv\/article\/virusa-gore-ayrilan-xestexananin-cirkab-sulari-da-caya-axidilir\/"},"modified":"2021-02-15T14:16:47","modified_gmt":"2021-02-15T14:16:47","slug":"virusa-gore-ayrilan-xestexananin-cirkab-sulari-da-caya-axidilir","status":"publish","type":"post","link":"https:\/\/www.meydan.tv\/az\/article\/virusa-gore-ayrilan-xestexananin-cirkab-sulari-da-caya-axidilir\/","title":{"rendered":"\u201cVirusa g\u00f6r\u0259 ayr\u0131lan x\u0259st\u0259xanan\u0131n \u00e7irkab sular\u0131 da \u00e7aya ax\u0131d\u0131l\u0131r\u201d"},"content":{"rendered":"<p>\n  <i><br \/>\n    Bir vaxtlar k\u0259ndlil\u0259r Pirsaat \u00e7ay\u0131n\u0131n suyundan m\u0259i\u015f\u0259td\u0259 istifad\u0259 edirdil\u0259r, indi is\u0259 n\u0259cis d\u0259 \u00e7aya qar\u0131\u015f\u0131r<br \/>\n  <\/i>\n<\/p>\n<p>\n  \u201cBu g\u00fcn yen\u0259 heyvanlar\u0131 \u00e7aya apard\u0131q ki, su i\u00e7sinl\u0259r, he\u00e7 yax\u0131n getm\u0259dil\u0259r. S\u0259b\u0259b odur ki, b\u00fct\u00fcn Qobustan rayonunun kanalizasiya sular\u0131 \u00e7aya t\u00f6k\u00fcl\u00fcr, ordan he\u00e7 heyvan da su i\u00e7\u0259 bilmir. Sudan n\u0259cis iyi g\u0259lir\u201d.\n<\/p>\n<p>\n  Bunu Meydan TV-y\u0259 Qobustan rayonu, Poladl\u0131 k\u0259ndinin sakinl\u0259ri deyir. Onlar\u0131n s\u00f6zl\u0259rin\u0259 g\u00f6r\u0259, 2017-ci ild\u0259 Qobustan rayonunun i\u00e7m\u0259li su t\u0259chizat\u0131 v\u0259 kanalizasiya sisteminin yenid\u0259n qurulmas\u0131 \u0259ks n\u0259tic\u0259 verib. 3 ild\u0259n \u00e7oxdur ki, Poladl\u0131da v\u0259 dig\u0259r k\u0259ndl\u0259rd\u0259 h\u0259m ciddi su, h\u0259m d\u0259 ekoloji probleml\u0259r ya\u015fan\u0131r.\n<\/p>\n<p>\n  <b><br \/>\n    \u201c\u00c7ay deyil, kanalizasiya g\u00f6l\u00fcd\u00fcr\u201d<br \/>\n  <\/b>\n<\/p>\n<p>\n  \u201cQobustana kanalizasiya x\u0259tti \u00e7\u0259k\u0259nd\u0259 borular\u0131 Pirsaat \u00e7ay\u0131na q\u0259d\u0259r g\u0259tirdil\u0259r. \u00c7ay\u0131n yuxar\u0131 hiss\u0259sind\u0259 &#8211; N\u0259rimank\u0259nd k\u0259ndinin yax\u0131nl\u0131\u011f\u0131nda sut\u0259mizl\u0259y\u0259n qur\u011fular qura\u015fd\u0131rd\u0131lar. H\u0259min qur\u011fu suyu filtirl\u0259yib \u00e7aya t\u00f6km\u0259lidir. Ancaq 3 il\u0259 yax\u0131nd\u0131r ki, qura\u015fd\u0131r\u0131lan qur\u011fu h\u0259l\u0259 d\u0259 i\u015fl\u0259mir dey\u0259, \u00e7irkli su t\u0259mizl\u0259nm\u0259d\u0259n \u00e7aya t\u00f6k\u00fcl\u00fcr. Bir s\u00f6zl\u0259, \u015eamax\u0131dan k\u0259ndimiz\u0259 g\u0259l\u0259n Pirsaat \u00e7ay\u0131 yuxar\u0131da Qobustan\u0131n kanalizasiya suyuyla birl\u0259\u015fir. N\u0259tic\u0259d\u0259 Pirsaat \u00e7ay\u0131ndan \u0259s\u0259r-\u0259lam\u0259t qalmay\u0131b, \u00e7ay\u0131n yerind\u0259 kanalizasiya sular\u0131 ax\u0131r\u201d, &#8211; k\u0259nd sakinl\u0259ri deyir.\n<\/p>\n<p>\n  Sakinl\u0259r deyir, 3 ild\u0259n \u00e7oxdur ki, suyu pulla al\u0131rlar:\n<\/p>\n<p>\n  \u201c10 tonluq su \u00e7\u0259nini 70-80 manat verib ayda bir d\u0259f\u0259 doldururuq. B\u00f6y\u00fck ail\u0259l\u0259r g\u0259r\u0259k o \u00e7\u0259ni ayda az\u0131 iki d\u0259f\u0259 doldursunlar. S\u00f6hb\u0259t i\u00e7m\u0259y\u0259, yem\u0259y\u0259 istifad\u0259 etdiyimiz sudan gedir. M\u0259s\u0259l\u0259n, haz\u0131rda \u00e7aya h\u0259m d\u0259 sel g\u0259lib, y\u0259ni v\u0259ziyy\u0259t daha da \u00e7\u0259tinl\u0259\u015fib, heyvanlar ordan su i\u00e7\u0259 bilmir dey\u0259, suyu \u00e7ox alma\u011fa m\u0259cburuq. \u0130ri mal-qaraya is\u0259 su \u00e7atd\u0131rmaq m\u00fcmk\u00fcn deyil, heyvanlar susuzluqdan q\u0131r\u0131l\u0131r\u201d.\n<\/p>\n<figure class=\"wp-block-image size-large\">\n  <img decoding=\"async\" src=\"https:\/\/www.meydan.tv\/az\/photo-2021-02-15-17-05-00\/\" alt=\"photo-2021-02-15-17-05-00\" class=\"wp-image-156405\"\/><figcaption>\n    &#8221;Heyvanlar\u0131 \u00e7aya apard\u0131q ki, su i\u00e7sinl\u0259r, he\u00e7 yax\u0131n getm\u0259dil\u0259r&#8221;.<br \/>\n  <\/figcaption><\/figure>\n<p>\n  <b><br \/>\n    \u201cSuyu a\u011fac\u0131n dibin\u0259 t\u00f6k\u00fcrs\u0259n, a\u011fac quruyur\u201d<br \/>\n  <\/b>\n<\/p>\n<p>\n  Qar\u015f\u0131dan yaz, yay aylar\u0131 g\u0259lir, sakinl\u0259rin narahatl\u0131\u011f\u0131 daha da art\u0131b. \u0130ndi torpa\u011f\u0131n canlanan vaxt\u0131d\u0131r. Ancaq susuzluq s\u0259b\u0259bind\u0259n \u0259hali t\u0259s\u0259rr\u00fcfatla m\u0259\u015f\u011ful ola bilmir:\n<\/p>\n<p>\n  \u201cN\u0259 \u0259kinl\u0259, n\u0259 d\u0259 heyvandarl\u0131qla m\u0259\u015f\u011ful ola bilirik. K\u0259ndd\u0259 insanlar\u0131n dolan\u0131\u015f\u0131\u011f\u0131 t\u0259s\u0259rr\u00fcfata, t\u0259s\u0259rr\u00fcfat is\u0259 ilk n\u00f6vb\u0259d\u0259 suya ba\u011fl\u0131d\u0131r. Biri olmasa, o biri d\u0259 yox olub ged\u0259r&#8230; Bu is\u0259 o dem\u0259kdir ki, insanlar ac\u0131ndan q\u0131r\u0131lar&#8230; Bizi bir t\u0259r\u0259fd\u0259n i\u015fsizlik, virus q\u0131r\u0131r, o biri t\u0259r\u0259fd\u0259n h\u00f6kum\u0259tin Qobustanda g\u00f6rd\u00fcy\u00fc b\u0259rbad su-kanalizasiya i\u015fl\u0259ri&#8230;\n<\/p>\n<p>\n  Yayda \u0259kin sah\u0259l\u0259rimiz susuzluqdan cadar-cadar olur. Kanalizasiya suyudur dey\u0259, \u0259kin sah\u0259l\u0259rin\u0259 ver\u0259 bilmirik. O suyu vedr\u0259yl\u0259 g\u00f6t\u00fcr\u00fcb t\u00f6k\u00fcrs\u0259n a\u011fac\u0131n dibin\u0259, \u0259traf\u0131 \u00fcfun\u0259t b\u00fcr\u00fcy\u00fcr, iki g\u00fcnd\u0259n sonra is\u0259 bax\u0131rsan ki, a\u011fac quruyub. Buna bir \u0259ncam \u00e7\u0259kilm\u0259lidir. Susuzluq insanlar\u0131n can\u0131n\u0131 bo\u011faz\u0131na y\u0131\u011f\u0131b\u201d.\n<\/p>\n<p>\n  <b><br \/>\n    \u201cSabah el\u0259 x\u0259st\u0259lik yay\u0131lar ki&#8230;\u201d<br \/>\n  <\/b>\n<\/p>\n<p>\n  Sakinl\u0259ri narahat ed\u0259n m\u0259s\u0259l\u0259l\u0259rd\u0259n biri d\u0259 Qobustan rayonundak\u0131 x\u0259st\u0259xanan\u0131n \u00e7irkab sular\u0131n\u0131n \u00e7aya ax\u0131d\u0131lmas\u0131d\u0131r:\n<\/p>\n<figure class=\"wp-block-image size-large\">\n  <img decoding=\"async\" src=\"https:\/\/www.meydan.tv\/az\/photo-2021-02-15-17-05-00-1-jpg\/\" alt=\"photo-2021-02-15-17-05-00 (1).jpg\" class=\"wp-image-156411\"\/><figcaption>\n    &#8221; Kanalizasiya suyudur dey\u0259, \u0259kin sah\u0259l\u0259rin\u0259 ver\u0259 bilmirik&#8221;<br \/>\n  <\/figcaption><\/figure>\n<p>\n  \u201cQobustan x\u0259st\u0259xanas\u0131 COV\u0130D-19 x\u0259st\u0259l\u0259ri \u00fc\u00e7\u00fcn ayr\u0131l\u0131b, o x\u0259st\u0259xanan\u0131n kanalizasiya suyu da bu \u00e7aya t\u00f6k\u00fcl\u00fcr. G\u00f6r\u00fcn insanlar\u0131n h\u0259yat\u0131n\u0131 nec\u0259 t\u0259hl\u00fck\u0259y\u0259 at\u0131rlar. Ona g\u00f6r\u0259 d\u0259 t\u0259l\u0259b edirik ki, t\u0259cili t\u0259dbir g\u00f6r\u00fcls\u00fcn. Bu v\u0259ziyy\u0259t bir az da davam ets\u0259, k\u0259ndimizd\u0259 COV\u0130D-19-dan da t\u0259hl\u00fck\u0259li yoluxucu x\u0259st\u0259likl\u0259r yay\u0131lacaq. \u00dcz\u00fc yaya gedirik, Pirsaat \u00e7ay\u0131 insanlar \u00fc\u00e7\u00fcn infeksion x\u0259st\u0259likl\u0259rin m\u0259nb\u0259yin\u0259 \u00e7evrilib. Sabah el\u0259 bir x\u0259st\u0259lik yay\u0131lar ki, qar\u015f\u0131s\u0131n\u0131 ala da bilm\u0259zl\u0259r. \u00d6z\u00fcm\u00fcz\u00fcn, \u0259zizl\u0259rimizin h\u0259yat\u0131 \u00fc\u00e7\u00fcn narahat oluruq\u201d.\n<\/p>\n<p>\n  K\u0259nd sakinl\u0259rinin s\u00f6zl\u0259rin\u0259 g\u00f6r\u0259, bu problem t\u0259kc\u0259 Poladl\u0131 k\u0259ndind\u0259 deyil, Pirsaat \u00e7ay\u0131n\u0131n ke\u00e7diyi b\u00fct\u00fcn k\u0259ndl\u0259rd\u0259 m\u00f6vcuddur:\n<\/p>\n<p>\n  \u201cBu gedi\u015fl\u0259 k\u0259ndd\u0259 birc\u0259 heyvan da qalmayacaq. \u0130nsan he\u00e7 olmasa borca-x\u0259rc\u0259 d\u00fc\u015f\u00fcb suyu pulla al\u0131b i\u00e7ir, ancaq heyvana su alma\u011fa imkan\u0131m\u0131z yoxdur. \u0130st\u0259diyimiz, t\u0259l\u0259bimiz odur ki, \u00e7ay\u0131 3 il \u0259vv\u0259lki kimi t\u0259mizl\u0259yib \u00f6z\u00fcm\u00fcz\u0259 qaytars\u0131nlar\u201d.\n<\/p>\n<p>\n  Qobustan Rayon \u0130cra Hakimiyy\u0259tind\u0259n Meydan TV-y\u0259 bildirilib ki, \u00e7ay\u0131n yuxar\u0131 hiss\u0259sind\u0259 \u00e7irkab sular\u0131n \u00e7aya t\u00f6k\u00fclm\u0259sinin qar\u015f\u0131s\u0131n\u0131 alan b\u0259ndl\u0259r da\u011f\u0131ld\u0131\u011f\u0131ndan \u00e7irkab sular\u0131n qar\u015f\u0131s\u0131n\u0131 almaq m\u00fcmk\u00fcn olmay\u0131b. Haz\u0131rda is\u0259 b\u0259ndb\u0259rkitm\u0259 i\u015fl\u0259ri apar\u0131l\u0131r. Yax\u0131n vaxtlarda sut\u0259mizl\u0259yici qur\u011fular istifad\u0259y\u0259 veril\u0259c\u0259k v\u0259 problem k\u00f6k\u00fcnd\u0259n h\u0259llini tapacaq.\n<\/p>\n<p>\n  \u0130ki ay \u0259vv\u0259l Meydan TV-y\u0259 Hac\u0131qabulun v\u0259 Sabirabad\u0131n k\u0259ndl\u0259rind\u0259n d\u0259 eyni m\u0259zmunda \u015fikay\u0259tl\u0259r daxil olmu\u015fdu.\n<\/p>\n<figure class=\"wp-block-image size-large\">\n  <img decoding=\"async\" src=\"https:\/\/www.meydan.tv\/az\/photo-2021-02-15-17-04-59-1-jpg\/\" alt=\"photo-2021-02-15-17-04-59 (1).jpg\" class=\"wp-image-156408\"\/><figcaption>\n    &#8221;Sabah el\u0259 bir x\u0259st\u0259lik yay\u0131lar ki, qar\u015f\u0131s\u0131n\u0131 ala da bilm\u0259zl\u0259r&#8221;.<br \/>\n  <\/figcaption><\/figure>\n","protected":false},"excerpt":{"rendered":"<p>&#8221;Sabah el\u0259 bir x\u0259st\u0259lik yay\u0131lar ki, qar\u015f\u0131s\u0131n\u0131 ala da bilm\u0259zl\u0259r&#8221;.<\/p>\n","protected":false},"author":11,"featured_media":156393,"comment_status":"closed","ping_status":"open","sticky":false,"template":"","format":"standard","meta":{"_acf_changed":false,"_sitemap_exclude":false,"_sitemap_priority":"","_sitemap_frequency":"","footnotes":""},"categories":[60],"tags":[],"class_list":["post-204973","post","type-post","status-publish","format-standard","has-post-thumbnail","hentry","category-bolge","infinite-scroll-item","generate-columns","tablet-grid-50","mobile-grid-100","grid-parent","grid-33","no-featured-image-padding"],"acf":[],"yoast_head":"<!-- This site is optimized with the Yoast SEO plugin v27.5 - https:\/\/yoast.com\/product\/yoast-seo-wordpress\/ -->\n<title>\u201cVirusa g\u00f6r\u0259 ayr\u0131lan x\u0259st\u0259xanan\u0131n \u00e7irkab sular\u0131 da \u00e7aya ax\u0131d\u0131l\u0131r\u201d - MEYDAN.TV<\/title>\n<meta name=\"robots\" content=\"index, follow, max-snippet:-1, max-image-preview:large, max-video-preview:-1\" \/>\n<link rel=\"canonical\" href=\"https:\/\/www.meydan.tv\/az\/article\/virusa-gore-ayrilan-xestexananin-cirkab-sulari-da-caya-axidilir\/\" \/>\n<meta property=\"og:locale\" content=\"az_AZ\" \/>\n<meta property=\"og:type\" content=\"article\" \/>\n<meta property=\"og:title\" content=\"\u201cVirusa g\u00f6r\u0259 ayr\u0131lan x\u0259st\u0259xanan\u0131n \u00e7irkab sular\u0131 da \u00e7aya ax\u0131d\u0131l\u0131r\u201d - MEYDAN.TV\" \/>\n<meta property=\"og:description\" content=\"&#039;&#039;Sabah el\u0259 bir x\u0259st\u0259lik yay\u0131lar ki, qar\u015f\u0131s\u0131n\u0131 ala da bilm\u0259zl\u0259r&#039;&#039;.\" \/>\n<meta property=\"og:url\" content=\"https:\/\/www.meydan.tv\/az\/article\/virusa-gore-ayrilan-xestexananin-cirkab-sulari-da-caya-axidilir\/\" \/>\n<meta property=\"og:site_name\" content=\"MEYDAN.TV\" \/>\n<meta property=\"article:published_time\" content=\"2021-02-15T14:16:47+00:00\" \/>\n<meta property=\"og:image\" content=\"https:\/\/www.meydan.tv\/wp-content\/uploads\/photo-2021-02-15-17-04-59.jpg\" \/>\n\t<meta property=\"og:image:width\" content=\"1280\" \/>\n\t<meta property=\"og:image:height\" content=\"960\" \/>\n\t<meta property=\"og:image:type\" content=\"image\/jpeg\" \/>\n<meta name=\"author\" content=\"user-manager\" \/>\n<meta name=\"twitter:card\" content=\"summary_large_image\" \/>\n<script type=\"application\/ld+json\" class=\"yoast-schema-graph\">{\"@context\":\"https:\\\/\\\/schema.org\",\"@graph\":[{\"@type\":\"Article\",\"@id\":\"https:\\\/\\\/www.meydan.tv\\\/az\\\/article\\\/virusa-gore-ayrilan-xestexananin-cirkab-sulari-da-caya-axidilir\\\/#article\",\"isPartOf\":{\"@id\":\"https:\\\/\\\/www.meydan.tv\\\/az\\\/article\\\/virusa-gore-ayrilan-xestexananin-cirkab-sulari-da-caya-axidilir\\\/\"},\"author\":{\"name\":\"user-manager\",\"@id\":\"https:\\\/\\\/www.meydan.tv\\\/az\\\/#\\\/schema\\\/person\\\/10d11eccf6da3662cf5fdab9806ea91a\"},\"headline\":\"\u201cVirusa g\u00f6r\u0259 ayr\u0131lan x\u0259st\u0259xanan\u0131n \u00e7irkab sular\u0131 da \u00e7aya ax\u0131d\u0131l\u0131r\u201d\",\"datePublished\":\"2021-02-15T14:16:47+00:00\",\"mainEntityOfPage\":{\"@id\":\"https:\\\/\\\/www.meydan.tv\\\/az\\\/article\\\/virusa-gore-ayrilan-xestexananin-cirkab-sulari-da-caya-axidilir\\\/\"},\"wordCount\":982,\"publisher\":{\"@id\":\"https:\\\/\\\/www.meydan.tv\\\/az\\\/#organization\"},\"image\":{\"@id\":\"https:\\\/\\\/www.meydan.tv\\\/az\\\/article\\\/virusa-gore-ayrilan-xestexananin-cirkab-sulari-da-caya-axidilir\\\/#primaryimage\"},\"thumbnailUrl\":\"https:\\\/\\\/www.meydan.tv\\\/wp-content\\\/uploads\\\/photo-2021-02-15-17-04-59.jpg\",\"articleSection\":[\"B\u00f6lg\u0259\"],\"inLanguage\":\"az\"},{\"@type\":\"WebPage\",\"@id\":\"https:\\\/\\\/www.meydan.tv\\\/az\\\/article\\\/virusa-gore-ayrilan-xestexananin-cirkab-sulari-da-caya-axidilir\\\/\",\"url\":\"https:\\\/\\\/www.meydan.tv\\\/az\\\/article\\\/virusa-gore-ayrilan-xestexananin-cirkab-sulari-da-caya-axidilir\\\/\",\"name\":\"\u201cVirusa g\u00f6r\u0259 ayr\u0131lan x\u0259st\u0259xanan\u0131n \u00e7irkab sular\u0131 da \u00e7aya ax\u0131d\u0131l\u0131r\u201d - MEYDAN.TV\",\"isPartOf\":{\"@id\":\"https:\\\/\\\/www.meydan.tv\\\/az\\\/#website\"},\"primaryImageOfPage\":{\"@id\":\"https:\\\/\\\/www.meydan.tv\\\/az\\\/article\\\/virusa-gore-ayrilan-xestexananin-cirkab-sulari-da-caya-axidilir\\\/#primaryimage\"},\"image\":{\"@id\":\"https:\\\/\\\/www.meydan.tv\\\/az\\\/article\\\/virusa-gore-ayrilan-xestexananin-cirkab-sulari-da-caya-axidilir\\\/#primaryimage\"},\"thumbnailUrl\":\"https:\\\/\\\/www.meydan.tv\\\/wp-content\\\/uploads\\\/photo-2021-02-15-17-04-59.jpg\",\"datePublished\":\"2021-02-15T14:16:47+00:00\",\"breadcrumb\":{\"@id\":\"https:\\\/\\\/www.meydan.tv\\\/az\\\/article\\\/virusa-gore-ayrilan-xestexananin-cirkab-sulari-da-caya-axidilir\\\/#breadcrumb\"},\"inLanguage\":\"az\",\"potentialAction\":[{\"@type\":\"ReadAction\",\"target\":[\"https:\\\/\\\/www.meydan.tv\\\/az\\\/article\\\/virusa-gore-ayrilan-xestexananin-cirkab-sulari-da-caya-axidilir\\\/\"]}]},{\"@type\":\"ImageObject\",\"inLanguage\":\"az\",\"@id\":\"https:\\\/\\\/www.meydan.tv\\\/az\\\/article\\\/virusa-gore-ayrilan-xestexananin-cirkab-sulari-da-caya-axidilir\\\/#primaryimage\",\"url\":\"https:\\\/\\\/www.meydan.tv\\\/wp-content\\\/uploads\\\/photo-2021-02-15-17-04-59.jpg\",\"contentUrl\":\"https:\\\/\\\/www.meydan.tv\\\/wp-content\\\/uploads\\\/photo-2021-02-15-17-04-59.jpg\",\"width\":1280,\"height\":960,\"caption\":\"Source: Specify Source\"},{\"@type\":\"BreadcrumbList\",\"@id\":\"https:\\\/\\\/www.meydan.tv\\\/az\\\/article\\\/virusa-gore-ayrilan-xestexananin-cirkab-sulari-da-caya-axidilir\\\/#breadcrumb\",\"itemListElement\":[{\"@type\":\"ListItem\",\"position\":1,\"name\":\"Ana s\u0259hif\u0259\",\"item\":\"https:\\\/\\\/www.meydan.tv\\\/az\\\/\"},{\"@type\":\"ListItem\",\"position\":2,\"name\":\"B\u00f6lg\u0259\",\"item\":\"https:\\\/\\\/www.meydan.tv\\\/az\\\/section\\\/bolge\\\/\"},{\"@type\":\"ListItem\",\"position\":3,\"name\":\"\u201cVirusa g\u00f6r\u0259 ayr\u0131lan x\u0259st\u0259xanan\u0131n \u00e7irkab sular\u0131 da \u00e7aya ax\u0131d\u0131l\u0131r\u201d\"}]},{\"@type\":\"WebSite\",\"@id\":\"https:\\\/\\\/www.meydan.tv\\\/az\\\/#website\",\"url\":\"https:\\\/\\\/www.meydan.tv\\\/az\\\/\",\"name\":\"MEYDAN.TV\",\"description\":\"Meydan TV Az\u0259rbaycan\u0131n media m\u0259kan\u0131ndak\u0131 alternativ s\u0259sidir\",\"publisher\":{\"@id\":\"https:\\\/\\\/www.meydan.tv\\\/az\\\/#organization\"},\"potentialAction\":[{\"@type\":\"SearchAction\",\"target\":{\"@type\":\"EntryPoint\",\"urlTemplate\":\"https:\\\/\\\/www.meydan.tv\\\/az\\\/?s={search_term_string}\"},\"query-input\":{\"@type\":\"PropertyValueSpecification\",\"valueRequired\":true,\"valueName\":\"search_term_string\"}}],\"inLanguage\":\"az\"},{\"@type\":\"Organization\",\"@id\":\"https:\\\/\\\/www.meydan.tv\\\/az\\\/#organization\",\"name\":\"Meydan TV\",\"url\":\"https:\\\/\\\/www.meydan.tv\\\/az\\\/\",\"logo\":{\"@type\":\"ImageObject\",\"inLanguage\":\"az\",\"@id\":\"https:\\\/\\\/www.meydan.tv\\\/az\\\/#\\\/schema\\\/logo\\\/image\\\/\",\"url\":\"https:\\\/\\\/www.meydan.tv\\\/wp-content\\\/uploads\\\/2021\\\/07\\\/meydan-logo.svg\",\"contentUrl\":\"https:\\\/\\\/www.meydan.tv\\\/wp-content\\\/uploads\\\/2021\\\/07\\\/meydan-logo.svg\",\"width\":195,\"height\":46,\"caption\":\"Meydan TV\"},\"image\":{\"@id\":\"https:\\\/\\\/www.meydan.tv\\\/az\\\/#\\\/schema\\\/logo\\\/image\\\/\"}},{\"@type\":\"Person\",\"@id\":\"https:\\\/\\\/www.meydan.tv\\\/az\\\/#\\\/schema\\\/person\\\/10d11eccf6da3662cf5fdab9806ea91a\",\"name\":\"user-manager\"}]}<\/script>\n<!-- \/ Yoast SEO plugin. -->","yoast_head_json":{"title":"\u201cVirusa g\u00f6r\u0259 ayr\u0131lan x\u0259st\u0259xanan\u0131n \u00e7irkab sular\u0131 da \u00e7aya ax\u0131d\u0131l\u0131r\u201d - MEYDAN.TV","robots":{"index":"index","follow":"follow","max-snippet":"max-snippet:-1","max-image-preview":"max-image-preview:large","max-video-preview":"max-video-preview:-1"},"canonical":"https:\/\/www.meydan.tv\/az\/article\/virusa-gore-ayrilan-xestexananin-cirkab-sulari-da-caya-axidilir\/","og_locale":"az_AZ","og_type":"article","og_title":"\u201cVirusa g\u00f6r\u0259 ayr\u0131lan x\u0259st\u0259xanan\u0131n \u00e7irkab sular\u0131 da \u00e7aya ax\u0131d\u0131l\u0131r\u201d - MEYDAN.TV","og_description":"''Sabah el\u0259 bir x\u0259st\u0259lik yay\u0131lar ki, qar\u015f\u0131s\u0131n\u0131 ala da bilm\u0259zl\u0259r''.","og_url":"https:\/\/www.meydan.tv\/az\/article\/virusa-gore-ayrilan-xestexananin-cirkab-sulari-da-caya-axidilir\/","og_site_name":"MEYDAN.TV","article_published_time":"2021-02-15T14:16:47+00:00","og_image":[{"width":1280,"height":960,"url":"https:\/\/www.meydan.tv\/wp-content\/uploads\/photo-2021-02-15-17-04-59.jpg","type":"image\/jpeg"}],"author":"user-manager","twitter_card":"summary_large_image","schema":{"@context":"https:\/\/schema.org","@graph":[{"@type":"Article","@id":"https:\/\/www.meydan.tv\/az\/article\/virusa-gore-ayrilan-xestexananin-cirkab-sulari-da-caya-axidilir\/#article","isPartOf":{"@id":"https:\/\/www.meydan.tv\/az\/article\/virusa-gore-ayrilan-xestexananin-cirkab-sulari-da-caya-axidilir\/"},"author":{"name":"user-manager","@id":"https:\/\/www.meydan.tv\/az\/#\/schema\/person\/10d11eccf6da3662cf5fdab9806ea91a"},"headline":"\u201cVirusa g\u00f6r\u0259 ayr\u0131lan x\u0259st\u0259xanan\u0131n \u00e7irkab sular\u0131 da \u00e7aya ax\u0131d\u0131l\u0131r\u201d","datePublished":"2021-02-15T14:16:47+00:00","mainEntityOfPage":{"@id":"https:\/\/www.meydan.tv\/az\/article\/virusa-gore-ayrilan-xestexananin-cirkab-sulari-da-caya-axidilir\/"},"wordCount":982,"publisher":{"@id":"https:\/\/www.meydan.tv\/az\/#organization"},"image":{"@id":"https:\/\/www.meydan.tv\/az\/article\/virusa-gore-ayrilan-xestexananin-cirkab-sulari-da-caya-axidilir\/#primaryimage"},"thumbnailUrl":"https:\/\/www.meydan.tv\/wp-content\/uploads\/photo-2021-02-15-17-04-59.jpg","articleSection":["B\u00f6lg\u0259"],"inLanguage":"az"},{"@type":"WebPage","@id":"https:\/\/www.meydan.tv\/az\/article\/virusa-gore-ayrilan-xestexananin-cirkab-sulari-da-caya-axidilir\/","url":"https:\/\/www.meydan.tv\/az\/article\/virusa-gore-ayrilan-xestexananin-cirkab-sulari-da-caya-axidilir\/","name":"\u201cVirusa g\u00f6r\u0259 ayr\u0131lan x\u0259st\u0259xanan\u0131n \u00e7irkab sular\u0131 da \u00e7aya ax\u0131d\u0131l\u0131r\u201d - MEYDAN.TV","isPartOf":{"@id":"https:\/\/www.meydan.tv\/az\/#website"},"primaryImageOfPage":{"@id":"https:\/\/www.meydan.tv\/az\/article\/virusa-gore-ayrilan-xestexananin-cirkab-sulari-da-caya-axidilir\/#primaryimage"},"image":{"@id":"https:\/\/www.meydan.tv\/az\/article\/virusa-gore-ayrilan-xestexananin-cirkab-sulari-da-caya-axidilir\/#primaryimage"},"thumbnailUrl":"https:\/\/www.meydan.tv\/wp-content\/uploads\/photo-2021-02-15-17-04-59.jpg","datePublished":"2021-02-15T14:16:47+00:00","breadcrumb":{"@id":"https:\/\/www.meydan.tv\/az\/article\/virusa-gore-ayrilan-xestexananin-cirkab-sulari-da-caya-axidilir\/#breadcrumb"},"inLanguage":"az","potentialAction":[{"@type":"ReadAction","target":["https:\/\/www.meydan.tv\/az\/article\/virusa-gore-ayrilan-xestexananin-cirkab-sulari-da-caya-axidilir\/"]}]},{"@type":"ImageObject","inLanguage":"az","@id":"https:\/\/www.meydan.tv\/az\/article\/virusa-gore-ayrilan-xestexananin-cirkab-sulari-da-caya-axidilir\/#primaryimage","url":"https:\/\/www.meydan.tv\/wp-content\/uploads\/photo-2021-02-15-17-04-59.jpg","contentUrl":"https:\/\/www.meydan.tv\/wp-content\/uploads\/photo-2021-02-15-17-04-59.jpg","width":1280,"height":960,"caption":"Source: Specify Source"},{"@type":"BreadcrumbList","@id":"https:\/\/www.meydan.tv\/az\/article\/virusa-gore-ayrilan-xestexananin-cirkab-sulari-da-caya-axidilir\/#breadcrumb","itemListElement":[{"@type":"ListItem","position":1,"name":"Ana s\u0259hif\u0259","item":"https:\/\/www.meydan.tv\/az\/"},{"@type":"ListItem","position":2,"name":"B\u00f6lg\u0259","item":"https:\/\/www.meydan.tv\/az\/section\/bolge\/"},{"@type":"ListItem","position":3,"name":"\u201cVirusa g\u00f6r\u0259 ayr\u0131lan x\u0259st\u0259xanan\u0131n \u00e7irkab sular\u0131 da \u00e7aya ax\u0131d\u0131l\u0131r\u201d"}]},{"@type":"WebSite","@id":"https:\/\/www.meydan.tv\/az\/#website","url":"https:\/\/www.meydan.tv\/az\/","name":"MEYDAN.TV","description":"Meydan TV Az\u0259rbaycan\u0131n media m\u0259kan\u0131ndak\u0131 alternativ s\u0259sidir","publisher":{"@id":"https:\/\/www.meydan.tv\/az\/#organization"},"potentialAction":[{"@type":"SearchAction","target":{"@type":"EntryPoint","urlTemplate":"https:\/\/www.meydan.tv\/az\/?s={search_term_string}"},"query-input":{"@type":"PropertyValueSpecification","valueRequired":true,"valueName":"search_term_string"}}],"inLanguage":"az"},{"@type":"Organization","@id":"https:\/\/www.meydan.tv\/az\/#organization","name":"Meydan TV","url":"https:\/\/www.meydan.tv\/az\/","logo":{"@type":"ImageObject","inLanguage":"az","@id":"https:\/\/www.meydan.tv\/az\/#\/schema\/logo\/image\/","url":"https:\/\/www.meydan.tv\/wp-content\/uploads\/2021\/07\/meydan-logo.svg","contentUrl":"https:\/\/www.meydan.tv\/wp-content\/uploads\/2021\/07\/meydan-logo.svg","width":195,"height":46,"caption":"Meydan TV"},"image":{"@id":"https:\/\/www.meydan.tv\/az\/#\/schema\/logo\/image\/"}},{"@type":"Person","@id":"https:\/\/www.meydan.tv\/az\/#\/schema\/person\/10d11eccf6da3662cf5fdab9806ea91a","name":"user-manager"}]}},"_links":{"self":[{"href":"https:\/\/www.meydan.tv\/az\/wp-json\/wp\/v2\/posts\/204973","targetHints":{"allow":["GET"]}}],"collection":[{"href":"https:\/\/www.meydan.tv\/az\/wp-json\/wp\/v2\/posts"}],"about":[{"href":"https:\/\/www.meydan.tv\/az\/wp-json\/wp\/v2\/types\/post"}],"author":[{"embeddable":true,"href":"https:\/\/www.meydan.tv\/az\/wp-json\/wp\/v2\/users\/11"}],"replies":[{"embeddable":true,"href":"https:\/\/www.meydan.tv\/az\/wp-json\/wp\/v2\/comments?post=204973"}],"version-history":[{"count":0,"href":"https:\/\/www.meydan.tv\/az\/wp-json\/wp\/v2\/posts\/204973\/revisions"}],"wp:featuredmedia":[{"embeddable":true,"href":"https:\/\/www.meydan.tv\/az\/wp-json\/wp\/v2\/media\/156393"}],"wp:attachment":[{"href":"https:\/\/www.meydan.tv\/az\/wp-json\/wp\/v2\/media?parent=204973"}],"wp:term":[{"taxonomy":"category","embeddable":true,"href":"https:\/\/www.meydan.tv\/az\/wp-json\/wp\/v2\/categories?post=204973"},{"taxonomy":"post_tag","embeddable":true,"href":"https:\/\/www.meydan.tv\/az\/wp-json\/wp\/v2\/tags?post=204973"}],"curies":[{"name":"wp","href":"https:\/\/api.w.org\/{rel}","templated":true}]}}