{"id":204947,"date":"2021-02-12T14:22:07","date_gmt":"2021-02-12T14:22:07","guid":{"rendered":"https:\/\/www.meydan.tv\/article\/ekoaktivist-sekide-yasilligi-kuruyurler-agir-texnika-getirilib\/"},"modified":"2021-02-12T14:22:07","modified_gmt":"2021-02-12T14:22:07","slug":"ekoaktivist-sekide-yasilligi-kuruyurler-agir-texnika-getirilib","status":"publish","type":"post","link":"https:\/\/www.meydan.tv\/az\/article\/ekoaktivist-sekide-yasilligi-kuruyurler-agir-texnika-getirilib\/","title":{"rendered":"Ekoaktivist: \u015e\u0259kid\u0259 ya\u015f\u0131ll\u0131\u011f\u0131 k\u00fcr\u00fcy\u00fcrl\u0259r, a\u011f\u0131r texnika g\u0259tirilib"},"content":{"rendered":"<p>\n  <i><br \/>\n    Me\u015f\u0259l\u0259rin inki\u015faf\u0131 xidm\u0259tinin r\u0259isi: &quot;A\u00e7\u0131q me\u015f\u0259 sah\u0259sind\u0259 f\u0131nd\u0131q ba\u011f\u0131 sal\u0131n\u0131r&quot;<br \/>\n  <\/i>\n<\/p>\n<p>\n  \u015e\u0259kinin Bideyiz k\u0259ndi yax\u0131nl\u0131\u011f\u0131ndak\u0131 ya\u015f\u0131ll\u0131qlar\u0131n q\u0131r\u0131lmas\u0131na yenid\u0259n ba\u015flan\u0131l\u0131b.\n<\/p>\n<p>\n  M\u0259lumat\u0131 ekoaktivist Cavid Qara verib.\n<\/p>\n<p>\n  O bildirib ki, 2020-ci ild\u0259 bu q\u0131r\u0131nt\u0131n\u0131 ictimaiyy\u0259tin d\u0259st\u0259yi il\u0259 yar\u0131m saxlaya bilmi\u015fdil\u0259r: \u201cSaxlananad\u0259k xeyli miqdarda a\u011fac v\u0259 kol k\u00fcr\u00fcnm\u00fc\u015fd\u00fc. Ancaq buna g\u00f6r\u0259 he\u00e7 k\u0259s c\u0259zalanmad\u0131, amma he\u00e7 olmasa dayand\u0131lar. \u0130ndi yenid\u0259n i\u015ftaha g\u0259libl\u0259r. \u018fraziy\u0259 \u00e7oxlu sayda a\u011f\u0131r texnika c\u0259lb edilib. Vaxt\u0131nda dayand\u0131ra bilm\u0259s\u0259k h\u0259r ke\u00e7\u0259n g\u00fcn hektarlarla me\u015f\u0259 zola\u011f\u0131n\u0131 itir\u0259c\u0259yik\u201d.\n<\/p>\n<p>\n  Me\u015f\u0259l\u0259rin inki\u015faf\u0131 xidm\u0259tinin r\u0259isi Namik X\u0131d\u0131rov Meydan TV-y\u0259 bildirib ki, \u015e\u0259kinin Bideyiz k\u0259ndi yax\u0131nl\u0131\u011f\u0131ndak\u0131 a\u00e7\u0131q me\u015f\u0259 sah\u0259sind\u0259 f\u0131nd\u0131q ba\u011f\u0131 sal\u0131n\u0131r: &quot;Bu, Milli Me\u015f\u0259 Proqram\u0131na uy\u011fun \u015f\u0259kild\u0259 apar\u0131l\u0131r. A\u00e7\u0131q me\u015f\u0259 sah\u0259l\u0259rind\u0259 aqroba\u011flar\u0131n sal\u0131nmas\u0131 \u00fc\u00e7\u00fcn \u015f\u0259rait yarad\u0131l\u0131r. \u015e\u0259kinin Bideyiz k\u0259ndi yax\u0131nl\u0131\u011f\u0131ndak\u0131 a\u00e7\u0131q me\u015f\u0259 sah\u0259sind\u0259 d\u0259 f\u0131nd\u0131q ba\u011f\u0131 sal\u0131n\u0131r\u201d.\n<\/p>\n<p>\n  Namik X\u0131d\u0131rov qeyd edib ki, me\u015f\u0259 fondunun istifad\u0259siz qalm\u0131\u015f a\u00e7\u0131q sah\u0259l\u0259rinin potensial\u0131ndan s\u0259m\u0259r\u0259li istifad\u0259 etm\u0259k m\u0259qs\u0259dil\u0259 a\u00e7\u0131q me\u015f\u0259 fondu torpaqlar\u0131 icar\u0259y\u0259 veril\u0259 bil\u0259r: \u201cHaz\u0131rda me\u015f\u0259 \u0259razil\u0259rinin a\u00e7\u0131q sah\u0259l\u0259rind\u0259 aqroba\u011flar\u0131n v\u0259 s\u0259naye \u0259h\u0259miyy\u0259tli me\u015f\u0259l\u0259rin sal\u0131nmas\u0131 i\u015fl\u0259ri h\u0259yata ke\u00e7irilir. Bu da me\u015f\u0259 \u00f6rt\u00fcy\u00fcn\u00fcn artmas\u0131 il\u0259 yana\u015f\u0131, yeni i\u015f yerl\u0259rinin a\u00e7\u0131lmas\u0131na, \u0259halinin sosial v\u0259ziyy\u0259tinin yax\u015f\u0131la\u015fd\u0131r\u0131lmas\u0131na, ixrac potensial\u0131n\u0131n y\u00fcks\u0259lm\u0259sin\u0259 v\u0259 \u0259rzaq bollu\u011funa s\u0259b\u0259b olacaq\u201d.\n<\/p>\n<p>\n  \u00d6t\u0259n il h\u0259min \u0259razil\u0259rd\u0259ki a\u011faclar k\u0259sil\u0259n zaman \u015e\u0259kinin Bideyiz v\u0259 Baqqal k\u0259ndinin sakinl\u0259ri Meydan TV-y\u0259 me\u015f\u0259l\u0259rin m\u0259hvin\u0259 qar\u015f\u0131 olduqlar\u0131n\u0131 bildirmi\u015fdil\u0259r. H\u0259tta k\u0259nd sakinl\u0259ri bununla ba\u011fl\u0131 etiraz olaraq aidiyyat\u0131 qurumlara, Me\u015f\u0259 \u0130dar\u0259sin\u0259, \u015e\u0259ki \u015e\u0259h\u0259r \u0130cra Hakimiyy\u0259tin\u0259, el\u0259c\u0259 d\u0259 Ekologiya v\u0259 T\u0259bii S\u0259rv\u0259tl\u0259r Nazirliyin\u0259 m\u00fcraci\u0259t etmi\u015fdil\u0259r.\n<\/p>\n<p>\n  Yax\u0131nl\u0131qlar\u0131ndak\u0131 me\u015f\u0259l\u0259rin q\u0131r\u0131lmas\u0131n\u0131n qar\u015f\u0131s\u0131n\u0131n al\u0131nmas\u0131 \u00fc\u00e7\u00fcn bir t\u0259dbir g\u00f6r\u00fclm\u0259sini xahi\u015f etmi\u015fdil\u0259r.\n<\/p>\n<p>\n  Sakinl\u0259r deyirl\u0259r ki, \u0259razid\u0259 i\u015f g\u00f6r\u0259n \u015firk\u0259tin ad\u0131 \u201cMonte Forre\u201d MMC-dir: &quot;H\u0259min me\u015f\u0259l\u0259rd\u0259ki a\u011faclar is\u0259 \u0259sas\u0259n, qoz, f\u0131sd\u0131q, pal\u0131d, armud, sara\u011fan a\u011faclar\u0131d\u0131r&quot;.\n<\/p>\n<figure class=\"wp-block-image size-large\">\n  <img decoding=\"async\" src=\"https:\/\/www.meydan.tv\/az\/149112833_3700165073365664_3712793317387233932_o-jpg\/\" alt=\"149112833_3700165073365664_3712793317387233932_o.jpg\" class=\"wp-image-156270\"\/><figcaption>\n    &#8220;A\u00e7\u0131q me\u015f\u0259 sah\u0259l\u0259rind\u0259 aqroba\u011flar\u0131n sal\u0131nmas\u0131 \u00fc\u00e7\u00fcn \u015f\u0259rait yarad\u0131l\u0131r&#8221;<br \/>\n  <\/figcaption><\/figure>\n<p>\n  M\u00fcxt\u0259lif sah\u0259l\u0259rd\u0259 f\u0259aliyy\u0259t g\u00f6st\u0259r\u0259n \u015firk\u0259tl\u0259ri \u00f6z\u00fcnd\u0259 birl\u0259\u015fdir\u0259n \u201cAGA Group\u201d 1994-c\u00fc ild\u0259 t\u0259sis edilib.\n<\/p>\n<p>\n  \u201cCaspian Plaza\u201d, \u201cCaspian Business Center\u201d, \u201cDemirchi Tower\u201d, \u201cAGA \u0130\u015f M\u0259rk\u0259zi\u201d, \u201cAriana Business Park\u201d \u015firk\u0259t\u0259 m\u0259xsusdur.\n<\/p>\n<p>\n  \u015eirk\u0259tin r\u0259smi sayt\u0131nda deyir ki, zaman\u0131n, iqtisadi g\u00f6st\u0259ricil\u0259rin v\u0259 istehlak\u00e7\u0131n\u0131n t\u0259l\u0259bl\u0259rin\u0259 uy\u011fun olaraq, \u201cAGA Group\u201d h\u0259m d\u0259 maliyy\u0259, k\u0259nd t\u0259s\u0259rr\u00fcfat\u0131, informasiya texnologiyalar\u0131, turizm v\u0259 otel\u00e7ilik sah\u0259l\u0259rini d\u0259 f\u0259aliyy\u0259t miqyas\u0131na daxil edib.\n<\/p>\n<p>\n  \u201cMonte Ferro Aqropark\u0131\u201d buna g\u00f6r\u0259 2016-ci ild\u0259 t\u0259sis olunub v\u0259 \u015eimal Q\u0259rb regionunda \u0259razil\u0259rind\u0259 geni\u015f sah\u0259ni \u0259hat\u0259 ed\u0259n f\u0131nd\u0131q ba\u011f\u0131n\u0131n sal\u0131nmas\u0131 layih\u0259sini h\u0259yata ke\u00e7irir.\n<\/p>\n<p>\n  Bunun \u00fc\u00e7\u00fcn 3000 ha torpaq sah\u0259si \u0259ld\u0259 edib: \u201cHaz\u0131rda kims\u0259nin istifad\u0259 etm\u0259diyi, \u0259kin\u0259 v\u0259 ba\u011f\u00e7\u0131l\u0131\u011fa yaras\u0131z 1485 ha sah\u0259d\u0259 yeni f\u0131nd\u0131q ba\u011flar\u0131 sal\u0131n\u0131b v\u0259 i\u015f davam edir. 2022-ci il\u0259 kimi f\u0131nd\u0131q ba\u011flar\u0131n\u0131n \u00fcmumi sah\u0259sinin 5000 hektara \u00e7atd\u0131r\u0131lmas\u0131 planla\u015fd\u0131r\u0131l\u0131r\u201d.\n<\/p>\n<p>\n  \u201cAGA Group\u201d \u015firk\u0259tind\u0259n daha \u00f6nc\u0259 Meydan TV-y\u0259 \u201cMonte Ferro Aqropark\u0131\u201dn\u0131n h\u0259qiq\u0259t\u0259n d\u0259 onlar\u0131n \u015fimal- q\u0259rb b\u00f6lg\u0259sind\u0259ki t\u0259msil\u00e7isi oldu\u011funu t\u0259sdiql\u0259yibl\u0259r. Ancaq b\u00f6lg\u0259d\u0259 hans\u0131 i\u015fl\u0259rin g\u00f6r\u00fcld\u00fcy\u00fcnd\u0259n x\u0259b\u0259rsiz olduqlar\u0131n\u0131 s\u00f6yl\u0259yibl\u0259r.\n<\/p>\n<p>\n  Az\u0259rbaycan Respublikas\u0131 Nazirl\u0259r Kabinetinin 1998-ci il 17 oktyabr tarixli 214 n\u00f6mr\u0259li q\u0259rar\u0131 il\u0259 t\u0259sdiql\u0259n\u0259n \u201cMe\u015f\u0259 fondu torpaqlar\u0131n\u0131n icar\u0259y\u0259 verilm\u0259si\u201d Qaydalar\u0131 var. H\u0259min qaydalarda deyilir ki, me\u015f\u0259 bitkil\u0259ri il\u0259 (a\u011fac, kol, yar\u0131m kol) \u00f6rt\u00fcl\u00fc olmayan \u0259razil\u0259r, ancaq me\u015f\u0259 b\u0259rpas\u0131 m\u0259qs\u0259di il\u0259 icar\u0259y\u0259 veril\u0259 bil\u0259r v\u0259 proses yerli icman\u0131n maraqlar\u0131 n\u0259z\u0259r\u0259 al\u0131nmaqla, imtiyazl\u0131 \u015f\u0259xsl\u0259r\u0259 \u00fcst\u00fcnl\u00fck verm\u0259kl\u0259 ancaq a\u015fkarl\u0131q \u015f\u0259raitind\u0259 ba\u015f tutmal\u0131d\u0131r.\n<\/p>\n<figure class=\"wp-block-image size-large\">\n  <img decoding=\"async\" src=\"https:\/\/www.meydan.tv\/az\/148996656_3700165070032331_6193966948561164495_o-jpg\/\" alt=\"148996656_3700165070032331_6193966948561164495_o.jpg\" class=\"wp-image-156273\"\/><figcaption>\n    &#8220;Vaxt\u0131nda dayand\u0131ra bilm\u0259s\u0259k h\u0259r ke\u00e7\u0259n g\u00fcn hektarlarla me\u015f\u0259 zola\u011f\u0131n\u0131 itir\u0259c\u0259yik\u201d.<br \/>\n  <\/figcaption><\/figure>\n","protected":false},"excerpt":{"rendered":"<p>\u201cHaz\u0131rda kims\u0259nin istifad\u0259 etm\u0259diyi, \u0259kin\u0259 v\u0259 ba\u011f\u00e7\u0131l\u0131\u011fa yaras\u0131z 1485 ha sah\u0259d\u0259 yeni f\u0131nd\u0131q ba\u011flar\u0131 sal\u0131n\u0131b v\u0259 i\u015f davam edir.&#8221;<\/p>\n","protected":false},"author":11,"featured_media":156276,"comment_status":"closed","ping_status":"open","sticky":false,"template":"","format":"standard","meta":{"_acf_changed":false,"_sitemap_exclude":false,"_sitemap_priority":"","_sitemap_frequency":"","footnotes":""},"categories":[60],"tags":[],"class_list":["post-204947","post","type-post","status-publish","format-standard","has-post-thumbnail","hentry","category-bolge","infinite-scroll-item","generate-columns","tablet-grid-50","mobile-grid-100","grid-parent","grid-33","no-featured-image-padding"],"acf":[],"yoast_head":"<!-- This site is optimized with the Yoast SEO plugin v27.5 - https:\/\/yoast.com\/product\/yoast-seo-wordpress\/ -->\n<title>Ekoaktivist: \u015e\u0259kid\u0259 ya\u015f\u0131ll\u0131\u011f\u0131 k\u00fcr\u00fcy\u00fcrl\u0259r, a\u011f\u0131r texnika g\u0259tirilib - MEYDAN.TV<\/title>\n<meta name=\"robots\" content=\"index, follow, max-snippet:-1, max-image-preview:large, max-video-preview:-1\" \/>\n<link rel=\"canonical\" href=\"https:\/\/www.meydan.tv\/az\/article\/ekoaktivist-sekide-yasilligi-kuruyurler-agir-texnika-getirilib\/\" \/>\n<meta property=\"og:locale\" content=\"az_AZ\" \/>\n<meta property=\"og:type\" content=\"article\" \/>\n<meta property=\"og:title\" content=\"Ekoaktivist: \u015e\u0259kid\u0259 ya\u015f\u0131ll\u0131\u011f\u0131 k\u00fcr\u00fcy\u00fcrl\u0259r, a\u011f\u0131r texnika g\u0259tirilib - MEYDAN.TV\" \/>\n<meta property=\"og:description\" content=\"\u201cHaz\u0131rda kims\u0259nin istifad\u0259 etm\u0259diyi, \u0259kin\u0259 v\u0259 ba\u011f\u00e7\u0131l\u0131\u011fa yaras\u0131z 1485 ha sah\u0259d\u0259 yeni f\u0131nd\u0131q ba\u011flar\u0131 sal\u0131n\u0131b v\u0259 i\u015f davam edir.&quot;\" \/>\n<meta property=\"og:url\" content=\"https:\/\/www.meydan.tv\/az\/article\/ekoaktivist-sekide-yasilligi-kuruyurler-agir-texnika-getirilib\/\" \/>\n<meta property=\"og:site_name\" content=\"MEYDAN.TV\" \/>\n<meta property=\"article:published_time\" content=\"2021-02-12T14:22:07+00:00\" \/>\n<meta property=\"og:image\" content=\"https:\/\/www.meydan.tv\/wp-content\/uploads\/148320315_3700165060032332_6273751878695947205_o.jpg\" \/>\n\t<meta property=\"og:image:width\" content=\"1440\" \/>\n\t<meta property=\"og:image:height\" content=\"1080\" \/>\n\t<meta property=\"og:image:type\" content=\"image\/jpeg\" \/>\n<meta name=\"author\" content=\"user-manager\" \/>\n<meta name=\"twitter:card\" content=\"summary_large_image\" \/>\n<script type=\"application\/ld+json\" class=\"yoast-schema-graph\">{\"@context\":\"https:\\\/\\\/schema.org\",\"@graph\":[{\"@type\":\"Article\",\"@id\":\"https:\\\/\\\/www.meydan.tv\\\/az\\\/article\\\/ekoaktivist-sekide-yasilligi-kuruyurler-agir-texnika-getirilib\\\/#article\",\"isPartOf\":{\"@id\":\"https:\\\/\\\/www.meydan.tv\\\/az\\\/article\\\/ekoaktivist-sekide-yasilligi-kuruyurler-agir-texnika-getirilib\\\/\"},\"author\":{\"name\":\"user-manager\",\"@id\":\"https:\\\/\\\/www.meydan.tv\\\/az\\\/#\\\/schema\\\/person\\\/10d11eccf6da3662cf5fdab9806ea91a\"},\"headline\":\"Ekoaktivist: \u015e\u0259kid\u0259 ya\u015f\u0131ll\u0131\u011f\u0131 k\u00fcr\u00fcy\u00fcrl\u0259r, a\u011f\u0131r texnika g\u0259tirilib\",\"datePublished\":\"2021-02-12T14:22:07+00:00\",\"mainEntityOfPage\":{\"@id\":\"https:\\\/\\\/www.meydan.tv\\\/az\\\/article\\\/ekoaktivist-sekide-yasilligi-kuruyurler-agir-texnika-getirilib\\\/\"},\"wordCount\":881,\"publisher\":{\"@id\":\"https:\\\/\\\/www.meydan.tv\\\/az\\\/#organization\"},\"image\":{\"@id\":\"https:\\\/\\\/www.meydan.tv\\\/az\\\/article\\\/ekoaktivist-sekide-yasilligi-kuruyurler-agir-texnika-getirilib\\\/#primaryimage\"},\"thumbnailUrl\":\"https:\\\/\\\/www.meydan.tv\\\/wp-content\\\/uploads\\\/148320315_3700165060032332_6273751878695947205_o.jpg\",\"articleSection\":[\"B\u00f6lg\u0259\"],\"inLanguage\":\"az\"},{\"@type\":\"WebPage\",\"@id\":\"https:\\\/\\\/www.meydan.tv\\\/az\\\/article\\\/ekoaktivist-sekide-yasilligi-kuruyurler-agir-texnika-getirilib\\\/\",\"url\":\"https:\\\/\\\/www.meydan.tv\\\/az\\\/article\\\/ekoaktivist-sekide-yasilligi-kuruyurler-agir-texnika-getirilib\\\/\",\"name\":\"Ekoaktivist: \u015e\u0259kid\u0259 ya\u015f\u0131ll\u0131\u011f\u0131 k\u00fcr\u00fcy\u00fcrl\u0259r, a\u011f\u0131r texnika g\u0259tirilib - MEYDAN.TV\",\"isPartOf\":{\"@id\":\"https:\\\/\\\/www.meydan.tv\\\/az\\\/#website\"},\"primaryImageOfPage\":{\"@id\":\"https:\\\/\\\/www.meydan.tv\\\/az\\\/article\\\/ekoaktivist-sekide-yasilligi-kuruyurler-agir-texnika-getirilib\\\/#primaryimage\"},\"image\":{\"@id\":\"https:\\\/\\\/www.meydan.tv\\\/az\\\/article\\\/ekoaktivist-sekide-yasilligi-kuruyurler-agir-texnika-getirilib\\\/#primaryimage\"},\"thumbnailUrl\":\"https:\\\/\\\/www.meydan.tv\\\/wp-content\\\/uploads\\\/148320315_3700165060032332_6273751878695947205_o.jpg\",\"datePublished\":\"2021-02-12T14:22:07+00:00\",\"breadcrumb\":{\"@id\":\"https:\\\/\\\/www.meydan.tv\\\/az\\\/article\\\/ekoaktivist-sekide-yasilligi-kuruyurler-agir-texnika-getirilib\\\/#breadcrumb\"},\"inLanguage\":\"az\",\"potentialAction\":[{\"@type\":\"ReadAction\",\"target\":[\"https:\\\/\\\/www.meydan.tv\\\/az\\\/article\\\/ekoaktivist-sekide-yasilligi-kuruyurler-agir-texnika-getirilib\\\/\"]}]},{\"@type\":\"ImageObject\",\"inLanguage\":\"az\",\"@id\":\"https:\\\/\\\/www.meydan.tv\\\/az\\\/article\\\/ekoaktivist-sekide-yasilligi-kuruyurler-agir-texnika-getirilib\\\/#primaryimage\",\"url\":\"https:\\\/\\\/www.meydan.tv\\\/wp-content\\\/uploads\\\/148320315_3700165060032332_6273751878695947205_o.jpg\",\"contentUrl\":\"https:\\\/\\\/www.meydan.tv\\\/wp-content\\\/uploads\\\/148320315_3700165060032332_6273751878695947205_o.jpg\",\"width\":1440,\"height\":1080,\"caption\":\"Source: Specify Source\"},{\"@type\":\"BreadcrumbList\",\"@id\":\"https:\\\/\\\/www.meydan.tv\\\/az\\\/article\\\/ekoaktivist-sekide-yasilligi-kuruyurler-agir-texnika-getirilib\\\/#breadcrumb\",\"itemListElement\":[{\"@type\":\"ListItem\",\"position\":1,\"name\":\"Ana s\u0259hif\u0259\",\"item\":\"https:\\\/\\\/www.meydan.tv\\\/az\\\/\"},{\"@type\":\"ListItem\",\"position\":2,\"name\":\"B\u00f6lg\u0259\",\"item\":\"https:\\\/\\\/www.meydan.tv\\\/az\\\/section\\\/bolge\\\/\"},{\"@type\":\"ListItem\",\"position\":3,\"name\":\"Ekoaktivist: \u015e\u0259kid\u0259 ya\u015f\u0131ll\u0131\u011f\u0131 k\u00fcr\u00fcy\u00fcrl\u0259r, a\u011f\u0131r texnika g\u0259tirilib\"}]},{\"@type\":\"WebSite\",\"@id\":\"https:\\\/\\\/www.meydan.tv\\\/az\\\/#website\",\"url\":\"https:\\\/\\\/www.meydan.tv\\\/az\\\/\",\"name\":\"MEYDAN.TV\",\"description\":\"Meydan TV Az\u0259rbaycan\u0131n media m\u0259kan\u0131ndak\u0131 alternativ s\u0259sidir\",\"publisher\":{\"@id\":\"https:\\\/\\\/www.meydan.tv\\\/az\\\/#organization\"},\"potentialAction\":[{\"@type\":\"SearchAction\",\"target\":{\"@type\":\"EntryPoint\",\"urlTemplate\":\"https:\\\/\\\/www.meydan.tv\\\/az\\\/?s={search_term_string}\"},\"query-input\":{\"@type\":\"PropertyValueSpecification\",\"valueRequired\":true,\"valueName\":\"search_term_string\"}}],\"inLanguage\":\"az\"},{\"@type\":\"Organization\",\"@id\":\"https:\\\/\\\/www.meydan.tv\\\/az\\\/#organization\",\"name\":\"Meydan TV\",\"url\":\"https:\\\/\\\/www.meydan.tv\\\/az\\\/\",\"logo\":{\"@type\":\"ImageObject\",\"inLanguage\":\"az\",\"@id\":\"https:\\\/\\\/www.meydan.tv\\\/az\\\/#\\\/schema\\\/logo\\\/image\\\/\",\"url\":\"https:\\\/\\\/www.meydan.tv\\\/wp-content\\\/uploads\\\/2021\\\/07\\\/meydan-logo.svg\",\"contentUrl\":\"https:\\\/\\\/www.meydan.tv\\\/wp-content\\\/uploads\\\/2021\\\/07\\\/meydan-logo.svg\",\"width\":195,\"height\":46,\"caption\":\"Meydan TV\"},\"image\":{\"@id\":\"https:\\\/\\\/www.meydan.tv\\\/az\\\/#\\\/schema\\\/logo\\\/image\\\/\"}},{\"@type\":\"Person\",\"@id\":\"https:\\\/\\\/www.meydan.tv\\\/az\\\/#\\\/schema\\\/person\\\/10d11eccf6da3662cf5fdab9806ea91a\",\"name\":\"user-manager\"}]}<\/script>\n<!-- \/ Yoast SEO plugin. -->","yoast_head_json":{"title":"Ekoaktivist: \u015e\u0259kid\u0259 ya\u015f\u0131ll\u0131\u011f\u0131 k\u00fcr\u00fcy\u00fcrl\u0259r, a\u011f\u0131r texnika g\u0259tirilib - MEYDAN.TV","robots":{"index":"index","follow":"follow","max-snippet":"max-snippet:-1","max-image-preview":"max-image-preview:large","max-video-preview":"max-video-preview:-1"},"canonical":"https:\/\/www.meydan.tv\/az\/article\/ekoaktivist-sekide-yasilligi-kuruyurler-agir-texnika-getirilib\/","og_locale":"az_AZ","og_type":"article","og_title":"Ekoaktivist: \u015e\u0259kid\u0259 ya\u015f\u0131ll\u0131\u011f\u0131 k\u00fcr\u00fcy\u00fcrl\u0259r, a\u011f\u0131r texnika g\u0259tirilib - MEYDAN.TV","og_description":"\u201cHaz\u0131rda kims\u0259nin istifad\u0259 etm\u0259diyi, \u0259kin\u0259 v\u0259 ba\u011f\u00e7\u0131l\u0131\u011fa yaras\u0131z 1485 ha sah\u0259d\u0259 yeni f\u0131nd\u0131q ba\u011flar\u0131 sal\u0131n\u0131b v\u0259 i\u015f davam edir.\"","og_url":"https:\/\/www.meydan.tv\/az\/article\/ekoaktivist-sekide-yasilligi-kuruyurler-agir-texnika-getirilib\/","og_site_name":"MEYDAN.TV","article_published_time":"2021-02-12T14:22:07+00:00","og_image":[{"width":1440,"height":1080,"url":"https:\/\/www.meydan.tv\/wp-content\/uploads\/148320315_3700165060032332_6273751878695947205_o.jpg","type":"image\/jpeg"}],"author":"user-manager","twitter_card":"summary_large_image","schema":{"@context":"https:\/\/schema.org","@graph":[{"@type":"Article","@id":"https:\/\/www.meydan.tv\/az\/article\/ekoaktivist-sekide-yasilligi-kuruyurler-agir-texnika-getirilib\/#article","isPartOf":{"@id":"https:\/\/www.meydan.tv\/az\/article\/ekoaktivist-sekide-yasilligi-kuruyurler-agir-texnika-getirilib\/"},"author":{"name":"user-manager","@id":"https:\/\/www.meydan.tv\/az\/#\/schema\/person\/10d11eccf6da3662cf5fdab9806ea91a"},"headline":"Ekoaktivist: \u015e\u0259kid\u0259 ya\u015f\u0131ll\u0131\u011f\u0131 k\u00fcr\u00fcy\u00fcrl\u0259r, a\u011f\u0131r texnika g\u0259tirilib","datePublished":"2021-02-12T14:22:07+00:00","mainEntityOfPage":{"@id":"https:\/\/www.meydan.tv\/az\/article\/ekoaktivist-sekide-yasilligi-kuruyurler-agir-texnika-getirilib\/"},"wordCount":881,"publisher":{"@id":"https:\/\/www.meydan.tv\/az\/#organization"},"image":{"@id":"https:\/\/www.meydan.tv\/az\/article\/ekoaktivist-sekide-yasilligi-kuruyurler-agir-texnika-getirilib\/#primaryimage"},"thumbnailUrl":"https:\/\/www.meydan.tv\/wp-content\/uploads\/148320315_3700165060032332_6273751878695947205_o.jpg","articleSection":["B\u00f6lg\u0259"],"inLanguage":"az"},{"@type":"WebPage","@id":"https:\/\/www.meydan.tv\/az\/article\/ekoaktivist-sekide-yasilligi-kuruyurler-agir-texnika-getirilib\/","url":"https:\/\/www.meydan.tv\/az\/article\/ekoaktivist-sekide-yasilligi-kuruyurler-agir-texnika-getirilib\/","name":"Ekoaktivist: \u015e\u0259kid\u0259 ya\u015f\u0131ll\u0131\u011f\u0131 k\u00fcr\u00fcy\u00fcrl\u0259r, a\u011f\u0131r texnika g\u0259tirilib - MEYDAN.TV","isPartOf":{"@id":"https:\/\/www.meydan.tv\/az\/#website"},"primaryImageOfPage":{"@id":"https:\/\/www.meydan.tv\/az\/article\/ekoaktivist-sekide-yasilligi-kuruyurler-agir-texnika-getirilib\/#primaryimage"},"image":{"@id":"https:\/\/www.meydan.tv\/az\/article\/ekoaktivist-sekide-yasilligi-kuruyurler-agir-texnika-getirilib\/#primaryimage"},"thumbnailUrl":"https:\/\/www.meydan.tv\/wp-content\/uploads\/148320315_3700165060032332_6273751878695947205_o.jpg","datePublished":"2021-02-12T14:22:07+00:00","breadcrumb":{"@id":"https:\/\/www.meydan.tv\/az\/article\/ekoaktivist-sekide-yasilligi-kuruyurler-agir-texnika-getirilib\/#breadcrumb"},"inLanguage":"az","potentialAction":[{"@type":"ReadAction","target":["https:\/\/www.meydan.tv\/az\/article\/ekoaktivist-sekide-yasilligi-kuruyurler-agir-texnika-getirilib\/"]}]},{"@type":"ImageObject","inLanguage":"az","@id":"https:\/\/www.meydan.tv\/az\/article\/ekoaktivist-sekide-yasilligi-kuruyurler-agir-texnika-getirilib\/#primaryimage","url":"https:\/\/www.meydan.tv\/wp-content\/uploads\/148320315_3700165060032332_6273751878695947205_o.jpg","contentUrl":"https:\/\/www.meydan.tv\/wp-content\/uploads\/148320315_3700165060032332_6273751878695947205_o.jpg","width":1440,"height":1080,"caption":"Source: Specify Source"},{"@type":"BreadcrumbList","@id":"https:\/\/www.meydan.tv\/az\/article\/ekoaktivist-sekide-yasilligi-kuruyurler-agir-texnika-getirilib\/#breadcrumb","itemListElement":[{"@type":"ListItem","position":1,"name":"Ana s\u0259hif\u0259","item":"https:\/\/www.meydan.tv\/az\/"},{"@type":"ListItem","position":2,"name":"B\u00f6lg\u0259","item":"https:\/\/www.meydan.tv\/az\/section\/bolge\/"},{"@type":"ListItem","position":3,"name":"Ekoaktivist: \u015e\u0259kid\u0259 ya\u015f\u0131ll\u0131\u011f\u0131 k\u00fcr\u00fcy\u00fcrl\u0259r, a\u011f\u0131r texnika g\u0259tirilib"}]},{"@type":"WebSite","@id":"https:\/\/www.meydan.tv\/az\/#website","url":"https:\/\/www.meydan.tv\/az\/","name":"MEYDAN.TV","description":"Meydan TV Az\u0259rbaycan\u0131n media m\u0259kan\u0131ndak\u0131 alternativ s\u0259sidir","publisher":{"@id":"https:\/\/www.meydan.tv\/az\/#organization"},"potentialAction":[{"@type":"SearchAction","target":{"@type":"EntryPoint","urlTemplate":"https:\/\/www.meydan.tv\/az\/?s={search_term_string}"},"query-input":{"@type":"PropertyValueSpecification","valueRequired":true,"valueName":"search_term_string"}}],"inLanguage":"az"},{"@type":"Organization","@id":"https:\/\/www.meydan.tv\/az\/#organization","name":"Meydan TV","url":"https:\/\/www.meydan.tv\/az\/","logo":{"@type":"ImageObject","inLanguage":"az","@id":"https:\/\/www.meydan.tv\/az\/#\/schema\/logo\/image\/","url":"https:\/\/www.meydan.tv\/wp-content\/uploads\/2021\/07\/meydan-logo.svg","contentUrl":"https:\/\/www.meydan.tv\/wp-content\/uploads\/2021\/07\/meydan-logo.svg","width":195,"height":46,"caption":"Meydan TV"},"image":{"@id":"https:\/\/www.meydan.tv\/az\/#\/schema\/logo\/image\/"}},{"@type":"Person","@id":"https:\/\/www.meydan.tv\/az\/#\/schema\/person\/10d11eccf6da3662cf5fdab9806ea91a","name":"user-manager"}]}},"_links":{"self":[{"href":"https:\/\/www.meydan.tv\/az\/wp-json\/wp\/v2\/posts\/204947","targetHints":{"allow":["GET"]}}],"collection":[{"href":"https:\/\/www.meydan.tv\/az\/wp-json\/wp\/v2\/posts"}],"about":[{"href":"https:\/\/www.meydan.tv\/az\/wp-json\/wp\/v2\/types\/post"}],"author":[{"embeddable":true,"href":"https:\/\/www.meydan.tv\/az\/wp-json\/wp\/v2\/users\/11"}],"replies":[{"embeddable":true,"href":"https:\/\/www.meydan.tv\/az\/wp-json\/wp\/v2\/comments?post=204947"}],"version-history":[{"count":0,"href":"https:\/\/www.meydan.tv\/az\/wp-json\/wp\/v2\/posts\/204947\/revisions"}],"wp:featuredmedia":[{"embeddable":true,"href":"https:\/\/www.meydan.tv\/az\/wp-json\/wp\/v2\/media\/156276"}],"wp:attachment":[{"href":"https:\/\/www.meydan.tv\/az\/wp-json\/wp\/v2\/media?parent=204947"}],"wp:term":[{"taxonomy":"category","embeddable":true,"href":"https:\/\/www.meydan.tv\/az\/wp-json\/wp\/v2\/categories?post=204947"},{"taxonomy":"post_tag","embeddable":true,"href":"https:\/\/www.meydan.tv\/az\/wp-json\/wp\/v2\/tags?post=204947"}],"curies":[{"name":"wp","href":"https:\/\/api.w.org\/{rel}","templated":true}]}}