{"id":204921,"date":"2021-02-11T13:02:48","date_gmt":"2021-02-11T13:02:48","guid":{"rendered":"https:\/\/www.meydan.tv\/article\/cemenli-sakini-qelpeden-zerer-gormus-evler-siyahidan-kenarda-qalib\/"},"modified":"2021-02-11T13:02:48","modified_gmt":"2021-02-11T13:02:48","slug":"cemenli-sakini-qelpeden-zerer-gormus-evler-siyahidan-kenarda-qalib","status":"publish","type":"post","link":"https:\/\/www.meydan.tv\/az\/article\/cemenli-sakini-qelpeden-zerer-gormus-evler-siyahidan-kenarda-qalib\/","title":{"rendered":"\u00c7\u0259m\u0259nli sakini: Q\u0259lp\u0259d\u0259n z\u0259r\u0259r g\u00f6rm\u00fc\u015f evl\u0259r siyah\u0131dan k\u0259narda qal\u0131b"},"content":{"rendered":"<p>\n  <i><br \/>\n    Mehdi Mustafayev d\u0259rdini dem\u0259y\u0259 qurum tapmad\u0131\u011f\u0131n\u0131 s\u00f6yl\u0259yir<br \/>\n  <\/i>\n<\/p>\n<p>\n  \u201cD\u00fczd\u00fcr, da\u011f\u0131lan evl\u0259ri tikirl\u0259r, b\u0259rpa edirl\u0259r, buna s\u00f6z\u00fcm\u00fcz yox, ancaq dam \u00f6rt\u00fcy\u00fc z\u0259d\u0259l\u0259nmi\u015f evl\u0259ri d\u00fcz\u0259ltmirl\u0259r. K\u0259ndd\u0259 m\u0259nim evim kimi q\u0259lp\u0259d\u0259n dam \u00f6rt\u00fcy\u00fc z\u0259d\u0259l\u0259nmi\u015f xeyli ev var ki, n\u0259 g\u0259lib bax\u0131rlar, n\u0259 qeydiyyata al\u0131rlar\u201d.\n<\/p>\n<p>\n  Bunu Meydan TV-y\u0259 A\u011fdam\u0131n \u00c7\u0259m\u0259nli k\u0259ndinin sakini Mehdi Mustafayev deyir. Onun s\u00f6zl\u0259rin\u0259 g\u00f6r\u0259, 44 g\u00fcnl\u00fck m\u00fcharib\u0259 zaman\u0131 ya\u015fad\u0131\u011f\u0131 evin dam\u0131na xeyli q\u0259lp\u0259 d\u00fc\u015f\u00fcb, dam \u00f6rt\u00fcy\u00fc yarars\u0131z v\u0259ziyy\u0259td\u0259dir. Ancaq aidiyy\u0259ti qurumlar v\u0259ziyy\u0259tl\u0259 maraqlanm\u0131rlar.\n<\/p>\n<p>\n  <b><br \/>\n    \u201cAz\u0131 7-8 min manat x\u0259rci var\u201d<br \/>\n  <\/b>\n<\/p>\n<p>\n  \u201cEvin tavan\u0131 dam\u0131r, otaqlar b\u0259rbad v\u0259ziyy\u0259t\u0259 d\u00fc\u015f\u00fcb. Dam \u00f6rt\u00fcy\u00fcn\u00fc d\u0259yi\u015fm\u0259k is\u0259 az\u0131 7-8 min manata ba\u015fa g\u0259lir. He\u00e7 bir qurum biz\u0259 k\u00f6m\u0259k etmir. Bu i\u015fl\u0259r A\u011fdam\u0131n b\u0259l\u0259diyy\u0259 s\u0259dri Lo\u011fman B\u0259xtiyarova tap\u015f\u0131r\u0131lm\u0131\u015fd\u0131, z\u0259r\u0259r\u00e7\u0259kmi\u015f evl\u0259rin siyah\u0131s\u0131n\u0131 o haz\u0131rlamal\u0131, evl\u0259ri komissiyaya o g\u00f6st\u0259rm\u0259li idi. Ancaq k\u0259ndd\u0259ki evl\u0259rin yar\u0131s\u0131n\u0131 komissiya \u00fczvl\u0259rin\u0259 g\u00f6st\u0259rib, yar\u0131s\u0131n\u0131 yox&#8230; Niy\u0259 bel\u0259 edib, bunu da bilmirik. H\u0259r d\u0259f\u0259 \u201cbu g\u00fcn g\u0259lib baxacaqlar\u201d, \u201csabah g\u0259lib baxacaqlar\u201d deyib, bizi aldad\u0131rlar\u201d, &#8211; \u015fikay\u0259t\u00e7i deyir.\n<\/p>\n<p>\n  Mehdi Mustafayevin s\u00f6zl\u0259rin\u0259 g\u00f6r\u0259, m\u00fcharib\u0259 bit\u0259nd\u0259n sonra yaln\u0131z da\u011f\u0131lm\u0131\u015f evl\u0259rin tikintisi apar\u0131l\u0131b:\n<\/p>\n<p>\n  \u201cBu problem t\u0259k m\u0259nd\u0259 deyil, burda naraz\u0131 olan xeyli sakin var. \u00c7\u00fcnki xeyli ev yarars\u0131z hala d\u00fc\u015fs\u0259 d\u0259, tamamil\u0259 da\u011f\u0131lmad\u0131\u011f\u0131na g\u00f6r\u0259 siyah\u0131ya almay\u0131blar. Y\u0259ni ki, gedin, \u00f6z\u00fcn\u00fcz d\u00fcz\u0259ldin&#8230; Halbuki, bu evl\u0259rin t\u0259miri \u00fc\u00e7\u00fcn d\u0259 b\u00fcdc\u0259d\u0259n pul ayr\u0131l\u0131b. Dam \u00f6rt\u00fcy\u00fcn\u00fc m\u00fcharib\u0259 vaxt\u0131 q\u0259lp\u0259 yarars\u0131z hala sal\u0131bsa, bunu d\u00f6vl\u0259t aradan qald\u0131rmal\u0131d\u0131r, kas\u0131b, i\u015fsiz v\u0259t\u0259nda\u015f yox&#8230;\u201d\n<\/p>\n<figure class=\"wp-block-image size-large\">\n  <img decoding=\"async\" src=\"https:\/\/www.meydan.tv\/az\/photo-2021-02-11-13-39-23-jpg\/\" alt=\"photo-2021-02-11-13-39-23.jpg\" class=\"wp-image-156210\"\/><figcaption>\n    \u201cEvin tavan\u0131 dam\u0131r, otaqlar b\u0259rbad v\u0259ziyy\u0259t\u0259 d\u00fc\u015f\u00fcb&#8221;<br \/>\n  <\/figcaption><\/figure>\n<p>\n  <b><br \/>\n    \u201cBa\u015f\u00e7\u0131n\u0131 yerind\u0259 tapa bilmir\u0259m\u201d<br \/>\n  <\/b>\n<\/p>\n<p>\n  Mehdi Mustafayevin s\u00f6zl\u0259rin\u0259 g\u00f6r\u0259, A\u011fdam Rayon \u0130cra Hakimiyy\u0259tin\u0259 gets\u0259 d\u0259, s\u00f6z\u00fcn\u00fc dem\u0259k \u00fc\u00e7\u00fcn ba\u015f\u00e7\u0131n\u0131 yerind\u0259 tapm\u0131r:\n<\/p>\n<p>\n  \u201c\u00dc\u00e7 ayd\u0131r m\u00fcharib\u0259 bitib, m\u0259n ba\u015f\u00e7\u0131n\u0131 yerind\u0259 tapa bilmir\u0259m ki, d\u0259rdimi dey\u0259m&#8230; N\u0259 vaxt gets\u0259k, \u201cba\u015f\u00e7\u0131 yerind\u0259 yoxdur\u201d deyib, qap\u0131dan geri qaytar\u0131rlar. \u018flimizd\u0259 i\u015fimiz, g\u0259lirimiz yoxdur ki, \u00f6z\u00fcm\u00fcz bir \u00e7ar\u0259sin\u0259 baxaq. Ya\u011f\u0131\u015f ya\u011fan kimi dam \u00f6rt\u00fcy\u00fcnd\u0259 q\u0259lp\u0259nin yaratd\u0131\u011f\u0131 de\u015fikl\u0259rd\u0259n su evin i\u00e7\u0259risin\u0259 s\u00fcz\u00fcl\u00fcr. Art\u0131 tavan da da\u011f\u0131lmaq \u00fczr\u0259dir. Otaqlara vanna, vedr\u0259 y\u0131\u011f\u0131r\u0131q\u201d.\n<\/p>\n<p>\n  Mehdi Mustafayev aidiyy\u0259ti \u00fczr\u0259 qurumlara d\u0259f\u0259l\u0259rl\u0259 m\u0259ktubla m\u00fcraci\u0259t ets\u0259 d\u0259, ham\u0131s\u0131 cavabs\u0131z qal\u0131b.\n<\/p>\n<p>\n  <b><br \/>\n    \u201cM\u00fcraci\u0259t olunmay\u0131b\u201d<br \/>\n  <\/b>\n<\/p>\n<p>\n  A\u011fdam Rayon \u0130cra Hakimiyy\u0259tind\u0259n bildirilib ki, \u00c7\u0259m\u0259nli k\u0259ndind\u0259n indiy\u0259d\u0259k he\u00e7 bir sakin bu m\u0259s\u0259l\u0259yl\u0259 ba\u011fl\u0131 quruma r\u0259smi m\u0259ktubla m\u00fcraci\u0259t etm\u0259yib. M\u00fcraci\u0259t olunsa, ev\u0259 bax\u0131\u015f ke\u00e7iril\u0259r.\n<\/p>\n<p>\n  \u00d6t\u0259n ilin dekabr\u0131nda Prezident \u0130lham \u018fliyev 44 g\u00fcnl\u00fck m\u00fcharib\u0259 zaman\u0131 evl\u0259ri da\u011f\u0131d\u0131lm\u0131\u015f v\u0259 ya q\u0259zal\u0131 v\u0259ziyy\u0259t\u0259 d\u00fc\u015fm\u00fc\u015f ail\u0259l\u0259r\u0259 maddi yard\u0131m ayr\u0131lmas\u0131na dair s\u0259r\u0259ncam imzalay\u0131b. H\u0259min s\u0259r\u0259ncama g\u00f6r\u0259, qism\u0259n ziyan d\u0259ymi\u015f evl\u0259r \u00fczr\u0259 ail\u0259 \u00fczvl\u0259rinin say\u0131ndan as\u0131l\u0131 olmayaraq, h\u0259r bir ail\u0259y\u0259 1000 manat maddi yard\u0131m verilm\u0259lidir.\n<\/p>\n<figure class=\"wp-block-image size-large\">\n  <img decoding=\"async\" src=\"https:\/\/www.meydan.tv\/az\/photo-2021-02-11-13-39-57-jpg\/\" alt=\"photo-2021-02-11-13-39-57.jpg\" class=\"wp-image-156213\"\/><figcaption>\n    &#8220;Bu i\u015fl\u0259r A\u011fdam\u0131n b\u0259l\u0259diyy\u0259 s\u0259dri Lo\u011fman B\u0259xtiyarova tap\u015f\u0131r\u0131lm\u0131\u015fd\u0131&#8230;&#8221;<br \/>\n  <\/figcaption><\/figure>\n","protected":false},"excerpt":{"rendered":"<p>&#8220;Ya\u011f\u0131\u015f ya\u011fan kimi dam \u00f6rt\u00fcy\u00fcnd\u0259 q\u0259lp\u0259nin yaratd\u0131\u011f\u0131 de\u015fikl\u0259rd\u0259n su evin i\u00e7\u0259risin\u0259 s\u00fcz\u00fcl\u00fcr&#8221;<\/p>\n","protected":false},"author":11,"featured_media":156212,"comment_status":"closed","ping_status":"open","sticky":false,"template":"","format":"standard","meta":{"_acf_changed":false,"_sitemap_exclude":false,"_sitemap_priority":"","_sitemap_frequency":"","footnotes":""},"categories":[60],"tags":[],"class_list":["post-204921","post","type-post","status-publish","format-standard","has-post-thumbnail","hentry","category-bolge","infinite-scroll-item","generate-columns","tablet-grid-50","mobile-grid-100","grid-parent","grid-33","no-featured-image-padding"],"acf":[],"yoast_head":"<!-- This site is optimized with the Yoast SEO plugin v27.5 - https:\/\/yoast.com\/product\/yoast-seo-wordpress\/ -->\n<title>\u00c7\u0259m\u0259nli sakini: Q\u0259lp\u0259d\u0259n z\u0259r\u0259r g\u00f6rm\u00fc\u015f evl\u0259r siyah\u0131dan k\u0259narda qal\u0131b - MEYDAN.TV<\/title>\n<meta name=\"robots\" content=\"index, follow, max-snippet:-1, max-image-preview:large, max-video-preview:-1\" \/>\n<link rel=\"canonical\" href=\"https:\/\/www.meydan.tv\/az\/article\/cemenli-sakini-qelpeden-zerer-gormus-evler-siyahidan-kenarda-qalib\/\" \/>\n<meta property=\"og:locale\" content=\"az_AZ\" \/>\n<meta property=\"og:type\" content=\"article\" \/>\n<meta property=\"og:title\" content=\"\u00c7\u0259m\u0259nli sakini: Q\u0259lp\u0259d\u0259n z\u0259r\u0259r g\u00f6rm\u00fc\u015f evl\u0259r siyah\u0131dan k\u0259narda qal\u0131b - MEYDAN.TV\" \/>\n<meta property=\"og:description\" content=\"&quot;Ya\u011f\u0131\u015f ya\u011fan kimi dam \u00f6rt\u00fcy\u00fcnd\u0259 q\u0259lp\u0259nin yaratd\u0131\u011f\u0131 de\u015fikl\u0259rd\u0259n su evin i\u00e7\u0259risin\u0259 s\u00fcz\u00fcl\u00fcr&quot;\" \/>\n<meta property=\"og:url\" content=\"https:\/\/www.meydan.tv\/az\/article\/cemenli-sakini-qelpeden-zerer-gormus-evler-siyahidan-kenarda-qalib\/\" \/>\n<meta property=\"og:site_name\" content=\"MEYDAN.TV\" \/>\n<meta property=\"article:published_time\" content=\"2021-02-11T13:02:48+00:00\" \/>\n<meta property=\"og:image\" content=\"https:\/\/www.meydan.tv\/wp-content\/uploads\/untitled_design_13_lthxpgn.png\" \/>\n\t<meta property=\"og:image:width\" content=\"1920\" \/>\n\t<meta property=\"og:image:height\" content=\"1080\" \/>\n\t<meta property=\"og:image:type\" content=\"image\/png\" \/>\n<meta name=\"author\" content=\"user-manager\" \/>\n<meta name=\"twitter:card\" content=\"summary_large_image\" \/>\n<script type=\"application\/ld+json\" class=\"yoast-schema-graph\">{\"@context\":\"https:\\\/\\\/schema.org\",\"@graph\":[{\"@type\":\"Article\",\"@id\":\"https:\\\/\\\/www.meydan.tv\\\/az\\\/article\\\/cemenli-sakini-qelpeden-zerer-gormus-evler-siyahidan-kenarda-qalib\\\/#article\",\"isPartOf\":{\"@id\":\"https:\\\/\\\/www.meydan.tv\\\/az\\\/article\\\/cemenli-sakini-qelpeden-zerer-gormus-evler-siyahidan-kenarda-qalib\\\/\"},\"author\":{\"name\":\"user-manager\",\"@id\":\"https:\\\/\\\/www.meydan.tv\\\/az\\\/#\\\/schema\\\/person\\\/10d11eccf6da3662cf5fdab9806ea91a\"},\"headline\":\"\u00c7\u0259m\u0259nli sakini: Q\u0259lp\u0259d\u0259n z\u0259r\u0259r g\u00f6rm\u00fc\u015f evl\u0259r siyah\u0131dan k\u0259narda qal\u0131b\",\"datePublished\":\"2021-02-11T13:02:48+00:00\",\"mainEntityOfPage\":{\"@id\":\"https:\\\/\\\/www.meydan.tv\\\/az\\\/article\\\/cemenli-sakini-qelpeden-zerer-gormus-evler-siyahidan-kenarda-qalib\\\/\"},\"wordCount\":691,\"publisher\":{\"@id\":\"https:\\\/\\\/www.meydan.tv\\\/az\\\/#organization\"},\"image\":{\"@id\":\"https:\\\/\\\/www.meydan.tv\\\/az\\\/article\\\/cemenli-sakini-qelpeden-zerer-gormus-evler-siyahidan-kenarda-qalib\\\/#primaryimage\"},\"thumbnailUrl\":\"https:\\\/\\\/www.meydan.tv\\\/wp-content\\\/uploads\\\/untitled_design_13_lthxpgn.png\",\"articleSection\":[\"B\u00f6lg\u0259\"],\"inLanguage\":\"az\"},{\"@type\":\"WebPage\",\"@id\":\"https:\\\/\\\/www.meydan.tv\\\/az\\\/article\\\/cemenli-sakini-qelpeden-zerer-gormus-evler-siyahidan-kenarda-qalib\\\/\",\"url\":\"https:\\\/\\\/www.meydan.tv\\\/az\\\/article\\\/cemenli-sakini-qelpeden-zerer-gormus-evler-siyahidan-kenarda-qalib\\\/\",\"name\":\"\u00c7\u0259m\u0259nli sakini: Q\u0259lp\u0259d\u0259n z\u0259r\u0259r g\u00f6rm\u00fc\u015f evl\u0259r siyah\u0131dan k\u0259narda qal\u0131b - MEYDAN.TV\",\"isPartOf\":{\"@id\":\"https:\\\/\\\/www.meydan.tv\\\/az\\\/#website\"},\"primaryImageOfPage\":{\"@id\":\"https:\\\/\\\/www.meydan.tv\\\/az\\\/article\\\/cemenli-sakini-qelpeden-zerer-gormus-evler-siyahidan-kenarda-qalib\\\/#primaryimage\"},\"image\":{\"@id\":\"https:\\\/\\\/www.meydan.tv\\\/az\\\/article\\\/cemenli-sakini-qelpeden-zerer-gormus-evler-siyahidan-kenarda-qalib\\\/#primaryimage\"},\"thumbnailUrl\":\"https:\\\/\\\/www.meydan.tv\\\/wp-content\\\/uploads\\\/untitled_design_13_lthxpgn.png\",\"datePublished\":\"2021-02-11T13:02:48+00:00\",\"breadcrumb\":{\"@id\":\"https:\\\/\\\/www.meydan.tv\\\/az\\\/article\\\/cemenli-sakini-qelpeden-zerer-gormus-evler-siyahidan-kenarda-qalib\\\/#breadcrumb\"},\"inLanguage\":\"az\",\"potentialAction\":[{\"@type\":\"ReadAction\",\"target\":[\"https:\\\/\\\/www.meydan.tv\\\/az\\\/article\\\/cemenli-sakini-qelpeden-zerer-gormus-evler-siyahidan-kenarda-qalib\\\/\"]}]},{\"@type\":\"ImageObject\",\"inLanguage\":\"az\",\"@id\":\"https:\\\/\\\/www.meydan.tv\\\/az\\\/article\\\/cemenli-sakini-qelpeden-zerer-gormus-evler-siyahidan-kenarda-qalib\\\/#primaryimage\",\"url\":\"https:\\\/\\\/www.meydan.tv\\\/wp-content\\\/uploads\\\/untitled_design_13_lthxpgn.png\",\"contentUrl\":\"https:\\\/\\\/www.meydan.tv\\\/wp-content\\\/uploads\\\/untitled_design_13_lthxpgn.png\",\"width\":1920,\"height\":1080,\"caption\":\"Source: Specify Source\"},{\"@type\":\"BreadcrumbList\",\"@id\":\"https:\\\/\\\/www.meydan.tv\\\/az\\\/article\\\/cemenli-sakini-qelpeden-zerer-gormus-evler-siyahidan-kenarda-qalib\\\/#breadcrumb\",\"itemListElement\":[{\"@type\":\"ListItem\",\"position\":1,\"name\":\"Ana s\u0259hif\u0259\",\"item\":\"https:\\\/\\\/www.meydan.tv\\\/az\\\/\"},{\"@type\":\"ListItem\",\"position\":2,\"name\":\"B\u00f6lg\u0259\",\"item\":\"https:\\\/\\\/www.meydan.tv\\\/az\\\/section\\\/bolge\\\/\"},{\"@type\":\"ListItem\",\"position\":3,\"name\":\"\u00c7\u0259m\u0259nli sakini: Q\u0259lp\u0259d\u0259n z\u0259r\u0259r g\u00f6rm\u00fc\u015f evl\u0259r siyah\u0131dan k\u0259narda qal\u0131b\"}]},{\"@type\":\"WebSite\",\"@id\":\"https:\\\/\\\/www.meydan.tv\\\/az\\\/#website\",\"url\":\"https:\\\/\\\/www.meydan.tv\\\/az\\\/\",\"name\":\"MEYDAN.TV\",\"description\":\"Meydan TV Az\u0259rbaycan\u0131n media m\u0259kan\u0131ndak\u0131 alternativ s\u0259sidir\",\"publisher\":{\"@id\":\"https:\\\/\\\/www.meydan.tv\\\/az\\\/#organization\"},\"potentialAction\":[{\"@type\":\"SearchAction\",\"target\":{\"@type\":\"EntryPoint\",\"urlTemplate\":\"https:\\\/\\\/www.meydan.tv\\\/az\\\/?s={search_term_string}\"},\"query-input\":{\"@type\":\"PropertyValueSpecification\",\"valueRequired\":true,\"valueName\":\"search_term_string\"}}],\"inLanguage\":\"az\"},{\"@type\":\"Organization\",\"@id\":\"https:\\\/\\\/www.meydan.tv\\\/az\\\/#organization\",\"name\":\"Meydan TV\",\"url\":\"https:\\\/\\\/www.meydan.tv\\\/az\\\/\",\"logo\":{\"@type\":\"ImageObject\",\"inLanguage\":\"az\",\"@id\":\"https:\\\/\\\/www.meydan.tv\\\/az\\\/#\\\/schema\\\/logo\\\/image\\\/\",\"url\":\"https:\\\/\\\/www.meydan.tv\\\/wp-content\\\/uploads\\\/2021\\\/07\\\/meydan-logo.svg\",\"contentUrl\":\"https:\\\/\\\/www.meydan.tv\\\/wp-content\\\/uploads\\\/2021\\\/07\\\/meydan-logo.svg\",\"width\":195,\"height\":46,\"caption\":\"Meydan TV\"},\"image\":{\"@id\":\"https:\\\/\\\/www.meydan.tv\\\/az\\\/#\\\/schema\\\/logo\\\/image\\\/\"}},{\"@type\":\"Person\",\"@id\":\"https:\\\/\\\/www.meydan.tv\\\/az\\\/#\\\/schema\\\/person\\\/10d11eccf6da3662cf5fdab9806ea91a\",\"name\":\"user-manager\"}]}<\/script>\n<!-- \/ Yoast SEO plugin. -->","yoast_head_json":{"title":"\u00c7\u0259m\u0259nli sakini: Q\u0259lp\u0259d\u0259n z\u0259r\u0259r g\u00f6rm\u00fc\u015f evl\u0259r siyah\u0131dan k\u0259narda qal\u0131b - MEYDAN.TV","robots":{"index":"index","follow":"follow","max-snippet":"max-snippet:-1","max-image-preview":"max-image-preview:large","max-video-preview":"max-video-preview:-1"},"canonical":"https:\/\/www.meydan.tv\/az\/article\/cemenli-sakini-qelpeden-zerer-gormus-evler-siyahidan-kenarda-qalib\/","og_locale":"az_AZ","og_type":"article","og_title":"\u00c7\u0259m\u0259nli sakini: Q\u0259lp\u0259d\u0259n z\u0259r\u0259r g\u00f6rm\u00fc\u015f evl\u0259r siyah\u0131dan k\u0259narda qal\u0131b - MEYDAN.TV","og_description":"\"Ya\u011f\u0131\u015f ya\u011fan kimi dam \u00f6rt\u00fcy\u00fcnd\u0259 q\u0259lp\u0259nin yaratd\u0131\u011f\u0131 de\u015fikl\u0259rd\u0259n su evin i\u00e7\u0259risin\u0259 s\u00fcz\u00fcl\u00fcr\"","og_url":"https:\/\/www.meydan.tv\/az\/article\/cemenli-sakini-qelpeden-zerer-gormus-evler-siyahidan-kenarda-qalib\/","og_site_name":"MEYDAN.TV","article_published_time":"2021-02-11T13:02:48+00:00","og_image":[{"width":1920,"height":1080,"url":"https:\/\/www.meydan.tv\/wp-content\/uploads\/untitled_design_13_lthxpgn.png","type":"image\/png"}],"author":"user-manager","twitter_card":"summary_large_image","schema":{"@context":"https:\/\/schema.org","@graph":[{"@type":"Article","@id":"https:\/\/www.meydan.tv\/az\/article\/cemenli-sakini-qelpeden-zerer-gormus-evler-siyahidan-kenarda-qalib\/#article","isPartOf":{"@id":"https:\/\/www.meydan.tv\/az\/article\/cemenli-sakini-qelpeden-zerer-gormus-evler-siyahidan-kenarda-qalib\/"},"author":{"name":"user-manager","@id":"https:\/\/www.meydan.tv\/az\/#\/schema\/person\/10d11eccf6da3662cf5fdab9806ea91a"},"headline":"\u00c7\u0259m\u0259nli sakini: Q\u0259lp\u0259d\u0259n z\u0259r\u0259r g\u00f6rm\u00fc\u015f evl\u0259r siyah\u0131dan k\u0259narda qal\u0131b","datePublished":"2021-02-11T13:02:48+00:00","mainEntityOfPage":{"@id":"https:\/\/www.meydan.tv\/az\/article\/cemenli-sakini-qelpeden-zerer-gormus-evler-siyahidan-kenarda-qalib\/"},"wordCount":691,"publisher":{"@id":"https:\/\/www.meydan.tv\/az\/#organization"},"image":{"@id":"https:\/\/www.meydan.tv\/az\/article\/cemenli-sakini-qelpeden-zerer-gormus-evler-siyahidan-kenarda-qalib\/#primaryimage"},"thumbnailUrl":"https:\/\/www.meydan.tv\/wp-content\/uploads\/untitled_design_13_lthxpgn.png","articleSection":["B\u00f6lg\u0259"],"inLanguage":"az"},{"@type":"WebPage","@id":"https:\/\/www.meydan.tv\/az\/article\/cemenli-sakini-qelpeden-zerer-gormus-evler-siyahidan-kenarda-qalib\/","url":"https:\/\/www.meydan.tv\/az\/article\/cemenli-sakini-qelpeden-zerer-gormus-evler-siyahidan-kenarda-qalib\/","name":"\u00c7\u0259m\u0259nli sakini: Q\u0259lp\u0259d\u0259n z\u0259r\u0259r g\u00f6rm\u00fc\u015f evl\u0259r siyah\u0131dan k\u0259narda qal\u0131b - MEYDAN.TV","isPartOf":{"@id":"https:\/\/www.meydan.tv\/az\/#website"},"primaryImageOfPage":{"@id":"https:\/\/www.meydan.tv\/az\/article\/cemenli-sakini-qelpeden-zerer-gormus-evler-siyahidan-kenarda-qalib\/#primaryimage"},"image":{"@id":"https:\/\/www.meydan.tv\/az\/article\/cemenli-sakini-qelpeden-zerer-gormus-evler-siyahidan-kenarda-qalib\/#primaryimage"},"thumbnailUrl":"https:\/\/www.meydan.tv\/wp-content\/uploads\/untitled_design_13_lthxpgn.png","datePublished":"2021-02-11T13:02:48+00:00","breadcrumb":{"@id":"https:\/\/www.meydan.tv\/az\/article\/cemenli-sakini-qelpeden-zerer-gormus-evler-siyahidan-kenarda-qalib\/#breadcrumb"},"inLanguage":"az","potentialAction":[{"@type":"ReadAction","target":["https:\/\/www.meydan.tv\/az\/article\/cemenli-sakini-qelpeden-zerer-gormus-evler-siyahidan-kenarda-qalib\/"]}]},{"@type":"ImageObject","inLanguage":"az","@id":"https:\/\/www.meydan.tv\/az\/article\/cemenli-sakini-qelpeden-zerer-gormus-evler-siyahidan-kenarda-qalib\/#primaryimage","url":"https:\/\/www.meydan.tv\/wp-content\/uploads\/untitled_design_13_lthxpgn.png","contentUrl":"https:\/\/www.meydan.tv\/wp-content\/uploads\/untitled_design_13_lthxpgn.png","width":1920,"height":1080,"caption":"Source: Specify Source"},{"@type":"BreadcrumbList","@id":"https:\/\/www.meydan.tv\/az\/article\/cemenli-sakini-qelpeden-zerer-gormus-evler-siyahidan-kenarda-qalib\/#breadcrumb","itemListElement":[{"@type":"ListItem","position":1,"name":"Ana s\u0259hif\u0259","item":"https:\/\/www.meydan.tv\/az\/"},{"@type":"ListItem","position":2,"name":"B\u00f6lg\u0259","item":"https:\/\/www.meydan.tv\/az\/section\/bolge\/"},{"@type":"ListItem","position":3,"name":"\u00c7\u0259m\u0259nli sakini: Q\u0259lp\u0259d\u0259n z\u0259r\u0259r g\u00f6rm\u00fc\u015f evl\u0259r siyah\u0131dan k\u0259narda qal\u0131b"}]},{"@type":"WebSite","@id":"https:\/\/www.meydan.tv\/az\/#website","url":"https:\/\/www.meydan.tv\/az\/","name":"MEYDAN.TV","description":"Meydan TV Az\u0259rbaycan\u0131n media m\u0259kan\u0131ndak\u0131 alternativ s\u0259sidir","publisher":{"@id":"https:\/\/www.meydan.tv\/az\/#organization"},"potentialAction":[{"@type":"SearchAction","target":{"@type":"EntryPoint","urlTemplate":"https:\/\/www.meydan.tv\/az\/?s={search_term_string}"},"query-input":{"@type":"PropertyValueSpecification","valueRequired":true,"valueName":"search_term_string"}}],"inLanguage":"az"},{"@type":"Organization","@id":"https:\/\/www.meydan.tv\/az\/#organization","name":"Meydan TV","url":"https:\/\/www.meydan.tv\/az\/","logo":{"@type":"ImageObject","inLanguage":"az","@id":"https:\/\/www.meydan.tv\/az\/#\/schema\/logo\/image\/","url":"https:\/\/www.meydan.tv\/wp-content\/uploads\/2021\/07\/meydan-logo.svg","contentUrl":"https:\/\/www.meydan.tv\/wp-content\/uploads\/2021\/07\/meydan-logo.svg","width":195,"height":46,"caption":"Meydan TV"},"image":{"@id":"https:\/\/www.meydan.tv\/az\/#\/schema\/logo\/image\/"}},{"@type":"Person","@id":"https:\/\/www.meydan.tv\/az\/#\/schema\/person\/10d11eccf6da3662cf5fdab9806ea91a","name":"user-manager"}]}},"_links":{"self":[{"href":"https:\/\/www.meydan.tv\/az\/wp-json\/wp\/v2\/posts\/204921","targetHints":{"allow":["GET"]}}],"collection":[{"href":"https:\/\/www.meydan.tv\/az\/wp-json\/wp\/v2\/posts"}],"about":[{"href":"https:\/\/www.meydan.tv\/az\/wp-json\/wp\/v2\/types\/post"}],"author":[{"embeddable":true,"href":"https:\/\/www.meydan.tv\/az\/wp-json\/wp\/v2\/users\/11"}],"replies":[{"embeddable":true,"href":"https:\/\/www.meydan.tv\/az\/wp-json\/wp\/v2\/comments?post=204921"}],"version-history":[{"count":0,"href":"https:\/\/www.meydan.tv\/az\/wp-json\/wp\/v2\/posts\/204921\/revisions"}],"wp:featuredmedia":[{"embeddable":true,"href":"https:\/\/www.meydan.tv\/az\/wp-json\/wp\/v2\/media\/156212"}],"wp:attachment":[{"href":"https:\/\/www.meydan.tv\/az\/wp-json\/wp\/v2\/media?parent=204921"}],"wp:term":[{"taxonomy":"category","embeddable":true,"href":"https:\/\/www.meydan.tv\/az\/wp-json\/wp\/v2\/categories?post=204921"},{"taxonomy":"post_tag","embeddable":true,"href":"https:\/\/www.meydan.tv\/az\/wp-json\/wp\/v2\/tags?post=204921"}],"curies":[{"name":"wp","href":"https:\/\/api.w.org\/{rel}","templated":true}]}}