{"id":204920,"date":"2021-02-11T12:55:25","date_gmt":"2021-02-11T12:55:25","guid":{"rendered":"https:\/\/www.meydan.tv\/article\/yol-idaresinin-resmisi-boyuk-deyirse-sur-dereye-surmelisen\/"},"modified":"2021-02-11T12:55:25","modified_gmt":"2021-02-11T12:55:25","slug":"yol-idaresinin-resmisi-boyuk-deyirse-sur-dereye-surmelisen","status":"publish","type":"post","link":"https:\/\/www.meydan.tv\/az\/article\/yol-idaresinin-resmisi-boyuk-deyirse-sur-dereye-surmelisen\/","title":{"rendered":"Yol \u0130dar\u0259sinin r\u0259smisi: B\u00f6y\u00fck deyirs\u0259, s\u00fcr d\u0259r\u0259y\u0259, s\u00fcrm\u0259lis\u0259n"},"content":{"rendered":"<p>\n  <i><br \/>\n    \u015eikay\u0259t\u00e7i: &quot;Ma\u015f\u0131n\u0131m\u0131 1500 manata bir n\u0259f\u0259r\u0259 sat\u0131blar&quot;<br \/>\n  <\/i>\n<\/p>\n<p>\n  G\u00f6y\u00e7ay\u0131n \u00c7\u0259r\u0259k\u0259 k\u0259nd sakini Samir K\u0259rimov qanunsuz olaraq i\u015fd\u0259n \u00e7\u0131xar\u0131ld\u0131\u011f\u0131n\u0131 deyir.\n<\/p>\n<p>\n  O, s\u0259kkiz il G\u00f6y\u00e7ay rayon 17 sayl\u0131 Yol \u0130stismar \u0130dar\u0259sind\u0259 \u00e7al\u0131\u015f\u0131b.\n<\/p>\n<p>\n  Samir K\u0259rimov Meydan TV-y\u0259 bildirib ki, idar\u0259nin m\u00fcdiri Tehran Muradl\u0131 onu \u018fm\u0259k M\u0259c\u0259ll\u0259sinin 70-ci madd\u0259sinin c b\u0259ndin\u0259 \u0259sas\u0259n i\u015fd\u0259n azad edib.\n<\/p>\n<p>\n  H\u0259min madd\u0259y\u0259 \u0259sas\u0259n, onun pe\u015f\u0259karl\u0131q s\u0259viyy\u0259sinin kifay\u0259t q\u0259d\u0259r olmad\u0131\u011f\u0131, ixtisas\u0131n\u0131n (pe\u015f\u0259sinin) tutdu\u011fu v\u0259zif\u0259y\u0259 uy\u011fun g\u0259lm\u0259diyi \u0259sas g\u00f6t\u00fcr\u00fcl\u00fcb.\n<\/p>\n<p>\n  <b><br \/>\n    &quot;Pandemiya d\u00f6vr\u00fcnd\u0259 m\u0259ni i\u015fd\u0259n \u00e7\u0131xard\u0131lar, i\u015fsiz, maa\u015fs\u0131z qald\u0131m&quot;<br \/>\n  <\/b>\n<\/p>\n<p>\n  \u201c2012-ci ild\u0259n idar\u0259d\u0259 i\u015fl\u0259y\u0259n bir adam\u0131 t\u0259cr\u00fcb\u0259siz kimi i\u015fd\u0259n uzaqla\u015fd\u0131rmaq haqs\u0131zl\u0131qd\u0131r. H\u0259min idar\u0259d\u0259 uzun ill\u0259r i\u015fl\u0259mi\u015f\u0259m. Bu m\u00fcdd\u0259t \u0259rzind\u0259 iki m\u00fcdir d\u0259yi\u015fmi\u015f\u0259m. S\u0259kkiz il \u00f6nc\u0259 \u201cTATRA\u201d markal\u0131 y\u00fck ma\u015f\u0131n\u0131 ald\u0131m, idar\u0259nin balans\u0131na sald\u0131rd\u0131m. \u0130dar\u0259nin i\u015fini g\u00f6r\u0259-g\u00f6r\u0259 d\u0259 \u00f6z \u00e7\u00f6r\u0259yimi qazan\u0131rd\u0131m. 8 il biz bel\u0259 i\u015fl\u0259mi\u015fik. Tehran Muradl\u0131 g\u0259l\u0259nd\u0259n sonra is\u0259 dedi ki, ancaq biz dey\u0259n yerl\u0259rd\u0259 i\u015fl\u0259m\u0259lisiniz. \u0130ki u\u015faq atas\u0131yam. Pandemiya d\u00f6vr\u00fcnd\u0259 m\u0259ni i\u015fd\u0259n \u00e7\u0131xard\u0131lar, i\u015fsiz, maa\u015fs\u0131z qald\u0131m\u201d, &#8211; Samir K\u0259rimov bel\u0259 deyir.\n<\/p>\n<p>\n  <b><br \/>\n    &quot;Ma\u015f\u0131n\u0131m\u0131 1500 manata bir n\u0259f\u0259r\u0259 sat\u0131blar&quot;<br \/>\n  <\/b>\n<\/p>\n<p>\n  Samir K\u0259rimovun s\u00f6zl\u0259rin\u0259 g\u00f6r\u0259, m\u0259zuniyy\u0259td\u0259 oldu\u011fu halda onu i\u015f\u0259 \u00e7a\u011f\u0131r\u0131blar. \u0130\u015f\u0259 \u00e7\u0131xandan sonra is\u0259 idar\u0259 m\u00fcdiri aralar\u0131nda m\u00fcbahis\u0259 yaran\u0131b: \u201c2020-ci iyununda iyirmi bir g\u00fcnl\u00fck m\u0259zuniyy\u0259t\u0259 \u00e7\u0131xd\u0131m. Y\u00fcks\u0259k t\u0259zyiqim oldu\u011fu \u00fc\u00e7\u00fcn m\u00fcalic\u0259 al\u0131rd\u0131m. M\u0259zuniyy\u0259t vaxt\u0131 idar\u0259d\u0259n z\u0259ng etdil\u0259r ki, \u201cG\u00f6y\u00e7ay-ATF\u201d \u015firk\u0259ti t\u0259r\u0259find\u0259n \u0130smay\u0131ll\u0131n\u0131n Basqal k\u0259ndind\u0259 i\u015f\u0259 ba\u015flan\u0131l\u0131b. \u0130\u015fl\u0259y\u0259 bilirs\u0259ns\u0259, g\u0259l, buna g\u00f6r\u0259 \u0259lav\u0259 pul veril\u0259c\u0259k. M\u0259n m\u0259zunyy\u0259td\u0259 oldu\u011fumu xat\u0131rlatd\u0131m. \u018flav\u0259 etdim ki, Basqal da\u011fl\u0131q \u0259razidir, m\u0259n y\u00fcks\u0259klikd\u0259 i\u015fl\u0259y\u0259 bilmir\u0259m, hipertoniyam var. Dedil\u0259r ki, onda icaz\u0259 ver, s\u00fcr\u00fcc\u00fcl\u0259rd\u0259n biri s\u0259nin ma\u015f\u0131n\u0131n\u0131 g\u00f6t\u00fcr\u00fcb, ora i\u015fl\u0259m\u0259y\u0259 getsin. Raz\u0131la\u015fd\u0131q. \u00dcz\u0259rind\u0259n iki h\u0259ft\u0259 ke\u00e7di. M\u0259zuniyy\u0259tim bitdi, idar\u0259y\u0259 g\u0259ldim ki, ma\u015f\u0131n\u0131m h\u0259l\u0259 d\u0259 geri qaytar\u0131lmay\u0131b. M\u0259n\u0259 dedil\u0259r ki, qoy ma\u015f\u0131n bir h\u0259ft\u0259 d\u0259 orada qals\u0131n, \u00e7\u00fcnki i\u015f davam edir. Ma\u015f\u0131n\u0131m\u0131n geri qaytar\u0131lmad\u0131\u011f\u0131n\u0131 g\u00f6r\u00fcb, r\u0259hb\u0259rlikl\u0259 dan\u0131\u015fmaq q\u0259rar\u0131na g\u0259ldim. M\u00fcdirin yan\u0131na gedib, ma\u015f\u0131n\u0131n n\u0259 vaxt qaytar\u0131laca\u011f\u0131n\u0131 soru\u015fdum. Bildirdim ki, art\u0131q i\u015fl\u0259m\u0259k ist\u0259yir\u0259m. M\u00fcdir dedi ki, i\u015fl\u0259m\u0259k ist\u0259yirs\u0259ns\u0259, Basqala getm\u0259lis\u0259n. \u0130\u015fl\u0259m\u0259s\u0259n, ma\u015f\u0131n\u0131 ba\u015fqa s\u00fcr\u00fcc\u00fcy\u0259 ver\u0259c\u0259y\u0259m. M\u0259n d\u0259 dedim ki, ax\u0131 biz s\u00f6z dan\u0131\u015fd\u0131q. Ma\u015f\u0131n\u0131 iki ayd\u0131r, g\u00f6rm\u00fcr\u0259m, g\u0259lm\u0259lidir. V\u0259ziyy\u0259tin\u0259 bax\u0131m, sonra yen\u0259 fikirl\u0259\u015f\u0259rik. Burada da i\u015fimiz var. M\u0259n burada i\u015fl\u0259m\u0259liy\u0259m. Dedi ki, yox, ma\u015f\u0131n g\u0259lm\u0259y\u0259c\u0259k. Ham\u0131n\u0131n ma\u015f\u0131n\u0131 g\u0259ldi t\u0259mir\u0259, yoxlan\u0131\u015fa, ancaq m\u0259nimkini Basqalda saxlad\u0131lar\u201d.\n<\/p>\n<figure class=\"wp-block-image size-large\">\n  <img decoding=\"async\" src=\"https:\/\/www.meydan.tv\/az\/img-20210207-wa0061-jpg\/\" alt=\"img-20210207-wa0061.jpg\" class=\"wp-image-156201\"\/><figcaption>\n    \u018fm\u0259k kitab\u00e7as\u0131<br \/>\n  <\/figcaption><\/figure>\n<p>\n  <b><br \/>\n    &quot;M\u00fcdir dedi ki, \u0259lind\u0259n g\u0259l\u0259ni be\u015f qaba \u00e7\u0259k&quot;<br \/>\n  <\/b>\n<\/p>\n<p>\n  \u201cM\u00fcdir dedi ki, i\u015fl\u0259yirs\u0259ns\u0259, i\u015fl\u0259. \u0130\u015fl\u0259mirs\u0259ns\u0259, s\u0259n\u0259 yax\u015f yol. Ma\u015f\u0131n\u0131 idar\u0259 etm\u0259y\u0259 s\u00fcr\u00fcc\u00fc taparam\u201d, &#8211; \u015fikay\u0259t\u00e7i bildirir.\n<\/p>\n<p>\n  <b><br \/>\n    &quot;Tehran Muradl\u0131 m\u0259ni ac qoydu&quot;<br \/>\n  <\/b>\n<\/p>\n<p>\n  K\u0259rimov deyir ki, h\u0259min ma\u015f\u0131na 7500 manat pul verib: \u201cM\u00fcdir\u0259 dedim ki, ma\u015f\u0131na 7500 manat pul vermi\u015f\u0259m. S\u0259kkiz ildir ki, bu ma\u015f\u0131n qoruyub-saxlay\u0131ram. D\u00f6vl\u0259tin balans\u0131na ke\u00e7irmi\u015f\u0259m. D\u00f6vl\u0259tin ma\u015f\u0131n\u0131, d\u00f6vl\u0259t\u0259 i\u015fl\u0259m\u0259lidir. M\u0259n niy\u0259 gedib, hans\u0131sa \u015firk\u0259t\u0259 i\u015fl\u0259m\u0259liy\u0259m? \u0130ki g\u00fcnd\u0259n sonra m\u0259ni idar\u0259y\u0259 \u00e7a\u011f\u0131rd\u0131lar. Dedil\u0259r ki, i\u015f\u0259 g\u0259lmirs\u0259n, yay\u0131n\u0131rsan. Yalandan tabel qoyub, i\u015f\u00e7il\u0259r\u0259 qol \u00e7\u0259kdirirdil\u0259r. Halbuki h\u0259r g\u00fcn idar\u0259y\u0259 gedib, s\u0259n\u0259d\u0259 qol \u00e7\u0259kirdim. \u0130ki d\u0259f\u0259 xidm\u0259ti m\u0259lumat verdil\u0259r, ard\u0131nca da \u015fidd\u0259tli t\u00f6hm\u0259tl\u0259 c\u0259zaland\u0131rd\u0131lar. Dedil\u0259r ki, bizim dediyimizl\u0259 oturub-durmal\u0131san. Basqal yolu layih\u0259miz var, biz onu i\u015fl\u0259m\u0259liyik. Avqustun 31-d\u0259 \u0259mrimi verib, i\u015fd\u0259n azad etdil\u0259r. Ma\u015f\u0131n\u0131m da orada qald\u0131. Ma\u015f\u0131n\u0131m\u0131 1500 manata bir n\u0259f\u0259r\u0259 sat\u0131blar. Tehran Muradl\u0131 m\u0259ni ac qoydu. Ne\u00e7\u0259 d\u0259f\u0259 dedim ki, ma\u015f\u0131n\u0131m\u0131n pulunu qaytar\u0131n. Ax\u0131 m\u0259nim ma\u015f\u0131n\u0131m\u0131 satm\u0131s\u0131n\u0131z. \u018fh\u0259miyy\u0259t ver\u0259n olmad\u0131. Dedi ki, \u0259lind\u0259n g\u0259l\u0259ni be\u015f qaba \u00e7\u0259k. Get, n\u0259 bilirs\u0259n el\u0259. 265 manat al\u0131rd\u0131m, amma \u0259lav\u0259 g\u0259lir \u00e7ox olurdu. N\u0259 \u0259m\u0259khaqq\u0131m\u0131, n\u0259 d\u0259 m\u0259zuniyy\u0259t pulumu verdil\u0259r. D\u00f6vl\u0259t \u018fm\u0259k M\u00fcv\u0259tti\u015fliyi Xidm\u0259tin\u0259 teleqram vurdum ki, i\u015f\u0259 bax\u0131ls\u0131n. \u018fn az\u0131ndan hesab-kitab apar\u0131lmal\u0131d\u0131r. Onun da bir n\u0259tic\u0259si olmad\u0131\u201d.\n<\/p>\n<figure class=\"wp-block-image size-large\">\n  <img decoding=\"async\" src=\"https:\/\/www.meydan.tv\/az\/img-20210207-wa0060-jpg\/\" alt=\"img-20210207-wa0060.jpg\" class=\"wp-image-156195\"\/><figcaption>\n    \u018fm\u0259k kitab\u00e7as\u0131<br \/>\n  <\/figcaption><\/figure>\n<p>\n  <b><br \/>\n    Kadrlar \u015f\u00f6b\u0259sinin \u0259m\u0259kda\u015f\u0131: &quot;M\u00fcqavil\u0259sin\u0259 xitam verilib&quot;<br \/>\n  <\/b>\n<\/p>\n<p>\n  G\u00f6y\u00e7ay 17 sayl\u0131 Yol \u0130stismar \u0130dar\u0259sinin m\u00fcdiri Tehran Muradl\u0131 Meydan Tv-nin \u0259m\u0259kda\u015f\u0131n\u0131n z\u0259ngl\u0259rin\u0259 cavab verm\u0259yib.\n<\/p>\n<p>\n  \u0130dar\u0259nin kadrlar \u015f\u00f6b\u0259sinin i\u015f\u00e7isi T\u0259ran\u0259 Abdullayeva bildirilib ki, Samir K\u0259rimov i\u015fin\u0259 m\u0259suliyy\u0259tsiz yana\u015fd\u0131\u011f\u0131 \u00fc\u00e7\u00fcn d\u0259f\u0259l\u0259rl\u0259 x\u0259b\u0259rdarl\u0131q olunduqdan sonra m\u00fcqavil\u0259sin\u0259 xitam verilib: \u201cKobudluq v\u0259 m\u0259suliyy\u0259tsizlik edib. Basqal\u0131n yolu \u00e7\u0259tindir. Ma\u015f\u0131nlar\u0131m\u0131z orada dayan\u0131r. \u0130\u015f\u00e7il\u0259ri daha sonra ba\u015fqa ma\u015f\u0131nla apar\u0131b-g\u0259tirirl\u0259r. Raz\u0131la\u015fmad\u0131, dedi ki, qan t\u0259zyiqim var, Basqal y\u00fcks\u0259k yerdir. H\u0259tta i\u015f orda deyil v\u0259 b\u00f6y\u00fck deyirs\u0259, s\u00fcr d\u0259r\u0259y\u0259, s\u00fcrm\u0259lis\u0259n. D\u00f6vl\u0259t \u018fm\u0259k M\u00fcf\u0259tti\u015fliyin\u0259 d\u0259 \u015fikay\u0259t etmi\u015fdi. Oradan da g\u0259libl\u0259r, s\u0259n\u0259dl\u0259r t\u0259qdim olunub\u201d.\n<\/p>\n<p>\n  <b><br \/>\n    \u018fm\u0259k M\u00fcf\u0259tti\u015fliyi: &quot;\u0130dar\u0259 v\u0259t\u0259nda\u015fa m\u0259zuniyy\u0259t pulu \u00f6d\u0259m\u0259lidir\u201d<br \/>\n  <\/b>\n<\/p>\n<p>\n  D\u00f6vl\u0259t \u018fm\u0259k M\u00fcf\u0259tti\u015fliyinin A\u011fsu regional \u0259razi \u015f\u00f6b\u0259sinin m\u00fcdiri \u018fliyunis M\u00fct\u0259llibov Meydan TV-y\u0259 bildirib ki, \u015fikay\u0259t\u00e7inin m\u00fcraci\u0259ti ara\u015fd\u0131r\u0131l\u0131b: \u201cAra\u015fd\u0131rma bitib, cavab\u0131 v\u0259t\u0259nda\u015fa g\u00f6nd\u0259rmi\u015fik. Samir K\u0259rimovun idar\u0259d\u0259ki f\u0259aliyy\u0259tin\u0259 70-ci madd\u0259sinin c b\u0259ndin\u0259 \u0259sas\u0259n xitam verilib. Ara\u015fd\u0131rmaya \u0259sas\u0259n, idar\u0259 v\u0259t\u0259nda\u015fa m\u0259zuniyy\u0259t pulu \u00f6d\u0259m\u0259lidir\u201d.\n<\/p>\n<figure class=\"wp-block-image size-large\">\n  <img decoding=\"async\" src=\"https:\/\/www.meydan.tv\/az\/img-20210207-wa0062-jpg\/\" alt=\"img-20210207-wa0062.jpg\" class=\"wp-image-156204\"\/><figcaption>\n    \u018fm\u0259k kitab\u00e7as\u0131<br \/>\n  <\/figcaption><\/figure>\n","protected":false},"excerpt":{"rendered":"<p>&#8220;Raz\u0131la\u015fmad\u0131, dedi ki, qan t\u0259zyiqim var, Basqal y\u00fcks\u0259k yerdir\u201d.<\/p>\n","protected":false},"author":11,"featured_media":156198,"comment_status":"closed","ping_status":"open","sticky":false,"template":"","format":"standard","meta":{"_acf_changed":false,"_sitemap_exclude":false,"_sitemap_priority":"","_sitemap_frequency":"","footnotes":""},"categories":[60],"tags":[],"class_list":["post-204920","post","type-post","status-publish","format-standard","has-post-thumbnail","hentry","category-bolge","infinite-scroll-item","generate-columns","tablet-grid-50","mobile-grid-100","grid-parent","grid-33","no-featured-image-padding"],"acf":[],"yoast_head":"<!-- This site is optimized with the Yoast SEO plugin v27.5 - https:\/\/yoast.com\/product\/yoast-seo-wordpress\/ -->\n<title>Yol \u0130dar\u0259sinin r\u0259smisi: B\u00f6y\u00fck deyirs\u0259, s\u00fcr d\u0259r\u0259y\u0259, s\u00fcrm\u0259lis\u0259n - MEYDAN.TV<\/title>\n<meta name=\"robots\" content=\"index, follow, max-snippet:-1, max-image-preview:large, max-video-preview:-1\" \/>\n<link rel=\"canonical\" href=\"https:\/\/www.meydan.tv\/az\/article\/yol-idaresinin-resmisi-boyuk-deyirse-sur-dereye-surmelisen\/\" \/>\n<meta property=\"og:locale\" content=\"az_AZ\" \/>\n<meta property=\"og:type\" content=\"article\" \/>\n<meta property=\"og:title\" content=\"Yol \u0130dar\u0259sinin r\u0259smisi: B\u00f6y\u00fck deyirs\u0259, s\u00fcr d\u0259r\u0259y\u0259, s\u00fcrm\u0259lis\u0259n - MEYDAN.TV\" \/>\n<meta property=\"og:description\" content=\"&quot;Raz\u0131la\u015fmad\u0131, dedi ki, qan t\u0259zyiqim var, Basqal y\u00fcks\u0259k yerdir\u201d.\" \/>\n<meta property=\"og:url\" content=\"https:\/\/www.meydan.tv\/az\/article\/yol-idaresinin-resmisi-boyuk-deyirse-sur-dereye-surmelisen\/\" \/>\n<meta property=\"og:site_name\" content=\"MEYDAN.TV\" \/>\n<meta property=\"article:published_time\" content=\"2021-02-11T12:55:25+00:00\" \/>\n<meta property=\"og:image\" content=\"https:\/\/www.meydan.tv\/wp-content\/uploads\/untitled_design_12_uodp0wu-1200x675.png\" \/>\n\t<meta property=\"og:image:width\" content=\"1200\" \/>\n\t<meta property=\"og:image:height\" content=\"675\" \/>\n\t<meta property=\"og:image:type\" content=\"image\/png\" \/>\n<meta name=\"author\" content=\"user-manager\" \/>\n<meta name=\"twitter:card\" content=\"summary_large_image\" \/>\n<script type=\"application\/ld+json\" class=\"yoast-schema-graph\">{\"@context\":\"https:\\\/\\\/schema.org\",\"@graph\":[{\"@type\":\"Article\",\"@id\":\"https:\\\/\\\/www.meydan.tv\\\/az\\\/article\\\/yol-idaresinin-resmisi-boyuk-deyirse-sur-dereye-surmelisen\\\/#article\",\"isPartOf\":{\"@id\":\"https:\\\/\\\/www.meydan.tv\\\/az\\\/article\\\/yol-idaresinin-resmisi-boyuk-deyirse-sur-dereye-surmelisen\\\/\"},\"author\":{\"name\":\"user-manager\",\"@id\":\"https:\\\/\\\/www.meydan.tv\\\/az\\\/#\\\/schema\\\/person\\\/10d11eccf6da3662cf5fdab9806ea91a\"},\"headline\":\"Yol \u0130dar\u0259sinin r\u0259smisi: B\u00f6y\u00fck deyirs\u0259, s\u00fcr d\u0259r\u0259y\u0259, s\u00fcrm\u0259lis\u0259n\",\"datePublished\":\"2021-02-11T12:55:25+00:00\",\"mainEntityOfPage\":{\"@id\":\"https:\\\/\\\/www.meydan.tv\\\/az\\\/article\\\/yol-idaresinin-resmisi-boyuk-deyirse-sur-dereye-surmelisen\\\/\"},\"wordCount\":1282,\"publisher\":{\"@id\":\"https:\\\/\\\/www.meydan.tv\\\/az\\\/#organization\"},\"image\":{\"@id\":\"https:\\\/\\\/www.meydan.tv\\\/az\\\/article\\\/yol-idaresinin-resmisi-boyuk-deyirse-sur-dereye-surmelisen\\\/#primaryimage\"},\"thumbnailUrl\":\"https:\\\/\\\/www.meydan.tv\\\/wp-content\\\/uploads\\\/untitled_design_12_uodp0wu.png\",\"articleSection\":[\"B\u00f6lg\u0259\"],\"inLanguage\":\"az\"},{\"@type\":\"WebPage\",\"@id\":\"https:\\\/\\\/www.meydan.tv\\\/az\\\/article\\\/yol-idaresinin-resmisi-boyuk-deyirse-sur-dereye-surmelisen\\\/\",\"url\":\"https:\\\/\\\/www.meydan.tv\\\/az\\\/article\\\/yol-idaresinin-resmisi-boyuk-deyirse-sur-dereye-surmelisen\\\/\",\"name\":\"Yol \u0130dar\u0259sinin r\u0259smisi: B\u00f6y\u00fck deyirs\u0259, s\u00fcr d\u0259r\u0259y\u0259, s\u00fcrm\u0259lis\u0259n - MEYDAN.TV\",\"isPartOf\":{\"@id\":\"https:\\\/\\\/www.meydan.tv\\\/az\\\/#website\"},\"primaryImageOfPage\":{\"@id\":\"https:\\\/\\\/www.meydan.tv\\\/az\\\/article\\\/yol-idaresinin-resmisi-boyuk-deyirse-sur-dereye-surmelisen\\\/#primaryimage\"},\"image\":{\"@id\":\"https:\\\/\\\/www.meydan.tv\\\/az\\\/article\\\/yol-idaresinin-resmisi-boyuk-deyirse-sur-dereye-surmelisen\\\/#primaryimage\"},\"thumbnailUrl\":\"https:\\\/\\\/www.meydan.tv\\\/wp-content\\\/uploads\\\/untitled_design_12_uodp0wu.png\",\"datePublished\":\"2021-02-11T12:55:25+00:00\",\"breadcrumb\":{\"@id\":\"https:\\\/\\\/www.meydan.tv\\\/az\\\/article\\\/yol-idaresinin-resmisi-boyuk-deyirse-sur-dereye-surmelisen\\\/#breadcrumb\"},\"inLanguage\":\"az\",\"potentialAction\":[{\"@type\":\"ReadAction\",\"target\":[\"https:\\\/\\\/www.meydan.tv\\\/az\\\/article\\\/yol-idaresinin-resmisi-boyuk-deyirse-sur-dereye-surmelisen\\\/\"]}]},{\"@type\":\"ImageObject\",\"inLanguage\":\"az\",\"@id\":\"https:\\\/\\\/www.meydan.tv\\\/az\\\/article\\\/yol-idaresinin-resmisi-boyuk-deyirse-sur-dereye-surmelisen\\\/#primaryimage\",\"url\":\"https:\\\/\\\/www.meydan.tv\\\/wp-content\\\/uploads\\\/untitled_design_12_uodp0wu.png\",\"contentUrl\":\"https:\\\/\\\/www.meydan.tv\\\/wp-content\\\/uploads\\\/untitled_design_12_uodp0wu.png\",\"width\":1920,\"height\":1080,\"caption\":\"Source: Specify Source\"},{\"@type\":\"BreadcrumbList\",\"@id\":\"https:\\\/\\\/www.meydan.tv\\\/az\\\/article\\\/yol-idaresinin-resmisi-boyuk-deyirse-sur-dereye-surmelisen\\\/#breadcrumb\",\"itemListElement\":[{\"@type\":\"ListItem\",\"position\":1,\"name\":\"Ana s\u0259hif\u0259\",\"item\":\"https:\\\/\\\/www.meydan.tv\\\/az\\\/\"},{\"@type\":\"ListItem\",\"position\":2,\"name\":\"B\u00f6lg\u0259\",\"item\":\"https:\\\/\\\/www.meydan.tv\\\/az\\\/section\\\/bolge\\\/\"},{\"@type\":\"ListItem\",\"position\":3,\"name\":\"Yol \u0130dar\u0259sinin r\u0259smisi: B\u00f6y\u00fck deyirs\u0259, s\u00fcr d\u0259r\u0259y\u0259, s\u00fcrm\u0259lis\u0259n\"}]},{\"@type\":\"WebSite\",\"@id\":\"https:\\\/\\\/www.meydan.tv\\\/az\\\/#website\",\"url\":\"https:\\\/\\\/www.meydan.tv\\\/az\\\/\",\"name\":\"MEYDAN.TV\",\"description\":\"Meydan TV Az\u0259rbaycan\u0131n media m\u0259kan\u0131ndak\u0131 alternativ s\u0259sidir\",\"publisher\":{\"@id\":\"https:\\\/\\\/www.meydan.tv\\\/az\\\/#organization\"},\"potentialAction\":[{\"@type\":\"SearchAction\",\"target\":{\"@type\":\"EntryPoint\",\"urlTemplate\":\"https:\\\/\\\/www.meydan.tv\\\/az\\\/?s={search_term_string}\"},\"query-input\":{\"@type\":\"PropertyValueSpecification\",\"valueRequired\":true,\"valueName\":\"search_term_string\"}}],\"inLanguage\":\"az\"},{\"@type\":\"Organization\",\"@id\":\"https:\\\/\\\/www.meydan.tv\\\/az\\\/#organization\",\"name\":\"Meydan TV\",\"url\":\"https:\\\/\\\/www.meydan.tv\\\/az\\\/\",\"logo\":{\"@type\":\"ImageObject\",\"inLanguage\":\"az\",\"@id\":\"https:\\\/\\\/www.meydan.tv\\\/az\\\/#\\\/schema\\\/logo\\\/image\\\/\",\"url\":\"https:\\\/\\\/www.meydan.tv\\\/wp-content\\\/uploads\\\/2021\\\/07\\\/meydan-logo.svg\",\"contentUrl\":\"https:\\\/\\\/www.meydan.tv\\\/wp-content\\\/uploads\\\/2021\\\/07\\\/meydan-logo.svg\",\"width\":195,\"height\":46,\"caption\":\"Meydan TV\"},\"image\":{\"@id\":\"https:\\\/\\\/www.meydan.tv\\\/az\\\/#\\\/schema\\\/logo\\\/image\\\/\"}},{\"@type\":\"Person\",\"@id\":\"https:\\\/\\\/www.meydan.tv\\\/az\\\/#\\\/schema\\\/person\\\/10d11eccf6da3662cf5fdab9806ea91a\",\"name\":\"user-manager\"}]}<\/script>\n<!-- \/ Yoast SEO plugin. -->","yoast_head_json":{"title":"Yol \u0130dar\u0259sinin r\u0259smisi: B\u00f6y\u00fck deyirs\u0259, s\u00fcr d\u0259r\u0259y\u0259, s\u00fcrm\u0259lis\u0259n - MEYDAN.TV","robots":{"index":"index","follow":"follow","max-snippet":"max-snippet:-1","max-image-preview":"max-image-preview:large","max-video-preview":"max-video-preview:-1"},"canonical":"https:\/\/www.meydan.tv\/az\/article\/yol-idaresinin-resmisi-boyuk-deyirse-sur-dereye-surmelisen\/","og_locale":"az_AZ","og_type":"article","og_title":"Yol \u0130dar\u0259sinin r\u0259smisi: B\u00f6y\u00fck deyirs\u0259, s\u00fcr d\u0259r\u0259y\u0259, s\u00fcrm\u0259lis\u0259n - MEYDAN.TV","og_description":"\"Raz\u0131la\u015fmad\u0131, dedi ki, qan t\u0259zyiqim var, Basqal y\u00fcks\u0259k yerdir\u201d.","og_url":"https:\/\/www.meydan.tv\/az\/article\/yol-idaresinin-resmisi-boyuk-deyirse-sur-dereye-surmelisen\/","og_site_name":"MEYDAN.TV","article_published_time":"2021-02-11T12:55:25+00:00","og_image":[{"width":1200,"height":675,"url":"https:\/\/www.meydan.tv\/wp-content\/uploads\/untitled_design_12_uodp0wu-1200x675.png","type":"image\/png"}],"author":"user-manager","twitter_card":"summary_large_image","schema":{"@context":"https:\/\/schema.org","@graph":[{"@type":"Article","@id":"https:\/\/www.meydan.tv\/az\/article\/yol-idaresinin-resmisi-boyuk-deyirse-sur-dereye-surmelisen\/#article","isPartOf":{"@id":"https:\/\/www.meydan.tv\/az\/article\/yol-idaresinin-resmisi-boyuk-deyirse-sur-dereye-surmelisen\/"},"author":{"name":"user-manager","@id":"https:\/\/www.meydan.tv\/az\/#\/schema\/person\/10d11eccf6da3662cf5fdab9806ea91a"},"headline":"Yol \u0130dar\u0259sinin r\u0259smisi: B\u00f6y\u00fck deyirs\u0259, s\u00fcr d\u0259r\u0259y\u0259, s\u00fcrm\u0259lis\u0259n","datePublished":"2021-02-11T12:55:25+00:00","mainEntityOfPage":{"@id":"https:\/\/www.meydan.tv\/az\/article\/yol-idaresinin-resmisi-boyuk-deyirse-sur-dereye-surmelisen\/"},"wordCount":1282,"publisher":{"@id":"https:\/\/www.meydan.tv\/az\/#organization"},"image":{"@id":"https:\/\/www.meydan.tv\/az\/article\/yol-idaresinin-resmisi-boyuk-deyirse-sur-dereye-surmelisen\/#primaryimage"},"thumbnailUrl":"https:\/\/www.meydan.tv\/wp-content\/uploads\/untitled_design_12_uodp0wu.png","articleSection":["B\u00f6lg\u0259"],"inLanguage":"az"},{"@type":"WebPage","@id":"https:\/\/www.meydan.tv\/az\/article\/yol-idaresinin-resmisi-boyuk-deyirse-sur-dereye-surmelisen\/","url":"https:\/\/www.meydan.tv\/az\/article\/yol-idaresinin-resmisi-boyuk-deyirse-sur-dereye-surmelisen\/","name":"Yol \u0130dar\u0259sinin r\u0259smisi: B\u00f6y\u00fck deyirs\u0259, s\u00fcr d\u0259r\u0259y\u0259, s\u00fcrm\u0259lis\u0259n - MEYDAN.TV","isPartOf":{"@id":"https:\/\/www.meydan.tv\/az\/#website"},"primaryImageOfPage":{"@id":"https:\/\/www.meydan.tv\/az\/article\/yol-idaresinin-resmisi-boyuk-deyirse-sur-dereye-surmelisen\/#primaryimage"},"image":{"@id":"https:\/\/www.meydan.tv\/az\/article\/yol-idaresinin-resmisi-boyuk-deyirse-sur-dereye-surmelisen\/#primaryimage"},"thumbnailUrl":"https:\/\/www.meydan.tv\/wp-content\/uploads\/untitled_design_12_uodp0wu.png","datePublished":"2021-02-11T12:55:25+00:00","breadcrumb":{"@id":"https:\/\/www.meydan.tv\/az\/article\/yol-idaresinin-resmisi-boyuk-deyirse-sur-dereye-surmelisen\/#breadcrumb"},"inLanguage":"az","potentialAction":[{"@type":"ReadAction","target":["https:\/\/www.meydan.tv\/az\/article\/yol-idaresinin-resmisi-boyuk-deyirse-sur-dereye-surmelisen\/"]}]},{"@type":"ImageObject","inLanguage":"az","@id":"https:\/\/www.meydan.tv\/az\/article\/yol-idaresinin-resmisi-boyuk-deyirse-sur-dereye-surmelisen\/#primaryimage","url":"https:\/\/www.meydan.tv\/wp-content\/uploads\/untitled_design_12_uodp0wu.png","contentUrl":"https:\/\/www.meydan.tv\/wp-content\/uploads\/untitled_design_12_uodp0wu.png","width":1920,"height":1080,"caption":"Source: Specify Source"},{"@type":"BreadcrumbList","@id":"https:\/\/www.meydan.tv\/az\/article\/yol-idaresinin-resmisi-boyuk-deyirse-sur-dereye-surmelisen\/#breadcrumb","itemListElement":[{"@type":"ListItem","position":1,"name":"Ana s\u0259hif\u0259","item":"https:\/\/www.meydan.tv\/az\/"},{"@type":"ListItem","position":2,"name":"B\u00f6lg\u0259","item":"https:\/\/www.meydan.tv\/az\/section\/bolge\/"},{"@type":"ListItem","position":3,"name":"Yol \u0130dar\u0259sinin r\u0259smisi: B\u00f6y\u00fck deyirs\u0259, s\u00fcr d\u0259r\u0259y\u0259, s\u00fcrm\u0259lis\u0259n"}]},{"@type":"WebSite","@id":"https:\/\/www.meydan.tv\/az\/#website","url":"https:\/\/www.meydan.tv\/az\/","name":"MEYDAN.TV","description":"Meydan TV Az\u0259rbaycan\u0131n media m\u0259kan\u0131ndak\u0131 alternativ s\u0259sidir","publisher":{"@id":"https:\/\/www.meydan.tv\/az\/#organization"},"potentialAction":[{"@type":"SearchAction","target":{"@type":"EntryPoint","urlTemplate":"https:\/\/www.meydan.tv\/az\/?s={search_term_string}"},"query-input":{"@type":"PropertyValueSpecification","valueRequired":true,"valueName":"search_term_string"}}],"inLanguage":"az"},{"@type":"Organization","@id":"https:\/\/www.meydan.tv\/az\/#organization","name":"Meydan TV","url":"https:\/\/www.meydan.tv\/az\/","logo":{"@type":"ImageObject","inLanguage":"az","@id":"https:\/\/www.meydan.tv\/az\/#\/schema\/logo\/image\/","url":"https:\/\/www.meydan.tv\/wp-content\/uploads\/2021\/07\/meydan-logo.svg","contentUrl":"https:\/\/www.meydan.tv\/wp-content\/uploads\/2021\/07\/meydan-logo.svg","width":195,"height":46,"caption":"Meydan TV"},"image":{"@id":"https:\/\/www.meydan.tv\/az\/#\/schema\/logo\/image\/"}},{"@type":"Person","@id":"https:\/\/www.meydan.tv\/az\/#\/schema\/person\/10d11eccf6da3662cf5fdab9806ea91a","name":"user-manager"}]}},"_links":{"self":[{"href":"https:\/\/www.meydan.tv\/az\/wp-json\/wp\/v2\/posts\/204920","targetHints":{"allow":["GET"]}}],"collection":[{"href":"https:\/\/www.meydan.tv\/az\/wp-json\/wp\/v2\/posts"}],"about":[{"href":"https:\/\/www.meydan.tv\/az\/wp-json\/wp\/v2\/types\/post"}],"author":[{"embeddable":true,"href":"https:\/\/www.meydan.tv\/az\/wp-json\/wp\/v2\/users\/11"}],"replies":[{"embeddable":true,"href":"https:\/\/www.meydan.tv\/az\/wp-json\/wp\/v2\/comments?post=204920"}],"version-history":[{"count":0,"href":"https:\/\/www.meydan.tv\/az\/wp-json\/wp\/v2\/posts\/204920\/revisions"}],"wp:featuredmedia":[{"embeddable":true,"href":"https:\/\/www.meydan.tv\/az\/wp-json\/wp\/v2\/media\/156198"}],"wp:attachment":[{"href":"https:\/\/www.meydan.tv\/az\/wp-json\/wp\/v2\/media?parent=204920"}],"wp:term":[{"taxonomy":"category","embeddable":true,"href":"https:\/\/www.meydan.tv\/az\/wp-json\/wp\/v2\/categories?post=204920"},{"taxonomy":"post_tag","embeddable":true,"href":"https:\/\/www.meydan.tv\/az\/wp-json\/wp\/v2\/tags?post=204920"}],"curies":[{"name":"wp","href":"https:\/\/api.w.org\/{rel}","templated":true}]}}