{"id":204906,"date":"2021-02-10T13:28:37","date_gmt":"2021-02-10T13:28:37","guid":{"rendered":"https:\/\/www.meydan.tv\/article\/huquqi-dovletdir-amma-evimizi-basimiza-ucururlar\/"},"modified":"2021-02-10T13:28:37","modified_gmt":"2021-02-10T13:28:37","slug":"huquqi-dovletdir-amma-evimizi-basimiza-ucururlar","status":"publish","type":"post","link":"https:\/\/www.meydan.tv\/az\/article\/huquqi-dovletdir-amma-evimizi-basimiza-ucururlar\/","title":{"rendered":"&#8220;H\u00fcquqi d\u00f6vl\u0259tdir, amma evimizi ba\u015f\u0131m\u0131za u\u00e7ururlar&#8221;"},"content":{"rendered":"<figure class=\"wp-block-embed is-type-video is-provider-youtube wp-block-embed-youtube wp-embed-aspect-16-9 wp-has-aspect-ratio\">\n<div class=\"wp-block-embed__wrapper\">\n    <iframe\ttitle=\"\"H\u00fcquqi d\u00f6vl\u0259tdir, amma evimizi ba\u015f\u0131m\u0131za u\u00e7ururlar\"\" width=\"1200\" height=\"675\" data-src=\"https:\/\/www.youtube.com\/embed\/OKHzJrsG1fE\"\tframeborder=\"0\"\tallow=\"accelerometer; autoplay; clipboard-write; encrypted-media; gyroscope; picture-in-picture\" allowfullscreen src=\"data:image\/svg+xml;base64,PHN2ZyB3aWR0aD0iMSIgaGVpZ2h0PSIxIiB4bWxucz0iaHR0cDovL3d3dy53My5vcmcvMjAwMC9zdmciPjwvc3ZnPg==\" class=\"lazyload\" data-load-mode=\"1\"><\/iframe>\n  <\/div><figcaption>\n    &#8220;H\u00fcquqi d\u00f6vl\u0259tdir, amma evimizi ba\u015f\u0131m\u0131za u\u00e7ururlar&#8221;<br \/>\n  <\/figcaption><\/figure>\n<p>\n  X\u0259tai rayonu, General \u015e\u0131xlinski k\u00fc\u00e7\u0259si 42 \u00fcnvanda yerl\u0259\u015f\u0259n, Kondisioner Zavodunun yataqxanas\u0131 olmu\u015f bina s\u00f6k\u00fcl\u00fcr. Binada 35 ail\u0259 qal\u0131b v\u0259 onlar evl\u0259rini t\u0259rk etm\u0259k niyy\u0259tind\u0259 deyill\u0259r. X\u0259tai Rayonu \u0130cra Hakimiyy\u0259tind\u0259n deyilir ki, 2018-ci ild\u0259 binan\u0131n q\u0259zal\u0131 v\u0259ziyy\u0259td\u0259 olmas\u0131 bar\u0259d\u0259 r\u0259y veril\u0259nd\u0259n sonra onun s\u00f6k\u00fclm\u0259si q\u0259rara al\u0131n\u0131b. Podra\u00e7t\u0131 \u015firk\u0259t RFM MMC il\u0259 sakinl\u0259rin yeni m\u0259nzill\u0259rl\u0259 t\u0259min olunmas\u0131 raz\u0131la\u015fd\u0131r\u0131l\u0131b. Sakinl\u0259rs\u0259 veril\u0259n kompensasiyadan, m\u0259nzil t\u0259klifind\u0259n naraz\u0131d\u0131rlar.\n<\/p>\n<p>\n  Ba\u015fqa naraz\u0131l\u0131q is\u0259 s\u00f6k\u00fcnt\u00fc v\u0259 tikinti m\u00fcdd\u0259tind\u0259 sakinl\u0259rin kiray\u0259 m\u0259nzill\u0259rl\u0259 t\u0259minat\u0131nda ya\u015fan\u0131r. Sakinl\u0259r deyir ki, onlara kiray\u0259 haqq\u0131n\u0131n t\u0259klif edil\u0259n kompensasiya m\u0259bl\u0259\u011find\u0259n \u00e7\u0131x\u0131laca\u011f\u0131 deyilib. \u0130cra n\u00fcmay\u0259nd\u0259si is\u0259 bunu inkar edir.\n<\/p>\n<p>\n  Raz\u0131la\u015fma \u0259ld\u0259 olunmadan, binada ya\u015fay\u0131\u015f davam ed\u0259rk\u0259n podrat\u00e7\u0131 \u015firk\u0259t s\u00f6k\u00fcnt\u00fc i\u015fl\u0259rini h\u0259yata ke\u00e7irir. \u0130cra n\u00fcmay\u0259nd\u0259si bunu binan\u0131n k\u0259skin q\u0259zal\u0131 v\u0259ziyy\u0259td\u0259 olmas\u0131 il\u0259 \u0259laq\u0259l\u0259ndirir.\n<\/p>\n<p>\n  Binan\u0131n s\u00f6k\u00fcnt\u00fcs\u00fc davam ed\u0259rk\u0259n, h\u0259l\u0259 d\u0259 orada ya\u015fayan sakinl\u0259rin g\u0259l\u0259c\u0259k taleyin\u0259 is\u0259 ayd\u0131nl\u0131q g\u0259tirilm\u0259di.<\/p>\n","protected":false},"excerpt":{"rendered":"<p>X\u0259tai rayonu, General \u015e\u0131xlinski k\u00fc\u00e7\u0259si 42 \u00fcnvanda yerl\u0259\u015f\u0259n, Kondisioner Zavodunun yataqxanas\u0131 olmu\u015f bina s\u00f6k\u00fcl\u00fcr.<\/p>\n","protected":false},"author":11,"featured_media":156159,"comment_status":"closed","ping_status":"open","sticky":false,"template":"","format":"standard","meta":{"_acf_changed":false,"_sitemap_exclude":false,"_sitemap_priority":"","_sitemap_frequency":"","footnotes":""},"categories":[63],"tags":[],"class_list":["post-204906","post","type-post","status-publish","format-standard","has-post-thumbnail","hentry","category-video-2","infinite-scroll-item","generate-columns","tablet-grid-50","mobile-grid-100","grid-parent","grid-33","no-featured-image-padding"],"acf":[],"yoast_head":"<!-- This site is optimized with the Yoast SEO plugin v27.5 - https:\/\/yoast.com\/product\/yoast-seo-wordpress\/ -->\n<title>&quot;H\u00fcquqi d\u00f6vl\u0259tdir, amma evimizi ba\u015f\u0131m\u0131za u\u00e7ururlar&quot; - MEYDAN.TV<\/title>\n<meta name=\"robots\" content=\"index, follow, max-snippet:-1, max-image-preview:large, max-video-preview:-1\" \/>\n<link rel=\"canonical\" href=\"https:\/\/www.meydan.tv\/az\/article\/huquqi-dovletdir-amma-evimizi-basimiza-ucururlar\/\" \/>\n<meta property=\"og:locale\" content=\"az_AZ\" \/>\n<meta property=\"og:type\" content=\"article\" \/>\n<meta property=\"og:title\" content=\"&quot;H\u00fcquqi d\u00f6vl\u0259tdir, amma evimizi ba\u015f\u0131m\u0131za u\u00e7ururlar&quot; - MEYDAN.TV\" \/>\n<meta property=\"og:description\" content=\"X\u0259tai rayonu, General \u015e\u0131xlinski k\u00fc\u00e7\u0259si 42 \u00fcnvanda yerl\u0259\u015f\u0259n, Kondisioner Zavodunun yataqxanas\u0131 olmu\u015f bina s\u00f6k\u00fcl\u00fcr.\" \/>\n<meta property=\"og:url\" content=\"https:\/\/www.meydan.tv\/az\/article\/huquqi-dovletdir-amma-evimizi-basimiza-ucururlar\/\" \/>\n<meta property=\"og:site_name\" content=\"MEYDAN.TV\" \/>\n<meta property=\"article:published_time\" content=\"2021-02-10T13:28:37+00:00\" \/>\n<meta property=\"og:image\" content=\"https:\/\/www.meydan.tv\/wp-content\/uploads\/maxresdefault_1_4qay34f.jpg\" \/>\n\t<meta property=\"og:image:width\" content=\"1280\" \/>\n\t<meta property=\"og:image:height\" content=\"720\" \/>\n\t<meta property=\"og:image:type\" content=\"image\/jpeg\" \/>\n<meta name=\"author\" content=\"user-manager\" \/>\n<meta name=\"twitter:card\" content=\"summary_large_image\" \/>\n<script type=\"application\/ld+json\" class=\"yoast-schema-graph\">{\"@context\":\"https:\\\/\\\/schema.org\",\"@graph\":[{\"@type\":\"Article\",\"@id\":\"https:\\\/\\\/www.meydan.tv\\\/az\\\/article\\\/huquqi-dovletdir-amma-evimizi-basimiza-ucururlar\\\/#article\",\"isPartOf\":{\"@id\":\"https:\\\/\\\/www.meydan.tv\\\/az\\\/article\\\/huquqi-dovletdir-amma-evimizi-basimiza-ucururlar\\\/\"},\"author\":{\"name\":\"user-manager\",\"@id\":\"https:\\\/\\\/www.meydan.tv\\\/az\\\/#\\\/schema\\\/person\\\/10d11eccf6da3662cf5fdab9806ea91a\"},\"headline\":\"&#8220;H\u00fcquqi d\u00f6vl\u0259tdir, amma evimizi ba\u015f\u0131m\u0131za u\u00e7ururlar&#8221;\",\"datePublished\":\"2021-02-10T13:28:37+00:00\",\"mainEntityOfPage\":{\"@id\":\"https:\\\/\\\/www.meydan.tv\\\/az\\\/article\\\/huquqi-dovletdir-amma-evimizi-basimiza-ucururlar\\\/\"},\"wordCount\":262,\"publisher\":{\"@id\":\"https:\\\/\\\/www.meydan.tv\\\/az\\\/#organization\"},\"image\":{\"@id\":\"https:\\\/\\\/www.meydan.tv\\\/az\\\/article\\\/huquqi-dovletdir-amma-evimizi-basimiza-ucururlar\\\/#primaryimage\"},\"thumbnailUrl\":\"https:\\\/\\\/www.meydan.tv\\\/wp-content\\\/uploads\\\/maxresdefault_1_4qay34f.jpg\",\"articleSection\":[\"Video\"],\"inLanguage\":\"az\"},{\"@type\":\"WebPage\",\"@id\":\"https:\\\/\\\/www.meydan.tv\\\/az\\\/article\\\/huquqi-dovletdir-amma-evimizi-basimiza-ucururlar\\\/\",\"url\":\"https:\\\/\\\/www.meydan.tv\\\/az\\\/article\\\/huquqi-dovletdir-amma-evimizi-basimiza-ucururlar\\\/\",\"name\":\"\\\"H\u00fcquqi d\u00f6vl\u0259tdir, amma evimizi ba\u015f\u0131m\u0131za u\u00e7ururlar\\\" - MEYDAN.TV\",\"isPartOf\":{\"@id\":\"https:\\\/\\\/www.meydan.tv\\\/az\\\/#website\"},\"primaryImageOfPage\":{\"@id\":\"https:\\\/\\\/www.meydan.tv\\\/az\\\/article\\\/huquqi-dovletdir-amma-evimizi-basimiza-ucururlar\\\/#primaryimage\"},\"image\":{\"@id\":\"https:\\\/\\\/www.meydan.tv\\\/az\\\/article\\\/huquqi-dovletdir-amma-evimizi-basimiza-ucururlar\\\/#primaryimage\"},\"thumbnailUrl\":\"https:\\\/\\\/www.meydan.tv\\\/wp-content\\\/uploads\\\/maxresdefault_1_4qay34f.jpg\",\"datePublished\":\"2021-02-10T13:28:37+00:00\",\"breadcrumb\":{\"@id\":\"https:\\\/\\\/www.meydan.tv\\\/az\\\/article\\\/huquqi-dovletdir-amma-evimizi-basimiza-ucururlar\\\/#breadcrumb\"},\"inLanguage\":\"az\",\"potentialAction\":[{\"@type\":\"ReadAction\",\"target\":[\"https:\\\/\\\/www.meydan.tv\\\/az\\\/article\\\/huquqi-dovletdir-amma-evimizi-basimiza-ucururlar\\\/\"]}]},{\"@type\":\"ImageObject\",\"inLanguage\":\"az\",\"@id\":\"https:\\\/\\\/www.meydan.tv\\\/az\\\/article\\\/huquqi-dovletdir-amma-evimizi-basimiza-ucururlar\\\/#primaryimage\",\"url\":\"https:\\\/\\\/www.meydan.tv\\\/wp-content\\\/uploads\\\/maxresdefault_1_4qay34f.jpg\",\"contentUrl\":\"https:\\\/\\\/www.meydan.tv\\\/wp-content\\\/uploads\\\/maxresdefault_1_4qay34f.jpg\",\"width\":1280,\"height\":720,\"caption\":\"Source: Meydan.TV\"},{\"@type\":\"BreadcrumbList\",\"@id\":\"https:\\\/\\\/www.meydan.tv\\\/az\\\/article\\\/huquqi-dovletdir-amma-evimizi-basimiza-ucururlar\\\/#breadcrumb\",\"itemListElement\":[{\"@type\":\"ListItem\",\"position\":1,\"name\":\"Ana s\u0259hif\u0259\",\"item\":\"https:\\\/\\\/www.meydan.tv\\\/az\\\/\"},{\"@type\":\"ListItem\",\"position\":2,\"name\":\"Video\",\"item\":\"https:\\\/\\\/www.meydan.tv\\\/az\\\/section\\\/video-2\\\/\"},{\"@type\":\"ListItem\",\"position\":3,\"name\":\"&#8220;H\u00fcquqi d\u00f6vl\u0259tdir, amma evimizi ba\u015f\u0131m\u0131za u\u00e7ururlar&#8221;\"}]},{\"@type\":\"WebSite\",\"@id\":\"https:\\\/\\\/www.meydan.tv\\\/az\\\/#website\",\"url\":\"https:\\\/\\\/www.meydan.tv\\\/az\\\/\",\"name\":\"MEYDAN.TV\",\"description\":\"Meydan TV Az\u0259rbaycan\u0131n media m\u0259kan\u0131ndak\u0131 alternativ s\u0259sidir\",\"publisher\":{\"@id\":\"https:\\\/\\\/www.meydan.tv\\\/az\\\/#organization\"},\"potentialAction\":[{\"@type\":\"SearchAction\",\"target\":{\"@type\":\"EntryPoint\",\"urlTemplate\":\"https:\\\/\\\/www.meydan.tv\\\/az\\\/?s={search_term_string}\"},\"query-input\":{\"@type\":\"PropertyValueSpecification\",\"valueRequired\":true,\"valueName\":\"search_term_string\"}}],\"inLanguage\":\"az\"},{\"@type\":\"Organization\",\"@id\":\"https:\\\/\\\/www.meydan.tv\\\/az\\\/#organization\",\"name\":\"Meydan TV\",\"url\":\"https:\\\/\\\/www.meydan.tv\\\/az\\\/\",\"logo\":{\"@type\":\"ImageObject\",\"inLanguage\":\"az\",\"@id\":\"https:\\\/\\\/www.meydan.tv\\\/az\\\/#\\\/schema\\\/logo\\\/image\\\/\",\"url\":\"https:\\\/\\\/www.meydan.tv\\\/wp-content\\\/uploads\\\/2021\\\/07\\\/meydan-logo.svg\",\"contentUrl\":\"https:\\\/\\\/www.meydan.tv\\\/wp-content\\\/uploads\\\/2021\\\/07\\\/meydan-logo.svg\",\"width\":195,\"height\":46,\"caption\":\"Meydan TV\"},\"image\":{\"@id\":\"https:\\\/\\\/www.meydan.tv\\\/az\\\/#\\\/schema\\\/logo\\\/image\\\/\"}},{\"@type\":\"Person\",\"@id\":\"https:\\\/\\\/www.meydan.tv\\\/az\\\/#\\\/schema\\\/person\\\/10d11eccf6da3662cf5fdab9806ea91a\",\"name\":\"user-manager\"}]}<\/script>\n<!-- \/ Yoast SEO plugin. -->","yoast_head_json":{"title":"\"H\u00fcquqi d\u00f6vl\u0259tdir, amma evimizi ba\u015f\u0131m\u0131za u\u00e7ururlar\" - MEYDAN.TV","robots":{"index":"index","follow":"follow","max-snippet":"max-snippet:-1","max-image-preview":"max-image-preview:large","max-video-preview":"max-video-preview:-1"},"canonical":"https:\/\/www.meydan.tv\/az\/article\/huquqi-dovletdir-amma-evimizi-basimiza-ucururlar\/","og_locale":"az_AZ","og_type":"article","og_title":"\"H\u00fcquqi d\u00f6vl\u0259tdir, amma evimizi ba\u015f\u0131m\u0131za u\u00e7ururlar\" - MEYDAN.TV","og_description":"X\u0259tai rayonu, General \u015e\u0131xlinski k\u00fc\u00e7\u0259si 42 \u00fcnvanda yerl\u0259\u015f\u0259n, Kondisioner Zavodunun yataqxanas\u0131 olmu\u015f bina s\u00f6k\u00fcl\u00fcr.","og_url":"https:\/\/www.meydan.tv\/az\/article\/huquqi-dovletdir-amma-evimizi-basimiza-ucururlar\/","og_site_name":"MEYDAN.TV","article_published_time":"2021-02-10T13:28:37+00:00","og_image":[{"width":1280,"height":720,"url":"https:\/\/www.meydan.tv\/wp-content\/uploads\/maxresdefault_1_4qay34f.jpg","type":"image\/jpeg"}],"author":"user-manager","twitter_card":"summary_large_image","schema":{"@context":"https:\/\/schema.org","@graph":[{"@type":"Article","@id":"https:\/\/www.meydan.tv\/az\/article\/huquqi-dovletdir-amma-evimizi-basimiza-ucururlar\/#article","isPartOf":{"@id":"https:\/\/www.meydan.tv\/az\/article\/huquqi-dovletdir-amma-evimizi-basimiza-ucururlar\/"},"author":{"name":"user-manager","@id":"https:\/\/www.meydan.tv\/az\/#\/schema\/person\/10d11eccf6da3662cf5fdab9806ea91a"},"headline":"&#8220;H\u00fcquqi d\u00f6vl\u0259tdir, amma evimizi ba\u015f\u0131m\u0131za u\u00e7ururlar&#8221;","datePublished":"2021-02-10T13:28:37+00:00","mainEntityOfPage":{"@id":"https:\/\/www.meydan.tv\/az\/article\/huquqi-dovletdir-amma-evimizi-basimiza-ucururlar\/"},"wordCount":262,"publisher":{"@id":"https:\/\/www.meydan.tv\/az\/#organization"},"image":{"@id":"https:\/\/www.meydan.tv\/az\/article\/huquqi-dovletdir-amma-evimizi-basimiza-ucururlar\/#primaryimage"},"thumbnailUrl":"https:\/\/www.meydan.tv\/wp-content\/uploads\/maxresdefault_1_4qay34f.jpg","articleSection":["Video"],"inLanguage":"az"},{"@type":"WebPage","@id":"https:\/\/www.meydan.tv\/az\/article\/huquqi-dovletdir-amma-evimizi-basimiza-ucururlar\/","url":"https:\/\/www.meydan.tv\/az\/article\/huquqi-dovletdir-amma-evimizi-basimiza-ucururlar\/","name":"\"H\u00fcquqi d\u00f6vl\u0259tdir, amma evimizi ba\u015f\u0131m\u0131za u\u00e7ururlar\" - MEYDAN.TV","isPartOf":{"@id":"https:\/\/www.meydan.tv\/az\/#website"},"primaryImageOfPage":{"@id":"https:\/\/www.meydan.tv\/az\/article\/huquqi-dovletdir-amma-evimizi-basimiza-ucururlar\/#primaryimage"},"image":{"@id":"https:\/\/www.meydan.tv\/az\/article\/huquqi-dovletdir-amma-evimizi-basimiza-ucururlar\/#primaryimage"},"thumbnailUrl":"https:\/\/www.meydan.tv\/wp-content\/uploads\/maxresdefault_1_4qay34f.jpg","datePublished":"2021-02-10T13:28:37+00:00","breadcrumb":{"@id":"https:\/\/www.meydan.tv\/az\/article\/huquqi-dovletdir-amma-evimizi-basimiza-ucururlar\/#breadcrumb"},"inLanguage":"az","potentialAction":[{"@type":"ReadAction","target":["https:\/\/www.meydan.tv\/az\/article\/huquqi-dovletdir-amma-evimizi-basimiza-ucururlar\/"]}]},{"@type":"ImageObject","inLanguage":"az","@id":"https:\/\/www.meydan.tv\/az\/article\/huquqi-dovletdir-amma-evimizi-basimiza-ucururlar\/#primaryimage","url":"https:\/\/www.meydan.tv\/wp-content\/uploads\/maxresdefault_1_4qay34f.jpg","contentUrl":"https:\/\/www.meydan.tv\/wp-content\/uploads\/maxresdefault_1_4qay34f.jpg","width":1280,"height":720,"caption":"Source: Meydan.TV"},{"@type":"BreadcrumbList","@id":"https:\/\/www.meydan.tv\/az\/article\/huquqi-dovletdir-amma-evimizi-basimiza-ucururlar\/#breadcrumb","itemListElement":[{"@type":"ListItem","position":1,"name":"Ana s\u0259hif\u0259","item":"https:\/\/www.meydan.tv\/az\/"},{"@type":"ListItem","position":2,"name":"Video","item":"https:\/\/www.meydan.tv\/az\/section\/video-2\/"},{"@type":"ListItem","position":3,"name":"&#8220;H\u00fcquqi d\u00f6vl\u0259tdir, amma evimizi ba\u015f\u0131m\u0131za u\u00e7ururlar&#8221;"}]},{"@type":"WebSite","@id":"https:\/\/www.meydan.tv\/az\/#website","url":"https:\/\/www.meydan.tv\/az\/","name":"MEYDAN.TV","description":"Meydan TV Az\u0259rbaycan\u0131n media m\u0259kan\u0131ndak\u0131 alternativ s\u0259sidir","publisher":{"@id":"https:\/\/www.meydan.tv\/az\/#organization"},"potentialAction":[{"@type":"SearchAction","target":{"@type":"EntryPoint","urlTemplate":"https:\/\/www.meydan.tv\/az\/?s={search_term_string}"},"query-input":{"@type":"PropertyValueSpecification","valueRequired":true,"valueName":"search_term_string"}}],"inLanguage":"az"},{"@type":"Organization","@id":"https:\/\/www.meydan.tv\/az\/#organization","name":"Meydan TV","url":"https:\/\/www.meydan.tv\/az\/","logo":{"@type":"ImageObject","inLanguage":"az","@id":"https:\/\/www.meydan.tv\/az\/#\/schema\/logo\/image\/","url":"https:\/\/www.meydan.tv\/wp-content\/uploads\/2021\/07\/meydan-logo.svg","contentUrl":"https:\/\/www.meydan.tv\/wp-content\/uploads\/2021\/07\/meydan-logo.svg","width":195,"height":46,"caption":"Meydan TV"},"image":{"@id":"https:\/\/www.meydan.tv\/az\/#\/schema\/logo\/image\/"}},{"@type":"Person","@id":"https:\/\/www.meydan.tv\/az\/#\/schema\/person\/10d11eccf6da3662cf5fdab9806ea91a","name":"user-manager"}]}},"_links":{"self":[{"href":"https:\/\/www.meydan.tv\/az\/wp-json\/wp\/v2\/posts\/204906","targetHints":{"allow":["GET"]}}],"collection":[{"href":"https:\/\/www.meydan.tv\/az\/wp-json\/wp\/v2\/posts"}],"about":[{"href":"https:\/\/www.meydan.tv\/az\/wp-json\/wp\/v2\/types\/post"}],"author":[{"embeddable":true,"href":"https:\/\/www.meydan.tv\/az\/wp-json\/wp\/v2\/users\/11"}],"replies":[{"embeddable":true,"href":"https:\/\/www.meydan.tv\/az\/wp-json\/wp\/v2\/comments?post=204906"}],"version-history":[{"count":0,"href":"https:\/\/www.meydan.tv\/az\/wp-json\/wp\/v2\/posts\/204906\/revisions"}],"wp:featuredmedia":[{"embeddable":true,"href":"https:\/\/www.meydan.tv\/az\/wp-json\/wp\/v2\/media\/156159"}],"wp:attachment":[{"href":"https:\/\/www.meydan.tv\/az\/wp-json\/wp\/v2\/media?parent=204906"}],"wp:term":[{"taxonomy":"category","embeddable":true,"href":"https:\/\/www.meydan.tv\/az\/wp-json\/wp\/v2\/categories?post=204906"},{"taxonomy":"post_tag","embeddable":true,"href":"https:\/\/www.meydan.tv\/az\/wp-json\/wp\/v2\/tags?post=204906"}],"curies":[{"name":"wp","href":"https:\/\/api.w.org\/{rel}","templated":true}]}}