{"id":204862,"date":"2021-02-08T14:52:57","date_gmt":"2021-02-08T14:52:57","guid":{"rendered":"https:\/\/www.meydan.tv\/article\/rayonun-merkezinde-bina-odun-sobasi-ile-qizdirilir\/"},"modified":"2021-02-08T14:52:57","modified_gmt":"2021-02-08T14:52:57","slug":"rayonun-merkezinde-bina-odun-sobasi-ile-qizdirilir","status":"publish","type":"post","link":"https:\/\/www.meydan.tv\/az\/article\/rayonun-merkezinde-bina-odun-sobasi-ile-qizdirilir\/","title":{"rendered":"\u201cRayonun m\u0259rk\u0259zind\u0259 bina odun sobas\u0131 il\u0259 q\u0131zd\u0131r\u0131l\u0131r\u201d"},"content":{"rendered":"<p>\n  <i><br \/>\n    G\u00f6y\u00e7ay sakinl\u0259ri qazs\u0131zl\u0131qdan \u015fikay\u0259t edirl\u0259r<br \/>\n  <\/i>\n<\/p>\n<p>\n  G\u00f6y\u00e7ay\u0131n Ziya B\u00fcnyadov k\u00fc\u00e7\u0259sind\u0259 yerl\u0259\u015f\u0259n 73 sayl\u0131 binan\u0131n sakinl\u0259ri \u015fikay\u0259t\u00e7idir. Onlar 2006-c\u0131 ild\u0259n 40 m\u0259nzilli h\u0259min binada m\u0259skunla\u015fd\u0131qlar\u0131n\u0131, ancaq rayonun qaz-istismar idar\u0259sinin onlar\u0131 qazla t\u0259min etm\u0259k ist\u0259m\u0259diyini deyirl\u0259r.\n<\/p>\n<p>\n  \u201cD\u0259f\u0259l\u0259rl\u0259 aidiyyat\u0131 qurumlara m\u00fcraci\u0259t etmi\u015fik, ancaq biz\u0259 qaz vermirl\u0259r. H\u0259tta rayon icra hakimiyy\u0259tin\u0259 bel\u0259 getmi\u015fik. Orda biz\u0259 m\u0259sl\u0259h\u0259tl\u0259r d\u0259 verdil\u0259r ki, filan yerl\u0259r\u0259 m\u00fcraci\u0259t edin, bel\u0259 yaz\u0131n, el\u0259 deyin v\u0259 s. H\u0259r yer\u0259 yazd\u0131q, bu g\u00fcn yen\u0259 qazs\u0131z\u0131q\u201d.\n<\/p>\n<p>\n  Sakinl\u0259rd\u0259n N\u0259bi Q\u0259dirov bel\u0259 deyir. Bildirir ki, probleml\u0259ri il\u0259 ba\u011fl\u0131 konkret G\u00f6y\u00e7ay Qaz \u0130dar\u0259sin\u0259, \u201cAz\u0259riqaz\u201da, Az\u0259rbaycan Respublikas\u0131 D\u00f6vl\u0259t Neft \u015eirk\u0259tin\u0259 (ARDN\u015e) m\u00fcraci\u0259t edibl\u0259r:\n<\/p>\n<p>\n  \u201cD\u00f6vl\u0259t Neft \u015eirk\u0259tind\u0259n dedil\u0259r ki, yerli icra hakimiyy\u0259tin\u0259 m\u00fcraci\u0259t edin. \u0130cra hakimiyy\u0259ti d\u0259 deyir, onlar bax\u0131r bu i\u015f\u0259. Bir s\u00f6zl\u0259, qurumlar problemi bir-birinin \u00fcst\u00fcn\u0259 at\u0131r. Arada is\u0259 biz, yaz\u0131q, soyuqdan \u00f6l\u0259n \u0259hali qalm\u0131\u015f\u0131q\u201d.\n<\/p>\n<figure class=\"wp-block-image size-large\">\n  <img decoding=\"async\" src=\"https:\/\/www.meydan.tv\/az\/img_2592-jpg\/\" alt=\"img_2592.jpg\" class=\"wp-image-156033\"\/><figcaption>\n    N\u0259bi Q\u0259dirov<br \/>\n  <\/figcaption><\/figure>\n<p>\n  Sakinl\u0259rd\u0259n Z\u00f6hr\u0259 \u018fs\u0259dullayeva deyir ki, h\u0259tta G\u00f6y\u00e7ay\u0131n ucqar k\u0259ndl\u0259rind\u0259 bel\u0259 qaz var, evl\u0259r istidir, ancaq onlar \u015f\u0259h\u0259rin m\u0259rk\u0259zind\u0259 odun sobas\u0131 yand\u0131rmaq m\u0259cburiyy\u0259tind\u0259dirl\u0259r:\n<\/p>\n<p>\n  \u201cQ\u0131\u015fda evl\u0259ri isitm\u0259k olmur. M\u0259cburuq ya elektrik sobalar\u0131ndan istifad\u0259 ed\u0259k, ya da odun yand\u0131raq. Elektrik sobas\u0131na imkan\u0131m\u0131z \u00e7atm\u0131r. \u0130\u015f\u0131q \u00e7\u0131x\u0131r k\u0259ll\u0259-\u00e7arxa, \u00f6d\u0259y\u0259 bilmirik. Onu da k\u0259ss\u0259l\u0259r, g\u0259r\u0259k y\u0131x\u0131l\u0131b \u00f6l\u0259k. M\u0259cburuq yem\u0259k bi\u015firm\u0259k \u00fc\u00e7\u00fcn qaz balonlar\u0131ndan istifad\u0259 ed\u0259k. O da, ham\u0131 bilir, t\u0259hl\u00fck\u0259 m\u0259nb\u0259yidir. Ne\u00e7\u0259si evd\u0259 partlay\u0131b, yax\u015f\u0131 ki, yan\u0131nda adam olmay\u0131b. Onun partlamas\u0131 n\u0259tic\u0259sind\u0259 yaralananlar, evi yananlar da olur, e\u015fidirik\u201d.\n<\/p>\n<p>\n  Sakinl\u0259rin s\u00f6zl\u0259rin\u0259 g\u00f6r\u0259, u\u015faql\u0131 evl\u0259rd\u0259 v\u0259ziyy\u0259t daha \u00e7\u0259tindir. Soyuq oldu\u011fundan b\u00fct\u00fcn q\u0131\u015f\u0131 x\u0259st\u0259l\u0259nirl\u0259r:\n<\/p>\n<figure class=\"wp-block-image size-large\">\n  <img decoding=\"async\" src=\"https:\/\/www.meydan.tv\/az\/img_2598-jpg\/\" alt=\"img_2598.jpg\" class=\"wp-image-156036\"\/><figcaption>\n    Z\u00f6hr\u0259 \u018fs\u0259dullayeva<br \/>\n  <\/figcaption><\/figure>\n<p>\n  \u201cM\u0259s\u0259l\u0259 odur ki, insanlar\u0131 saym\u0131rlar, vecl\u0259rin\u0259 deyil. M\u0259s\u0259l\u0259n, m\u0259n 12 ildir burada ya\u015fay\u0131ram. Binada he\u00e7 vaxt qaz olmay\u0131b. \u00d6z\u00fc d\u0259 yerli i\u015f\u0131q idar\u0259sinin balans\u0131nda olan binad\u0131r. O vaxt idar\u0259nin i\u015f\u00e7il\u0259ri \u00fc\u00e7\u00fcn tikilib. \u00c7ox \u0259ziyy\u0259t \u00e7\u0259kirik. 63 ya\u015f\u0131m var v\u0259 odun alma\u011fa pulum yoxur. M\u0259cburam yand\u0131rmaq \u00fc\u00e7\u00fcn k\u00fc\u00e7\u0259l\u0259r\u0259 d\u00fc\u015f\u00fcb \u00e7\u00f6r-\u00e7\u00f6p, ka\u011f\u0131z y\u0131\u011fam. Evi i\u015f\u0131qla q\u0131zd\u0131rmaq olmur, \u00e7\u0259tindir. Xahi\u015f edirik, biz\u0259 k\u00f6m\u0259k etsinl\u0259r, qaz\u0131m\u0131z\u0131 \u00e7\u0259ksinl\u0259r\u201d, &#8211; sakinl\u0259rd\u0259n T\u0259svir\u0259 X\u0259lilova bel\u0259 deyir.\n<\/p>\n<p>\n  Z\u00f6hr\u0259 \u018fs\u0259dullayevan\u0131n ail\u0259si 4 n\u0259f\u0259rd\u0259n ibar\u0259tdir. Deyir, b\u00fct\u00fcn d\u00fcnyaya qaz satan bir \u00f6lk\u0259nin v\u0259t\u0259nda\u015flar\u0131n\u0131n q\u0131\u015fda soyuqdan donmas\u0131 g\u00fclm\u0259li s\u0259sl\u0259nir, ancaq bel\u0259dir:\n<\/p>\n<p>\n  \u201cDemirik ki, d\u00fcnyaya sat\u0131rsan, biz\u0259 qaz\u0131 pulsuz ver. Versin, pulu n\u0259dir \u00f6d\u0259yib, i\u015fl\u0259d\u0259k. Ancaq vermirl\u0259r. T\u0259s\u0259vv\u00fcr edin, q\u0131\u015fda birc\u0259 ota\u011f\u0131 q\u0131zd\u0131r\u0131ram v\u0259 ham\u0131m\u0131z y\u0131\u011f\u0131l\u0131r\u0131q ora. \u0130nan\u0131n, \u00e7ox \u0259ziyy\u0259tl\u0259, \u00e7\u0259tinlikl\u0259 ayda i\u015f\u0131\u011fa 60 manat verir\u0259m. \u015eikay\u0259t edirik, ancaq g\u0259lib baxan, yoxlayan, maraqlanan yoxdur\u201d.\n<\/p>\n<figure class=\"wp-block-image size-large\">\n  <img decoding=\"async\" src=\"https:\/\/www.meydan.tv\/az\/img_2600-jpg\/\" alt=\"img_2600.jpg\" class=\"wp-image-156039\"\/><figcaption>\n    T\u0259svir\u0259 X\u0259lilova<br \/>\n  <\/figcaption><\/figure>\n<p>\n  G\u00f6y\u00e7ay Rayon Qaz \u0130stismar\u0131 Sah\u0259sind\u0259n bildiribl\u0259r ki, Ziya B\u00fcnyadov 73 binas\u0131n\u0131n sakinl\u0259ri onlara da m\u00fcraci\u0259t edib:\n<\/p>\n<p>\n  \u201cAncaq o bina tam tikilib t\u0259hvil verilm\u0259mi\u015f insanlar ora k\u00f6\u00e7\u00fcbl\u0259r. Sonradan is\u0259 \u00f6zl\u0259ri b\u0259zi x\u0259tl\u0259r \u00e7\u0259kibl\u0259r. T\u0259hl\u00fck\u0259li ola bil\u0259r. G\u0259r\u0259k h\u0259min binaya yenid\u0259n x\u0259tl\u0259r \u00e7\u0259kilsin v\u0259 bu, vaxt alan prosesdir. Yazd\u0131qlar\u0131 n\u0259z\u0259r\u0259 al\u0131n\u0131b, ancaq t\u0259k bizlik olan m\u0259s\u0259l\u0259 deyil. F\u00f6vq\u0259lad\u0259 Hallar Nazirliyi d\u0259 yoxlamal\u0131d\u0131r, g\u00f6r\u0259k bu binaya qaz verm\u0259k olar, yay ox. T\u0259hl\u00fck\u0259sizdirs\u0259, \u00e7\u0259kil\u0259 bil\u0259r. Y\u0259ni t\u0259kc\u0259 biziml\u0259 ba\u011fl\u0131 bir m\u0259s\u0259l\u0259 deyil\u201d.\n<\/p>\n<figure class=\"wp-block-image size-large\">\n  <img decoding=\"async\" src=\"https:\/\/www.meydan.tv\/az\/img_2613-jpg\/\" alt=\"img_2613.jpg\" class=\"wp-image-156030\"\/><figcaption>\n    &#8220;Onun partlamas\u0131 n\u0259tic\u0259sind\u0259 yaralananlar, evi yananlar da olur, e\u015fidirik\u201d.<br \/>\n  <\/figcaption><\/figure>\n<figure class=\"wp-block-image size-large\">\n  <img decoding=\"async\" src=\"https:\/\/www.meydan.tv\/az\/img_2614-jpg\/\" alt=\"img_2614.jpg\" class=\"wp-image-156027\"\/><figcaption>\n    G\u00f6y\u00e7ay Rayon Qaz \u0130stismar\u0131 Sah\u0259si: \u201cAncaq o bina tam tikilib t\u0259hvil verilm\u0259mi\u015f insanlar ora k\u00f6\u00e7\u00fcbl\u0259r&#8221;<br \/>\n  <\/figcaption><\/figure>\n<figure class=\"wp-block-image size-large\">\n  <img decoding=\"async\" src=\"https:\/\/www.meydan.tv\/az\/img_2596-jpg\/\" alt=\"img_2596.jpg\" class=\"wp-image-156042\"\/><figcaption>\n    &#8220;T\u0259s\u0259vv\u00fcr edin, q\u0131\u015fda birc\u0259 ota\u011f\u0131 q\u0131zd\u0131r\u0131ram v\u0259 ham\u0131m\u0131z y\u0131\u011f\u0131l\u0131r\u0131q ora&#8221;.<br \/>\n  <\/figcaption><\/figure>\n","protected":false},"excerpt":{"rendered":"<p>&#8220;M\u0259cburuq ya elektrik sobalar\u0131ndan istifad\u0259 ed\u0259k, ya da odun yand\u0131raq&#8221;<\/p>\n","protected":false},"author":11,"featured_media":156024,"comment_status":"closed","ping_status":"open","sticky":false,"template":"","format":"standard","meta":{"_acf_changed":false,"_sitemap_exclude":false,"_sitemap_priority":"","_sitemap_frequency":"","footnotes":""},"categories":[60],"tags":[],"class_list":["post-204862","post","type-post","status-publish","format-standard","has-post-thumbnail","hentry","category-bolge","infinite-scroll-item","generate-columns","tablet-grid-50","mobile-grid-100","grid-parent","grid-33","no-featured-image-padding"],"acf":[],"yoast_head":"<!-- This site is optimized with the Yoast SEO plugin v27.5 - https:\/\/yoast.com\/product\/yoast-seo-wordpress\/ -->\n<title>\u201cRayonun m\u0259rk\u0259zind\u0259 bina odun sobas\u0131 il\u0259 q\u0131zd\u0131r\u0131l\u0131r\u201d - MEYDAN.TV<\/title>\n<meta name=\"robots\" content=\"index, follow, max-snippet:-1, max-image-preview:large, max-video-preview:-1\" \/>\n<link rel=\"canonical\" href=\"https:\/\/www.meydan.tv\/az\/article\/rayonun-merkezinde-bina-odun-sobasi-ile-qizdirilir\/\" \/>\n<meta property=\"og:locale\" content=\"az_AZ\" \/>\n<meta property=\"og:type\" content=\"article\" \/>\n<meta property=\"og:title\" content=\"\u201cRayonun m\u0259rk\u0259zind\u0259 bina odun sobas\u0131 il\u0259 q\u0131zd\u0131r\u0131l\u0131r\u201d - MEYDAN.TV\" \/>\n<meta property=\"og:description\" content=\"&quot;M\u0259cburuq ya elektrik sobalar\u0131ndan istifad\u0259 ed\u0259k, ya da odun yand\u0131raq&quot;\" \/>\n<meta property=\"og:url\" content=\"https:\/\/www.meydan.tv\/az\/article\/rayonun-merkezinde-bina-odun-sobasi-ile-qizdirilir\/\" \/>\n<meta property=\"og:site_name\" content=\"MEYDAN.TV\" \/>\n<meta property=\"article:published_time\" content=\"2021-02-08T14:52:57+00:00\" \/>\n<meta property=\"og:image\" content=\"https:\/\/www.meydan.tv\/wp-content\/uploads\/img_2608-scaled.jpg\" \/>\n\t<meta property=\"og:image:width\" content=\"2560\" \/>\n\t<meta property=\"og:image:height\" content=\"1920\" \/>\n\t<meta property=\"og:image:type\" content=\"image\/jpeg\" \/>\n<meta name=\"author\" content=\"user-manager\" \/>\n<meta name=\"twitter:card\" content=\"summary_large_image\" \/>\n<script type=\"application\/ld+json\" class=\"yoast-schema-graph\">{\"@context\":\"https:\\\/\\\/schema.org\",\"@graph\":[{\"@type\":\"Article\",\"@id\":\"https:\\\/\\\/www.meydan.tv\\\/az\\\/article\\\/rayonun-merkezinde-bina-odun-sobasi-ile-qizdirilir\\\/#article\",\"isPartOf\":{\"@id\":\"https:\\\/\\\/www.meydan.tv\\\/az\\\/article\\\/rayonun-merkezinde-bina-odun-sobasi-ile-qizdirilir\\\/\"},\"author\":{\"name\":\"user-manager\",\"@id\":\"https:\\\/\\\/www.meydan.tv\\\/az\\\/#\\\/schema\\\/person\\\/10d11eccf6da3662cf5fdab9806ea91a\"},\"headline\":\"\u201cRayonun m\u0259rk\u0259zind\u0259 bina odun sobas\u0131 il\u0259 q\u0131zd\u0131r\u0131l\u0131r\u201d\",\"datePublished\":\"2021-02-08T14:52:57+00:00\",\"mainEntityOfPage\":{\"@id\":\"https:\\\/\\\/www.meydan.tv\\\/az\\\/article\\\/rayonun-merkezinde-bina-odun-sobasi-ile-qizdirilir\\\/\"},\"wordCount\":815,\"publisher\":{\"@id\":\"https:\\\/\\\/www.meydan.tv\\\/az\\\/#organization\"},\"image\":{\"@id\":\"https:\\\/\\\/www.meydan.tv\\\/az\\\/article\\\/rayonun-merkezinde-bina-odun-sobasi-ile-qizdirilir\\\/#primaryimage\"},\"thumbnailUrl\":\"https:\\\/\\\/www.meydan.tv\\\/wp-content\\\/uploads\\\/img_2608-scaled.jpg\",\"articleSection\":[\"B\u00f6lg\u0259\"],\"inLanguage\":\"az\"},{\"@type\":\"WebPage\",\"@id\":\"https:\\\/\\\/www.meydan.tv\\\/az\\\/article\\\/rayonun-merkezinde-bina-odun-sobasi-ile-qizdirilir\\\/\",\"url\":\"https:\\\/\\\/www.meydan.tv\\\/az\\\/article\\\/rayonun-merkezinde-bina-odun-sobasi-ile-qizdirilir\\\/\",\"name\":\"\u201cRayonun m\u0259rk\u0259zind\u0259 bina odun sobas\u0131 il\u0259 q\u0131zd\u0131r\u0131l\u0131r\u201d - MEYDAN.TV\",\"isPartOf\":{\"@id\":\"https:\\\/\\\/www.meydan.tv\\\/az\\\/#website\"},\"primaryImageOfPage\":{\"@id\":\"https:\\\/\\\/www.meydan.tv\\\/az\\\/article\\\/rayonun-merkezinde-bina-odun-sobasi-ile-qizdirilir\\\/#primaryimage\"},\"image\":{\"@id\":\"https:\\\/\\\/www.meydan.tv\\\/az\\\/article\\\/rayonun-merkezinde-bina-odun-sobasi-ile-qizdirilir\\\/#primaryimage\"},\"thumbnailUrl\":\"https:\\\/\\\/www.meydan.tv\\\/wp-content\\\/uploads\\\/img_2608-scaled.jpg\",\"datePublished\":\"2021-02-08T14:52:57+00:00\",\"breadcrumb\":{\"@id\":\"https:\\\/\\\/www.meydan.tv\\\/az\\\/article\\\/rayonun-merkezinde-bina-odun-sobasi-ile-qizdirilir\\\/#breadcrumb\"},\"inLanguage\":\"az\",\"potentialAction\":[{\"@type\":\"ReadAction\",\"target\":[\"https:\\\/\\\/www.meydan.tv\\\/az\\\/article\\\/rayonun-merkezinde-bina-odun-sobasi-ile-qizdirilir\\\/\"]}]},{\"@type\":\"ImageObject\",\"inLanguage\":\"az\",\"@id\":\"https:\\\/\\\/www.meydan.tv\\\/az\\\/article\\\/rayonun-merkezinde-bina-odun-sobasi-ile-qizdirilir\\\/#primaryimage\",\"url\":\"https:\\\/\\\/www.meydan.tv\\\/wp-content\\\/uploads\\\/img_2608-scaled.jpg\",\"contentUrl\":\"https:\\\/\\\/www.meydan.tv\\\/wp-content\\\/uploads\\\/img_2608-scaled.jpg\",\"width\":2560,\"height\":1920,\"caption\":\"Source: Specify Source\"},{\"@type\":\"BreadcrumbList\",\"@id\":\"https:\\\/\\\/www.meydan.tv\\\/az\\\/article\\\/rayonun-merkezinde-bina-odun-sobasi-ile-qizdirilir\\\/#breadcrumb\",\"itemListElement\":[{\"@type\":\"ListItem\",\"position\":1,\"name\":\"Ana s\u0259hif\u0259\",\"item\":\"https:\\\/\\\/www.meydan.tv\\\/az\\\/\"},{\"@type\":\"ListItem\",\"position\":2,\"name\":\"B\u00f6lg\u0259\",\"item\":\"https:\\\/\\\/www.meydan.tv\\\/az\\\/section\\\/bolge\\\/\"},{\"@type\":\"ListItem\",\"position\":3,\"name\":\"\u201cRayonun m\u0259rk\u0259zind\u0259 bina odun sobas\u0131 il\u0259 q\u0131zd\u0131r\u0131l\u0131r\u201d\"}]},{\"@type\":\"WebSite\",\"@id\":\"https:\\\/\\\/www.meydan.tv\\\/az\\\/#website\",\"url\":\"https:\\\/\\\/www.meydan.tv\\\/az\\\/\",\"name\":\"MEYDAN.TV\",\"description\":\"Meydan TV Az\u0259rbaycan\u0131n media m\u0259kan\u0131ndak\u0131 alternativ s\u0259sidir\",\"publisher\":{\"@id\":\"https:\\\/\\\/www.meydan.tv\\\/az\\\/#organization\"},\"potentialAction\":[{\"@type\":\"SearchAction\",\"target\":{\"@type\":\"EntryPoint\",\"urlTemplate\":\"https:\\\/\\\/www.meydan.tv\\\/az\\\/?s={search_term_string}\"},\"query-input\":{\"@type\":\"PropertyValueSpecification\",\"valueRequired\":true,\"valueName\":\"search_term_string\"}}],\"inLanguage\":\"az\"},{\"@type\":\"Organization\",\"@id\":\"https:\\\/\\\/www.meydan.tv\\\/az\\\/#organization\",\"name\":\"Meydan TV\",\"url\":\"https:\\\/\\\/www.meydan.tv\\\/az\\\/\",\"logo\":{\"@type\":\"ImageObject\",\"inLanguage\":\"az\",\"@id\":\"https:\\\/\\\/www.meydan.tv\\\/az\\\/#\\\/schema\\\/logo\\\/image\\\/\",\"url\":\"https:\\\/\\\/www.meydan.tv\\\/wp-content\\\/uploads\\\/2021\\\/07\\\/meydan-logo.svg\",\"contentUrl\":\"https:\\\/\\\/www.meydan.tv\\\/wp-content\\\/uploads\\\/2021\\\/07\\\/meydan-logo.svg\",\"width\":195,\"height\":46,\"caption\":\"Meydan TV\"},\"image\":{\"@id\":\"https:\\\/\\\/www.meydan.tv\\\/az\\\/#\\\/schema\\\/logo\\\/image\\\/\"}},{\"@type\":\"Person\",\"@id\":\"https:\\\/\\\/www.meydan.tv\\\/az\\\/#\\\/schema\\\/person\\\/10d11eccf6da3662cf5fdab9806ea91a\",\"name\":\"user-manager\"}]}<\/script>\n<!-- \/ Yoast SEO plugin. -->","yoast_head_json":{"title":"\u201cRayonun m\u0259rk\u0259zind\u0259 bina odun sobas\u0131 il\u0259 q\u0131zd\u0131r\u0131l\u0131r\u201d - MEYDAN.TV","robots":{"index":"index","follow":"follow","max-snippet":"max-snippet:-1","max-image-preview":"max-image-preview:large","max-video-preview":"max-video-preview:-1"},"canonical":"https:\/\/www.meydan.tv\/az\/article\/rayonun-merkezinde-bina-odun-sobasi-ile-qizdirilir\/","og_locale":"az_AZ","og_type":"article","og_title":"\u201cRayonun m\u0259rk\u0259zind\u0259 bina odun sobas\u0131 il\u0259 q\u0131zd\u0131r\u0131l\u0131r\u201d - MEYDAN.TV","og_description":"\"M\u0259cburuq ya elektrik sobalar\u0131ndan istifad\u0259 ed\u0259k, ya da odun yand\u0131raq\"","og_url":"https:\/\/www.meydan.tv\/az\/article\/rayonun-merkezinde-bina-odun-sobasi-ile-qizdirilir\/","og_site_name":"MEYDAN.TV","article_published_time":"2021-02-08T14:52:57+00:00","og_image":[{"width":2560,"height":1920,"url":"https:\/\/www.meydan.tv\/wp-content\/uploads\/img_2608-scaled.jpg","type":"image\/jpeg"}],"author":"user-manager","twitter_card":"summary_large_image","schema":{"@context":"https:\/\/schema.org","@graph":[{"@type":"Article","@id":"https:\/\/www.meydan.tv\/az\/article\/rayonun-merkezinde-bina-odun-sobasi-ile-qizdirilir\/#article","isPartOf":{"@id":"https:\/\/www.meydan.tv\/az\/article\/rayonun-merkezinde-bina-odun-sobasi-ile-qizdirilir\/"},"author":{"name":"user-manager","@id":"https:\/\/www.meydan.tv\/az\/#\/schema\/person\/10d11eccf6da3662cf5fdab9806ea91a"},"headline":"\u201cRayonun m\u0259rk\u0259zind\u0259 bina odun sobas\u0131 il\u0259 q\u0131zd\u0131r\u0131l\u0131r\u201d","datePublished":"2021-02-08T14:52:57+00:00","mainEntityOfPage":{"@id":"https:\/\/www.meydan.tv\/az\/article\/rayonun-merkezinde-bina-odun-sobasi-ile-qizdirilir\/"},"wordCount":815,"publisher":{"@id":"https:\/\/www.meydan.tv\/az\/#organization"},"image":{"@id":"https:\/\/www.meydan.tv\/az\/article\/rayonun-merkezinde-bina-odun-sobasi-ile-qizdirilir\/#primaryimage"},"thumbnailUrl":"https:\/\/www.meydan.tv\/wp-content\/uploads\/img_2608-scaled.jpg","articleSection":["B\u00f6lg\u0259"],"inLanguage":"az"},{"@type":"WebPage","@id":"https:\/\/www.meydan.tv\/az\/article\/rayonun-merkezinde-bina-odun-sobasi-ile-qizdirilir\/","url":"https:\/\/www.meydan.tv\/az\/article\/rayonun-merkezinde-bina-odun-sobasi-ile-qizdirilir\/","name":"\u201cRayonun m\u0259rk\u0259zind\u0259 bina odun sobas\u0131 il\u0259 q\u0131zd\u0131r\u0131l\u0131r\u201d - MEYDAN.TV","isPartOf":{"@id":"https:\/\/www.meydan.tv\/az\/#website"},"primaryImageOfPage":{"@id":"https:\/\/www.meydan.tv\/az\/article\/rayonun-merkezinde-bina-odun-sobasi-ile-qizdirilir\/#primaryimage"},"image":{"@id":"https:\/\/www.meydan.tv\/az\/article\/rayonun-merkezinde-bina-odun-sobasi-ile-qizdirilir\/#primaryimage"},"thumbnailUrl":"https:\/\/www.meydan.tv\/wp-content\/uploads\/img_2608-scaled.jpg","datePublished":"2021-02-08T14:52:57+00:00","breadcrumb":{"@id":"https:\/\/www.meydan.tv\/az\/article\/rayonun-merkezinde-bina-odun-sobasi-ile-qizdirilir\/#breadcrumb"},"inLanguage":"az","potentialAction":[{"@type":"ReadAction","target":["https:\/\/www.meydan.tv\/az\/article\/rayonun-merkezinde-bina-odun-sobasi-ile-qizdirilir\/"]}]},{"@type":"ImageObject","inLanguage":"az","@id":"https:\/\/www.meydan.tv\/az\/article\/rayonun-merkezinde-bina-odun-sobasi-ile-qizdirilir\/#primaryimage","url":"https:\/\/www.meydan.tv\/wp-content\/uploads\/img_2608-scaled.jpg","contentUrl":"https:\/\/www.meydan.tv\/wp-content\/uploads\/img_2608-scaled.jpg","width":2560,"height":1920,"caption":"Source: Specify Source"},{"@type":"BreadcrumbList","@id":"https:\/\/www.meydan.tv\/az\/article\/rayonun-merkezinde-bina-odun-sobasi-ile-qizdirilir\/#breadcrumb","itemListElement":[{"@type":"ListItem","position":1,"name":"Ana s\u0259hif\u0259","item":"https:\/\/www.meydan.tv\/az\/"},{"@type":"ListItem","position":2,"name":"B\u00f6lg\u0259","item":"https:\/\/www.meydan.tv\/az\/section\/bolge\/"},{"@type":"ListItem","position":3,"name":"\u201cRayonun m\u0259rk\u0259zind\u0259 bina odun sobas\u0131 il\u0259 q\u0131zd\u0131r\u0131l\u0131r\u201d"}]},{"@type":"WebSite","@id":"https:\/\/www.meydan.tv\/az\/#website","url":"https:\/\/www.meydan.tv\/az\/","name":"MEYDAN.TV","description":"Meydan TV Az\u0259rbaycan\u0131n media m\u0259kan\u0131ndak\u0131 alternativ s\u0259sidir","publisher":{"@id":"https:\/\/www.meydan.tv\/az\/#organization"},"potentialAction":[{"@type":"SearchAction","target":{"@type":"EntryPoint","urlTemplate":"https:\/\/www.meydan.tv\/az\/?s={search_term_string}"},"query-input":{"@type":"PropertyValueSpecification","valueRequired":true,"valueName":"search_term_string"}}],"inLanguage":"az"},{"@type":"Organization","@id":"https:\/\/www.meydan.tv\/az\/#organization","name":"Meydan TV","url":"https:\/\/www.meydan.tv\/az\/","logo":{"@type":"ImageObject","inLanguage":"az","@id":"https:\/\/www.meydan.tv\/az\/#\/schema\/logo\/image\/","url":"https:\/\/www.meydan.tv\/wp-content\/uploads\/2021\/07\/meydan-logo.svg","contentUrl":"https:\/\/www.meydan.tv\/wp-content\/uploads\/2021\/07\/meydan-logo.svg","width":195,"height":46,"caption":"Meydan TV"},"image":{"@id":"https:\/\/www.meydan.tv\/az\/#\/schema\/logo\/image\/"}},{"@type":"Person","@id":"https:\/\/www.meydan.tv\/az\/#\/schema\/person\/10d11eccf6da3662cf5fdab9806ea91a","name":"user-manager"}]}},"_links":{"self":[{"href":"https:\/\/www.meydan.tv\/az\/wp-json\/wp\/v2\/posts\/204862","targetHints":{"allow":["GET"]}}],"collection":[{"href":"https:\/\/www.meydan.tv\/az\/wp-json\/wp\/v2\/posts"}],"about":[{"href":"https:\/\/www.meydan.tv\/az\/wp-json\/wp\/v2\/types\/post"}],"author":[{"embeddable":true,"href":"https:\/\/www.meydan.tv\/az\/wp-json\/wp\/v2\/users\/11"}],"replies":[{"embeddable":true,"href":"https:\/\/www.meydan.tv\/az\/wp-json\/wp\/v2\/comments?post=204862"}],"version-history":[{"count":0,"href":"https:\/\/www.meydan.tv\/az\/wp-json\/wp\/v2\/posts\/204862\/revisions"}],"wp:featuredmedia":[{"embeddable":true,"href":"https:\/\/www.meydan.tv\/az\/wp-json\/wp\/v2\/media\/156024"}],"wp:attachment":[{"href":"https:\/\/www.meydan.tv\/az\/wp-json\/wp\/v2\/media?parent=204862"}],"wp:term":[{"taxonomy":"category","embeddable":true,"href":"https:\/\/www.meydan.tv\/az\/wp-json\/wp\/v2\/categories?post=204862"},{"taxonomy":"post_tag","embeddable":true,"href":"https:\/\/www.meydan.tv\/az\/wp-json\/wp\/v2\/tags?post=204862"}],"curies":[{"name":"wp","href":"https:\/\/api.w.org\/{rel}","templated":true}]}}